{"id":50537,"date":"2021-12-31T23:08:28","date_gmt":"2021-12-31T23:08:28","guid":{"rendered":"https:\/\/elregionalvm.com.ar\/noticias-villa-maria\/?p=50537"},"modified":"2021-12-31T23:08:29","modified_gmt":"2021-12-31T23:08:29","slug":"policiales-andaba-por-la-costanera-exhibiendo-un-arma-blanca","status":"publish","type":"post","link":"https:\/\/elregionalvm.com.ar\/noticias-villa-maria\/policiales-andaba-por-la-costanera-exhibiendo-un-arma-blanca\/","title":{"rendered":"Policiales: andaba por la costanera exhibiendo un arma blanca"},"content":{"rendered":"\n<p>Este viernes, alrededor de la 1 de la madrugada, en el sector costero denominado \u201cEl Gaucho\u201d efectivos policiales trasladaron a un joven de 22 a\u00f1os por estar manipulando una cuchilla, causando intranquilidad a los transe\u00fantes que denunciaron el hecho. <\/p>\n\n\n\n<p>Se procedi\u00f3 al secuestro del arma blanca y se labraron actuaciones contravencionales ante la Unidad Judicial Villa Mar\u00eda.<\/p>\n\n\n\n<div class=\"wp-block-image\"><figure class=\"aligncenter size-large is-resized\"><img data-recalc-dims=\"1\" fetchpriority=\"high\" decoding=\"async\" src=\"https:\/\/i0.wp.com\/elregionalvm.com.ar\/noticias-villa-maria\/wp-content\/uploads\/2021\/12\/WhatsApp-Image-2021-12-31-at-10.59.11-1.jpeg?resize=407%2C305&#038;ssl=1\" alt=\"\" class=\"wp-image-50539\" width=\"407\" height=\"305\" srcset=\"https:\/\/i0.wp.com\/elregionalvm.com.ar\/noticias-villa-maria\/wp-content\/uploads\/2021\/12\/WhatsApp-Image-2021-12-31-at-10.59.11-1.jpeg?resize=1024%2C768&amp;ssl=1 1024w, https:\/\/i0.wp.com\/elregionalvm.com.ar\/noticias-villa-maria\/wp-content\/uploads\/2021\/12\/WhatsApp-Image-2021-12-31-at-10.59.11-1.jpeg?resize=300%2C225&amp;ssl=1 300w, https:\/\/i0.wp.com\/elregionalvm.com.ar\/noticias-villa-maria\/wp-content\/uploads\/2021\/12\/WhatsApp-Image-2021-12-31-at-10.59.11-1.jpeg?resize=768%2C576&amp;ssl=1 768w, https:\/\/i0.wp.com\/elregionalvm.com.ar\/noticias-villa-maria\/wp-content\/uploads\/2021\/12\/WhatsApp-Image-2021-12-31-at-10.59.11-1.jpeg?resize=1536%2C1152&amp;ssl=1 1536w, https:\/\/i0.wp.com\/elregionalvm.com.ar\/noticias-villa-maria\/wp-content\/uploads\/2021\/12\/WhatsApp-Image-2021-12-31-at-10.59.11-1.jpeg?w=1600&amp;ssl=1 1600w\" sizes=\"(max-width: 407px) 100vw, 407px\" \/><\/figure><\/div>\n\n\n\n<p><strong>Villa Nueva: aprehensi\u00f3n por \u201crobo, en grado de tentativa\u201d<\/strong><\/p>\n\n\n\n<p>A las 06.15, la patrulla preventiva de Villa Nueva se constituy\u00f3 en el predio del Club Prado Espa\u00f1ol, y procedi\u00f3 al traslado de dos j\u00f3venes uno de 17 a\u00f1os de edad y otro de 14 a\u00f1os por el supuesto autor del delito robo, en grado de tentativa.<\/p>\n\n\n\n<p>Momentos previos, los sujetos hab\u00edan ingresado al predio trepando las rejas, sustrajeron\u00a0 una bicicleta tipo playera, elev\u00e1ndola a trav\u00e9s de la reja, para ser\u00a0 recibida por el otro masculino ubicado en el sector de la acera.<\/p>\n\n\n\n<p>Son observados por el personal de seguridad del predio, los que deponen de su accionar, emprendiendo ambos la fuga por calle Marcos Ju\u00e1rez, logrando la aprehensi\u00f3n de los antes mencionados en la intersecci\u00f3n de las calles Marcos Ju\u00e1rez y 9 de Julio. <\/p>\n\n\n\n<div class=\"wp-block-image\"><figure class=\"aligncenter size-large is-resized\"><img data-recalc-dims=\"1\" decoding=\"async\" src=\"https:\/\/i0.wp.com\/elregionalvm.com.ar\/noticias-villa-maria\/wp-content\/uploads\/2021\/12\/WhatsApp-Image-2021-12-31-at-11.55.49.jpeg?resize=501%2C670&#038;ssl=1\" alt=\"\" class=\"wp-image-50540\" width=\"501\" height=\"670\" srcset=\"https:\/\/i0.wp.com\/elregionalvm.com.ar\/noticias-villa-maria\/wp-content\/uploads\/2021\/12\/WhatsApp-Image-2021-12-31-at-11.55.49.jpeg?resize=766%2C1024&amp;ssl=1 766w, https:\/\/i0.wp.com\/elregionalvm.com.ar\/noticias-villa-maria\/wp-content\/uploads\/2021\/12\/WhatsApp-Image-2021-12-31-at-11.55.49.jpeg?resize=225%2C300&amp;ssl=1 225w, https:\/\/i0.wp.com\/elregionalvm.com.ar\/noticias-villa-maria\/wp-content\/uploads\/2021\/12\/WhatsApp-Image-2021-12-31-at-11.55.49.jpeg?resize=768%2C1026&amp;ssl=1 768w, https:\/\/i0.wp.com\/elregionalvm.com.ar\/noticias-villa-maria\/wp-content\/uploads\/2021\/12\/WhatsApp-Image-2021-12-31-at-11.55.49.jpeg?w=958&amp;ssl=1 958w\" sizes=\"(max-width: 501px) 100vw, 501px\" \/><\/figure><\/div>\n\n\n\n<p><strong>Villa Mar\u00eda: \u201cViolaci\u00f3n de domicilio\u201d<\/strong><\/p>\n\n\n\n<p>A las 06:15 de este viernes, la patrulla preventiva de Villa Mar\u00eda, procedi\u00f3 al traslado de un hombre de 32 a\u00f1os de edad, desde calle Corrientes al 2600, por\u00a0ser el supuesto autor del delito de \u201cviolaci\u00f3n de domicilio\u201d, por mediar violencia de g\u00e9nero, ya que en momento antes, una mujer de 29 a\u00f1os de edad manifest\u00f3 que su ex pareja, ingres\u00f3 a su domicilio por una ventana, invadiendo su\u00a0 privacidad. Se labraron actuaciones, con intervenci\u00f3n de la fiscal\u00eda de turno.<\/p>\n\n\n\n<div class=\"wp-block-image\"><figure class=\"aligncenter size-large is-resized\"><img data-recalc-dims=\"1\" decoding=\"async\" src=\"https:\/\/i0.wp.com\/elregionalvm.com.ar\/noticias-villa-maria\/wp-content\/uploads\/2021\/12\/WhatsApp-Image-2021-12-31-at-11.56.41.jpeg?resize=479%2C395&#038;ssl=1\" alt=\"\" class=\"wp-image-50541\" width=\"479\" height=\"395\" srcset=\"https:\/\/i0.wp.com\/elregionalvm.com.ar\/noticias-villa-maria\/wp-content\/uploads\/2021\/12\/WhatsApp-Image-2021-12-31-at-11.56.41.jpeg?resize=1024%2C847&amp;ssl=1 1024w, https:\/\/i0.wp.com\/elregionalvm.com.ar\/noticias-villa-maria\/wp-content\/uploads\/2021\/12\/WhatsApp-Image-2021-12-31-at-11.56.41.jpeg?resize=300%2C248&amp;ssl=1 300w, https:\/\/i0.wp.com\/elregionalvm.com.ar\/noticias-villa-maria\/wp-content\/uploads\/2021\/12\/WhatsApp-Image-2021-12-31-at-11.56.41.jpeg?resize=768%2C635&amp;ssl=1 768w, https:\/\/i0.wp.com\/elregionalvm.com.ar\/noticias-villa-maria\/wp-content\/uploads\/2021\/12\/WhatsApp-Image-2021-12-31-at-11.56.41.jpeg?w=1280&amp;ssl=1 1280w\" sizes=\"(max-width: 479px) 100vw, 479px\" \/><\/figure><\/div>\n","protected":false},"excerpt":{"rendered":"<p>Este viernes, alrededor de la 1 de la madrugada, en el sector costero denominado \u201cEl Gaucho\u201d efectivos policiales trasladaron a un joven de 22 a\u00f1os por estar manipulando una cuchilla, causando intranquilidad a los transe\u00fantes que denunciaron el hecho. Se procedi\u00f3 al secuestro del arma blanca y se labraron actuaciones contravencionales ante la Unidad Judicial [&hellip;]<\/p>\n","protected":false},"author":4,"featured_media":50538,"comment_status":"open","ping_status":"open","sticky":false,"template":"","format":"standard","meta":{"site-sidebar-layout":"default","site-content-layout":"default","ast-site-content-layout":"default","site-content-style":"default","site-sidebar-style":"default","ast-global-header-display":"","ast-banner-title-visibility":"","ast-main-header-display":"","ast-hfb-above-header-display":"","ast-hfb-below-header-display":"","ast-hfb-mobile-header-display":"","site-post-title":"","ast-breadcrumbs-content":"","ast-featured-img":"","footer-sml-layout":"","ast-disable-related-posts":"","theme-transparent-header-meta":"default","adv-header-id-meta":"","stick-header-meta":"","header-above-stick-meta":"","header-main-stick-meta":"","header-below-stick-meta":"","astra-migrate-meta-layouts":"default","ast-page-background-enabled":"default","ast-page-background-meta":{"desktop":{"background-color":"","background-image":"","background-repeat":"repeat","background-position":"center center","background-size":"auto","background-attachment":"scroll","background-type":"","background-media":"","overlay-type":"","overlay-color":"","overlay-opacity":"","overlay-gradient":""},"tablet":{"background-color":"","background-image":"","background-repeat":"repeat","background-position":"center center","background-size":"auto","background-attachment":"scroll","background-type":"","background-media":"","overlay-type":"","overlay-color":"","overlay-opacity":"","overlay-gradient":""},"mobile":{"background-color":"","background-image":"","background-repeat":"repeat","background-position":"center center","background-size":"auto","background-attachment":"scroll","background-type":"","background-media":"","overlay-type":"","overlay-color":"","overlay-opacity":"","overlay-gradient":""}},"ast-content-background-meta":{"desktop":{"background-color":"var(--ast-global-color-5)","background-image":"","background-repeat":"repeat","background-position":"center center","background-size":"auto","background-attachment":"scroll","background-type":"","background-media":"","overlay-type":"","overlay-color":"","overlay-opacity":"","overlay-gradient":""},"tablet":{"background-color":"var(--ast-global-color-5)","background-image":"","background-repeat":"repeat","background-position":"center center","background-size":"auto","background-attachment":"scroll","background-type":"","background-media":"","overlay-type":"","overlay-color":"","overlay-opacity":"","overlay-gradient":""},"mobile":{"background-color":"var(--ast-global-color-5)","background-image":"","background-repeat":"repeat","background-position":"center center","background-size":"auto","background-attachment":"scroll","background-type":"","background-media":"","overlay-type":"","overlay-color":"","overlay-opacity":"","overlay-gradient":""}},"_jetpack_memberships_contains_paid_content":false,"_joinchat":[],"footnotes":""},"categories":[2234],"tags":[12681,1232,2417,741,2504],"class_list":["post-50537","post","type-post","status-publish","format-standard","has-post-thumbnail","hentry","category-policiales","tag-arma-blanca","tag-destacado","tag-detenciones","tag-policiales","tag-varios-hechos"],"yoast_head":"<!-- This site is optimized with the Yoast SEO plugin v26.8 - https:\/\/yoast.com\/product\/yoast-seo-wordpress\/ -->\n<title>Policiales: andaba por la costanera exhibiendo un arma blanca - El Regional<\/title>\n<meta name=\"robots\" content=\"index, follow, max-snippet:-1, max-image-preview:large, max-video-preview:-1\" \/>\n<link rel=\"canonical\" href=\"http:\/\/elregionalvm.com.ar\/noticias-villa-maria\/policiales-andaba-por-la-costanera-exhibiendo-un-arma-blanca\/\" \/>\n<meta property=\"og:locale\" content=\"es_ES\" \/>\n<meta property=\"og:type\" content=\"article\" \/>\n<meta property=\"og:title\" content=\"Policiales: andaba por la costanera exhibiendo un arma blanca - El Regional\" \/>\n<meta property=\"og:description\" content=\"Este viernes, alrededor de la 1 de la madrugada, en el sector costero denominado \u201cEl Gaucho\u201d efectivos policiales trasladaron a un joven de 22 a\u00f1os por estar manipulando una cuchilla, causando intranquilidad a los transe\u00fantes que denunciaron el hecho. Se procedi\u00f3 al secuestro del arma blanca y se labraron actuaciones contravencionales ante la Unidad Judicial [&hellip;]\" \/>\n<meta property=\"og:url\" content=\"http:\/\/elregionalvm.com.ar\/noticias-villa-maria\/policiales-andaba-por-la-costanera-exhibiendo-un-arma-blanca\/\" \/>\n<meta property=\"og:site_name\" content=\"El Regional\" \/>\n<meta property=\"article:publisher\" content=\"https:\/\/www.facebook.com\/elregionalvm\" \/>\n<meta property=\"article:published_time\" content=\"2021-12-31T23:08:28+00:00\" \/>\n<meta property=\"article:modified_time\" content=\"2021-12-31T23:08:29+00:00\" \/>\n<meta property=\"og:image\" content=\"http:\/\/elregionalvm.com.ar\/noticias-villa-maria\/wp-content\/uploads\/2021\/12\/WhatsApp-Image-2021-12-31-at-10.59.11.jpeg\" \/>\n\t<meta property=\"og:image:width\" content=\"1600\" \/>\n\t<meta property=\"og:image:height\" content=\"1200\" \/>\n\t<meta property=\"og:image:type\" content=\"image\/jpeg\" \/>\n<meta name=\"author\" content=\"Contenidos El Regional\" \/>\n<meta name=\"twitter:card\" content=\"summary_large_image\" \/>\n<meta name=\"twitter:creator\" content=\"@elregionalvm1\" \/>\n<meta name=\"twitter:site\" content=\"@elregionalvm1\" \/>\n<meta name=\"twitter:label1\" content=\"Escrito por\" \/>\n\t<meta name=\"twitter:data1\" content=\"Contenidos El Regional\" \/>\n\t<meta name=\"twitter:label2\" content=\"Tiempo de lectura\" \/>\n\t<meta name=\"twitter:data2\" content=\"2 minutos\" \/>\n<script type=\"application\/ld+json\" class=\"yoast-schema-graph\">{\"@context\":\"https:\/\/schema.org\",\"@graph\":[{\"@type\":\"Article\",\"@id\":\"http:\/\/elregionalvm.com.ar\/noticias-villa-maria\/policiales-andaba-por-la-costanera-exhibiendo-un-arma-blanca\/#article\",\"isPartOf\":{\"@id\":\"http:\/\/elregionalvm.com.ar\/noticias-villa-maria\/policiales-andaba-por-la-costanera-exhibiendo-un-arma-blanca\/\"},\"author\":{\"name\":\"Contenidos El Regional\",\"@id\":\"http:\/\/elregionalvm.com.ar\/noticias-villa-maria\/#\/schema\/person\/a0fb9c422317faca23d50163151bc354\"},\"headline\":\"Policiales: andaba por la costanera exhibiendo un arma blanca\",\"datePublished\":\"2021-12-31T23:08:28+00:00\",\"dateModified\":\"2021-12-31T23:08:29+00:00\",\"mainEntityOfPage\":{\"@id\":\"http:\/\/elregionalvm.com.ar\/noticias-villa-maria\/policiales-andaba-por-la-costanera-exhibiendo-un-arma-blanca\/\"},\"wordCount\":300,\"commentCount\":0,\"image\":{\"@id\":\"http:\/\/elregionalvm.com.ar\/noticias-villa-maria\/policiales-andaba-por-la-costanera-exhibiendo-un-arma-blanca\/#primaryimage\"},\"thumbnailUrl\":\"https:\/\/i0.wp.com\/elregionalvm.com.ar\/noticias-villa-maria\/wp-content\/uploads\/2021\/12\/WhatsApp-Image-2021-12-31-at-10.59.11.jpeg?fit=1600%2C1200&ssl=1\",\"keywords\":[\"arma blanca\",\"destacado\",\"detenciones\",\"Policiales\",\"varios hechos\"],\"articleSection\":[\"Policiales\"],\"inLanguage\":\"es\",\"potentialAction\":[{\"@type\":\"CommentAction\",\"name\":\"Comment\",\"target\":[\"http:\/\/elregionalvm.com.ar\/noticias-villa-maria\/policiales-andaba-por-la-costanera-exhibiendo-un-arma-blanca\/#respond\"]}]},{\"@type\":\"WebPage\",\"@id\":\"http:\/\/elregionalvm.com.ar\/noticias-villa-maria\/policiales-andaba-por-la-costanera-exhibiendo-un-arma-blanca\/\",\"url\":\"http:\/\/elregionalvm.com.ar\/noticias-villa-maria\/policiales-andaba-por-la-costanera-exhibiendo-un-arma-blanca\/\",\"name\":\"Policiales: andaba por la costanera exhibiendo un arma blanca - El Regional\",\"isPartOf\":{\"@id\":\"http:\/\/elregionalvm.com.ar\/noticias-villa-maria\/#website\"},\"primaryImageOfPage\":{\"@id\":\"http:\/\/elregionalvm.com.ar\/noticias-villa-maria\/policiales-andaba-por-la-costanera-exhibiendo-un-arma-blanca\/#primaryimage\"},\"image\":{\"@id\":\"http:\/\/elregionalvm.com.ar\/noticias-villa-maria\/policiales-andaba-por-la-costanera-exhibiendo-un-arma-blanca\/#primaryimage\"},\"thumbnailUrl\":\"https:\/\/i0.wp.com\/elregionalvm.com.ar\/noticias-villa-maria\/wp-content\/uploads\/2021\/12\/WhatsApp-Image-2021-12-31-at-10.59.11.jpeg?fit=1600%2C1200&ssl=1\",\"datePublished\":\"2021-12-31T23:08:28+00:00\",\"dateModified\":\"2021-12-31T23:08:29+00:00\",\"author\":{\"@id\":\"http:\/\/elregionalvm.com.ar\/noticias-villa-maria\/#\/schema\/person\/a0fb9c422317faca23d50163151bc354\"},\"breadcrumb\":{\"@id\":\"http:\/\/elregionalvm.com.ar\/noticias-villa-maria\/policiales-andaba-por-la-costanera-exhibiendo-un-arma-blanca\/#breadcrumb\"},\"inLanguage\":\"es\",\"potentialAction\":[{\"@type\":\"ReadAction\",\"target\":[\"http:\/\/elregionalvm.com.ar\/noticias-villa-maria\/policiales-andaba-por-la-costanera-exhibiendo-un-arma-blanca\/\"]}]},{\"@type\":\"ImageObject\",\"inLanguage\":\"es\",\"@id\":\"http:\/\/elregionalvm.com.ar\/noticias-villa-maria\/policiales-andaba-por-la-costanera-exhibiendo-un-arma-blanca\/#primaryimage\",\"url\":\"https:\/\/i0.wp.com\/elregionalvm.com.ar\/noticias-villa-maria\/wp-content\/uploads\/2021\/12\/WhatsApp-Image-2021-12-31-at-10.59.11.jpeg?fit=1600%2C1200&ssl=1\",\"contentUrl\":\"https:\/\/i0.wp.com\/elregionalvm.com.ar\/noticias-villa-maria\/wp-content\/uploads\/2021\/12\/WhatsApp-Image-2021-12-31-at-10.59.11.jpeg?fit=1600%2C1200&ssl=1\",\"width\":1600,\"height\":1200},{\"@type\":\"BreadcrumbList\",\"@id\":\"http:\/\/elregionalvm.com.ar\/noticias-villa-maria\/policiales-andaba-por-la-costanera-exhibiendo-un-arma-blanca\/#breadcrumb\",\"itemListElement\":[{\"@type\":\"ListItem\",\"position\":1,\"name\":\"Portada\",\"item\":\"https:\/\/elregionalvm.com.ar\/noticias-villa-maria\/\"},{\"@type\":\"ListItem\",\"position\":2,\"name\":\"Policiales: andaba por la costanera exhibiendo un arma blanca\"}]},{\"@type\":\"WebSite\",\"@id\":\"http:\/\/elregionalvm.com.ar\/noticias-villa-maria\/#website\",\"url\":\"http:\/\/elregionalvm.com.ar\/noticias-villa-maria\/\",\"name\":\"El Regional\",\"description\":\"Mucho m\u00e1s que informaci\u00f3n\",\"potentialAction\":[{\"@type\":\"SearchAction\",\"target\":{\"@type\":\"EntryPoint\",\"urlTemplate\":\"http:\/\/elregionalvm.com.ar\/noticias-villa-maria\/?s={search_term_string}\"},\"query-input\":{\"@type\":\"PropertyValueSpecification\",\"valueRequired\":true,\"valueName\":\"search_term_string\"}}],\"inLanguage\":\"es\"},{\"@type\":\"Person\",\"@id\":\"http:\/\/elregionalvm.com.ar\/noticias-villa-maria\/#\/schema\/person\/a0fb9c422317faca23d50163151bc354\",\"name\":\"Contenidos El Regional\",\"image\":{\"@type\":\"ImageObject\",\"inLanguage\":\"es\",\"@id\":\"http:\/\/elregionalvm.com.ar\/noticias-villa-maria\/#\/schema\/person\/image\/\",\"url\":\"https:\/\/secure.gravatar.com\/avatar\/265b27cb2209af7bb3a1318f03305787d7981a5cc6e6cd08fe5a4ecdf99d4b48?s=96&d=mm&r=g\",\"contentUrl\":\"https:\/\/secure.gravatar.com\/avatar\/265b27cb2209af7bb3a1318f03305787d7981a5cc6e6cd08fe5a4ecdf99d4b48?s=96&d=mm&r=g\",\"caption\":\"Contenidos El Regional\"},\"url\":\"https:\/\/elregionalvm.com.ar\/noticias-villa-maria\/author\/contenido\/\"}]}<\/script>\n<!-- \/ Yoast SEO plugin. -->","yoast_head_json":{"title":"Policiales: andaba por la costanera exhibiendo un arma blanca - El Regional","robots":{"index":"index","follow":"follow","max-snippet":"max-snippet:-1","max-image-preview":"max-image-preview:large","max-video-preview":"max-video-preview:-1"},"canonical":"http:\/\/elregionalvm.com.ar\/noticias-villa-maria\/policiales-andaba-por-la-costanera-exhibiendo-un-arma-blanca\/","og_locale":"es_ES","og_type":"article","og_title":"Policiales: andaba por la costanera exhibiendo un arma blanca - El Regional","og_description":"Este viernes, alrededor de la 1 de la madrugada, en el sector costero denominado \u201cEl Gaucho\u201d efectivos policiales trasladaron a un joven de 22 a\u00f1os por estar manipulando una cuchilla, causando intranquilidad a los transe\u00fantes que denunciaron el hecho. Se procedi\u00f3 al secuestro del arma blanca y se labraron actuaciones contravencionales ante la Unidad Judicial [&hellip;]","og_url":"http:\/\/elregionalvm.com.ar\/noticias-villa-maria\/policiales-andaba-por-la-costanera-exhibiendo-un-arma-blanca\/","og_site_name":"El Regional","article_publisher":"https:\/\/www.facebook.com\/elregionalvm","article_published_time":"2021-12-31T23:08:28+00:00","article_modified_time":"2021-12-31T23:08:29+00:00","og_image":[{"width":1600,"height":1200,"url":"http:\/\/elregionalvm.com.ar\/noticias-villa-maria\/wp-content\/uploads\/2021\/12\/WhatsApp-Image-2021-12-31-at-10.59.11.jpeg","type":"image\/jpeg"}],"author":"Contenidos El Regional","twitter_card":"summary_large_image","twitter_creator":"@elregionalvm1","twitter_site":"@elregionalvm1","twitter_misc":{"Escrito por":"Contenidos El Regional","Tiempo de lectura":"2 minutos"},"schema":{"@context":"https:\/\/schema.org","@graph":[{"@type":"Article","@id":"http:\/\/elregionalvm.com.ar\/noticias-villa-maria\/policiales-andaba-por-la-costanera-exhibiendo-un-arma-blanca\/#article","isPartOf":{"@id":"http:\/\/elregionalvm.com.ar\/noticias-villa-maria\/policiales-andaba-por-la-costanera-exhibiendo-un-arma-blanca\/"},"author":{"name":"Contenidos El Regional","@id":"http:\/\/elregionalvm.com.ar\/noticias-villa-maria\/#\/schema\/person\/a0fb9c422317faca23d50163151bc354"},"headline":"Policiales: andaba por la costanera exhibiendo un arma blanca","datePublished":"2021-12-31T23:08:28+00:00","dateModified":"2021-12-31T23:08:29+00:00","mainEntityOfPage":{"@id":"http:\/\/elregionalvm.com.ar\/noticias-villa-maria\/policiales-andaba-por-la-costanera-exhibiendo-un-arma-blanca\/"},"wordCount":300,"commentCount":0,"image":{"@id":"http:\/\/elregionalvm.com.ar\/noticias-villa-maria\/policiales-andaba-por-la-costanera-exhibiendo-un-arma-blanca\/#primaryimage"},"thumbnailUrl":"https:\/\/i0.wp.com\/elregionalvm.com.ar\/noticias-villa-maria\/wp-content\/uploads\/2021\/12\/WhatsApp-Image-2021-12-31-at-10.59.11.jpeg?fit=1600%2C1200&ssl=1","keywords":["arma blanca","destacado","detenciones","Policiales","varios hechos"],"articleSection":["Policiales"],"inLanguage":"es","potentialAction":[{"@type":"CommentAction","name":"Comment","target":["http:\/\/elregionalvm.com.ar\/noticias-villa-maria\/policiales-andaba-por-la-costanera-exhibiendo-un-arma-blanca\/#respond"]}]},{"@type":"WebPage","@id":"http:\/\/elregionalvm.com.ar\/noticias-villa-maria\/policiales-andaba-por-la-costanera-exhibiendo-un-arma-blanca\/","url":"http:\/\/elregionalvm.com.ar\/noticias-villa-maria\/policiales-andaba-por-la-costanera-exhibiendo-un-arma-blanca\/","name":"Policiales: andaba por la costanera exhibiendo un arma blanca - El Regional","isPartOf":{"@id":"http:\/\/elregionalvm.com.ar\/noticias-villa-maria\/#website"},"primaryImageOfPage":{"@id":"http:\/\/elregionalvm.com.ar\/noticias-villa-maria\/policiales-andaba-por-la-costanera-exhibiendo-un-arma-blanca\/#primaryimage"},"image":{"@id":"http:\/\/elregionalvm.com.ar\/noticias-villa-maria\/policiales-andaba-por-la-costanera-exhibiendo-un-arma-blanca\/#primaryimage"},"thumbnailUrl":"https:\/\/i0.wp.com\/elregionalvm.com.ar\/noticias-villa-maria\/wp-content\/uploads\/2021\/12\/WhatsApp-Image-2021-12-31-at-10.59.11.jpeg?fit=1600%2C1200&ssl=1","datePublished":"2021-12-31T23:08:28+00:00","dateModified":"2021-12-31T23:08:29+00:00","author":{"@id":"http:\/\/elregionalvm.com.ar\/noticias-villa-maria\/#\/schema\/person\/a0fb9c422317faca23d50163151bc354"},"breadcrumb":{"@id":"http:\/\/elregionalvm.com.ar\/noticias-villa-maria\/policiales-andaba-por-la-costanera-exhibiendo-un-arma-blanca\/#breadcrumb"},"inLanguage":"es","potentialAction":[{"@type":"ReadAction","target":["http:\/\/elregionalvm.com.ar\/noticias-villa-maria\/policiales-andaba-por-la-costanera-exhibiendo-un-arma-blanca\/"]}]},{"@type":"ImageObject","inLanguage":"es","@id":"http:\/\/elregionalvm.com.ar\/noticias-villa-maria\/policiales-andaba-por-la-costanera-exhibiendo-un-arma-blanca\/#primaryimage","url":"https:\/\/i0.wp.com\/elregionalvm.com.ar\/noticias-villa-maria\/wp-content\/uploads\/2021\/12\/WhatsApp-Image-2021-12-31-at-10.59.11.jpeg?fit=1600%2C1200&ssl=1","contentUrl":"https:\/\/i0.wp.com\/elregionalvm.com.ar\/noticias-villa-maria\/wp-content\/uploads\/2021\/12\/WhatsApp-Image-2021-12-31-at-10.59.11.jpeg?fit=1600%2C1200&ssl=1","width":1600,"height":1200},{"@type":"BreadcrumbList","@id":"http:\/\/elregionalvm.com.ar\/noticias-villa-maria\/policiales-andaba-por-la-costanera-exhibiendo-un-arma-blanca\/#breadcrumb","itemListElement":[{"@type":"ListItem","position":1,"name":"Portada","item":"https:\/\/elregionalvm.com.ar\/noticias-villa-maria\/"},{"@type":"ListItem","position":2,"name":"Policiales: andaba por la costanera exhibiendo un arma blanca"}]},{"@type":"WebSite","@id":"http:\/\/elregionalvm.com.ar\/noticias-villa-maria\/#website","url":"http:\/\/elregionalvm.com.ar\/noticias-villa-maria\/","name":"El Regional","description":"Mucho m\u00e1s que informaci\u00f3n","potentialAction":[{"@type":"SearchAction","target":{"@type":"EntryPoint","urlTemplate":"http:\/\/elregionalvm.com.ar\/noticias-villa-maria\/?s={search_term_string}"},"query-input":{"@type":"PropertyValueSpecification","valueRequired":true,"valueName":"search_term_string"}}],"inLanguage":"es"},{"@type":"Person","@id":"http:\/\/elregionalvm.com.ar\/noticias-villa-maria\/#\/schema\/person\/a0fb9c422317faca23d50163151bc354","name":"Contenidos El Regional","image":{"@type":"ImageObject","inLanguage":"es","@id":"http:\/\/elregionalvm.com.ar\/noticias-villa-maria\/#\/schema\/person\/image\/","url":"https:\/\/secure.gravatar.com\/avatar\/265b27cb2209af7bb3a1318f03305787d7981a5cc6e6cd08fe5a4ecdf99d4b48?s=96&d=mm&r=g","contentUrl":"https:\/\/secure.gravatar.com\/avatar\/265b27cb2209af7bb3a1318f03305787d7981a5cc6e6cd08fe5a4ecdf99d4b48?s=96&d=mm&r=g","caption":"Contenidos El Regional"},"url":"https:\/\/elregionalvm.com.ar\/noticias-villa-maria\/author\/contenido\/"}]}},"jetpack_featured_media_url":"https:\/\/i0.wp.com\/elregionalvm.com.ar\/noticias-villa-maria\/wp-content\/uploads\/2021\/12\/WhatsApp-Image-2021-12-31-at-10.59.11.jpeg?fit=1600%2C1200&ssl=1","jetpack_sharing_enabled":true,"_links":{"self":[{"href":"https:\/\/elregionalvm.com.ar\/noticias-villa-maria\/wp-json\/wp\/v2\/posts\/50537","targetHints":{"allow":["GET"]}}],"collection":[{"href":"https:\/\/elregionalvm.com.ar\/noticias-villa-maria\/wp-json\/wp\/v2\/posts"}],"about":[{"href":"https:\/\/elregionalvm.com.ar\/noticias-villa-maria\/wp-json\/wp\/v2\/types\/post"}],"author":[{"embeddable":true,"href":"https:\/\/elregionalvm.com.ar\/noticias-villa-maria\/wp-json\/wp\/v2\/users\/4"}],"replies":[{"embeddable":true,"href":"https:\/\/elregionalvm.com.ar\/noticias-villa-maria\/wp-json\/wp\/v2\/comments?post=50537"}],"version-history":[{"count":1,"href":"https:\/\/elregionalvm.com.ar\/noticias-villa-maria\/wp-json\/wp\/v2\/posts\/50537\/revisions"}],"predecessor-version":[{"id":50542,"href":"https:\/\/elregionalvm.com.ar\/noticias-villa-maria\/wp-json\/wp\/v2\/posts\/50537\/revisions\/50542"}],"wp:featuredmedia":[{"embeddable":true,"href":"https:\/\/elregionalvm.com.ar\/noticias-villa-maria\/wp-json\/wp\/v2\/media\/50538"}],"wp:attachment":[{"href":"https:\/\/elregionalvm.com.ar\/noticias-villa-maria\/wp-json\/wp\/v2\/media?parent=50537"}],"wp:term":[{"taxonomy":"category","embeddable":true,"href":"https:\/\/elregionalvm.com.ar\/noticias-villa-maria\/wp-json\/wp\/v2\/categories?post=50537"},{"taxonomy":"post_tag","embeddable":true,"href":"https:\/\/elregionalvm.com.ar\/noticias-villa-maria\/wp-json\/wp\/v2\/tags?post=50537"}],"curies":[{"name":"wp","href":"https:\/\/api.w.org\/{rel}","templated":true}]}}