{"id":50543,"date":"2021-12-31T23:29:56","date_gmt":"2021-12-31T23:29:56","guid":{"rendered":"https:\/\/elregionalvm.com.ar\/noticias-villa-maria\/?p=50543"},"modified":"2021-12-31T23:30:35","modified_gmt":"2021-12-31T23:30:35","slug":"villa-maria-diciembre-deja-un-fallecido-mas-record-de-casos-y-testeos","status":"publish","type":"post","link":"https:\/\/elregionalvm.com.ar\/noticias-villa-maria\/villa-maria-diciembre-deja-un-fallecido-mas-record-de-casos-y-testeos\/","title":{"rendered":"Villa Mar\u00eda: diciembre deja un fallecido m\u00e1s r\u00e9cord de casos y testeos"},"content":{"rendered":"\n<p>A lo largo de diciembre, 2.047 testeos arrojaron resultado positivo, representando una tasa de positividad del 14.41%, lo que significa un marcado incremento de casos ya que durante noviembre se hab\u00edan registrado solo 16 positivos. En cuanto a la jornada de hoy, con corte hasta las 14 horas, se registraron 458 casos positivos y se otorgaron 55 altas m\u00e9dicas.<\/p>\n\n\n\n<div class=\"wp-block-image\"><figure class=\"aligncenter size-large is-resized\"><img data-recalc-dims=\"1\" fetchpriority=\"high\" decoding=\"async\" src=\"https:\/\/i0.wp.com\/elregionalvm.com.ar\/noticias-villa-maria\/wp-content\/uploads\/2021\/12\/WhatsApp-Image-2021-12-31-at-20.05.30.jpeg?resize=399%2C201&#038;ssl=1\" alt=\"\" class=\"wp-image-50544\" width=\"399\" height=\"201\" srcset=\"https:\/\/i0.wp.com\/elregionalvm.com.ar\/noticias-villa-maria\/wp-content\/uploads\/2021\/12\/WhatsApp-Image-2021-12-31-at-20.05.30.jpeg?resize=1024%2C517&amp;ssl=1 1024w, https:\/\/i0.wp.com\/elregionalvm.com.ar\/noticias-villa-maria\/wp-content\/uploads\/2021\/12\/WhatsApp-Image-2021-12-31-at-20.05.30.jpeg?resize=300%2C152&amp;ssl=1 300w, https:\/\/i0.wp.com\/elregionalvm.com.ar\/noticias-villa-maria\/wp-content\/uploads\/2021\/12\/WhatsApp-Image-2021-12-31-at-20.05.30.jpeg?resize=768%2C388&amp;ssl=1 768w, https:\/\/i0.wp.com\/elregionalvm.com.ar\/noticias-villa-maria\/wp-content\/uploads\/2021\/12\/WhatsApp-Image-2021-12-31-at-20.05.30.jpeg?w=1445&amp;ssl=1 1445w\" sizes=\"(max-width: 399px) 100vw, 399px\" \/><\/figure><\/div>\n\n\n\n<p>Es importante destacar que contin\u00faa con gran avance la campa\u00f1a de vacunaci\u00f3n que ya lleg\u00f3 a casi 90.000 vecinos con al menos una dosis aplicada, m\u00e1s de 76.000 con dos y casi 6.000 con tres dosis.<\/p>\n\n\n\n<p>De esta manera, los casos totales desde el inicio de la pandemia en la ciudad son 21.720, de los cuales 20.495 son personas que lograron recuperarse de la enfermedad. El n\u00famero de personas aisladas se ubica hoy en 1.491, siendo 944 los casos activos. El resto corresponde a contactos estrechos.<\/p>\n\n\n\n<div class=\"wp-block-image\"><figure class=\"aligncenter size-large is-resized\"><img data-recalc-dims=\"1\" decoding=\"async\" src=\"https:\/\/i0.wp.com\/elregionalvm.com.ar\/noticias-villa-maria\/wp-content\/uploads\/2021\/12\/WhatsApp-Image-2021-12-31-at-20.05.29-1.jpeg?resize=425%2C213&#038;ssl=1\" alt=\"\" class=\"wp-image-50547\" width=\"425\" height=\"213\" srcset=\"https:\/\/i0.wp.com\/elregionalvm.com.ar\/noticias-villa-maria\/wp-content\/uploads\/2021\/12\/WhatsApp-Image-2021-12-31-at-20.05.29-1.jpeg?resize=1024%2C514&amp;ssl=1 1024w, https:\/\/i0.wp.com\/elregionalvm.com.ar\/noticias-villa-maria\/wp-content\/uploads\/2021\/12\/WhatsApp-Image-2021-12-31-at-20.05.29-1.jpeg?resize=300%2C151&amp;ssl=1 300w, https:\/\/i0.wp.com\/elregionalvm.com.ar\/noticias-villa-maria\/wp-content\/uploads\/2021\/12\/WhatsApp-Image-2021-12-31-at-20.05.29-1.jpeg?resize=768%2C386&amp;ssl=1 768w, https:\/\/i0.wp.com\/elregionalvm.com.ar\/noticias-villa-maria\/wp-content\/uploads\/2021\/12\/WhatsApp-Image-2021-12-31-at-20.05.29-1.jpeg?w=1536&amp;ssl=1 1536w\" sizes=\"(max-width: 425px) 100vw, 425px\" \/><\/figure><\/div>\n\n\n\n<div class=\"wp-block-image\"><figure class=\"aligncenter size-large is-resized\"><img data-recalc-dims=\"1\" decoding=\"async\" src=\"https:\/\/i0.wp.com\/elregionalvm.com.ar\/noticias-villa-maria\/wp-content\/uploads\/2021\/12\/WhatsApp-Image-2021-12-31-at-20.05.28-1.jpeg?resize=481%2C193&#038;ssl=1\" alt=\"\" class=\"wp-image-50548\" width=\"481\" height=\"193\" srcset=\"https:\/\/i0.wp.com\/elregionalvm.com.ar\/noticias-villa-maria\/wp-content\/uploads\/2021\/12\/WhatsApp-Image-2021-12-31-at-20.05.28-1.jpeg?resize=1024%2C413&amp;ssl=1 1024w, https:\/\/i0.wp.com\/elregionalvm.com.ar\/noticias-villa-maria\/wp-content\/uploads\/2021\/12\/WhatsApp-Image-2021-12-31-at-20.05.28-1.jpeg?resize=300%2C121&amp;ssl=1 300w, https:\/\/i0.wp.com\/elregionalvm.com.ar\/noticias-villa-maria\/wp-content\/uploads\/2021\/12\/WhatsApp-Image-2021-12-31-at-20.05.28-1.jpeg?resize=768%2C310&amp;ssl=1 768w, https:\/\/i0.wp.com\/elregionalvm.com.ar\/noticias-villa-maria\/wp-content\/uploads\/2021\/12\/WhatsApp-Image-2021-12-31-at-20.05.28-1.jpeg?resize=1536%2C620&amp;ssl=1 1536w, https:\/\/i0.wp.com\/elregionalvm.com.ar\/noticias-villa-maria\/wp-content\/uploads\/2021\/12\/WhatsApp-Image-2021-12-31-at-20.05.28-1.jpeg?w=1600&amp;ssl=1 1600w\" sizes=\"(max-width: 481px) 100vw, 481px\" \/><\/figure><\/div>\n\n\n\n<p>En cuanto a la vacunaci\u00f3n, d\u00edas atr\u00e1s Mart\u00edn Gill anunci\u00f3 que personal de la Secretar\u00eda de Salud lleva a cabo el Plan Estrat\u00e9gico de Vacunaci\u00f3n en todos los Centros de Atenci\u00f3n Primaria de la Salud (CAPS), la Asistencia P\u00fablica y el Centro Integrador Comunitario (CIC). En cuanto a los CAPS, el horario de atenci\u00f3n es de 8:00 a 11:00 horas, mientras que en la Asistencia P\u00fablica y el CIC de 8:00 a 18:00 horas<\/p>\n\n\n\n<p>En referencia con las pruebas de ant\u00edgenos realizadas en los distintos centros de testeos, durante este mes se practicaron 14.199 test, representando tambi\u00e9n un record de testeos para un solo mes. Hasta la fecha se realizaron 127.485 pruebas de ant\u00edgenos, de los cuales el 85% resultaron negativos y 15% positivos.<\/p>\n\n\n\n<p>Cabe destacar que frente al aumento de casos positivos de covid en la ciudad y la gran demanda de vecinos y vecinas por realizarse los testeos correspondientes, el municipio puso en marcha dos nuevos puntos para tal fin. La sede de la UTN y el Centro Vecinal de barrio Almirante Brown funcionan como puestos de hisopado en el horario de 16:00 a 20:00 horas, sum\u00e1ndose al espacio actualmente dispuesto en el Centro Cultural Comunitario Leonardo Favio que funciona de 8:00 a 20:00 horas<\/p>\n\n\n\n<figure class=\"wp-block-image size-large\"><img data-recalc-dims=\"1\" loading=\"lazy\" decoding=\"async\" width=\"1024\" height=\"576\" src=\"https:\/\/i0.wp.com\/elregionalvm.com.ar\/noticias-villa-maria\/wp-content\/uploads\/2021\/12\/WhatsApp-Image-2021-12-31-at-20.05.29-1-1.jpeg?resize=1024%2C576&#038;ssl=1\" alt=\"\" class=\"wp-image-50549\" srcset=\"https:\/\/i0.wp.com\/elregionalvm.com.ar\/noticias-villa-maria\/wp-content\/uploads\/2021\/12\/WhatsApp-Image-2021-12-31-at-20.05.29-1-1.jpeg?resize=1024%2C576&amp;ssl=1 1024w, https:\/\/i0.wp.com\/elregionalvm.com.ar\/noticias-villa-maria\/wp-content\/uploads\/2021\/12\/WhatsApp-Image-2021-12-31-at-20.05.29-1-1.jpeg?resize=300%2C169&amp;ssl=1 300w, https:\/\/i0.wp.com\/elregionalvm.com.ar\/noticias-villa-maria\/wp-content\/uploads\/2021\/12\/WhatsApp-Image-2021-12-31-at-20.05.29-1-1.jpeg?resize=768%2C432&amp;ssl=1 768w, https:\/\/i0.wp.com\/elregionalvm.com.ar\/noticias-villa-maria\/wp-content\/uploads\/2021\/12\/WhatsApp-Image-2021-12-31-at-20.05.29-1-1.jpeg?resize=1536%2C864&amp;ssl=1 1536w, https:\/\/i0.wp.com\/elregionalvm.com.ar\/noticias-villa-maria\/wp-content\/uploads\/2021\/12\/WhatsApp-Image-2021-12-31-at-20.05.29-1-1.jpeg?w=1600&amp;ssl=1 1600w\" sizes=\"(max-width: 1000px) 100vw, 1000px\" \/><\/figure>\n\n\n\n<p>Seg\u00fan datos actualizados del Registro Civil, en este mes de diciembre hubo que lamentar el fallecimiento de una vecina por covid. Es importante recordar que la persona fallecida no estaba inoculada contra esta enfermedad. Coincidentemente con el avance del Plan Estrat\u00e9gico de Vacunaci\u00f3n, se puede observar un marcado descenso en fallecimientos pasando de 24 en agosto, a 6 en septiembre, 1 en octubre, ninguno en noviembre y 1 en diciembre. En total son 281 las personas que perdieron la vida por covid en la ciudad desde el inicio de la pandemia. El promedio de edad de los vecinos fallecidos es de 72,4 a\u00f1os.<\/p>\n\n\n\n<p>Es importante recordar que ante la presencia de cualquier s\u00edntoma o por consultas vinculadas a denuncias o disposiciones vigentes, comunicarse al 0800 888 7468. Tambi\u00e9n para consultas sobre resultados de hisopados y fechas de altas m\u00e9dicas est\u00e1 disponible la l\u00ednea de WhatsApp al 3535657964.<\/p>\n","protected":false},"excerpt":{"rendered":"<p>A lo largo de diciembre, 2.047 testeos arrojaron resultado positivo, representando una tasa de positividad del 14.41%, lo que significa un marcado incremento de casos ya que durante noviembre se hab\u00edan registrado solo 16 positivos. En cuanto a la jornada de hoy, con corte hasta las 14 horas, se registraron 458 casos positivos y se [&hellip;]<\/p>\n","protected":false},"author":4,"featured_media":50550,"comment_status":"open","ping_status":"open","sticky":false,"template":"","format":"standard","meta":{"site-sidebar-layout":"default","site-content-layout":"default","ast-site-content-layout":"default","site-content-style":"default","site-sidebar-style":"default","ast-global-header-display":"","ast-banner-title-visibility":"","ast-main-header-display":"","ast-hfb-above-header-display":"","ast-hfb-below-header-display":"","ast-hfb-mobile-header-display":"","site-post-title":"","ast-breadcrumbs-content":"","ast-featured-img":"","footer-sml-layout":"","ast-disable-related-posts":"","theme-transparent-header-meta":"default","adv-header-id-meta":"","stick-header-meta":"","header-above-stick-meta":"","header-main-stick-meta":"","header-below-stick-meta":"","astra-migrate-meta-layouts":"default","ast-page-background-enabled":"default","ast-page-background-meta":{"desktop":{"background-color":"","background-image":"","background-repeat":"repeat","background-position":"center center","background-size":"auto","background-attachment":"scroll","background-type":"","background-media":"","overlay-type":"","overlay-color":"","overlay-opacity":"","overlay-gradient":""},"tablet":{"background-color":"","background-image":"","background-repeat":"repeat","background-position":"center center","background-size":"auto","background-attachment":"scroll","background-type":"","background-media":"","overlay-type":"","overlay-color":"","overlay-opacity":"","overlay-gradient":""},"mobile":{"background-color":"","background-image":"","background-repeat":"repeat","background-position":"center center","background-size":"auto","background-attachment":"scroll","background-type":"","background-media":"","overlay-type":"","overlay-color":"","overlay-opacity":"","overlay-gradient":""}},"ast-content-background-meta":{"desktop":{"background-color":"var(--ast-global-color-5)","background-image":"","background-repeat":"repeat","background-position":"center center","background-size":"auto","background-attachment":"scroll","background-type":"","background-media":"","overlay-type":"","overlay-color":"","overlay-opacity":"","overlay-gradient":""},"tablet":{"background-color":"var(--ast-global-color-5)","background-image":"","background-repeat":"repeat","background-position":"center center","background-size":"auto","background-attachment":"scroll","background-type":"","background-media":"","overlay-type":"","overlay-color":"","overlay-opacity":"","overlay-gradient":""},"mobile":{"background-color":"var(--ast-global-color-5)","background-image":"","background-repeat":"repeat","background-position":"center center","background-size":"auto","background-attachment":"scroll","background-type":"","background-media":"","overlay-type":"","overlay-color":"","overlay-opacity":"","overlay-gradient":""}},"_jetpack_memberships_contains_paid_content":false,"_joinchat":[],"footnotes":""},"categories":[2256,2],"tags":[2367,3863,1232,13050,8988,9274,4161,2248],"class_list":["post-50543","post","type-post","status-publish","format-standard","has-post-thumbnail","hentry","category-coronavirus","category-villa-maria","tag-contagios","tag-covid","tag-destacado","tag-diciembre-2021","tag-fallecidos","tag-resumen-mensual","tag-testeos","tag-villa-maria-2"],"yoast_head":"<!-- This site is optimized with the Yoast SEO plugin v26.8 - https:\/\/yoast.com\/product\/yoast-seo-wordpress\/ -->\n<title>Villa Mar\u00eda: diciembre deja un fallecido m\u00e1s r\u00e9cord de casos y testeos - El Regional<\/title>\n<meta name=\"robots\" content=\"index, follow, max-snippet:-1, max-image-preview:large, max-video-preview:-1\" \/>\n<link rel=\"canonical\" href=\"http:\/\/elregionalvm.com.ar\/noticias-villa-maria\/villa-maria-diciembre-deja-un-fallecido-mas-record-de-casos-y-testeos\/\" \/>\n<meta property=\"og:locale\" content=\"es_ES\" \/>\n<meta property=\"og:type\" content=\"article\" \/>\n<meta property=\"og:title\" content=\"Villa Mar\u00eda: diciembre deja un fallecido m\u00e1s r\u00e9cord de casos y testeos - El Regional\" \/>\n<meta property=\"og:description\" content=\"A lo largo de diciembre, 2.047 testeos arrojaron resultado positivo, representando una tasa de positividad del 14.41%, lo que significa un marcado incremento de casos ya que durante noviembre se hab\u00edan registrado solo 16 positivos. En cuanto a la jornada de hoy, con corte hasta las 14 horas, se registraron 458 casos positivos y se [&hellip;]\" \/>\n<meta property=\"og:url\" content=\"http:\/\/elregionalvm.com.ar\/noticias-villa-maria\/villa-maria-diciembre-deja-un-fallecido-mas-record-de-casos-y-testeos\/\" \/>\n<meta property=\"og:site_name\" content=\"El Regional\" \/>\n<meta property=\"article:publisher\" content=\"https:\/\/www.facebook.com\/elregionalvm\" \/>\n<meta property=\"article:published_time\" content=\"2021-12-31T23:29:56+00:00\" \/>\n<meta property=\"article:modified_time\" content=\"2021-12-31T23:30:35+00:00\" \/>\n<meta property=\"og:image\" content=\"http:\/\/elregionalvm.com.ar\/noticias-villa-maria\/wp-content\/uploads\/2021\/12\/villa-maria-cartel.jpg\" \/>\n\t<meta property=\"og:image:width\" content=\"512\" \/>\n\t<meta property=\"og:image:height\" content=\"307\" \/>\n\t<meta property=\"og:image:type\" content=\"image\/jpeg\" \/>\n<meta name=\"author\" content=\"Contenidos El Regional\" \/>\n<meta name=\"twitter:card\" content=\"summary_large_image\" \/>\n<meta name=\"twitter:creator\" content=\"@elregionalvm1\" \/>\n<meta name=\"twitter:site\" content=\"@elregionalvm1\" \/>\n<meta name=\"twitter:label1\" content=\"Escrito por\" \/>\n\t<meta name=\"twitter:data1\" content=\"Contenidos El Regional\" \/>\n\t<meta name=\"twitter:label2\" content=\"Tiempo de lectura\" \/>\n\t<meta name=\"twitter:data2\" content=\"4 minutos\" \/>\n<script type=\"application\/ld+json\" class=\"yoast-schema-graph\">{\"@context\":\"https:\/\/schema.org\",\"@graph\":[{\"@type\":\"Article\",\"@id\":\"http:\/\/elregionalvm.com.ar\/noticias-villa-maria\/villa-maria-diciembre-deja-un-fallecido-mas-record-de-casos-y-testeos\/#article\",\"isPartOf\":{\"@id\":\"http:\/\/elregionalvm.com.ar\/noticias-villa-maria\/villa-maria-diciembre-deja-un-fallecido-mas-record-de-casos-y-testeos\/\"},\"author\":{\"name\":\"Contenidos El Regional\",\"@id\":\"http:\/\/elregionalvm.com.ar\/noticias-villa-maria\/#\/schema\/person\/a0fb9c422317faca23d50163151bc354\"},\"headline\":\"Villa Mar\u00eda: diciembre deja un fallecido m\u00e1s r\u00e9cord de casos y testeos\",\"datePublished\":\"2021-12-31T23:29:56+00:00\",\"dateModified\":\"2021-12-31T23:30:35+00:00\",\"mainEntityOfPage\":{\"@id\":\"http:\/\/elregionalvm.com.ar\/noticias-villa-maria\/villa-maria-diciembre-deja-un-fallecido-mas-record-de-casos-y-testeos\/\"},\"wordCount\":509,\"commentCount\":0,\"image\":{\"@id\":\"http:\/\/elregionalvm.com.ar\/noticias-villa-maria\/villa-maria-diciembre-deja-un-fallecido-mas-record-de-casos-y-testeos\/#primaryimage\"},\"thumbnailUrl\":\"https:\/\/i0.wp.com\/elregionalvm.com.ar\/noticias-villa-maria\/wp-content\/uploads\/2021\/12\/villa-maria-cartel.jpg?fit=512%2C307&ssl=1\",\"keywords\":[\"Contagios\",\"covid\",\"destacado\",\"diciembre 2021\",\"Fallecidos\",\"resumen mensual\",\"testeos\",\"Villa Mar\u00eda\"],\"articleSection\":[\"Coronavirus\",\"Villa Mar\u00eda\"],\"inLanguage\":\"es\",\"potentialAction\":[{\"@type\":\"CommentAction\",\"name\":\"Comment\",\"target\":[\"http:\/\/elregionalvm.com.ar\/noticias-villa-maria\/villa-maria-diciembre-deja-un-fallecido-mas-record-de-casos-y-testeos\/#respond\"]}]},{\"@type\":\"WebPage\",\"@id\":\"http:\/\/elregionalvm.com.ar\/noticias-villa-maria\/villa-maria-diciembre-deja-un-fallecido-mas-record-de-casos-y-testeos\/\",\"url\":\"http:\/\/elregionalvm.com.ar\/noticias-villa-maria\/villa-maria-diciembre-deja-un-fallecido-mas-record-de-casos-y-testeos\/\",\"name\":\"Villa Mar\u00eda: diciembre deja un fallecido m\u00e1s r\u00e9cord de casos y testeos - El Regional\",\"isPartOf\":{\"@id\":\"http:\/\/elregionalvm.com.ar\/noticias-villa-maria\/#website\"},\"primaryImageOfPage\":{\"@id\":\"http:\/\/elregionalvm.com.ar\/noticias-villa-maria\/villa-maria-diciembre-deja-un-fallecido-mas-record-de-casos-y-testeos\/#primaryimage\"},\"image\":{\"@id\":\"http:\/\/elregionalvm.com.ar\/noticias-villa-maria\/villa-maria-diciembre-deja-un-fallecido-mas-record-de-casos-y-testeos\/#primaryimage\"},\"thumbnailUrl\":\"https:\/\/i0.wp.com\/elregionalvm.com.ar\/noticias-villa-maria\/wp-content\/uploads\/2021\/12\/villa-maria-cartel.jpg?fit=512%2C307&ssl=1\",\"datePublished\":\"2021-12-31T23:29:56+00:00\",\"dateModified\":\"2021-12-31T23:30:35+00:00\",\"author\":{\"@id\":\"http:\/\/elregionalvm.com.ar\/noticias-villa-maria\/#\/schema\/person\/a0fb9c422317faca23d50163151bc354\"},\"breadcrumb\":{\"@id\":\"http:\/\/elregionalvm.com.ar\/noticias-villa-maria\/villa-maria-diciembre-deja-un-fallecido-mas-record-de-casos-y-testeos\/#breadcrumb\"},\"inLanguage\":\"es\",\"potentialAction\":[{\"@type\":\"ReadAction\",\"target\":[\"http:\/\/elregionalvm.com.ar\/noticias-villa-maria\/villa-maria-diciembre-deja-un-fallecido-mas-record-de-casos-y-testeos\/\"]}]},{\"@type\":\"ImageObject\",\"inLanguage\":\"es\",\"@id\":\"http:\/\/elregionalvm.com.ar\/noticias-villa-maria\/villa-maria-diciembre-deja-un-fallecido-mas-record-de-casos-y-testeos\/#primaryimage\",\"url\":\"https:\/\/i0.wp.com\/elregionalvm.com.ar\/noticias-villa-maria\/wp-content\/uploads\/2021\/12\/villa-maria-cartel.jpg?fit=512%2C307&ssl=1\",\"contentUrl\":\"https:\/\/i0.wp.com\/elregionalvm.com.ar\/noticias-villa-maria\/wp-content\/uploads\/2021\/12\/villa-maria-cartel.jpg?fit=512%2C307&ssl=1\",\"width\":512,\"height\":307},{\"@type\":\"BreadcrumbList\",\"@id\":\"http:\/\/elregionalvm.com.ar\/noticias-villa-maria\/villa-maria-diciembre-deja-un-fallecido-mas-record-de-casos-y-testeos\/#breadcrumb\",\"itemListElement\":[{\"@type\":\"ListItem\",\"position\":1,\"name\":\"Portada\",\"item\":\"https:\/\/elregionalvm.com.ar\/noticias-villa-maria\/\"},{\"@type\":\"ListItem\",\"position\":2,\"name\":\"Villa Mar\u00eda: diciembre deja un fallecido m\u00e1s r\u00e9cord de casos y testeos\"}]},{\"@type\":\"WebSite\",\"@id\":\"http:\/\/elregionalvm.com.ar\/noticias-villa-maria\/#website\",\"url\":\"http:\/\/elregionalvm.com.ar\/noticias-villa-maria\/\",\"name\":\"El Regional\",\"description\":\"Mucho m\u00e1s que informaci\u00f3n\",\"potentialAction\":[{\"@type\":\"SearchAction\",\"target\":{\"@type\":\"EntryPoint\",\"urlTemplate\":\"http:\/\/elregionalvm.com.ar\/noticias-villa-maria\/?s={search_term_string}\"},\"query-input\":{\"@type\":\"PropertyValueSpecification\",\"valueRequired\":true,\"valueName\":\"search_term_string\"}}],\"inLanguage\":\"es\"},{\"@type\":\"Person\",\"@id\":\"http:\/\/elregionalvm.com.ar\/noticias-villa-maria\/#\/schema\/person\/a0fb9c422317faca23d50163151bc354\",\"name\":\"Contenidos El Regional\",\"image\":{\"@type\":\"ImageObject\",\"inLanguage\":\"es\",\"@id\":\"http:\/\/elregionalvm.com.ar\/noticias-villa-maria\/#\/schema\/person\/image\/\",\"url\":\"https:\/\/secure.gravatar.com\/avatar\/265b27cb2209af7bb3a1318f03305787d7981a5cc6e6cd08fe5a4ecdf99d4b48?s=96&d=mm&r=g\",\"contentUrl\":\"https:\/\/secure.gravatar.com\/avatar\/265b27cb2209af7bb3a1318f03305787d7981a5cc6e6cd08fe5a4ecdf99d4b48?s=96&d=mm&r=g\",\"caption\":\"Contenidos El Regional\"},\"url\":\"https:\/\/elregionalvm.com.ar\/noticias-villa-maria\/author\/contenido\/\"}]}<\/script>\n<!-- \/ Yoast SEO plugin. -->","yoast_head_json":{"title":"Villa Mar\u00eda: diciembre deja un fallecido m\u00e1s r\u00e9cord de casos y testeos - El Regional","robots":{"index":"index","follow":"follow","max-snippet":"max-snippet:-1","max-image-preview":"max-image-preview:large","max-video-preview":"max-video-preview:-1"},"canonical":"http:\/\/elregionalvm.com.ar\/noticias-villa-maria\/villa-maria-diciembre-deja-un-fallecido-mas-record-de-casos-y-testeos\/","og_locale":"es_ES","og_type":"article","og_title":"Villa Mar\u00eda: diciembre deja un fallecido m\u00e1s r\u00e9cord de casos y testeos - El Regional","og_description":"A lo largo de diciembre, 2.047 testeos arrojaron resultado positivo, representando una tasa de positividad del 14.41%, lo que significa un marcado incremento de casos ya que durante noviembre se hab\u00edan registrado solo 16 positivos. En cuanto a la jornada de hoy, con corte hasta las 14 horas, se registraron 458 casos positivos y se [&hellip;]","og_url":"http:\/\/elregionalvm.com.ar\/noticias-villa-maria\/villa-maria-diciembre-deja-un-fallecido-mas-record-de-casos-y-testeos\/","og_site_name":"El Regional","article_publisher":"https:\/\/www.facebook.com\/elregionalvm","article_published_time":"2021-12-31T23:29:56+00:00","article_modified_time":"2021-12-31T23:30:35+00:00","og_image":[{"width":512,"height":307,"url":"http:\/\/elregionalvm.com.ar\/noticias-villa-maria\/wp-content\/uploads\/2021\/12\/villa-maria-cartel.jpg","type":"image\/jpeg"}],"author":"Contenidos El Regional","twitter_card":"summary_large_image","twitter_creator":"@elregionalvm1","twitter_site":"@elregionalvm1","twitter_misc":{"Escrito por":"Contenidos El Regional","Tiempo de lectura":"4 minutos"},"schema":{"@context":"https:\/\/schema.org","@graph":[{"@type":"Article","@id":"http:\/\/elregionalvm.com.ar\/noticias-villa-maria\/villa-maria-diciembre-deja-un-fallecido-mas-record-de-casos-y-testeos\/#article","isPartOf":{"@id":"http:\/\/elregionalvm.com.ar\/noticias-villa-maria\/villa-maria-diciembre-deja-un-fallecido-mas-record-de-casos-y-testeos\/"},"author":{"name":"Contenidos El Regional","@id":"http:\/\/elregionalvm.com.ar\/noticias-villa-maria\/#\/schema\/person\/a0fb9c422317faca23d50163151bc354"},"headline":"Villa Mar\u00eda: diciembre deja un fallecido m\u00e1s r\u00e9cord de casos y testeos","datePublished":"2021-12-31T23:29:56+00:00","dateModified":"2021-12-31T23:30:35+00:00","mainEntityOfPage":{"@id":"http:\/\/elregionalvm.com.ar\/noticias-villa-maria\/villa-maria-diciembre-deja-un-fallecido-mas-record-de-casos-y-testeos\/"},"wordCount":509,"commentCount":0,"image":{"@id":"http:\/\/elregionalvm.com.ar\/noticias-villa-maria\/villa-maria-diciembre-deja-un-fallecido-mas-record-de-casos-y-testeos\/#primaryimage"},"thumbnailUrl":"https:\/\/i0.wp.com\/elregionalvm.com.ar\/noticias-villa-maria\/wp-content\/uploads\/2021\/12\/villa-maria-cartel.jpg?fit=512%2C307&ssl=1","keywords":["Contagios","covid","destacado","diciembre 2021","Fallecidos","resumen mensual","testeos","Villa Mar\u00eda"],"articleSection":["Coronavirus","Villa Mar\u00eda"],"inLanguage":"es","potentialAction":[{"@type":"CommentAction","name":"Comment","target":["http:\/\/elregionalvm.com.ar\/noticias-villa-maria\/villa-maria-diciembre-deja-un-fallecido-mas-record-de-casos-y-testeos\/#respond"]}]},{"@type":"WebPage","@id":"http:\/\/elregionalvm.com.ar\/noticias-villa-maria\/villa-maria-diciembre-deja-un-fallecido-mas-record-de-casos-y-testeos\/","url":"http:\/\/elregionalvm.com.ar\/noticias-villa-maria\/villa-maria-diciembre-deja-un-fallecido-mas-record-de-casos-y-testeos\/","name":"Villa Mar\u00eda: diciembre deja un fallecido m\u00e1s r\u00e9cord de casos y testeos - El Regional","isPartOf":{"@id":"http:\/\/elregionalvm.com.ar\/noticias-villa-maria\/#website"},"primaryImageOfPage":{"@id":"http:\/\/elregionalvm.com.ar\/noticias-villa-maria\/villa-maria-diciembre-deja-un-fallecido-mas-record-de-casos-y-testeos\/#primaryimage"},"image":{"@id":"http:\/\/elregionalvm.com.ar\/noticias-villa-maria\/villa-maria-diciembre-deja-un-fallecido-mas-record-de-casos-y-testeos\/#primaryimage"},"thumbnailUrl":"https:\/\/i0.wp.com\/elregionalvm.com.ar\/noticias-villa-maria\/wp-content\/uploads\/2021\/12\/villa-maria-cartel.jpg?fit=512%2C307&ssl=1","datePublished":"2021-12-31T23:29:56+00:00","dateModified":"2021-12-31T23:30:35+00:00","author":{"@id":"http:\/\/elregionalvm.com.ar\/noticias-villa-maria\/#\/schema\/person\/a0fb9c422317faca23d50163151bc354"},"breadcrumb":{"@id":"http:\/\/elregionalvm.com.ar\/noticias-villa-maria\/villa-maria-diciembre-deja-un-fallecido-mas-record-de-casos-y-testeos\/#breadcrumb"},"inLanguage":"es","potentialAction":[{"@type":"ReadAction","target":["http:\/\/elregionalvm.com.ar\/noticias-villa-maria\/villa-maria-diciembre-deja-un-fallecido-mas-record-de-casos-y-testeos\/"]}]},{"@type":"ImageObject","inLanguage":"es","@id":"http:\/\/elregionalvm.com.ar\/noticias-villa-maria\/villa-maria-diciembre-deja-un-fallecido-mas-record-de-casos-y-testeos\/#primaryimage","url":"https:\/\/i0.wp.com\/elregionalvm.com.ar\/noticias-villa-maria\/wp-content\/uploads\/2021\/12\/villa-maria-cartel.jpg?fit=512%2C307&ssl=1","contentUrl":"https:\/\/i0.wp.com\/elregionalvm.com.ar\/noticias-villa-maria\/wp-content\/uploads\/2021\/12\/villa-maria-cartel.jpg?fit=512%2C307&ssl=1","width":512,"height":307},{"@type":"BreadcrumbList","@id":"http:\/\/elregionalvm.com.ar\/noticias-villa-maria\/villa-maria-diciembre-deja-un-fallecido-mas-record-de-casos-y-testeos\/#breadcrumb","itemListElement":[{"@type":"ListItem","position":1,"name":"Portada","item":"https:\/\/elregionalvm.com.ar\/noticias-villa-maria\/"},{"@type":"ListItem","position":2,"name":"Villa Mar\u00eda: diciembre deja un fallecido m\u00e1s r\u00e9cord de casos y testeos"}]},{"@type":"WebSite","@id":"http:\/\/elregionalvm.com.ar\/noticias-villa-maria\/#website","url":"http:\/\/elregionalvm.com.ar\/noticias-villa-maria\/","name":"El Regional","description":"Mucho m\u00e1s que informaci\u00f3n","potentialAction":[{"@type":"SearchAction","target":{"@type":"EntryPoint","urlTemplate":"http:\/\/elregionalvm.com.ar\/noticias-villa-maria\/?s={search_term_string}"},"query-input":{"@type":"PropertyValueSpecification","valueRequired":true,"valueName":"search_term_string"}}],"inLanguage":"es"},{"@type":"Person","@id":"http:\/\/elregionalvm.com.ar\/noticias-villa-maria\/#\/schema\/person\/a0fb9c422317faca23d50163151bc354","name":"Contenidos El Regional","image":{"@type":"ImageObject","inLanguage":"es","@id":"http:\/\/elregionalvm.com.ar\/noticias-villa-maria\/#\/schema\/person\/image\/","url":"https:\/\/secure.gravatar.com\/avatar\/265b27cb2209af7bb3a1318f03305787d7981a5cc6e6cd08fe5a4ecdf99d4b48?s=96&d=mm&r=g","contentUrl":"https:\/\/secure.gravatar.com\/avatar\/265b27cb2209af7bb3a1318f03305787d7981a5cc6e6cd08fe5a4ecdf99d4b48?s=96&d=mm&r=g","caption":"Contenidos El Regional"},"url":"https:\/\/elregionalvm.com.ar\/noticias-villa-maria\/author\/contenido\/"}]}},"jetpack_featured_media_url":"https:\/\/i0.wp.com\/elregionalvm.com.ar\/noticias-villa-maria\/wp-content\/uploads\/2021\/12\/villa-maria-cartel.jpg?fit=512%2C307&ssl=1","jetpack_sharing_enabled":true,"_links":{"self":[{"href":"https:\/\/elregionalvm.com.ar\/noticias-villa-maria\/wp-json\/wp\/v2\/posts\/50543","targetHints":{"allow":["GET"]}}],"collection":[{"href":"https:\/\/elregionalvm.com.ar\/noticias-villa-maria\/wp-json\/wp\/v2\/posts"}],"about":[{"href":"https:\/\/elregionalvm.com.ar\/noticias-villa-maria\/wp-json\/wp\/v2\/types\/post"}],"author":[{"embeddable":true,"href":"https:\/\/elregionalvm.com.ar\/noticias-villa-maria\/wp-json\/wp\/v2\/users\/4"}],"replies":[{"embeddable":true,"href":"https:\/\/elregionalvm.com.ar\/noticias-villa-maria\/wp-json\/wp\/v2\/comments?post=50543"}],"version-history":[{"count":1,"href":"https:\/\/elregionalvm.com.ar\/noticias-villa-maria\/wp-json\/wp\/v2\/posts\/50543\/revisions"}],"predecessor-version":[{"id":50551,"href":"https:\/\/elregionalvm.com.ar\/noticias-villa-maria\/wp-json\/wp\/v2\/posts\/50543\/revisions\/50551"}],"wp:featuredmedia":[{"embeddable":true,"href":"https:\/\/elregionalvm.com.ar\/noticias-villa-maria\/wp-json\/wp\/v2\/media\/50550"}],"wp:attachment":[{"href":"https:\/\/elregionalvm.com.ar\/noticias-villa-maria\/wp-json\/wp\/v2\/media?parent=50543"}],"wp:term":[{"taxonomy":"category","embeddable":true,"href":"https:\/\/elregionalvm.com.ar\/noticias-villa-maria\/wp-json\/wp\/v2\/categories?post=50543"},{"taxonomy":"post_tag","embeddable":true,"href":"https:\/\/elregionalvm.com.ar\/noticias-villa-maria\/wp-json\/wp\/v2\/tags?post=50543"}],"curies":[{"name":"wp","href":"https:\/\/api.w.org\/{rel}","templated":true}]}}