{"id":50616,"date":"2022-01-03T16:57:52","date_gmt":"2022-01-03T16:57:52","guid":{"rendered":"https:\/\/elregionalvm.com.ar\/noticias-villa-maria\/?p=50616"},"modified":"2022-01-04T02:38:58","modified_gmt":"2022-01-04T02:38:58","slug":"verano-2022-cuales-son-las-nuevas-medidas-sanitarias-hasta-el-19-de-enero","status":"publish","type":"post","link":"https:\/\/elregionalvm.com.ar\/noticias-villa-maria\/verano-2022-cuales-son-las-nuevas-medidas-sanitarias-hasta-el-19-de-enero\/","title":{"rendered":"[Verano 2022] Cu\u00e1les son las nuevas medidas sanitarias hasta el 19 de enero"},"content":{"rendered":"\n<p><\/p>\n\n\n\n<p>Con algunas flexibilizaciones en el aforo de actividades masivas y un refuerzo en los operativos de cobertura sanitaria, las nuevas medidas entrar\u00e1n en vigencia desde ma\u00f1ana 4 de enero hasta el 19 de este mes.<\/p>\n\n\n\n<p>La prioridad es garantizar la temporada tur\u00edstica estival con el cumplimiento de protocolos y medidas que no permitan un agravamiento de la situaci\u00f3n sanitaria.<\/p>\n\n\n\n<p>En este sentido, se difundieron las iniciativas a partir de una reuni\u00f3n virtual entre representantes del gobierno de la provincia de C\u00f3rdoba con intendentes y funcionarios de Salud, en el marco de la Estrategia de Fortalecimiento Sanitario para la Temporada Tur\u00edstica de Verano en C\u00f3rdoba.<\/p>\n\n\n\n<p><\/p>\n\n\n\n<figure class=\"wp-block-image size-full\"><img data-recalc-dims=\"1\" fetchpriority=\"high\" decoding=\"async\" width=\"850\" height=\"566\" src=\"https:\/\/i0.wp.com\/elregionalvm.com.ar\/noticias-villa-maria\/wp-content\/uploads\/2022\/01\/Gill-Trecco.jpeg?resize=850%2C566&#038;ssl=1\" alt=\"\" class=\"wp-image-50619\" srcset=\"https:\/\/i0.wp.com\/elregionalvm.com.ar\/noticias-villa-maria\/wp-content\/uploads\/2022\/01\/Gill-Trecco.jpeg?w=850&amp;ssl=1 850w, https:\/\/i0.wp.com\/elregionalvm.com.ar\/noticias-villa-maria\/wp-content\/uploads\/2022\/01\/Gill-Trecco.jpeg?resize=300%2C200&amp;ssl=1 300w, https:\/\/i0.wp.com\/elregionalvm.com.ar\/noticias-villa-maria\/wp-content\/uploads\/2022\/01\/Gill-Trecco.jpeg?resize=768%2C511&amp;ssl=1 768w\" sizes=\"(max-width: 850px) 100vw, 850px\" \/><figcaption><em>Gill y Trecco participaron de la reuni\u00f3n donde se notificaron las nuevas medidas sanitarias. <\/em><\/figcaption><\/figure>\n\n\n\n<p><\/p>\n\n\n\n<p>Entre las principales disposiciones, se destaca la ampliaci\u00f3n de aforo para boliches, discotecas, bailes y salones de eventos, permitiendo la concurrencia de hasta 500 personas.<\/p>\n\n\n\n<p>En el conglomerado Villa Mar\u00eda &#8211; Villa Nueva y dem\u00e1s regiones tur\u00edsticas se reforzar\u00e1 la estrategia de diagn\u00f3stico y vacunaci\u00f3n al mismo tiempo que se dispondr\u00e1n 120 laboratorios privados para la realizaci\u00f3n de testeos tanto en capital como en el interior.<\/p>\n\n\n\n<p>Del mismo modo, se incorporar\u00e1n 53 farmacias a lo largo de toda la provincia donde se colocar\u00e1 gratuitamente vacunas contra el covid y se efectuar\u00e1n hisopados.<\/p>\n\n\n\n<p><strong>En los festivales<\/strong><\/p>\n\n\n\n<p>El desarrollo de los festivales cuenta con el visto bueno oficial. Estos eventos dispondr\u00e1n de un operativo de cobertura sanitaria mediante la presencia de personal de Salud y centros de testeos m\u00f3viles.<\/p>\n\n\n\n<p>Adem\u00e1s, se incrementar\u00e1 los esquemas hospitalarios en los principales centros tur\u00edsticos.<\/p>\n\n\n\n<p><\/p>\n\n\n\n<figure class=\"wp-block-image size-large\"><img data-recalc-dims=\"1\" decoding=\"async\" width=\"1024\" height=\"576\" src=\"https:\/\/i0.wp.com\/elregionalvm.com.ar\/noticias-villa-maria\/wp-content\/uploads\/2021\/01\/Festival-Cosquin-bailarines.jpg?resize=1024%2C576&#038;ssl=1\" alt=\"\" class=\"wp-image-31477\" srcset=\"https:\/\/i0.wp.com\/elregionalvm.com.ar\/noticias-villa-maria\/wp-content\/uploads\/2021\/01\/Festival-Cosquin-bailarines.jpg?resize=1024%2C576&amp;ssl=1 1024w, https:\/\/i0.wp.com\/elregionalvm.com.ar\/noticias-villa-maria\/wp-content\/uploads\/2021\/01\/Festival-Cosquin-bailarines.jpg?resize=300%2C169&amp;ssl=1 300w, https:\/\/i0.wp.com\/elregionalvm.com.ar\/noticias-villa-maria\/wp-content\/uploads\/2021\/01\/Festival-Cosquin-bailarines.jpg?resize=768%2C432&amp;ssl=1 768w, https:\/\/i0.wp.com\/elregionalvm.com.ar\/noticias-villa-maria\/wp-content\/uploads\/2021\/01\/Festival-Cosquin-bailarines.jpg?w=1280&amp;ssl=1 1280w\" sizes=\"(max-width: 1000px) 100vw, 1000px\" \/><figcaption><em>Loa festivales dispondr\u00e1n de un operativo de cobertura sanitaria. <\/em><\/figcaption><\/figure>\n\n\n\n<p><\/p>\n\n\n\n<p><strong>Alta demanda de testeos<\/strong><\/p>\n\n\n\n<p>El anuncio se produce en una jornada que estuvo marcada en Villa Mar\u00eda por una alta demanda de testeos en el Centro Cultural Leonardo Favio.<\/p>\n\n\n\n<p>Desde la ma\u00f1ana temprano se pudo observar extensas filas de vecinos a la espera de ser hisopados. Con dos filas para personas con s\u00edntomas y sin s\u00edntomas, muchos presentes esperaron hasta cuatro o cinco horas para poder someterse a un test, seg\u00fan indicaron a este medio.<\/p>\n\n\n\n<p>A partir de este martes 4, el punto de testeos con sede actual en el Favio comenzar\u00e1 a funcionar en el Anfiteatro Municipal. Mediante el traslado del puesto, se tiene por objetivo brindar mayor comodidad a vecinos y vecinas que concurran a hisoparse, inform\u00f3 el municipio.<\/p>\n\n\n\n<p><\/p>\n\n\n\n<figure class=\"wp-block-image size-full\"><img data-recalc-dims=\"1\" decoding=\"async\" width=\"893\" height=\"551\" src=\"https:\/\/i0.wp.com\/elregionalvm.com.ar\/noticias-villa-maria\/wp-content\/uploads\/2022\/01\/Hisopados-gente-afuera-Favio-centro-cultural.jpeg?resize=893%2C551&#038;ssl=1\" alt=\"\" class=\"wp-image-50620\" srcset=\"https:\/\/i0.wp.com\/elregionalvm.com.ar\/noticias-villa-maria\/wp-content\/uploads\/2022\/01\/Hisopados-gente-afuera-Favio-centro-cultural.jpeg?w=893&amp;ssl=1 893w, https:\/\/i0.wp.com\/elregionalvm.com.ar\/noticias-villa-maria\/wp-content\/uploads\/2022\/01\/Hisopados-gente-afuera-Favio-centro-cultural.jpeg?resize=300%2C185&amp;ssl=1 300w, https:\/\/i0.wp.com\/elregionalvm.com.ar\/noticias-villa-maria\/wp-content\/uploads\/2022\/01\/Hisopados-gente-afuera-Favio-centro-cultural.jpeg?resize=768%2C474&amp;ssl=1 768w\" sizes=\"(max-width: 893px) 100vw, 893px\" \/><figcaption><em>En los \u00faltimos d\u00edas se intensific\u00f3 la demanda de hisopados. <\/em><\/figcaption><\/figure>\n\n\n\n<p><\/p>\n\n\n\n<p>De esta manera, la infraestructura ubicada en inmediaciones de la Costanera permitir\u00e1 una mayor organizaci\u00f3n y posibilitar\u00e1 la espera a la sombra, bajo techo y en las butacas all\u00ed dispuestas. Del mismo modo, las caracter\u00edsticas del espacio contribuir\u00e1n a un mayor distanciamiento entre las personas brindando as\u00ed mayor seguridad.<\/p>\n\n\n\n<p>All\u00ed, los testeos ser\u00e1n realizados de lunes a lunes, de 8 a 20 horas.<\/p>\n\n\n\n<p>Tambi\u00e9n se puede concurrir a la sede de la UTN y el Centro Vecinal de barrio Almirante Brown, en los horarios de 16 a 20 horas de lunes a viernes.<\/p>\n\n\n\n<p><strong>Nuevos casos en el Hogar de Ancianos<\/strong><\/p>\n\n\n\n<p>Por otro lado, el municipio inform\u00f3 que fueron registrados cuatro casos de covid en residentes del Hogar Municipal de Ancianos Roberto Velo de Ipola.<\/p>\n\n\n\n<p>Se trata de personas que hab\u00edan transcurrido la noche del 31 junto a sus familiares, y que al llegar a la instituci\u00f3n fueron testeados dando en ese momento resultados negativos, los cuales se positivizaron con el pasar de los d\u00edas.<\/p>\n\n\n\n<p>Los cuatro residentes se encuentran aislados y estables, sin presentar mayores complicaciones. Adem\u00e1s, en todos los casos cuentan con las dosis correspondientes a la vacuna contra el covid, tras la labor efectuada en el Hogar de Ancianos a trav\u00e9s de la Secretar\u00eda de Salud del municipio, indic\u00f3 el gobierno municipal.<\/p>\n","protected":false},"excerpt":{"rendered":"<p>Con algunas flexibilizaciones en el aforo de actividades masivas y un refuerzo en los operativos de cobertura sanitaria, las nuevas medidas entrar\u00e1n en vigencia desde ma\u00f1ana 4 de enero hasta el 19 de este mes. La prioridad es garantizar la temporada tur\u00edstica estival con el cumplimiento de protocolos y medidas que no permitan un agravamiento [&hellip;]<\/p>\n","protected":false},"author":4,"featured_media":50618,"comment_status":"open","ping_status":"open","sticky":false,"template":"","format":"standard","meta":{"site-sidebar-layout":"default","site-content-layout":"default","ast-site-content-layout":"default","site-content-style":"default","site-sidebar-style":"default","ast-global-header-display":"","ast-banner-title-visibility":"","ast-main-header-display":"","ast-hfb-above-header-display":"","ast-hfb-below-header-display":"","ast-hfb-mobile-header-display":"","site-post-title":"","ast-breadcrumbs-content":"","ast-featured-img":"","footer-sml-layout":"","ast-disable-related-posts":"","theme-transparent-header-meta":"default","adv-header-id-meta":"","stick-header-meta":"","header-above-stick-meta":"","header-main-stick-meta":"","header-below-stick-meta":"","astra-migrate-meta-layouts":"default","ast-page-background-enabled":"default","ast-page-background-meta":{"desktop":{"background-color":"","background-image":"","background-repeat":"repeat","background-position":"center center","background-size":"auto","background-attachment":"scroll","background-type":"","background-media":"","overlay-type":"","overlay-color":"","overlay-opacity":"","overlay-gradient":""},"tablet":{"background-color":"","background-image":"","background-repeat":"repeat","background-position":"center center","background-size":"auto","background-attachment":"scroll","background-type":"","background-media":"","overlay-type":"","overlay-color":"","overlay-opacity":"","overlay-gradient":""},"mobile":{"background-color":"","background-image":"","background-repeat":"repeat","background-position":"center center","background-size":"auto","background-attachment":"scroll","background-type":"","background-media":"","overlay-type":"","overlay-color":"","overlay-opacity":"","overlay-gradient":""}},"ast-content-background-meta":{"desktop":{"background-color":"var(--ast-global-color-5)","background-image":"","background-repeat":"repeat","background-position":"center center","background-size":"auto","background-attachment":"scroll","background-type":"","background-media":"","overlay-type":"","overlay-color":"","overlay-opacity":"","overlay-gradient":""},"tablet":{"background-color":"var(--ast-global-color-5)","background-image":"","background-repeat":"repeat","background-position":"center center","background-size":"auto","background-attachment":"scroll","background-type":"","background-media":"","overlay-type":"","overlay-color":"","overlay-opacity":"","overlay-gradient":""},"mobile":{"background-color":"var(--ast-global-color-5)","background-image":"","background-repeat":"repeat","background-position":"center center","background-size":"auto","background-attachment":"scroll","background-type":"","background-media":"","overlay-type":"","overlay-color":"","overlay-opacity":"","overlay-gradient":""}},"_jetpack_memberships_contains_paid_content":false,"_joinchat":[],"footnotes":""},"categories":[2256,2],"tags":[12095,1232,13061,3040,2496,3042,2474,2978],"class_list":["post-50616","post","type-post","status-publish","format-standard","has-post-thumbnail","hentry","category-coronavirus","category-villa-maria","tag-aforo","tag-destacado","tag-festivales","tag-gobierno-de-cordoba","tag-hisopados","tag-medidas-sanitarias","tag-municipalidad-de-villa-maria","tag-testeos-masivos"],"yoast_head":"<!-- This site is optimized with the Yoast SEO plugin v26.8 - https:\/\/yoast.com\/product\/yoast-seo-wordpress\/ -->\n<title>[Verano 2022] Cu\u00e1les son las nuevas medidas sanitarias hasta el 19 de enero - El Regional<\/title>\n<meta name=\"description\" content=\"Habr\u00e1 algunas flexibilizaciones en el aforo de actividades masivas y un refuerzo en los operativos de cobertura sanitaria.\" \/>\n<meta name=\"robots\" content=\"index, follow, max-snippet:-1, max-image-preview:large, max-video-preview:-1\" \/>\n<link rel=\"canonical\" href=\"http:\/\/elregionalvm.com.ar\/noticias-villa-maria\/verano-2022-cuales-son-las-nuevas-medidas-sanitarias-hasta-el-19-de-enero\/\" \/>\n<meta property=\"og:locale\" content=\"es_ES\" \/>\n<meta property=\"og:type\" content=\"article\" \/>\n<meta property=\"og:title\" content=\"[Verano 2022] Cu\u00e1les son las nuevas medidas sanitarias hasta el 19 de enero - El Regional\" \/>\n<meta property=\"og:description\" content=\"Habr\u00e1 algunas flexibilizaciones en el aforo de actividades masivas y un refuerzo en los operativos de cobertura sanitaria.\" \/>\n<meta property=\"og:url\" content=\"http:\/\/elregionalvm.com.ar\/noticias-villa-maria\/verano-2022-cuales-son-las-nuevas-medidas-sanitarias-hasta-el-19-de-enero\/\" \/>\n<meta property=\"og:site_name\" content=\"El Regional\" \/>\n<meta property=\"article:publisher\" content=\"https:\/\/www.facebook.com\/elregionalvm\" \/>\n<meta property=\"article:published_time\" content=\"2022-01-03T16:57:52+00:00\" \/>\n<meta property=\"article:modified_time\" content=\"2022-01-04T02:38:58+00:00\" \/>\n<meta property=\"og:image\" content=\"http:\/\/elregionalvm.com.ar\/noticias-villa-maria\/wp-content\/uploads\/2022\/01\/Testeos-vertical.jpeg\" \/>\n\t<meta property=\"og:image:width\" content=\"537\" \/>\n\t<meta property=\"og:image:height\" content=\"844\" \/>\n\t<meta property=\"og:image:type\" content=\"image\/jpeg\" \/>\n<meta name=\"author\" content=\"Contenidos El Regional\" \/>\n<meta name=\"twitter:card\" content=\"summary_large_image\" \/>\n<meta name=\"twitter:creator\" content=\"@elregionalvm1\" \/>\n<meta name=\"twitter:site\" content=\"@elregionalvm1\" \/>\n<meta name=\"twitter:label1\" content=\"Escrito por\" \/>\n\t<meta name=\"twitter:data1\" content=\"Contenidos El Regional\" \/>\n\t<meta name=\"twitter:label2\" content=\"Tiempo de lectura\" \/>\n\t<meta name=\"twitter:data2\" content=\"4 minutos\" \/>\n<script type=\"application\/ld+json\" class=\"yoast-schema-graph\">{\"@context\":\"https:\/\/schema.org\",\"@graph\":[{\"@type\":\"Article\",\"@id\":\"http:\/\/elregionalvm.com.ar\/noticias-villa-maria\/verano-2022-cuales-son-las-nuevas-medidas-sanitarias-hasta-el-19-de-enero\/#article\",\"isPartOf\":{\"@id\":\"http:\/\/elregionalvm.com.ar\/noticias-villa-maria\/verano-2022-cuales-son-las-nuevas-medidas-sanitarias-hasta-el-19-de-enero\/\"},\"author\":{\"name\":\"Contenidos El Regional\",\"@id\":\"http:\/\/elregionalvm.com.ar\/noticias-villa-maria\/#\/schema\/person\/a0fb9c422317faca23d50163151bc354\"},\"headline\":\"[Verano 2022] Cu\u00e1les son las nuevas medidas sanitarias hasta el 19 de enero\",\"datePublished\":\"2022-01-03T16:57:52+00:00\",\"dateModified\":\"2022-01-04T02:38:58+00:00\",\"mainEntityOfPage\":{\"@id\":\"http:\/\/elregionalvm.com.ar\/noticias-villa-maria\/verano-2022-cuales-son-las-nuevas-medidas-sanitarias-hasta-el-19-de-enero\/\"},\"wordCount\":652,\"commentCount\":0,\"image\":{\"@id\":\"http:\/\/elregionalvm.com.ar\/noticias-villa-maria\/verano-2022-cuales-son-las-nuevas-medidas-sanitarias-hasta-el-19-de-enero\/#primaryimage\"},\"thumbnailUrl\":\"https:\/\/i0.wp.com\/elregionalvm.com.ar\/noticias-villa-maria\/wp-content\/uploads\/2022\/01\/Testeos-vertical.jpeg?fit=537%2C844&ssl=1\",\"keywords\":[\"aforo\",\"destacado\",\"festivales\",\"Gobierno de C\u00f3rdoba\",\"Hisopados\",\"Medidas sanitarias\",\"Municipalidad de Villa Mar\u00eda\",\"Testeos masivos\"],\"articleSection\":[\"Coronavirus\",\"Villa Mar\u00eda\"],\"inLanguage\":\"es\",\"potentialAction\":[{\"@type\":\"CommentAction\",\"name\":\"Comment\",\"target\":[\"http:\/\/elregionalvm.com.ar\/noticias-villa-maria\/verano-2022-cuales-son-las-nuevas-medidas-sanitarias-hasta-el-19-de-enero\/#respond\"]}]},{\"@type\":\"WebPage\",\"@id\":\"http:\/\/elregionalvm.com.ar\/noticias-villa-maria\/verano-2022-cuales-son-las-nuevas-medidas-sanitarias-hasta-el-19-de-enero\/\",\"url\":\"http:\/\/elregionalvm.com.ar\/noticias-villa-maria\/verano-2022-cuales-son-las-nuevas-medidas-sanitarias-hasta-el-19-de-enero\/\",\"name\":\"[Verano 2022] Cu\u00e1les son las nuevas medidas sanitarias hasta el 19 de enero - El Regional\",\"isPartOf\":{\"@id\":\"http:\/\/elregionalvm.com.ar\/noticias-villa-maria\/#website\"},\"primaryImageOfPage\":{\"@id\":\"http:\/\/elregionalvm.com.ar\/noticias-villa-maria\/verano-2022-cuales-son-las-nuevas-medidas-sanitarias-hasta-el-19-de-enero\/#primaryimage\"},\"image\":{\"@id\":\"http:\/\/elregionalvm.com.ar\/noticias-villa-maria\/verano-2022-cuales-son-las-nuevas-medidas-sanitarias-hasta-el-19-de-enero\/#primaryimage\"},\"thumbnailUrl\":\"https:\/\/i0.wp.com\/elregionalvm.com.ar\/noticias-villa-maria\/wp-content\/uploads\/2022\/01\/Testeos-vertical.jpeg?fit=537%2C844&ssl=1\",\"datePublished\":\"2022-01-03T16:57:52+00:00\",\"dateModified\":\"2022-01-04T02:38:58+00:00\",\"author\":{\"@id\":\"http:\/\/elregionalvm.com.ar\/noticias-villa-maria\/#\/schema\/person\/a0fb9c422317faca23d50163151bc354\"},\"description\":\"Habr\u00e1 algunas flexibilizaciones en el aforo de actividades masivas y un refuerzo en los operativos de cobertura sanitaria.\",\"breadcrumb\":{\"@id\":\"http:\/\/elregionalvm.com.ar\/noticias-villa-maria\/verano-2022-cuales-son-las-nuevas-medidas-sanitarias-hasta-el-19-de-enero\/#breadcrumb\"},\"inLanguage\":\"es\",\"potentialAction\":[{\"@type\":\"ReadAction\",\"target\":[\"http:\/\/elregionalvm.com.ar\/noticias-villa-maria\/verano-2022-cuales-son-las-nuevas-medidas-sanitarias-hasta-el-19-de-enero\/\"]}]},{\"@type\":\"ImageObject\",\"inLanguage\":\"es\",\"@id\":\"http:\/\/elregionalvm.com.ar\/noticias-villa-maria\/verano-2022-cuales-son-las-nuevas-medidas-sanitarias-hasta-el-19-de-enero\/#primaryimage\",\"url\":\"https:\/\/i0.wp.com\/elregionalvm.com.ar\/noticias-villa-maria\/wp-content\/uploads\/2022\/01\/Testeos-vertical.jpeg?fit=537%2C844&ssl=1\",\"contentUrl\":\"https:\/\/i0.wp.com\/elregionalvm.com.ar\/noticias-villa-maria\/wp-content\/uploads\/2022\/01\/Testeos-vertical.jpeg?fit=537%2C844&ssl=1\",\"width\":537,\"height\":844},{\"@type\":\"BreadcrumbList\",\"@id\":\"http:\/\/elregionalvm.com.ar\/noticias-villa-maria\/verano-2022-cuales-son-las-nuevas-medidas-sanitarias-hasta-el-19-de-enero\/#breadcrumb\",\"itemListElement\":[{\"@type\":\"ListItem\",\"position\":1,\"name\":\"Portada\",\"item\":\"https:\/\/elregionalvm.com.ar\/noticias-villa-maria\/\"},{\"@type\":\"ListItem\",\"position\":2,\"name\":\"[Verano 2022] Cu\u00e1les son las nuevas medidas sanitarias hasta el 19 de enero\"}]},{\"@type\":\"WebSite\",\"@id\":\"http:\/\/elregionalvm.com.ar\/noticias-villa-maria\/#website\",\"url\":\"http:\/\/elregionalvm.com.ar\/noticias-villa-maria\/\",\"name\":\"El Regional\",\"description\":\"Mucho m\u00e1s que informaci\u00f3n\",\"potentialAction\":[{\"@type\":\"SearchAction\",\"target\":{\"@type\":\"EntryPoint\",\"urlTemplate\":\"http:\/\/elregionalvm.com.ar\/noticias-villa-maria\/?s={search_term_string}\"},\"query-input\":{\"@type\":\"PropertyValueSpecification\",\"valueRequired\":true,\"valueName\":\"search_term_string\"}}],\"inLanguage\":\"es\"},{\"@type\":\"Person\",\"@id\":\"http:\/\/elregionalvm.com.ar\/noticias-villa-maria\/#\/schema\/person\/a0fb9c422317faca23d50163151bc354\",\"name\":\"Contenidos El Regional\",\"image\":{\"@type\":\"ImageObject\",\"inLanguage\":\"es\",\"@id\":\"http:\/\/elregionalvm.com.ar\/noticias-villa-maria\/#\/schema\/person\/image\/\",\"url\":\"https:\/\/secure.gravatar.com\/avatar\/265b27cb2209af7bb3a1318f03305787d7981a5cc6e6cd08fe5a4ecdf99d4b48?s=96&d=mm&r=g\",\"contentUrl\":\"https:\/\/secure.gravatar.com\/avatar\/265b27cb2209af7bb3a1318f03305787d7981a5cc6e6cd08fe5a4ecdf99d4b48?s=96&d=mm&r=g\",\"caption\":\"Contenidos El Regional\"},\"url\":\"https:\/\/elregionalvm.com.ar\/noticias-villa-maria\/author\/contenido\/\"}]}<\/script>\n<!-- \/ Yoast SEO plugin. -->","yoast_head_json":{"title":"[Verano 2022] Cu\u00e1les son las nuevas medidas sanitarias hasta el 19 de enero - El Regional","description":"Habr\u00e1 algunas flexibilizaciones en el aforo de actividades masivas y un refuerzo en los operativos de cobertura sanitaria.","robots":{"index":"index","follow":"follow","max-snippet":"max-snippet:-1","max-image-preview":"max-image-preview:large","max-video-preview":"max-video-preview:-1"},"canonical":"http:\/\/elregionalvm.com.ar\/noticias-villa-maria\/verano-2022-cuales-son-las-nuevas-medidas-sanitarias-hasta-el-19-de-enero\/","og_locale":"es_ES","og_type":"article","og_title":"[Verano 2022] Cu\u00e1les son las nuevas medidas sanitarias hasta el 19 de enero - El Regional","og_description":"Habr\u00e1 algunas flexibilizaciones en el aforo de actividades masivas y un refuerzo en los operativos de cobertura sanitaria.","og_url":"http:\/\/elregionalvm.com.ar\/noticias-villa-maria\/verano-2022-cuales-son-las-nuevas-medidas-sanitarias-hasta-el-19-de-enero\/","og_site_name":"El Regional","article_publisher":"https:\/\/www.facebook.com\/elregionalvm","article_published_time":"2022-01-03T16:57:52+00:00","article_modified_time":"2022-01-04T02:38:58+00:00","og_image":[{"width":537,"height":844,"url":"http:\/\/elregionalvm.com.ar\/noticias-villa-maria\/wp-content\/uploads\/2022\/01\/Testeos-vertical.jpeg","type":"image\/jpeg"}],"author":"Contenidos El Regional","twitter_card":"summary_large_image","twitter_creator":"@elregionalvm1","twitter_site":"@elregionalvm1","twitter_misc":{"Escrito por":"Contenidos El Regional","Tiempo de lectura":"4 minutos"},"schema":{"@context":"https:\/\/schema.org","@graph":[{"@type":"Article","@id":"http:\/\/elregionalvm.com.ar\/noticias-villa-maria\/verano-2022-cuales-son-las-nuevas-medidas-sanitarias-hasta-el-19-de-enero\/#article","isPartOf":{"@id":"http:\/\/elregionalvm.com.ar\/noticias-villa-maria\/verano-2022-cuales-son-las-nuevas-medidas-sanitarias-hasta-el-19-de-enero\/"},"author":{"name":"Contenidos El Regional","@id":"http:\/\/elregionalvm.com.ar\/noticias-villa-maria\/#\/schema\/person\/a0fb9c422317faca23d50163151bc354"},"headline":"[Verano 2022] Cu\u00e1les son las nuevas medidas sanitarias hasta el 19 de enero","datePublished":"2022-01-03T16:57:52+00:00","dateModified":"2022-01-04T02:38:58+00:00","mainEntityOfPage":{"@id":"http:\/\/elregionalvm.com.ar\/noticias-villa-maria\/verano-2022-cuales-son-las-nuevas-medidas-sanitarias-hasta-el-19-de-enero\/"},"wordCount":652,"commentCount":0,"image":{"@id":"http:\/\/elregionalvm.com.ar\/noticias-villa-maria\/verano-2022-cuales-son-las-nuevas-medidas-sanitarias-hasta-el-19-de-enero\/#primaryimage"},"thumbnailUrl":"https:\/\/i0.wp.com\/elregionalvm.com.ar\/noticias-villa-maria\/wp-content\/uploads\/2022\/01\/Testeos-vertical.jpeg?fit=537%2C844&ssl=1","keywords":["aforo","destacado","festivales","Gobierno de C\u00f3rdoba","Hisopados","Medidas sanitarias","Municipalidad de Villa Mar\u00eda","Testeos masivos"],"articleSection":["Coronavirus","Villa Mar\u00eda"],"inLanguage":"es","potentialAction":[{"@type":"CommentAction","name":"Comment","target":["http:\/\/elregionalvm.com.ar\/noticias-villa-maria\/verano-2022-cuales-son-las-nuevas-medidas-sanitarias-hasta-el-19-de-enero\/#respond"]}]},{"@type":"WebPage","@id":"http:\/\/elregionalvm.com.ar\/noticias-villa-maria\/verano-2022-cuales-son-las-nuevas-medidas-sanitarias-hasta-el-19-de-enero\/","url":"http:\/\/elregionalvm.com.ar\/noticias-villa-maria\/verano-2022-cuales-son-las-nuevas-medidas-sanitarias-hasta-el-19-de-enero\/","name":"[Verano 2022] Cu\u00e1les son las nuevas medidas sanitarias hasta el 19 de enero - El Regional","isPartOf":{"@id":"http:\/\/elregionalvm.com.ar\/noticias-villa-maria\/#website"},"primaryImageOfPage":{"@id":"http:\/\/elregionalvm.com.ar\/noticias-villa-maria\/verano-2022-cuales-son-las-nuevas-medidas-sanitarias-hasta-el-19-de-enero\/#primaryimage"},"image":{"@id":"http:\/\/elregionalvm.com.ar\/noticias-villa-maria\/verano-2022-cuales-son-las-nuevas-medidas-sanitarias-hasta-el-19-de-enero\/#primaryimage"},"thumbnailUrl":"https:\/\/i0.wp.com\/elregionalvm.com.ar\/noticias-villa-maria\/wp-content\/uploads\/2022\/01\/Testeos-vertical.jpeg?fit=537%2C844&ssl=1","datePublished":"2022-01-03T16:57:52+00:00","dateModified":"2022-01-04T02:38:58+00:00","author":{"@id":"http:\/\/elregionalvm.com.ar\/noticias-villa-maria\/#\/schema\/person\/a0fb9c422317faca23d50163151bc354"},"description":"Habr\u00e1 algunas flexibilizaciones en el aforo de actividades masivas y un refuerzo en los operativos de cobertura sanitaria.","breadcrumb":{"@id":"http:\/\/elregionalvm.com.ar\/noticias-villa-maria\/verano-2022-cuales-son-las-nuevas-medidas-sanitarias-hasta-el-19-de-enero\/#breadcrumb"},"inLanguage":"es","potentialAction":[{"@type":"ReadAction","target":["http:\/\/elregionalvm.com.ar\/noticias-villa-maria\/verano-2022-cuales-son-las-nuevas-medidas-sanitarias-hasta-el-19-de-enero\/"]}]},{"@type":"ImageObject","inLanguage":"es","@id":"http:\/\/elregionalvm.com.ar\/noticias-villa-maria\/verano-2022-cuales-son-las-nuevas-medidas-sanitarias-hasta-el-19-de-enero\/#primaryimage","url":"https:\/\/i0.wp.com\/elregionalvm.com.ar\/noticias-villa-maria\/wp-content\/uploads\/2022\/01\/Testeos-vertical.jpeg?fit=537%2C844&ssl=1","contentUrl":"https:\/\/i0.wp.com\/elregionalvm.com.ar\/noticias-villa-maria\/wp-content\/uploads\/2022\/01\/Testeos-vertical.jpeg?fit=537%2C844&ssl=1","width":537,"height":844},{"@type":"BreadcrumbList","@id":"http:\/\/elregionalvm.com.ar\/noticias-villa-maria\/verano-2022-cuales-son-las-nuevas-medidas-sanitarias-hasta-el-19-de-enero\/#breadcrumb","itemListElement":[{"@type":"ListItem","position":1,"name":"Portada","item":"https:\/\/elregionalvm.com.ar\/noticias-villa-maria\/"},{"@type":"ListItem","position":2,"name":"[Verano 2022] Cu\u00e1les son las nuevas medidas sanitarias hasta el 19 de enero"}]},{"@type":"WebSite","@id":"http:\/\/elregionalvm.com.ar\/noticias-villa-maria\/#website","url":"http:\/\/elregionalvm.com.ar\/noticias-villa-maria\/","name":"El Regional","description":"Mucho m\u00e1s que informaci\u00f3n","potentialAction":[{"@type":"SearchAction","target":{"@type":"EntryPoint","urlTemplate":"http:\/\/elregionalvm.com.ar\/noticias-villa-maria\/?s={search_term_string}"},"query-input":{"@type":"PropertyValueSpecification","valueRequired":true,"valueName":"search_term_string"}}],"inLanguage":"es"},{"@type":"Person","@id":"http:\/\/elregionalvm.com.ar\/noticias-villa-maria\/#\/schema\/person\/a0fb9c422317faca23d50163151bc354","name":"Contenidos El Regional","image":{"@type":"ImageObject","inLanguage":"es","@id":"http:\/\/elregionalvm.com.ar\/noticias-villa-maria\/#\/schema\/person\/image\/","url":"https:\/\/secure.gravatar.com\/avatar\/265b27cb2209af7bb3a1318f03305787d7981a5cc6e6cd08fe5a4ecdf99d4b48?s=96&d=mm&r=g","contentUrl":"https:\/\/secure.gravatar.com\/avatar\/265b27cb2209af7bb3a1318f03305787d7981a5cc6e6cd08fe5a4ecdf99d4b48?s=96&d=mm&r=g","caption":"Contenidos El Regional"},"url":"https:\/\/elregionalvm.com.ar\/noticias-villa-maria\/author\/contenido\/"}]}},"jetpack_featured_media_url":"https:\/\/i0.wp.com\/elregionalvm.com.ar\/noticias-villa-maria\/wp-content\/uploads\/2022\/01\/Testeos-vertical.jpeg?fit=537%2C844&ssl=1","jetpack_sharing_enabled":true,"_links":{"self":[{"href":"https:\/\/elregionalvm.com.ar\/noticias-villa-maria\/wp-json\/wp\/v2\/posts\/50616","targetHints":{"allow":["GET"]}}],"collection":[{"href":"https:\/\/elregionalvm.com.ar\/noticias-villa-maria\/wp-json\/wp\/v2\/posts"}],"about":[{"href":"https:\/\/elregionalvm.com.ar\/noticias-villa-maria\/wp-json\/wp\/v2\/types\/post"}],"author":[{"embeddable":true,"href":"https:\/\/elregionalvm.com.ar\/noticias-villa-maria\/wp-json\/wp\/v2\/users\/4"}],"replies":[{"embeddable":true,"href":"https:\/\/elregionalvm.com.ar\/noticias-villa-maria\/wp-json\/wp\/v2\/comments?post=50616"}],"version-history":[{"count":3,"href":"https:\/\/elregionalvm.com.ar\/noticias-villa-maria\/wp-json\/wp\/v2\/posts\/50616\/revisions"}],"predecessor-version":[{"id":50622,"href":"https:\/\/elregionalvm.com.ar\/noticias-villa-maria\/wp-json\/wp\/v2\/posts\/50616\/revisions\/50622"}],"wp:featuredmedia":[{"embeddable":true,"href":"https:\/\/elregionalvm.com.ar\/noticias-villa-maria\/wp-json\/wp\/v2\/media\/50618"}],"wp:attachment":[{"href":"https:\/\/elregionalvm.com.ar\/noticias-villa-maria\/wp-json\/wp\/v2\/media?parent=50616"}],"wp:term":[{"taxonomy":"category","embeddable":true,"href":"https:\/\/elregionalvm.com.ar\/noticias-villa-maria\/wp-json\/wp\/v2\/categories?post=50616"},{"taxonomy":"post_tag","embeddable":true,"href":"https:\/\/elregionalvm.com.ar\/noticias-villa-maria\/wp-json\/wp\/v2\/tags?post=50616"}],"curies":[{"name":"wp","href":"https:\/\/api.w.org\/{rel}","templated":true}]}}