{"id":50637,"date":"2022-01-03T21:58:54","date_gmt":"2022-01-03T21:58:54","guid":{"rendered":"https:\/\/elregionalvm.com.ar\/noticias-villa-maria\/?p=50637"},"modified":"2022-01-03T22:04:48","modified_gmt":"2022-01-03T22:04:48","slug":"farmacias-y-laboratorios-para-testear-y-vacunar-en-villa-maria-y-villa-nueva","status":"publish","type":"post","link":"https:\/\/elregionalvm.com.ar\/noticias-villa-maria\/farmacias-y-laboratorios-para-testear-y-vacunar-en-villa-maria-y-villa-nueva\/","title":{"rendered":"Farmacias y laboratorios para testear y vacunar en Villa Mar\u00eda y Villa Nueva"},"content":{"rendered":"\n<p>Ante la suba de casos de coronavirus en la provincia de C\u00f3rdoba, el gobernador Juan Schiaretti y el ministro de Salud, Diego Cardozo, anunciaron una nueva estrategia de fortalecimiento sanitario para la temporada tur\u00edstica de verano.<\/p>\n\n\n\n<p>El objetivo es brindar seguridad y protecci\u00f3n a todos los ciudadanos cordobeses y a los turistas que hayan elegido a C\u00f3rdoba como destino de vacaciones.<\/p>\n\n\n\n<p>Para ello, habilitaron testeos en laboratorios privados, como as\u00ed tambi\u00e9n una red de farmacias donde se podr\u00e1n realizar hisopados y al mismo tiempo vacunarse contra el Covid-19. Funcionar\u00e1n en horarios extendido, algunos las 24 horas y ser\u00e1 gratuito.<\/p>\n\n\n\n<p>En total, son 120 laboratorios (32 en Capital y 88 en el interior). Podr\u00e1n acercarse personas que se identifiquen como contactos estrechos de casos confirmados y no presenten s\u00edntomas (tanto al momento de su identificaci\u00f3n como para su alta laboral).<\/p>\n\n\n\n<p>Los laboratorios locales que figuran en el listado son:<\/p>\n\n\n\n<figure class=\"wp-block-image size-large is-resized\"><img data-recalc-dims=\"1\" decoding=\"async\" src=\"https:\/\/i0.wp.com\/elregionalvm.com.ar\/noticias-villa-maria\/wp-content\/uploads\/2022\/01\/laboratorios.png?resize=669%2C46&#038;ssl=1\" alt=\"\" class=\"wp-image-50639\" width=\"669\" height=\"46\" srcset=\"https:\/\/i0.wp.com\/elregionalvm.com.ar\/noticias-villa-maria\/wp-content\/uploads\/2022\/01\/laboratorios.png?resize=1024%2C71&amp;ssl=1 1024w, https:\/\/i0.wp.com\/elregionalvm.com.ar\/noticias-villa-maria\/wp-content\/uploads\/2022\/01\/laboratorios.png?resize=300%2C21&amp;ssl=1 300w, https:\/\/i0.wp.com\/elregionalvm.com.ar\/noticias-villa-maria\/wp-content\/uploads\/2022\/01\/laboratorios.png?resize=768%2C53&amp;ssl=1 768w, https:\/\/i0.wp.com\/elregionalvm.com.ar\/noticias-villa-maria\/wp-content\/uploads\/2022\/01\/laboratorios.png?w=1056&amp;ssl=1 1056w\" sizes=\"(max-width: 669px) 100vw, 669px\" \/><\/figure>\n\n\n\n<p>Con respecto a las farmacias, son 53 en total (21 en Capital y 32 en el interior). Desde Salud informaron que podr\u00e1n vacunarse quienes necesiten iniciar o completar el esquema y se realizar\u00e1n testeos con prueba de ant\u00edgeno. Alcanza a cordobeses como residentes de otras provincias.<\/p>\n\n\n\n<p>Adem\u00e1s, la Provincia ampli\u00f3 los centros fijos de testeos y de vacunaci\u00f3n en 13 distritos: Cura Brochero, Mina Clavero, Carlos Paz, La Falda, Unquillo, Colonia Caroya, Jes\u00fas Mar\u00eda, Miramar de Ansenuza, San Francisco, Alta Gracia, Villa Mar\u00eda, R\u00edo Cuarto y Santa Rosa de Calamuchita.<\/p>\n\n\n\n<p>En la red de farmacias habilitadas en la Provincia, se encuentran las siguientes para Villa Mar\u00eda y Villa Nueva:<\/p>\n\n\n\n<figure class=\"wp-block-image size-full\"><img data-recalc-dims=\"1\" decoding=\"async\" width=\"748\" height=\"63\" src=\"https:\/\/i0.wp.com\/elregionalvm.com.ar\/noticias-villa-maria\/wp-content\/uploads\/2022\/01\/red-de-farmacias.png?resize=748%2C63&#038;ssl=1\" alt=\"\" class=\"wp-image-50638\" srcset=\"https:\/\/i0.wp.com\/elregionalvm.com.ar\/noticias-villa-maria\/wp-content\/uploads\/2022\/01\/red-de-farmacias.png?w=748&amp;ssl=1 748w, https:\/\/i0.wp.com\/elregionalvm.com.ar\/noticias-villa-maria\/wp-content\/uploads\/2022\/01\/red-de-farmacias.png?resize=300%2C25&amp;ssl=1 300w\" sizes=\"(max-width: 748px) 100vw, 748px\" \/><\/figure>\n","protected":false},"excerpt":{"rendered":"<p>Ante la suba de casos de coronavirus en la provincia de C\u00f3rdoba, el gobernador Juan Schiaretti y el ministro de Salud, Diego Cardozo, anunciaron una nueva estrategia de fortalecimiento sanitario para la temporada tur\u00edstica de verano. El objetivo es brindar seguridad y protecci\u00f3n a todos los ciudadanos cordobeses y a los turistas que hayan elegido [&hellip;]<\/p>\n","protected":false},"author":4,"featured_media":50640,"comment_status":"open","ping_status":"open","sticky":false,"template":"","format":"standard","meta":{"site-sidebar-layout":"default","site-content-layout":"default","ast-site-content-layout":"default","site-content-style":"default","site-sidebar-style":"default","ast-global-header-display":"","ast-banner-title-visibility":"","ast-main-header-display":"","ast-hfb-above-header-display":"","ast-hfb-below-header-display":"","ast-hfb-mobile-header-display":"","site-post-title":"","ast-breadcrumbs-content":"","ast-featured-img":"","footer-sml-layout":"","ast-disable-related-posts":"","theme-transparent-header-meta":"default","adv-header-id-meta":"","stick-header-meta":"","header-above-stick-meta":"","header-main-stick-meta":"","header-below-stick-meta":"","astra-migrate-meta-layouts":"default","ast-page-background-enabled":"default","ast-page-background-meta":{"desktop":{"background-color":"","background-image":"","background-repeat":"repeat","background-position":"center center","background-size":"auto","background-attachment":"scroll","background-type":"","background-media":"","overlay-type":"","overlay-color":"","overlay-opacity":"","overlay-gradient":""},"tablet":{"background-color":"","background-image":"","background-repeat":"repeat","background-position":"center center","background-size":"auto","background-attachment":"scroll","background-type":"","background-media":"","overlay-type":"","overlay-color":"","overlay-opacity":"","overlay-gradient":""},"mobile":{"background-color":"","background-image":"","background-repeat":"repeat","background-position":"center center","background-size":"auto","background-attachment":"scroll","background-type":"","background-media":"","overlay-type":"","overlay-color":"","overlay-opacity":"","overlay-gradient":""}},"ast-content-background-meta":{"desktop":{"background-color":"var(--ast-global-color-5)","background-image":"","background-repeat":"repeat","background-position":"center center","background-size":"auto","background-attachment":"scroll","background-type":"","background-media":"","overlay-type":"","overlay-color":"","overlay-opacity":"","overlay-gradient":""},"tablet":{"background-color":"var(--ast-global-color-5)","background-image":"","background-repeat":"repeat","background-position":"center center","background-size":"auto","background-attachment":"scroll","background-type":"","background-media":"","overlay-type":"","overlay-color":"","overlay-opacity":"","overlay-gradient":""},"mobile":{"background-color":"var(--ast-global-color-5)","background-image":"","background-repeat":"repeat","background-position":"center center","background-size":"auto","background-attachment":"scroll","background-type":"","background-media":"","overlay-type":"","overlay-color":"","overlay-opacity":"","overlay-gradient":""}},"_jetpack_memberships_contains_paid_content":false,"_joinchat":[],"footnotes":""},"categories":[2256,2,1408],"tags":[1232,8559,2390,13067,7824,4161,2318,2248,232],"class_list":["post-50637","post","type-post","status-publish","format-standard","has-post-thumbnail","hentry","category-coronavirus","category-villa-maria","category-villa-nueva","tag-destacado","tag-detacado","tag-farmacias","tag-laboratorios","tag-ministerio-de-salud-de-la-provincia","tag-testeos","tag-vacunacion","tag-villa-maria-2","tag-villa-nueva"],"yoast_head":"<!-- This site is optimized with the Yoast SEO plugin v26.8 - https:\/\/yoast.com\/product\/yoast-seo-wordpress\/ -->\n<title>Farmacias y laboratorios para testear y vacunar en Villa Mar\u00eda y Villa Nueva - El Regional<\/title>\n<meta name=\"robots\" content=\"index, follow, max-snippet:-1, max-image-preview:large, max-video-preview:-1\" \/>\n<link rel=\"canonical\" href=\"http:\/\/elregionalvm.com.ar\/noticias-villa-maria\/farmacias-y-laboratorios-para-testear-y-vacunar-en-villa-maria-y-villa-nueva\/\" \/>\n<meta property=\"og:locale\" content=\"es_ES\" \/>\n<meta property=\"og:type\" content=\"article\" \/>\n<meta property=\"og:title\" content=\"Farmacias y laboratorios para testear y vacunar en Villa Mar\u00eda y Villa Nueva - El Regional\" \/>\n<meta property=\"og:description\" content=\"Ante la suba de casos de coronavirus en la provincia de C\u00f3rdoba, el gobernador Juan Schiaretti y el ministro de Salud, Diego Cardozo, anunciaron una nueva estrategia de fortalecimiento sanitario para la temporada tur\u00edstica de verano. El objetivo es brindar seguridad y protecci\u00f3n a todos los ciudadanos cordobeses y a los turistas que hayan elegido [&hellip;]\" \/>\n<meta property=\"og:url\" content=\"http:\/\/elregionalvm.com.ar\/noticias-villa-maria\/farmacias-y-laboratorios-para-testear-y-vacunar-en-villa-maria-y-villa-nueva\/\" \/>\n<meta property=\"og:site_name\" content=\"El Regional\" \/>\n<meta property=\"article:publisher\" content=\"https:\/\/www.facebook.com\/elregionalvm\" \/>\n<meta property=\"article:published_time\" content=\"2022-01-03T21:58:54+00:00\" \/>\n<meta property=\"article:modified_time\" content=\"2022-01-03T22:04:48+00:00\" \/>\n<meta property=\"og:image\" content=\"http:\/\/elregionalvm.com.ar\/noticias-villa-maria\/wp-content\/uploads\/2022\/01\/salud-provincia-scaled.jpg\" \/>\n\t<meta property=\"og:image:width\" content=\"2560\" \/>\n\t<meta property=\"og:image:height\" content=\"1706\" \/>\n\t<meta property=\"og:image:type\" content=\"image\/jpeg\" \/>\n<meta name=\"author\" content=\"Contenidos El Regional\" \/>\n<meta name=\"twitter:card\" content=\"summary_large_image\" \/>\n<meta name=\"twitter:creator\" content=\"@elregionalvm1\" \/>\n<meta name=\"twitter:site\" content=\"@elregionalvm1\" \/>\n<meta name=\"twitter:label1\" content=\"Escrito por\" \/>\n\t<meta name=\"twitter:data1\" content=\"Contenidos El Regional\" \/>\n\t<meta name=\"twitter:label2\" content=\"Tiempo de lectura\" \/>\n\t<meta name=\"twitter:data2\" content=\"2 minutos\" \/>\n<script type=\"application\/ld+json\" class=\"yoast-schema-graph\">{\"@context\":\"https:\/\/schema.org\",\"@graph\":[{\"@type\":\"Article\",\"@id\":\"http:\/\/elregionalvm.com.ar\/noticias-villa-maria\/farmacias-y-laboratorios-para-testear-y-vacunar-en-villa-maria-y-villa-nueva\/#article\",\"isPartOf\":{\"@id\":\"http:\/\/elregionalvm.com.ar\/noticias-villa-maria\/farmacias-y-laboratorios-para-testear-y-vacunar-en-villa-maria-y-villa-nueva\/\"},\"author\":{\"name\":\"Contenidos El Regional\",\"@id\":\"http:\/\/elregionalvm.com.ar\/noticias-villa-maria\/#\/schema\/person\/a0fb9c422317faca23d50163151bc354\"},\"headline\":\"Farmacias y laboratorios para testear y vacunar en Villa Mar\u00eda y Villa Nueva\",\"datePublished\":\"2022-01-03T21:58:54+00:00\",\"dateModified\":\"2022-01-03T22:04:48+00:00\",\"mainEntityOfPage\":{\"@id\":\"http:\/\/elregionalvm.com.ar\/noticias-villa-maria\/farmacias-y-laboratorios-para-testear-y-vacunar-en-villa-maria-y-villa-nueva\/\"},\"wordCount\":283,\"commentCount\":0,\"image\":{\"@id\":\"http:\/\/elregionalvm.com.ar\/noticias-villa-maria\/farmacias-y-laboratorios-para-testear-y-vacunar-en-villa-maria-y-villa-nueva\/#primaryimage\"},\"thumbnailUrl\":\"https:\/\/i0.wp.com\/elregionalvm.com.ar\/noticias-villa-maria\/wp-content\/uploads\/2022\/01\/salud-provincia-scaled.jpg?fit=2560%2C1706&ssl=1\",\"keywords\":[\"destacado\",\"detacado\",\"farmacias\",\"laboratorios\",\"Ministerio de Salud de la Provincia\",\"testeos\",\"Vacunaci\u00f3n\",\"Villa Mar\u00eda\",\"VILLA NUEVA\"],\"articleSection\":[\"Coronavirus\",\"Villa Mar\u00eda\",\"Villa Nueva\"],\"inLanguage\":\"es\",\"potentialAction\":[{\"@type\":\"CommentAction\",\"name\":\"Comment\",\"target\":[\"http:\/\/elregionalvm.com.ar\/noticias-villa-maria\/farmacias-y-laboratorios-para-testear-y-vacunar-en-villa-maria-y-villa-nueva\/#respond\"]}]},{\"@type\":\"WebPage\",\"@id\":\"http:\/\/elregionalvm.com.ar\/noticias-villa-maria\/farmacias-y-laboratorios-para-testear-y-vacunar-en-villa-maria-y-villa-nueva\/\",\"url\":\"http:\/\/elregionalvm.com.ar\/noticias-villa-maria\/farmacias-y-laboratorios-para-testear-y-vacunar-en-villa-maria-y-villa-nueva\/\",\"name\":\"Farmacias y laboratorios para testear y vacunar en Villa Mar\u00eda y Villa Nueva - El Regional\",\"isPartOf\":{\"@id\":\"http:\/\/elregionalvm.com.ar\/noticias-villa-maria\/#website\"},\"primaryImageOfPage\":{\"@id\":\"http:\/\/elregionalvm.com.ar\/noticias-villa-maria\/farmacias-y-laboratorios-para-testear-y-vacunar-en-villa-maria-y-villa-nueva\/#primaryimage\"},\"image\":{\"@id\":\"http:\/\/elregionalvm.com.ar\/noticias-villa-maria\/farmacias-y-laboratorios-para-testear-y-vacunar-en-villa-maria-y-villa-nueva\/#primaryimage\"},\"thumbnailUrl\":\"https:\/\/i0.wp.com\/elregionalvm.com.ar\/noticias-villa-maria\/wp-content\/uploads\/2022\/01\/salud-provincia-scaled.jpg?fit=2560%2C1706&ssl=1\",\"datePublished\":\"2022-01-03T21:58:54+00:00\",\"dateModified\":\"2022-01-03T22:04:48+00:00\",\"author\":{\"@id\":\"http:\/\/elregionalvm.com.ar\/noticias-villa-maria\/#\/schema\/person\/a0fb9c422317faca23d50163151bc354\"},\"breadcrumb\":{\"@id\":\"http:\/\/elregionalvm.com.ar\/noticias-villa-maria\/farmacias-y-laboratorios-para-testear-y-vacunar-en-villa-maria-y-villa-nueva\/#breadcrumb\"},\"inLanguage\":\"es\",\"potentialAction\":[{\"@type\":\"ReadAction\",\"target\":[\"http:\/\/elregionalvm.com.ar\/noticias-villa-maria\/farmacias-y-laboratorios-para-testear-y-vacunar-en-villa-maria-y-villa-nueva\/\"]}]},{\"@type\":\"ImageObject\",\"inLanguage\":\"es\",\"@id\":\"http:\/\/elregionalvm.com.ar\/noticias-villa-maria\/farmacias-y-laboratorios-para-testear-y-vacunar-en-villa-maria-y-villa-nueva\/#primaryimage\",\"url\":\"https:\/\/i0.wp.com\/elregionalvm.com.ar\/noticias-villa-maria\/wp-content\/uploads\/2022\/01\/salud-provincia-scaled.jpg?fit=2560%2C1706&ssl=1\",\"contentUrl\":\"https:\/\/i0.wp.com\/elregionalvm.com.ar\/noticias-villa-maria\/wp-content\/uploads\/2022\/01\/salud-provincia-scaled.jpg?fit=2560%2C1706&ssl=1\",\"width\":2560,\"height\":1706},{\"@type\":\"BreadcrumbList\",\"@id\":\"http:\/\/elregionalvm.com.ar\/noticias-villa-maria\/farmacias-y-laboratorios-para-testear-y-vacunar-en-villa-maria-y-villa-nueva\/#breadcrumb\",\"itemListElement\":[{\"@type\":\"ListItem\",\"position\":1,\"name\":\"Portada\",\"item\":\"https:\/\/elregionalvm.com.ar\/noticias-villa-maria\/\"},{\"@type\":\"ListItem\",\"position\":2,\"name\":\"Farmacias y laboratorios para testear y vacunar en Villa Mar\u00eda y Villa Nueva\"}]},{\"@type\":\"WebSite\",\"@id\":\"http:\/\/elregionalvm.com.ar\/noticias-villa-maria\/#website\",\"url\":\"http:\/\/elregionalvm.com.ar\/noticias-villa-maria\/\",\"name\":\"El Regional\",\"description\":\"Mucho m\u00e1s que informaci\u00f3n\",\"potentialAction\":[{\"@type\":\"SearchAction\",\"target\":{\"@type\":\"EntryPoint\",\"urlTemplate\":\"http:\/\/elregionalvm.com.ar\/noticias-villa-maria\/?s={search_term_string}\"},\"query-input\":{\"@type\":\"PropertyValueSpecification\",\"valueRequired\":true,\"valueName\":\"search_term_string\"}}],\"inLanguage\":\"es\"},{\"@type\":\"Person\",\"@id\":\"http:\/\/elregionalvm.com.ar\/noticias-villa-maria\/#\/schema\/person\/a0fb9c422317faca23d50163151bc354\",\"name\":\"Contenidos El Regional\",\"image\":{\"@type\":\"ImageObject\",\"inLanguage\":\"es\",\"@id\":\"http:\/\/elregionalvm.com.ar\/noticias-villa-maria\/#\/schema\/person\/image\/\",\"url\":\"https:\/\/secure.gravatar.com\/avatar\/265b27cb2209af7bb3a1318f03305787d7981a5cc6e6cd08fe5a4ecdf99d4b48?s=96&d=mm&r=g\",\"contentUrl\":\"https:\/\/secure.gravatar.com\/avatar\/265b27cb2209af7bb3a1318f03305787d7981a5cc6e6cd08fe5a4ecdf99d4b48?s=96&d=mm&r=g\",\"caption\":\"Contenidos El Regional\"},\"url\":\"https:\/\/elregionalvm.com.ar\/noticias-villa-maria\/author\/contenido\/\"}]}<\/script>\n<!-- \/ Yoast SEO plugin. -->","yoast_head_json":{"title":"Farmacias y laboratorios para testear y vacunar en Villa Mar\u00eda y Villa Nueva - El Regional","robots":{"index":"index","follow":"follow","max-snippet":"max-snippet:-1","max-image-preview":"max-image-preview:large","max-video-preview":"max-video-preview:-1"},"canonical":"http:\/\/elregionalvm.com.ar\/noticias-villa-maria\/farmacias-y-laboratorios-para-testear-y-vacunar-en-villa-maria-y-villa-nueva\/","og_locale":"es_ES","og_type":"article","og_title":"Farmacias y laboratorios para testear y vacunar en Villa Mar\u00eda y Villa Nueva - El Regional","og_description":"Ante la suba de casos de coronavirus en la provincia de C\u00f3rdoba, el gobernador Juan Schiaretti y el ministro de Salud, Diego Cardozo, anunciaron una nueva estrategia de fortalecimiento sanitario para la temporada tur\u00edstica de verano. El objetivo es brindar seguridad y protecci\u00f3n a todos los ciudadanos cordobeses y a los turistas que hayan elegido [&hellip;]","og_url":"http:\/\/elregionalvm.com.ar\/noticias-villa-maria\/farmacias-y-laboratorios-para-testear-y-vacunar-en-villa-maria-y-villa-nueva\/","og_site_name":"El Regional","article_publisher":"https:\/\/www.facebook.com\/elregionalvm","article_published_time":"2022-01-03T21:58:54+00:00","article_modified_time":"2022-01-03T22:04:48+00:00","og_image":[{"width":2560,"height":1706,"url":"http:\/\/elregionalvm.com.ar\/noticias-villa-maria\/wp-content\/uploads\/2022\/01\/salud-provincia-scaled.jpg","type":"image\/jpeg"}],"author":"Contenidos El Regional","twitter_card":"summary_large_image","twitter_creator":"@elregionalvm1","twitter_site":"@elregionalvm1","twitter_misc":{"Escrito por":"Contenidos El Regional","Tiempo de lectura":"2 minutos"},"schema":{"@context":"https:\/\/schema.org","@graph":[{"@type":"Article","@id":"http:\/\/elregionalvm.com.ar\/noticias-villa-maria\/farmacias-y-laboratorios-para-testear-y-vacunar-en-villa-maria-y-villa-nueva\/#article","isPartOf":{"@id":"http:\/\/elregionalvm.com.ar\/noticias-villa-maria\/farmacias-y-laboratorios-para-testear-y-vacunar-en-villa-maria-y-villa-nueva\/"},"author":{"name":"Contenidos El Regional","@id":"http:\/\/elregionalvm.com.ar\/noticias-villa-maria\/#\/schema\/person\/a0fb9c422317faca23d50163151bc354"},"headline":"Farmacias y laboratorios para testear y vacunar en Villa Mar\u00eda y Villa Nueva","datePublished":"2022-01-03T21:58:54+00:00","dateModified":"2022-01-03T22:04:48+00:00","mainEntityOfPage":{"@id":"http:\/\/elregionalvm.com.ar\/noticias-villa-maria\/farmacias-y-laboratorios-para-testear-y-vacunar-en-villa-maria-y-villa-nueva\/"},"wordCount":283,"commentCount":0,"image":{"@id":"http:\/\/elregionalvm.com.ar\/noticias-villa-maria\/farmacias-y-laboratorios-para-testear-y-vacunar-en-villa-maria-y-villa-nueva\/#primaryimage"},"thumbnailUrl":"https:\/\/i0.wp.com\/elregionalvm.com.ar\/noticias-villa-maria\/wp-content\/uploads\/2022\/01\/salud-provincia-scaled.jpg?fit=2560%2C1706&ssl=1","keywords":["destacado","detacado","farmacias","laboratorios","Ministerio de Salud de la Provincia","testeos","Vacunaci\u00f3n","Villa Mar\u00eda","VILLA NUEVA"],"articleSection":["Coronavirus","Villa Mar\u00eda","Villa Nueva"],"inLanguage":"es","potentialAction":[{"@type":"CommentAction","name":"Comment","target":["http:\/\/elregionalvm.com.ar\/noticias-villa-maria\/farmacias-y-laboratorios-para-testear-y-vacunar-en-villa-maria-y-villa-nueva\/#respond"]}]},{"@type":"WebPage","@id":"http:\/\/elregionalvm.com.ar\/noticias-villa-maria\/farmacias-y-laboratorios-para-testear-y-vacunar-en-villa-maria-y-villa-nueva\/","url":"http:\/\/elregionalvm.com.ar\/noticias-villa-maria\/farmacias-y-laboratorios-para-testear-y-vacunar-en-villa-maria-y-villa-nueva\/","name":"Farmacias y laboratorios para testear y vacunar en Villa Mar\u00eda y Villa Nueva - El Regional","isPartOf":{"@id":"http:\/\/elregionalvm.com.ar\/noticias-villa-maria\/#website"},"primaryImageOfPage":{"@id":"http:\/\/elregionalvm.com.ar\/noticias-villa-maria\/farmacias-y-laboratorios-para-testear-y-vacunar-en-villa-maria-y-villa-nueva\/#primaryimage"},"image":{"@id":"http:\/\/elregionalvm.com.ar\/noticias-villa-maria\/farmacias-y-laboratorios-para-testear-y-vacunar-en-villa-maria-y-villa-nueva\/#primaryimage"},"thumbnailUrl":"https:\/\/i0.wp.com\/elregionalvm.com.ar\/noticias-villa-maria\/wp-content\/uploads\/2022\/01\/salud-provincia-scaled.jpg?fit=2560%2C1706&ssl=1","datePublished":"2022-01-03T21:58:54+00:00","dateModified":"2022-01-03T22:04:48+00:00","author":{"@id":"http:\/\/elregionalvm.com.ar\/noticias-villa-maria\/#\/schema\/person\/a0fb9c422317faca23d50163151bc354"},"breadcrumb":{"@id":"http:\/\/elregionalvm.com.ar\/noticias-villa-maria\/farmacias-y-laboratorios-para-testear-y-vacunar-en-villa-maria-y-villa-nueva\/#breadcrumb"},"inLanguage":"es","potentialAction":[{"@type":"ReadAction","target":["http:\/\/elregionalvm.com.ar\/noticias-villa-maria\/farmacias-y-laboratorios-para-testear-y-vacunar-en-villa-maria-y-villa-nueva\/"]}]},{"@type":"ImageObject","inLanguage":"es","@id":"http:\/\/elregionalvm.com.ar\/noticias-villa-maria\/farmacias-y-laboratorios-para-testear-y-vacunar-en-villa-maria-y-villa-nueva\/#primaryimage","url":"https:\/\/i0.wp.com\/elregionalvm.com.ar\/noticias-villa-maria\/wp-content\/uploads\/2022\/01\/salud-provincia-scaled.jpg?fit=2560%2C1706&ssl=1","contentUrl":"https:\/\/i0.wp.com\/elregionalvm.com.ar\/noticias-villa-maria\/wp-content\/uploads\/2022\/01\/salud-provincia-scaled.jpg?fit=2560%2C1706&ssl=1","width":2560,"height":1706},{"@type":"BreadcrumbList","@id":"http:\/\/elregionalvm.com.ar\/noticias-villa-maria\/farmacias-y-laboratorios-para-testear-y-vacunar-en-villa-maria-y-villa-nueva\/#breadcrumb","itemListElement":[{"@type":"ListItem","position":1,"name":"Portada","item":"https:\/\/elregionalvm.com.ar\/noticias-villa-maria\/"},{"@type":"ListItem","position":2,"name":"Farmacias y laboratorios para testear y vacunar en Villa Mar\u00eda y Villa Nueva"}]},{"@type":"WebSite","@id":"http:\/\/elregionalvm.com.ar\/noticias-villa-maria\/#website","url":"http:\/\/elregionalvm.com.ar\/noticias-villa-maria\/","name":"El Regional","description":"Mucho m\u00e1s que informaci\u00f3n","potentialAction":[{"@type":"SearchAction","target":{"@type":"EntryPoint","urlTemplate":"http:\/\/elregionalvm.com.ar\/noticias-villa-maria\/?s={search_term_string}"},"query-input":{"@type":"PropertyValueSpecification","valueRequired":true,"valueName":"search_term_string"}}],"inLanguage":"es"},{"@type":"Person","@id":"http:\/\/elregionalvm.com.ar\/noticias-villa-maria\/#\/schema\/person\/a0fb9c422317faca23d50163151bc354","name":"Contenidos El Regional","image":{"@type":"ImageObject","inLanguage":"es","@id":"http:\/\/elregionalvm.com.ar\/noticias-villa-maria\/#\/schema\/person\/image\/","url":"https:\/\/secure.gravatar.com\/avatar\/265b27cb2209af7bb3a1318f03305787d7981a5cc6e6cd08fe5a4ecdf99d4b48?s=96&d=mm&r=g","contentUrl":"https:\/\/secure.gravatar.com\/avatar\/265b27cb2209af7bb3a1318f03305787d7981a5cc6e6cd08fe5a4ecdf99d4b48?s=96&d=mm&r=g","caption":"Contenidos El Regional"},"url":"https:\/\/elregionalvm.com.ar\/noticias-villa-maria\/author\/contenido\/"}]}},"jetpack_featured_media_url":"https:\/\/i0.wp.com\/elregionalvm.com.ar\/noticias-villa-maria\/wp-content\/uploads\/2022\/01\/salud-provincia-scaled.jpg?fit=2560%2C1706&ssl=1","jetpack_sharing_enabled":true,"_links":{"self":[{"href":"https:\/\/elregionalvm.com.ar\/noticias-villa-maria\/wp-json\/wp\/v2\/posts\/50637","targetHints":{"allow":["GET"]}}],"collection":[{"href":"https:\/\/elregionalvm.com.ar\/noticias-villa-maria\/wp-json\/wp\/v2\/posts"}],"about":[{"href":"https:\/\/elregionalvm.com.ar\/noticias-villa-maria\/wp-json\/wp\/v2\/types\/post"}],"author":[{"embeddable":true,"href":"https:\/\/elregionalvm.com.ar\/noticias-villa-maria\/wp-json\/wp\/v2\/users\/4"}],"replies":[{"embeddable":true,"href":"https:\/\/elregionalvm.com.ar\/noticias-villa-maria\/wp-json\/wp\/v2\/comments?post=50637"}],"version-history":[{"count":1,"href":"https:\/\/elregionalvm.com.ar\/noticias-villa-maria\/wp-json\/wp\/v2\/posts\/50637\/revisions"}],"predecessor-version":[{"id":50641,"href":"https:\/\/elregionalvm.com.ar\/noticias-villa-maria\/wp-json\/wp\/v2\/posts\/50637\/revisions\/50641"}],"wp:featuredmedia":[{"embeddable":true,"href":"https:\/\/elregionalvm.com.ar\/noticias-villa-maria\/wp-json\/wp\/v2\/media\/50640"}],"wp:attachment":[{"href":"https:\/\/elregionalvm.com.ar\/noticias-villa-maria\/wp-json\/wp\/v2\/media?parent=50637"}],"wp:term":[{"taxonomy":"category","embeddable":true,"href":"https:\/\/elregionalvm.com.ar\/noticias-villa-maria\/wp-json\/wp\/v2\/categories?post=50637"},{"taxonomy":"post_tag","embeddable":true,"href":"https:\/\/elregionalvm.com.ar\/noticias-villa-maria\/wp-json\/wp\/v2\/tags?post=50637"}],"curies":[{"name":"wp","href":"https:\/\/api.w.org\/{rel}","templated":true}]}}