{"id":50671,"date":"2022-01-04T16:54:29","date_gmt":"2022-01-04T16:54:29","guid":{"rendered":"https:\/\/elregionalvm.com.ar\/noticias-villa-maria\/?p=50671"},"modified":"2022-01-05T16:56:58","modified_gmt":"2022-01-05T16:56:58","slug":"no-es-el-festival-de-penas-cientos-de-personas-se-hisopan-en-el-anfiteatro-video","status":"publish","type":"post","link":"https:\/\/elregionalvm.com.ar\/noticias-villa-maria\/no-es-el-festival-de-penas-cientos-de-personas-se-hisopan-en-el-anfiteatro-video\/","title":{"rendered":"No es el Festival de Pe\u00f1as: Cientos de personas se hisopan en el Anfiteatro (VIDEO)"},"content":{"rendered":"\n<p><\/p>\n\n\n\n<p>A poco m\u00e1s de un mes del inicio del Festival de Pe\u00f1as, desde hoy comenz\u00f3 a funcionar el Anfiteatro como espacio de testeos en reemplazo del Centro Cultural Leonardo Favio.<\/p>\n\n\n\n<p>El cambio se debi\u00f3 a cuestiones organizativas y para una mejor atenci\u00f3n de los vecinos que se acercaran a hisoparse.<\/p>\n\n\n\n<p>Estar bajo la sombra, a cierta distancia del resto para evitar amontonamientos y des\u00f3rdenes, m\u00e1s una mayor capacidad, fueron las razones esgrimidas por el municipio.<\/p>\n\n\n\n<p><\/p>\n\n\n\n<figure class=\"wp-block-embed is-type-video is-provider-youtube wp-block-embed-youtube wp-embed-aspect-16-9 wp-has-aspect-ratio\"><div class=\"wp-block-embed__wrapper\">\n<iframe title=\"Anfiteatro: No es el festival de pe\u00f1as - Cientos de personas se realizan los test por Covid\" width=\"500\" height=\"281\" src=\"https:\/\/www.youtube.com\/embed\/vtbNs2Zhpw0?feature=oembed\" frameborder=\"0\" allow=\"accelerometer; autoplay; clipboard-write; encrypted-media; gyroscope; picture-in-picture; web-share\" referrerpolicy=\"strict-origin-when-cross-origin\" allowfullscreen><\/iframe>\n<\/div><\/figure>\n\n\n\n<p><\/p>\n\n\n\n<p>La \u201cfiebre\u201d por hisoparse hizo que miles de personas tuvieran que esperar en extensas filas, con poco o nada de sombra, con temperaturas extenuantes, hasta seis horas en muchos casos.<\/p>\n\n\n\n<p>Algunos aspectos organizativos d\u00e9biles en el caso del centro de testeo ubicado en el centro vecinal Almirante Brown, m\u00e1s la falta de respeto de muchos vecinos al momento de realizar las filas hizo que se vivieran momentos de cierta tensi\u00f3n en la jornada del lunes por la tarde.<\/p>\n\n\n\n<p>Algunos de los presentes en el Anfiteatro se quejaron por la falta de distanciamiento mayor, habiendo tantas ubicaciones. \u201cSi no me contagi\u00e9 antes, lo m\u00e1s probable que lo haga ac\u00e1\u201d, fue el comentario de algunos de los asistentes.<\/p>\n\n\n\n<p><\/p>\n\n\n\n<figure class=\"wp-block-embed is-type-video is-provider-youtube wp-block-embed-youtube wp-embed-aspect-16-9 wp-has-aspect-ratio\"><div class=\"wp-block-embed__wrapper\">\n<iframe title=\"Anfiteatro: No es el festival de pe\u00f1as - Cientos de personas se realizan los test por Covid\" width=\"500\" height=\"281\" src=\"https:\/\/www.youtube.com\/embed\/I73rWPGUfgI?feature=oembed\" frameborder=\"0\" allow=\"accelerometer; autoplay; clipboard-write; encrypted-media; gyroscope; picture-in-picture; web-share\" referrerpolicy=\"strict-origin-when-cross-origin\" allowfullscreen><\/iframe>\n<\/div><\/figure>\n\n\n\n<p><\/p>\n\n\n\n<p>En los \u00faltimos d\u00edas se vivi\u00f3 una explosi\u00f3n en la demanda de testeos, en consonancia con la sumatoria de nuevos casos positivos en la ciudad.<\/p>\n\n\n\n<p>La situaci\u00f3n oblig\u00f3 a las autoridades a replantear el esquema de atenci\u00f3n. Es de esperar que sobre la base de lo vivido en las \u00faltimas jornadas, los centros de testeos no se conviertan en espacios de transmisi\u00f3n de la enfermedad que nos tiene en vilo desde hace dos a\u00f1os, y que los vecinos y vecinas hagan suyos los conceptos de respeto, responsabilidad y empat\u00eda.<\/p>\n","protected":false},"excerpt":{"rendered":"<p>A poco m\u00e1s de un mes del inicio del Festival de Pe\u00f1as, desde hoy comenz\u00f3 a funcionar el Anfiteatro como espacio de testeos en reemplazo del Centro Cultural Leonardo Favio. El cambio se debi\u00f3 a cuestiones organizativas y para una mejor atenci\u00f3n de los vecinos que se acercaran a hisoparse. Estar bajo la sombra, a [&hellip;]<\/p>\n","protected":false},"author":4,"featured_media":50673,"comment_status":"open","ping_status":"open","sticky":false,"template":"","format":"standard","meta":{"site-sidebar-layout":"default","site-content-layout":"default","ast-site-content-layout":"default","site-content-style":"default","site-sidebar-style":"default","ast-global-header-display":"","ast-banner-title-visibility":"","ast-main-header-display":"","ast-hfb-above-header-display":"","ast-hfb-below-header-display":"","ast-hfb-mobile-header-display":"","site-post-title":"","ast-breadcrumbs-content":"","ast-featured-img":"","footer-sml-layout":"","ast-disable-related-posts":"","theme-transparent-header-meta":"default","adv-header-id-meta":"","stick-header-meta":"","header-above-stick-meta":"","header-main-stick-meta":"","header-below-stick-meta":"","astra-migrate-meta-layouts":"default","ast-page-background-enabled":"default","ast-page-background-meta":{"desktop":{"background-color":"","background-image":"","background-repeat":"repeat","background-position":"center center","background-size":"auto","background-attachment":"scroll","background-type":"","background-media":"","overlay-type":"","overlay-color":"","overlay-opacity":"","overlay-gradient":""},"tablet":{"background-color":"","background-image":"","background-repeat":"repeat","background-position":"center center","background-size":"auto","background-attachment":"scroll","background-type":"","background-media":"","overlay-type":"","overlay-color":"","overlay-opacity":"","overlay-gradient":""},"mobile":{"background-color":"","background-image":"","background-repeat":"repeat","background-position":"center center","background-size":"auto","background-attachment":"scroll","background-type":"","background-media":"","overlay-type":"","overlay-color":"","overlay-opacity":"","overlay-gradient":""}},"ast-content-background-meta":{"desktop":{"background-color":"var(--ast-global-color-5)","background-image":"","background-repeat":"repeat","background-position":"center center","background-size":"auto","background-attachment":"scroll","background-type":"","background-media":"","overlay-type":"","overlay-color":"","overlay-opacity":"","overlay-gradient":""},"tablet":{"background-color":"var(--ast-global-color-5)","background-image":"","background-repeat":"repeat","background-position":"center center","background-size":"auto","background-attachment":"scroll","background-type":"","background-media":"","overlay-type":"","overlay-color":"","overlay-opacity":"","overlay-gradient":""},"mobile":{"background-color":"var(--ast-global-color-5)","background-image":"","background-repeat":"repeat","background-position":"center center","background-size":"auto","background-attachment":"scroll","background-type":"","background-media":"","overlay-type":"","overlay-color":"","overlay-opacity":"","overlay-gradient":""}},"_jetpack_memberships_contains_paid_content":false,"_joinchat":[],"footnotes":""},"categories":[2256,3557,2074,2],"tags":[1798,4742,2865,1239,13080,2496,1998,4161],"class_list":["post-50671","post","type-post","status-publish","format-standard","has-post-thumbnail","hentry","category-coronavirus","category-tercera","category-videos","category-villa-maria","tag-anfiteatro","tag-calor","tag-covid-19-2","tag-festival-de-penas","tag-filas","tag-hisopados","tag-pandemia","tag-testeos"],"yoast_head":"<!-- This site is optimized with the Yoast SEO plugin v26.8 - https:\/\/yoast.com\/product\/yoast-seo-wordpress\/ -->\n<title>No es el Festival de Pe\u00f1as: Cientos de personas se hisopan en el Anfiteatro (VIDEO) - El Regional<\/title>\n<meta name=\"description\" content=\"A poco m\u00e1s de un mes del inicio del Festival de Pe\u00f1as, comenz\u00f3 a funcionar el Anfiteatro como espacio de testeos en Villa Mar\u00eda.\" \/>\n<meta name=\"robots\" content=\"index, follow, max-snippet:-1, max-image-preview:large, max-video-preview:-1\" \/>\n<link rel=\"canonical\" href=\"http:\/\/elregionalvm.com.ar\/noticias-villa-maria\/no-es-el-festival-de-penas-cientos-de-personas-se-hisopan-en-el-anfiteatro-video\/\" \/>\n<meta property=\"og:locale\" content=\"es_ES\" \/>\n<meta property=\"og:type\" content=\"article\" \/>\n<meta property=\"og:title\" content=\"No es el Festival de Pe\u00f1as: Cientos de personas se hisopan en el Anfiteatro (VIDEO) - El Regional\" \/>\n<meta property=\"og:description\" content=\"A poco m\u00e1s de un mes del inicio del Festival de Pe\u00f1as, comenz\u00f3 a funcionar el Anfiteatro como espacio de testeos en Villa Mar\u00eda.\" \/>\n<meta property=\"og:url\" content=\"http:\/\/elregionalvm.com.ar\/noticias-villa-maria\/no-es-el-festival-de-penas-cientos-de-personas-se-hisopan-en-el-anfiteatro-video\/\" \/>\n<meta property=\"og:site_name\" content=\"El Regional\" \/>\n<meta property=\"article:publisher\" content=\"https:\/\/www.facebook.com\/elregionalvm\" \/>\n<meta property=\"article:published_time\" content=\"2022-01-04T16:54:29+00:00\" \/>\n<meta property=\"article:modified_time\" content=\"2022-01-05T16:56:58+00:00\" \/>\n<meta property=\"og:image\" content=\"http:\/\/elregionalvm.com.ar\/noticias-villa-maria\/wp-content\/uploads\/2022\/01\/Hisopados-en-el-Anfi.jpg\" \/>\n\t<meta property=\"og:image:width\" content=\"1338\" \/>\n\t<meta property=\"og:image:height\" content=\"750\" \/>\n\t<meta property=\"og:image:type\" content=\"image\/jpeg\" \/>\n<meta name=\"author\" content=\"Contenidos El Regional\" \/>\n<meta name=\"twitter:card\" content=\"summary_large_image\" \/>\n<meta name=\"twitter:creator\" content=\"@elregionalvm1\" \/>\n<meta name=\"twitter:site\" content=\"@elregionalvm1\" \/>\n<meta name=\"twitter:label1\" content=\"Escrito por\" \/>\n\t<meta name=\"twitter:data1\" content=\"Contenidos El Regional\" \/>\n\t<meta name=\"twitter:label2\" content=\"Tiempo de lectura\" \/>\n\t<meta name=\"twitter:data2\" content=\"2 minutos\" \/>\n<script type=\"application\/ld+json\" class=\"yoast-schema-graph\">{\"@context\":\"https:\/\/schema.org\",\"@graph\":[{\"@type\":\"Article\",\"@id\":\"http:\/\/elregionalvm.com.ar\/noticias-villa-maria\/no-es-el-festival-de-penas-cientos-de-personas-se-hisopan-en-el-anfiteatro-video\/#article\",\"isPartOf\":{\"@id\":\"http:\/\/elregionalvm.com.ar\/noticias-villa-maria\/no-es-el-festival-de-penas-cientos-de-personas-se-hisopan-en-el-anfiteatro-video\/\"},\"author\":{\"name\":\"Contenidos El Regional\",\"@id\":\"http:\/\/elregionalvm.com.ar\/noticias-villa-maria\/#\/schema\/person\/a0fb9c422317faca23d50163151bc354\"},\"headline\":\"No es el Festival de Pe\u00f1as: Cientos de personas se hisopan en el Anfiteatro (VIDEO)\",\"datePublished\":\"2022-01-04T16:54:29+00:00\",\"dateModified\":\"2022-01-05T16:56:58+00:00\",\"mainEntityOfPage\":{\"@id\":\"http:\/\/elregionalvm.com.ar\/noticias-villa-maria\/no-es-el-festival-de-penas-cientos-de-personas-se-hisopan-en-el-anfiteatro-video\/\"},\"wordCount\":336,\"commentCount\":0,\"image\":{\"@id\":\"http:\/\/elregionalvm.com.ar\/noticias-villa-maria\/no-es-el-festival-de-penas-cientos-de-personas-se-hisopan-en-el-anfiteatro-video\/#primaryimage\"},\"thumbnailUrl\":\"https:\/\/i0.wp.com\/elregionalvm.com.ar\/noticias-villa-maria\/wp-content\/uploads\/2022\/01\/Hisopados-en-el-Anfi.jpg?fit=1338%2C750&ssl=1\",\"keywords\":[\"Anfiteatro\",\"calor\",\"Covid 19\",\"Festival de pe\u00f1as\",\"filas\",\"Hisopados\",\"pandemia\",\"testeos\"],\"articleSection\":[\"Coronavirus\",\"tercera\",\"Videos\",\"Villa Mar\u00eda\"],\"inLanguage\":\"es\",\"potentialAction\":[{\"@type\":\"CommentAction\",\"name\":\"Comment\",\"target\":[\"http:\/\/elregionalvm.com.ar\/noticias-villa-maria\/no-es-el-festival-de-penas-cientos-de-personas-se-hisopan-en-el-anfiteatro-video\/#respond\"]}]},{\"@type\":\"WebPage\",\"@id\":\"http:\/\/elregionalvm.com.ar\/noticias-villa-maria\/no-es-el-festival-de-penas-cientos-de-personas-se-hisopan-en-el-anfiteatro-video\/\",\"url\":\"http:\/\/elregionalvm.com.ar\/noticias-villa-maria\/no-es-el-festival-de-penas-cientos-de-personas-se-hisopan-en-el-anfiteatro-video\/\",\"name\":\"No es el Festival de Pe\u00f1as: Cientos de personas se hisopan en el Anfiteatro (VIDEO) - El Regional\",\"isPartOf\":{\"@id\":\"http:\/\/elregionalvm.com.ar\/noticias-villa-maria\/#website\"},\"primaryImageOfPage\":{\"@id\":\"http:\/\/elregionalvm.com.ar\/noticias-villa-maria\/no-es-el-festival-de-penas-cientos-de-personas-se-hisopan-en-el-anfiteatro-video\/#primaryimage\"},\"image\":{\"@id\":\"http:\/\/elregionalvm.com.ar\/noticias-villa-maria\/no-es-el-festival-de-penas-cientos-de-personas-se-hisopan-en-el-anfiteatro-video\/#primaryimage\"},\"thumbnailUrl\":\"https:\/\/i0.wp.com\/elregionalvm.com.ar\/noticias-villa-maria\/wp-content\/uploads\/2022\/01\/Hisopados-en-el-Anfi.jpg?fit=1338%2C750&ssl=1\",\"datePublished\":\"2022-01-04T16:54:29+00:00\",\"dateModified\":\"2022-01-05T16:56:58+00:00\",\"author\":{\"@id\":\"http:\/\/elregionalvm.com.ar\/noticias-villa-maria\/#\/schema\/person\/a0fb9c422317faca23d50163151bc354\"},\"description\":\"A poco m\u00e1s de un mes del inicio del Festival de Pe\u00f1as, comenz\u00f3 a funcionar el Anfiteatro como espacio de testeos en Villa Mar\u00eda.\",\"breadcrumb\":{\"@id\":\"http:\/\/elregionalvm.com.ar\/noticias-villa-maria\/no-es-el-festival-de-penas-cientos-de-personas-se-hisopan-en-el-anfiteatro-video\/#breadcrumb\"},\"inLanguage\":\"es\",\"potentialAction\":[{\"@type\":\"ReadAction\",\"target\":[\"http:\/\/elregionalvm.com.ar\/noticias-villa-maria\/no-es-el-festival-de-penas-cientos-de-personas-se-hisopan-en-el-anfiteatro-video\/\"]}]},{\"@type\":\"ImageObject\",\"inLanguage\":\"es\",\"@id\":\"http:\/\/elregionalvm.com.ar\/noticias-villa-maria\/no-es-el-festival-de-penas-cientos-de-personas-se-hisopan-en-el-anfiteatro-video\/#primaryimage\",\"url\":\"https:\/\/i0.wp.com\/elregionalvm.com.ar\/noticias-villa-maria\/wp-content\/uploads\/2022\/01\/Hisopados-en-el-Anfi.jpg?fit=1338%2C750&ssl=1\",\"contentUrl\":\"https:\/\/i0.wp.com\/elregionalvm.com.ar\/noticias-villa-maria\/wp-content\/uploads\/2022\/01\/Hisopados-en-el-Anfi.jpg?fit=1338%2C750&ssl=1\",\"width\":1338,\"height\":750},{\"@type\":\"BreadcrumbList\",\"@id\":\"http:\/\/elregionalvm.com.ar\/noticias-villa-maria\/no-es-el-festival-de-penas-cientos-de-personas-se-hisopan-en-el-anfiteatro-video\/#breadcrumb\",\"itemListElement\":[{\"@type\":\"ListItem\",\"position\":1,\"name\":\"Portada\",\"item\":\"https:\/\/elregionalvm.com.ar\/noticias-villa-maria\/\"},{\"@type\":\"ListItem\",\"position\":2,\"name\":\"No es el Festival de Pe\u00f1as: Cientos de personas se hisopan en el Anfiteatro (VIDEO)\"}]},{\"@type\":\"WebSite\",\"@id\":\"http:\/\/elregionalvm.com.ar\/noticias-villa-maria\/#website\",\"url\":\"http:\/\/elregionalvm.com.ar\/noticias-villa-maria\/\",\"name\":\"El Regional\",\"description\":\"Mucho m\u00e1s que informaci\u00f3n\",\"potentialAction\":[{\"@type\":\"SearchAction\",\"target\":{\"@type\":\"EntryPoint\",\"urlTemplate\":\"http:\/\/elregionalvm.com.ar\/noticias-villa-maria\/?s={search_term_string}\"},\"query-input\":{\"@type\":\"PropertyValueSpecification\",\"valueRequired\":true,\"valueName\":\"search_term_string\"}}],\"inLanguage\":\"es\"},{\"@type\":\"Person\",\"@id\":\"http:\/\/elregionalvm.com.ar\/noticias-villa-maria\/#\/schema\/person\/a0fb9c422317faca23d50163151bc354\",\"name\":\"Contenidos El Regional\",\"image\":{\"@type\":\"ImageObject\",\"inLanguage\":\"es\",\"@id\":\"http:\/\/elregionalvm.com.ar\/noticias-villa-maria\/#\/schema\/person\/image\/\",\"url\":\"https:\/\/secure.gravatar.com\/avatar\/265b27cb2209af7bb3a1318f03305787d7981a5cc6e6cd08fe5a4ecdf99d4b48?s=96&d=mm&r=g\",\"contentUrl\":\"https:\/\/secure.gravatar.com\/avatar\/265b27cb2209af7bb3a1318f03305787d7981a5cc6e6cd08fe5a4ecdf99d4b48?s=96&d=mm&r=g\",\"caption\":\"Contenidos El Regional\"},\"url\":\"https:\/\/elregionalvm.com.ar\/noticias-villa-maria\/author\/contenido\/\"}]}<\/script>\n<!-- \/ Yoast SEO plugin. -->","yoast_head_json":{"title":"No es el Festival de Pe\u00f1as: Cientos de personas se hisopan en el Anfiteatro (VIDEO) - El Regional","description":"A poco m\u00e1s de un mes del inicio del Festival de Pe\u00f1as, comenz\u00f3 a funcionar el Anfiteatro como espacio de testeos en Villa Mar\u00eda.","robots":{"index":"index","follow":"follow","max-snippet":"max-snippet:-1","max-image-preview":"max-image-preview:large","max-video-preview":"max-video-preview:-1"},"canonical":"http:\/\/elregionalvm.com.ar\/noticias-villa-maria\/no-es-el-festival-de-penas-cientos-de-personas-se-hisopan-en-el-anfiteatro-video\/","og_locale":"es_ES","og_type":"article","og_title":"No es el Festival de Pe\u00f1as: Cientos de personas se hisopan en el Anfiteatro (VIDEO) - El Regional","og_description":"A poco m\u00e1s de un mes del inicio del Festival de Pe\u00f1as, comenz\u00f3 a funcionar el Anfiteatro como espacio de testeos en Villa Mar\u00eda.","og_url":"http:\/\/elregionalvm.com.ar\/noticias-villa-maria\/no-es-el-festival-de-penas-cientos-de-personas-se-hisopan-en-el-anfiteatro-video\/","og_site_name":"El Regional","article_publisher":"https:\/\/www.facebook.com\/elregionalvm","article_published_time":"2022-01-04T16:54:29+00:00","article_modified_time":"2022-01-05T16:56:58+00:00","og_image":[{"width":1338,"height":750,"url":"http:\/\/elregionalvm.com.ar\/noticias-villa-maria\/wp-content\/uploads\/2022\/01\/Hisopados-en-el-Anfi.jpg","type":"image\/jpeg"}],"author":"Contenidos El Regional","twitter_card":"summary_large_image","twitter_creator":"@elregionalvm1","twitter_site":"@elregionalvm1","twitter_misc":{"Escrito por":"Contenidos El Regional","Tiempo de lectura":"2 minutos"},"schema":{"@context":"https:\/\/schema.org","@graph":[{"@type":"Article","@id":"http:\/\/elregionalvm.com.ar\/noticias-villa-maria\/no-es-el-festival-de-penas-cientos-de-personas-se-hisopan-en-el-anfiteatro-video\/#article","isPartOf":{"@id":"http:\/\/elregionalvm.com.ar\/noticias-villa-maria\/no-es-el-festival-de-penas-cientos-de-personas-se-hisopan-en-el-anfiteatro-video\/"},"author":{"name":"Contenidos El Regional","@id":"http:\/\/elregionalvm.com.ar\/noticias-villa-maria\/#\/schema\/person\/a0fb9c422317faca23d50163151bc354"},"headline":"No es el Festival de Pe\u00f1as: Cientos de personas se hisopan en el Anfiteatro (VIDEO)","datePublished":"2022-01-04T16:54:29+00:00","dateModified":"2022-01-05T16:56:58+00:00","mainEntityOfPage":{"@id":"http:\/\/elregionalvm.com.ar\/noticias-villa-maria\/no-es-el-festival-de-penas-cientos-de-personas-se-hisopan-en-el-anfiteatro-video\/"},"wordCount":336,"commentCount":0,"image":{"@id":"http:\/\/elregionalvm.com.ar\/noticias-villa-maria\/no-es-el-festival-de-penas-cientos-de-personas-se-hisopan-en-el-anfiteatro-video\/#primaryimage"},"thumbnailUrl":"https:\/\/i0.wp.com\/elregionalvm.com.ar\/noticias-villa-maria\/wp-content\/uploads\/2022\/01\/Hisopados-en-el-Anfi.jpg?fit=1338%2C750&ssl=1","keywords":["Anfiteatro","calor","Covid 19","Festival de pe\u00f1as","filas","Hisopados","pandemia","testeos"],"articleSection":["Coronavirus","tercera","Videos","Villa Mar\u00eda"],"inLanguage":"es","potentialAction":[{"@type":"CommentAction","name":"Comment","target":["http:\/\/elregionalvm.com.ar\/noticias-villa-maria\/no-es-el-festival-de-penas-cientos-de-personas-se-hisopan-en-el-anfiteatro-video\/#respond"]}]},{"@type":"WebPage","@id":"http:\/\/elregionalvm.com.ar\/noticias-villa-maria\/no-es-el-festival-de-penas-cientos-de-personas-se-hisopan-en-el-anfiteatro-video\/","url":"http:\/\/elregionalvm.com.ar\/noticias-villa-maria\/no-es-el-festival-de-penas-cientos-de-personas-se-hisopan-en-el-anfiteatro-video\/","name":"No es el Festival de Pe\u00f1as: Cientos de personas se hisopan en el Anfiteatro (VIDEO) - El Regional","isPartOf":{"@id":"http:\/\/elregionalvm.com.ar\/noticias-villa-maria\/#website"},"primaryImageOfPage":{"@id":"http:\/\/elregionalvm.com.ar\/noticias-villa-maria\/no-es-el-festival-de-penas-cientos-de-personas-se-hisopan-en-el-anfiteatro-video\/#primaryimage"},"image":{"@id":"http:\/\/elregionalvm.com.ar\/noticias-villa-maria\/no-es-el-festival-de-penas-cientos-de-personas-se-hisopan-en-el-anfiteatro-video\/#primaryimage"},"thumbnailUrl":"https:\/\/i0.wp.com\/elregionalvm.com.ar\/noticias-villa-maria\/wp-content\/uploads\/2022\/01\/Hisopados-en-el-Anfi.jpg?fit=1338%2C750&ssl=1","datePublished":"2022-01-04T16:54:29+00:00","dateModified":"2022-01-05T16:56:58+00:00","author":{"@id":"http:\/\/elregionalvm.com.ar\/noticias-villa-maria\/#\/schema\/person\/a0fb9c422317faca23d50163151bc354"},"description":"A poco m\u00e1s de un mes del inicio del Festival de Pe\u00f1as, comenz\u00f3 a funcionar el Anfiteatro como espacio de testeos en Villa Mar\u00eda.","breadcrumb":{"@id":"http:\/\/elregionalvm.com.ar\/noticias-villa-maria\/no-es-el-festival-de-penas-cientos-de-personas-se-hisopan-en-el-anfiteatro-video\/#breadcrumb"},"inLanguage":"es","potentialAction":[{"@type":"ReadAction","target":["http:\/\/elregionalvm.com.ar\/noticias-villa-maria\/no-es-el-festival-de-penas-cientos-de-personas-se-hisopan-en-el-anfiteatro-video\/"]}]},{"@type":"ImageObject","inLanguage":"es","@id":"http:\/\/elregionalvm.com.ar\/noticias-villa-maria\/no-es-el-festival-de-penas-cientos-de-personas-se-hisopan-en-el-anfiteatro-video\/#primaryimage","url":"https:\/\/i0.wp.com\/elregionalvm.com.ar\/noticias-villa-maria\/wp-content\/uploads\/2022\/01\/Hisopados-en-el-Anfi.jpg?fit=1338%2C750&ssl=1","contentUrl":"https:\/\/i0.wp.com\/elregionalvm.com.ar\/noticias-villa-maria\/wp-content\/uploads\/2022\/01\/Hisopados-en-el-Anfi.jpg?fit=1338%2C750&ssl=1","width":1338,"height":750},{"@type":"BreadcrumbList","@id":"http:\/\/elregionalvm.com.ar\/noticias-villa-maria\/no-es-el-festival-de-penas-cientos-de-personas-se-hisopan-en-el-anfiteatro-video\/#breadcrumb","itemListElement":[{"@type":"ListItem","position":1,"name":"Portada","item":"https:\/\/elregionalvm.com.ar\/noticias-villa-maria\/"},{"@type":"ListItem","position":2,"name":"No es el Festival de Pe\u00f1as: Cientos de personas se hisopan en el Anfiteatro (VIDEO)"}]},{"@type":"WebSite","@id":"http:\/\/elregionalvm.com.ar\/noticias-villa-maria\/#website","url":"http:\/\/elregionalvm.com.ar\/noticias-villa-maria\/","name":"El Regional","description":"Mucho m\u00e1s que informaci\u00f3n","potentialAction":[{"@type":"SearchAction","target":{"@type":"EntryPoint","urlTemplate":"http:\/\/elregionalvm.com.ar\/noticias-villa-maria\/?s={search_term_string}"},"query-input":{"@type":"PropertyValueSpecification","valueRequired":true,"valueName":"search_term_string"}}],"inLanguage":"es"},{"@type":"Person","@id":"http:\/\/elregionalvm.com.ar\/noticias-villa-maria\/#\/schema\/person\/a0fb9c422317faca23d50163151bc354","name":"Contenidos El Regional","image":{"@type":"ImageObject","inLanguage":"es","@id":"http:\/\/elregionalvm.com.ar\/noticias-villa-maria\/#\/schema\/person\/image\/","url":"https:\/\/secure.gravatar.com\/avatar\/265b27cb2209af7bb3a1318f03305787d7981a5cc6e6cd08fe5a4ecdf99d4b48?s=96&d=mm&r=g","contentUrl":"https:\/\/secure.gravatar.com\/avatar\/265b27cb2209af7bb3a1318f03305787d7981a5cc6e6cd08fe5a4ecdf99d4b48?s=96&d=mm&r=g","caption":"Contenidos El Regional"},"url":"https:\/\/elregionalvm.com.ar\/noticias-villa-maria\/author\/contenido\/"}]}},"jetpack_featured_media_url":"https:\/\/i0.wp.com\/elregionalvm.com.ar\/noticias-villa-maria\/wp-content\/uploads\/2022\/01\/Hisopados-en-el-Anfi.jpg?fit=1338%2C750&ssl=1","jetpack_sharing_enabled":true,"_links":{"self":[{"href":"https:\/\/elregionalvm.com.ar\/noticias-villa-maria\/wp-json\/wp\/v2\/posts\/50671","targetHints":{"allow":["GET"]}}],"collection":[{"href":"https:\/\/elregionalvm.com.ar\/noticias-villa-maria\/wp-json\/wp\/v2\/posts"}],"about":[{"href":"https:\/\/elregionalvm.com.ar\/noticias-villa-maria\/wp-json\/wp\/v2\/types\/post"}],"author":[{"embeddable":true,"href":"https:\/\/elregionalvm.com.ar\/noticias-villa-maria\/wp-json\/wp\/v2\/users\/4"}],"replies":[{"embeddable":true,"href":"https:\/\/elregionalvm.com.ar\/noticias-villa-maria\/wp-json\/wp\/v2\/comments?post=50671"}],"version-history":[{"count":1,"href":"https:\/\/elregionalvm.com.ar\/noticias-villa-maria\/wp-json\/wp\/v2\/posts\/50671\/revisions"}],"predecessor-version":[{"id":50672,"href":"https:\/\/elregionalvm.com.ar\/noticias-villa-maria\/wp-json\/wp\/v2\/posts\/50671\/revisions\/50672"}],"wp:featuredmedia":[{"embeddable":true,"href":"https:\/\/elregionalvm.com.ar\/noticias-villa-maria\/wp-json\/wp\/v2\/media\/50673"}],"wp:attachment":[{"href":"https:\/\/elregionalvm.com.ar\/noticias-villa-maria\/wp-json\/wp\/v2\/media?parent=50671"}],"wp:term":[{"taxonomy":"category","embeddable":true,"href":"https:\/\/elregionalvm.com.ar\/noticias-villa-maria\/wp-json\/wp\/v2\/categories?post=50671"},{"taxonomy":"post_tag","embeddable":true,"href":"https:\/\/elregionalvm.com.ar\/noticias-villa-maria\/wp-json\/wp\/v2\/tags?post=50671"}],"curies":[{"name":"wp","href":"https:\/\/api.w.org\/{rel}","templated":true}]}}