{"id":50704,"date":"2022-01-05T03:05:16","date_gmt":"2022-01-05T03:05:16","guid":{"rendered":"https:\/\/elregionalvm.com.ar\/noticias-villa-maria\/?p=50704"},"modified":"2022-01-07T15:34:37","modified_gmt":"2022-01-07T15:34:37","slug":"pandemia-y-monarquia-cuando-los-derechos-no-son-iguales-para-todos","status":"publish","type":"post","link":"https:\/\/elregionalvm.com.ar\/noticias-villa-maria\/pandemia-y-monarquia-cuando-los-derechos-no-son-iguales-para-todos\/","title":{"rendered":"Pandemia y monarqu\u00eda: Cuando los derechos no son iguales para todos"},"content":{"rendered":"\n<p><\/p>\n\n\n\n<p><strong>Escribe: Ver\u00f3nica M. Lorenzatti (Lic. en Ciencia Pol\u00edtica)<\/strong><\/p>\n\n\n\n<p><\/p>\n\n\n\n<p>Hab\u00eda una vez un pa\u00eds inmensamente rico en cuanto a recursos naturales: ten\u00eda la Pampa h\u00fameda que lo convert\u00eda en el granero del mundo, r\u00edos navegables, grandes costas marinas donde obtener recursos pesqueros, reservas acu\u00edferas subterr\u00e1neas, cumbres nevadas que nos daban el agua dulce de los deshielos, glaciares, flora y fauna de la m\u00e1s variada&#8230;<\/p>\n\n\n\n<p>A ese inmenso y bello pa\u00eds lo llamaron Argentina, por sus recursos metal\u00edferos como la plata y el oro, el cobre y tambi\u00e9n la miner\u00eda y el petr\u00f3leo. Lo ten\u00eda todo, en realidad lo tiene.<\/p>\n\n\n\n<p>Sin embargo, ese maravilloso y grandioso pa\u00eds soport\u00f3 invasiones extranjeras (inglesas y francesas), revoluciones internas y un d\u00eda, gracias a los grandes h\u00e9roes como San Mart\u00edn y Belgrano, obtuvo la independencia que perdi\u00f3 en todos estos a\u00f1os donde los representantes del pueblo sue\u00f1an con Disney y con Europa.<\/p>\n\n\n\n<p>Los mismos a los que no les importa que gente com\u00fan, como quien escribe, gracias a una pandemia, pero tambi\u00e9n a una cuarentena eterna, haya quebrado sus Pymes. Ppersonalmente iba a abrir mi agencia de viajes para que todos tuvieran la posibilidad de ir a Disney, Europa o recorrer este maravilloso pa\u00eds, que tambi\u00e9n lo es, tur\u00edsticamente hablando.<\/p>\n\n\n\n<figure class=\"wp-block-pullquote\"><blockquote><p>Ya no podemos elegir emprender, viajar y trabajar desde la libertad que hemos perdido en nombre de la pandemia (que existe, s\u00ed, es cierto), pero que muchos de los que nos gobiernan han aprovechado para encerrarnos y para quitarnos la libertad (de abrazarnos con nuestros padres y abuelos, de trabajar y comerciar, de educarnos, tanto ni\u00f1os, j\u00f3venes como adultos) y que trajo much\u00edsimos problemas (emocionales y psicol\u00f3gicos tambi\u00e9n).<\/p><\/blockquote><\/figure>\n\n\n\n<p>Mientras, quienes nos gobiernan no han cedido ni un \u00e1pice sus libertades individuales, no han dejado de viajar, pero tambi\u00e9n han sido los primeros en vacunarse (vacunatorio VIP), adem\u00e1s de seguir cobrando sus sueldos, dietas, vi\u00e1ticos y privilegios gracias a los impuestos que, independientemente de que puedas trabajar, comerciar, producir y, por consecuencia, facturar, ten\u00e9s la \u00abobligaci\u00f3n\u00bb de pagar&#8230;<\/p>\n\n\n\n<p>Si no, \u00bfde d\u00f3nde sale el dinero para que ellos vivan como Reyes mientras esclavizan cada vez m\u00e1s a su pueblo? (La libertad es un derecho divino inherente a todo ser).<\/p>\n\n\n\n<p><\/p>\n\n\n\n<figure class=\"wp-block-image size-large\"><img data-recalc-dims=\"1\" fetchpriority=\"high\" decoding=\"async\" width=\"1024\" height=\"614\" src=\"https:\/\/i0.wp.com\/elregionalvm.com.ar\/noticias-villa-maria\/wp-content\/uploads\/2022\/01\/pandemia-encierro-ventana-mujer.jpg?resize=1024%2C614&#038;ssl=1\" alt=\"\" class=\"wp-image-50708\" srcset=\"https:\/\/i0.wp.com\/elregionalvm.com.ar\/noticias-villa-maria\/wp-content\/uploads\/2022\/01\/pandemia-encierro-ventana-mujer.jpg?resize=1024%2C614&amp;ssl=1 1024w, https:\/\/i0.wp.com\/elregionalvm.com.ar\/noticias-villa-maria\/wp-content\/uploads\/2022\/01\/pandemia-encierro-ventana-mujer.jpg?resize=300%2C180&amp;ssl=1 300w, https:\/\/i0.wp.com\/elregionalvm.com.ar\/noticias-villa-maria\/wp-content\/uploads\/2022\/01\/pandemia-encierro-ventana-mujer.jpg?resize=768%2C460&amp;ssl=1 768w, https:\/\/i0.wp.com\/elregionalvm.com.ar\/noticias-villa-maria\/wp-content\/uploads\/2022\/01\/pandemia-encierro-ventana-mujer.jpg?w=1200&amp;ssl=1 1200w\" sizes=\"(max-width: 1000px) 100vw, 1000px\" \/><\/figure>\n\n\n\n<p><\/p>\n\n\n\n<p>Y ni qu\u00e9 hablar del sacrificio de los m\u00e9dicos y personal de salud que arriesgan todo para cuidarnos gracias a las fiestas clandestinas de los monarcas donde no hay m\u00e1s de diez sino m\u00e1s de 1000 \u00abpersonas\u00bb.<\/p>\n\n\n\n<p>Entonces, si hay responsabilidad y obligaciones, que sean para todos al igual que los derechos. O acaso, \u00bfno dice en la Constituci\u00f3n que somos una Rep\u00fablica?<\/p>\n\n\n\n<p>No recuerdo que hayamos sido alguna vez una Monarqu\u00eda casi Absoluta como en este momento. La \u00fanica que cab\u00eda era la del Inca que fue idea de Manuel Belgrano quien muri\u00f3 pobre y tuvo que pagar los honorarios a su m\u00e9dico con el \u00faltimo bien que le quedaba: el reloj que contaba las horas que le faltaban para descansar eternamente en la Iglesia Santo Domingo.<\/p>\n","protected":false},"excerpt":{"rendered":"<p>Escribe: Ver\u00f3nica M. Lorenzatti (Lic. en Ciencia Pol\u00edtica) Hab\u00eda una vez un pa\u00eds inmensamente rico en cuanto a recursos naturales: ten\u00eda la Pampa h\u00fameda que lo convert\u00eda en el granero del mundo, r\u00edos navegables, grandes costas marinas donde obtener recursos pesqueros, reservas acu\u00edferas subterr\u00e1neas, cumbres nevadas que nos daban el agua dulce de los deshielos, [&hellip;]<\/p>\n","protected":false},"author":4,"featured_media":50707,"comment_status":"open","ping_status":"open","sticky":false,"template":"","format":"standard","meta":{"site-sidebar-layout":"default","site-content-layout":"default","ast-site-content-layout":"default","site-content-style":"default","site-sidebar-style":"default","ast-global-header-display":"","ast-banner-title-visibility":"","ast-main-header-display":"","ast-hfb-above-header-display":"","ast-hfb-below-header-display":"","ast-hfb-mobile-header-display":"","site-post-title":"","ast-breadcrumbs-content":"","ast-featured-img":"","footer-sml-layout":"","ast-disable-related-posts":"","theme-transparent-header-meta":"default","adv-header-id-meta":"","stick-header-meta":"","header-above-stick-meta":"","header-main-stick-meta":"","header-below-stick-meta":"","astra-migrate-meta-layouts":"default","ast-page-background-enabled":"default","ast-page-background-meta":{"desktop":{"background-color":"","background-image":"","background-repeat":"repeat","background-position":"center center","background-size":"auto","background-attachment":"scroll","background-type":"","background-media":"","overlay-type":"","overlay-color":"","overlay-opacity":"","overlay-gradient":""},"tablet":{"background-color":"","background-image":"","background-repeat":"repeat","background-position":"center center","background-size":"auto","background-attachment":"scroll","background-type":"","background-media":"","overlay-type":"","overlay-color":"","overlay-opacity":"","overlay-gradient":""},"mobile":{"background-color":"","background-image":"","background-repeat":"repeat","background-position":"center center","background-size":"auto","background-attachment":"scroll","background-type":"","background-media":"","overlay-type":"","overlay-color":"","overlay-opacity":"","overlay-gradient":""}},"ast-content-background-meta":{"desktop":{"background-color":"var(--ast-global-color-5)","background-image":"","background-repeat":"repeat","background-position":"center center","background-size":"auto","background-attachment":"scroll","background-type":"","background-media":"","overlay-type":"","overlay-color":"","overlay-opacity":"","overlay-gradient":""},"tablet":{"background-color":"var(--ast-global-color-5)","background-image":"","background-repeat":"repeat","background-position":"center center","background-size":"auto","background-attachment":"scroll","background-type":"","background-media":"","overlay-type":"","overlay-color":"","overlay-opacity":"","overlay-gradient":""},"mobile":{"background-color":"var(--ast-global-color-5)","background-image":"","background-repeat":"repeat","background-position":"center center","background-size":"auto","background-attachment":"scroll","background-type":"","background-media":"","overlay-type":"","overlay-color":"","overlay-opacity":"","overlay-gradient":""}},"_jetpack_memberships_contains_paid_content":false,"_joinchat":[],"footnotes":""},"categories":[365,3557],"tags":[7546,2865,57,1097,13098,13100,916,1998,519,12881,145,13099],"class_list":["post-50704","post","type-post","status-publish","format-standard","has-post-thumbnail","hentry","category-opinion","category-tercera","tag-ciencia-politica","tag-covid-19-2","tag-derechos","tag-libertad","tag-monarquia","tag-obligaciones","tag-pais","tag-pandemia","tag-politica","tag-responsabilidad","tag-riqueza","tag-viajar"],"yoast_head":"<!-- This site is optimized with the Yoast SEO plugin v26.8 - https:\/\/yoast.com\/product\/yoast-seo-wordpress\/ -->\n<title>Pandemia y monarqu\u00eda: Cuando los derechos no son iguales para todos - El Regional<\/title>\n<meta name=\"description\" content=\"No recuerdo que hayamos sido alguna vez una Monarqu\u00eda casi Absoluta como en este momento. No podemos elegir emprender, viajar y trabajar.\" \/>\n<meta name=\"robots\" content=\"index, follow, max-snippet:-1, max-image-preview:large, max-video-preview:-1\" \/>\n<link rel=\"canonical\" href=\"http:\/\/elregionalvm.com.ar\/noticias-villa-maria\/pandemia-y-monarquia-cuando-los-derechos-no-son-iguales-para-todos\/\" \/>\n<meta property=\"og:locale\" content=\"es_ES\" \/>\n<meta property=\"og:type\" content=\"article\" \/>\n<meta property=\"og:title\" content=\"Pandemia y monarqu\u00eda: Cuando los derechos no son iguales para todos - El Regional\" \/>\n<meta property=\"og:description\" content=\"No recuerdo que hayamos sido alguna vez una Monarqu\u00eda casi Absoluta como en este momento. No podemos elegir emprender, viajar y trabajar.\" \/>\n<meta property=\"og:url\" content=\"http:\/\/elregionalvm.com.ar\/noticias-villa-maria\/pandemia-y-monarquia-cuando-los-derechos-no-son-iguales-para-todos\/\" \/>\n<meta property=\"og:site_name\" content=\"El Regional\" \/>\n<meta property=\"article:publisher\" content=\"https:\/\/www.facebook.com\/elregionalvm\" \/>\n<meta property=\"article:published_time\" content=\"2022-01-05T03:05:16+00:00\" \/>\n<meta property=\"article:modified_time\" content=\"2022-01-07T15:34:37+00:00\" \/>\n<meta property=\"og:image\" content=\"http:\/\/elregionalvm.com.ar\/noticias-villa-maria\/wp-content\/uploads\/2022\/01\/nina-ventana-encierro-pandemia-vertical.jpeg\" \/>\n\t<meta property=\"og:image:width\" content=\"501\" \/>\n\t<meta property=\"og:image:height\" content=\"674\" \/>\n\t<meta property=\"og:image:type\" content=\"image\/jpeg\" \/>\n<meta name=\"author\" content=\"Contenidos El Regional\" \/>\n<meta name=\"twitter:card\" content=\"summary_large_image\" \/>\n<meta name=\"twitter:creator\" content=\"@elregionalvm1\" \/>\n<meta name=\"twitter:site\" content=\"@elregionalvm1\" \/>\n<meta name=\"twitter:label1\" content=\"Escrito por\" \/>\n\t<meta name=\"twitter:data1\" content=\"Contenidos El Regional\" \/>\n\t<meta name=\"twitter:label2\" content=\"Tiempo de lectura\" \/>\n\t<meta name=\"twitter:data2\" content=\"3 minutos\" \/>\n<script type=\"application\/ld+json\" class=\"yoast-schema-graph\">{\"@context\":\"https:\/\/schema.org\",\"@graph\":[{\"@type\":\"Article\",\"@id\":\"http:\/\/elregionalvm.com.ar\/noticias-villa-maria\/pandemia-y-monarquia-cuando-los-derechos-no-son-iguales-para-todos\/#article\",\"isPartOf\":{\"@id\":\"http:\/\/elregionalvm.com.ar\/noticias-villa-maria\/pandemia-y-monarquia-cuando-los-derechos-no-son-iguales-para-todos\/\"},\"author\":{\"name\":\"Contenidos El Regional\",\"@id\":\"http:\/\/elregionalvm.com.ar\/noticias-villa-maria\/#\/schema\/person\/a0fb9c422317faca23d50163151bc354\"},\"headline\":\"Pandemia y monarqu\u00eda: Cuando los derechos no son iguales para todos\",\"datePublished\":\"2022-01-05T03:05:16+00:00\",\"dateModified\":\"2022-01-07T15:34:37+00:00\",\"mainEntityOfPage\":{\"@id\":\"http:\/\/elregionalvm.com.ar\/noticias-villa-maria\/pandemia-y-monarquia-cuando-los-derechos-no-son-iguales-para-todos\/\"},\"wordCount\":549,\"commentCount\":0,\"image\":{\"@id\":\"http:\/\/elregionalvm.com.ar\/noticias-villa-maria\/pandemia-y-monarquia-cuando-los-derechos-no-son-iguales-para-todos\/#primaryimage\"},\"thumbnailUrl\":\"https:\/\/i0.wp.com\/elregionalvm.com.ar\/noticias-villa-maria\/wp-content\/uploads\/2022\/01\/nina-ventana-encierro-pandemia-vertical.jpeg?fit=501%2C674&ssl=1\",\"keywords\":[\"Ciencia Pol\u00edtica\",\"Covid 19\",\"derechos\",\"Libertad\",\"monarqu\u00eda\",\"obligaciones\",\"Pa\u00eds\",\"pandemia\",\"Pol\u00edtica\",\"responsabilidad\",\"riqueza\",\"viajar\"],\"articleSection\":[\"Opini\u00f3n\",\"tercera\"],\"inLanguage\":\"es\",\"potentialAction\":[{\"@type\":\"CommentAction\",\"name\":\"Comment\",\"target\":[\"http:\/\/elregionalvm.com.ar\/noticias-villa-maria\/pandemia-y-monarquia-cuando-los-derechos-no-son-iguales-para-todos\/#respond\"]}]},{\"@type\":\"WebPage\",\"@id\":\"http:\/\/elregionalvm.com.ar\/noticias-villa-maria\/pandemia-y-monarquia-cuando-los-derechos-no-son-iguales-para-todos\/\",\"url\":\"http:\/\/elregionalvm.com.ar\/noticias-villa-maria\/pandemia-y-monarquia-cuando-los-derechos-no-son-iguales-para-todos\/\",\"name\":\"Pandemia y monarqu\u00eda: Cuando los derechos no son iguales para todos - El Regional\",\"isPartOf\":{\"@id\":\"http:\/\/elregionalvm.com.ar\/noticias-villa-maria\/#website\"},\"primaryImageOfPage\":{\"@id\":\"http:\/\/elregionalvm.com.ar\/noticias-villa-maria\/pandemia-y-monarquia-cuando-los-derechos-no-son-iguales-para-todos\/#primaryimage\"},\"image\":{\"@id\":\"http:\/\/elregionalvm.com.ar\/noticias-villa-maria\/pandemia-y-monarquia-cuando-los-derechos-no-son-iguales-para-todos\/#primaryimage\"},\"thumbnailUrl\":\"https:\/\/i0.wp.com\/elregionalvm.com.ar\/noticias-villa-maria\/wp-content\/uploads\/2022\/01\/nina-ventana-encierro-pandemia-vertical.jpeg?fit=501%2C674&ssl=1\",\"datePublished\":\"2022-01-05T03:05:16+00:00\",\"dateModified\":\"2022-01-07T15:34:37+00:00\",\"author\":{\"@id\":\"http:\/\/elregionalvm.com.ar\/noticias-villa-maria\/#\/schema\/person\/a0fb9c422317faca23d50163151bc354\"},\"description\":\"No recuerdo que hayamos sido alguna vez una Monarqu\u00eda casi Absoluta como en este momento. No podemos elegir emprender, viajar y trabajar.\",\"breadcrumb\":{\"@id\":\"http:\/\/elregionalvm.com.ar\/noticias-villa-maria\/pandemia-y-monarquia-cuando-los-derechos-no-son-iguales-para-todos\/#breadcrumb\"},\"inLanguage\":\"es\",\"potentialAction\":[{\"@type\":\"ReadAction\",\"target\":[\"http:\/\/elregionalvm.com.ar\/noticias-villa-maria\/pandemia-y-monarquia-cuando-los-derechos-no-son-iguales-para-todos\/\"]}]},{\"@type\":\"ImageObject\",\"inLanguage\":\"es\",\"@id\":\"http:\/\/elregionalvm.com.ar\/noticias-villa-maria\/pandemia-y-monarquia-cuando-los-derechos-no-son-iguales-para-todos\/#primaryimage\",\"url\":\"https:\/\/i0.wp.com\/elregionalvm.com.ar\/noticias-villa-maria\/wp-content\/uploads\/2022\/01\/nina-ventana-encierro-pandemia-vertical.jpeg?fit=501%2C674&ssl=1\",\"contentUrl\":\"https:\/\/i0.wp.com\/elregionalvm.com.ar\/noticias-villa-maria\/wp-content\/uploads\/2022\/01\/nina-ventana-encierro-pandemia-vertical.jpeg?fit=501%2C674&ssl=1\",\"width\":501,\"height\":674},{\"@type\":\"BreadcrumbList\",\"@id\":\"http:\/\/elregionalvm.com.ar\/noticias-villa-maria\/pandemia-y-monarquia-cuando-los-derechos-no-son-iguales-para-todos\/#breadcrumb\",\"itemListElement\":[{\"@type\":\"ListItem\",\"position\":1,\"name\":\"Portada\",\"item\":\"https:\/\/elregionalvm.com.ar\/noticias-villa-maria\/\"},{\"@type\":\"ListItem\",\"position\":2,\"name\":\"Pandemia y monarqu\u00eda: Cuando los derechos no son iguales para todos\"}]},{\"@type\":\"WebSite\",\"@id\":\"http:\/\/elregionalvm.com.ar\/noticias-villa-maria\/#website\",\"url\":\"http:\/\/elregionalvm.com.ar\/noticias-villa-maria\/\",\"name\":\"El Regional\",\"description\":\"Mucho m\u00e1s que informaci\u00f3n\",\"potentialAction\":[{\"@type\":\"SearchAction\",\"target\":{\"@type\":\"EntryPoint\",\"urlTemplate\":\"http:\/\/elregionalvm.com.ar\/noticias-villa-maria\/?s={search_term_string}\"},\"query-input\":{\"@type\":\"PropertyValueSpecification\",\"valueRequired\":true,\"valueName\":\"search_term_string\"}}],\"inLanguage\":\"es\"},{\"@type\":\"Person\",\"@id\":\"http:\/\/elregionalvm.com.ar\/noticias-villa-maria\/#\/schema\/person\/a0fb9c422317faca23d50163151bc354\",\"name\":\"Contenidos El Regional\",\"image\":{\"@type\":\"ImageObject\",\"inLanguage\":\"es\",\"@id\":\"http:\/\/elregionalvm.com.ar\/noticias-villa-maria\/#\/schema\/person\/image\/\",\"url\":\"https:\/\/secure.gravatar.com\/avatar\/265b27cb2209af7bb3a1318f03305787d7981a5cc6e6cd08fe5a4ecdf99d4b48?s=96&d=mm&r=g\",\"contentUrl\":\"https:\/\/secure.gravatar.com\/avatar\/265b27cb2209af7bb3a1318f03305787d7981a5cc6e6cd08fe5a4ecdf99d4b48?s=96&d=mm&r=g\",\"caption\":\"Contenidos El Regional\"},\"url\":\"https:\/\/elregionalvm.com.ar\/noticias-villa-maria\/author\/contenido\/\"}]}<\/script>\n<!-- \/ Yoast SEO plugin. -->","yoast_head_json":{"title":"Pandemia y monarqu\u00eda: Cuando los derechos no son iguales para todos - El Regional","description":"No recuerdo que hayamos sido alguna vez una Monarqu\u00eda casi Absoluta como en este momento. No podemos elegir emprender, viajar y trabajar.","robots":{"index":"index","follow":"follow","max-snippet":"max-snippet:-1","max-image-preview":"max-image-preview:large","max-video-preview":"max-video-preview:-1"},"canonical":"http:\/\/elregionalvm.com.ar\/noticias-villa-maria\/pandemia-y-monarquia-cuando-los-derechos-no-son-iguales-para-todos\/","og_locale":"es_ES","og_type":"article","og_title":"Pandemia y monarqu\u00eda: Cuando los derechos no son iguales para todos - El Regional","og_description":"No recuerdo que hayamos sido alguna vez una Monarqu\u00eda casi Absoluta como en este momento. No podemos elegir emprender, viajar y trabajar.","og_url":"http:\/\/elregionalvm.com.ar\/noticias-villa-maria\/pandemia-y-monarquia-cuando-los-derechos-no-son-iguales-para-todos\/","og_site_name":"El Regional","article_publisher":"https:\/\/www.facebook.com\/elregionalvm","article_published_time":"2022-01-05T03:05:16+00:00","article_modified_time":"2022-01-07T15:34:37+00:00","og_image":[{"width":501,"height":674,"url":"http:\/\/elregionalvm.com.ar\/noticias-villa-maria\/wp-content\/uploads\/2022\/01\/nina-ventana-encierro-pandemia-vertical.jpeg","type":"image\/jpeg"}],"author":"Contenidos El Regional","twitter_card":"summary_large_image","twitter_creator":"@elregionalvm1","twitter_site":"@elregionalvm1","twitter_misc":{"Escrito por":"Contenidos El Regional","Tiempo de lectura":"3 minutos"},"schema":{"@context":"https:\/\/schema.org","@graph":[{"@type":"Article","@id":"http:\/\/elregionalvm.com.ar\/noticias-villa-maria\/pandemia-y-monarquia-cuando-los-derechos-no-son-iguales-para-todos\/#article","isPartOf":{"@id":"http:\/\/elregionalvm.com.ar\/noticias-villa-maria\/pandemia-y-monarquia-cuando-los-derechos-no-son-iguales-para-todos\/"},"author":{"name":"Contenidos El Regional","@id":"http:\/\/elregionalvm.com.ar\/noticias-villa-maria\/#\/schema\/person\/a0fb9c422317faca23d50163151bc354"},"headline":"Pandemia y monarqu\u00eda: Cuando los derechos no son iguales para todos","datePublished":"2022-01-05T03:05:16+00:00","dateModified":"2022-01-07T15:34:37+00:00","mainEntityOfPage":{"@id":"http:\/\/elregionalvm.com.ar\/noticias-villa-maria\/pandemia-y-monarquia-cuando-los-derechos-no-son-iguales-para-todos\/"},"wordCount":549,"commentCount":0,"image":{"@id":"http:\/\/elregionalvm.com.ar\/noticias-villa-maria\/pandemia-y-monarquia-cuando-los-derechos-no-son-iguales-para-todos\/#primaryimage"},"thumbnailUrl":"https:\/\/i0.wp.com\/elregionalvm.com.ar\/noticias-villa-maria\/wp-content\/uploads\/2022\/01\/nina-ventana-encierro-pandemia-vertical.jpeg?fit=501%2C674&ssl=1","keywords":["Ciencia Pol\u00edtica","Covid 19","derechos","Libertad","monarqu\u00eda","obligaciones","Pa\u00eds","pandemia","Pol\u00edtica","responsabilidad","riqueza","viajar"],"articleSection":["Opini\u00f3n","tercera"],"inLanguage":"es","potentialAction":[{"@type":"CommentAction","name":"Comment","target":["http:\/\/elregionalvm.com.ar\/noticias-villa-maria\/pandemia-y-monarquia-cuando-los-derechos-no-son-iguales-para-todos\/#respond"]}]},{"@type":"WebPage","@id":"http:\/\/elregionalvm.com.ar\/noticias-villa-maria\/pandemia-y-monarquia-cuando-los-derechos-no-son-iguales-para-todos\/","url":"http:\/\/elregionalvm.com.ar\/noticias-villa-maria\/pandemia-y-monarquia-cuando-los-derechos-no-son-iguales-para-todos\/","name":"Pandemia y monarqu\u00eda: Cuando los derechos no son iguales para todos - El Regional","isPartOf":{"@id":"http:\/\/elregionalvm.com.ar\/noticias-villa-maria\/#website"},"primaryImageOfPage":{"@id":"http:\/\/elregionalvm.com.ar\/noticias-villa-maria\/pandemia-y-monarquia-cuando-los-derechos-no-son-iguales-para-todos\/#primaryimage"},"image":{"@id":"http:\/\/elregionalvm.com.ar\/noticias-villa-maria\/pandemia-y-monarquia-cuando-los-derechos-no-son-iguales-para-todos\/#primaryimage"},"thumbnailUrl":"https:\/\/i0.wp.com\/elregionalvm.com.ar\/noticias-villa-maria\/wp-content\/uploads\/2022\/01\/nina-ventana-encierro-pandemia-vertical.jpeg?fit=501%2C674&ssl=1","datePublished":"2022-01-05T03:05:16+00:00","dateModified":"2022-01-07T15:34:37+00:00","author":{"@id":"http:\/\/elregionalvm.com.ar\/noticias-villa-maria\/#\/schema\/person\/a0fb9c422317faca23d50163151bc354"},"description":"No recuerdo que hayamos sido alguna vez una Monarqu\u00eda casi Absoluta como en este momento. No podemos elegir emprender, viajar y trabajar.","breadcrumb":{"@id":"http:\/\/elregionalvm.com.ar\/noticias-villa-maria\/pandemia-y-monarquia-cuando-los-derechos-no-son-iguales-para-todos\/#breadcrumb"},"inLanguage":"es","potentialAction":[{"@type":"ReadAction","target":["http:\/\/elregionalvm.com.ar\/noticias-villa-maria\/pandemia-y-monarquia-cuando-los-derechos-no-son-iguales-para-todos\/"]}]},{"@type":"ImageObject","inLanguage":"es","@id":"http:\/\/elregionalvm.com.ar\/noticias-villa-maria\/pandemia-y-monarquia-cuando-los-derechos-no-son-iguales-para-todos\/#primaryimage","url":"https:\/\/i0.wp.com\/elregionalvm.com.ar\/noticias-villa-maria\/wp-content\/uploads\/2022\/01\/nina-ventana-encierro-pandemia-vertical.jpeg?fit=501%2C674&ssl=1","contentUrl":"https:\/\/i0.wp.com\/elregionalvm.com.ar\/noticias-villa-maria\/wp-content\/uploads\/2022\/01\/nina-ventana-encierro-pandemia-vertical.jpeg?fit=501%2C674&ssl=1","width":501,"height":674},{"@type":"BreadcrumbList","@id":"http:\/\/elregionalvm.com.ar\/noticias-villa-maria\/pandemia-y-monarquia-cuando-los-derechos-no-son-iguales-para-todos\/#breadcrumb","itemListElement":[{"@type":"ListItem","position":1,"name":"Portada","item":"https:\/\/elregionalvm.com.ar\/noticias-villa-maria\/"},{"@type":"ListItem","position":2,"name":"Pandemia y monarqu\u00eda: Cuando los derechos no son iguales para todos"}]},{"@type":"WebSite","@id":"http:\/\/elregionalvm.com.ar\/noticias-villa-maria\/#website","url":"http:\/\/elregionalvm.com.ar\/noticias-villa-maria\/","name":"El Regional","description":"Mucho m\u00e1s que informaci\u00f3n","potentialAction":[{"@type":"SearchAction","target":{"@type":"EntryPoint","urlTemplate":"http:\/\/elregionalvm.com.ar\/noticias-villa-maria\/?s={search_term_string}"},"query-input":{"@type":"PropertyValueSpecification","valueRequired":true,"valueName":"search_term_string"}}],"inLanguage":"es"},{"@type":"Person","@id":"http:\/\/elregionalvm.com.ar\/noticias-villa-maria\/#\/schema\/person\/a0fb9c422317faca23d50163151bc354","name":"Contenidos El Regional","image":{"@type":"ImageObject","inLanguage":"es","@id":"http:\/\/elregionalvm.com.ar\/noticias-villa-maria\/#\/schema\/person\/image\/","url":"https:\/\/secure.gravatar.com\/avatar\/265b27cb2209af7bb3a1318f03305787d7981a5cc6e6cd08fe5a4ecdf99d4b48?s=96&d=mm&r=g","contentUrl":"https:\/\/secure.gravatar.com\/avatar\/265b27cb2209af7bb3a1318f03305787d7981a5cc6e6cd08fe5a4ecdf99d4b48?s=96&d=mm&r=g","caption":"Contenidos El Regional"},"url":"https:\/\/elregionalvm.com.ar\/noticias-villa-maria\/author\/contenido\/"}]}},"jetpack_featured_media_url":"https:\/\/i0.wp.com\/elregionalvm.com.ar\/noticias-villa-maria\/wp-content\/uploads\/2022\/01\/nina-ventana-encierro-pandemia-vertical.jpeg?fit=501%2C674&ssl=1","jetpack_sharing_enabled":true,"_links":{"self":[{"href":"https:\/\/elregionalvm.com.ar\/noticias-villa-maria\/wp-json\/wp\/v2\/posts\/50704","targetHints":{"allow":["GET"]}}],"collection":[{"href":"https:\/\/elregionalvm.com.ar\/noticias-villa-maria\/wp-json\/wp\/v2\/posts"}],"about":[{"href":"https:\/\/elregionalvm.com.ar\/noticias-villa-maria\/wp-json\/wp\/v2\/types\/post"}],"author":[{"embeddable":true,"href":"https:\/\/elregionalvm.com.ar\/noticias-villa-maria\/wp-json\/wp\/v2\/users\/4"}],"replies":[{"embeddable":true,"href":"https:\/\/elregionalvm.com.ar\/noticias-villa-maria\/wp-json\/wp\/v2\/comments?post=50704"}],"version-history":[{"count":2,"href":"https:\/\/elregionalvm.com.ar\/noticias-villa-maria\/wp-json\/wp\/v2\/posts\/50704\/revisions"}],"predecessor-version":[{"id":50709,"href":"https:\/\/elregionalvm.com.ar\/noticias-villa-maria\/wp-json\/wp\/v2\/posts\/50704\/revisions\/50709"}],"wp:featuredmedia":[{"embeddable":true,"href":"https:\/\/elregionalvm.com.ar\/noticias-villa-maria\/wp-json\/wp\/v2\/media\/50707"}],"wp:attachment":[{"href":"https:\/\/elregionalvm.com.ar\/noticias-villa-maria\/wp-json\/wp\/v2\/media?parent=50704"}],"wp:term":[{"taxonomy":"category","embeddable":true,"href":"https:\/\/elregionalvm.com.ar\/noticias-villa-maria\/wp-json\/wp\/v2\/categories?post=50704"},{"taxonomy":"post_tag","embeddable":true,"href":"https:\/\/elregionalvm.com.ar\/noticias-villa-maria\/wp-json\/wp\/v2\/tags?post=50704"}],"curies":[{"name":"wp","href":"https:\/\/api.w.org\/{rel}","templated":true}]}}