{"id":50712,"date":"2022-01-05T16:49:51","date_gmt":"2022-01-05T16:49:51","guid":{"rendered":"https:\/\/elregionalvm.com.ar\/noticias-villa-maria\/?p=50712"},"modified":"2022-01-07T04:46:01","modified_gmt":"2022-01-07T04:46:01","slug":"casamiento-a-miles-de-kilometros-alexis-y-agostina-dieron-el-si-desde-villa-maria-y-japon","status":"publish","type":"post","link":"https:\/\/elregionalvm.com.ar\/noticias-villa-maria\/casamiento-a-miles-de-kilometros-alexis-y-agostina-dieron-el-si-desde-villa-maria-y-japon\/","title":{"rendered":"Casamiento a miles de kil\u00f3metros: Alexis y Agostina dieron el \u201cs\u00ed\u201d desde Villa Mar\u00eda y Jap\u00f3n"},"content":{"rendered":"\n<p><\/p>\n\n\n\n<p>\u201cQue todo el mundo cabe en el tel\u00e9fono. Que no hay distancias grandes para nuestro amor. Que todo es perfecto, cuando te siento. Tan cerca aunque est\u00e9s tan lejos\u201d, canta Sin Bandera en la canci\u00f3n \u201cKil\u00f3metros\u201d.<\/p>\n\n\n\n<p>La distancia ya no es una excusa. Al menos para los dos j\u00f3venes novios que dieron el s\u00ed en un casamiento virtual, separados ambos por miles de kil\u00f3metros de distancia, pero unidos por el amor que consagraron en matrimonio.<\/p>\n\n\n\n<p><\/p>\n\n\n\n<figure class=\"wp-block-image size-large\"><img data-recalc-dims=\"1\" fetchpriority=\"high\" decoding=\"async\" width=\"1024\" height=\"740\" src=\"https:\/\/i0.wp.com\/elregionalvm.com.ar\/noticias-villa-maria\/wp-content\/uploads\/2022\/01\/Alexis-Elsener-y-Agostina-Villafane-casamiento-a-distancia.jpg?resize=1024%2C740&#038;ssl=1\" alt=\"\" class=\"wp-image-50714\" srcset=\"https:\/\/i0.wp.com\/elregionalvm.com.ar\/noticias-villa-maria\/wp-content\/uploads\/2022\/01\/Alexis-Elsener-y-Agostina-Villafane-casamiento-a-distancia.jpg?resize=1024%2C740&amp;ssl=1 1024w, https:\/\/i0.wp.com\/elregionalvm.com.ar\/noticias-villa-maria\/wp-content\/uploads\/2022\/01\/Alexis-Elsener-y-Agostina-Villafane-casamiento-a-distancia.jpg?resize=300%2C217&amp;ssl=1 300w, https:\/\/i0.wp.com\/elregionalvm.com.ar\/noticias-villa-maria\/wp-content\/uploads\/2022\/01\/Alexis-Elsener-y-Agostina-Villafane-casamiento-a-distancia.jpg?resize=768%2C555&amp;ssl=1 768w, https:\/\/i0.wp.com\/elregionalvm.com.ar\/noticias-villa-maria\/wp-content\/uploads\/2022\/01\/Alexis-Elsener-y-Agostina-Villafane-casamiento-a-distancia.jpg?w=1503&amp;ssl=1 1503w\" sizes=\"(max-width: 1000px) 100vw, 1000px\" \/><\/figure>\n\n\n\n<p><\/p>\n\n\n\n<p>El basquetbolista villamariense radicado en Jap\u00f3n, Alexis Elsener, y su novia Agostina Villafa\u00f1e Cogorno, se casaron de modo virtual, tras la gesti\u00f3n del Registro Civil del municipio para hacer posible el in\u00e9dito y esperado momento.<\/p>\n\n\n\n<p><\/p>\n\n\n\n<figure class=\"wp-block-image size-large is-resized\"><img data-recalc-dims=\"1\" decoding=\"async\" src=\"https:\/\/i0.wp.com\/elregionalvm.com.ar\/noticias-villa-maria\/wp-content\/uploads\/2022\/01\/WhatsApp-Image-2022-01-05-at-12.59.44-PM-1.jpeg?resize=854%2C568&#038;ssl=1\" alt=\"\" class=\"wp-image-50716\" width=\"854\" height=\"568\" srcset=\"https:\/\/i0.wp.com\/elregionalvm.com.ar\/noticias-villa-maria\/wp-content\/uploads\/2022\/01\/WhatsApp-Image-2022-01-05-at-12.59.44-PM-1.jpeg?resize=1024%2C682&amp;ssl=1 1024w, https:\/\/i0.wp.com\/elregionalvm.com.ar\/noticias-villa-maria\/wp-content\/uploads\/2022\/01\/WhatsApp-Image-2022-01-05-at-12.59.44-PM-1.jpeg?resize=300%2C200&amp;ssl=1 300w, https:\/\/i0.wp.com\/elregionalvm.com.ar\/noticias-villa-maria\/wp-content\/uploads\/2022\/01\/WhatsApp-Image-2022-01-05-at-12.59.44-PM-1.jpeg?resize=768%2C512&amp;ssl=1 768w, https:\/\/i0.wp.com\/elregionalvm.com.ar\/noticias-villa-maria\/wp-content\/uploads\/2022\/01\/WhatsApp-Image-2022-01-05-at-12.59.44-PM-1.jpeg?w=1280&amp;ssl=1 1280w\" sizes=\"(max-width: 854px) 100vw, 854px\" \/><figcaption><em>Agostina firm\u00f3 los papeles en Villa Mar\u00eda, mientras Alexis hizo lo propio en Jap\u00f3n. <\/em><\/figcaption><\/figure>\n\n\n\n<p><\/p>\n\n\n\n<p><strong>Hecho in\u00e9dito<\/strong><\/p>\n\n\n\n<p>Se trata del primer matrimonio a distancia de C\u00f3rdoba, en un acto presidido por el intendente Mart\u00edn Gill, en su rol de jefe del Registro del Estado Civil, junto al titular de la Secretar\u00eda de Gobierno, Eduardo Rodr\u00edguez.<\/p>\n\n\n\n<p>Acompa\u00f1ados por familiares y amigos, Agostina dio su consentimiento luego de que Alexis hiciera lo propio ante oficiales p\u00fablicos japoneses.<\/p>\n\n\n\n<p>Los novios compartieron los motivos que los llevaron a desear unirse en matrimonio. \u201cLa elijo por ser incondicional y por acompa\u00f1arme en mi trabajo, ojal\u00e1 pronto pueda estar ac\u00e1 conmigo\u201d, expres\u00f3 el deportista. A lo que Agostina agreg\u00f3: \u201cEstamos muy felices, esperamos mucho este momento\u201d.<\/p>\n\n\n\n<p><\/p>\n\n\n\n<figure class=\"wp-block-image size-large is-resized\"><img data-recalc-dims=\"1\" decoding=\"async\" src=\"https:\/\/i0.wp.com\/elregionalvm.com.ar\/noticias-villa-maria\/wp-content\/uploads\/2022\/01\/Casamiento-virtual-Agostina-Alexis-pantalla-1.jpg?resize=854%2C569&#038;ssl=1\" alt=\"\" class=\"wp-image-50720\" width=\"854\" height=\"569\" srcset=\"https:\/\/i0.wp.com\/elregionalvm.com.ar\/noticias-villa-maria\/wp-content\/uploads\/2022\/01\/Casamiento-virtual-Agostina-Alexis-pantalla-1.jpg?resize=1024%2C683&amp;ssl=1 1024w, https:\/\/i0.wp.com\/elregionalvm.com.ar\/noticias-villa-maria\/wp-content\/uploads\/2022\/01\/Casamiento-virtual-Agostina-Alexis-pantalla-1.jpg?resize=300%2C200&amp;ssl=1 300w, https:\/\/i0.wp.com\/elregionalvm.com.ar\/noticias-villa-maria\/wp-content\/uploads\/2022\/01\/Casamiento-virtual-Agostina-Alexis-pantalla-1.jpg?resize=768%2C512&amp;ssl=1 768w, https:\/\/i0.wp.com\/elregionalvm.com.ar\/noticias-villa-maria\/wp-content\/uploads\/2022\/01\/Casamiento-virtual-Agostina-Alexis-pantalla-1.jpg?w=1158&amp;ssl=1 1158w\" sizes=\"(max-width: 854px) 100vw, 854px\" \/><figcaption><em>En forma presencial y virtual, el acto fue seguido por familiares y amigos. <\/em><\/figcaption><\/figure>\n\n\n\n<p><\/p>\n\n\n\n<p><strong>Libreta y felicidad<\/strong><\/p>\n\n\n\n<p>Dando cumplimiento a los pasos protocolares, se procedi\u00f3 a la firma de actas en compa\u00f1\u00eda de los testigos elegidos para dar fe del feliz momento. Tras la r\u00fabrica de los documentos, Gill hizo entrega a la novia de la libreta de familia, dejando formalmente asentada la uni\u00f3n de la pareja.<\/p>\n\n\n\n<p>\u201cEl acto que estamos hoy celebrando permite generar una uni\u00f3n libre a la distancia mediante la cual los contrayentes buscan construir un proyecto de vida en com\u00fan frente al Estado. Ninguna barrera ha sido impedimento para este encuentro, donde prima la mixtura de lugares y distancias\u201d, expres\u00f3 el intendente.<\/p>\n","protected":false},"excerpt":{"rendered":"<p>\u201cQue todo el mundo cabe en el tel\u00e9fono. Que no hay distancias grandes para nuestro amor. Que todo es perfecto, cuando te siento. Tan cerca aunque est\u00e9s tan lejos\u201d, canta Sin Bandera en la canci\u00f3n \u201cKil\u00f3metros\u201d. La distancia ya no es una excusa. Al menos para los dos j\u00f3venes novios que dieron el s\u00ed en [&hellip;]<\/p>\n","protected":false},"author":4,"featured_media":50718,"comment_status":"open","ping_status":"open","sticky":false,"template":"","format":"standard","meta":{"site-sidebar-layout":"default","site-content-layout":"default","ast-site-content-layout":"default","site-content-style":"default","site-sidebar-style":"default","ast-global-header-display":"","ast-banner-title-visibility":"","ast-main-header-display":"","ast-hfb-above-header-display":"","ast-hfb-below-header-display":"","ast-hfb-mobile-header-display":"","site-post-title":"","ast-breadcrumbs-content":"","ast-featured-img":"","footer-sml-layout":"","ast-disable-related-posts":"","theme-transparent-header-meta":"default","adv-header-id-meta":"","stick-header-meta":"","header-above-stick-meta":"","header-main-stick-meta":"","header-below-stick-meta":"","astra-migrate-meta-layouts":"default","ast-page-background-enabled":"default","ast-page-background-meta":{"desktop":{"background-color":"","background-image":"","background-repeat":"repeat","background-position":"center center","background-size":"auto","background-attachment":"scroll","background-type":"","background-media":"","overlay-type":"","overlay-color":"","overlay-opacity":"","overlay-gradient":""},"tablet":{"background-color":"","background-image":"","background-repeat":"repeat","background-position":"center center","background-size":"auto","background-attachment":"scroll","background-type":"","background-media":"","overlay-type":"","overlay-color":"","overlay-opacity":"","overlay-gradient":""},"mobile":{"background-color":"","background-image":"","background-repeat":"repeat","background-position":"center center","background-size":"auto","background-attachment":"scroll","background-type":"","background-media":"","overlay-type":"","overlay-color":"","overlay-opacity":"","overlay-gradient":""}},"ast-content-background-meta":{"desktop":{"background-color":"var(--ast-global-color-5)","background-image":"","background-repeat":"repeat","background-position":"center center","background-size":"auto","background-attachment":"scroll","background-type":"","background-media":"","overlay-type":"","overlay-color":"","overlay-opacity":"","overlay-gradient":""},"tablet":{"background-color":"var(--ast-global-color-5)","background-image":"","background-repeat":"repeat","background-position":"center center","background-size":"auto","background-attachment":"scroll","background-type":"","background-media":"","overlay-type":"","overlay-color":"","overlay-opacity":"","overlay-gradient":""},"mobile":{"background-color":"var(--ast-global-color-5)","background-image":"","background-repeat":"repeat","background-position":"center center","background-size":"auto","background-attachment":"scroll","background-type":"","background-media":"","overlay-type":"","overlay-color":"","overlay-opacity":"","overlay-gradient":""}},"_jetpack_memberships_contains_paid_content":false,"_joinchat":[],"footnotes":""},"categories":[3557,2],"tags":[13103,13102,13105,13101,13104,1125,25,1817,534],"class_list":["post-50712","post","type-post","status-publish","format-standard","has-post-thumbnail","hentry","category-tercera","category-villa-maria","tag-agostina-villafane","tag-alexis-elsener","tag-basquetbol","tag-casamiento-a-distancia","tag-japon","tag-martin-gill","tag-matrimonio","tag-registro-civil","tag-villa-maria"],"yoast_head":"<!-- This site is optimized with the Yoast SEO plugin v26.8 - https:\/\/yoast.com\/product\/yoast-seo-wordpress\/ -->\n<title>Casamiento a miles de kil\u00f3metros: Alexis y Agostina dieron el \u201cs\u00ed\u201d desde Villa Mar\u00eda y Jap\u00f3n - El Regional<\/title>\n<meta name=\"description\" content=\"El basquetbolista villamariense radicado en Jap\u00f3n, Alexis Elsener, y su novia Agostina Villafa\u00f1e Cogorno, se casaron de modo virtual.\" \/>\n<meta name=\"robots\" content=\"index, follow, max-snippet:-1, max-image-preview:large, max-video-preview:-1\" \/>\n<link rel=\"canonical\" href=\"http:\/\/elregionalvm.com.ar\/noticias-villa-maria\/casamiento-a-miles-de-kilometros-alexis-y-agostina-dieron-el-si-desde-villa-maria-y-japon\/\" \/>\n<meta property=\"og:locale\" content=\"es_ES\" \/>\n<meta property=\"og:type\" content=\"article\" \/>\n<meta property=\"og:title\" content=\"Casamiento a miles de kil\u00f3metros: Alexis y Agostina dieron el \u201cs\u00ed\u201d desde Villa Mar\u00eda y Jap\u00f3n - El Regional\" \/>\n<meta property=\"og:description\" content=\"El basquetbolista villamariense radicado en Jap\u00f3n, Alexis Elsener, y su novia Agostina Villafa\u00f1e Cogorno, se casaron de modo virtual.\" \/>\n<meta property=\"og:url\" content=\"http:\/\/elregionalvm.com.ar\/noticias-villa-maria\/casamiento-a-miles-de-kilometros-alexis-y-agostina-dieron-el-si-desde-villa-maria-y-japon\/\" \/>\n<meta property=\"og:site_name\" content=\"El Regional\" \/>\n<meta property=\"article:publisher\" content=\"https:\/\/www.facebook.com\/elregionalvm\" \/>\n<meta property=\"article:published_time\" content=\"2022-01-05T16:49:51+00:00\" \/>\n<meta property=\"article:modified_time\" content=\"2022-01-07T04:46:01+00:00\" \/>\n<meta property=\"og:image\" content=\"http:\/\/elregionalvm.com.ar\/noticias-villa-maria\/wp-content\/uploads\/2022\/01\/Casamiento-virtual-Agostina-Alexis.jpg\" \/>\n\t<meta property=\"og:image:width\" content=\"1280\" \/>\n\t<meta property=\"og:image:height\" content=\"853\" \/>\n\t<meta property=\"og:image:type\" content=\"image\/jpeg\" \/>\n<meta name=\"author\" content=\"Contenidos El Regional\" \/>\n<meta name=\"twitter:card\" content=\"summary_large_image\" \/>\n<meta name=\"twitter:creator\" content=\"@elregionalvm1\" \/>\n<meta name=\"twitter:site\" content=\"@elregionalvm1\" \/>\n<meta name=\"twitter:label1\" content=\"Escrito por\" \/>\n\t<meta name=\"twitter:data1\" content=\"Contenidos El Regional\" \/>\n\t<meta name=\"twitter:label2\" content=\"Tiempo de lectura\" \/>\n\t<meta name=\"twitter:data2\" content=\"3 minutos\" \/>\n<script type=\"application\/ld+json\" class=\"yoast-schema-graph\">{\"@context\":\"https:\/\/schema.org\",\"@graph\":[{\"@type\":\"Article\",\"@id\":\"http:\/\/elregionalvm.com.ar\/noticias-villa-maria\/casamiento-a-miles-de-kilometros-alexis-y-agostina-dieron-el-si-desde-villa-maria-y-japon\/#article\",\"isPartOf\":{\"@id\":\"http:\/\/elregionalvm.com.ar\/noticias-villa-maria\/casamiento-a-miles-de-kilometros-alexis-y-agostina-dieron-el-si-desde-villa-maria-y-japon\/\"},\"author\":{\"name\":\"Contenidos El Regional\",\"@id\":\"http:\/\/elregionalvm.com.ar\/noticias-villa-maria\/#\/schema\/person\/a0fb9c422317faca23d50163151bc354\"},\"headline\":\"Casamiento a miles de kil\u00f3metros: Alexis y Agostina dieron el \u201cs\u00ed\u201d desde Villa Mar\u00eda y Jap\u00f3n\",\"datePublished\":\"2022-01-05T16:49:51+00:00\",\"dateModified\":\"2022-01-07T04:46:01+00:00\",\"mainEntityOfPage\":{\"@id\":\"http:\/\/elregionalvm.com.ar\/noticias-villa-maria\/casamiento-a-miles-de-kilometros-alexis-y-agostina-dieron-el-si-desde-villa-maria-y-japon\/\"},\"wordCount\":388,\"commentCount\":0,\"image\":{\"@id\":\"http:\/\/elregionalvm.com.ar\/noticias-villa-maria\/casamiento-a-miles-de-kilometros-alexis-y-agostina-dieron-el-si-desde-villa-maria-y-japon\/#primaryimage\"},\"thumbnailUrl\":\"https:\/\/i0.wp.com\/elregionalvm.com.ar\/noticias-villa-maria\/wp-content\/uploads\/2022\/01\/Casamiento-virtual-Agostina-Alexis.jpg?fit=1280%2C853&ssl=1\",\"keywords\":[\"Agostina Villafa\u00f1e\",\"Alexis Elsener\",\"b\u00e1squetbol\",\"casamiento a distancia\",\"Jap\u00f3n\",\"mart\u00edn gill\",\"matrimonio\",\"Registro Civil\",\"villa maria\"],\"articleSection\":[\"tercera\",\"Villa Mar\u00eda\"],\"inLanguage\":\"es\",\"potentialAction\":[{\"@type\":\"CommentAction\",\"name\":\"Comment\",\"target\":[\"http:\/\/elregionalvm.com.ar\/noticias-villa-maria\/casamiento-a-miles-de-kilometros-alexis-y-agostina-dieron-el-si-desde-villa-maria-y-japon\/#respond\"]}]},{\"@type\":\"WebPage\",\"@id\":\"http:\/\/elregionalvm.com.ar\/noticias-villa-maria\/casamiento-a-miles-de-kilometros-alexis-y-agostina-dieron-el-si-desde-villa-maria-y-japon\/\",\"url\":\"http:\/\/elregionalvm.com.ar\/noticias-villa-maria\/casamiento-a-miles-de-kilometros-alexis-y-agostina-dieron-el-si-desde-villa-maria-y-japon\/\",\"name\":\"Casamiento a miles de kil\u00f3metros: Alexis y Agostina dieron el \u201cs\u00ed\u201d desde Villa Mar\u00eda y Jap\u00f3n - El Regional\",\"isPartOf\":{\"@id\":\"http:\/\/elregionalvm.com.ar\/noticias-villa-maria\/#website\"},\"primaryImageOfPage\":{\"@id\":\"http:\/\/elregionalvm.com.ar\/noticias-villa-maria\/casamiento-a-miles-de-kilometros-alexis-y-agostina-dieron-el-si-desde-villa-maria-y-japon\/#primaryimage\"},\"image\":{\"@id\":\"http:\/\/elregionalvm.com.ar\/noticias-villa-maria\/casamiento-a-miles-de-kilometros-alexis-y-agostina-dieron-el-si-desde-villa-maria-y-japon\/#primaryimage\"},\"thumbnailUrl\":\"https:\/\/i0.wp.com\/elregionalvm.com.ar\/noticias-villa-maria\/wp-content\/uploads\/2022\/01\/Casamiento-virtual-Agostina-Alexis.jpg?fit=1280%2C853&ssl=1\",\"datePublished\":\"2022-01-05T16:49:51+00:00\",\"dateModified\":\"2022-01-07T04:46:01+00:00\",\"author\":{\"@id\":\"http:\/\/elregionalvm.com.ar\/noticias-villa-maria\/#\/schema\/person\/a0fb9c422317faca23d50163151bc354\"},\"description\":\"El basquetbolista villamariense radicado en Jap\u00f3n, Alexis Elsener, y su novia Agostina Villafa\u00f1e Cogorno, se casaron de modo virtual.\",\"breadcrumb\":{\"@id\":\"http:\/\/elregionalvm.com.ar\/noticias-villa-maria\/casamiento-a-miles-de-kilometros-alexis-y-agostina-dieron-el-si-desde-villa-maria-y-japon\/#breadcrumb\"},\"inLanguage\":\"es\",\"potentialAction\":[{\"@type\":\"ReadAction\",\"target\":[\"http:\/\/elregionalvm.com.ar\/noticias-villa-maria\/casamiento-a-miles-de-kilometros-alexis-y-agostina-dieron-el-si-desde-villa-maria-y-japon\/\"]}]},{\"@type\":\"ImageObject\",\"inLanguage\":\"es\",\"@id\":\"http:\/\/elregionalvm.com.ar\/noticias-villa-maria\/casamiento-a-miles-de-kilometros-alexis-y-agostina-dieron-el-si-desde-villa-maria-y-japon\/#primaryimage\",\"url\":\"https:\/\/i0.wp.com\/elregionalvm.com.ar\/noticias-villa-maria\/wp-content\/uploads\/2022\/01\/Casamiento-virtual-Agostina-Alexis.jpg?fit=1280%2C853&ssl=1\",\"contentUrl\":\"https:\/\/i0.wp.com\/elregionalvm.com.ar\/noticias-villa-maria\/wp-content\/uploads\/2022\/01\/Casamiento-virtual-Agostina-Alexis.jpg?fit=1280%2C853&ssl=1\",\"width\":1280,\"height\":853},{\"@type\":\"BreadcrumbList\",\"@id\":\"http:\/\/elregionalvm.com.ar\/noticias-villa-maria\/casamiento-a-miles-de-kilometros-alexis-y-agostina-dieron-el-si-desde-villa-maria-y-japon\/#breadcrumb\",\"itemListElement\":[{\"@type\":\"ListItem\",\"position\":1,\"name\":\"Portada\",\"item\":\"https:\/\/elregionalvm.com.ar\/noticias-villa-maria\/\"},{\"@type\":\"ListItem\",\"position\":2,\"name\":\"Casamiento a miles de kil\u00f3metros: Alexis y Agostina dieron el \u201cs\u00ed\u201d desde Villa Mar\u00eda y Jap\u00f3n\"}]},{\"@type\":\"WebSite\",\"@id\":\"http:\/\/elregionalvm.com.ar\/noticias-villa-maria\/#website\",\"url\":\"http:\/\/elregionalvm.com.ar\/noticias-villa-maria\/\",\"name\":\"El Regional\",\"description\":\"Mucho m\u00e1s que informaci\u00f3n\",\"potentialAction\":[{\"@type\":\"SearchAction\",\"target\":{\"@type\":\"EntryPoint\",\"urlTemplate\":\"http:\/\/elregionalvm.com.ar\/noticias-villa-maria\/?s={search_term_string}\"},\"query-input\":{\"@type\":\"PropertyValueSpecification\",\"valueRequired\":true,\"valueName\":\"search_term_string\"}}],\"inLanguage\":\"es\"},{\"@type\":\"Person\",\"@id\":\"http:\/\/elregionalvm.com.ar\/noticias-villa-maria\/#\/schema\/person\/a0fb9c422317faca23d50163151bc354\",\"name\":\"Contenidos El Regional\",\"image\":{\"@type\":\"ImageObject\",\"inLanguage\":\"es\",\"@id\":\"http:\/\/elregionalvm.com.ar\/noticias-villa-maria\/#\/schema\/person\/image\/\",\"url\":\"https:\/\/secure.gravatar.com\/avatar\/265b27cb2209af7bb3a1318f03305787d7981a5cc6e6cd08fe5a4ecdf99d4b48?s=96&d=mm&r=g\",\"contentUrl\":\"https:\/\/secure.gravatar.com\/avatar\/265b27cb2209af7bb3a1318f03305787d7981a5cc6e6cd08fe5a4ecdf99d4b48?s=96&d=mm&r=g\",\"caption\":\"Contenidos El Regional\"},\"url\":\"https:\/\/elregionalvm.com.ar\/noticias-villa-maria\/author\/contenido\/\"}]}<\/script>\n<!-- \/ Yoast SEO plugin. -->","yoast_head_json":{"title":"Casamiento a miles de kil\u00f3metros: Alexis y Agostina dieron el \u201cs\u00ed\u201d desde Villa Mar\u00eda y Jap\u00f3n - El Regional","description":"El basquetbolista villamariense radicado en Jap\u00f3n, Alexis Elsener, y su novia Agostina Villafa\u00f1e Cogorno, se casaron de modo virtual.","robots":{"index":"index","follow":"follow","max-snippet":"max-snippet:-1","max-image-preview":"max-image-preview:large","max-video-preview":"max-video-preview:-1"},"canonical":"http:\/\/elregionalvm.com.ar\/noticias-villa-maria\/casamiento-a-miles-de-kilometros-alexis-y-agostina-dieron-el-si-desde-villa-maria-y-japon\/","og_locale":"es_ES","og_type":"article","og_title":"Casamiento a miles de kil\u00f3metros: Alexis y Agostina dieron el \u201cs\u00ed\u201d desde Villa Mar\u00eda y Jap\u00f3n - El Regional","og_description":"El basquetbolista villamariense radicado en Jap\u00f3n, Alexis Elsener, y su novia Agostina Villafa\u00f1e Cogorno, se casaron de modo virtual.","og_url":"http:\/\/elregionalvm.com.ar\/noticias-villa-maria\/casamiento-a-miles-de-kilometros-alexis-y-agostina-dieron-el-si-desde-villa-maria-y-japon\/","og_site_name":"El Regional","article_publisher":"https:\/\/www.facebook.com\/elregionalvm","article_published_time":"2022-01-05T16:49:51+00:00","article_modified_time":"2022-01-07T04:46:01+00:00","og_image":[{"width":1280,"height":853,"url":"http:\/\/elregionalvm.com.ar\/noticias-villa-maria\/wp-content\/uploads\/2022\/01\/Casamiento-virtual-Agostina-Alexis.jpg","type":"image\/jpeg"}],"author":"Contenidos El Regional","twitter_card":"summary_large_image","twitter_creator":"@elregionalvm1","twitter_site":"@elregionalvm1","twitter_misc":{"Escrito por":"Contenidos El Regional","Tiempo de lectura":"3 minutos"},"schema":{"@context":"https:\/\/schema.org","@graph":[{"@type":"Article","@id":"http:\/\/elregionalvm.com.ar\/noticias-villa-maria\/casamiento-a-miles-de-kilometros-alexis-y-agostina-dieron-el-si-desde-villa-maria-y-japon\/#article","isPartOf":{"@id":"http:\/\/elregionalvm.com.ar\/noticias-villa-maria\/casamiento-a-miles-de-kilometros-alexis-y-agostina-dieron-el-si-desde-villa-maria-y-japon\/"},"author":{"name":"Contenidos El Regional","@id":"http:\/\/elregionalvm.com.ar\/noticias-villa-maria\/#\/schema\/person\/a0fb9c422317faca23d50163151bc354"},"headline":"Casamiento a miles de kil\u00f3metros: Alexis y Agostina dieron el \u201cs\u00ed\u201d desde Villa Mar\u00eda y Jap\u00f3n","datePublished":"2022-01-05T16:49:51+00:00","dateModified":"2022-01-07T04:46:01+00:00","mainEntityOfPage":{"@id":"http:\/\/elregionalvm.com.ar\/noticias-villa-maria\/casamiento-a-miles-de-kilometros-alexis-y-agostina-dieron-el-si-desde-villa-maria-y-japon\/"},"wordCount":388,"commentCount":0,"image":{"@id":"http:\/\/elregionalvm.com.ar\/noticias-villa-maria\/casamiento-a-miles-de-kilometros-alexis-y-agostina-dieron-el-si-desde-villa-maria-y-japon\/#primaryimage"},"thumbnailUrl":"https:\/\/i0.wp.com\/elregionalvm.com.ar\/noticias-villa-maria\/wp-content\/uploads\/2022\/01\/Casamiento-virtual-Agostina-Alexis.jpg?fit=1280%2C853&ssl=1","keywords":["Agostina Villafa\u00f1e","Alexis Elsener","b\u00e1squetbol","casamiento a distancia","Jap\u00f3n","mart\u00edn gill","matrimonio","Registro Civil","villa maria"],"articleSection":["tercera","Villa Mar\u00eda"],"inLanguage":"es","potentialAction":[{"@type":"CommentAction","name":"Comment","target":["http:\/\/elregionalvm.com.ar\/noticias-villa-maria\/casamiento-a-miles-de-kilometros-alexis-y-agostina-dieron-el-si-desde-villa-maria-y-japon\/#respond"]}]},{"@type":"WebPage","@id":"http:\/\/elregionalvm.com.ar\/noticias-villa-maria\/casamiento-a-miles-de-kilometros-alexis-y-agostina-dieron-el-si-desde-villa-maria-y-japon\/","url":"http:\/\/elregionalvm.com.ar\/noticias-villa-maria\/casamiento-a-miles-de-kilometros-alexis-y-agostina-dieron-el-si-desde-villa-maria-y-japon\/","name":"Casamiento a miles de kil\u00f3metros: Alexis y Agostina dieron el \u201cs\u00ed\u201d desde Villa Mar\u00eda y Jap\u00f3n - El Regional","isPartOf":{"@id":"http:\/\/elregionalvm.com.ar\/noticias-villa-maria\/#website"},"primaryImageOfPage":{"@id":"http:\/\/elregionalvm.com.ar\/noticias-villa-maria\/casamiento-a-miles-de-kilometros-alexis-y-agostina-dieron-el-si-desde-villa-maria-y-japon\/#primaryimage"},"image":{"@id":"http:\/\/elregionalvm.com.ar\/noticias-villa-maria\/casamiento-a-miles-de-kilometros-alexis-y-agostina-dieron-el-si-desde-villa-maria-y-japon\/#primaryimage"},"thumbnailUrl":"https:\/\/i0.wp.com\/elregionalvm.com.ar\/noticias-villa-maria\/wp-content\/uploads\/2022\/01\/Casamiento-virtual-Agostina-Alexis.jpg?fit=1280%2C853&ssl=1","datePublished":"2022-01-05T16:49:51+00:00","dateModified":"2022-01-07T04:46:01+00:00","author":{"@id":"http:\/\/elregionalvm.com.ar\/noticias-villa-maria\/#\/schema\/person\/a0fb9c422317faca23d50163151bc354"},"description":"El basquetbolista villamariense radicado en Jap\u00f3n, Alexis Elsener, y su novia Agostina Villafa\u00f1e Cogorno, se casaron de modo virtual.","breadcrumb":{"@id":"http:\/\/elregionalvm.com.ar\/noticias-villa-maria\/casamiento-a-miles-de-kilometros-alexis-y-agostina-dieron-el-si-desde-villa-maria-y-japon\/#breadcrumb"},"inLanguage":"es","potentialAction":[{"@type":"ReadAction","target":["http:\/\/elregionalvm.com.ar\/noticias-villa-maria\/casamiento-a-miles-de-kilometros-alexis-y-agostina-dieron-el-si-desde-villa-maria-y-japon\/"]}]},{"@type":"ImageObject","inLanguage":"es","@id":"http:\/\/elregionalvm.com.ar\/noticias-villa-maria\/casamiento-a-miles-de-kilometros-alexis-y-agostina-dieron-el-si-desde-villa-maria-y-japon\/#primaryimage","url":"https:\/\/i0.wp.com\/elregionalvm.com.ar\/noticias-villa-maria\/wp-content\/uploads\/2022\/01\/Casamiento-virtual-Agostina-Alexis.jpg?fit=1280%2C853&ssl=1","contentUrl":"https:\/\/i0.wp.com\/elregionalvm.com.ar\/noticias-villa-maria\/wp-content\/uploads\/2022\/01\/Casamiento-virtual-Agostina-Alexis.jpg?fit=1280%2C853&ssl=1","width":1280,"height":853},{"@type":"BreadcrumbList","@id":"http:\/\/elregionalvm.com.ar\/noticias-villa-maria\/casamiento-a-miles-de-kilometros-alexis-y-agostina-dieron-el-si-desde-villa-maria-y-japon\/#breadcrumb","itemListElement":[{"@type":"ListItem","position":1,"name":"Portada","item":"https:\/\/elregionalvm.com.ar\/noticias-villa-maria\/"},{"@type":"ListItem","position":2,"name":"Casamiento a miles de kil\u00f3metros: Alexis y Agostina dieron el \u201cs\u00ed\u201d desde Villa Mar\u00eda y Jap\u00f3n"}]},{"@type":"WebSite","@id":"http:\/\/elregionalvm.com.ar\/noticias-villa-maria\/#website","url":"http:\/\/elregionalvm.com.ar\/noticias-villa-maria\/","name":"El Regional","description":"Mucho m\u00e1s que informaci\u00f3n","potentialAction":[{"@type":"SearchAction","target":{"@type":"EntryPoint","urlTemplate":"http:\/\/elregionalvm.com.ar\/noticias-villa-maria\/?s={search_term_string}"},"query-input":{"@type":"PropertyValueSpecification","valueRequired":true,"valueName":"search_term_string"}}],"inLanguage":"es"},{"@type":"Person","@id":"http:\/\/elregionalvm.com.ar\/noticias-villa-maria\/#\/schema\/person\/a0fb9c422317faca23d50163151bc354","name":"Contenidos El Regional","image":{"@type":"ImageObject","inLanguage":"es","@id":"http:\/\/elregionalvm.com.ar\/noticias-villa-maria\/#\/schema\/person\/image\/","url":"https:\/\/secure.gravatar.com\/avatar\/265b27cb2209af7bb3a1318f03305787d7981a5cc6e6cd08fe5a4ecdf99d4b48?s=96&d=mm&r=g","contentUrl":"https:\/\/secure.gravatar.com\/avatar\/265b27cb2209af7bb3a1318f03305787d7981a5cc6e6cd08fe5a4ecdf99d4b48?s=96&d=mm&r=g","caption":"Contenidos El Regional"},"url":"https:\/\/elregionalvm.com.ar\/noticias-villa-maria\/author\/contenido\/"}]}},"jetpack_featured_media_url":"https:\/\/i0.wp.com\/elregionalvm.com.ar\/noticias-villa-maria\/wp-content\/uploads\/2022\/01\/Casamiento-virtual-Agostina-Alexis.jpg?fit=1280%2C853&ssl=1","jetpack_sharing_enabled":true,"_links":{"self":[{"href":"https:\/\/elregionalvm.com.ar\/noticias-villa-maria\/wp-json\/wp\/v2\/posts\/50712","targetHints":{"allow":["GET"]}}],"collection":[{"href":"https:\/\/elregionalvm.com.ar\/noticias-villa-maria\/wp-json\/wp\/v2\/posts"}],"about":[{"href":"https:\/\/elregionalvm.com.ar\/noticias-villa-maria\/wp-json\/wp\/v2\/types\/post"}],"author":[{"embeddable":true,"href":"https:\/\/elregionalvm.com.ar\/noticias-villa-maria\/wp-json\/wp\/v2\/users\/4"}],"replies":[{"embeddable":true,"href":"https:\/\/elregionalvm.com.ar\/noticias-villa-maria\/wp-json\/wp\/v2\/comments?post=50712"}],"version-history":[{"count":3,"href":"https:\/\/elregionalvm.com.ar\/noticias-villa-maria\/wp-json\/wp\/v2\/posts\/50712\/revisions"}],"predecessor-version":[{"id":50722,"href":"https:\/\/elregionalvm.com.ar\/noticias-villa-maria\/wp-json\/wp\/v2\/posts\/50712\/revisions\/50722"}],"wp:featuredmedia":[{"embeddable":true,"href":"https:\/\/elregionalvm.com.ar\/noticias-villa-maria\/wp-json\/wp\/v2\/media\/50718"}],"wp:attachment":[{"href":"https:\/\/elregionalvm.com.ar\/noticias-villa-maria\/wp-json\/wp\/v2\/media?parent=50712"}],"wp:term":[{"taxonomy":"category","embeddable":true,"href":"https:\/\/elregionalvm.com.ar\/noticias-villa-maria\/wp-json\/wp\/v2\/categories?post=50712"},{"taxonomy":"post_tag","embeddable":true,"href":"https:\/\/elregionalvm.com.ar\/noticias-villa-maria\/wp-json\/wp\/v2\/tags?post=50712"}],"curies":[{"name":"wp","href":"https:\/\/api.w.org\/{rel}","templated":true}]}}