{"id":50723,"date":"2022-01-05T20:16:56","date_gmt":"2022-01-05T20:16:56","guid":{"rendered":"https:\/\/elregionalvm.com.ar\/noticias-villa-maria\/?p=50723"},"modified":"2022-01-05T20:16:58","modified_gmt":"2022-01-05T20:16:58","slug":"la-pampa-una-pareja-llevaba-un-arsenal-de-guerra-cuando-volvia-de-cordoba","status":"publish","type":"post","link":"https:\/\/elregionalvm.com.ar\/noticias-villa-maria\/la-pampa-una-pareja-llevaba-un-arsenal-de-guerra-cuando-volvia-de-cordoba\/","title":{"rendered":"La Pampa: una pareja llevaba un arsenal de guerra cuando volv\u00eda de C\u00f3rdoba"},"content":{"rendered":"\n<p>El portal Infotec, de Realic\u00f3, inform\u00f3 que en la ruta 35 a la altura de esa localidad lim\u00edtrofe la Polic\u00eda Antinarc\u00f3ticos con ayuda de un scanner detect\u00f3 una sorprendente cantidad de municiones de guerra, proyectiles de mortero, y variados elementos presumiblemente provenientes del Ej\u00e9rcito Argentino que eras transportados por una pareja con destino a Santa Rosa.<\/p>\n\n\n\n<p>El secuestro incluye balas para Fusil FAL de tipo simple y trazante, proyectiles para mortero, otros elementos explosivos, accesorios para su encendido, una caja met\u00e1lica para el transporte de municiones, indumentaria como gorras militares de verano e invierno, mochilas t\u00e1cticas, buzos del Ej\u00e9rcito, remeras y hasta alg\u00fan mapa.<\/p>\n\n\n\n<p>La pareja que trasladaba los elementos se movilizaba en un peque\u00f1o auto marca Chery modelo QQ de color gris y llevaba como destino la capital pampeana.<\/p>\n\n\n\n<p>El descubrimiento del arsenal se dio en el marco de un operativo organizado en distintos puestos camineros, se\u00f1al\u00f3 el Comisario Inspector Jos\u00e9 Giordano, indicando adem\u00e1s que los efectivos dependen del \u00e1rea de toxicolog\u00eda de General Pico, en su lucha contra el narcotr\u00e1fico.<\/p>\n\n\n\n<p>El veh\u00edculo fue controlado en el marco del operativo en cuesti\u00f3n, se observ\u00f3 a una mujer y un hombre mayores de edad, y cuando proceden a la revisi\u00f3n del veh\u00edculo, hallan una caja tipo militar, la cual conten\u00eda muchas municiones, unos 300 proyectiles. M\u00e1s detalles fueron brindados por el mencionado comisario Giordano.<\/p>\n\n\n\n<figure class=\"wp-block-audio\"><audio controls src=\"https:\/\/elregionalvm.com.ar\/noticias-villa-maria\/wp-content\/uploads\/2022\/01\/COMISARIO-INSPECTOR-JOSE-GIORDANO.mp3\"><\/audio><\/figure>\n\n\n\n<figure class=\"wp-block-image size-full\"><img data-recalc-dims=\"1\" fetchpriority=\"high\" decoding=\"async\" width=\"1000\" height=\"750\" src=\"https:\/\/i0.wp.com\/elregionalvm.com.ar\/noticias-villa-maria\/wp-content\/uploads\/2022\/01\/arsenal-de-guerra-2.jpeg?resize=1000%2C750&#038;ssl=1\" alt=\"\" class=\"wp-image-50726\" srcset=\"https:\/\/i0.wp.com\/elregionalvm.com.ar\/noticias-villa-maria\/wp-content\/uploads\/2022\/01\/arsenal-de-guerra-2.jpeg?w=1000&amp;ssl=1 1000w, https:\/\/i0.wp.com\/elregionalvm.com.ar\/noticias-villa-maria\/wp-content\/uploads\/2022\/01\/arsenal-de-guerra-2.jpeg?resize=300%2C225&amp;ssl=1 300w, https:\/\/i0.wp.com\/elregionalvm.com.ar\/noticias-villa-maria\/wp-content\/uploads\/2022\/01\/arsenal-de-guerra-2.jpeg?resize=768%2C576&amp;ssl=1 768w\" sizes=\"(max-width: 1000px) 100vw, 1000px\" \/><\/figure>\n","protected":false},"excerpt":{"rendered":"<p>El portal Infotec, de Realic\u00f3, inform\u00f3 que en la ruta 35 a la altura de esa localidad lim\u00edtrofe la Polic\u00eda Antinarc\u00f3ticos con ayuda de un scanner detect\u00f3 una sorprendente cantidad de municiones de guerra, proyectiles de mortero, y variados elementos presumiblemente provenientes del Ej\u00e9rcito Argentino que eras transportados por una pareja con destino a Santa [&hellip;]<\/p>\n","protected":false},"author":4,"featured_media":50725,"comment_status":"open","ping_status":"open","sticky":false,"template":"","format":"standard","meta":{"site-sidebar-layout":"default","site-content-layout":"default","ast-site-content-layout":"default","site-content-style":"default","site-sidebar-style":"default","ast-global-header-display":"","ast-banner-title-visibility":"","ast-main-header-display":"","ast-hfb-above-header-display":"","ast-hfb-below-header-display":"","ast-hfb-mobile-header-display":"","site-post-title":"","ast-breadcrumbs-content":"","ast-featured-img":"","footer-sml-layout":"","ast-disable-related-posts":"","theme-transparent-header-meta":"default","adv-header-id-meta":"","stick-header-meta":"","header-above-stick-meta":"","header-main-stick-meta":"","header-below-stick-meta":"","astra-migrate-meta-layouts":"default","ast-page-background-enabled":"default","ast-page-background-meta":{"desktop":{"background-color":"","background-image":"","background-repeat":"repeat","background-position":"center center","background-size":"auto","background-attachment":"scroll","background-type":"","background-media":"","overlay-type":"","overlay-color":"","overlay-opacity":"","overlay-gradient":""},"tablet":{"background-color":"","background-image":"","background-repeat":"repeat","background-position":"center center","background-size":"auto","background-attachment":"scroll","background-type":"","background-media":"","overlay-type":"","overlay-color":"","overlay-opacity":"","overlay-gradient":""},"mobile":{"background-color":"","background-image":"","background-repeat":"repeat","background-position":"center center","background-size":"auto","background-attachment":"scroll","background-type":"","background-media":"","overlay-type":"","overlay-color":"","overlay-opacity":"","overlay-gradient":""}},"ast-content-background-meta":{"desktop":{"background-color":"var(--ast-global-color-5)","background-image":"","background-repeat":"repeat","background-position":"center center","background-size":"auto","background-attachment":"scroll","background-type":"","background-media":"","overlay-type":"","overlay-color":"","overlay-opacity":"","overlay-gradient":""},"tablet":{"background-color":"var(--ast-global-color-5)","background-image":"","background-repeat":"repeat","background-position":"center center","background-size":"auto","background-attachment":"scroll","background-type":"","background-media":"","overlay-type":"","overlay-color":"","overlay-opacity":"","overlay-gradient":""},"mobile":{"background-color":"var(--ast-global-color-5)","background-image":"","background-repeat":"repeat","background-position":"center center","background-size":"auto","background-attachment":"scroll","background-type":"","background-media":"","overlay-type":"","overlay-color":"","overlay-opacity":"","overlay-gradient":""}},"_jetpack_memberships_contains_paid_content":false,"_joinchat":[],"footnotes":""},"categories":[2234],"tags":[13106,1232,13107,13108,11528,2372],"class_list":["post-50723","post","type-post","status-publish","format-standard","has-post-thumbnail","hentry","category-policiales","tag-arsenal-de-guerra","tag-destacado","tag-elementos-de-guerra","tag-elementos-del-ejercito-argentino","tag-la-pampa","tag-pareja-detenida"],"yoast_head":"<!-- This site is optimized with the Yoast SEO plugin v26.8 - https:\/\/yoast.com\/product\/yoast-seo-wordpress\/ -->\n<title>La Pampa: una pareja llevaba un arsenal de guerra cuando volv\u00eda de C\u00f3rdoba - El Regional<\/title>\n<meta name=\"robots\" content=\"index, follow, max-snippet:-1, max-image-preview:large, max-video-preview:-1\" \/>\n<link rel=\"canonical\" href=\"http:\/\/elregionalvm.com.ar\/noticias-villa-maria\/la-pampa-una-pareja-llevaba-un-arsenal-de-guerra-cuando-volvia-de-cordoba\/\" \/>\n<meta property=\"og:locale\" content=\"es_ES\" \/>\n<meta property=\"og:type\" content=\"article\" \/>\n<meta property=\"og:title\" content=\"La Pampa: una pareja llevaba un arsenal de guerra cuando volv\u00eda de C\u00f3rdoba - El Regional\" \/>\n<meta property=\"og:description\" content=\"El portal Infotec, de Realic\u00f3, inform\u00f3 que en la ruta 35 a la altura de esa localidad lim\u00edtrofe la Polic\u00eda Antinarc\u00f3ticos con ayuda de un scanner detect\u00f3 una sorprendente cantidad de municiones de guerra, proyectiles de mortero, y variados elementos presumiblemente provenientes del Ej\u00e9rcito Argentino que eras transportados por una pareja con destino a Santa [&hellip;]\" \/>\n<meta property=\"og:url\" content=\"http:\/\/elregionalvm.com.ar\/noticias-villa-maria\/la-pampa-una-pareja-llevaba-un-arsenal-de-guerra-cuando-volvia-de-cordoba\/\" \/>\n<meta property=\"og:site_name\" content=\"El Regional\" \/>\n<meta property=\"article:publisher\" content=\"https:\/\/www.facebook.com\/elregionalvm\" \/>\n<meta property=\"article:published_time\" content=\"2022-01-05T20:16:56+00:00\" \/>\n<meta property=\"article:modified_time\" content=\"2022-01-05T20:16:58+00:00\" \/>\n<meta property=\"og:image\" content=\"http:\/\/elregionalvm.com.ar\/noticias-villa-maria\/wp-content\/uploads\/2022\/01\/arsenal-de-guerra.jpg\" \/>\n\t<meta property=\"og:image:width\" content=\"849\" \/>\n\t<meta property=\"og:image:height\" content=\"596\" \/>\n\t<meta property=\"og:image:type\" content=\"image\/jpeg\" \/>\n<meta name=\"author\" content=\"Contenidos El Regional\" \/>\n<meta name=\"twitter:card\" content=\"summary_large_image\" \/>\n<meta name=\"twitter:creator\" content=\"@elregionalvm1\" \/>\n<meta name=\"twitter:site\" content=\"@elregionalvm1\" \/>\n<meta name=\"twitter:label1\" content=\"Escrito por\" \/>\n\t<meta name=\"twitter:data1\" content=\"Contenidos El Regional\" \/>\n\t<meta name=\"twitter:label2\" content=\"Tiempo de lectura\" \/>\n\t<meta name=\"twitter:data2\" content=\"2 minutos\" \/>\n<script type=\"application\/ld+json\" class=\"yoast-schema-graph\">{\"@context\":\"https:\/\/schema.org\",\"@graph\":[{\"@type\":\"Article\",\"@id\":\"http:\/\/elregionalvm.com.ar\/noticias-villa-maria\/la-pampa-una-pareja-llevaba-un-arsenal-de-guerra-cuando-volvia-de-cordoba\/#article\",\"isPartOf\":{\"@id\":\"http:\/\/elregionalvm.com.ar\/noticias-villa-maria\/la-pampa-una-pareja-llevaba-un-arsenal-de-guerra-cuando-volvia-de-cordoba\/\"},\"author\":{\"name\":\"Contenidos El Regional\",\"@id\":\"http:\/\/elregionalvm.com.ar\/noticias-villa-maria\/#\/schema\/person\/a0fb9c422317faca23d50163151bc354\"},\"headline\":\"La Pampa: una pareja llevaba un arsenal de guerra cuando volv\u00eda de C\u00f3rdoba\",\"datePublished\":\"2022-01-05T20:16:56+00:00\",\"dateModified\":\"2022-01-05T20:16:58+00:00\",\"mainEntityOfPage\":{\"@id\":\"http:\/\/elregionalvm.com.ar\/noticias-villa-maria\/la-pampa-una-pareja-llevaba-un-arsenal-de-guerra-cuando-volvia-de-cordoba\/\"},\"wordCount\":256,\"commentCount\":0,\"image\":{\"@id\":\"http:\/\/elregionalvm.com.ar\/noticias-villa-maria\/la-pampa-una-pareja-llevaba-un-arsenal-de-guerra-cuando-volvia-de-cordoba\/#primaryimage\"},\"thumbnailUrl\":\"https:\/\/i0.wp.com\/elregionalvm.com.ar\/noticias-villa-maria\/wp-content\/uploads\/2022\/01\/arsenal-de-guerra.jpg?fit=849%2C596&ssl=1\",\"keywords\":[\"arsenal de guerra\",\"destacado\",\"elementos de guerra\",\"elementos del Ej\u00e9rcito Argentino\",\"La Pampa\",\"pareja detenida\"],\"articleSection\":[\"Policiales\"],\"inLanguage\":\"es\",\"potentialAction\":[{\"@type\":\"CommentAction\",\"name\":\"Comment\",\"target\":[\"http:\/\/elregionalvm.com.ar\/noticias-villa-maria\/la-pampa-una-pareja-llevaba-un-arsenal-de-guerra-cuando-volvia-de-cordoba\/#respond\"]}]},{\"@type\":\"WebPage\",\"@id\":\"http:\/\/elregionalvm.com.ar\/noticias-villa-maria\/la-pampa-una-pareja-llevaba-un-arsenal-de-guerra-cuando-volvia-de-cordoba\/\",\"url\":\"http:\/\/elregionalvm.com.ar\/noticias-villa-maria\/la-pampa-una-pareja-llevaba-un-arsenal-de-guerra-cuando-volvia-de-cordoba\/\",\"name\":\"La Pampa: una pareja llevaba un arsenal de guerra cuando volv\u00eda de C\u00f3rdoba - El Regional\",\"isPartOf\":{\"@id\":\"http:\/\/elregionalvm.com.ar\/noticias-villa-maria\/#website\"},\"primaryImageOfPage\":{\"@id\":\"http:\/\/elregionalvm.com.ar\/noticias-villa-maria\/la-pampa-una-pareja-llevaba-un-arsenal-de-guerra-cuando-volvia-de-cordoba\/#primaryimage\"},\"image\":{\"@id\":\"http:\/\/elregionalvm.com.ar\/noticias-villa-maria\/la-pampa-una-pareja-llevaba-un-arsenal-de-guerra-cuando-volvia-de-cordoba\/#primaryimage\"},\"thumbnailUrl\":\"https:\/\/i0.wp.com\/elregionalvm.com.ar\/noticias-villa-maria\/wp-content\/uploads\/2022\/01\/arsenal-de-guerra.jpg?fit=849%2C596&ssl=1\",\"datePublished\":\"2022-01-05T20:16:56+00:00\",\"dateModified\":\"2022-01-05T20:16:58+00:00\",\"author\":{\"@id\":\"http:\/\/elregionalvm.com.ar\/noticias-villa-maria\/#\/schema\/person\/a0fb9c422317faca23d50163151bc354\"},\"breadcrumb\":{\"@id\":\"http:\/\/elregionalvm.com.ar\/noticias-villa-maria\/la-pampa-una-pareja-llevaba-un-arsenal-de-guerra-cuando-volvia-de-cordoba\/#breadcrumb\"},\"inLanguage\":\"es\",\"potentialAction\":[{\"@type\":\"ReadAction\",\"target\":[\"http:\/\/elregionalvm.com.ar\/noticias-villa-maria\/la-pampa-una-pareja-llevaba-un-arsenal-de-guerra-cuando-volvia-de-cordoba\/\"]}]},{\"@type\":\"ImageObject\",\"inLanguage\":\"es\",\"@id\":\"http:\/\/elregionalvm.com.ar\/noticias-villa-maria\/la-pampa-una-pareja-llevaba-un-arsenal-de-guerra-cuando-volvia-de-cordoba\/#primaryimage\",\"url\":\"https:\/\/i0.wp.com\/elregionalvm.com.ar\/noticias-villa-maria\/wp-content\/uploads\/2022\/01\/arsenal-de-guerra.jpg?fit=849%2C596&ssl=1\",\"contentUrl\":\"https:\/\/i0.wp.com\/elregionalvm.com.ar\/noticias-villa-maria\/wp-content\/uploads\/2022\/01\/arsenal-de-guerra.jpg?fit=849%2C596&ssl=1\",\"width\":849,\"height\":596},{\"@type\":\"BreadcrumbList\",\"@id\":\"http:\/\/elregionalvm.com.ar\/noticias-villa-maria\/la-pampa-una-pareja-llevaba-un-arsenal-de-guerra-cuando-volvia-de-cordoba\/#breadcrumb\",\"itemListElement\":[{\"@type\":\"ListItem\",\"position\":1,\"name\":\"Portada\",\"item\":\"https:\/\/elregionalvm.com.ar\/noticias-villa-maria\/\"},{\"@type\":\"ListItem\",\"position\":2,\"name\":\"La Pampa: una pareja llevaba un arsenal de guerra cuando volv\u00eda de C\u00f3rdoba\"}]},{\"@type\":\"WebSite\",\"@id\":\"http:\/\/elregionalvm.com.ar\/noticias-villa-maria\/#website\",\"url\":\"http:\/\/elregionalvm.com.ar\/noticias-villa-maria\/\",\"name\":\"El Regional\",\"description\":\"Mucho m\u00e1s que informaci\u00f3n\",\"potentialAction\":[{\"@type\":\"SearchAction\",\"target\":{\"@type\":\"EntryPoint\",\"urlTemplate\":\"http:\/\/elregionalvm.com.ar\/noticias-villa-maria\/?s={search_term_string}\"},\"query-input\":{\"@type\":\"PropertyValueSpecification\",\"valueRequired\":true,\"valueName\":\"search_term_string\"}}],\"inLanguage\":\"es\"},{\"@type\":\"Person\",\"@id\":\"http:\/\/elregionalvm.com.ar\/noticias-villa-maria\/#\/schema\/person\/a0fb9c422317faca23d50163151bc354\",\"name\":\"Contenidos El Regional\",\"image\":{\"@type\":\"ImageObject\",\"inLanguage\":\"es\",\"@id\":\"http:\/\/elregionalvm.com.ar\/noticias-villa-maria\/#\/schema\/person\/image\/\",\"url\":\"https:\/\/secure.gravatar.com\/avatar\/265b27cb2209af7bb3a1318f03305787d7981a5cc6e6cd08fe5a4ecdf99d4b48?s=96&d=mm&r=g\",\"contentUrl\":\"https:\/\/secure.gravatar.com\/avatar\/265b27cb2209af7bb3a1318f03305787d7981a5cc6e6cd08fe5a4ecdf99d4b48?s=96&d=mm&r=g\",\"caption\":\"Contenidos El Regional\"},\"url\":\"https:\/\/elregionalvm.com.ar\/noticias-villa-maria\/author\/contenido\/\"}]}<\/script>\n<!-- \/ Yoast SEO plugin. -->","yoast_head_json":{"title":"La Pampa: una pareja llevaba un arsenal de guerra cuando volv\u00eda de C\u00f3rdoba - El Regional","robots":{"index":"index","follow":"follow","max-snippet":"max-snippet:-1","max-image-preview":"max-image-preview:large","max-video-preview":"max-video-preview:-1"},"canonical":"http:\/\/elregionalvm.com.ar\/noticias-villa-maria\/la-pampa-una-pareja-llevaba-un-arsenal-de-guerra-cuando-volvia-de-cordoba\/","og_locale":"es_ES","og_type":"article","og_title":"La Pampa: una pareja llevaba un arsenal de guerra cuando volv\u00eda de C\u00f3rdoba - El Regional","og_description":"El portal Infotec, de Realic\u00f3, inform\u00f3 que en la ruta 35 a la altura de esa localidad lim\u00edtrofe la Polic\u00eda Antinarc\u00f3ticos con ayuda de un scanner detect\u00f3 una sorprendente cantidad de municiones de guerra, proyectiles de mortero, y variados elementos presumiblemente provenientes del Ej\u00e9rcito Argentino que eras transportados por una pareja con destino a Santa [&hellip;]","og_url":"http:\/\/elregionalvm.com.ar\/noticias-villa-maria\/la-pampa-una-pareja-llevaba-un-arsenal-de-guerra-cuando-volvia-de-cordoba\/","og_site_name":"El Regional","article_publisher":"https:\/\/www.facebook.com\/elregionalvm","article_published_time":"2022-01-05T20:16:56+00:00","article_modified_time":"2022-01-05T20:16:58+00:00","og_image":[{"width":849,"height":596,"url":"http:\/\/elregionalvm.com.ar\/noticias-villa-maria\/wp-content\/uploads\/2022\/01\/arsenal-de-guerra.jpg","type":"image\/jpeg"}],"author":"Contenidos El Regional","twitter_card":"summary_large_image","twitter_creator":"@elregionalvm1","twitter_site":"@elregionalvm1","twitter_misc":{"Escrito por":"Contenidos El Regional","Tiempo de lectura":"2 minutos"},"schema":{"@context":"https:\/\/schema.org","@graph":[{"@type":"Article","@id":"http:\/\/elregionalvm.com.ar\/noticias-villa-maria\/la-pampa-una-pareja-llevaba-un-arsenal-de-guerra-cuando-volvia-de-cordoba\/#article","isPartOf":{"@id":"http:\/\/elregionalvm.com.ar\/noticias-villa-maria\/la-pampa-una-pareja-llevaba-un-arsenal-de-guerra-cuando-volvia-de-cordoba\/"},"author":{"name":"Contenidos El Regional","@id":"http:\/\/elregionalvm.com.ar\/noticias-villa-maria\/#\/schema\/person\/a0fb9c422317faca23d50163151bc354"},"headline":"La Pampa: una pareja llevaba un arsenal de guerra cuando volv\u00eda de C\u00f3rdoba","datePublished":"2022-01-05T20:16:56+00:00","dateModified":"2022-01-05T20:16:58+00:00","mainEntityOfPage":{"@id":"http:\/\/elregionalvm.com.ar\/noticias-villa-maria\/la-pampa-una-pareja-llevaba-un-arsenal-de-guerra-cuando-volvia-de-cordoba\/"},"wordCount":256,"commentCount":0,"image":{"@id":"http:\/\/elregionalvm.com.ar\/noticias-villa-maria\/la-pampa-una-pareja-llevaba-un-arsenal-de-guerra-cuando-volvia-de-cordoba\/#primaryimage"},"thumbnailUrl":"https:\/\/i0.wp.com\/elregionalvm.com.ar\/noticias-villa-maria\/wp-content\/uploads\/2022\/01\/arsenal-de-guerra.jpg?fit=849%2C596&ssl=1","keywords":["arsenal de guerra","destacado","elementos de guerra","elementos del Ej\u00e9rcito Argentino","La Pampa","pareja detenida"],"articleSection":["Policiales"],"inLanguage":"es","potentialAction":[{"@type":"CommentAction","name":"Comment","target":["http:\/\/elregionalvm.com.ar\/noticias-villa-maria\/la-pampa-una-pareja-llevaba-un-arsenal-de-guerra-cuando-volvia-de-cordoba\/#respond"]}]},{"@type":"WebPage","@id":"http:\/\/elregionalvm.com.ar\/noticias-villa-maria\/la-pampa-una-pareja-llevaba-un-arsenal-de-guerra-cuando-volvia-de-cordoba\/","url":"http:\/\/elregionalvm.com.ar\/noticias-villa-maria\/la-pampa-una-pareja-llevaba-un-arsenal-de-guerra-cuando-volvia-de-cordoba\/","name":"La Pampa: una pareja llevaba un arsenal de guerra cuando volv\u00eda de C\u00f3rdoba - El Regional","isPartOf":{"@id":"http:\/\/elregionalvm.com.ar\/noticias-villa-maria\/#website"},"primaryImageOfPage":{"@id":"http:\/\/elregionalvm.com.ar\/noticias-villa-maria\/la-pampa-una-pareja-llevaba-un-arsenal-de-guerra-cuando-volvia-de-cordoba\/#primaryimage"},"image":{"@id":"http:\/\/elregionalvm.com.ar\/noticias-villa-maria\/la-pampa-una-pareja-llevaba-un-arsenal-de-guerra-cuando-volvia-de-cordoba\/#primaryimage"},"thumbnailUrl":"https:\/\/i0.wp.com\/elregionalvm.com.ar\/noticias-villa-maria\/wp-content\/uploads\/2022\/01\/arsenal-de-guerra.jpg?fit=849%2C596&ssl=1","datePublished":"2022-01-05T20:16:56+00:00","dateModified":"2022-01-05T20:16:58+00:00","author":{"@id":"http:\/\/elregionalvm.com.ar\/noticias-villa-maria\/#\/schema\/person\/a0fb9c422317faca23d50163151bc354"},"breadcrumb":{"@id":"http:\/\/elregionalvm.com.ar\/noticias-villa-maria\/la-pampa-una-pareja-llevaba-un-arsenal-de-guerra-cuando-volvia-de-cordoba\/#breadcrumb"},"inLanguage":"es","potentialAction":[{"@type":"ReadAction","target":["http:\/\/elregionalvm.com.ar\/noticias-villa-maria\/la-pampa-una-pareja-llevaba-un-arsenal-de-guerra-cuando-volvia-de-cordoba\/"]}]},{"@type":"ImageObject","inLanguage":"es","@id":"http:\/\/elregionalvm.com.ar\/noticias-villa-maria\/la-pampa-una-pareja-llevaba-un-arsenal-de-guerra-cuando-volvia-de-cordoba\/#primaryimage","url":"https:\/\/i0.wp.com\/elregionalvm.com.ar\/noticias-villa-maria\/wp-content\/uploads\/2022\/01\/arsenal-de-guerra.jpg?fit=849%2C596&ssl=1","contentUrl":"https:\/\/i0.wp.com\/elregionalvm.com.ar\/noticias-villa-maria\/wp-content\/uploads\/2022\/01\/arsenal-de-guerra.jpg?fit=849%2C596&ssl=1","width":849,"height":596},{"@type":"BreadcrumbList","@id":"http:\/\/elregionalvm.com.ar\/noticias-villa-maria\/la-pampa-una-pareja-llevaba-un-arsenal-de-guerra-cuando-volvia-de-cordoba\/#breadcrumb","itemListElement":[{"@type":"ListItem","position":1,"name":"Portada","item":"https:\/\/elregionalvm.com.ar\/noticias-villa-maria\/"},{"@type":"ListItem","position":2,"name":"La Pampa: una pareja llevaba un arsenal de guerra cuando volv\u00eda de C\u00f3rdoba"}]},{"@type":"WebSite","@id":"http:\/\/elregionalvm.com.ar\/noticias-villa-maria\/#website","url":"http:\/\/elregionalvm.com.ar\/noticias-villa-maria\/","name":"El Regional","description":"Mucho m\u00e1s que informaci\u00f3n","potentialAction":[{"@type":"SearchAction","target":{"@type":"EntryPoint","urlTemplate":"http:\/\/elregionalvm.com.ar\/noticias-villa-maria\/?s={search_term_string}"},"query-input":{"@type":"PropertyValueSpecification","valueRequired":true,"valueName":"search_term_string"}}],"inLanguage":"es"},{"@type":"Person","@id":"http:\/\/elregionalvm.com.ar\/noticias-villa-maria\/#\/schema\/person\/a0fb9c422317faca23d50163151bc354","name":"Contenidos El Regional","image":{"@type":"ImageObject","inLanguage":"es","@id":"http:\/\/elregionalvm.com.ar\/noticias-villa-maria\/#\/schema\/person\/image\/","url":"https:\/\/secure.gravatar.com\/avatar\/265b27cb2209af7bb3a1318f03305787d7981a5cc6e6cd08fe5a4ecdf99d4b48?s=96&d=mm&r=g","contentUrl":"https:\/\/secure.gravatar.com\/avatar\/265b27cb2209af7bb3a1318f03305787d7981a5cc6e6cd08fe5a4ecdf99d4b48?s=96&d=mm&r=g","caption":"Contenidos El Regional"},"url":"https:\/\/elregionalvm.com.ar\/noticias-villa-maria\/author\/contenido\/"}]}},"jetpack_featured_media_url":"https:\/\/i0.wp.com\/elregionalvm.com.ar\/noticias-villa-maria\/wp-content\/uploads\/2022\/01\/arsenal-de-guerra.jpg?fit=849%2C596&ssl=1","jetpack_sharing_enabled":true,"_links":{"self":[{"href":"https:\/\/elregionalvm.com.ar\/noticias-villa-maria\/wp-json\/wp\/v2\/posts\/50723","targetHints":{"allow":["GET"]}}],"collection":[{"href":"https:\/\/elregionalvm.com.ar\/noticias-villa-maria\/wp-json\/wp\/v2\/posts"}],"about":[{"href":"https:\/\/elregionalvm.com.ar\/noticias-villa-maria\/wp-json\/wp\/v2\/types\/post"}],"author":[{"embeddable":true,"href":"https:\/\/elregionalvm.com.ar\/noticias-villa-maria\/wp-json\/wp\/v2\/users\/4"}],"replies":[{"embeddable":true,"href":"https:\/\/elregionalvm.com.ar\/noticias-villa-maria\/wp-json\/wp\/v2\/comments?post=50723"}],"version-history":[{"count":1,"href":"https:\/\/elregionalvm.com.ar\/noticias-villa-maria\/wp-json\/wp\/v2\/posts\/50723\/revisions"}],"predecessor-version":[{"id":50727,"href":"https:\/\/elregionalvm.com.ar\/noticias-villa-maria\/wp-json\/wp\/v2\/posts\/50723\/revisions\/50727"}],"wp:featuredmedia":[{"embeddable":true,"href":"https:\/\/elregionalvm.com.ar\/noticias-villa-maria\/wp-json\/wp\/v2\/media\/50725"}],"wp:attachment":[{"href":"https:\/\/elregionalvm.com.ar\/noticias-villa-maria\/wp-json\/wp\/v2\/media?parent=50723"}],"wp:term":[{"taxonomy":"category","embeddable":true,"href":"https:\/\/elregionalvm.com.ar\/noticias-villa-maria\/wp-json\/wp\/v2\/categories?post=50723"},{"taxonomy":"post_tag","embeddable":true,"href":"https:\/\/elregionalvm.com.ar\/noticias-villa-maria\/wp-json\/wp\/v2\/tags?post=50723"}],"curies":[{"name":"wp","href":"https:\/\/api.w.org\/{rel}","templated":true}]}}