{"id":50738,"date":"2022-01-05T21:45:04","date_gmt":"2022-01-05T21:45:04","guid":{"rendered":"https:\/\/elregionalvm.com.ar\/noticias-villa-maria\/?p=50738"},"modified":"2022-01-05T21:45:50","modified_gmt":"2022-01-05T21:45:50","slug":"la-anmat-autorizo-el-uso-de-cuatro-test-de-autoevaluacion-de-covid-19","status":"publish","type":"post","link":"https:\/\/elregionalvm.com.ar\/noticias-villa-maria\/la-anmat-autorizo-el-uso-de-cuatro-test-de-autoevaluacion-de-covid-19\/","title":{"rendered":"La Anmat autoriz\u00f3 el uso de cuatro test de autoevaluaci\u00f3n de Covid"},"content":{"rendered":"\n<p>Seg\u00fan se\u00f1al\u00f3 la\u00a0Administraci\u00f3n Nacional de Medicamentos, Alimentos y Tecnolog\u00eda M\u00e9dica, la aprobaci\u00f3n corresponde\u00a0 los productos desarrollados por cuatro laboratorios y s\u00f3lo podr\u00e1n adquirirse exclusivamente en farmacias.\u00a0El resultado debe ser reportado dentro de las 24 horas de realizado el test.<\/p>\n\n\n\n<p>La Administraci\u00f3n Nacional de Medicamentos, Alimentos y Tecnolog\u00eda M\u00e9dica (Anmat) aprob\u00f3 el uso individual de cuatro test de autoevaluaci\u00f3n en base a la detecci\u00f3n del virus SARS-CoV-2, de los laboratorios Abbott, Roche, Vyam Group y Wiener, de venta exclusiva en farmacias.<\/p>\n\n\n\n<p><strong>El resultado de la prueba de orientaci\u00f3n diagn\u00f3stica debe ser reportado de forma individualizada dentro de las 24 horas de realizado el test<\/strong>, inform\u00f3 el Ministerio de Salud en un comunicado.<\/p>\n\n\n\n<p>Los productos aprobados son Panbio COVID-19 Antigen Self-Test, SARS-CoV-2 Antigen Self Test Nasal, SARS-CoV-2 Antigen Rapid Test (COVID-19 Ag), y WL Check SARS-CoV-2 Ag Self Testing, que son de \u00aborientaci\u00f3n diagn\u00f3stica\u00bb y los usuarios deben recoger la muestra por s\u00ed mismos en base a las instrucciones de los fabricantes.<\/p>\n\n\n\n<p><strong>La decisi\u00f3n se tom\u00f3 en base a la documentaci\u00f3n presentada y a partir del consenso surgido en las reuniones del Consejo Federal de Salud (Cofesa)<\/strong>&nbsp;y de la solicitud del sector privado de poder sumar herramientas de autocuidado en el contexto de la pandemia de coronavirus.<\/p>\n\n\n\n<h2 class=\"wp-block-heading\">C\u00f3mo adquirir el test<\/h2>\n\n\n\n<p>Los test de autoevaluaci\u00f3n para la detecci\u00f3n de SARS-CoV-2 (COVID-19) podr\u00e1n adquirirse de modo individual, por instituciones p\u00fablicas o privadas, o jurisdicciones \u00absiempre que se garantice el adecuado reporte de resultados\u00bb, se inform\u00f3.<\/p>\n\n\n\n<p>La Anmat aclar\u00f3 que estas pruebas \u00abproporcionan resultados orientativos, sin valor diagn\u00f3stico concluyente, a excepci\u00f3n de que las jurisdicciones, en acuerdo con el Ministerio de Salud de la Naci\u00f3n y en base a la situaci\u00f3n epidemiol\u00f3gica, consideren el resultado como positivo\u00bb.<\/p>\n\n\n\n<p>En el comunicado se explic\u00f3 que en estos autotest la muestra se realiza \u00aba nivel nasal o bien por saliva\u00bb, seg\u00fan lo especifique el fabricante, a diferencia de los test de uso profesional donde la toma de muestra es a nivel nasofar\u00edngeo.<\/p>\n\n\n\n<p>Por eso se reforz\u00f3 que l<strong>a muestra se debe tomar \u00aben forma correcta y que de inmediato se realice la prueba para evitar resultados err\u00f3neos\u00bb<\/strong>.<\/p>\n\n\n\n<h2 class=\"wp-block-heading\">Qu\u00e9 hacer con el resultado<\/h2>\n\n\n\n<p>Tambi\u00e9n se aclar\u00f3 que un resultado negativo de estas pruebas no descarta la infecci\u00f3n ya que \u00absi la persona no tiene s\u00edntomas o si la carga viral es baja (lo que puede ocurrir durante los d\u00edas iniciales o finales de la infecci\u00f3n) el SARS-CoV-2 puede ser no detectado por el test\u00bb.<\/p>\n\n\n\n<p>\u00abPara tener un seguimiento, los resultados deber\u00e1n ser reportados de forma inmediata (en base al c\u00f3digo de barra de cada empaque) una vez realizado el test, y se dispondr\u00e1 de un plazo mayor cuando no hubiera sido utilizado, ya sea por el usuario individual o por un responsable de reporte en caso de gran volumen de test\u00bb, precis\u00f3 la cartera de Salud.<\/p>\n\n\n\n<p>Los datos reportados se alojar\u00e1n en la base inform\u00e1tica farmac\u00e9utica y ser\u00e1n informados al Sistema Nacional de Vigilancia de la Salud (SNVS) por las agrupaciones farmac\u00e9uticas habilitadas, en el caso de reporte de test de usuarios individuales o por instituciones p\u00fablicas o privadas.<\/p>\n\n\n\n<p>Por otro lado, los casos positivos ser\u00e1n integrados a la notificaci\u00f3n de casos de COVID-19, mientras que los negativos ser\u00e1n clasificados como \u00abnegativo, sin clasificar\u00bb.<\/p>\n\n\n\n<p>Por \u00faltimo, los casos de test inv\u00e1lido deber\u00e1n repetirse para definir el resultado.<\/p>\n\n\n\n<p><strong>Si el farmac\u00e9utico no recibe el reporte del usuario una vez realizado el test<\/strong>, deber\u00e1 informar de esa situaci\u00f3n a la autoridad sanitaria jurisdiccional.<\/p>\n\n\n\n<p>La Anmat destac\u00f3 que esta herramienta fue implementada como test de autoevaluaci\u00f3n desde el a\u00f1o pasado por pa\u00edses como Portugal, Francia, Pa\u00edses Bajos, B\u00e9lgica, Reino Unido, Italia, Alemania, Espa\u00f1a, Austria, Bulgaria y Estados Unidos.<\/p>\n\n\n\n<p>Por \u00faltimo, se aclar\u00f3 que a partir de la autorizaci\u00f3n dispuesta \u00abcomenzar\u00e1 la importaci\u00f3n, por lo cual se requerir\u00e1 de un lapso de tiempo para que est\u00e9n disponibles en farmacia para su venta\u00bb.<\/p>\n\n\n\n<p>Fuente: T\u00e9lam<\/p>\n","protected":false},"excerpt":{"rendered":"<p>Seg\u00fan se\u00f1al\u00f3 la\u00a0Administraci\u00f3n Nacional de Medicamentos, Alimentos y Tecnolog\u00eda M\u00e9dica, la aprobaci\u00f3n corresponde\u00a0 los productos desarrollados por cuatro laboratorios y s\u00f3lo podr\u00e1n adquirirse exclusivamente en farmacias.\u00a0El resultado debe ser reportado dentro de las 24 horas de realizado el test. La Administraci\u00f3n Nacional de Medicamentos, Alimentos y Tecnolog\u00eda M\u00e9dica (Anmat) aprob\u00f3 el uso individual de cuatro [&hellip;]<\/p>\n","protected":false},"author":4,"featured_media":50739,"comment_status":"open","ping_status":"open","sticky":false,"template":"","format":"standard","meta":{"site-sidebar-layout":"default","site-content-layout":"default","ast-site-content-layout":"default","site-content-style":"default","site-sidebar-style":"default","ast-global-header-display":"","ast-banner-title-visibility":"","ast-main-header-display":"","ast-hfb-above-header-display":"","ast-hfb-below-header-display":"","ast-hfb-mobile-header-display":"","site-post-title":"","ast-breadcrumbs-content":"","ast-featured-img":"","footer-sml-layout":"","ast-disable-related-posts":"","theme-transparent-header-meta":"default","adv-header-id-meta":"","stick-header-meta":"","header-above-stick-meta":"","header-main-stick-meta":"","header-below-stick-meta":"","astra-migrate-meta-layouts":"default","ast-page-background-enabled":"default","ast-page-background-meta":{"desktop":{"background-color":"","background-image":"","background-repeat":"repeat","background-position":"center center","background-size":"auto","background-attachment":"scroll","background-type":"","background-media":"","overlay-type":"","overlay-color":"","overlay-opacity":"","overlay-gradient":""},"tablet":{"background-color":"","background-image":"","background-repeat":"repeat","background-position":"center center","background-size":"auto","background-attachment":"scroll","background-type":"","background-media":"","overlay-type":"","overlay-color":"","overlay-opacity":"","overlay-gradient":""},"mobile":{"background-color":"","background-image":"","background-repeat":"repeat","background-position":"center center","background-size":"auto","background-attachment":"scroll","background-type":"","background-media":"","overlay-type":"","overlay-color":"","overlay-opacity":"","overlay-gradient":""}},"ast-content-background-meta":{"desktop":{"background-color":"var(--ast-global-color-5)","background-image":"","background-repeat":"repeat","background-position":"center center","background-size":"auto","background-attachment":"scroll","background-type":"","background-media":"","overlay-type":"","overlay-color":"","overlay-opacity":"","overlay-gradient":""},"tablet":{"background-color":"var(--ast-global-color-5)","background-image":"","background-repeat":"repeat","background-position":"center center","background-size":"auto","background-attachment":"scroll","background-type":"","background-media":"","overlay-type":"","overlay-color":"","overlay-opacity":"","overlay-gradient":""},"mobile":{"background-color":"var(--ast-global-color-5)","background-image":"","background-repeat":"repeat","background-position":"center center","background-size":"auto","background-attachment":"scroll","background-type":"","background-media":"","overlay-type":"","overlay-color":"","overlay-opacity":"","overlay-gradient":""}},"_jetpack_memberships_contains_paid_content":false,"_joinchat":[],"footnotes":""},"categories":[2256],"tags":[1707,8655,13115,2865,1232,6345,13116],"class_list":["post-50738","post","type-post","status-publish","format-standard","has-post-thumbnail","hentry","category-coronavirus","tag-anmat","tag-aprobaron-su-uso","tag-autotest-covid","tag-covid-19-2","tag-destacado","tag-detalles","tag-su-adquisicion"],"yoast_head":"<!-- This site is optimized with the Yoast SEO plugin v26.8 - https:\/\/yoast.com\/product\/yoast-seo-wordpress\/ -->\n<title>La Anmat autoriz\u00f3 el uso de cuatro test de autoevaluaci\u00f3n de Covid - El Regional<\/title>\n<meta name=\"robots\" content=\"index, follow, max-snippet:-1, max-image-preview:large, max-video-preview:-1\" \/>\n<link rel=\"canonical\" href=\"http:\/\/elregionalvm.com.ar\/noticias-villa-maria\/la-anmat-autorizo-el-uso-de-cuatro-test-de-autoevaluacion-de-covid-19\/\" \/>\n<meta property=\"og:locale\" content=\"es_ES\" \/>\n<meta property=\"og:type\" content=\"article\" \/>\n<meta property=\"og:title\" content=\"La Anmat autoriz\u00f3 el uso de cuatro test de autoevaluaci\u00f3n de Covid - El Regional\" \/>\n<meta property=\"og:description\" content=\"Seg\u00fan se\u00f1al\u00f3 la\u00a0Administraci\u00f3n Nacional de Medicamentos, Alimentos y Tecnolog\u00eda M\u00e9dica, la aprobaci\u00f3n corresponde\u00a0 los productos desarrollados por cuatro laboratorios y s\u00f3lo podr\u00e1n adquirirse exclusivamente en farmacias.\u00a0El resultado debe ser reportado dentro de las 24 horas de realizado el test. La Administraci\u00f3n Nacional de Medicamentos, Alimentos y Tecnolog\u00eda M\u00e9dica (Anmat) aprob\u00f3 el uso individual de cuatro [&hellip;]\" \/>\n<meta property=\"og:url\" content=\"http:\/\/elregionalvm.com.ar\/noticias-villa-maria\/la-anmat-autorizo-el-uso-de-cuatro-test-de-autoevaluacion-de-covid-19\/\" \/>\n<meta property=\"og:site_name\" content=\"El Regional\" \/>\n<meta property=\"article:publisher\" content=\"https:\/\/www.facebook.com\/elregionalvm\" \/>\n<meta property=\"article:published_time\" content=\"2022-01-05T21:45:04+00:00\" \/>\n<meta property=\"article:modified_time\" content=\"2022-01-05T21:45:50+00:00\" \/>\n<meta property=\"og:image\" content=\"http:\/\/elregionalvm.com.ar\/noticias-villa-maria\/wp-content\/uploads\/2022\/01\/autotest.png\" \/>\n\t<meta property=\"og:image:width\" content=\"975\" \/>\n\t<meta property=\"og:image:height\" content=\"548\" \/>\n\t<meta property=\"og:image:type\" content=\"image\/png\" \/>\n<meta name=\"author\" content=\"Contenidos El Regional\" \/>\n<meta name=\"twitter:card\" content=\"summary_large_image\" \/>\n<meta name=\"twitter:creator\" content=\"@elregionalvm1\" \/>\n<meta name=\"twitter:site\" content=\"@elregionalvm1\" \/>\n<meta name=\"twitter:label1\" content=\"Escrito por\" \/>\n\t<meta name=\"twitter:data1\" content=\"Contenidos El Regional\" \/>\n\t<meta name=\"twitter:label2\" content=\"Tiempo de lectura\" \/>\n\t<meta name=\"twitter:data2\" content=\"3 minutos\" \/>\n<script type=\"application\/ld+json\" class=\"yoast-schema-graph\">{\"@context\":\"https:\/\/schema.org\",\"@graph\":[{\"@type\":\"Article\",\"@id\":\"http:\/\/elregionalvm.com.ar\/noticias-villa-maria\/la-anmat-autorizo-el-uso-de-cuatro-test-de-autoevaluacion-de-covid-19\/#article\",\"isPartOf\":{\"@id\":\"http:\/\/elregionalvm.com.ar\/noticias-villa-maria\/la-anmat-autorizo-el-uso-de-cuatro-test-de-autoevaluacion-de-covid-19\/\"},\"author\":{\"name\":\"Contenidos El Regional\",\"@id\":\"http:\/\/elregionalvm.com.ar\/noticias-villa-maria\/#\/schema\/person\/a0fb9c422317faca23d50163151bc354\"},\"headline\":\"La Anmat autoriz\u00f3 el uso de cuatro test de autoevaluaci\u00f3n de Covid\",\"datePublished\":\"2022-01-05T21:45:04+00:00\",\"dateModified\":\"2022-01-05T21:45:50+00:00\",\"mainEntityOfPage\":{\"@id\":\"http:\/\/elregionalvm.com.ar\/noticias-villa-maria\/la-anmat-autorizo-el-uso-de-cuatro-test-de-autoevaluacion-de-covid-19\/\"},\"wordCount\":719,\"commentCount\":0,\"image\":{\"@id\":\"http:\/\/elregionalvm.com.ar\/noticias-villa-maria\/la-anmat-autorizo-el-uso-de-cuatro-test-de-autoevaluacion-de-covid-19\/#primaryimage\"},\"thumbnailUrl\":\"https:\/\/i0.wp.com\/elregionalvm.com.ar\/noticias-villa-maria\/wp-content\/uploads\/2022\/01\/autotest.png?fit=975%2C548&ssl=1\",\"keywords\":[\"ANMAT\",\"aprobaron su uso\",\"autotest covid\",\"Covid 19\",\"destacado\",\"detalles\",\"su adquisici\u00f3n\"],\"articleSection\":[\"Coronavirus\"],\"inLanguage\":\"es\",\"potentialAction\":[{\"@type\":\"CommentAction\",\"name\":\"Comment\",\"target\":[\"http:\/\/elregionalvm.com.ar\/noticias-villa-maria\/la-anmat-autorizo-el-uso-de-cuatro-test-de-autoevaluacion-de-covid-19\/#respond\"]}]},{\"@type\":\"WebPage\",\"@id\":\"http:\/\/elregionalvm.com.ar\/noticias-villa-maria\/la-anmat-autorizo-el-uso-de-cuatro-test-de-autoevaluacion-de-covid-19\/\",\"url\":\"http:\/\/elregionalvm.com.ar\/noticias-villa-maria\/la-anmat-autorizo-el-uso-de-cuatro-test-de-autoevaluacion-de-covid-19\/\",\"name\":\"La Anmat autoriz\u00f3 el uso de cuatro test de autoevaluaci\u00f3n de Covid - El Regional\",\"isPartOf\":{\"@id\":\"http:\/\/elregionalvm.com.ar\/noticias-villa-maria\/#website\"},\"primaryImageOfPage\":{\"@id\":\"http:\/\/elregionalvm.com.ar\/noticias-villa-maria\/la-anmat-autorizo-el-uso-de-cuatro-test-de-autoevaluacion-de-covid-19\/#primaryimage\"},\"image\":{\"@id\":\"http:\/\/elregionalvm.com.ar\/noticias-villa-maria\/la-anmat-autorizo-el-uso-de-cuatro-test-de-autoevaluacion-de-covid-19\/#primaryimage\"},\"thumbnailUrl\":\"https:\/\/i0.wp.com\/elregionalvm.com.ar\/noticias-villa-maria\/wp-content\/uploads\/2022\/01\/autotest.png?fit=975%2C548&ssl=1\",\"datePublished\":\"2022-01-05T21:45:04+00:00\",\"dateModified\":\"2022-01-05T21:45:50+00:00\",\"author\":{\"@id\":\"http:\/\/elregionalvm.com.ar\/noticias-villa-maria\/#\/schema\/person\/a0fb9c422317faca23d50163151bc354\"},\"breadcrumb\":{\"@id\":\"http:\/\/elregionalvm.com.ar\/noticias-villa-maria\/la-anmat-autorizo-el-uso-de-cuatro-test-de-autoevaluacion-de-covid-19\/#breadcrumb\"},\"inLanguage\":\"es\",\"potentialAction\":[{\"@type\":\"ReadAction\",\"target\":[\"http:\/\/elregionalvm.com.ar\/noticias-villa-maria\/la-anmat-autorizo-el-uso-de-cuatro-test-de-autoevaluacion-de-covid-19\/\"]}]},{\"@type\":\"ImageObject\",\"inLanguage\":\"es\",\"@id\":\"http:\/\/elregionalvm.com.ar\/noticias-villa-maria\/la-anmat-autorizo-el-uso-de-cuatro-test-de-autoevaluacion-de-covid-19\/#primaryimage\",\"url\":\"https:\/\/i0.wp.com\/elregionalvm.com.ar\/noticias-villa-maria\/wp-content\/uploads\/2022\/01\/autotest.png?fit=975%2C548&ssl=1\",\"contentUrl\":\"https:\/\/i0.wp.com\/elregionalvm.com.ar\/noticias-villa-maria\/wp-content\/uploads\/2022\/01\/autotest.png?fit=975%2C548&ssl=1\",\"width\":975,\"height\":548},{\"@type\":\"BreadcrumbList\",\"@id\":\"http:\/\/elregionalvm.com.ar\/noticias-villa-maria\/la-anmat-autorizo-el-uso-de-cuatro-test-de-autoevaluacion-de-covid-19\/#breadcrumb\",\"itemListElement\":[{\"@type\":\"ListItem\",\"position\":1,\"name\":\"Portada\",\"item\":\"https:\/\/elregionalvm.com.ar\/noticias-villa-maria\/\"},{\"@type\":\"ListItem\",\"position\":2,\"name\":\"La Anmat autoriz\u00f3 el uso de cuatro test de autoevaluaci\u00f3n de Covid\"}]},{\"@type\":\"WebSite\",\"@id\":\"http:\/\/elregionalvm.com.ar\/noticias-villa-maria\/#website\",\"url\":\"http:\/\/elregionalvm.com.ar\/noticias-villa-maria\/\",\"name\":\"El Regional\",\"description\":\"Mucho m\u00e1s que informaci\u00f3n\",\"potentialAction\":[{\"@type\":\"SearchAction\",\"target\":{\"@type\":\"EntryPoint\",\"urlTemplate\":\"http:\/\/elregionalvm.com.ar\/noticias-villa-maria\/?s={search_term_string}\"},\"query-input\":{\"@type\":\"PropertyValueSpecification\",\"valueRequired\":true,\"valueName\":\"search_term_string\"}}],\"inLanguage\":\"es\"},{\"@type\":\"Person\",\"@id\":\"http:\/\/elregionalvm.com.ar\/noticias-villa-maria\/#\/schema\/person\/a0fb9c422317faca23d50163151bc354\",\"name\":\"Contenidos El Regional\",\"image\":{\"@type\":\"ImageObject\",\"inLanguage\":\"es\",\"@id\":\"http:\/\/elregionalvm.com.ar\/noticias-villa-maria\/#\/schema\/person\/image\/\",\"url\":\"https:\/\/secure.gravatar.com\/avatar\/265b27cb2209af7bb3a1318f03305787d7981a5cc6e6cd08fe5a4ecdf99d4b48?s=96&d=mm&r=g\",\"contentUrl\":\"https:\/\/secure.gravatar.com\/avatar\/265b27cb2209af7bb3a1318f03305787d7981a5cc6e6cd08fe5a4ecdf99d4b48?s=96&d=mm&r=g\",\"caption\":\"Contenidos El Regional\"},\"url\":\"https:\/\/elregionalvm.com.ar\/noticias-villa-maria\/author\/contenido\/\"}]}<\/script>\n<!-- \/ Yoast SEO plugin. -->","yoast_head_json":{"title":"La Anmat autoriz\u00f3 el uso de cuatro test de autoevaluaci\u00f3n de Covid - El Regional","robots":{"index":"index","follow":"follow","max-snippet":"max-snippet:-1","max-image-preview":"max-image-preview:large","max-video-preview":"max-video-preview:-1"},"canonical":"http:\/\/elregionalvm.com.ar\/noticias-villa-maria\/la-anmat-autorizo-el-uso-de-cuatro-test-de-autoevaluacion-de-covid-19\/","og_locale":"es_ES","og_type":"article","og_title":"La Anmat autoriz\u00f3 el uso de cuatro test de autoevaluaci\u00f3n de Covid - El Regional","og_description":"Seg\u00fan se\u00f1al\u00f3 la\u00a0Administraci\u00f3n Nacional de Medicamentos, Alimentos y Tecnolog\u00eda M\u00e9dica, la aprobaci\u00f3n corresponde\u00a0 los productos desarrollados por cuatro laboratorios y s\u00f3lo podr\u00e1n adquirirse exclusivamente en farmacias.\u00a0El resultado debe ser reportado dentro de las 24 horas de realizado el test. La Administraci\u00f3n Nacional de Medicamentos, Alimentos y Tecnolog\u00eda M\u00e9dica (Anmat) aprob\u00f3 el uso individual de cuatro [&hellip;]","og_url":"http:\/\/elregionalvm.com.ar\/noticias-villa-maria\/la-anmat-autorizo-el-uso-de-cuatro-test-de-autoevaluacion-de-covid-19\/","og_site_name":"El Regional","article_publisher":"https:\/\/www.facebook.com\/elregionalvm","article_published_time":"2022-01-05T21:45:04+00:00","article_modified_time":"2022-01-05T21:45:50+00:00","og_image":[{"width":975,"height":548,"url":"http:\/\/elregionalvm.com.ar\/noticias-villa-maria\/wp-content\/uploads\/2022\/01\/autotest.png","type":"image\/png"}],"author":"Contenidos El Regional","twitter_card":"summary_large_image","twitter_creator":"@elregionalvm1","twitter_site":"@elregionalvm1","twitter_misc":{"Escrito por":"Contenidos El Regional","Tiempo de lectura":"3 minutos"},"schema":{"@context":"https:\/\/schema.org","@graph":[{"@type":"Article","@id":"http:\/\/elregionalvm.com.ar\/noticias-villa-maria\/la-anmat-autorizo-el-uso-de-cuatro-test-de-autoevaluacion-de-covid-19\/#article","isPartOf":{"@id":"http:\/\/elregionalvm.com.ar\/noticias-villa-maria\/la-anmat-autorizo-el-uso-de-cuatro-test-de-autoevaluacion-de-covid-19\/"},"author":{"name":"Contenidos El Regional","@id":"http:\/\/elregionalvm.com.ar\/noticias-villa-maria\/#\/schema\/person\/a0fb9c422317faca23d50163151bc354"},"headline":"La Anmat autoriz\u00f3 el uso de cuatro test de autoevaluaci\u00f3n de Covid","datePublished":"2022-01-05T21:45:04+00:00","dateModified":"2022-01-05T21:45:50+00:00","mainEntityOfPage":{"@id":"http:\/\/elregionalvm.com.ar\/noticias-villa-maria\/la-anmat-autorizo-el-uso-de-cuatro-test-de-autoevaluacion-de-covid-19\/"},"wordCount":719,"commentCount":0,"image":{"@id":"http:\/\/elregionalvm.com.ar\/noticias-villa-maria\/la-anmat-autorizo-el-uso-de-cuatro-test-de-autoevaluacion-de-covid-19\/#primaryimage"},"thumbnailUrl":"https:\/\/i0.wp.com\/elregionalvm.com.ar\/noticias-villa-maria\/wp-content\/uploads\/2022\/01\/autotest.png?fit=975%2C548&ssl=1","keywords":["ANMAT","aprobaron su uso","autotest covid","Covid 19","destacado","detalles","su adquisici\u00f3n"],"articleSection":["Coronavirus"],"inLanguage":"es","potentialAction":[{"@type":"CommentAction","name":"Comment","target":["http:\/\/elregionalvm.com.ar\/noticias-villa-maria\/la-anmat-autorizo-el-uso-de-cuatro-test-de-autoevaluacion-de-covid-19\/#respond"]}]},{"@type":"WebPage","@id":"http:\/\/elregionalvm.com.ar\/noticias-villa-maria\/la-anmat-autorizo-el-uso-de-cuatro-test-de-autoevaluacion-de-covid-19\/","url":"http:\/\/elregionalvm.com.ar\/noticias-villa-maria\/la-anmat-autorizo-el-uso-de-cuatro-test-de-autoevaluacion-de-covid-19\/","name":"La Anmat autoriz\u00f3 el uso de cuatro test de autoevaluaci\u00f3n de Covid - El Regional","isPartOf":{"@id":"http:\/\/elregionalvm.com.ar\/noticias-villa-maria\/#website"},"primaryImageOfPage":{"@id":"http:\/\/elregionalvm.com.ar\/noticias-villa-maria\/la-anmat-autorizo-el-uso-de-cuatro-test-de-autoevaluacion-de-covid-19\/#primaryimage"},"image":{"@id":"http:\/\/elregionalvm.com.ar\/noticias-villa-maria\/la-anmat-autorizo-el-uso-de-cuatro-test-de-autoevaluacion-de-covid-19\/#primaryimage"},"thumbnailUrl":"https:\/\/i0.wp.com\/elregionalvm.com.ar\/noticias-villa-maria\/wp-content\/uploads\/2022\/01\/autotest.png?fit=975%2C548&ssl=1","datePublished":"2022-01-05T21:45:04+00:00","dateModified":"2022-01-05T21:45:50+00:00","author":{"@id":"http:\/\/elregionalvm.com.ar\/noticias-villa-maria\/#\/schema\/person\/a0fb9c422317faca23d50163151bc354"},"breadcrumb":{"@id":"http:\/\/elregionalvm.com.ar\/noticias-villa-maria\/la-anmat-autorizo-el-uso-de-cuatro-test-de-autoevaluacion-de-covid-19\/#breadcrumb"},"inLanguage":"es","potentialAction":[{"@type":"ReadAction","target":["http:\/\/elregionalvm.com.ar\/noticias-villa-maria\/la-anmat-autorizo-el-uso-de-cuatro-test-de-autoevaluacion-de-covid-19\/"]}]},{"@type":"ImageObject","inLanguage":"es","@id":"http:\/\/elregionalvm.com.ar\/noticias-villa-maria\/la-anmat-autorizo-el-uso-de-cuatro-test-de-autoevaluacion-de-covid-19\/#primaryimage","url":"https:\/\/i0.wp.com\/elregionalvm.com.ar\/noticias-villa-maria\/wp-content\/uploads\/2022\/01\/autotest.png?fit=975%2C548&ssl=1","contentUrl":"https:\/\/i0.wp.com\/elregionalvm.com.ar\/noticias-villa-maria\/wp-content\/uploads\/2022\/01\/autotest.png?fit=975%2C548&ssl=1","width":975,"height":548},{"@type":"BreadcrumbList","@id":"http:\/\/elregionalvm.com.ar\/noticias-villa-maria\/la-anmat-autorizo-el-uso-de-cuatro-test-de-autoevaluacion-de-covid-19\/#breadcrumb","itemListElement":[{"@type":"ListItem","position":1,"name":"Portada","item":"https:\/\/elregionalvm.com.ar\/noticias-villa-maria\/"},{"@type":"ListItem","position":2,"name":"La Anmat autoriz\u00f3 el uso de cuatro test de autoevaluaci\u00f3n de Covid"}]},{"@type":"WebSite","@id":"http:\/\/elregionalvm.com.ar\/noticias-villa-maria\/#website","url":"http:\/\/elregionalvm.com.ar\/noticias-villa-maria\/","name":"El Regional","description":"Mucho m\u00e1s que informaci\u00f3n","potentialAction":[{"@type":"SearchAction","target":{"@type":"EntryPoint","urlTemplate":"http:\/\/elregionalvm.com.ar\/noticias-villa-maria\/?s={search_term_string}"},"query-input":{"@type":"PropertyValueSpecification","valueRequired":true,"valueName":"search_term_string"}}],"inLanguage":"es"},{"@type":"Person","@id":"http:\/\/elregionalvm.com.ar\/noticias-villa-maria\/#\/schema\/person\/a0fb9c422317faca23d50163151bc354","name":"Contenidos El Regional","image":{"@type":"ImageObject","inLanguage":"es","@id":"http:\/\/elregionalvm.com.ar\/noticias-villa-maria\/#\/schema\/person\/image\/","url":"https:\/\/secure.gravatar.com\/avatar\/265b27cb2209af7bb3a1318f03305787d7981a5cc6e6cd08fe5a4ecdf99d4b48?s=96&d=mm&r=g","contentUrl":"https:\/\/secure.gravatar.com\/avatar\/265b27cb2209af7bb3a1318f03305787d7981a5cc6e6cd08fe5a4ecdf99d4b48?s=96&d=mm&r=g","caption":"Contenidos El Regional"},"url":"https:\/\/elregionalvm.com.ar\/noticias-villa-maria\/author\/contenido\/"}]}},"jetpack_featured_media_url":"https:\/\/i0.wp.com\/elregionalvm.com.ar\/noticias-villa-maria\/wp-content\/uploads\/2022\/01\/autotest.png?fit=975%2C548&ssl=1","jetpack_sharing_enabled":true,"_links":{"self":[{"href":"https:\/\/elregionalvm.com.ar\/noticias-villa-maria\/wp-json\/wp\/v2\/posts\/50738","targetHints":{"allow":["GET"]}}],"collection":[{"href":"https:\/\/elregionalvm.com.ar\/noticias-villa-maria\/wp-json\/wp\/v2\/posts"}],"about":[{"href":"https:\/\/elregionalvm.com.ar\/noticias-villa-maria\/wp-json\/wp\/v2\/types\/post"}],"author":[{"embeddable":true,"href":"https:\/\/elregionalvm.com.ar\/noticias-villa-maria\/wp-json\/wp\/v2\/users\/4"}],"replies":[{"embeddable":true,"href":"https:\/\/elregionalvm.com.ar\/noticias-villa-maria\/wp-json\/wp\/v2\/comments?post=50738"}],"version-history":[{"count":2,"href":"https:\/\/elregionalvm.com.ar\/noticias-villa-maria\/wp-json\/wp\/v2\/posts\/50738\/revisions"}],"predecessor-version":[{"id":50741,"href":"https:\/\/elregionalvm.com.ar\/noticias-villa-maria\/wp-json\/wp\/v2\/posts\/50738\/revisions\/50741"}],"wp:featuredmedia":[{"embeddable":true,"href":"https:\/\/elregionalvm.com.ar\/noticias-villa-maria\/wp-json\/wp\/v2\/media\/50739"}],"wp:attachment":[{"href":"https:\/\/elregionalvm.com.ar\/noticias-villa-maria\/wp-json\/wp\/v2\/media?parent=50738"}],"wp:term":[{"taxonomy":"category","embeddable":true,"href":"https:\/\/elregionalvm.com.ar\/noticias-villa-maria\/wp-json\/wp\/v2\/categories?post=50738"},{"taxonomy":"post_tag","embeddable":true,"href":"https:\/\/elregionalvm.com.ar\/noticias-villa-maria\/wp-json\/wp\/v2\/tags?post=50738"}],"curies":[{"name":"wp","href":"https:\/\/api.w.org\/{rel}","templated":true}]}}