{"id":50745,"date":"2022-01-05T22:46:43","date_gmt":"2022-01-05T22:46:43","guid":{"rendered":"https:\/\/elregionalvm.com.ar\/noticias-villa-maria\/?p=50745"},"modified":"2022-01-05T22:46:45","modified_gmt":"2022-01-05T22:46:45","slug":"observatorio-de-la-region-la-oferta-laboral-del-2021-fue-50-mas-que-en-2020","status":"publish","type":"post","link":"https:\/\/elregionalvm.com.ar\/noticias-villa-maria\/observatorio-de-la-region-la-oferta-laboral-del-2021-fue-50-mas-que-en-2020\/","title":{"rendered":"Observatorio de la Regi\u00f3n: la oferta laboral del 2021 fue 50% m\u00e1s que en 2020"},"content":{"rendered":"\n<p>El observatorio dependiente del Instituto de Extensi\u00f3n oficializ\u00f3 esta nueva modalidad que tiene como referencia la b\u00fasqueda de puestos de trabajo a trav\u00e9s de internet. La cantidad de anuncios acumulados del a\u00f1o 2021, arroj\u00f3 un incremento de un 50,5% respecto al a\u00f1o 2020.<\/p>\n\n\n\n<p>Como todos los a\u00f1os, el Observatorio Integral de la Regi\u00f3n (OIR), perteneciente al Instituto de Extensi\u00f3n de la Universidad Nacional Villa Mar\u00eda (UNVM), dirigido por la lic. Gabriela Redondo, present\u00f3 el \u00cdndice de Demanda Laboral (IDL\/VM\/VN) que se realiza en base a los avisos del diario, correspondiente al mes de diciembre.<\/p>\n\n\n\n<p>En esta oportunidad, oficializ\u00f3 la nueva modalidad que tiene como referencia la b\u00fasqueda de puestos de trabajo a trav\u00e9s de internet.<\/p>\n\n\n\n<p>En lo que respecta a los valores alcanzados de los anuncios acumulados para el 2021, fueron 414 frente a los 275 obtenidos en el a\u00f1o 2020, lo que significa un aumento de un 50,5%. En t\u00e9rminos del IDL\/VM\/VN digital, se obtuvo un promedio de 94,2 puntos (2020) y de 141,8 puntos (2021).<\/p>\n\n\n\n<p>A nivel cuarto trimestre, en el a\u00f1o 2020 y 2021, el IDLVM\/VN increment\u00f3 un 20,5% y un 41,1%, respectivamente, comparado al cuarto trimestre base 2019.<\/p>\n\n\n\n<p>Cabe mencionar que este nuevo informe es complementario al IDL tradicional que se realiza en base a los avisos clasificados publicados en el diario. \u201c\u00c9sta decisi\u00f3n se tom\u00f3 visto el cambio producido en las b\u00fasquedas, que tanto las consultoras como las empresas realizan y que utilizan con mayor intensidad la convocatoria a trav\u00e9s de medios digitales\u201d, afirm\u00f3 el director del \u00c1rea, cr. Dario Poncio.<\/p>\n\n\n\n<p>Esta actualizaci\u00f3n result\u00f3 ser una necesidad imperiosa ante los sesgos que el envejecimiento de la base estaba generando, debido principalmente a los cambios que se han dado en la econom\u00eda argentina en la \u00faltima d\u00e9cada. Adem\u00e1s, el avance tecnol\u00f3gico y el uso masivo de internet han promovido nuevas maneras de buscar trabajo en la actualidad, en particular en redes sociales.<\/p>\n\n\n\n<p>La sistematizaci\u00f3n de los anuncios es resultado de la extracci\u00f3n de los pedidos realizados por portales de empleo, p\u00e1ginas web y redes sociales de consultoras de recursos humanos. El mes que se utiliz\u00f3 como base es octubre de 2019. Para su c\u00e1lculo, se tienen en cuenta los pedidos del 1 al 31 de cada mes solo para las localidades de Villa Mar\u00eda y Villa Nueva, no se cargan avisos que se repiten en un mismo mes y no se incluyen avisos de revendedoras\/es por cat\u00e1logo ni de venta directa.<\/p>\n","protected":false},"excerpt":{"rendered":"<p>El observatorio dependiente del Instituto de Extensi\u00f3n oficializ\u00f3 esta nueva modalidad que tiene como referencia la b\u00fasqueda de puestos de trabajo a trav\u00e9s de internet. La cantidad de anuncios acumulados del a\u00f1o 2021, arroj\u00f3 un incremento de un 50,5% respecto al a\u00f1o 2020. Como todos los a\u00f1os, el Observatorio Integral de la Regi\u00f3n (OIR), perteneciente [&hellip;]<\/p>\n","protected":false},"author":4,"featured_media":50746,"comment_status":"open","ping_status":"open","sticky":false,"template":"","format":"standard","meta":{"site-sidebar-layout":"default","site-content-layout":"default","ast-site-content-layout":"default","site-content-style":"default","site-sidebar-style":"default","ast-global-header-display":"","ast-banner-title-visibility":"","ast-main-header-display":"","ast-hfb-above-header-display":"","ast-hfb-below-header-display":"","ast-hfb-mobile-header-display":"","site-post-title":"","ast-breadcrumbs-content":"","ast-featured-img":"","footer-sml-layout":"","ast-disable-related-posts":"","theme-transparent-header-meta":"default","adv-header-id-meta":"","stick-header-meta":"","header-above-stick-meta":"","header-main-stick-meta":"","header-below-stick-meta":"","astra-migrate-meta-layouts":"default","ast-page-background-enabled":"default","ast-page-background-meta":{"desktop":{"background-color":"","background-image":"","background-repeat":"repeat","background-position":"center center","background-size":"auto","background-attachment":"scroll","background-type":"","background-media":"","overlay-type":"","overlay-color":"","overlay-opacity":"","overlay-gradient":""},"tablet":{"background-color":"","background-image":"","background-repeat":"repeat","background-position":"center center","background-size":"auto","background-attachment":"scroll","background-type":"","background-media":"","overlay-type":"","overlay-color":"","overlay-opacity":"","overlay-gradient":""},"mobile":{"background-color":"","background-image":"","background-repeat":"repeat","background-position":"center center","background-size":"auto","background-attachment":"scroll","background-type":"","background-media":"","overlay-type":"","overlay-color":"","overlay-opacity":"","overlay-gradient":""}},"ast-content-background-meta":{"desktop":{"background-color":"var(--ast-global-color-5)","background-image":"","background-repeat":"repeat","background-position":"center center","background-size":"auto","background-attachment":"scroll","background-type":"","background-media":"","overlay-type":"","overlay-color":"","overlay-opacity":"","overlay-gradient":""},"tablet":{"background-color":"var(--ast-global-color-5)","background-image":"","background-repeat":"repeat","background-position":"center center","background-size":"auto","background-attachment":"scroll","background-type":"","background-media":"","overlay-type":"","overlay-color":"","overlay-opacity":"","overlay-gradient":""},"mobile":{"background-color":"var(--ast-global-color-5)","background-image":"","background-repeat":"repeat","background-position":"center center","background-size":"auto","background-attachment":"scroll","background-type":"","background-media":"","overlay-type":"","overlay-color":"","overlay-opacity":"","overlay-gradient":""}},"_jetpack_memberships_contains_paid_content":false,"_joinchat":[],"footnotes":""},"categories":[5],"tags":[2545,1232,7785,3474,13121,13120,459],"class_list":["post-50745","post","type-post","status-publish","format-standard","has-post-thumbnail","hentry","category-sociedad","tag-aumento","tag-destacado","tag-diarios","tag-observatorio-integral-de-la-region","tag-oferta-digital","tag-oferta-laboral","tag-unvm"],"yoast_head":"<!-- This site is optimized with the Yoast SEO plugin v26.8 - https:\/\/yoast.com\/product\/yoast-seo-wordpress\/ -->\n<title>Observatorio de la Regi\u00f3n: la oferta laboral del 2021 fue 50% m\u00e1s que en 2020 - El Regional<\/title>\n<meta name=\"robots\" content=\"index, follow, max-snippet:-1, max-image-preview:large, max-video-preview:-1\" \/>\n<link rel=\"canonical\" href=\"http:\/\/elregionalvm.com.ar\/noticias-villa-maria\/observatorio-de-la-region-la-oferta-laboral-del-2021-fue-50-mas-que-en-2020\/\" \/>\n<meta property=\"og:locale\" content=\"es_ES\" \/>\n<meta property=\"og:type\" content=\"article\" \/>\n<meta property=\"og:title\" content=\"Observatorio de la Regi\u00f3n: la oferta laboral del 2021 fue 50% m\u00e1s que en 2020 - El Regional\" \/>\n<meta property=\"og:description\" content=\"El observatorio dependiente del Instituto de Extensi\u00f3n oficializ\u00f3 esta nueva modalidad que tiene como referencia la b\u00fasqueda de puestos de trabajo a trav\u00e9s de internet. La cantidad de anuncios acumulados del a\u00f1o 2021, arroj\u00f3 un incremento de un 50,5% respecto al a\u00f1o 2020. Como todos los a\u00f1os, el Observatorio Integral de la Regi\u00f3n (OIR), perteneciente [&hellip;]\" \/>\n<meta property=\"og:url\" content=\"http:\/\/elregionalvm.com.ar\/noticias-villa-maria\/observatorio-de-la-region-la-oferta-laboral-del-2021-fue-50-mas-que-en-2020\/\" \/>\n<meta property=\"og:site_name\" content=\"El Regional\" \/>\n<meta property=\"article:publisher\" content=\"https:\/\/www.facebook.com\/elregionalvm\" \/>\n<meta property=\"article:published_time\" content=\"2022-01-05T22:46:43+00:00\" \/>\n<meta property=\"article:modified_time\" content=\"2022-01-05T22:46:45+00:00\" \/>\n<meta property=\"og:image\" content=\"http:\/\/elregionalvm.com.ar\/noticias-villa-maria\/wp-content\/uploads\/2022\/01\/oferta-laboral.jpg\" \/>\n\t<meta property=\"og:image:width\" content=\"1024\" \/>\n\t<meta property=\"og:image:height\" content=\"686\" \/>\n\t<meta property=\"og:image:type\" content=\"image\/jpeg\" \/>\n<meta name=\"author\" content=\"Contenidos El Regional\" \/>\n<meta name=\"twitter:card\" content=\"summary_large_image\" \/>\n<meta name=\"twitter:creator\" content=\"@elregionalvm1\" \/>\n<meta name=\"twitter:site\" content=\"@elregionalvm1\" \/>\n<meta name=\"twitter:label1\" content=\"Escrito por\" \/>\n\t<meta name=\"twitter:data1\" content=\"Contenidos El Regional\" \/>\n\t<meta name=\"twitter:label2\" content=\"Tiempo de lectura\" \/>\n\t<meta name=\"twitter:data2\" content=\"2 minutos\" \/>\n<script type=\"application\/ld+json\" class=\"yoast-schema-graph\">{\"@context\":\"https:\/\/schema.org\",\"@graph\":[{\"@type\":\"Article\",\"@id\":\"http:\/\/elregionalvm.com.ar\/noticias-villa-maria\/observatorio-de-la-region-la-oferta-laboral-del-2021-fue-50-mas-que-en-2020\/#article\",\"isPartOf\":{\"@id\":\"http:\/\/elregionalvm.com.ar\/noticias-villa-maria\/observatorio-de-la-region-la-oferta-laboral-del-2021-fue-50-mas-que-en-2020\/\"},\"author\":{\"name\":\"Contenidos El Regional\",\"@id\":\"http:\/\/elregionalvm.com.ar\/noticias-villa-maria\/#\/schema\/person\/a0fb9c422317faca23d50163151bc354\"},\"headline\":\"Observatorio de la Regi\u00f3n: la oferta laboral del 2021 fue 50% m\u00e1s que en 2020\",\"datePublished\":\"2022-01-05T22:46:43+00:00\",\"dateModified\":\"2022-01-05T22:46:45+00:00\",\"mainEntityOfPage\":{\"@id\":\"http:\/\/elregionalvm.com.ar\/noticias-villa-maria\/observatorio-de-la-region-la-oferta-laboral-del-2021-fue-50-mas-que-en-2020\/\"},\"wordCount\":433,\"commentCount\":0,\"image\":{\"@id\":\"http:\/\/elregionalvm.com.ar\/noticias-villa-maria\/observatorio-de-la-region-la-oferta-laboral-del-2021-fue-50-mas-que-en-2020\/#primaryimage\"},\"thumbnailUrl\":\"https:\/\/i0.wp.com\/elregionalvm.com.ar\/noticias-villa-maria\/wp-content\/uploads\/2022\/01\/oferta-laboral.jpg?fit=1024%2C686&ssl=1\",\"keywords\":[\"aumento\",\"destacado\",\"diarios\",\"Observatorio Integral de la Regi\u00f3n\",\"oferta digital\",\"oferta laboral\",\"UNVM\"],\"articleSection\":[\"Sociedad\"],\"inLanguage\":\"es\",\"potentialAction\":[{\"@type\":\"CommentAction\",\"name\":\"Comment\",\"target\":[\"http:\/\/elregionalvm.com.ar\/noticias-villa-maria\/observatorio-de-la-region-la-oferta-laboral-del-2021-fue-50-mas-que-en-2020\/#respond\"]}]},{\"@type\":\"WebPage\",\"@id\":\"http:\/\/elregionalvm.com.ar\/noticias-villa-maria\/observatorio-de-la-region-la-oferta-laboral-del-2021-fue-50-mas-que-en-2020\/\",\"url\":\"http:\/\/elregionalvm.com.ar\/noticias-villa-maria\/observatorio-de-la-region-la-oferta-laboral-del-2021-fue-50-mas-que-en-2020\/\",\"name\":\"Observatorio de la Regi\u00f3n: la oferta laboral del 2021 fue 50% m\u00e1s que en 2020 - El Regional\",\"isPartOf\":{\"@id\":\"http:\/\/elregionalvm.com.ar\/noticias-villa-maria\/#website\"},\"primaryImageOfPage\":{\"@id\":\"http:\/\/elregionalvm.com.ar\/noticias-villa-maria\/observatorio-de-la-region-la-oferta-laboral-del-2021-fue-50-mas-que-en-2020\/#primaryimage\"},\"image\":{\"@id\":\"http:\/\/elregionalvm.com.ar\/noticias-villa-maria\/observatorio-de-la-region-la-oferta-laboral-del-2021-fue-50-mas-que-en-2020\/#primaryimage\"},\"thumbnailUrl\":\"https:\/\/i0.wp.com\/elregionalvm.com.ar\/noticias-villa-maria\/wp-content\/uploads\/2022\/01\/oferta-laboral.jpg?fit=1024%2C686&ssl=1\",\"datePublished\":\"2022-01-05T22:46:43+00:00\",\"dateModified\":\"2022-01-05T22:46:45+00:00\",\"author\":{\"@id\":\"http:\/\/elregionalvm.com.ar\/noticias-villa-maria\/#\/schema\/person\/a0fb9c422317faca23d50163151bc354\"},\"breadcrumb\":{\"@id\":\"http:\/\/elregionalvm.com.ar\/noticias-villa-maria\/observatorio-de-la-region-la-oferta-laboral-del-2021-fue-50-mas-que-en-2020\/#breadcrumb\"},\"inLanguage\":\"es\",\"potentialAction\":[{\"@type\":\"ReadAction\",\"target\":[\"http:\/\/elregionalvm.com.ar\/noticias-villa-maria\/observatorio-de-la-region-la-oferta-laboral-del-2021-fue-50-mas-que-en-2020\/\"]}]},{\"@type\":\"ImageObject\",\"inLanguage\":\"es\",\"@id\":\"http:\/\/elregionalvm.com.ar\/noticias-villa-maria\/observatorio-de-la-region-la-oferta-laboral-del-2021-fue-50-mas-que-en-2020\/#primaryimage\",\"url\":\"https:\/\/i0.wp.com\/elregionalvm.com.ar\/noticias-villa-maria\/wp-content\/uploads\/2022\/01\/oferta-laboral.jpg?fit=1024%2C686&ssl=1\",\"contentUrl\":\"https:\/\/i0.wp.com\/elregionalvm.com.ar\/noticias-villa-maria\/wp-content\/uploads\/2022\/01\/oferta-laboral.jpg?fit=1024%2C686&ssl=1\",\"width\":1024,\"height\":686},{\"@type\":\"BreadcrumbList\",\"@id\":\"http:\/\/elregionalvm.com.ar\/noticias-villa-maria\/observatorio-de-la-region-la-oferta-laboral-del-2021-fue-50-mas-que-en-2020\/#breadcrumb\",\"itemListElement\":[{\"@type\":\"ListItem\",\"position\":1,\"name\":\"Portada\",\"item\":\"https:\/\/elregionalvm.com.ar\/noticias-villa-maria\/\"},{\"@type\":\"ListItem\",\"position\":2,\"name\":\"Observatorio de la Regi\u00f3n: la oferta laboral del 2021 fue 50% m\u00e1s que en 2020\"}]},{\"@type\":\"WebSite\",\"@id\":\"http:\/\/elregionalvm.com.ar\/noticias-villa-maria\/#website\",\"url\":\"http:\/\/elregionalvm.com.ar\/noticias-villa-maria\/\",\"name\":\"El Regional\",\"description\":\"Mucho m\u00e1s que informaci\u00f3n\",\"potentialAction\":[{\"@type\":\"SearchAction\",\"target\":{\"@type\":\"EntryPoint\",\"urlTemplate\":\"http:\/\/elregionalvm.com.ar\/noticias-villa-maria\/?s={search_term_string}\"},\"query-input\":{\"@type\":\"PropertyValueSpecification\",\"valueRequired\":true,\"valueName\":\"search_term_string\"}}],\"inLanguage\":\"es\"},{\"@type\":\"Person\",\"@id\":\"http:\/\/elregionalvm.com.ar\/noticias-villa-maria\/#\/schema\/person\/a0fb9c422317faca23d50163151bc354\",\"name\":\"Contenidos El Regional\",\"image\":{\"@type\":\"ImageObject\",\"inLanguage\":\"es\",\"@id\":\"http:\/\/elregionalvm.com.ar\/noticias-villa-maria\/#\/schema\/person\/image\/\",\"url\":\"https:\/\/secure.gravatar.com\/avatar\/265b27cb2209af7bb3a1318f03305787d7981a5cc6e6cd08fe5a4ecdf99d4b48?s=96&d=mm&r=g\",\"contentUrl\":\"https:\/\/secure.gravatar.com\/avatar\/265b27cb2209af7bb3a1318f03305787d7981a5cc6e6cd08fe5a4ecdf99d4b48?s=96&d=mm&r=g\",\"caption\":\"Contenidos El Regional\"},\"url\":\"https:\/\/elregionalvm.com.ar\/noticias-villa-maria\/author\/contenido\/\"}]}<\/script>\n<!-- \/ Yoast SEO plugin. -->","yoast_head_json":{"title":"Observatorio de la Regi\u00f3n: la oferta laboral del 2021 fue 50% m\u00e1s que en 2020 - El Regional","robots":{"index":"index","follow":"follow","max-snippet":"max-snippet:-1","max-image-preview":"max-image-preview:large","max-video-preview":"max-video-preview:-1"},"canonical":"http:\/\/elregionalvm.com.ar\/noticias-villa-maria\/observatorio-de-la-region-la-oferta-laboral-del-2021-fue-50-mas-que-en-2020\/","og_locale":"es_ES","og_type":"article","og_title":"Observatorio de la Regi\u00f3n: la oferta laboral del 2021 fue 50% m\u00e1s que en 2020 - El Regional","og_description":"El observatorio dependiente del Instituto de Extensi\u00f3n oficializ\u00f3 esta nueva modalidad que tiene como referencia la b\u00fasqueda de puestos de trabajo a trav\u00e9s de internet. La cantidad de anuncios acumulados del a\u00f1o 2021, arroj\u00f3 un incremento de un 50,5% respecto al a\u00f1o 2020. Como todos los a\u00f1os, el Observatorio Integral de la Regi\u00f3n (OIR), perteneciente [&hellip;]","og_url":"http:\/\/elregionalvm.com.ar\/noticias-villa-maria\/observatorio-de-la-region-la-oferta-laboral-del-2021-fue-50-mas-que-en-2020\/","og_site_name":"El Regional","article_publisher":"https:\/\/www.facebook.com\/elregionalvm","article_published_time":"2022-01-05T22:46:43+00:00","article_modified_time":"2022-01-05T22:46:45+00:00","og_image":[{"width":1024,"height":686,"url":"http:\/\/elregionalvm.com.ar\/noticias-villa-maria\/wp-content\/uploads\/2022\/01\/oferta-laboral.jpg","type":"image\/jpeg"}],"author":"Contenidos El Regional","twitter_card":"summary_large_image","twitter_creator":"@elregionalvm1","twitter_site":"@elregionalvm1","twitter_misc":{"Escrito por":"Contenidos El Regional","Tiempo de lectura":"2 minutos"},"schema":{"@context":"https:\/\/schema.org","@graph":[{"@type":"Article","@id":"http:\/\/elregionalvm.com.ar\/noticias-villa-maria\/observatorio-de-la-region-la-oferta-laboral-del-2021-fue-50-mas-que-en-2020\/#article","isPartOf":{"@id":"http:\/\/elregionalvm.com.ar\/noticias-villa-maria\/observatorio-de-la-region-la-oferta-laboral-del-2021-fue-50-mas-que-en-2020\/"},"author":{"name":"Contenidos El Regional","@id":"http:\/\/elregionalvm.com.ar\/noticias-villa-maria\/#\/schema\/person\/a0fb9c422317faca23d50163151bc354"},"headline":"Observatorio de la Regi\u00f3n: la oferta laboral del 2021 fue 50% m\u00e1s que en 2020","datePublished":"2022-01-05T22:46:43+00:00","dateModified":"2022-01-05T22:46:45+00:00","mainEntityOfPage":{"@id":"http:\/\/elregionalvm.com.ar\/noticias-villa-maria\/observatorio-de-la-region-la-oferta-laboral-del-2021-fue-50-mas-que-en-2020\/"},"wordCount":433,"commentCount":0,"image":{"@id":"http:\/\/elregionalvm.com.ar\/noticias-villa-maria\/observatorio-de-la-region-la-oferta-laboral-del-2021-fue-50-mas-que-en-2020\/#primaryimage"},"thumbnailUrl":"https:\/\/i0.wp.com\/elregionalvm.com.ar\/noticias-villa-maria\/wp-content\/uploads\/2022\/01\/oferta-laboral.jpg?fit=1024%2C686&ssl=1","keywords":["aumento","destacado","diarios","Observatorio Integral de la Regi\u00f3n","oferta digital","oferta laboral","UNVM"],"articleSection":["Sociedad"],"inLanguage":"es","potentialAction":[{"@type":"CommentAction","name":"Comment","target":["http:\/\/elregionalvm.com.ar\/noticias-villa-maria\/observatorio-de-la-region-la-oferta-laboral-del-2021-fue-50-mas-que-en-2020\/#respond"]}]},{"@type":"WebPage","@id":"http:\/\/elregionalvm.com.ar\/noticias-villa-maria\/observatorio-de-la-region-la-oferta-laboral-del-2021-fue-50-mas-que-en-2020\/","url":"http:\/\/elregionalvm.com.ar\/noticias-villa-maria\/observatorio-de-la-region-la-oferta-laboral-del-2021-fue-50-mas-que-en-2020\/","name":"Observatorio de la Regi\u00f3n: la oferta laboral del 2021 fue 50% m\u00e1s que en 2020 - El Regional","isPartOf":{"@id":"http:\/\/elregionalvm.com.ar\/noticias-villa-maria\/#website"},"primaryImageOfPage":{"@id":"http:\/\/elregionalvm.com.ar\/noticias-villa-maria\/observatorio-de-la-region-la-oferta-laboral-del-2021-fue-50-mas-que-en-2020\/#primaryimage"},"image":{"@id":"http:\/\/elregionalvm.com.ar\/noticias-villa-maria\/observatorio-de-la-region-la-oferta-laboral-del-2021-fue-50-mas-que-en-2020\/#primaryimage"},"thumbnailUrl":"https:\/\/i0.wp.com\/elregionalvm.com.ar\/noticias-villa-maria\/wp-content\/uploads\/2022\/01\/oferta-laboral.jpg?fit=1024%2C686&ssl=1","datePublished":"2022-01-05T22:46:43+00:00","dateModified":"2022-01-05T22:46:45+00:00","author":{"@id":"http:\/\/elregionalvm.com.ar\/noticias-villa-maria\/#\/schema\/person\/a0fb9c422317faca23d50163151bc354"},"breadcrumb":{"@id":"http:\/\/elregionalvm.com.ar\/noticias-villa-maria\/observatorio-de-la-region-la-oferta-laboral-del-2021-fue-50-mas-que-en-2020\/#breadcrumb"},"inLanguage":"es","potentialAction":[{"@type":"ReadAction","target":["http:\/\/elregionalvm.com.ar\/noticias-villa-maria\/observatorio-de-la-region-la-oferta-laboral-del-2021-fue-50-mas-que-en-2020\/"]}]},{"@type":"ImageObject","inLanguage":"es","@id":"http:\/\/elregionalvm.com.ar\/noticias-villa-maria\/observatorio-de-la-region-la-oferta-laboral-del-2021-fue-50-mas-que-en-2020\/#primaryimage","url":"https:\/\/i0.wp.com\/elregionalvm.com.ar\/noticias-villa-maria\/wp-content\/uploads\/2022\/01\/oferta-laboral.jpg?fit=1024%2C686&ssl=1","contentUrl":"https:\/\/i0.wp.com\/elregionalvm.com.ar\/noticias-villa-maria\/wp-content\/uploads\/2022\/01\/oferta-laboral.jpg?fit=1024%2C686&ssl=1","width":1024,"height":686},{"@type":"BreadcrumbList","@id":"http:\/\/elregionalvm.com.ar\/noticias-villa-maria\/observatorio-de-la-region-la-oferta-laboral-del-2021-fue-50-mas-que-en-2020\/#breadcrumb","itemListElement":[{"@type":"ListItem","position":1,"name":"Portada","item":"https:\/\/elregionalvm.com.ar\/noticias-villa-maria\/"},{"@type":"ListItem","position":2,"name":"Observatorio de la Regi\u00f3n: la oferta laboral del 2021 fue 50% m\u00e1s que en 2020"}]},{"@type":"WebSite","@id":"http:\/\/elregionalvm.com.ar\/noticias-villa-maria\/#website","url":"http:\/\/elregionalvm.com.ar\/noticias-villa-maria\/","name":"El Regional","description":"Mucho m\u00e1s que informaci\u00f3n","potentialAction":[{"@type":"SearchAction","target":{"@type":"EntryPoint","urlTemplate":"http:\/\/elregionalvm.com.ar\/noticias-villa-maria\/?s={search_term_string}"},"query-input":{"@type":"PropertyValueSpecification","valueRequired":true,"valueName":"search_term_string"}}],"inLanguage":"es"},{"@type":"Person","@id":"http:\/\/elregionalvm.com.ar\/noticias-villa-maria\/#\/schema\/person\/a0fb9c422317faca23d50163151bc354","name":"Contenidos El Regional","image":{"@type":"ImageObject","inLanguage":"es","@id":"http:\/\/elregionalvm.com.ar\/noticias-villa-maria\/#\/schema\/person\/image\/","url":"https:\/\/secure.gravatar.com\/avatar\/265b27cb2209af7bb3a1318f03305787d7981a5cc6e6cd08fe5a4ecdf99d4b48?s=96&d=mm&r=g","contentUrl":"https:\/\/secure.gravatar.com\/avatar\/265b27cb2209af7bb3a1318f03305787d7981a5cc6e6cd08fe5a4ecdf99d4b48?s=96&d=mm&r=g","caption":"Contenidos El Regional"},"url":"https:\/\/elregionalvm.com.ar\/noticias-villa-maria\/author\/contenido\/"}]}},"jetpack_featured_media_url":"https:\/\/i0.wp.com\/elregionalvm.com.ar\/noticias-villa-maria\/wp-content\/uploads\/2022\/01\/oferta-laboral.jpg?fit=1024%2C686&ssl=1","jetpack_sharing_enabled":true,"_links":{"self":[{"href":"https:\/\/elregionalvm.com.ar\/noticias-villa-maria\/wp-json\/wp\/v2\/posts\/50745","targetHints":{"allow":["GET"]}}],"collection":[{"href":"https:\/\/elregionalvm.com.ar\/noticias-villa-maria\/wp-json\/wp\/v2\/posts"}],"about":[{"href":"https:\/\/elregionalvm.com.ar\/noticias-villa-maria\/wp-json\/wp\/v2\/types\/post"}],"author":[{"embeddable":true,"href":"https:\/\/elregionalvm.com.ar\/noticias-villa-maria\/wp-json\/wp\/v2\/users\/4"}],"replies":[{"embeddable":true,"href":"https:\/\/elregionalvm.com.ar\/noticias-villa-maria\/wp-json\/wp\/v2\/comments?post=50745"}],"version-history":[{"count":1,"href":"https:\/\/elregionalvm.com.ar\/noticias-villa-maria\/wp-json\/wp\/v2\/posts\/50745\/revisions"}],"predecessor-version":[{"id":50747,"href":"https:\/\/elregionalvm.com.ar\/noticias-villa-maria\/wp-json\/wp\/v2\/posts\/50745\/revisions\/50747"}],"wp:featuredmedia":[{"embeddable":true,"href":"https:\/\/elregionalvm.com.ar\/noticias-villa-maria\/wp-json\/wp\/v2\/media\/50746"}],"wp:attachment":[{"href":"https:\/\/elregionalvm.com.ar\/noticias-villa-maria\/wp-json\/wp\/v2\/media?parent=50745"}],"wp:term":[{"taxonomy":"category","embeddable":true,"href":"https:\/\/elregionalvm.com.ar\/noticias-villa-maria\/wp-json\/wp\/v2\/categories?post=50745"},{"taxonomy":"post_tag","embeddable":true,"href":"https:\/\/elregionalvm.com.ar\/noticias-villa-maria\/wp-json\/wp\/v2\/tags?post=50745"}],"curies":[{"name":"wp","href":"https:\/\/api.w.org\/{rel}","templated":true}]}}