{"id":50748,"date":"2022-01-06T00:21:46","date_gmt":"2022-01-06T00:21:46","guid":{"rendered":"https:\/\/elregionalvm.com.ar\/noticias-villa-maria\/?p=50748"},"modified":"2022-01-07T04:45:47","modified_gmt":"2022-01-07T04:45:47","slug":"opinion-consenso-fiscal-otra-evidencia-del-fracaso","status":"publish","type":"post","link":"https:\/\/elregionalvm.com.ar\/noticias-villa-maria\/opinion-consenso-fiscal-otra-evidencia-del-fracaso\/","title":{"rendered":"[Opini\u00f3n] Consenso fiscal: Otra evidencia del fracaso"},"content":{"rendered":"\n<p><\/p>\n\n\n\n<p><strong>La firma de un nuevo consenso fiscal deja en evidencia que no alcanza con esperar que la econom\u00eda crezca o se recupere, sino que hay que por fin abordar un ordenamiento integral del sistema tributario en el que se involucren los tres niveles de gobierno. Esta es la \u00fanica manera de salir de la decadencia.<\/strong><\/p>\n\n\n\n<p><\/p>\n\n\n\n<p><strong>Informe: Idesa<\/strong><\/p>\n\n\n\n<p><\/p>\n\n\n\n<p>La firma de un nuevo consenso fiscal entre el presidente Alberto Fern\u00e1ndez y 23 provincias fue motivo de encendidos debates. Nuevamente, como ya es una tradici\u00f3n en el abordaje de las pol\u00edticas p\u00fablicas en la Argentina, hubo poco an\u00e1lisis econ\u00f3mico y mucho oportunismo. <\/p>\n\n\n\n<p>El documento que se acaba de firmar constituye la cuarta adenda (una todos los a\u00f1os) sobre el pacto firmado original firmado en el a\u00f1o 2017 durante el gobierno de Cambiemos.<\/p>\n\n\n\n<p><strong>\u00bfQu\u00e9 propon\u00edan los distintos pactos fiscales?<\/strong><\/p>\n\n\n\n<p>El pacto fiscal de 2017 contemplaba como medida m\u00e1s importante, fijar un cronograma comprometiendo la reducci\u00f3n gradual de las al\u00edcuotas del Impuesto sobre los Ingresos Brutos y el Impuesto a los Sellos.<\/p>\n\n\n\n<p>Se trataba de una decisi\u00f3n muy importante porque, por un lado, son dos impuestos con impactos muy negativos sobre el desenvolvimiento de la econ\u00f3mica. Pero, por el otro, constituyen para las provincias (especialmente las m\u00e1s grandes) una muy importante fuente de financiamiento.<\/p>\n\n\n\n<p>El pacto fiscal firmado en diciembre de 2021, eleva los topes para las al\u00edcuotas de Ingresos Brutos \u2013 es decir, se frena la reducci\u00f3n de al\u00edcuotas- y habilita la creaci\u00f3n de un impuesto a la herencia.<\/p>\n\n\n\n<p><\/p>\n\n\n\n<figure class=\"wp-block-embed is-type-video is-provider-youtube wp-block-embed-youtube wp-embed-aspect-16-9 wp-has-aspect-ratio\"><div class=\"wp-block-embed__wrapper\">\n<iframe title=\"Consenso fiscal: Otra evidencia del fracaso\" width=\"500\" height=\"281\" src=\"https:\/\/www.youtube.com\/embed\/6xoWY-ba-Fw?feature=oembed\" frameborder=\"0\" allow=\"accelerometer; autoplay; clipboard-write; encrypted-media; gyroscope; picture-in-picture; web-share\" referrerpolicy=\"strict-origin-when-cross-origin\" allowfullscreen><\/iframe>\n<\/div><\/figure>\n\n\n\n<p><\/p>\n\n\n\n<p>El esquema original se inspira en la l\u00f3gica del \u201cgradualismo\u201d, partiendo del supuesto de que la econom\u00eda crecer\u00eda en los a\u00f1os subsiguientes, las ganancias de recaudaci\u00f3n que generar\u00eda el crecimiento permitir\u00edan compensar el impacto negativo de la baja de al\u00edcuota.<\/p>\n\n\n\n<p>Las provincias no se desfinanciar\u00edan porque la reducci\u00f3n de impuestos se compensa por los efectos positivos sobre la recaudaci\u00f3n del crecimiento econ\u00f3mico.<\/p>\n\n\n\n<p>La realidad es que la econom\u00eda no creci\u00f3 y, por lo tanto, se tuvieron que firmar las adendas suspendiendo el cronograma de reducci\u00f3n. El estancamiento econ\u00f3mico justific\u00f3 la firma de las cuatro adendas (dos con el actual gobierno, dos en el gobierno de cambiemos) suspendiendo la aplicaci\u00f3n del cronograma de reducci\u00f3n de al\u00edcuotas, y finalmente un nuevo pacto fiscal que permite topes mayores.<\/p>\n\n\n\n<p><strong>\u00bfError de dise\u00f1o o mala suerte con la instrumentaci\u00f3n?<\/strong><\/p>\n\n\n\n<p>Analizando con objetividad el principal problema es la inconsistencia en el dise\u00f1o. Por un lado, se asume el diagn\u00f3stico de que la Argentina no podr\u00e1 crecer mientras mantenga un sistema tributario tan complejo y distorsivo.<\/p>\n\n\n\n<p>Pero por el otro, se plantea una baja de impuestos supeditado a que la econom\u00eda crezca. Como era previsible la econom\u00eda no creci\u00f3 y, por lo tanto, se fueron sucediendo las firmas de adendas para suspender la baja.&nbsp;<\/p>\n\n\n\n<p>El fracaso del consenso era previsible porque se sosten\u00eda en un supuesto (que la econom\u00eda crecer\u00eda) que era contradictorio con el diagnostico de partida (la econ\u00f3mica no puede crecer con el actual sistema tributario). El nuevo pacto fiscal directamente asume este fracaso, permitiendo a algunas provincias incluso subir impuestos.&nbsp;<\/p>\n\n\n\n<p>La principal lecci\u00f3n que deja esta experiencia es que no hay atajos que permitan eludir un ordenamiento integral del sistema tributario en el que se involucren los tres niveles de gobierno.<\/p>\n\n\n\n<p>Es cierto que se trata de un desaf\u00edo muy complejo que demanda mucha innovaci\u00f3n, profesionalismo y audacia. Pero, no abordarlo implicar\u00e1 seguir acumulando frustraciones como las derivadas del Consenso Fiscal.<\/p>\n","protected":false},"excerpt":{"rendered":"<p>La firma de un nuevo consenso fiscal deja en evidencia que no alcanza con esperar que la econom\u00eda crezca o se recupere, sino que hay que por fin abordar un ordenamiento integral del sistema tributario en el que se involucren los tres niveles de gobierno. Esta es la \u00fanica manera de salir de la decadencia. [&hellip;]<\/p>\n","protected":false},"author":4,"featured_media":50750,"comment_status":"open","ping_status":"open","sticky":false,"template":"","format":"standard","meta":{"site-sidebar-layout":"default","site-content-layout":"default","ast-site-content-layout":"default","site-content-style":"default","site-sidebar-style":"default","ast-global-header-display":"","ast-banner-title-visibility":"","ast-main-header-display":"","ast-hfb-above-header-display":"","ast-hfb-below-header-display":"","ast-hfb-mobile-header-display":"","site-post-title":"","ast-breadcrumbs-content":"","ast-featured-img":"","footer-sml-layout":"","ast-disable-related-posts":"","theme-transparent-header-meta":"default","adv-header-id-meta":"","stick-header-meta":"","header-above-stick-meta":"","header-main-stick-meta":"","header-below-stick-meta":"","astra-migrate-meta-layouts":"default","ast-page-background-enabled":"default","ast-page-background-meta":{"desktop":{"background-color":"","background-image":"","background-repeat":"repeat","background-position":"center center","background-size":"auto","background-attachment":"scroll","background-type":"","background-media":"","overlay-type":"","overlay-color":"","overlay-opacity":"","overlay-gradient":""},"tablet":{"background-color":"","background-image":"","background-repeat":"repeat","background-position":"center center","background-size":"auto","background-attachment":"scroll","background-type":"","background-media":"","overlay-type":"","overlay-color":"","overlay-opacity":"","overlay-gradient":""},"mobile":{"background-color":"","background-image":"","background-repeat":"repeat","background-position":"center center","background-size":"auto","background-attachment":"scroll","background-type":"","background-media":"","overlay-type":"","overlay-color":"","overlay-opacity":"","overlay-gradient":""}},"ast-content-background-meta":{"desktop":{"background-color":"var(--ast-global-color-5)","background-image":"","background-repeat":"repeat","background-position":"center center","background-size":"auto","background-attachment":"scroll","background-type":"","background-media":"","overlay-type":"","overlay-color":"","overlay-opacity":"","overlay-gradient":""},"tablet":{"background-color":"var(--ast-global-color-5)","background-image":"","background-repeat":"repeat","background-position":"center center","background-size":"auto","background-attachment":"scroll","background-type":"","background-media":"","overlay-type":"","overlay-color":"","overlay-opacity":"","overlay-gradient":""},"mobile":{"background-color":"var(--ast-global-color-5)","background-image":"","background-repeat":"repeat","background-position":"center center","background-size":"auto","background-attachment":"scroll","background-type":"","background-media":"","overlay-type":"","overlay-color":"","overlay-opacity":"","overlay-gradient":""}},"_jetpack_memberships_contains_paid_content":false,"_joinchat":[],"footnotes":""},"categories":[365,3557],"tags":[1594,13059,505,3734,13124,1973,3251,10864,13123,3879,9891],"class_list":["post-50748","post","type-post","status-publish","format-standard","has-post-thumbnail","hentry","category-opinion","category-tercera","tag-alberto-fernandez","tag-consenso-fiscal","tag-economia","tag-gobierno-nacional","tag-gradualismo","tag-idesa","tag-impuestos","tag-ingresos-brutos","tag-pacto-fiscal","tag-presion-tributaria","tag-provincias"],"yoast_head":"<!-- This site is optimized with the Yoast SEO plugin v26.8 - https:\/\/yoast.com\/product\/yoast-seo-wordpress\/ -->\n<title>[Opini\u00f3n] Consenso fiscal: Otra evidencia del fracaso - El Regional<\/title>\n<meta name=\"description\" content=\"La firma de un nuevo consenso fiscal deja en evidencia que no alcanza con esperar que la econom\u00eda crezca o se recupere...\" \/>\n<meta name=\"robots\" content=\"index, follow, max-snippet:-1, max-image-preview:large, max-video-preview:-1\" \/>\n<link rel=\"canonical\" href=\"http:\/\/elregionalvm.com.ar\/noticias-villa-maria\/opinion-consenso-fiscal-otra-evidencia-del-fracaso\/\" \/>\n<meta property=\"og:locale\" content=\"es_ES\" \/>\n<meta property=\"og:type\" content=\"article\" \/>\n<meta property=\"og:title\" content=\"[Opini\u00f3n] Consenso fiscal: Otra evidencia del fracaso - El Regional\" \/>\n<meta property=\"og:description\" content=\"La firma de un nuevo consenso fiscal deja en evidencia que no alcanza con esperar que la econom\u00eda crezca o se recupere...\" \/>\n<meta property=\"og:url\" content=\"http:\/\/elregionalvm.com.ar\/noticias-villa-maria\/opinion-consenso-fiscal-otra-evidencia-del-fracaso\/\" \/>\n<meta property=\"og:site_name\" content=\"El Regional\" \/>\n<meta property=\"article:publisher\" content=\"https:\/\/www.facebook.com\/elregionalvm\" \/>\n<meta property=\"article:published_time\" content=\"2022-01-06T00:21:46+00:00\" \/>\n<meta property=\"article:modified_time\" content=\"2022-01-07T04:45:47+00:00\" \/>\n<meta property=\"og:image\" content=\"http:\/\/elregionalvm.com.ar\/noticias-villa-maria\/wp-content\/uploads\/2022\/01\/alberto-fernandez-acordo-con-23-gobernadores-el-consenso-fiscal-.jpg\" \/>\n\t<meta property=\"og:image:width\" content=\"950\" \/>\n\t<meta property=\"og:image:height\" content=\"534\" \/>\n\t<meta property=\"og:image:type\" content=\"image\/jpeg\" \/>\n<meta name=\"author\" content=\"Contenidos El Regional\" \/>\n<meta name=\"twitter:card\" content=\"summary_large_image\" \/>\n<meta name=\"twitter:creator\" content=\"@elregionalvm1\" \/>\n<meta name=\"twitter:site\" content=\"@elregionalvm1\" \/>\n<meta name=\"twitter:label1\" content=\"Escrito por\" \/>\n\t<meta name=\"twitter:data1\" content=\"Contenidos El Regional\" \/>\n\t<meta name=\"twitter:label2\" content=\"Tiempo de lectura\" \/>\n\t<meta name=\"twitter:data2\" content=\"3 minutos\" \/>\n<script type=\"application\/ld+json\" class=\"yoast-schema-graph\">{\"@context\":\"https:\/\/schema.org\",\"@graph\":[{\"@type\":\"Article\",\"@id\":\"http:\/\/elregionalvm.com.ar\/noticias-villa-maria\/opinion-consenso-fiscal-otra-evidencia-del-fracaso\/#article\",\"isPartOf\":{\"@id\":\"http:\/\/elregionalvm.com.ar\/noticias-villa-maria\/opinion-consenso-fiscal-otra-evidencia-del-fracaso\/\"},\"author\":{\"name\":\"Contenidos El Regional\",\"@id\":\"http:\/\/elregionalvm.com.ar\/noticias-villa-maria\/#\/schema\/person\/a0fb9c422317faca23d50163151bc354\"},\"headline\":\"[Opini\u00f3n] Consenso fiscal: Otra evidencia del fracaso\",\"datePublished\":\"2022-01-06T00:21:46+00:00\",\"dateModified\":\"2022-01-07T04:45:47+00:00\",\"mainEntityOfPage\":{\"@id\":\"http:\/\/elregionalvm.com.ar\/noticias-villa-maria\/opinion-consenso-fiscal-otra-evidencia-del-fracaso\/\"},\"wordCount\":623,\"commentCount\":0,\"image\":{\"@id\":\"http:\/\/elregionalvm.com.ar\/noticias-villa-maria\/opinion-consenso-fiscal-otra-evidencia-del-fracaso\/#primaryimage\"},\"thumbnailUrl\":\"https:\/\/i0.wp.com\/elregionalvm.com.ar\/noticias-villa-maria\/wp-content\/uploads\/2022\/01\/alberto-fernandez-acordo-con-23-gobernadores-el-consenso-fiscal-.jpg?fit=950%2C534&ssl=1\",\"keywords\":[\"Alberto Fern\u00e1ndez\",\"consenso fiscal\",\"Econom\u00eda\",\"Gobierno Nacional\",\"gradualismo\",\"IDESA\",\"impuestos\",\"Ingresos Brutos\",\"pacto fiscal\",\"presi\u00f3n tributaria\",\"Provincias\"],\"articleSection\":[\"Opini\u00f3n\",\"tercera\"],\"inLanguage\":\"es\",\"potentialAction\":[{\"@type\":\"CommentAction\",\"name\":\"Comment\",\"target\":[\"http:\/\/elregionalvm.com.ar\/noticias-villa-maria\/opinion-consenso-fiscal-otra-evidencia-del-fracaso\/#respond\"]}]},{\"@type\":\"WebPage\",\"@id\":\"http:\/\/elregionalvm.com.ar\/noticias-villa-maria\/opinion-consenso-fiscal-otra-evidencia-del-fracaso\/\",\"url\":\"http:\/\/elregionalvm.com.ar\/noticias-villa-maria\/opinion-consenso-fiscal-otra-evidencia-del-fracaso\/\",\"name\":\"[Opini\u00f3n] Consenso fiscal: Otra evidencia del fracaso - El Regional\",\"isPartOf\":{\"@id\":\"http:\/\/elregionalvm.com.ar\/noticias-villa-maria\/#website\"},\"primaryImageOfPage\":{\"@id\":\"http:\/\/elregionalvm.com.ar\/noticias-villa-maria\/opinion-consenso-fiscal-otra-evidencia-del-fracaso\/#primaryimage\"},\"image\":{\"@id\":\"http:\/\/elregionalvm.com.ar\/noticias-villa-maria\/opinion-consenso-fiscal-otra-evidencia-del-fracaso\/#primaryimage\"},\"thumbnailUrl\":\"https:\/\/i0.wp.com\/elregionalvm.com.ar\/noticias-villa-maria\/wp-content\/uploads\/2022\/01\/alberto-fernandez-acordo-con-23-gobernadores-el-consenso-fiscal-.jpg?fit=950%2C534&ssl=1\",\"datePublished\":\"2022-01-06T00:21:46+00:00\",\"dateModified\":\"2022-01-07T04:45:47+00:00\",\"author\":{\"@id\":\"http:\/\/elregionalvm.com.ar\/noticias-villa-maria\/#\/schema\/person\/a0fb9c422317faca23d50163151bc354\"},\"description\":\"La firma de un nuevo consenso fiscal deja en evidencia que no alcanza con esperar que la econom\u00eda crezca o se recupere...\",\"breadcrumb\":{\"@id\":\"http:\/\/elregionalvm.com.ar\/noticias-villa-maria\/opinion-consenso-fiscal-otra-evidencia-del-fracaso\/#breadcrumb\"},\"inLanguage\":\"es\",\"potentialAction\":[{\"@type\":\"ReadAction\",\"target\":[\"http:\/\/elregionalvm.com.ar\/noticias-villa-maria\/opinion-consenso-fiscal-otra-evidencia-del-fracaso\/\"]}]},{\"@type\":\"ImageObject\",\"inLanguage\":\"es\",\"@id\":\"http:\/\/elregionalvm.com.ar\/noticias-villa-maria\/opinion-consenso-fiscal-otra-evidencia-del-fracaso\/#primaryimage\",\"url\":\"https:\/\/i0.wp.com\/elregionalvm.com.ar\/noticias-villa-maria\/wp-content\/uploads\/2022\/01\/alberto-fernandez-acordo-con-23-gobernadores-el-consenso-fiscal-.jpg?fit=950%2C534&ssl=1\",\"contentUrl\":\"https:\/\/i0.wp.com\/elregionalvm.com.ar\/noticias-villa-maria\/wp-content\/uploads\/2022\/01\/alberto-fernandez-acordo-con-23-gobernadores-el-consenso-fiscal-.jpg?fit=950%2C534&ssl=1\",\"width\":950,\"height\":534},{\"@type\":\"BreadcrumbList\",\"@id\":\"http:\/\/elregionalvm.com.ar\/noticias-villa-maria\/opinion-consenso-fiscal-otra-evidencia-del-fracaso\/#breadcrumb\",\"itemListElement\":[{\"@type\":\"ListItem\",\"position\":1,\"name\":\"Portada\",\"item\":\"https:\/\/elregionalvm.com.ar\/noticias-villa-maria\/\"},{\"@type\":\"ListItem\",\"position\":2,\"name\":\"[Opini\u00f3n] Consenso fiscal: Otra evidencia del fracaso\"}]},{\"@type\":\"WebSite\",\"@id\":\"http:\/\/elregionalvm.com.ar\/noticias-villa-maria\/#website\",\"url\":\"http:\/\/elregionalvm.com.ar\/noticias-villa-maria\/\",\"name\":\"El Regional\",\"description\":\"Mucho m\u00e1s que informaci\u00f3n\",\"potentialAction\":[{\"@type\":\"SearchAction\",\"target\":{\"@type\":\"EntryPoint\",\"urlTemplate\":\"http:\/\/elregionalvm.com.ar\/noticias-villa-maria\/?s={search_term_string}\"},\"query-input\":{\"@type\":\"PropertyValueSpecification\",\"valueRequired\":true,\"valueName\":\"search_term_string\"}}],\"inLanguage\":\"es\"},{\"@type\":\"Person\",\"@id\":\"http:\/\/elregionalvm.com.ar\/noticias-villa-maria\/#\/schema\/person\/a0fb9c422317faca23d50163151bc354\",\"name\":\"Contenidos El Regional\",\"image\":{\"@type\":\"ImageObject\",\"inLanguage\":\"es\",\"@id\":\"http:\/\/elregionalvm.com.ar\/noticias-villa-maria\/#\/schema\/person\/image\/\",\"url\":\"https:\/\/secure.gravatar.com\/avatar\/265b27cb2209af7bb3a1318f03305787d7981a5cc6e6cd08fe5a4ecdf99d4b48?s=96&d=mm&r=g\",\"contentUrl\":\"https:\/\/secure.gravatar.com\/avatar\/265b27cb2209af7bb3a1318f03305787d7981a5cc6e6cd08fe5a4ecdf99d4b48?s=96&d=mm&r=g\",\"caption\":\"Contenidos El Regional\"},\"url\":\"https:\/\/elregionalvm.com.ar\/noticias-villa-maria\/author\/contenido\/\"}]}<\/script>\n<!-- \/ Yoast SEO plugin. -->","yoast_head_json":{"title":"[Opini\u00f3n] Consenso fiscal: Otra evidencia del fracaso - El Regional","description":"La firma de un nuevo consenso fiscal deja en evidencia que no alcanza con esperar que la econom\u00eda crezca o se recupere...","robots":{"index":"index","follow":"follow","max-snippet":"max-snippet:-1","max-image-preview":"max-image-preview:large","max-video-preview":"max-video-preview:-1"},"canonical":"http:\/\/elregionalvm.com.ar\/noticias-villa-maria\/opinion-consenso-fiscal-otra-evidencia-del-fracaso\/","og_locale":"es_ES","og_type":"article","og_title":"[Opini\u00f3n] Consenso fiscal: Otra evidencia del fracaso - El Regional","og_description":"La firma de un nuevo consenso fiscal deja en evidencia que no alcanza con esperar que la econom\u00eda crezca o se recupere...","og_url":"http:\/\/elregionalvm.com.ar\/noticias-villa-maria\/opinion-consenso-fiscal-otra-evidencia-del-fracaso\/","og_site_name":"El Regional","article_publisher":"https:\/\/www.facebook.com\/elregionalvm","article_published_time":"2022-01-06T00:21:46+00:00","article_modified_time":"2022-01-07T04:45:47+00:00","og_image":[{"width":950,"height":534,"url":"http:\/\/elregionalvm.com.ar\/noticias-villa-maria\/wp-content\/uploads\/2022\/01\/alberto-fernandez-acordo-con-23-gobernadores-el-consenso-fiscal-.jpg","type":"image\/jpeg"}],"author":"Contenidos El Regional","twitter_card":"summary_large_image","twitter_creator":"@elregionalvm1","twitter_site":"@elregionalvm1","twitter_misc":{"Escrito por":"Contenidos El Regional","Tiempo de lectura":"3 minutos"},"schema":{"@context":"https:\/\/schema.org","@graph":[{"@type":"Article","@id":"http:\/\/elregionalvm.com.ar\/noticias-villa-maria\/opinion-consenso-fiscal-otra-evidencia-del-fracaso\/#article","isPartOf":{"@id":"http:\/\/elregionalvm.com.ar\/noticias-villa-maria\/opinion-consenso-fiscal-otra-evidencia-del-fracaso\/"},"author":{"name":"Contenidos El Regional","@id":"http:\/\/elregionalvm.com.ar\/noticias-villa-maria\/#\/schema\/person\/a0fb9c422317faca23d50163151bc354"},"headline":"[Opini\u00f3n] Consenso fiscal: Otra evidencia del fracaso","datePublished":"2022-01-06T00:21:46+00:00","dateModified":"2022-01-07T04:45:47+00:00","mainEntityOfPage":{"@id":"http:\/\/elregionalvm.com.ar\/noticias-villa-maria\/opinion-consenso-fiscal-otra-evidencia-del-fracaso\/"},"wordCount":623,"commentCount":0,"image":{"@id":"http:\/\/elregionalvm.com.ar\/noticias-villa-maria\/opinion-consenso-fiscal-otra-evidencia-del-fracaso\/#primaryimage"},"thumbnailUrl":"https:\/\/i0.wp.com\/elregionalvm.com.ar\/noticias-villa-maria\/wp-content\/uploads\/2022\/01\/alberto-fernandez-acordo-con-23-gobernadores-el-consenso-fiscal-.jpg?fit=950%2C534&ssl=1","keywords":["Alberto Fern\u00e1ndez","consenso fiscal","Econom\u00eda","Gobierno Nacional","gradualismo","IDESA","impuestos","Ingresos Brutos","pacto fiscal","presi\u00f3n tributaria","Provincias"],"articleSection":["Opini\u00f3n","tercera"],"inLanguage":"es","potentialAction":[{"@type":"CommentAction","name":"Comment","target":["http:\/\/elregionalvm.com.ar\/noticias-villa-maria\/opinion-consenso-fiscal-otra-evidencia-del-fracaso\/#respond"]}]},{"@type":"WebPage","@id":"http:\/\/elregionalvm.com.ar\/noticias-villa-maria\/opinion-consenso-fiscal-otra-evidencia-del-fracaso\/","url":"http:\/\/elregionalvm.com.ar\/noticias-villa-maria\/opinion-consenso-fiscal-otra-evidencia-del-fracaso\/","name":"[Opini\u00f3n] Consenso fiscal: Otra evidencia del fracaso - El Regional","isPartOf":{"@id":"http:\/\/elregionalvm.com.ar\/noticias-villa-maria\/#website"},"primaryImageOfPage":{"@id":"http:\/\/elregionalvm.com.ar\/noticias-villa-maria\/opinion-consenso-fiscal-otra-evidencia-del-fracaso\/#primaryimage"},"image":{"@id":"http:\/\/elregionalvm.com.ar\/noticias-villa-maria\/opinion-consenso-fiscal-otra-evidencia-del-fracaso\/#primaryimage"},"thumbnailUrl":"https:\/\/i0.wp.com\/elregionalvm.com.ar\/noticias-villa-maria\/wp-content\/uploads\/2022\/01\/alberto-fernandez-acordo-con-23-gobernadores-el-consenso-fiscal-.jpg?fit=950%2C534&ssl=1","datePublished":"2022-01-06T00:21:46+00:00","dateModified":"2022-01-07T04:45:47+00:00","author":{"@id":"http:\/\/elregionalvm.com.ar\/noticias-villa-maria\/#\/schema\/person\/a0fb9c422317faca23d50163151bc354"},"description":"La firma de un nuevo consenso fiscal deja en evidencia que no alcanza con esperar que la econom\u00eda crezca o se recupere...","breadcrumb":{"@id":"http:\/\/elregionalvm.com.ar\/noticias-villa-maria\/opinion-consenso-fiscal-otra-evidencia-del-fracaso\/#breadcrumb"},"inLanguage":"es","potentialAction":[{"@type":"ReadAction","target":["http:\/\/elregionalvm.com.ar\/noticias-villa-maria\/opinion-consenso-fiscal-otra-evidencia-del-fracaso\/"]}]},{"@type":"ImageObject","inLanguage":"es","@id":"http:\/\/elregionalvm.com.ar\/noticias-villa-maria\/opinion-consenso-fiscal-otra-evidencia-del-fracaso\/#primaryimage","url":"https:\/\/i0.wp.com\/elregionalvm.com.ar\/noticias-villa-maria\/wp-content\/uploads\/2022\/01\/alberto-fernandez-acordo-con-23-gobernadores-el-consenso-fiscal-.jpg?fit=950%2C534&ssl=1","contentUrl":"https:\/\/i0.wp.com\/elregionalvm.com.ar\/noticias-villa-maria\/wp-content\/uploads\/2022\/01\/alberto-fernandez-acordo-con-23-gobernadores-el-consenso-fiscal-.jpg?fit=950%2C534&ssl=1","width":950,"height":534},{"@type":"BreadcrumbList","@id":"http:\/\/elregionalvm.com.ar\/noticias-villa-maria\/opinion-consenso-fiscal-otra-evidencia-del-fracaso\/#breadcrumb","itemListElement":[{"@type":"ListItem","position":1,"name":"Portada","item":"https:\/\/elregionalvm.com.ar\/noticias-villa-maria\/"},{"@type":"ListItem","position":2,"name":"[Opini\u00f3n] Consenso fiscal: Otra evidencia del fracaso"}]},{"@type":"WebSite","@id":"http:\/\/elregionalvm.com.ar\/noticias-villa-maria\/#website","url":"http:\/\/elregionalvm.com.ar\/noticias-villa-maria\/","name":"El Regional","description":"Mucho m\u00e1s que informaci\u00f3n","potentialAction":[{"@type":"SearchAction","target":{"@type":"EntryPoint","urlTemplate":"http:\/\/elregionalvm.com.ar\/noticias-villa-maria\/?s={search_term_string}"},"query-input":{"@type":"PropertyValueSpecification","valueRequired":true,"valueName":"search_term_string"}}],"inLanguage":"es"},{"@type":"Person","@id":"http:\/\/elregionalvm.com.ar\/noticias-villa-maria\/#\/schema\/person\/a0fb9c422317faca23d50163151bc354","name":"Contenidos El Regional","image":{"@type":"ImageObject","inLanguage":"es","@id":"http:\/\/elregionalvm.com.ar\/noticias-villa-maria\/#\/schema\/person\/image\/","url":"https:\/\/secure.gravatar.com\/avatar\/265b27cb2209af7bb3a1318f03305787d7981a5cc6e6cd08fe5a4ecdf99d4b48?s=96&d=mm&r=g","contentUrl":"https:\/\/secure.gravatar.com\/avatar\/265b27cb2209af7bb3a1318f03305787d7981a5cc6e6cd08fe5a4ecdf99d4b48?s=96&d=mm&r=g","caption":"Contenidos El Regional"},"url":"https:\/\/elregionalvm.com.ar\/noticias-villa-maria\/author\/contenido\/"}]}},"jetpack_featured_media_url":"https:\/\/i0.wp.com\/elregionalvm.com.ar\/noticias-villa-maria\/wp-content\/uploads\/2022\/01\/alberto-fernandez-acordo-con-23-gobernadores-el-consenso-fiscal-.jpg?fit=950%2C534&ssl=1","jetpack_sharing_enabled":true,"_links":{"self":[{"href":"https:\/\/elregionalvm.com.ar\/noticias-villa-maria\/wp-json\/wp\/v2\/posts\/50748","targetHints":{"allow":["GET"]}}],"collection":[{"href":"https:\/\/elregionalvm.com.ar\/noticias-villa-maria\/wp-json\/wp\/v2\/posts"}],"about":[{"href":"https:\/\/elregionalvm.com.ar\/noticias-villa-maria\/wp-json\/wp\/v2\/types\/post"}],"author":[{"embeddable":true,"href":"https:\/\/elregionalvm.com.ar\/noticias-villa-maria\/wp-json\/wp\/v2\/users\/4"}],"replies":[{"embeddable":true,"href":"https:\/\/elregionalvm.com.ar\/noticias-villa-maria\/wp-json\/wp\/v2\/comments?post=50748"}],"version-history":[{"count":2,"href":"https:\/\/elregionalvm.com.ar\/noticias-villa-maria\/wp-json\/wp\/v2\/posts\/50748\/revisions"}],"predecessor-version":[{"id":50751,"href":"https:\/\/elregionalvm.com.ar\/noticias-villa-maria\/wp-json\/wp\/v2\/posts\/50748\/revisions\/50751"}],"wp:featuredmedia":[{"embeddable":true,"href":"https:\/\/elregionalvm.com.ar\/noticias-villa-maria\/wp-json\/wp\/v2\/media\/50750"}],"wp:attachment":[{"href":"https:\/\/elregionalvm.com.ar\/noticias-villa-maria\/wp-json\/wp\/v2\/media?parent=50748"}],"wp:term":[{"taxonomy":"category","embeddable":true,"href":"https:\/\/elregionalvm.com.ar\/noticias-villa-maria\/wp-json\/wp\/v2\/categories?post=50748"},{"taxonomy":"post_tag","embeddable":true,"href":"https:\/\/elregionalvm.com.ar\/noticias-villa-maria\/wp-json\/wp\/v2\/tags?post=50748"}],"curies":[{"name":"wp","href":"https:\/\/api.w.org\/{rel}","templated":true}]}}