{"id":50763,"date":"2022-01-06T02:30:47","date_gmt":"2022-01-06T02:30:47","guid":{"rendered":"https:\/\/elregionalvm.com.ar\/noticias-villa-maria\/?p=50763"},"modified":"2022-01-06T02:31:02","modified_gmt":"2022-01-06T02:31:02","slug":"un-autentico-campeon-atletico-ticino-logro-su-quinto-titulo-de-la-liga-villamariense","status":"publish","type":"post","link":"https:\/\/elregionalvm.com.ar\/noticias-villa-maria\/un-autentico-campeon-atletico-ticino-logro-su-quinto-titulo-de-la-liga-villamariense\/","title":{"rendered":"Un aut\u00e9ntico camp\u00e9on: Atl\u00e9tico Ticino logr\u00f3 su quinto t\u00edtulo de la Liga Villamariense"},"content":{"rendered":"\n<p>Con un resultado global de 3 a 0, Atl\u00e9tico Ticino se impuso a Hip\u00f3lito Yrigoyen de T\u00edo Pujio y se consagr\u00f3 camp\u00e9on del torneo apertura \u00abCacho Fiandino\u00bb de la Liga Villamariense de F\u00fatbol.<\/p>\n\n\n\n<p>De esta manera, consigui\u00f3 su quinto t\u00edtulo, cuatro de estos obtenidos en los \u00faltimos a\u00f1os.<\/p>\n\n\n\n<figure class=\"wp-block-gallery columns-1 is-cropped wp-block-gallery-1 is-layout-flex wp-block-gallery-is-layout-flex\"><ul class=\"blocks-gallery-grid\"><li class=\"blocks-gallery-item\"><figure><img data-recalc-dims=\"1\" fetchpriority=\"high\" decoding=\"async\" width=\"1024\" height=\"589\" src=\"https:\/\/i0.wp.com\/elregionalvm.com.ar\/noticias-villa-maria\/wp-content\/uploads\/2022\/01\/Atletico-Ticino-final-Tio-Pujio-2022-1.jpg?resize=1024%2C589&#038;ssl=1\" alt=\"\" data-id=\"50767\" data-full-url=\"https:\/\/elregionalvm.com.ar\/noticias-villa-maria\/wp-content\/uploads\/2022\/01\/Atletico-Ticino-final-Tio-Pujio-2022-1.jpg\" data-link=\"https:\/\/elregionalvm.com.ar\/noticias-villa-maria\/?attachment_id=50767\" class=\"wp-image-50767\" srcset=\"https:\/\/i0.wp.com\/elregionalvm.com.ar\/noticias-villa-maria\/wp-content\/uploads\/2022\/01\/Atletico-Ticino-final-Tio-Pujio-2022-1.jpg?resize=1024%2C589&amp;ssl=1 1024w, https:\/\/i0.wp.com\/elregionalvm.com.ar\/noticias-villa-maria\/wp-content\/uploads\/2022\/01\/Atletico-Ticino-final-Tio-Pujio-2022-1.jpg?resize=300%2C173&amp;ssl=1 300w, https:\/\/i0.wp.com\/elregionalvm.com.ar\/noticias-villa-maria\/wp-content\/uploads\/2022\/01\/Atletico-Ticino-final-Tio-Pujio-2022-1.jpg?resize=768%2C442&amp;ssl=1 768w, https:\/\/i0.wp.com\/elregionalvm.com.ar\/noticias-villa-maria\/wp-content\/uploads\/2022\/01\/Atletico-Ticino-final-Tio-Pujio-2022-1.jpg?w=1419&amp;ssl=1 1419w\" sizes=\"(max-width: 1000px) 100vw, 1000px\" \/><\/figure><\/li><\/ul><\/figure>\n\n\n\n<figure class=\"wp-block-gallery columns-1 is-cropped wp-block-gallery-2 is-layout-flex wp-block-gallery-is-layout-flex\"><ul class=\"blocks-gallery-grid\"><li class=\"blocks-gallery-item\"><figure><img data-recalc-dims=\"1\" decoding=\"async\" width=\"720\" height=\"393\" src=\"https:\/\/i0.wp.com\/elregionalvm.com.ar\/noticias-villa-maria\/wp-content\/uploads\/2022\/01\/WhatsApp-Image-2022-01-05-at-11.16.24-PM-1.jpeg?resize=720%2C393&#038;ssl=1\" alt=\"\" data-id=\"50769\" data-full-url=\"https:\/\/elregionalvm.com.ar\/noticias-villa-maria\/wp-content\/uploads\/2022\/01\/WhatsApp-Image-2022-01-05-at-11.16.24-PM-1.jpeg\" data-link=\"https:\/\/elregionalvm.com.ar\/noticias-villa-maria\/?attachment_id=50769\" class=\"wp-image-50769\" srcset=\"https:\/\/i0.wp.com\/elregionalvm.com.ar\/noticias-villa-maria\/wp-content\/uploads\/2022\/01\/WhatsApp-Image-2022-01-05-at-11.16.24-PM-1.jpeg?w=720&amp;ssl=1 720w, https:\/\/i0.wp.com\/elregionalvm.com.ar\/noticias-villa-maria\/wp-content\/uploads\/2022\/01\/WhatsApp-Image-2022-01-05-at-11.16.24-PM-1.jpeg?resize=300%2C164&amp;ssl=1 300w\" sizes=\"(max-width: 720px) 100vw, 720px\" \/><\/figure><\/li><\/ul><\/figure>\n\n\n\n<p>Con un plantel integrado en su mayor\u00eda por j\u00f3venes futbolistas locales y de la mano del \u00eddolo local Ayrton P\u00e1ez, quien marc\u00f3 el gol consagratorio en la noche de esta mi\u00e9rcoles, cosech\u00f3 lo que sembr\u00f3 a lo largo de todo el torneo.<\/p>\n\n\n\n<p>Con buen juego, resultados acordes y un rendimiento sobresaliente en toda la extensi\u00f3n del campeonato, hoy disfruta de ser nuevamente el mejor equipo de la Liga Villamariense. Y suma una estrella m\u00e1s a su camiseta. <\/p>\n\n\n\n<p>\u00a1Salud, campe\u00f3n!<\/p>\n\n\n\n<p><\/p>\n\n\n\n<p><\/p>\n\n\n\n<figure class=\"wp-block-image size-large\"><img data-recalc-dims=\"1\" decoding=\"async\" width=\"1024\" height=\"576\" src=\"https:\/\/i0.wp.com\/elregionalvm.com.ar\/noticias-villa-maria\/wp-content\/uploads\/2022\/01\/Ticino-campeon-2021-escudo-1024x576.jpg?resize=1024%2C576&#038;ssl=1\" alt=\"\" class=\"wp-image-50764\" srcset=\"https:\/\/i0.wp.com\/elregionalvm.com.ar\/noticias-villa-maria\/wp-content\/uploads\/2022\/01\/Ticino-campeon-2021-escudo.jpg?resize=1024%2C576&amp;ssl=1 1024w, https:\/\/i0.wp.com\/elregionalvm.com.ar\/noticias-villa-maria\/wp-content\/uploads\/2022\/01\/Ticino-campeon-2021-escudo.jpg?resize=300%2C169&amp;ssl=1 300w, https:\/\/i0.wp.com\/elregionalvm.com.ar\/noticias-villa-maria\/wp-content\/uploads\/2022\/01\/Ticino-campeon-2021-escudo.jpg?resize=768%2C432&amp;ssl=1 768w, https:\/\/i0.wp.com\/elregionalvm.com.ar\/noticias-villa-maria\/wp-content\/uploads\/2022\/01\/Ticino-campeon-2021-escudo.jpg?resize=1536%2C864&amp;ssl=1 1536w, https:\/\/i0.wp.com\/elregionalvm.com.ar\/noticias-villa-maria\/wp-content\/uploads\/2022\/01\/Ticino-campeon-2021-escudo.jpg?w=1599&amp;ssl=1 1599w\" sizes=\"(max-width: 1000px) 100vw, 1000px\" \/><figcaption><em>La imagen con la que el club celebr\u00f3 el nuevo campeonato y una estrella m\u00e1s en la camiseta. <\/em><\/figcaption><\/figure>\n\n\n\n<p><\/p>\n","protected":false},"excerpt":{"rendered":"<p>Con un resultado global de 3 a 0, Atl\u00e9tico Ticino se impuso a Hip\u00f3lito Yrigoyen de T\u00edo Pujio y se consagr\u00f3 camp\u00e9on del torneo apertura \u00abCacho Fiandino\u00bb de la Liga Villamariense de F\u00fatbol. De esta manera, consigui\u00f3 su quinto t\u00edtulo, cuatro de estos obtenidos en los \u00faltimos a\u00f1os. Con un plantel integrado en su mayor\u00eda [&hellip;]<\/p>\n","protected":false},"author":4,"featured_media":50765,"comment_status":"open","ping_status":"open","sticky":false,"template":"","format":"standard","meta":{"site-sidebar-layout":"default","site-content-layout":"default","ast-site-content-layout":"default","site-content-style":"default","site-sidebar-style":"default","ast-global-header-display":"","ast-banner-title-visibility":"","ast-main-header-display":"","ast-hfb-above-header-display":"","ast-hfb-below-header-display":"","ast-hfb-mobile-header-display":"","site-post-title":"","ast-breadcrumbs-content":"","ast-featured-img":"","footer-sml-layout":"","ast-disable-related-posts":"","theme-transparent-header-meta":"default","adv-header-id-meta":"","stick-header-meta":"","header-above-stick-meta":"","header-main-stick-meta":"","header-below-stick-meta":"","astra-migrate-meta-layouts":"default","ast-page-background-enabled":"default","ast-page-background-meta":{"desktop":{"background-color":"","background-image":"","background-repeat":"repeat","background-position":"center center","background-size":"auto","background-attachment":"scroll","background-type":"","background-media":"","overlay-type":"","overlay-color":"","overlay-opacity":"","overlay-gradient":""},"tablet":{"background-color":"","background-image":"","background-repeat":"repeat","background-position":"center center","background-size":"auto","background-attachment":"scroll","background-type":"","background-media":"","overlay-type":"","overlay-color":"","overlay-opacity":"","overlay-gradient":""},"mobile":{"background-color":"","background-image":"","background-repeat":"repeat","background-position":"center center","background-size":"auto","background-attachment":"scroll","background-type":"","background-media":"","overlay-type":"","overlay-color":"","overlay-opacity":"","overlay-gradient":""}},"ast-content-background-meta":{"desktop":{"background-color":"var(--ast-global-color-5)","background-image":"","background-repeat":"repeat","background-position":"center center","background-size":"auto","background-attachment":"scroll","background-type":"","background-media":"","overlay-type":"","overlay-color":"","overlay-opacity":"","overlay-gradient":""},"tablet":{"background-color":"var(--ast-global-color-5)","background-image":"","background-repeat":"repeat","background-position":"center center","background-size":"auto","background-attachment":"scroll","background-type":"","background-media":"","overlay-type":"","overlay-color":"","overlay-opacity":"","overlay-gradient":""},"mobile":{"background-color":"var(--ast-global-color-5)","background-image":"","background-repeat":"repeat","background-position":"center center","background-size":"auto","background-attachment":"scroll","background-type":"","background-media":"","overlay-type":"","overlay-color":"","overlay-opacity":"","overlay-gradient":""}},"_jetpack_memberships_contains_paid_content":false,"_joinchat":[],"footnotes":""},"categories":[2091],"tags":[1256,149,1232,340,12027,6672,13128,598,2578,13129,6432],"class_list":["post-50763","post","type-post","status-publish","format-standard","has-post-thumbnail","hentry","category-region","tag-atletico-ticino","tag-campeon","tag-destacado","tag-futbol","tag-hipolito-yrigoyen","tag-liga-villamariense-de-futbol","tag-quinta-estrella","tag-ticino","tag-tio-pujio","tag-titulo","tag-torneo"],"yoast_head":"<!-- This site is optimized with the Yoast SEO plugin v26.8 - https:\/\/yoast.com\/product\/yoast-seo-wordpress\/ -->\n<title>Un aut\u00e9ntico camp\u00e9on: Atl\u00e9tico Ticino logr\u00f3 su quinto t\u00edtulo de la Liga Villamariense - El Regional<\/title>\n<meta name=\"robots\" content=\"index, follow, max-snippet:-1, max-image-preview:large, max-video-preview:-1\" \/>\n<link rel=\"canonical\" href=\"http:\/\/elregionalvm.com.ar\/noticias-villa-maria\/un-autentico-campeon-atletico-ticino-logro-su-quinto-titulo-de-la-liga-villamariense\/\" \/>\n<meta property=\"og:locale\" content=\"es_ES\" \/>\n<meta property=\"og:type\" content=\"article\" \/>\n<meta property=\"og:title\" content=\"Un aut\u00e9ntico camp\u00e9on: Atl\u00e9tico Ticino logr\u00f3 su quinto t\u00edtulo de la Liga Villamariense - El Regional\" \/>\n<meta property=\"og:description\" content=\"Con un resultado global de 3 a 0, Atl\u00e9tico Ticino se impuso a Hip\u00f3lito Yrigoyen de T\u00edo Pujio y se consagr\u00f3 camp\u00e9on del torneo apertura \u00abCacho Fiandino\u00bb de la Liga Villamariense de F\u00fatbol. De esta manera, consigui\u00f3 su quinto t\u00edtulo, cuatro de estos obtenidos en los \u00faltimos a\u00f1os. Con un plantel integrado en su mayor\u00eda [&hellip;]\" \/>\n<meta property=\"og:url\" content=\"http:\/\/elregionalvm.com.ar\/noticias-villa-maria\/un-autentico-campeon-atletico-ticino-logro-su-quinto-titulo-de-la-liga-villamariense\/\" \/>\n<meta property=\"og:site_name\" content=\"El Regional\" \/>\n<meta property=\"article:publisher\" content=\"https:\/\/www.facebook.com\/elregionalvm\" \/>\n<meta property=\"article:published_time\" content=\"2022-01-06T02:30:47+00:00\" \/>\n<meta property=\"article:modified_time\" content=\"2022-01-06T02:31:02+00:00\" \/>\n<meta property=\"og:image\" content=\"http:\/\/elregionalvm.com.ar\/noticias-villa-maria\/wp-content\/uploads\/2022\/01\/Atletico-Ticino-equipo-2021.jpg\" \/>\n\t<meta property=\"og:image:width\" content=\"1439\" \/>\n\t<meta property=\"og:image:height\" content=\"846\" \/>\n\t<meta property=\"og:image:type\" content=\"image\/jpeg\" \/>\n<meta name=\"author\" content=\"Contenidos El Regional\" \/>\n<meta name=\"twitter:card\" content=\"summary_large_image\" \/>\n<meta name=\"twitter:creator\" content=\"@elregionalvm1\" \/>\n<meta name=\"twitter:site\" content=\"@elregionalvm1\" \/>\n<meta name=\"twitter:label1\" content=\"Escrito por\" \/>\n\t<meta name=\"twitter:data1\" content=\"Contenidos El Regional\" \/>\n\t<meta name=\"twitter:label2\" content=\"Tiempo de lectura\" \/>\n\t<meta name=\"twitter:data2\" content=\"2 minutos\" \/>\n<script type=\"application\/ld+json\" class=\"yoast-schema-graph\">{\"@context\":\"https:\/\/schema.org\",\"@graph\":[{\"@type\":\"Article\",\"@id\":\"http:\/\/elregionalvm.com.ar\/noticias-villa-maria\/un-autentico-campeon-atletico-ticino-logro-su-quinto-titulo-de-la-liga-villamariense\/#article\",\"isPartOf\":{\"@id\":\"http:\/\/elregionalvm.com.ar\/noticias-villa-maria\/un-autentico-campeon-atletico-ticino-logro-su-quinto-titulo-de-la-liga-villamariense\/\"},\"author\":{\"name\":\"Contenidos El Regional\",\"@id\":\"http:\/\/elregionalvm.com.ar\/noticias-villa-maria\/#\/schema\/person\/a0fb9c422317faca23d50163151bc354\"},\"headline\":\"Un aut\u00e9ntico camp\u00e9on: Atl\u00e9tico Ticino logr\u00f3 su quinto t\u00edtulo de la Liga Villamariense\",\"datePublished\":\"2022-01-06T02:30:47+00:00\",\"dateModified\":\"2022-01-06T02:31:02+00:00\",\"mainEntityOfPage\":{\"@id\":\"http:\/\/elregionalvm.com.ar\/noticias-villa-maria\/un-autentico-campeon-atletico-ticino-logro-su-quinto-titulo-de-la-liga-villamariense\/\"},\"wordCount\":175,\"commentCount\":0,\"image\":{\"@id\":\"http:\/\/elregionalvm.com.ar\/noticias-villa-maria\/un-autentico-campeon-atletico-ticino-logro-su-quinto-titulo-de-la-liga-villamariense\/#primaryimage\"},\"thumbnailUrl\":\"https:\/\/i0.wp.com\/elregionalvm.com.ar\/noticias-villa-maria\/wp-content\/uploads\/2022\/01\/Atletico-Ticino-equipo-2021.jpg?fit=1439%2C846&ssl=1\",\"keywords\":[\"Atl\u00e9tico Ticino\",\"campe\u00f3n\",\"destacado\",\"f\u00fatbol\",\"Hip\u00f3lito Yrigoyen\",\"Liga Villamariense de F\u00fatbol\",\"quinta estrella\",\"Ticino\",\"T\u00edo Pujio\",\"t\u00edtulo\",\"Torneo\"],\"articleSection\":[\"Regi\u00f3n\"],\"inLanguage\":\"es\",\"potentialAction\":[{\"@type\":\"CommentAction\",\"name\":\"Comment\",\"target\":[\"http:\/\/elregionalvm.com.ar\/noticias-villa-maria\/un-autentico-campeon-atletico-ticino-logro-su-quinto-titulo-de-la-liga-villamariense\/#respond\"]}]},{\"@type\":\"WebPage\",\"@id\":\"http:\/\/elregionalvm.com.ar\/noticias-villa-maria\/un-autentico-campeon-atletico-ticino-logro-su-quinto-titulo-de-la-liga-villamariense\/\",\"url\":\"http:\/\/elregionalvm.com.ar\/noticias-villa-maria\/un-autentico-campeon-atletico-ticino-logro-su-quinto-titulo-de-la-liga-villamariense\/\",\"name\":\"Un aut\u00e9ntico camp\u00e9on: Atl\u00e9tico Ticino logr\u00f3 su quinto t\u00edtulo de la Liga Villamariense - El Regional\",\"isPartOf\":{\"@id\":\"http:\/\/elregionalvm.com.ar\/noticias-villa-maria\/#website\"},\"primaryImageOfPage\":{\"@id\":\"http:\/\/elregionalvm.com.ar\/noticias-villa-maria\/un-autentico-campeon-atletico-ticino-logro-su-quinto-titulo-de-la-liga-villamariense\/#primaryimage\"},\"image\":{\"@id\":\"http:\/\/elregionalvm.com.ar\/noticias-villa-maria\/un-autentico-campeon-atletico-ticino-logro-su-quinto-titulo-de-la-liga-villamariense\/#primaryimage\"},\"thumbnailUrl\":\"https:\/\/i0.wp.com\/elregionalvm.com.ar\/noticias-villa-maria\/wp-content\/uploads\/2022\/01\/Atletico-Ticino-equipo-2021.jpg?fit=1439%2C846&ssl=1\",\"datePublished\":\"2022-01-06T02:30:47+00:00\",\"dateModified\":\"2022-01-06T02:31:02+00:00\",\"author\":{\"@id\":\"http:\/\/elregionalvm.com.ar\/noticias-villa-maria\/#\/schema\/person\/a0fb9c422317faca23d50163151bc354\"},\"breadcrumb\":{\"@id\":\"http:\/\/elregionalvm.com.ar\/noticias-villa-maria\/un-autentico-campeon-atletico-ticino-logro-su-quinto-titulo-de-la-liga-villamariense\/#breadcrumb\"},\"inLanguage\":\"es\",\"potentialAction\":[{\"@type\":\"ReadAction\",\"target\":[\"http:\/\/elregionalvm.com.ar\/noticias-villa-maria\/un-autentico-campeon-atletico-ticino-logro-su-quinto-titulo-de-la-liga-villamariense\/\"]}]},{\"@type\":\"ImageObject\",\"inLanguage\":\"es\",\"@id\":\"http:\/\/elregionalvm.com.ar\/noticias-villa-maria\/un-autentico-campeon-atletico-ticino-logro-su-quinto-titulo-de-la-liga-villamariense\/#primaryimage\",\"url\":\"https:\/\/i0.wp.com\/elregionalvm.com.ar\/noticias-villa-maria\/wp-content\/uploads\/2022\/01\/Atletico-Ticino-equipo-2021.jpg?fit=1439%2C846&ssl=1\",\"contentUrl\":\"https:\/\/i0.wp.com\/elregionalvm.com.ar\/noticias-villa-maria\/wp-content\/uploads\/2022\/01\/Atletico-Ticino-equipo-2021.jpg?fit=1439%2C846&ssl=1\",\"width\":1439,\"height\":846},{\"@type\":\"BreadcrumbList\",\"@id\":\"http:\/\/elregionalvm.com.ar\/noticias-villa-maria\/un-autentico-campeon-atletico-ticino-logro-su-quinto-titulo-de-la-liga-villamariense\/#breadcrumb\",\"itemListElement\":[{\"@type\":\"ListItem\",\"position\":1,\"name\":\"Portada\",\"item\":\"https:\/\/elregionalvm.com.ar\/noticias-villa-maria\/\"},{\"@type\":\"ListItem\",\"position\":2,\"name\":\"Un aut\u00e9ntico camp\u00e9on: Atl\u00e9tico Ticino logr\u00f3 su quinto t\u00edtulo de la Liga Villamariense\"}]},{\"@type\":\"WebSite\",\"@id\":\"http:\/\/elregionalvm.com.ar\/noticias-villa-maria\/#website\",\"url\":\"http:\/\/elregionalvm.com.ar\/noticias-villa-maria\/\",\"name\":\"El Regional\",\"description\":\"Mucho m\u00e1s que informaci\u00f3n\",\"potentialAction\":[{\"@type\":\"SearchAction\",\"target\":{\"@type\":\"EntryPoint\",\"urlTemplate\":\"http:\/\/elregionalvm.com.ar\/noticias-villa-maria\/?s={search_term_string}\"},\"query-input\":{\"@type\":\"PropertyValueSpecification\",\"valueRequired\":true,\"valueName\":\"search_term_string\"}}],\"inLanguage\":\"es\"},{\"@type\":\"Person\",\"@id\":\"http:\/\/elregionalvm.com.ar\/noticias-villa-maria\/#\/schema\/person\/a0fb9c422317faca23d50163151bc354\",\"name\":\"Contenidos El Regional\",\"image\":{\"@type\":\"ImageObject\",\"inLanguage\":\"es\",\"@id\":\"http:\/\/elregionalvm.com.ar\/noticias-villa-maria\/#\/schema\/person\/image\/\",\"url\":\"https:\/\/secure.gravatar.com\/avatar\/265b27cb2209af7bb3a1318f03305787d7981a5cc6e6cd08fe5a4ecdf99d4b48?s=96&d=mm&r=g\",\"contentUrl\":\"https:\/\/secure.gravatar.com\/avatar\/265b27cb2209af7bb3a1318f03305787d7981a5cc6e6cd08fe5a4ecdf99d4b48?s=96&d=mm&r=g\",\"caption\":\"Contenidos El Regional\"},\"url\":\"https:\/\/elregionalvm.com.ar\/noticias-villa-maria\/author\/contenido\/\"}]}<\/script>\n<!-- \/ Yoast SEO plugin. -->","yoast_head_json":{"title":"Un aut\u00e9ntico camp\u00e9on: Atl\u00e9tico Ticino logr\u00f3 su quinto t\u00edtulo de la Liga Villamariense - El Regional","robots":{"index":"index","follow":"follow","max-snippet":"max-snippet:-1","max-image-preview":"max-image-preview:large","max-video-preview":"max-video-preview:-1"},"canonical":"http:\/\/elregionalvm.com.ar\/noticias-villa-maria\/un-autentico-campeon-atletico-ticino-logro-su-quinto-titulo-de-la-liga-villamariense\/","og_locale":"es_ES","og_type":"article","og_title":"Un aut\u00e9ntico camp\u00e9on: Atl\u00e9tico Ticino logr\u00f3 su quinto t\u00edtulo de la Liga Villamariense - El Regional","og_description":"Con un resultado global de 3 a 0, Atl\u00e9tico Ticino se impuso a Hip\u00f3lito Yrigoyen de T\u00edo Pujio y se consagr\u00f3 camp\u00e9on del torneo apertura \u00abCacho Fiandino\u00bb de la Liga Villamariense de F\u00fatbol. De esta manera, consigui\u00f3 su quinto t\u00edtulo, cuatro de estos obtenidos en los \u00faltimos a\u00f1os. Con un plantel integrado en su mayor\u00eda [&hellip;]","og_url":"http:\/\/elregionalvm.com.ar\/noticias-villa-maria\/un-autentico-campeon-atletico-ticino-logro-su-quinto-titulo-de-la-liga-villamariense\/","og_site_name":"El Regional","article_publisher":"https:\/\/www.facebook.com\/elregionalvm","article_published_time":"2022-01-06T02:30:47+00:00","article_modified_time":"2022-01-06T02:31:02+00:00","og_image":[{"width":1439,"height":846,"url":"http:\/\/elregionalvm.com.ar\/noticias-villa-maria\/wp-content\/uploads\/2022\/01\/Atletico-Ticino-equipo-2021.jpg","type":"image\/jpeg"}],"author":"Contenidos El Regional","twitter_card":"summary_large_image","twitter_creator":"@elregionalvm1","twitter_site":"@elregionalvm1","twitter_misc":{"Escrito por":"Contenidos El Regional","Tiempo de lectura":"2 minutos"},"schema":{"@context":"https:\/\/schema.org","@graph":[{"@type":"Article","@id":"http:\/\/elregionalvm.com.ar\/noticias-villa-maria\/un-autentico-campeon-atletico-ticino-logro-su-quinto-titulo-de-la-liga-villamariense\/#article","isPartOf":{"@id":"http:\/\/elregionalvm.com.ar\/noticias-villa-maria\/un-autentico-campeon-atletico-ticino-logro-su-quinto-titulo-de-la-liga-villamariense\/"},"author":{"name":"Contenidos El Regional","@id":"http:\/\/elregionalvm.com.ar\/noticias-villa-maria\/#\/schema\/person\/a0fb9c422317faca23d50163151bc354"},"headline":"Un aut\u00e9ntico camp\u00e9on: Atl\u00e9tico Ticino logr\u00f3 su quinto t\u00edtulo de la Liga Villamariense","datePublished":"2022-01-06T02:30:47+00:00","dateModified":"2022-01-06T02:31:02+00:00","mainEntityOfPage":{"@id":"http:\/\/elregionalvm.com.ar\/noticias-villa-maria\/un-autentico-campeon-atletico-ticino-logro-su-quinto-titulo-de-la-liga-villamariense\/"},"wordCount":175,"commentCount":0,"image":{"@id":"http:\/\/elregionalvm.com.ar\/noticias-villa-maria\/un-autentico-campeon-atletico-ticino-logro-su-quinto-titulo-de-la-liga-villamariense\/#primaryimage"},"thumbnailUrl":"https:\/\/i0.wp.com\/elregionalvm.com.ar\/noticias-villa-maria\/wp-content\/uploads\/2022\/01\/Atletico-Ticino-equipo-2021.jpg?fit=1439%2C846&ssl=1","keywords":["Atl\u00e9tico Ticino","campe\u00f3n","destacado","f\u00fatbol","Hip\u00f3lito Yrigoyen","Liga Villamariense de F\u00fatbol","quinta estrella","Ticino","T\u00edo Pujio","t\u00edtulo","Torneo"],"articleSection":["Regi\u00f3n"],"inLanguage":"es","potentialAction":[{"@type":"CommentAction","name":"Comment","target":["http:\/\/elregionalvm.com.ar\/noticias-villa-maria\/un-autentico-campeon-atletico-ticino-logro-su-quinto-titulo-de-la-liga-villamariense\/#respond"]}]},{"@type":"WebPage","@id":"http:\/\/elregionalvm.com.ar\/noticias-villa-maria\/un-autentico-campeon-atletico-ticino-logro-su-quinto-titulo-de-la-liga-villamariense\/","url":"http:\/\/elregionalvm.com.ar\/noticias-villa-maria\/un-autentico-campeon-atletico-ticino-logro-su-quinto-titulo-de-la-liga-villamariense\/","name":"Un aut\u00e9ntico camp\u00e9on: Atl\u00e9tico Ticino logr\u00f3 su quinto t\u00edtulo de la Liga Villamariense - El Regional","isPartOf":{"@id":"http:\/\/elregionalvm.com.ar\/noticias-villa-maria\/#website"},"primaryImageOfPage":{"@id":"http:\/\/elregionalvm.com.ar\/noticias-villa-maria\/un-autentico-campeon-atletico-ticino-logro-su-quinto-titulo-de-la-liga-villamariense\/#primaryimage"},"image":{"@id":"http:\/\/elregionalvm.com.ar\/noticias-villa-maria\/un-autentico-campeon-atletico-ticino-logro-su-quinto-titulo-de-la-liga-villamariense\/#primaryimage"},"thumbnailUrl":"https:\/\/i0.wp.com\/elregionalvm.com.ar\/noticias-villa-maria\/wp-content\/uploads\/2022\/01\/Atletico-Ticino-equipo-2021.jpg?fit=1439%2C846&ssl=1","datePublished":"2022-01-06T02:30:47+00:00","dateModified":"2022-01-06T02:31:02+00:00","author":{"@id":"http:\/\/elregionalvm.com.ar\/noticias-villa-maria\/#\/schema\/person\/a0fb9c422317faca23d50163151bc354"},"breadcrumb":{"@id":"http:\/\/elregionalvm.com.ar\/noticias-villa-maria\/un-autentico-campeon-atletico-ticino-logro-su-quinto-titulo-de-la-liga-villamariense\/#breadcrumb"},"inLanguage":"es","potentialAction":[{"@type":"ReadAction","target":["http:\/\/elregionalvm.com.ar\/noticias-villa-maria\/un-autentico-campeon-atletico-ticino-logro-su-quinto-titulo-de-la-liga-villamariense\/"]}]},{"@type":"ImageObject","inLanguage":"es","@id":"http:\/\/elregionalvm.com.ar\/noticias-villa-maria\/un-autentico-campeon-atletico-ticino-logro-su-quinto-titulo-de-la-liga-villamariense\/#primaryimage","url":"https:\/\/i0.wp.com\/elregionalvm.com.ar\/noticias-villa-maria\/wp-content\/uploads\/2022\/01\/Atletico-Ticino-equipo-2021.jpg?fit=1439%2C846&ssl=1","contentUrl":"https:\/\/i0.wp.com\/elregionalvm.com.ar\/noticias-villa-maria\/wp-content\/uploads\/2022\/01\/Atletico-Ticino-equipo-2021.jpg?fit=1439%2C846&ssl=1","width":1439,"height":846},{"@type":"BreadcrumbList","@id":"http:\/\/elregionalvm.com.ar\/noticias-villa-maria\/un-autentico-campeon-atletico-ticino-logro-su-quinto-titulo-de-la-liga-villamariense\/#breadcrumb","itemListElement":[{"@type":"ListItem","position":1,"name":"Portada","item":"https:\/\/elregionalvm.com.ar\/noticias-villa-maria\/"},{"@type":"ListItem","position":2,"name":"Un aut\u00e9ntico camp\u00e9on: Atl\u00e9tico Ticino logr\u00f3 su quinto t\u00edtulo de la Liga Villamariense"}]},{"@type":"WebSite","@id":"http:\/\/elregionalvm.com.ar\/noticias-villa-maria\/#website","url":"http:\/\/elregionalvm.com.ar\/noticias-villa-maria\/","name":"El Regional","description":"Mucho m\u00e1s que informaci\u00f3n","potentialAction":[{"@type":"SearchAction","target":{"@type":"EntryPoint","urlTemplate":"http:\/\/elregionalvm.com.ar\/noticias-villa-maria\/?s={search_term_string}"},"query-input":{"@type":"PropertyValueSpecification","valueRequired":true,"valueName":"search_term_string"}}],"inLanguage":"es"},{"@type":"Person","@id":"http:\/\/elregionalvm.com.ar\/noticias-villa-maria\/#\/schema\/person\/a0fb9c422317faca23d50163151bc354","name":"Contenidos El Regional","image":{"@type":"ImageObject","inLanguage":"es","@id":"http:\/\/elregionalvm.com.ar\/noticias-villa-maria\/#\/schema\/person\/image\/","url":"https:\/\/secure.gravatar.com\/avatar\/265b27cb2209af7bb3a1318f03305787d7981a5cc6e6cd08fe5a4ecdf99d4b48?s=96&d=mm&r=g","contentUrl":"https:\/\/secure.gravatar.com\/avatar\/265b27cb2209af7bb3a1318f03305787d7981a5cc6e6cd08fe5a4ecdf99d4b48?s=96&d=mm&r=g","caption":"Contenidos El Regional"},"url":"https:\/\/elregionalvm.com.ar\/noticias-villa-maria\/author\/contenido\/"}]}},"jetpack_featured_media_url":"https:\/\/i0.wp.com\/elregionalvm.com.ar\/noticias-villa-maria\/wp-content\/uploads\/2022\/01\/Atletico-Ticino-equipo-2021.jpg?fit=1439%2C846&ssl=1","jetpack_sharing_enabled":true,"_links":{"self":[{"href":"https:\/\/elregionalvm.com.ar\/noticias-villa-maria\/wp-json\/wp\/v2\/posts\/50763","targetHints":{"allow":["GET"]}}],"collection":[{"href":"https:\/\/elregionalvm.com.ar\/noticias-villa-maria\/wp-json\/wp\/v2\/posts"}],"about":[{"href":"https:\/\/elregionalvm.com.ar\/noticias-villa-maria\/wp-json\/wp\/v2\/types\/post"}],"author":[{"embeddable":true,"href":"https:\/\/elregionalvm.com.ar\/noticias-villa-maria\/wp-json\/wp\/v2\/users\/4"}],"replies":[{"embeddable":true,"href":"https:\/\/elregionalvm.com.ar\/noticias-villa-maria\/wp-json\/wp\/v2\/comments?post=50763"}],"version-history":[{"count":1,"href":"https:\/\/elregionalvm.com.ar\/noticias-villa-maria\/wp-json\/wp\/v2\/posts\/50763\/revisions"}],"predecessor-version":[{"id":50770,"href":"https:\/\/elregionalvm.com.ar\/noticias-villa-maria\/wp-json\/wp\/v2\/posts\/50763\/revisions\/50770"}],"wp:featuredmedia":[{"embeddable":true,"href":"https:\/\/elregionalvm.com.ar\/noticias-villa-maria\/wp-json\/wp\/v2\/media\/50765"}],"wp:attachment":[{"href":"https:\/\/elregionalvm.com.ar\/noticias-villa-maria\/wp-json\/wp\/v2\/media?parent=50763"}],"wp:term":[{"taxonomy":"category","embeddable":true,"href":"https:\/\/elregionalvm.com.ar\/noticias-villa-maria\/wp-json\/wp\/v2\/categories?post=50763"},{"taxonomy":"post_tag","embeddable":true,"href":"https:\/\/elregionalvm.com.ar\/noticias-villa-maria\/wp-json\/wp\/v2\/tags?post=50763"}],"curies":[{"name":"wp","href":"https:\/\/api.w.org\/{rel}","templated":true}]}}