{"id":50815,"date":"2022-01-06T21:48:51","date_gmt":"2022-01-06T21:48:51","guid":{"rendered":"https:\/\/elregionalvm.com.ar\/noticias-villa-maria\/?p=50815"},"modified":"2022-01-06T21:48:52","modified_gmt":"2022-01-06T21:48:52","slug":"desde-el-lunes-mayores-de-18-podran-colocarse-la-3a-dosis-pasados-los-4-meses-de-la-2a","status":"publish","type":"post","link":"https:\/\/elregionalvm.com.ar\/noticias-villa-maria\/desde-el-lunes-mayores-de-18-podran-colocarse-la-3a-dosis-pasados-los-4-meses-de-la-2a\/","title":{"rendered":"Desde el lunes, mayores de 18 podr\u00e1n colocarse la 3\u00aa dosis pasados los 4 meses de la 2\u00aa"},"content":{"rendered":"\n<p>Nuevas disposiciones provinciales en torno a la vacunaci\u00f3n contra el covid se pondr\u00e1n en marcha en Villa Mar\u00eda desde el pr\u00f3ximo lunes 10 de enero. Concretamente, en una reuni\u00f3n virtual el ministro de Salud de la Provincia, Diego Cardozo, dio a conocer que el intervalo de cuatro meses entre la segunda y tercera dosis, que ya reg\u00eda para mayores de 60 a\u00f1os, se implementar\u00e1 ahora en toda la poblaci\u00f3n mayor de 18 a\u00f1os.<\/p>\n\n\n\n<p>Teniendo en cuenta ese intervalo, las personas deben presentarse en los vacunatorios dispuestos por el municipio con DNI y carnet de vacunaci\u00f3n.<\/p>\n\n\n\n<p>El Plan Estrat\u00e9gico de Vacunaci\u00f3n contin\u00faa funcionando en todos los Centros de Atenci\u00f3n Primaria de la Salud (CAPS), la Asistencia P\u00fablica y el Centro Integrador Comunitario (CIC). En cuanto a los CAPS, el horario de atenci\u00f3n es de 8:00 a 11:00 horas, mientras que en la Asistencia P\u00fablica y el CIC de 8:00 a 18:00 horas.<\/p>\n\n\n\n<p><\/p>\n","protected":false},"excerpt":{"rendered":"<p>Nuevas disposiciones provinciales en torno a la vacunaci\u00f3n contra el covid se pondr\u00e1n en marcha en Villa Mar\u00eda desde el pr\u00f3ximo lunes 10 de enero. Concretamente, en una reuni\u00f3n virtual el ministro de Salud de la Provincia, Diego Cardozo, dio a conocer que el intervalo de cuatro meses entre la segunda y tercera dosis, que [&hellip;]<\/p>\n","protected":false},"author":4,"featured_media":42066,"comment_status":"open","ping_status":"open","sticky":false,"template":"","format":"standard","meta":{"site-sidebar-layout":"default","site-content-layout":"default","ast-site-content-layout":"default","site-content-style":"default","site-sidebar-style":"default","ast-global-header-display":"","ast-banner-title-visibility":"","ast-main-header-display":"","ast-hfb-above-header-display":"","ast-hfb-below-header-display":"","ast-hfb-mobile-header-display":"","site-post-title":"","ast-breadcrumbs-content":"","ast-featured-img":"","footer-sml-layout":"","ast-disable-related-posts":"","theme-transparent-header-meta":"default","adv-header-id-meta":"","stick-header-meta":"","header-above-stick-meta":"","header-main-stick-meta":"","header-below-stick-meta":"","astra-migrate-meta-layouts":"default","ast-page-background-enabled":"default","ast-page-background-meta":{"desktop":{"background-color":"","background-image":"","background-repeat":"repeat","background-position":"center center","background-size":"auto","background-attachment":"scroll","background-type":"","background-media":"","overlay-type":"","overlay-color":"","overlay-opacity":"","overlay-gradient":""},"tablet":{"background-color":"","background-image":"","background-repeat":"repeat","background-position":"center center","background-size":"auto","background-attachment":"scroll","background-type":"","background-media":"","overlay-type":"","overlay-color":"","overlay-opacity":"","overlay-gradient":""},"mobile":{"background-color":"","background-image":"","background-repeat":"repeat","background-position":"center center","background-size":"auto","background-attachment":"scroll","background-type":"","background-media":"","overlay-type":"","overlay-color":"","overlay-opacity":"","overlay-gradient":""}},"ast-content-background-meta":{"desktop":{"background-color":"var(--ast-global-color-5)","background-image":"","background-repeat":"repeat","background-position":"center center","background-size":"auto","background-attachment":"scroll","background-type":"","background-media":"","overlay-type":"","overlay-color":"","overlay-opacity":"","overlay-gradient":""},"tablet":{"background-color":"var(--ast-global-color-5)","background-image":"","background-repeat":"repeat","background-position":"center center","background-size":"auto","background-attachment":"scroll","background-type":"","background-media":"","overlay-type":"","overlay-color":"","overlay-opacity":"","overlay-gradient":""},"mobile":{"background-color":"var(--ast-global-color-5)","background-image":"","background-repeat":"repeat","background-position":"center center","background-size":"auto","background-attachment":"scroll","background-type":"","background-media":"","overlay-type":"","overlay-color":"","overlay-opacity":"","overlay-gradient":""}},"_jetpack_memberships_contains_paid_content":false,"_joinchat":[],"footnotes":""},"categories":[2256,2],"tags":[13131,3863,1232,13132,8123,12220,2318],"class_list":["post-50815","post","type-post","status-publish","format-standard","has-post-thumbnail","hentry","category-coronavirus","category-villa-maria","tag-4-meses-transcurridos","tag-covid","tag-destacado","tag-disposicion-provincial","tag-mayores-de-18-anos","tag-tercera-dosis","tag-vacunacion"],"yoast_head":"<!-- This site is optimized with the Yoast SEO plugin v26.8 - https:\/\/yoast.com\/product\/yoast-seo-wordpress\/ -->\n<title>Desde el lunes, mayores de 18 podr\u00e1n colocarse la 3\u00aa dosis pasados los 4 meses de la 2\u00aa - El Regional<\/title>\n<meta name=\"robots\" content=\"index, follow, max-snippet:-1, max-image-preview:large, max-video-preview:-1\" \/>\n<link rel=\"canonical\" href=\"http:\/\/elregionalvm.com.ar\/noticias-villa-maria\/desde-el-lunes-mayores-de-18-podran-colocarse-la-3a-dosis-pasados-los-4-meses-de-la-2a\/\" \/>\n<meta property=\"og:locale\" content=\"es_ES\" \/>\n<meta property=\"og:type\" content=\"article\" \/>\n<meta property=\"og:title\" content=\"Desde el lunes, mayores de 18 podr\u00e1n colocarse la 3\u00aa dosis pasados los 4 meses de la 2\u00aa - El Regional\" \/>\n<meta property=\"og:description\" content=\"Nuevas disposiciones provinciales en torno a la vacunaci\u00f3n contra el covid se pondr\u00e1n en marcha en Villa Mar\u00eda desde el pr\u00f3ximo lunes 10 de enero. Concretamente, en una reuni\u00f3n virtual el ministro de Salud de la Provincia, Diego Cardozo, dio a conocer que el intervalo de cuatro meses entre la segunda y tercera dosis, que [&hellip;]\" \/>\n<meta property=\"og:url\" content=\"http:\/\/elregionalvm.com.ar\/noticias-villa-maria\/desde-el-lunes-mayores-de-18-podran-colocarse-la-3a-dosis-pasados-los-4-meses-de-la-2a\/\" \/>\n<meta property=\"og:site_name\" content=\"El Regional\" \/>\n<meta property=\"article:publisher\" content=\"https:\/\/www.facebook.com\/elregionalvm\" \/>\n<meta property=\"article:published_time\" content=\"2022-01-06T21:48:51+00:00\" \/>\n<meta property=\"article:modified_time\" content=\"2022-01-06T21:48:52+00:00\" \/>\n<meta property=\"og:image\" content=\"http:\/\/elregionalvm.com.ar\/noticias-villa-maria\/wp-content\/uploads\/2021\/08\/vacunacion-vm-2.jpg\" \/>\n\t<meta property=\"og:image:width\" content=\"720\" \/>\n\t<meta property=\"og:image:height\" content=\"480\" \/>\n\t<meta property=\"og:image:type\" content=\"image\/jpeg\" \/>\n<meta name=\"author\" content=\"Contenidos El Regional\" \/>\n<meta name=\"twitter:card\" content=\"summary_large_image\" \/>\n<meta name=\"twitter:creator\" content=\"@elregionalvm1\" \/>\n<meta name=\"twitter:site\" content=\"@elregionalvm1\" \/>\n<meta name=\"twitter:label1\" content=\"Escrito por\" \/>\n\t<meta name=\"twitter:data1\" content=\"Contenidos El Regional\" \/>\n\t<meta name=\"twitter:label2\" content=\"Tiempo de lectura\" \/>\n\t<meta name=\"twitter:data2\" content=\"1 minuto\" \/>\n<script type=\"application\/ld+json\" class=\"yoast-schema-graph\">{\"@context\":\"https:\/\/schema.org\",\"@graph\":[{\"@type\":\"Article\",\"@id\":\"http:\/\/elregionalvm.com.ar\/noticias-villa-maria\/desde-el-lunes-mayores-de-18-podran-colocarse-la-3a-dosis-pasados-los-4-meses-de-la-2a\/#article\",\"isPartOf\":{\"@id\":\"http:\/\/elregionalvm.com.ar\/noticias-villa-maria\/desde-el-lunes-mayores-de-18-podran-colocarse-la-3a-dosis-pasados-los-4-meses-de-la-2a\/\"},\"author\":{\"name\":\"Contenidos El Regional\",\"@id\":\"http:\/\/elregionalvm.com.ar\/noticias-villa-maria\/#\/schema\/person\/a0fb9c422317faca23d50163151bc354\"},\"headline\":\"Desde el lunes, mayores de 18 podr\u00e1n colocarse la 3\u00aa dosis pasados los 4 meses de la 2\u00aa\",\"datePublished\":\"2022-01-06T21:48:51+00:00\",\"dateModified\":\"2022-01-06T21:48:52+00:00\",\"mainEntityOfPage\":{\"@id\":\"http:\/\/elregionalvm.com.ar\/noticias-villa-maria\/desde-el-lunes-mayores-de-18-podran-colocarse-la-3a-dosis-pasados-los-4-meses-de-la-2a\/\"},\"wordCount\":176,\"commentCount\":0,\"image\":{\"@id\":\"http:\/\/elregionalvm.com.ar\/noticias-villa-maria\/desde-el-lunes-mayores-de-18-podran-colocarse-la-3a-dosis-pasados-los-4-meses-de-la-2a\/#primaryimage\"},\"thumbnailUrl\":\"https:\/\/i0.wp.com\/elregionalvm.com.ar\/noticias-villa-maria\/wp-content\/uploads\/2021\/08\/vacunacion-vm-2.jpg?fit=720%2C480&ssl=1\",\"keywords\":[\"4 meses transcurridos\",\"covid\",\"destacado\",\"disposici\u00f3n provincial\",\"mayores de 18 a\u00f1os\",\"tercera dosis\",\"Vacunaci\u00f3n\"],\"articleSection\":[\"Coronavirus\",\"Villa Mar\u00eda\"],\"inLanguage\":\"es\",\"potentialAction\":[{\"@type\":\"CommentAction\",\"name\":\"Comment\",\"target\":[\"http:\/\/elregionalvm.com.ar\/noticias-villa-maria\/desde-el-lunes-mayores-de-18-podran-colocarse-la-3a-dosis-pasados-los-4-meses-de-la-2a\/#respond\"]}]},{\"@type\":\"WebPage\",\"@id\":\"http:\/\/elregionalvm.com.ar\/noticias-villa-maria\/desde-el-lunes-mayores-de-18-podran-colocarse-la-3a-dosis-pasados-los-4-meses-de-la-2a\/\",\"url\":\"http:\/\/elregionalvm.com.ar\/noticias-villa-maria\/desde-el-lunes-mayores-de-18-podran-colocarse-la-3a-dosis-pasados-los-4-meses-de-la-2a\/\",\"name\":\"Desde el lunes, mayores de 18 podr\u00e1n colocarse la 3\u00aa dosis pasados los 4 meses de la 2\u00aa - El Regional\",\"isPartOf\":{\"@id\":\"http:\/\/elregionalvm.com.ar\/noticias-villa-maria\/#website\"},\"primaryImageOfPage\":{\"@id\":\"http:\/\/elregionalvm.com.ar\/noticias-villa-maria\/desde-el-lunes-mayores-de-18-podran-colocarse-la-3a-dosis-pasados-los-4-meses-de-la-2a\/#primaryimage\"},\"image\":{\"@id\":\"http:\/\/elregionalvm.com.ar\/noticias-villa-maria\/desde-el-lunes-mayores-de-18-podran-colocarse-la-3a-dosis-pasados-los-4-meses-de-la-2a\/#primaryimage\"},\"thumbnailUrl\":\"https:\/\/i0.wp.com\/elregionalvm.com.ar\/noticias-villa-maria\/wp-content\/uploads\/2021\/08\/vacunacion-vm-2.jpg?fit=720%2C480&ssl=1\",\"datePublished\":\"2022-01-06T21:48:51+00:00\",\"dateModified\":\"2022-01-06T21:48:52+00:00\",\"author\":{\"@id\":\"http:\/\/elregionalvm.com.ar\/noticias-villa-maria\/#\/schema\/person\/a0fb9c422317faca23d50163151bc354\"},\"breadcrumb\":{\"@id\":\"http:\/\/elregionalvm.com.ar\/noticias-villa-maria\/desde-el-lunes-mayores-de-18-podran-colocarse-la-3a-dosis-pasados-los-4-meses-de-la-2a\/#breadcrumb\"},\"inLanguage\":\"es\",\"potentialAction\":[{\"@type\":\"ReadAction\",\"target\":[\"http:\/\/elregionalvm.com.ar\/noticias-villa-maria\/desde-el-lunes-mayores-de-18-podran-colocarse-la-3a-dosis-pasados-los-4-meses-de-la-2a\/\"]}]},{\"@type\":\"ImageObject\",\"inLanguage\":\"es\",\"@id\":\"http:\/\/elregionalvm.com.ar\/noticias-villa-maria\/desde-el-lunes-mayores-de-18-podran-colocarse-la-3a-dosis-pasados-los-4-meses-de-la-2a\/#primaryimage\",\"url\":\"https:\/\/i0.wp.com\/elregionalvm.com.ar\/noticias-villa-maria\/wp-content\/uploads\/2021\/08\/vacunacion-vm-2.jpg?fit=720%2C480&ssl=1\",\"contentUrl\":\"https:\/\/i0.wp.com\/elregionalvm.com.ar\/noticias-villa-maria\/wp-content\/uploads\/2021\/08\/vacunacion-vm-2.jpg?fit=720%2C480&ssl=1\",\"width\":720,\"height\":480},{\"@type\":\"BreadcrumbList\",\"@id\":\"http:\/\/elregionalvm.com.ar\/noticias-villa-maria\/desde-el-lunes-mayores-de-18-podran-colocarse-la-3a-dosis-pasados-los-4-meses-de-la-2a\/#breadcrumb\",\"itemListElement\":[{\"@type\":\"ListItem\",\"position\":1,\"name\":\"Portada\",\"item\":\"https:\/\/elregionalvm.com.ar\/noticias-villa-maria\/\"},{\"@type\":\"ListItem\",\"position\":2,\"name\":\"Desde el lunes, mayores de 18 podr\u00e1n colocarse la 3\u00aa dosis pasados los 4 meses de la 2\u00aa\"}]},{\"@type\":\"WebSite\",\"@id\":\"http:\/\/elregionalvm.com.ar\/noticias-villa-maria\/#website\",\"url\":\"http:\/\/elregionalvm.com.ar\/noticias-villa-maria\/\",\"name\":\"El Regional\",\"description\":\"Mucho m\u00e1s que informaci\u00f3n\",\"potentialAction\":[{\"@type\":\"SearchAction\",\"target\":{\"@type\":\"EntryPoint\",\"urlTemplate\":\"http:\/\/elregionalvm.com.ar\/noticias-villa-maria\/?s={search_term_string}\"},\"query-input\":{\"@type\":\"PropertyValueSpecification\",\"valueRequired\":true,\"valueName\":\"search_term_string\"}}],\"inLanguage\":\"es\"},{\"@type\":\"Person\",\"@id\":\"http:\/\/elregionalvm.com.ar\/noticias-villa-maria\/#\/schema\/person\/a0fb9c422317faca23d50163151bc354\",\"name\":\"Contenidos El Regional\",\"image\":{\"@type\":\"ImageObject\",\"inLanguage\":\"es\",\"@id\":\"http:\/\/elregionalvm.com.ar\/noticias-villa-maria\/#\/schema\/person\/image\/\",\"url\":\"https:\/\/secure.gravatar.com\/avatar\/265b27cb2209af7bb3a1318f03305787d7981a5cc6e6cd08fe5a4ecdf99d4b48?s=96&d=mm&r=g\",\"contentUrl\":\"https:\/\/secure.gravatar.com\/avatar\/265b27cb2209af7bb3a1318f03305787d7981a5cc6e6cd08fe5a4ecdf99d4b48?s=96&d=mm&r=g\",\"caption\":\"Contenidos El Regional\"},\"url\":\"https:\/\/elregionalvm.com.ar\/noticias-villa-maria\/author\/contenido\/\"}]}<\/script>\n<!-- \/ Yoast SEO plugin. -->","yoast_head_json":{"title":"Desde el lunes, mayores de 18 podr\u00e1n colocarse la 3\u00aa dosis pasados los 4 meses de la 2\u00aa - El Regional","robots":{"index":"index","follow":"follow","max-snippet":"max-snippet:-1","max-image-preview":"max-image-preview:large","max-video-preview":"max-video-preview:-1"},"canonical":"http:\/\/elregionalvm.com.ar\/noticias-villa-maria\/desde-el-lunes-mayores-de-18-podran-colocarse-la-3a-dosis-pasados-los-4-meses-de-la-2a\/","og_locale":"es_ES","og_type":"article","og_title":"Desde el lunes, mayores de 18 podr\u00e1n colocarse la 3\u00aa dosis pasados los 4 meses de la 2\u00aa - El Regional","og_description":"Nuevas disposiciones provinciales en torno a la vacunaci\u00f3n contra el covid se pondr\u00e1n en marcha en Villa Mar\u00eda desde el pr\u00f3ximo lunes 10 de enero. Concretamente, en una reuni\u00f3n virtual el ministro de Salud de la Provincia, Diego Cardozo, dio a conocer que el intervalo de cuatro meses entre la segunda y tercera dosis, que [&hellip;]","og_url":"http:\/\/elregionalvm.com.ar\/noticias-villa-maria\/desde-el-lunes-mayores-de-18-podran-colocarse-la-3a-dosis-pasados-los-4-meses-de-la-2a\/","og_site_name":"El Regional","article_publisher":"https:\/\/www.facebook.com\/elregionalvm","article_published_time":"2022-01-06T21:48:51+00:00","article_modified_time":"2022-01-06T21:48:52+00:00","og_image":[{"width":720,"height":480,"url":"http:\/\/elregionalvm.com.ar\/noticias-villa-maria\/wp-content\/uploads\/2021\/08\/vacunacion-vm-2.jpg","type":"image\/jpeg"}],"author":"Contenidos El Regional","twitter_card":"summary_large_image","twitter_creator":"@elregionalvm1","twitter_site":"@elregionalvm1","twitter_misc":{"Escrito por":"Contenidos El Regional","Tiempo de lectura":"1 minuto"},"schema":{"@context":"https:\/\/schema.org","@graph":[{"@type":"Article","@id":"http:\/\/elregionalvm.com.ar\/noticias-villa-maria\/desde-el-lunes-mayores-de-18-podran-colocarse-la-3a-dosis-pasados-los-4-meses-de-la-2a\/#article","isPartOf":{"@id":"http:\/\/elregionalvm.com.ar\/noticias-villa-maria\/desde-el-lunes-mayores-de-18-podran-colocarse-la-3a-dosis-pasados-los-4-meses-de-la-2a\/"},"author":{"name":"Contenidos El Regional","@id":"http:\/\/elregionalvm.com.ar\/noticias-villa-maria\/#\/schema\/person\/a0fb9c422317faca23d50163151bc354"},"headline":"Desde el lunes, mayores de 18 podr\u00e1n colocarse la 3\u00aa dosis pasados los 4 meses de la 2\u00aa","datePublished":"2022-01-06T21:48:51+00:00","dateModified":"2022-01-06T21:48:52+00:00","mainEntityOfPage":{"@id":"http:\/\/elregionalvm.com.ar\/noticias-villa-maria\/desde-el-lunes-mayores-de-18-podran-colocarse-la-3a-dosis-pasados-los-4-meses-de-la-2a\/"},"wordCount":176,"commentCount":0,"image":{"@id":"http:\/\/elregionalvm.com.ar\/noticias-villa-maria\/desde-el-lunes-mayores-de-18-podran-colocarse-la-3a-dosis-pasados-los-4-meses-de-la-2a\/#primaryimage"},"thumbnailUrl":"https:\/\/i0.wp.com\/elregionalvm.com.ar\/noticias-villa-maria\/wp-content\/uploads\/2021\/08\/vacunacion-vm-2.jpg?fit=720%2C480&ssl=1","keywords":["4 meses transcurridos","covid","destacado","disposici\u00f3n provincial","mayores de 18 a\u00f1os","tercera dosis","Vacunaci\u00f3n"],"articleSection":["Coronavirus","Villa Mar\u00eda"],"inLanguage":"es","potentialAction":[{"@type":"CommentAction","name":"Comment","target":["http:\/\/elregionalvm.com.ar\/noticias-villa-maria\/desde-el-lunes-mayores-de-18-podran-colocarse-la-3a-dosis-pasados-los-4-meses-de-la-2a\/#respond"]}]},{"@type":"WebPage","@id":"http:\/\/elregionalvm.com.ar\/noticias-villa-maria\/desde-el-lunes-mayores-de-18-podran-colocarse-la-3a-dosis-pasados-los-4-meses-de-la-2a\/","url":"http:\/\/elregionalvm.com.ar\/noticias-villa-maria\/desde-el-lunes-mayores-de-18-podran-colocarse-la-3a-dosis-pasados-los-4-meses-de-la-2a\/","name":"Desde el lunes, mayores de 18 podr\u00e1n colocarse la 3\u00aa dosis pasados los 4 meses de la 2\u00aa - El Regional","isPartOf":{"@id":"http:\/\/elregionalvm.com.ar\/noticias-villa-maria\/#website"},"primaryImageOfPage":{"@id":"http:\/\/elregionalvm.com.ar\/noticias-villa-maria\/desde-el-lunes-mayores-de-18-podran-colocarse-la-3a-dosis-pasados-los-4-meses-de-la-2a\/#primaryimage"},"image":{"@id":"http:\/\/elregionalvm.com.ar\/noticias-villa-maria\/desde-el-lunes-mayores-de-18-podran-colocarse-la-3a-dosis-pasados-los-4-meses-de-la-2a\/#primaryimage"},"thumbnailUrl":"https:\/\/i0.wp.com\/elregionalvm.com.ar\/noticias-villa-maria\/wp-content\/uploads\/2021\/08\/vacunacion-vm-2.jpg?fit=720%2C480&ssl=1","datePublished":"2022-01-06T21:48:51+00:00","dateModified":"2022-01-06T21:48:52+00:00","author":{"@id":"http:\/\/elregionalvm.com.ar\/noticias-villa-maria\/#\/schema\/person\/a0fb9c422317faca23d50163151bc354"},"breadcrumb":{"@id":"http:\/\/elregionalvm.com.ar\/noticias-villa-maria\/desde-el-lunes-mayores-de-18-podran-colocarse-la-3a-dosis-pasados-los-4-meses-de-la-2a\/#breadcrumb"},"inLanguage":"es","potentialAction":[{"@type":"ReadAction","target":["http:\/\/elregionalvm.com.ar\/noticias-villa-maria\/desde-el-lunes-mayores-de-18-podran-colocarse-la-3a-dosis-pasados-los-4-meses-de-la-2a\/"]}]},{"@type":"ImageObject","inLanguage":"es","@id":"http:\/\/elregionalvm.com.ar\/noticias-villa-maria\/desde-el-lunes-mayores-de-18-podran-colocarse-la-3a-dosis-pasados-los-4-meses-de-la-2a\/#primaryimage","url":"https:\/\/i0.wp.com\/elregionalvm.com.ar\/noticias-villa-maria\/wp-content\/uploads\/2021\/08\/vacunacion-vm-2.jpg?fit=720%2C480&ssl=1","contentUrl":"https:\/\/i0.wp.com\/elregionalvm.com.ar\/noticias-villa-maria\/wp-content\/uploads\/2021\/08\/vacunacion-vm-2.jpg?fit=720%2C480&ssl=1","width":720,"height":480},{"@type":"BreadcrumbList","@id":"http:\/\/elregionalvm.com.ar\/noticias-villa-maria\/desde-el-lunes-mayores-de-18-podran-colocarse-la-3a-dosis-pasados-los-4-meses-de-la-2a\/#breadcrumb","itemListElement":[{"@type":"ListItem","position":1,"name":"Portada","item":"https:\/\/elregionalvm.com.ar\/noticias-villa-maria\/"},{"@type":"ListItem","position":2,"name":"Desde el lunes, mayores de 18 podr\u00e1n colocarse la 3\u00aa dosis pasados los 4 meses de la 2\u00aa"}]},{"@type":"WebSite","@id":"http:\/\/elregionalvm.com.ar\/noticias-villa-maria\/#website","url":"http:\/\/elregionalvm.com.ar\/noticias-villa-maria\/","name":"El Regional","description":"Mucho m\u00e1s que informaci\u00f3n","potentialAction":[{"@type":"SearchAction","target":{"@type":"EntryPoint","urlTemplate":"http:\/\/elregionalvm.com.ar\/noticias-villa-maria\/?s={search_term_string}"},"query-input":{"@type":"PropertyValueSpecification","valueRequired":true,"valueName":"search_term_string"}}],"inLanguage":"es"},{"@type":"Person","@id":"http:\/\/elregionalvm.com.ar\/noticias-villa-maria\/#\/schema\/person\/a0fb9c422317faca23d50163151bc354","name":"Contenidos El Regional","image":{"@type":"ImageObject","inLanguage":"es","@id":"http:\/\/elregionalvm.com.ar\/noticias-villa-maria\/#\/schema\/person\/image\/","url":"https:\/\/secure.gravatar.com\/avatar\/265b27cb2209af7bb3a1318f03305787d7981a5cc6e6cd08fe5a4ecdf99d4b48?s=96&d=mm&r=g","contentUrl":"https:\/\/secure.gravatar.com\/avatar\/265b27cb2209af7bb3a1318f03305787d7981a5cc6e6cd08fe5a4ecdf99d4b48?s=96&d=mm&r=g","caption":"Contenidos El Regional"},"url":"https:\/\/elregionalvm.com.ar\/noticias-villa-maria\/author\/contenido\/"}]}},"jetpack_featured_media_url":"https:\/\/i0.wp.com\/elregionalvm.com.ar\/noticias-villa-maria\/wp-content\/uploads\/2021\/08\/vacunacion-vm-2.jpg?fit=720%2C480&ssl=1","jetpack_sharing_enabled":true,"_links":{"self":[{"href":"https:\/\/elregionalvm.com.ar\/noticias-villa-maria\/wp-json\/wp\/v2\/posts\/50815","targetHints":{"allow":["GET"]}}],"collection":[{"href":"https:\/\/elregionalvm.com.ar\/noticias-villa-maria\/wp-json\/wp\/v2\/posts"}],"about":[{"href":"https:\/\/elregionalvm.com.ar\/noticias-villa-maria\/wp-json\/wp\/v2\/types\/post"}],"author":[{"embeddable":true,"href":"https:\/\/elregionalvm.com.ar\/noticias-villa-maria\/wp-json\/wp\/v2\/users\/4"}],"replies":[{"embeddable":true,"href":"https:\/\/elregionalvm.com.ar\/noticias-villa-maria\/wp-json\/wp\/v2\/comments?post=50815"}],"version-history":[{"count":1,"href":"https:\/\/elregionalvm.com.ar\/noticias-villa-maria\/wp-json\/wp\/v2\/posts\/50815\/revisions"}],"predecessor-version":[{"id":50816,"href":"https:\/\/elregionalvm.com.ar\/noticias-villa-maria\/wp-json\/wp\/v2\/posts\/50815\/revisions\/50816"}],"wp:featuredmedia":[{"embeddable":true,"href":"https:\/\/elregionalvm.com.ar\/noticias-villa-maria\/wp-json\/wp\/v2\/media\/42066"}],"wp:attachment":[{"href":"https:\/\/elregionalvm.com.ar\/noticias-villa-maria\/wp-json\/wp\/v2\/media?parent=50815"}],"wp:term":[{"taxonomy":"category","embeddable":true,"href":"https:\/\/elregionalvm.com.ar\/noticias-villa-maria\/wp-json\/wp\/v2\/categories?post=50815"},{"taxonomy":"post_tag","embeddable":true,"href":"https:\/\/elregionalvm.com.ar\/noticias-villa-maria\/wp-json\/wp\/v2\/tags?post=50815"}],"curies":[{"name":"wp","href":"https:\/\/api.w.org\/{rel}","templated":true}]}}