{"id":50821,"date":"2022-01-06T22:40:56","date_gmt":"2022-01-06T22:40:56","guid":{"rendered":"https:\/\/elregionalvm.com.ar\/noticias-villa-maria\/?p=50821"},"modified":"2022-01-06T22:53:37","modified_gmt":"2022-01-06T22:53:37","slug":"la-obra-del-nuevo-jardin-de-infantes-de-bo-botta-tiene-un-avance-del-70","status":"publish","type":"post","link":"https:\/\/elregionalvm.com.ar\/noticias-villa-maria\/la-obra-del-nuevo-jardin-de-infantes-de-bo-botta-tiene-un-avance-del-70\/","title":{"rendered":"La obra del nuevo jard\u00edn de infantes de B\u00ba Botta tiene un avance del 70%"},"content":{"rendered":"\n<p>Con el objetivo de ampliar significativamente las plazas para la educaci\u00f3n inicial, barrio Botta podr\u00e1 contar con un nuevo jard\u00edn de infantes para ni\u00f1os de tres, cuatro y cinco a\u00f1os.<\/p>\n\n\n\n<p>La obra, que se encuentra con un 70 por ciento de avance, tiene plazo estipulado para su inauguraci\u00f3n el pr\u00f3ximo febrero. El intendente Mart\u00edn Gill realiz\u00f3 hoy un relevamiento de la construcci\u00f3n, la cual se encuentra financiada por fondos del Estado Nacional, a trav\u00e9s del Gobierno de la Provincia de C\u00f3rdoba.<\/p>\n\n\n\n<p>El jard\u00edn de escolaridad obligatoria se integra al ya existente Centro de Promoci\u00f3n Familiar (CPF) y Jard\u00edn Maternal Javier Suppo, el cual alberga a ni\u00f1os y ni\u00f1as de 45 d\u00edas a 2 a\u00f1os de edad. De esta manera, quedar\u00e1 constituida la unidad pedag\u00f3gica que permitir\u00e1 cuidar a chicos hasta los cinco a\u00f1os, cubriendo absolutamente la escolaridad de la primera infancia.<\/p>\n\n\n\n<p>El mandatario municipal explic\u00f3 que este modelo es \u201c\u00fanico en la provincia y el pa\u00eds\u201d, siendo una infraestructura \u201cc\u00f3moda y amplia\u201d con tres secciones que permitir\u00e1n desarrollar las actividades para los peque\u00f1os de tres, cuatro y cinco a\u00f1os.<\/p>\n\n\n\n<figure class=\"wp-block-gallery columns-2 is-cropped wp-block-gallery-1 is-layout-flex wp-block-gallery-is-layout-flex\"><ul class=\"blocks-gallery-grid\"><li class=\"blocks-gallery-item\"><figure><img data-recalc-dims=\"1\" fetchpriority=\"high\" decoding=\"async\" width=\"1024\" height=\"683\" src=\"https:\/\/i0.wp.com\/elregionalvm.com.ar\/noticias-villa-maria\/wp-content\/uploads\/2022\/01\/WhatsApp-Image-2022-01-06-at-15.05.21.jpeg?resize=1024%2C683&#038;ssl=1\" alt=\"\" data-id=\"50826\" data-link=\"https:\/\/elregionalvm.com.ar\/noticias-villa-maria\/la-obra-del-nuevo-jardin-de-infantes-de-bo-botta-tiene-un-avance-del-70\/whatsapp-image-2022-01-06-at-15-05-21\/\" class=\"wp-image-50826\" srcset=\"https:\/\/i0.wp.com\/elregionalvm.com.ar\/noticias-villa-maria\/wp-content\/uploads\/2022\/01\/WhatsApp-Image-2022-01-06-at-15.05.21.jpeg?resize=1024%2C683&amp;ssl=1 1024w, https:\/\/i0.wp.com\/elregionalvm.com.ar\/noticias-villa-maria\/wp-content\/uploads\/2022\/01\/WhatsApp-Image-2022-01-06-at-15.05.21.jpeg?resize=300%2C200&amp;ssl=1 300w, https:\/\/i0.wp.com\/elregionalvm.com.ar\/noticias-villa-maria\/wp-content\/uploads\/2022\/01\/WhatsApp-Image-2022-01-06-at-15.05.21.jpeg?resize=768%2C512&amp;ssl=1 768w, https:\/\/i0.wp.com\/elregionalvm.com.ar\/noticias-villa-maria\/wp-content\/uploads\/2022\/01\/WhatsApp-Image-2022-01-06-at-15.05.21.jpeg?w=1141&amp;ssl=1 1141w\" sizes=\"(max-width: 1000px) 100vw, 1000px\" \/><\/figure><\/li><li class=\"blocks-gallery-item\"><figure><img data-recalc-dims=\"1\" decoding=\"async\" width=\"1024\" height=\"682\" src=\"https:\/\/i0.wp.com\/elregionalvm.com.ar\/noticias-villa-maria\/wp-content\/uploads\/2022\/01\/WhatsApp-Image-2022-01-06-at-15.05.22.jpeg?resize=1024%2C682&#038;ssl=1\" alt=\"\" data-id=\"50827\" data-full-url=\"https:\/\/elregionalvm.com.ar\/noticias-villa-maria\/wp-content\/uploads\/2022\/01\/WhatsApp-Image-2022-01-06-at-15.05.22.jpeg\" data-link=\"https:\/\/elregionalvm.com.ar\/noticias-villa-maria\/la-obra-del-nuevo-jardin-de-infantes-de-bo-botta-tiene-un-avance-del-70\/whatsapp-image-2022-01-06-at-15-05-22\/\" class=\"wp-image-50827\" srcset=\"https:\/\/i0.wp.com\/elregionalvm.com.ar\/noticias-villa-maria\/wp-content\/uploads\/2022\/01\/WhatsApp-Image-2022-01-06-at-15.05.22.jpeg?resize=1024%2C682&amp;ssl=1 1024w, https:\/\/i0.wp.com\/elregionalvm.com.ar\/noticias-villa-maria\/wp-content\/uploads\/2022\/01\/WhatsApp-Image-2022-01-06-at-15.05.22.jpeg?resize=300%2C200&amp;ssl=1 300w, https:\/\/i0.wp.com\/elregionalvm.com.ar\/noticias-villa-maria\/wp-content\/uploads\/2022\/01\/WhatsApp-Image-2022-01-06-at-15.05.22.jpeg?resize=768%2C512&amp;ssl=1 768w, https:\/\/i0.wp.com\/elregionalvm.com.ar\/noticias-villa-maria\/wp-content\/uploads\/2022\/01\/WhatsApp-Image-2022-01-06-at-15.05.22.jpeg?w=1157&amp;ssl=1 1157w\" sizes=\"(max-width: 1000px) 100vw, 1000px\" \/><\/figure><\/li><\/ul><\/figure>\n","protected":false},"excerpt":{"rendered":"<p>Con el objetivo de ampliar significativamente las plazas para la educaci\u00f3n inicial, barrio Botta podr\u00e1 contar con un nuevo jard\u00edn de infantes para ni\u00f1os de tres, cuatro y cinco a\u00f1os. La obra, que se encuentra con un 70 por ciento de avance, tiene plazo estipulado para su inauguraci\u00f3n el pr\u00f3ximo febrero. El intendente Mart\u00edn Gill [&hellip;]<\/p>\n","protected":false},"author":4,"featured_media":50822,"comment_status":"open","ping_status":"open","sticky":false,"template":"","format":"standard","meta":{"site-sidebar-layout":"default","site-content-layout":"default","ast-site-content-layout":"default","site-content-style":"default","site-sidebar-style":"default","ast-global-header-display":"","ast-banner-title-visibility":"","ast-main-header-display":"","ast-hfb-above-header-display":"","ast-hfb-below-header-display":"","ast-hfb-mobile-header-display":"","site-post-title":"","ast-breadcrumbs-content":"","ast-featured-img":"","footer-sml-layout":"","ast-disable-related-posts":"","theme-transparent-header-meta":"default","adv-header-id-meta":"","stick-header-meta":"","header-above-stick-meta":"","header-main-stick-meta":"","header-below-stick-meta":"","astra-migrate-meta-layouts":"default","ast-page-background-enabled":"default","ast-page-background-meta":{"desktop":{"background-color":"","background-image":"","background-repeat":"repeat","background-position":"center center","background-size":"auto","background-attachment":"scroll","background-type":"","background-media":"","overlay-type":"","overlay-color":"","overlay-opacity":"","overlay-gradient":""},"tablet":{"background-color":"","background-image":"","background-repeat":"repeat","background-position":"center center","background-size":"auto","background-attachment":"scroll","background-type":"","background-media":"","overlay-type":"","overlay-color":"","overlay-opacity":"","overlay-gradient":""},"mobile":{"background-color":"","background-image":"","background-repeat":"repeat","background-position":"center center","background-size":"auto","background-attachment":"scroll","background-type":"","background-media":"","overlay-type":"","overlay-color":"","overlay-opacity":"","overlay-gradient":""}},"ast-content-background-meta":{"desktop":{"background-color":"var(--ast-global-color-5)","background-image":"","background-repeat":"repeat","background-position":"center center","background-size":"auto","background-attachment":"scroll","background-type":"","background-media":"","overlay-type":"","overlay-color":"","overlay-opacity":"","overlay-gradient":""},"tablet":{"background-color":"var(--ast-global-color-5)","background-image":"","background-repeat":"repeat","background-position":"center center","background-size":"auto","background-attachment":"scroll","background-type":"","background-media":"","overlay-type":"","overlay-color":"","overlay-opacity":"","overlay-gradient":""},"mobile":{"background-color":"var(--ast-global-color-5)","background-image":"","background-repeat":"repeat","background-position":"center center","background-size":"auto","background-attachment":"scroll","background-type":"","background-media":"","overlay-type":"","overlay-color":"","overlay-opacity":"","overlay-gradient":""}},"_jetpack_memberships_contains_paid_content":false,"_joinchat":[],"footnotes":""},"categories":[2],"tags":[13136,8185,3882,1232,1125,13135,4030,2248],"class_list":["post-50821","post","type-post","status-publish","format-standard","has-post-thumbnail","hentry","category-villa-maria","tag-13136","tag-avance-de-obra","tag-barrio-felipe-botta","tag-destacado","tag-martin-gill","tag-nuevo-jardin-de-infantes","tag-recorrido","tag-villa-maria-2"],"yoast_head":"<!-- This site is optimized with the Yoast SEO plugin v26.8 - https:\/\/yoast.com\/product\/yoast-seo-wordpress\/ -->\n<title>La obra del nuevo jard\u00edn de infantes de B\u00ba Botta tiene un avance del 70% - El Regional<\/title>\n<meta name=\"robots\" content=\"index, follow, max-snippet:-1, max-image-preview:large, max-video-preview:-1\" \/>\n<link rel=\"canonical\" href=\"http:\/\/elregionalvm.com.ar\/noticias-villa-maria\/la-obra-del-nuevo-jardin-de-infantes-de-bo-botta-tiene-un-avance-del-70\/\" \/>\n<meta property=\"og:locale\" content=\"es_ES\" \/>\n<meta property=\"og:type\" content=\"article\" \/>\n<meta property=\"og:title\" content=\"La obra del nuevo jard\u00edn de infantes de B\u00ba Botta tiene un avance del 70% - El Regional\" \/>\n<meta property=\"og:description\" content=\"Con el objetivo de ampliar significativamente las plazas para la educaci\u00f3n inicial, barrio Botta podr\u00e1 contar con un nuevo jard\u00edn de infantes para ni\u00f1os de tres, cuatro y cinco a\u00f1os. La obra, que se encuentra con un 70 por ciento de avance, tiene plazo estipulado para su inauguraci\u00f3n el pr\u00f3ximo febrero. El intendente Mart\u00edn Gill [&hellip;]\" \/>\n<meta property=\"og:url\" content=\"http:\/\/elregionalvm.com.ar\/noticias-villa-maria\/la-obra-del-nuevo-jardin-de-infantes-de-bo-botta-tiene-un-avance-del-70\/\" \/>\n<meta property=\"og:site_name\" content=\"El Regional\" \/>\n<meta property=\"article:publisher\" content=\"https:\/\/www.facebook.com\/elregionalvm\" \/>\n<meta property=\"article:published_time\" content=\"2022-01-06T22:40:56+00:00\" \/>\n<meta property=\"article:modified_time\" content=\"2022-01-06T22:53:37+00:00\" \/>\n<meta property=\"og:image\" content=\"http:\/\/elregionalvm.com.ar\/noticias-villa-maria\/wp-content\/uploads\/2022\/01\/WhatsApp-Image-2022-01-06-at-15.05.23.jpeg\" \/>\n\t<meta property=\"og:image:width\" content=\"1161\" \/>\n\t<meta property=\"og:image:height\" content=\"774\" \/>\n\t<meta property=\"og:image:type\" content=\"image\/jpeg\" \/>\n<meta name=\"author\" content=\"Contenidos El Regional\" \/>\n<meta name=\"twitter:card\" content=\"summary_large_image\" \/>\n<meta name=\"twitter:creator\" content=\"@elregionalvm1\" \/>\n<meta name=\"twitter:site\" content=\"@elregionalvm1\" \/>\n<meta name=\"twitter:label1\" content=\"Escrito por\" \/>\n\t<meta name=\"twitter:data1\" content=\"Contenidos El Regional\" \/>\n\t<meta name=\"twitter:label2\" content=\"Tiempo de lectura\" \/>\n\t<meta name=\"twitter:data2\" content=\"2 minutos\" \/>\n<script type=\"application\/ld+json\" class=\"yoast-schema-graph\">{\"@context\":\"https:\/\/schema.org\",\"@graph\":[{\"@type\":\"Article\",\"@id\":\"http:\/\/elregionalvm.com.ar\/noticias-villa-maria\/la-obra-del-nuevo-jardin-de-infantes-de-bo-botta-tiene-un-avance-del-70\/#article\",\"isPartOf\":{\"@id\":\"http:\/\/elregionalvm.com.ar\/noticias-villa-maria\/la-obra-del-nuevo-jardin-de-infantes-de-bo-botta-tiene-un-avance-del-70\/\"},\"author\":{\"name\":\"Contenidos El Regional\",\"@id\":\"http:\/\/elregionalvm.com.ar\/noticias-villa-maria\/#\/schema\/person\/a0fb9c422317faca23d50163151bc354\"},\"headline\":\"La obra del nuevo jard\u00edn de infantes de B\u00ba Botta tiene un avance del 70%\",\"datePublished\":\"2022-01-06T22:40:56+00:00\",\"dateModified\":\"2022-01-06T22:53:37+00:00\",\"mainEntityOfPage\":{\"@id\":\"http:\/\/elregionalvm.com.ar\/noticias-villa-maria\/la-obra-del-nuevo-jardin-de-infantes-de-bo-botta-tiene-un-avance-del-70\/\"},\"wordCount\":215,\"commentCount\":0,\"image\":{\"@id\":\"http:\/\/elregionalvm.com.ar\/noticias-villa-maria\/la-obra-del-nuevo-jardin-de-infantes-de-bo-botta-tiene-un-avance-del-70\/#primaryimage\"},\"thumbnailUrl\":\"https:\/\/i0.wp.com\/elregionalvm.com.ar\/noticias-villa-maria\/wp-content\/uploads\/2022\/01\/WhatsApp-Image-2022-01-06-at-15.05.23.jpeg?fit=1161%2C774&ssl=1\",\"keywords\":[\"70%\",\"avance de obra\",\"Barrio Felipe Botta\",\"destacado\",\"mart\u00edn gill\",\"nuevo jard\u00edn de infantes\",\"recorrido\",\"Villa Mar\u00eda\"],\"articleSection\":[\"Villa Mar\u00eda\"],\"inLanguage\":\"es\",\"potentialAction\":[{\"@type\":\"CommentAction\",\"name\":\"Comment\",\"target\":[\"http:\/\/elregionalvm.com.ar\/noticias-villa-maria\/la-obra-del-nuevo-jardin-de-infantes-de-bo-botta-tiene-un-avance-del-70\/#respond\"]}]},{\"@type\":\"WebPage\",\"@id\":\"http:\/\/elregionalvm.com.ar\/noticias-villa-maria\/la-obra-del-nuevo-jardin-de-infantes-de-bo-botta-tiene-un-avance-del-70\/\",\"url\":\"http:\/\/elregionalvm.com.ar\/noticias-villa-maria\/la-obra-del-nuevo-jardin-de-infantes-de-bo-botta-tiene-un-avance-del-70\/\",\"name\":\"La obra del nuevo jard\u00edn de infantes de B\u00ba Botta tiene un avance del 70% - El Regional\",\"isPartOf\":{\"@id\":\"http:\/\/elregionalvm.com.ar\/noticias-villa-maria\/#website\"},\"primaryImageOfPage\":{\"@id\":\"http:\/\/elregionalvm.com.ar\/noticias-villa-maria\/la-obra-del-nuevo-jardin-de-infantes-de-bo-botta-tiene-un-avance-del-70\/#primaryimage\"},\"image\":{\"@id\":\"http:\/\/elregionalvm.com.ar\/noticias-villa-maria\/la-obra-del-nuevo-jardin-de-infantes-de-bo-botta-tiene-un-avance-del-70\/#primaryimage\"},\"thumbnailUrl\":\"https:\/\/i0.wp.com\/elregionalvm.com.ar\/noticias-villa-maria\/wp-content\/uploads\/2022\/01\/WhatsApp-Image-2022-01-06-at-15.05.23.jpeg?fit=1161%2C774&ssl=1\",\"datePublished\":\"2022-01-06T22:40:56+00:00\",\"dateModified\":\"2022-01-06T22:53:37+00:00\",\"author\":{\"@id\":\"http:\/\/elregionalvm.com.ar\/noticias-villa-maria\/#\/schema\/person\/a0fb9c422317faca23d50163151bc354\"},\"breadcrumb\":{\"@id\":\"http:\/\/elregionalvm.com.ar\/noticias-villa-maria\/la-obra-del-nuevo-jardin-de-infantes-de-bo-botta-tiene-un-avance-del-70\/#breadcrumb\"},\"inLanguage\":\"es\",\"potentialAction\":[{\"@type\":\"ReadAction\",\"target\":[\"http:\/\/elregionalvm.com.ar\/noticias-villa-maria\/la-obra-del-nuevo-jardin-de-infantes-de-bo-botta-tiene-un-avance-del-70\/\"]}]},{\"@type\":\"ImageObject\",\"inLanguage\":\"es\",\"@id\":\"http:\/\/elregionalvm.com.ar\/noticias-villa-maria\/la-obra-del-nuevo-jardin-de-infantes-de-bo-botta-tiene-un-avance-del-70\/#primaryimage\",\"url\":\"https:\/\/i0.wp.com\/elregionalvm.com.ar\/noticias-villa-maria\/wp-content\/uploads\/2022\/01\/WhatsApp-Image-2022-01-06-at-15.05.23.jpeg?fit=1161%2C774&ssl=1\",\"contentUrl\":\"https:\/\/i0.wp.com\/elregionalvm.com.ar\/noticias-villa-maria\/wp-content\/uploads\/2022\/01\/WhatsApp-Image-2022-01-06-at-15.05.23.jpeg?fit=1161%2C774&ssl=1\",\"width\":1161,\"height\":774},{\"@type\":\"BreadcrumbList\",\"@id\":\"http:\/\/elregionalvm.com.ar\/noticias-villa-maria\/la-obra-del-nuevo-jardin-de-infantes-de-bo-botta-tiene-un-avance-del-70\/#breadcrumb\",\"itemListElement\":[{\"@type\":\"ListItem\",\"position\":1,\"name\":\"Portada\",\"item\":\"https:\/\/elregionalvm.com.ar\/noticias-villa-maria\/\"},{\"@type\":\"ListItem\",\"position\":2,\"name\":\"La obra del nuevo jard\u00edn de infantes de B\u00ba Botta tiene un avance del 70%\"}]},{\"@type\":\"WebSite\",\"@id\":\"http:\/\/elregionalvm.com.ar\/noticias-villa-maria\/#website\",\"url\":\"http:\/\/elregionalvm.com.ar\/noticias-villa-maria\/\",\"name\":\"El Regional\",\"description\":\"Mucho m\u00e1s que informaci\u00f3n\",\"potentialAction\":[{\"@type\":\"SearchAction\",\"target\":{\"@type\":\"EntryPoint\",\"urlTemplate\":\"http:\/\/elregionalvm.com.ar\/noticias-villa-maria\/?s={search_term_string}\"},\"query-input\":{\"@type\":\"PropertyValueSpecification\",\"valueRequired\":true,\"valueName\":\"search_term_string\"}}],\"inLanguage\":\"es\"},{\"@type\":\"Person\",\"@id\":\"http:\/\/elregionalvm.com.ar\/noticias-villa-maria\/#\/schema\/person\/a0fb9c422317faca23d50163151bc354\",\"name\":\"Contenidos El Regional\",\"image\":{\"@type\":\"ImageObject\",\"inLanguage\":\"es\",\"@id\":\"http:\/\/elregionalvm.com.ar\/noticias-villa-maria\/#\/schema\/person\/image\/\",\"url\":\"https:\/\/secure.gravatar.com\/avatar\/265b27cb2209af7bb3a1318f03305787d7981a5cc6e6cd08fe5a4ecdf99d4b48?s=96&d=mm&r=g\",\"contentUrl\":\"https:\/\/secure.gravatar.com\/avatar\/265b27cb2209af7bb3a1318f03305787d7981a5cc6e6cd08fe5a4ecdf99d4b48?s=96&d=mm&r=g\",\"caption\":\"Contenidos El Regional\"},\"url\":\"https:\/\/elregionalvm.com.ar\/noticias-villa-maria\/author\/contenido\/\"}]}<\/script>\n<!-- \/ Yoast SEO plugin. -->","yoast_head_json":{"title":"La obra del nuevo jard\u00edn de infantes de B\u00ba Botta tiene un avance del 70% - El Regional","robots":{"index":"index","follow":"follow","max-snippet":"max-snippet:-1","max-image-preview":"max-image-preview:large","max-video-preview":"max-video-preview:-1"},"canonical":"http:\/\/elregionalvm.com.ar\/noticias-villa-maria\/la-obra-del-nuevo-jardin-de-infantes-de-bo-botta-tiene-un-avance-del-70\/","og_locale":"es_ES","og_type":"article","og_title":"La obra del nuevo jard\u00edn de infantes de B\u00ba Botta tiene un avance del 70% - El Regional","og_description":"Con el objetivo de ampliar significativamente las plazas para la educaci\u00f3n inicial, barrio Botta podr\u00e1 contar con un nuevo jard\u00edn de infantes para ni\u00f1os de tres, cuatro y cinco a\u00f1os. La obra, que se encuentra con un 70 por ciento de avance, tiene plazo estipulado para su inauguraci\u00f3n el pr\u00f3ximo febrero. El intendente Mart\u00edn Gill [&hellip;]","og_url":"http:\/\/elregionalvm.com.ar\/noticias-villa-maria\/la-obra-del-nuevo-jardin-de-infantes-de-bo-botta-tiene-un-avance-del-70\/","og_site_name":"El Regional","article_publisher":"https:\/\/www.facebook.com\/elregionalvm","article_published_time":"2022-01-06T22:40:56+00:00","article_modified_time":"2022-01-06T22:53:37+00:00","og_image":[{"width":1161,"height":774,"url":"http:\/\/elregionalvm.com.ar\/noticias-villa-maria\/wp-content\/uploads\/2022\/01\/WhatsApp-Image-2022-01-06-at-15.05.23.jpeg","type":"image\/jpeg"}],"author":"Contenidos El Regional","twitter_card":"summary_large_image","twitter_creator":"@elregionalvm1","twitter_site":"@elregionalvm1","twitter_misc":{"Escrito por":"Contenidos El Regional","Tiempo de lectura":"2 minutos"},"schema":{"@context":"https:\/\/schema.org","@graph":[{"@type":"Article","@id":"http:\/\/elregionalvm.com.ar\/noticias-villa-maria\/la-obra-del-nuevo-jardin-de-infantes-de-bo-botta-tiene-un-avance-del-70\/#article","isPartOf":{"@id":"http:\/\/elregionalvm.com.ar\/noticias-villa-maria\/la-obra-del-nuevo-jardin-de-infantes-de-bo-botta-tiene-un-avance-del-70\/"},"author":{"name":"Contenidos El Regional","@id":"http:\/\/elregionalvm.com.ar\/noticias-villa-maria\/#\/schema\/person\/a0fb9c422317faca23d50163151bc354"},"headline":"La obra del nuevo jard\u00edn de infantes de B\u00ba Botta tiene un avance del 70%","datePublished":"2022-01-06T22:40:56+00:00","dateModified":"2022-01-06T22:53:37+00:00","mainEntityOfPage":{"@id":"http:\/\/elregionalvm.com.ar\/noticias-villa-maria\/la-obra-del-nuevo-jardin-de-infantes-de-bo-botta-tiene-un-avance-del-70\/"},"wordCount":215,"commentCount":0,"image":{"@id":"http:\/\/elregionalvm.com.ar\/noticias-villa-maria\/la-obra-del-nuevo-jardin-de-infantes-de-bo-botta-tiene-un-avance-del-70\/#primaryimage"},"thumbnailUrl":"https:\/\/i0.wp.com\/elregionalvm.com.ar\/noticias-villa-maria\/wp-content\/uploads\/2022\/01\/WhatsApp-Image-2022-01-06-at-15.05.23.jpeg?fit=1161%2C774&ssl=1","keywords":["70%","avance de obra","Barrio Felipe Botta","destacado","mart\u00edn gill","nuevo jard\u00edn de infantes","recorrido","Villa Mar\u00eda"],"articleSection":["Villa Mar\u00eda"],"inLanguage":"es","potentialAction":[{"@type":"CommentAction","name":"Comment","target":["http:\/\/elregionalvm.com.ar\/noticias-villa-maria\/la-obra-del-nuevo-jardin-de-infantes-de-bo-botta-tiene-un-avance-del-70\/#respond"]}]},{"@type":"WebPage","@id":"http:\/\/elregionalvm.com.ar\/noticias-villa-maria\/la-obra-del-nuevo-jardin-de-infantes-de-bo-botta-tiene-un-avance-del-70\/","url":"http:\/\/elregionalvm.com.ar\/noticias-villa-maria\/la-obra-del-nuevo-jardin-de-infantes-de-bo-botta-tiene-un-avance-del-70\/","name":"La obra del nuevo jard\u00edn de infantes de B\u00ba Botta tiene un avance del 70% - El Regional","isPartOf":{"@id":"http:\/\/elregionalvm.com.ar\/noticias-villa-maria\/#website"},"primaryImageOfPage":{"@id":"http:\/\/elregionalvm.com.ar\/noticias-villa-maria\/la-obra-del-nuevo-jardin-de-infantes-de-bo-botta-tiene-un-avance-del-70\/#primaryimage"},"image":{"@id":"http:\/\/elregionalvm.com.ar\/noticias-villa-maria\/la-obra-del-nuevo-jardin-de-infantes-de-bo-botta-tiene-un-avance-del-70\/#primaryimage"},"thumbnailUrl":"https:\/\/i0.wp.com\/elregionalvm.com.ar\/noticias-villa-maria\/wp-content\/uploads\/2022\/01\/WhatsApp-Image-2022-01-06-at-15.05.23.jpeg?fit=1161%2C774&ssl=1","datePublished":"2022-01-06T22:40:56+00:00","dateModified":"2022-01-06T22:53:37+00:00","author":{"@id":"http:\/\/elregionalvm.com.ar\/noticias-villa-maria\/#\/schema\/person\/a0fb9c422317faca23d50163151bc354"},"breadcrumb":{"@id":"http:\/\/elregionalvm.com.ar\/noticias-villa-maria\/la-obra-del-nuevo-jardin-de-infantes-de-bo-botta-tiene-un-avance-del-70\/#breadcrumb"},"inLanguage":"es","potentialAction":[{"@type":"ReadAction","target":["http:\/\/elregionalvm.com.ar\/noticias-villa-maria\/la-obra-del-nuevo-jardin-de-infantes-de-bo-botta-tiene-un-avance-del-70\/"]}]},{"@type":"ImageObject","inLanguage":"es","@id":"http:\/\/elregionalvm.com.ar\/noticias-villa-maria\/la-obra-del-nuevo-jardin-de-infantes-de-bo-botta-tiene-un-avance-del-70\/#primaryimage","url":"https:\/\/i0.wp.com\/elregionalvm.com.ar\/noticias-villa-maria\/wp-content\/uploads\/2022\/01\/WhatsApp-Image-2022-01-06-at-15.05.23.jpeg?fit=1161%2C774&ssl=1","contentUrl":"https:\/\/i0.wp.com\/elregionalvm.com.ar\/noticias-villa-maria\/wp-content\/uploads\/2022\/01\/WhatsApp-Image-2022-01-06-at-15.05.23.jpeg?fit=1161%2C774&ssl=1","width":1161,"height":774},{"@type":"BreadcrumbList","@id":"http:\/\/elregionalvm.com.ar\/noticias-villa-maria\/la-obra-del-nuevo-jardin-de-infantes-de-bo-botta-tiene-un-avance-del-70\/#breadcrumb","itemListElement":[{"@type":"ListItem","position":1,"name":"Portada","item":"https:\/\/elregionalvm.com.ar\/noticias-villa-maria\/"},{"@type":"ListItem","position":2,"name":"La obra del nuevo jard\u00edn de infantes de B\u00ba Botta tiene un avance del 70%"}]},{"@type":"WebSite","@id":"http:\/\/elregionalvm.com.ar\/noticias-villa-maria\/#website","url":"http:\/\/elregionalvm.com.ar\/noticias-villa-maria\/","name":"El Regional","description":"Mucho m\u00e1s que informaci\u00f3n","potentialAction":[{"@type":"SearchAction","target":{"@type":"EntryPoint","urlTemplate":"http:\/\/elregionalvm.com.ar\/noticias-villa-maria\/?s={search_term_string}"},"query-input":{"@type":"PropertyValueSpecification","valueRequired":true,"valueName":"search_term_string"}}],"inLanguage":"es"},{"@type":"Person","@id":"http:\/\/elregionalvm.com.ar\/noticias-villa-maria\/#\/schema\/person\/a0fb9c422317faca23d50163151bc354","name":"Contenidos El Regional","image":{"@type":"ImageObject","inLanguage":"es","@id":"http:\/\/elregionalvm.com.ar\/noticias-villa-maria\/#\/schema\/person\/image\/","url":"https:\/\/secure.gravatar.com\/avatar\/265b27cb2209af7bb3a1318f03305787d7981a5cc6e6cd08fe5a4ecdf99d4b48?s=96&d=mm&r=g","contentUrl":"https:\/\/secure.gravatar.com\/avatar\/265b27cb2209af7bb3a1318f03305787d7981a5cc6e6cd08fe5a4ecdf99d4b48?s=96&d=mm&r=g","caption":"Contenidos El Regional"},"url":"https:\/\/elregionalvm.com.ar\/noticias-villa-maria\/author\/contenido\/"}]}},"jetpack_featured_media_url":"https:\/\/i0.wp.com\/elregionalvm.com.ar\/noticias-villa-maria\/wp-content\/uploads\/2022\/01\/WhatsApp-Image-2022-01-06-at-15.05.23.jpeg?fit=1161%2C774&ssl=1","jetpack_sharing_enabled":true,"_links":{"self":[{"href":"https:\/\/elregionalvm.com.ar\/noticias-villa-maria\/wp-json\/wp\/v2\/posts\/50821","targetHints":{"allow":["GET"]}}],"collection":[{"href":"https:\/\/elregionalvm.com.ar\/noticias-villa-maria\/wp-json\/wp\/v2\/posts"}],"about":[{"href":"https:\/\/elregionalvm.com.ar\/noticias-villa-maria\/wp-json\/wp\/v2\/types\/post"}],"author":[{"embeddable":true,"href":"https:\/\/elregionalvm.com.ar\/noticias-villa-maria\/wp-json\/wp\/v2\/users\/4"}],"replies":[{"embeddable":true,"href":"https:\/\/elregionalvm.com.ar\/noticias-villa-maria\/wp-json\/wp\/v2\/comments?post=50821"}],"version-history":[{"count":2,"href":"https:\/\/elregionalvm.com.ar\/noticias-villa-maria\/wp-json\/wp\/v2\/posts\/50821\/revisions"}],"predecessor-version":[{"id":50828,"href":"https:\/\/elregionalvm.com.ar\/noticias-villa-maria\/wp-json\/wp\/v2\/posts\/50821\/revisions\/50828"}],"wp:featuredmedia":[{"embeddable":true,"href":"https:\/\/elregionalvm.com.ar\/noticias-villa-maria\/wp-json\/wp\/v2\/media\/50822"}],"wp:attachment":[{"href":"https:\/\/elregionalvm.com.ar\/noticias-villa-maria\/wp-json\/wp\/v2\/media?parent=50821"}],"wp:term":[{"taxonomy":"category","embeddable":true,"href":"https:\/\/elregionalvm.com.ar\/noticias-villa-maria\/wp-json\/wp\/v2\/categories?post=50821"},{"taxonomy":"post_tag","embeddable":true,"href":"https:\/\/elregionalvm.com.ar\/noticias-villa-maria\/wp-json\/wp\/v2\/tags?post=50821"}],"curies":[{"name":"wp","href":"https:\/\/api.w.org\/{rel}","templated":true}]}}