{"id":50824,"date":"2022-01-06T23:10:07","date_gmt":"2022-01-06T23:10:07","guid":{"rendered":"https:\/\/elregionalvm.com.ar\/noticias-villa-maria\/?p=50824"},"modified":"2022-01-09T18:10:46","modified_gmt":"2022-01-09T18:10:46","slug":"historias-don-campos-los-boyeros-electricos-y-la-llegada-de-una-familia-innovadora","status":"publish","type":"post","link":"https:\/\/elregionalvm.com.ar\/noticias-villa-maria\/historias-don-campos-los-boyeros-electricos-y-la-llegada-de-una-familia-innovadora\/","title":{"rendered":"[Historias] Don Campos, los boyeros el\u00e9ctricos y la llegada de una familia innovadora"},"content":{"rendered":"\n<p><\/p>\n\n\n\n<p><strong>De nuestro archivo rescatamos la nota que oportunamente realizamos a Don Alberto Manuel Campos Cabanillas. Entonces, cont\u00f3 su historia de vida, su infancia, sus trabajos, la creaci\u00f3n de su empresa y c\u00f3mo fue el tutor de una familia que con los a\u00f1os se convertir\u00eda en una de las m\u00e1s reconocidas en el \u00e1mbito empresarial.<\/strong><\/p>\n\n\n\n<p><\/p>\n\n\n\n<p><strong>Escribe: JULIO A. BEN\u00cdTEZ \u2013 benitezjulioalberto@gmail.com<\/strong><\/p>\n\n\n\n<p><\/p>\n\n\n\n<p>\u201cNac\u00ed el 17 de junio de 1924, cerca de Los Zorros, en pleno monte, \u201cEstancia San Jorge\u201d. Mi padre, Francisco de Paula Campos, espa\u00f1ol, era el jefe de la Estaci\u00f3n James Craik del ex F.C.C.A, desde donde part\u00eda un ramal hasta ese establecimiento, para cargar le\u00f1a.<\/p>\n\n\n\n<p>Como de costumbre, mi mam\u00e1, Mar\u00eda Ramona Cabanillas, que estaba embarazada, ese d\u00eda lo acompa\u00f1\u00f3 y comenz\u00f3 con dolores y sin m\u00e1s atenci\u00f3n que la que puede haberle prestado su esposo o alg\u00fan vecino, nac\u00ed yo.<\/p>\n\n\n\n<p>Los Cabanillas eran ricos, due\u00f1os de estancias por la zona de R\u00edo Tercero y desde siempre cumpl\u00edan con una regla, seg\u00fan la cual se ten\u00edan que casar entre familiares, tal vez ser\u00eda para que ning\u00fan extra\u00f1o pudiera ser heredero de su fortuna.<\/p>\n\n\n\n<p>Adem\u00e1s, el primer hijo, si era var\u00f3n, ten\u00eda que ser cura y, si era mujer, monja. Solamente uno no hizo caso y se cas\u00f3 con la hija de un famoso cacique ranquel\u201d.<\/p>\n\n\n\n<p><strong>Las primeras labores<\/strong><\/p>\n\n\n\n<p>\u201cYa viv\u00edamos en C\u00f3rdoba y yo hab\u00eda cumplido 11 a\u00f1os. Una ma\u00f1ana acompa\u00f1\u00e9 a mi mam\u00e1 hasta la parada del tranv\u00eda, iba al Hospital de Cl\u00ednicas a fin de que le extrajeran una muela y pocas horas despu\u00e9s nos avisaron que hab\u00eda muerto. Nunca supimos las causas de su deceso y, desde ese momento, mi padre se abri\u00f3 de la familia Cabanillas.<\/p>\n\n\n\n<p>Fui rebelde, curs\u00e9 la primaria, me escap\u00e9 dos o tres veces, luego la secundaria de donde tambi\u00e9n me escabull\u00ed, por lo que fui castigado y en 1939 internado como pupilo en la Ex Escuela del Trabajo de Villa Mar\u00eda, cuando el director era don Juan M\u00fcller.<\/p>\n\n\n\n<p>Como mi padre era jefe de la estaci\u00f3n de \u201cEl Tr\u00e9bol\u201d, provincia de Santa Fe, fue designado como mi tutor Ricardo, un primo hermano a quien no conoc\u00eda.<\/p>\n\n\n\n<p>Me recib\u00ed en 1942 como t\u00e9cnico electricista y en esa \u00e9poca las escuelas especializadas consegu\u00edan a cada alumno un trabajo, por seis meses, antes de entregarle el diploma.<\/p>\n\n\n\n<p>Me correspondi\u00f3 ir a la F\u00e1brica Militar de nuestra ciudad y la primera tarea fue cavar zanjas para la instalaci\u00f3n subterr\u00e1nea de cables y luego entr\u00e9 como electricista en el B.5.<\/p>\n\n\n\n<p>En 1945 fui a trabajar a la F\u00e1brica de Aviones de C\u00f3rdoba, donde iba a cobrar 0.05 centavos moneda nacional, m\u00e1s, por hora.<\/p>\n\n\n\n<p>Corr\u00eda el a\u00f1o 1948, fue una mala experiencia, me ficharon como radical, as\u00ed que volv\u00ed a Villa Mar\u00eda. Ya me hab\u00eda casado con Irene Ghiglia y ten\u00edamos dos hijos\u201d.<\/p>\n\n\n\n<p><\/p>\n\n\n\n<figure class=\"wp-block-image size-full\"><img fetchpriority=\"high\" decoding=\"async\" width=\"816\" height=\"623\" src=\"https:\/\/elregionalvm.com.ar\/noticias-villa-maria\/wp-content\/uploads\/2022\/01\/Don-Alberto-Campos-1.bmp\" alt=\"\" class=\"wp-image-50833\" srcset=\"https:\/\/elregionalvm.com.ar\/noticias-villa-maria\/wp-content\/uploads\/2022\/01\/Don-Alberto-Campos-1.bmp 816w, https:\/\/elregionalvm.com.ar\/noticias-villa-maria\/wp-content\/uploads\/2022\/01\/Don-Alberto-Campos-1.bmp 300w, https:\/\/elregionalvm.com.ar\/noticias-villa-maria\/wp-content\/uploads\/2022\/01\/Don-Alberto-Campos-1.bmp 768w\" sizes=\"(max-width: 816px) 100vw, 816px\" \/><\/figure>\n\n\n\n<p><\/p>\n\n\n\n<p><strong>Emprendimientos<\/strong><\/p>\n\n\n\n<p>\u201cMi suegra, que me dio una gran mano, compr\u00f3 una semiller\u00eda en calle Buenos Aires 1363, donde viv\u00edamos, y en una habitaci\u00f3n instal\u00e9 mi primer taller. Hab\u00eda trabajo, \u00e9ramos cuatro que atend\u00edamos a los clientes de la ciudad y zona, don Ram\u00f3n Vijande, Venancio Bravo y el \u201cGallego\u201d Mart\u00ednez, momentos en que se estaban convirtiendo todos los motores de corriente continua a corriente alternada, y, adem\u00e1s, se reparaban todos los artefactos el\u00e9ctricos.<\/p>\n\n\n\n<p>Me fui agrandando y atend\u00eda trabajos a domicilio que realizaban G\u00f3mez y \u201cTito\u201d Astesano y compr\u00e9 la esquina de San Juan y E.E.U.U., donde funcion\u00f3 el bar \u201cAl Chentro\u201d, y ocup\u00e9 m\u00e1s obreros.<\/p>\n\n\n\n<p>Hacia fines de 1951 o principios de 1952 me llam\u00f3 mi primo hermano Emilio Salas, quien era empleado de la Western Oil Company en la Rep\u00fablica del Paraguay, quien me dijo \u2013 Alberto, tienes que hacerme un gran favor\u2026 Le respond\u00ed: -C\u00f3mo no. \u00bfQu\u00e9 precis\u00e1s?<\/p>\n\n\n\n<p>-Aqu\u00ed en Paraguay est\u00e1 refugiada una familia francesa que quiere ingresar a Argentina, necesitan un tutor y he pensado en vos.<\/p>\n\n\n\n<p>-Bien -le dije\u2013 hagamos el tr\u00e1mite.<\/p>\n\n\n\n<p>Y fui a la escriban\u00eda Fiol, donde firm\u00e9 la escritura. Era obligaci\u00f3n m\u00eda darle trabajo por dos a\u00f1os. Esa familia era la del ingeniero Boris Nossovitch, su esposa Ludmila y sus hijos Pedro y Miguel. Les facilit\u00e9 una casa en Villa Nueva y Boris trabaj\u00f3 un tiempo en mi taller, para luego dedicarse a arreglar reguladores de voltaje\u201d.<\/p>\n\n\n\n<p><strong>Los boyeros<\/strong><\/p>\n\n\n\n<p>\u201cRealizando esa tarea en camiones cargados con hacienda, observ\u00f3 que los animales eran picaneados con elementos manuales de punta de metal, que les produc\u00edan sangrantes heridas y fue por tal observaci\u00f3n que me aconsej\u00f3. \u2018Don Alberto, ded\u00edquese a fabricar picanas a bater\u00eda, que con un golpe razonable de voltaje har\u00e1 que el animal se mueva, sin ser lastimado\u2019.<\/p>\n\n\n\n<p>El ingeniero Boris ya hab\u00eda ideado los reguladores que fueron y son conocidos y comercializados en el pa\u00eds y en el extranjero, as\u00ed que a m\u00ed me hac\u00eda las cajas para las bater\u00edas de las picanas, iguales que las que usaban para su producto.<\/p>\n\n\n\n<p>Sus hijos Pedro y Miguel comenzaron a viajar, primero en moto, y a la vez que vend\u00edan los reguladores, recib\u00edan las unidades selladas quemadas para reacondicionar, cuyo invento, despu\u00e9s, se lo transfiri\u00f3 a don Enrique Juan Nicola, propietario de Casa Nice.<\/p>\n\n\n\n<p>Don Boris me propuso que me asociara con \u00e9l, ofrecimiento que no acept\u00e9, pero tom\u00e9 en cuenta su consejo para comenzar con la fabricaci\u00f3n de boyeros el\u00e9ctricos y registr\u00e9 mi marca \u201cCAM-AL\u201d.<\/p>\n\n\n\n<p>La f\u00e1brica de la familia Nossovitch estaba en pleno ascenso y a m\u00ed me compraba toda la producci\u00f3n, que entregaban sus viajantes, hasta que yo pude desenvolverme por mi cuenta y form\u00e9 personal especializado para la colocaci\u00f3n de mis productos en plaza y la provincia, para lo cual compr\u00e9 5 veh\u00edculos.<\/p>\n\n\n\n<p><\/p>\n\n\n\n<figure class=\"wp-block-image size-full\"><img data-recalc-dims=\"1\" decoding=\"async\" width=\"960\" height=\"623\" src=\"https:\/\/i0.wp.com\/elregionalvm.com.ar\/noticias-villa-maria\/wp-content\/uploads\/2022\/01\/Empresa-Nossovitch-1966.jpg?resize=960%2C623&#038;ssl=1\" alt=\"\" class=\"wp-image-50835\" srcset=\"https:\/\/i0.wp.com\/elregionalvm.com.ar\/noticias-villa-maria\/wp-content\/uploads\/2022\/01\/Empresa-Nossovitch-1966.jpg?w=960&amp;ssl=1 960w, https:\/\/i0.wp.com\/elregionalvm.com.ar\/noticias-villa-maria\/wp-content\/uploads\/2022\/01\/Empresa-Nossovitch-1966.jpg?resize=300%2C195&amp;ssl=1 300w, https:\/\/i0.wp.com\/elregionalvm.com.ar\/noticias-villa-maria\/wp-content\/uploads\/2022\/01\/Empresa-Nossovitch-1966.jpg?resize=768%2C498&amp;ssl=1 768w\" sizes=\"(max-width: 960px) 100vw, 960px\" \/><figcaption><em>La empresa Nossovitch, en una imagen de 1966.<\/em><\/figcaption><\/figure>\n\n\n\n<p><\/p>\n\n\n\n<p>En el a\u00f1o 1959 hab\u00eda ingresado como profesor de mi especialidad en la Escuela del Trabajo y en 1967 renunci\u00e9 para dedicarme de lleno a mi actividad.<\/p>\n\n\n\n<p>\u201cCAM-AL\u201d cerr\u00f3 sus puertas el 7 de abril de 1990.<\/p>\n\n\n\n<p>Ahora trabajo en mi modesto taller, para despuntar el vicio y, a la vez, juntarme con unos pesos extras, ya que estoy jubilado con la m\u00ednima. Tengo 2 hijas y un hijo, 9 nietos y siete bisnietos: \u00bfQu\u00e9 m\u00e1s puedo pedir?\u201d.<\/p>\n\n\n\n<p>As\u00ed conclu\u00eda hace algunos a\u00f1os el relato de Don Alberto Campos, un emprendedor en la ciudad. De los tantos que so\u00f1aron con crecer y contribuir a hacer un poco m\u00e1s grande esta ciudad.<\/p>\n\n\n\n<p><\/p>\n\n\n\n<p><em><strong>Foto de portada: <\/strong>Reuni\u00f3n de personal de la empresa  \u201cCAM-AL\u201d (C\u00f3rdoba de Anta\u00f1o). <\/em><\/p>\n","protected":false},"excerpt":{"rendered":"<p>De nuestro archivo rescatamos la nota que oportunamente realizamos a Don Alberto Manuel Campos Cabanillas. Entonces, cont\u00f3 su historia de vida, su infancia, sus trabajos, la creaci\u00f3n de su empresa y c\u00f3mo fue el tutor de una familia que con los a\u00f1os se convertir\u00eda en una de las m\u00e1s reconocidas en el \u00e1mbito empresarial. Escribe: [&hellip;]<\/p>\n","protected":false},"author":4,"featured_media":50831,"comment_status":"open","ping_status":"open","sticky":false,"template":"","format":"standard","meta":{"site-sidebar-layout":"default","site-content-layout":"default","ast-site-content-layout":"default","site-content-style":"default","site-sidebar-style":"default","ast-global-header-display":"","ast-banner-title-visibility":"","ast-main-header-display":"","ast-hfb-above-header-display":"","ast-hfb-below-header-display":"","ast-hfb-mobile-header-display":"","site-post-title":"","ast-breadcrumbs-content":"","ast-featured-img":"","footer-sml-layout":"","ast-disable-related-posts":"","theme-transparent-header-meta":"default","adv-header-id-meta":"","stick-header-meta":"","header-above-stick-meta":"","header-main-stick-meta":"","header-below-stick-meta":"","astra-migrate-meta-layouts":"default","ast-page-background-enabled":"default","ast-page-background-meta":{"desktop":{"background-color":"","background-image":"","background-repeat":"repeat","background-position":"center center","background-size":"auto","background-attachment":"scroll","background-type":"","background-media":"","overlay-type":"","overlay-color":"","overlay-opacity":"","overlay-gradient":""},"tablet":{"background-color":"","background-image":"","background-repeat":"repeat","background-position":"center center","background-size":"auto","background-attachment":"scroll","background-type":"","background-media":"","overlay-type":"","overlay-color":"","overlay-opacity":"","overlay-gradient":""},"mobile":{"background-color":"","background-image":"","background-repeat":"repeat","background-position":"center center","background-size":"auto","background-attachment":"scroll","background-type":"","background-media":"","overlay-type":"","overlay-color":"","overlay-opacity":"","overlay-gradient":""}},"ast-content-background-meta":{"desktop":{"background-color":"var(--ast-global-color-5)","background-image":"","background-repeat":"repeat","background-position":"center center","background-size":"auto","background-attachment":"scroll","background-type":"","background-media":"","overlay-type":"","overlay-color":"","overlay-opacity":"","overlay-gradient":""},"tablet":{"background-color":"var(--ast-global-color-5)","background-image":"","background-repeat":"repeat","background-position":"center center","background-size":"auto","background-attachment":"scroll","background-type":"","background-media":"","overlay-type":"","overlay-color":"","overlay-opacity":"","overlay-gradient":""},"mobile":{"background-color":"var(--ast-global-color-5)","background-image":"","background-repeat":"repeat","background-position":"center center","background-size":"auto","background-attachment":"scroll","background-type":"","background-media":"","overlay-type":"","overlay-color":"","overlay-opacity":"","overlay-gradient":""}},"_jetpack_memberships_contains_paid_content":false,"_joinchat":[],"footnotes":""},"categories":[2098,3557],"tags":[13137,13139,13141,13140,13138,1386,2260],"class_list":["post-50824","post","type-post","status-publish","format-standard","has-post-thumbnail","hentry","category-historias","category-tercera","tag-alberto-campos","tag-boyero-electrico","tag-cam-al","tag-escuela-de-trabajo","tag-familia-nossovitch","tag-historias","tag-te-acordas-hermano"],"yoast_head":"<!-- This site is optimized with the Yoast SEO plugin v26.8 - https:\/\/yoast.com\/product\/yoast-seo-wordpress\/ -->\n<title>[Historias] Don Campos, los boyeros el\u00e9ctricos y la llegada de una familia innovadora - El Regional<\/title>\n<meta name=\"robots\" content=\"index, follow, max-snippet:-1, max-image-preview:large, max-video-preview:-1\" \/>\n<link rel=\"canonical\" href=\"http:\/\/elregionalvm.com.ar\/noticias-villa-maria\/historias-don-campos-los-boyeros-electricos-y-la-llegada-de-una-familia-innovadora\/\" \/>\n<meta property=\"og:locale\" content=\"es_ES\" \/>\n<meta property=\"og:type\" content=\"article\" \/>\n<meta property=\"og:title\" content=\"[Historias] Don Campos, los boyeros el\u00e9ctricos y la llegada de una familia innovadora - El Regional\" \/>\n<meta property=\"og:description\" content=\"De nuestro archivo rescatamos la nota que oportunamente realizamos a Don Alberto Manuel Campos Cabanillas. Entonces, cont\u00f3 su historia de vida, su infancia, sus trabajos, la creaci\u00f3n de su empresa y c\u00f3mo fue el tutor de una familia que con los a\u00f1os se convertir\u00eda en una de las m\u00e1s reconocidas en el \u00e1mbito empresarial. Escribe: [&hellip;]\" \/>\n<meta property=\"og:url\" content=\"http:\/\/elregionalvm.com.ar\/noticias-villa-maria\/historias-don-campos-los-boyeros-electricos-y-la-llegada-de-una-familia-innovadora\/\" \/>\n<meta property=\"og:site_name\" content=\"El Regional\" \/>\n<meta property=\"article:publisher\" content=\"https:\/\/www.facebook.com\/elregionalvm\" \/>\n<meta property=\"article:published_time\" content=\"2022-01-06T23:10:07+00:00\" \/>\n<meta property=\"article:modified_time\" content=\"2022-01-09T18:10:46+00:00\" \/>\n<meta property=\"og:image\" content=\"http:\/\/elregionalvm.com.ar\/noticias-villa-maria\/wp-content\/uploads\/2022\/01\/Personal-de-Cam-Al-Boyero-Alberto-Campos.jpg\" \/>\n\t<meta property=\"og:image:width\" content=\"1322\" \/>\n\t<meta property=\"og:image:height\" content=\"804\" \/>\n\t<meta property=\"og:image:type\" content=\"image\/jpeg\" \/>\n<meta name=\"author\" content=\"Contenidos El Regional\" \/>\n<meta name=\"twitter:card\" content=\"summary_large_image\" \/>\n<meta name=\"twitter:creator\" content=\"@elregionalvm1\" \/>\n<meta name=\"twitter:site\" content=\"@elregionalvm1\" \/>\n<meta name=\"twitter:label1\" content=\"Escrito por\" \/>\n\t<meta name=\"twitter:data1\" content=\"Contenidos El Regional\" \/>\n\t<meta name=\"twitter:label2\" content=\"Tiempo de lectura\" \/>\n\t<meta name=\"twitter:data2\" content=\"6 minutos\" \/>\n<script type=\"application\/ld+json\" class=\"yoast-schema-graph\">{\"@context\":\"https:\/\/schema.org\",\"@graph\":[{\"@type\":\"Article\",\"@id\":\"http:\/\/elregionalvm.com.ar\/noticias-villa-maria\/historias-don-campos-los-boyeros-electricos-y-la-llegada-de-una-familia-innovadora\/#article\",\"isPartOf\":{\"@id\":\"http:\/\/elregionalvm.com.ar\/noticias-villa-maria\/historias-don-campos-los-boyeros-electricos-y-la-llegada-de-una-familia-innovadora\/\"},\"author\":{\"name\":\"Contenidos El Regional\",\"@id\":\"http:\/\/elregionalvm.com.ar\/noticias-villa-maria\/#\/schema\/person\/a0fb9c422317faca23d50163151bc354\"},\"headline\":\"[Historias] Don Campos, los boyeros el\u00e9ctricos y la llegada de una familia innovadora\",\"datePublished\":\"2022-01-06T23:10:07+00:00\",\"dateModified\":\"2022-01-09T18:10:46+00:00\",\"mainEntityOfPage\":{\"@id\":\"http:\/\/elregionalvm.com.ar\/noticias-villa-maria\/historias-don-campos-los-boyeros-electricos-y-la-llegada-de-una-familia-innovadora\/\"},\"wordCount\":1165,\"commentCount\":2,\"image\":{\"@id\":\"http:\/\/elregionalvm.com.ar\/noticias-villa-maria\/historias-don-campos-los-boyeros-electricos-y-la-llegada-de-una-familia-innovadora\/#primaryimage\"},\"thumbnailUrl\":\"https:\/\/i0.wp.com\/elregionalvm.com.ar\/noticias-villa-maria\/wp-content\/uploads\/2022\/01\/Personal-de-Cam-Al-Boyero-Alberto-Campos.jpg?fit=1322%2C804&ssl=1\",\"keywords\":[\"Alberto Campos\",\"boyero el\u00e9ctrico\",\"Cam-Al\",\"Escuela de Trabajo\",\"familia Nossovitch\",\"historias\",\"Te acord\u00e1s hermano\"],\"articleSection\":[\"Historias\",\"tercera\"],\"inLanguage\":\"es\",\"potentialAction\":[{\"@type\":\"CommentAction\",\"name\":\"Comment\",\"target\":[\"http:\/\/elregionalvm.com.ar\/noticias-villa-maria\/historias-don-campos-los-boyeros-electricos-y-la-llegada-de-una-familia-innovadora\/#respond\"]}]},{\"@type\":\"WebPage\",\"@id\":\"http:\/\/elregionalvm.com.ar\/noticias-villa-maria\/historias-don-campos-los-boyeros-electricos-y-la-llegada-de-una-familia-innovadora\/\",\"url\":\"http:\/\/elregionalvm.com.ar\/noticias-villa-maria\/historias-don-campos-los-boyeros-electricos-y-la-llegada-de-una-familia-innovadora\/\",\"name\":\"[Historias] Don Campos, los boyeros el\u00e9ctricos y la llegada de una familia innovadora - El Regional\",\"isPartOf\":{\"@id\":\"http:\/\/elregionalvm.com.ar\/noticias-villa-maria\/#website\"},\"primaryImageOfPage\":{\"@id\":\"http:\/\/elregionalvm.com.ar\/noticias-villa-maria\/historias-don-campos-los-boyeros-electricos-y-la-llegada-de-una-familia-innovadora\/#primaryimage\"},\"image\":{\"@id\":\"http:\/\/elregionalvm.com.ar\/noticias-villa-maria\/historias-don-campos-los-boyeros-electricos-y-la-llegada-de-una-familia-innovadora\/#primaryimage\"},\"thumbnailUrl\":\"https:\/\/i0.wp.com\/elregionalvm.com.ar\/noticias-villa-maria\/wp-content\/uploads\/2022\/01\/Personal-de-Cam-Al-Boyero-Alberto-Campos.jpg?fit=1322%2C804&ssl=1\",\"datePublished\":\"2022-01-06T23:10:07+00:00\",\"dateModified\":\"2022-01-09T18:10:46+00:00\",\"author\":{\"@id\":\"http:\/\/elregionalvm.com.ar\/noticias-villa-maria\/#\/schema\/person\/a0fb9c422317faca23d50163151bc354\"},\"breadcrumb\":{\"@id\":\"http:\/\/elregionalvm.com.ar\/noticias-villa-maria\/historias-don-campos-los-boyeros-electricos-y-la-llegada-de-una-familia-innovadora\/#breadcrumb\"},\"inLanguage\":\"es\",\"potentialAction\":[{\"@type\":\"ReadAction\",\"target\":[\"http:\/\/elregionalvm.com.ar\/noticias-villa-maria\/historias-don-campos-los-boyeros-electricos-y-la-llegada-de-una-familia-innovadora\/\"]}]},{\"@type\":\"ImageObject\",\"inLanguage\":\"es\",\"@id\":\"http:\/\/elregionalvm.com.ar\/noticias-villa-maria\/historias-don-campos-los-boyeros-electricos-y-la-llegada-de-una-familia-innovadora\/#primaryimage\",\"url\":\"https:\/\/i0.wp.com\/elregionalvm.com.ar\/noticias-villa-maria\/wp-content\/uploads\/2022\/01\/Personal-de-Cam-Al-Boyero-Alberto-Campos.jpg?fit=1322%2C804&ssl=1\",\"contentUrl\":\"https:\/\/i0.wp.com\/elregionalvm.com.ar\/noticias-villa-maria\/wp-content\/uploads\/2022\/01\/Personal-de-Cam-Al-Boyero-Alberto-Campos.jpg?fit=1322%2C804&ssl=1\",\"width\":1322,\"height\":804},{\"@type\":\"BreadcrumbList\",\"@id\":\"http:\/\/elregionalvm.com.ar\/noticias-villa-maria\/historias-don-campos-los-boyeros-electricos-y-la-llegada-de-una-familia-innovadora\/#breadcrumb\",\"itemListElement\":[{\"@type\":\"ListItem\",\"position\":1,\"name\":\"Portada\",\"item\":\"https:\/\/elregionalvm.com.ar\/noticias-villa-maria\/\"},{\"@type\":\"ListItem\",\"position\":2,\"name\":\"[Historias] Don Campos, los boyeros el\u00e9ctricos y la llegada de una familia innovadora\"}]},{\"@type\":\"WebSite\",\"@id\":\"http:\/\/elregionalvm.com.ar\/noticias-villa-maria\/#website\",\"url\":\"http:\/\/elregionalvm.com.ar\/noticias-villa-maria\/\",\"name\":\"El Regional\",\"description\":\"Mucho m\u00e1s que informaci\u00f3n\",\"potentialAction\":[{\"@type\":\"SearchAction\",\"target\":{\"@type\":\"EntryPoint\",\"urlTemplate\":\"http:\/\/elregionalvm.com.ar\/noticias-villa-maria\/?s={search_term_string}\"},\"query-input\":{\"@type\":\"PropertyValueSpecification\",\"valueRequired\":true,\"valueName\":\"search_term_string\"}}],\"inLanguage\":\"es\"},{\"@type\":\"Person\",\"@id\":\"http:\/\/elregionalvm.com.ar\/noticias-villa-maria\/#\/schema\/person\/a0fb9c422317faca23d50163151bc354\",\"name\":\"Contenidos El Regional\",\"image\":{\"@type\":\"ImageObject\",\"inLanguage\":\"es\",\"@id\":\"http:\/\/elregionalvm.com.ar\/noticias-villa-maria\/#\/schema\/person\/image\/\",\"url\":\"https:\/\/secure.gravatar.com\/avatar\/265b27cb2209af7bb3a1318f03305787d7981a5cc6e6cd08fe5a4ecdf99d4b48?s=96&d=mm&r=g\",\"contentUrl\":\"https:\/\/secure.gravatar.com\/avatar\/265b27cb2209af7bb3a1318f03305787d7981a5cc6e6cd08fe5a4ecdf99d4b48?s=96&d=mm&r=g\",\"caption\":\"Contenidos El Regional\"},\"url\":\"https:\/\/elregionalvm.com.ar\/noticias-villa-maria\/author\/contenido\/\"}]}<\/script>\n<!-- \/ Yoast SEO plugin. -->","yoast_head_json":{"title":"[Historias] Don Campos, los boyeros el\u00e9ctricos y la llegada de una familia innovadora - El Regional","robots":{"index":"index","follow":"follow","max-snippet":"max-snippet:-1","max-image-preview":"max-image-preview:large","max-video-preview":"max-video-preview:-1"},"canonical":"http:\/\/elregionalvm.com.ar\/noticias-villa-maria\/historias-don-campos-los-boyeros-electricos-y-la-llegada-de-una-familia-innovadora\/","og_locale":"es_ES","og_type":"article","og_title":"[Historias] Don Campos, los boyeros el\u00e9ctricos y la llegada de una familia innovadora - El Regional","og_description":"De nuestro archivo rescatamos la nota que oportunamente realizamos a Don Alberto Manuel Campos Cabanillas. Entonces, cont\u00f3 su historia de vida, su infancia, sus trabajos, la creaci\u00f3n de su empresa y c\u00f3mo fue el tutor de una familia que con los a\u00f1os se convertir\u00eda en una de las m\u00e1s reconocidas en el \u00e1mbito empresarial. Escribe: [&hellip;]","og_url":"http:\/\/elregionalvm.com.ar\/noticias-villa-maria\/historias-don-campos-los-boyeros-electricos-y-la-llegada-de-una-familia-innovadora\/","og_site_name":"El Regional","article_publisher":"https:\/\/www.facebook.com\/elregionalvm","article_published_time":"2022-01-06T23:10:07+00:00","article_modified_time":"2022-01-09T18:10:46+00:00","og_image":[{"width":1322,"height":804,"url":"http:\/\/elregionalvm.com.ar\/noticias-villa-maria\/wp-content\/uploads\/2022\/01\/Personal-de-Cam-Al-Boyero-Alberto-Campos.jpg","type":"image\/jpeg"}],"author":"Contenidos El Regional","twitter_card":"summary_large_image","twitter_creator":"@elregionalvm1","twitter_site":"@elregionalvm1","twitter_misc":{"Escrito por":"Contenidos El Regional","Tiempo de lectura":"6 minutos"},"schema":{"@context":"https:\/\/schema.org","@graph":[{"@type":"Article","@id":"http:\/\/elregionalvm.com.ar\/noticias-villa-maria\/historias-don-campos-los-boyeros-electricos-y-la-llegada-de-una-familia-innovadora\/#article","isPartOf":{"@id":"http:\/\/elregionalvm.com.ar\/noticias-villa-maria\/historias-don-campos-los-boyeros-electricos-y-la-llegada-de-una-familia-innovadora\/"},"author":{"name":"Contenidos El Regional","@id":"http:\/\/elregionalvm.com.ar\/noticias-villa-maria\/#\/schema\/person\/a0fb9c422317faca23d50163151bc354"},"headline":"[Historias] Don Campos, los boyeros el\u00e9ctricos y la llegada de una familia innovadora","datePublished":"2022-01-06T23:10:07+00:00","dateModified":"2022-01-09T18:10:46+00:00","mainEntityOfPage":{"@id":"http:\/\/elregionalvm.com.ar\/noticias-villa-maria\/historias-don-campos-los-boyeros-electricos-y-la-llegada-de-una-familia-innovadora\/"},"wordCount":1165,"commentCount":2,"image":{"@id":"http:\/\/elregionalvm.com.ar\/noticias-villa-maria\/historias-don-campos-los-boyeros-electricos-y-la-llegada-de-una-familia-innovadora\/#primaryimage"},"thumbnailUrl":"https:\/\/i0.wp.com\/elregionalvm.com.ar\/noticias-villa-maria\/wp-content\/uploads\/2022\/01\/Personal-de-Cam-Al-Boyero-Alberto-Campos.jpg?fit=1322%2C804&ssl=1","keywords":["Alberto Campos","boyero el\u00e9ctrico","Cam-Al","Escuela de Trabajo","familia Nossovitch","historias","Te acord\u00e1s hermano"],"articleSection":["Historias","tercera"],"inLanguage":"es","potentialAction":[{"@type":"CommentAction","name":"Comment","target":["http:\/\/elregionalvm.com.ar\/noticias-villa-maria\/historias-don-campos-los-boyeros-electricos-y-la-llegada-de-una-familia-innovadora\/#respond"]}]},{"@type":"WebPage","@id":"http:\/\/elregionalvm.com.ar\/noticias-villa-maria\/historias-don-campos-los-boyeros-electricos-y-la-llegada-de-una-familia-innovadora\/","url":"http:\/\/elregionalvm.com.ar\/noticias-villa-maria\/historias-don-campos-los-boyeros-electricos-y-la-llegada-de-una-familia-innovadora\/","name":"[Historias] Don Campos, los boyeros el\u00e9ctricos y la llegada de una familia innovadora - El Regional","isPartOf":{"@id":"http:\/\/elregionalvm.com.ar\/noticias-villa-maria\/#website"},"primaryImageOfPage":{"@id":"http:\/\/elregionalvm.com.ar\/noticias-villa-maria\/historias-don-campos-los-boyeros-electricos-y-la-llegada-de-una-familia-innovadora\/#primaryimage"},"image":{"@id":"http:\/\/elregionalvm.com.ar\/noticias-villa-maria\/historias-don-campos-los-boyeros-electricos-y-la-llegada-de-una-familia-innovadora\/#primaryimage"},"thumbnailUrl":"https:\/\/i0.wp.com\/elregionalvm.com.ar\/noticias-villa-maria\/wp-content\/uploads\/2022\/01\/Personal-de-Cam-Al-Boyero-Alberto-Campos.jpg?fit=1322%2C804&ssl=1","datePublished":"2022-01-06T23:10:07+00:00","dateModified":"2022-01-09T18:10:46+00:00","author":{"@id":"http:\/\/elregionalvm.com.ar\/noticias-villa-maria\/#\/schema\/person\/a0fb9c422317faca23d50163151bc354"},"breadcrumb":{"@id":"http:\/\/elregionalvm.com.ar\/noticias-villa-maria\/historias-don-campos-los-boyeros-electricos-y-la-llegada-de-una-familia-innovadora\/#breadcrumb"},"inLanguage":"es","potentialAction":[{"@type":"ReadAction","target":["http:\/\/elregionalvm.com.ar\/noticias-villa-maria\/historias-don-campos-los-boyeros-electricos-y-la-llegada-de-una-familia-innovadora\/"]}]},{"@type":"ImageObject","inLanguage":"es","@id":"http:\/\/elregionalvm.com.ar\/noticias-villa-maria\/historias-don-campos-los-boyeros-electricos-y-la-llegada-de-una-familia-innovadora\/#primaryimage","url":"https:\/\/i0.wp.com\/elregionalvm.com.ar\/noticias-villa-maria\/wp-content\/uploads\/2022\/01\/Personal-de-Cam-Al-Boyero-Alberto-Campos.jpg?fit=1322%2C804&ssl=1","contentUrl":"https:\/\/i0.wp.com\/elregionalvm.com.ar\/noticias-villa-maria\/wp-content\/uploads\/2022\/01\/Personal-de-Cam-Al-Boyero-Alberto-Campos.jpg?fit=1322%2C804&ssl=1","width":1322,"height":804},{"@type":"BreadcrumbList","@id":"http:\/\/elregionalvm.com.ar\/noticias-villa-maria\/historias-don-campos-los-boyeros-electricos-y-la-llegada-de-una-familia-innovadora\/#breadcrumb","itemListElement":[{"@type":"ListItem","position":1,"name":"Portada","item":"https:\/\/elregionalvm.com.ar\/noticias-villa-maria\/"},{"@type":"ListItem","position":2,"name":"[Historias] Don Campos, los boyeros el\u00e9ctricos y la llegada de una familia innovadora"}]},{"@type":"WebSite","@id":"http:\/\/elregionalvm.com.ar\/noticias-villa-maria\/#website","url":"http:\/\/elregionalvm.com.ar\/noticias-villa-maria\/","name":"El Regional","description":"Mucho m\u00e1s que informaci\u00f3n","potentialAction":[{"@type":"SearchAction","target":{"@type":"EntryPoint","urlTemplate":"http:\/\/elregionalvm.com.ar\/noticias-villa-maria\/?s={search_term_string}"},"query-input":{"@type":"PropertyValueSpecification","valueRequired":true,"valueName":"search_term_string"}}],"inLanguage":"es"},{"@type":"Person","@id":"http:\/\/elregionalvm.com.ar\/noticias-villa-maria\/#\/schema\/person\/a0fb9c422317faca23d50163151bc354","name":"Contenidos El Regional","image":{"@type":"ImageObject","inLanguage":"es","@id":"http:\/\/elregionalvm.com.ar\/noticias-villa-maria\/#\/schema\/person\/image\/","url":"https:\/\/secure.gravatar.com\/avatar\/265b27cb2209af7bb3a1318f03305787d7981a5cc6e6cd08fe5a4ecdf99d4b48?s=96&d=mm&r=g","contentUrl":"https:\/\/secure.gravatar.com\/avatar\/265b27cb2209af7bb3a1318f03305787d7981a5cc6e6cd08fe5a4ecdf99d4b48?s=96&d=mm&r=g","caption":"Contenidos El Regional"},"url":"https:\/\/elregionalvm.com.ar\/noticias-villa-maria\/author\/contenido\/"}]}},"jetpack_featured_media_url":"https:\/\/i0.wp.com\/elregionalvm.com.ar\/noticias-villa-maria\/wp-content\/uploads\/2022\/01\/Personal-de-Cam-Al-Boyero-Alberto-Campos.jpg?fit=1322%2C804&ssl=1","jetpack_sharing_enabled":true,"_links":{"self":[{"href":"https:\/\/elregionalvm.com.ar\/noticias-villa-maria\/wp-json\/wp\/v2\/posts\/50824","targetHints":{"allow":["GET"]}}],"collection":[{"href":"https:\/\/elregionalvm.com.ar\/noticias-villa-maria\/wp-json\/wp\/v2\/posts"}],"about":[{"href":"https:\/\/elregionalvm.com.ar\/noticias-villa-maria\/wp-json\/wp\/v2\/types\/post"}],"author":[{"embeddable":true,"href":"https:\/\/elregionalvm.com.ar\/noticias-villa-maria\/wp-json\/wp\/v2\/users\/4"}],"replies":[{"embeddable":true,"href":"https:\/\/elregionalvm.com.ar\/noticias-villa-maria\/wp-json\/wp\/v2\/comments?post=50824"}],"version-history":[{"count":2,"href":"https:\/\/elregionalvm.com.ar\/noticias-villa-maria\/wp-json\/wp\/v2\/posts\/50824\/revisions"}],"predecessor-version":[{"id":50836,"href":"https:\/\/elregionalvm.com.ar\/noticias-villa-maria\/wp-json\/wp\/v2\/posts\/50824\/revisions\/50836"}],"wp:featuredmedia":[{"embeddable":true,"href":"https:\/\/elregionalvm.com.ar\/noticias-villa-maria\/wp-json\/wp\/v2\/media\/50831"}],"wp:attachment":[{"href":"https:\/\/elregionalvm.com.ar\/noticias-villa-maria\/wp-json\/wp\/v2\/media?parent=50824"}],"wp:term":[{"taxonomy":"category","embeddable":true,"href":"https:\/\/elregionalvm.com.ar\/noticias-villa-maria\/wp-json\/wp\/v2\/categories?post=50824"},{"taxonomy":"post_tag","embeddable":true,"href":"https:\/\/elregionalvm.com.ar\/noticias-villa-maria\/wp-json\/wp\/v2\/tags?post=50824"}],"curies":[{"name":"wp","href":"https:\/\/api.w.org\/{rel}","templated":true}]}}