{"id":50843,"date":"2022-01-06T23:27:47","date_gmt":"2022-01-06T23:27:47","guid":{"rendered":"https:\/\/elregionalvm.com.ar\/noticias-villa-maria\/?p=50843"},"modified":"2022-01-06T23:27:48","modified_gmt":"2022-01-06T23:27:48","slug":"piden-que-el-estado-regule-precios-de-los-test-de-covid-para-evitar-abusos","status":"publish","type":"post","link":"https:\/\/elregionalvm.com.ar\/noticias-villa-maria\/piden-que-el-estado-regule-precios-de-los-test-de-covid-para-evitar-abusos\/","title":{"rendered":"Piden que el Estado regule precios de los test de covid para evitar abusos"},"content":{"rendered":"\n<p>Se trata de una propuesta de la referente nacional de Igualar, Carmela Moreau y del Magister en Salud P\u00fablica Oscar Atienza: \u201cTenemos que evitar abusos y pr\u00e1cticas desleales\u201d, explicaron.<\/p>\n\n\n\n<p>A trav\u00e9s de un proyecto de resoluci\u00f3n (que se va a presentar en los pr\u00f3ximos d\u00edas) dirigido al Ministerio de Salud de la Naci\u00f3n y la Secretar\u00eda de Comercio Interior, se pide intervenir en el mercado y regular el precio de los distintos test de detecci\u00f3n del COVID19 que se comercializan en la Argentina.<\/p>\n\n\n\n<p>La iniciativa es autor\u00eda de la asesora de la Jefatura de Gabinete de la Naci\u00f3n, Carmela Moreau y del Dr. Oscar Atienza, magister en salud p\u00fablica, y lleva la firma del diputado nacional Lucas Godoy (Salta). Con ella, se busca ampliar el acceso a la salud y descomprimir el sistema de salud p\u00fablica. Tambi\u00e9n, evitar desigualdades entre ciudadanos, garantizando una competencia leal y asegurando el suministro de productos y servicios esenciales.<\/p>\n\n\n\n<p>Al respecto, Moreau remarc\u00f3 \u201clas pruebas de COVID son fundamentales para conocer con exactitud el diagn\u00f3stico, decidir aislamientos preventivos y evitar nuevos contagios. En estos d\u00edas, los centros de hisopados que el Estado habilita, no son suficientes para una demanda tan grande. Por eso es necesario regular el precio de los test en sus distintas modalidades para descomprimir el sistema de salud p\u00fablico y al mismo tiempo garantizar un mayor acceso de la ciudadan\u00eda a esta herramienta.\u201d Y agreg\u00f3 \u201clamentablemente estamos viendo como muchos privados se abusan de la situaci\u00f3n aumentando los precios cuando m\u00e1s demanda hay. Tambi\u00e9n podemos percibir como un mismo hisopado tiene distintos valores seg\u00fan el lugar del territorio donde se realiza. Hay que evitar abusos y pr\u00e1cticas desleales\u201d.<\/p>\n\n\n\n<p>Por su parte, Atienza, referente de Igualar de la Provincia de C\u00f3rdoba, explic\u00f3: \u201cLa equidad y accesibilidad a los test diagn\u00f3sticos deben ser garantizados por el Estado y no deben ser regidos por el libre mercado, m\u00e1s a\u00fan cuando se trata de un recurso escaso, que ya en varias oportunidades estuvo en falta y eso puede atentar contra los precios que, cuando suben, hacen que los ciudadanos de bajos recursos no tengan acceso\u201d.<\/p>\n","protected":false},"excerpt":{"rendered":"<p>Se trata de una propuesta de la referente nacional de Igualar, Carmela Moreau y del Magister en Salud P\u00fablica Oscar Atienza: \u201cTenemos que evitar abusos y pr\u00e1cticas desleales\u201d, explicaron. A trav\u00e9s de un proyecto de resoluci\u00f3n (que se va a presentar en los pr\u00f3ximos d\u00edas) dirigido al Ministerio de Salud de la Naci\u00f3n y la [&hellip;]<\/p>\n","protected":false},"author":4,"featured_media":50846,"comment_status":"open","ping_status":"open","sticky":false,"template":"","format":"standard","meta":{"site-sidebar-layout":"default","site-content-layout":"default","ast-site-content-layout":"default","site-content-style":"default","site-sidebar-style":"default","ast-global-header-display":"","ast-banner-title-visibility":"","ast-main-header-display":"","ast-hfb-above-header-display":"","ast-hfb-below-header-display":"","ast-hfb-mobile-header-display":"","site-post-title":"","ast-breadcrumbs-content":"","ast-featured-img":"","footer-sml-layout":"","ast-disable-related-posts":"","theme-transparent-header-meta":"default","adv-header-id-meta":"","stick-header-meta":"","header-above-stick-meta":"","header-main-stick-meta":"","header-below-stick-meta":"","astra-migrate-meta-layouts":"default","ast-page-background-enabled":"default","ast-page-background-meta":{"desktop":{"background-color":"","background-image":"","background-repeat":"repeat","background-position":"center center","background-size":"auto","background-attachment":"scroll","background-type":"","background-media":"","overlay-type":"","overlay-color":"","overlay-opacity":"","overlay-gradient":""},"tablet":{"background-color":"","background-image":"","background-repeat":"repeat","background-position":"center center","background-size":"auto","background-attachment":"scroll","background-type":"","background-media":"","overlay-type":"","overlay-color":"","overlay-opacity":"","overlay-gradient":""},"mobile":{"background-color":"","background-image":"","background-repeat":"repeat","background-position":"center center","background-size":"auto","background-attachment":"scroll","background-type":"","background-media":"","overlay-type":"","overlay-color":"","overlay-opacity":"","overlay-gradient":""}},"ast-content-background-meta":{"desktop":{"background-color":"var(--ast-global-color-5)","background-image":"","background-repeat":"repeat","background-position":"center center","background-size":"auto","background-attachment":"scroll","background-type":"","background-media":"","overlay-type":"","overlay-color":"","overlay-opacity":"","overlay-gradient":""},"tablet":{"background-color":"var(--ast-global-color-5)","background-image":"","background-repeat":"repeat","background-position":"center center","background-size":"auto","background-attachment":"scroll","background-type":"","background-media":"","overlay-type":"","overlay-color":"","overlay-opacity":"","overlay-gradient":""},"mobile":{"background-color":"var(--ast-global-color-5)","background-image":"","background-repeat":"repeat","background-position":"center center","background-size":"auto","background-attachment":"scroll","background-type":"","background-media":"","overlay-type":"","overlay-color":"","overlay-opacity":"","overlay-gradient":""}},"_jetpack_memberships_contains_paid_content":false,"_joinchat":[],"footnotes":""},"categories":[2256],"tags":[3863,1232,13151,9204,13149,13152,13150],"class_list":["post-50843","post","type-post","status-publish","format-standard","has-post-thumbnail","hentry","category-coronavirus","tag-covid","tag-destacado","tag-evitar-abusos","tag-oscar-atienza","tag-piden-regulacion","tag-precios-autotest","tag-venta-de-autotest"],"yoast_head":"<!-- This site is optimized with the Yoast SEO plugin v26.8 - https:\/\/yoast.com\/product\/yoast-seo-wordpress\/ -->\n<title>Piden que el Estado regule precios de los test de covid para evitar abusos - El Regional<\/title>\n<meta name=\"robots\" content=\"index, follow, max-snippet:-1, max-image-preview:large, max-video-preview:-1\" \/>\n<link rel=\"canonical\" href=\"http:\/\/elregionalvm.com.ar\/noticias-villa-maria\/piden-que-el-estado-regule-precios-de-los-test-de-covid-para-evitar-abusos\/\" \/>\n<meta property=\"og:locale\" content=\"es_ES\" \/>\n<meta property=\"og:type\" content=\"article\" \/>\n<meta property=\"og:title\" content=\"Piden que el Estado regule precios de los test de covid para evitar abusos - El Regional\" \/>\n<meta property=\"og:description\" content=\"Se trata de una propuesta de la referente nacional de Igualar, Carmela Moreau y del Magister en Salud P\u00fablica Oscar Atienza: \u201cTenemos que evitar abusos y pr\u00e1cticas desleales\u201d, explicaron. A trav\u00e9s de un proyecto de resoluci\u00f3n (que se va a presentar en los pr\u00f3ximos d\u00edas) dirigido al Ministerio de Salud de la Naci\u00f3n y la [&hellip;]\" \/>\n<meta property=\"og:url\" content=\"http:\/\/elregionalvm.com.ar\/noticias-villa-maria\/piden-que-el-estado-regule-precios-de-los-test-de-covid-para-evitar-abusos\/\" \/>\n<meta property=\"og:site_name\" content=\"El Regional\" \/>\n<meta property=\"article:publisher\" content=\"https:\/\/www.facebook.com\/elregionalvm\" \/>\n<meta property=\"article:published_time\" content=\"2022-01-06T23:27:47+00:00\" \/>\n<meta property=\"article:modified_time\" content=\"2022-01-06T23:27:48+00:00\" \/>\n<meta property=\"og:image\" content=\"http:\/\/elregionalvm.com.ar\/noticias-villa-maria\/wp-content\/uploads\/2022\/01\/autotest-1.png\" \/>\n\t<meta property=\"og:image:width\" content=\"876\" \/>\n\t<meta property=\"og:image:height\" content=\"583\" \/>\n\t<meta property=\"og:image:type\" content=\"image\/png\" \/>\n<meta name=\"author\" content=\"Contenidos El Regional\" \/>\n<meta name=\"twitter:card\" content=\"summary_large_image\" \/>\n<meta name=\"twitter:creator\" content=\"@elregionalvm1\" \/>\n<meta name=\"twitter:site\" content=\"@elregionalvm1\" \/>\n<meta name=\"twitter:label1\" content=\"Escrito por\" \/>\n\t<meta name=\"twitter:data1\" content=\"Contenidos El Regional\" \/>\n\t<meta name=\"twitter:label2\" content=\"Tiempo de lectura\" \/>\n\t<meta name=\"twitter:data2\" content=\"2 minutos\" \/>\n<script type=\"application\/ld+json\" class=\"yoast-schema-graph\">{\"@context\":\"https:\/\/schema.org\",\"@graph\":[{\"@type\":\"Article\",\"@id\":\"http:\/\/elregionalvm.com.ar\/noticias-villa-maria\/piden-que-el-estado-regule-precios-de-los-test-de-covid-para-evitar-abusos\/#article\",\"isPartOf\":{\"@id\":\"http:\/\/elregionalvm.com.ar\/noticias-villa-maria\/piden-que-el-estado-regule-precios-de-los-test-de-covid-para-evitar-abusos\/\"},\"author\":{\"name\":\"Contenidos El Regional\",\"@id\":\"http:\/\/elregionalvm.com.ar\/noticias-villa-maria\/#\/schema\/person\/a0fb9c422317faca23d50163151bc354\"},\"headline\":\"Piden que el Estado regule precios de los test de covid para evitar abusos\",\"datePublished\":\"2022-01-06T23:27:47+00:00\",\"dateModified\":\"2022-01-06T23:27:48+00:00\",\"mainEntityOfPage\":{\"@id\":\"http:\/\/elregionalvm.com.ar\/noticias-villa-maria\/piden-que-el-estado-regule-precios-de-los-test-de-covid-para-evitar-abusos\/\"},\"wordCount\":390,\"commentCount\":0,\"image\":{\"@id\":\"http:\/\/elregionalvm.com.ar\/noticias-villa-maria\/piden-que-el-estado-regule-precios-de-los-test-de-covid-para-evitar-abusos\/#primaryimage\"},\"thumbnailUrl\":\"https:\/\/i0.wp.com\/elregionalvm.com.ar\/noticias-villa-maria\/wp-content\/uploads\/2022\/01\/autotest-1.png?fit=876%2C583&ssl=1\",\"keywords\":[\"covid\",\"destacado\",\"evitar abusos\",\"Oscar Atienza\",\"piden regulaci\u00f3n\",\"precios autotest\",\"venta de autotest\"],\"articleSection\":[\"Coronavirus\"],\"inLanguage\":\"es\",\"potentialAction\":[{\"@type\":\"CommentAction\",\"name\":\"Comment\",\"target\":[\"http:\/\/elregionalvm.com.ar\/noticias-villa-maria\/piden-que-el-estado-regule-precios-de-los-test-de-covid-para-evitar-abusos\/#respond\"]}]},{\"@type\":\"WebPage\",\"@id\":\"http:\/\/elregionalvm.com.ar\/noticias-villa-maria\/piden-que-el-estado-regule-precios-de-los-test-de-covid-para-evitar-abusos\/\",\"url\":\"http:\/\/elregionalvm.com.ar\/noticias-villa-maria\/piden-que-el-estado-regule-precios-de-los-test-de-covid-para-evitar-abusos\/\",\"name\":\"Piden que el Estado regule precios de los test de covid para evitar abusos - El Regional\",\"isPartOf\":{\"@id\":\"http:\/\/elregionalvm.com.ar\/noticias-villa-maria\/#website\"},\"primaryImageOfPage\":{\"@id\":\"http:\/\/elregionalvm.com.ar\/noticias-villa-maria\/piden-que-el-estado-regule-precios-de-los-test-de-covid-para-evitar-abusos\/#primaryimage\"},\"image\":{\"@id\":\"http:\/\/elregionalvm.com.ar\/noticias-villa-maria\/piden-que-el-estado-regule-precios-de-los-test-de-covid-para-evitar-abusos\/#primaryimage\"},\"thumbnailUrl\":\"https:\/\/i0.wp.com\/elregionalvm.com.ar\/noticias-villa-maria\/wp-content\/uploads\/2022\/01\/autotest-1.png?fit=876%2C583&ssl=1\",\"datePublished\":\"2022-01-06T23:27:47+00:00\",\"dateModified\":\"2022-01-06T23:27:48+00:00\",\"author\":{\"@id\":\"http:\/\/elregionalvm.com.ar\/noticias-villa-maria\/#\/schema\/person\/a0fb9c422317faca23d50163151bc354\"},\"breadcrumb\":{\"@id\":\"http:\/\/elregionalvm.com.ar\/noticias-villa-maria\/piden-que-el-estado-regule-precios-de-los-test-de-covid-para-evitar-abusos\/#breadcrumb\"},\"inLanguage\":\"es\",\"potentialAction\":[{\"@type\":\"ReadAction\",\"target\":[\"http:\/\/elregionalvm.com.ar\/noticias-villa-maria\/piden-que-el-estado-regule-precios-de-los-test-de-covid-para-evitar-abusos\/\"]}]},{\"@type\":\"ImageObject\",\"inLanguage\":\"es\",\"@id\":\"http:\/\/elregionalvm.com.ar\/noticias-villa-maria\/piden-que-el-estado-regule-precios-de-los-test-de-covid-para-evitar-abusos\/#primaryimage\",\"url\":\"https:\/\/i0.wp.com\/elregionalvm.com.ar\/noticias-villa-maria\/wp-content\/uploads\/2022\/01\/autotest-1.png?fit=876%2C583&ssl=1\",\"contentUrl\":\"https:\/\/i0.wp.com\/elregionalvm.com.ar\/noticias-villa-maria\/wp-content\/uploads\/2022\/01\/autotest-1.png?fit=876%2C583&ssl=1\",\"width\":876,\"height\":583},{\"@type\":\"BreadcrumbList\",\"@id\":\"http:\/\/elregionalvm.com.ar\/noticias-villa-maria\/piden-que-el-estado-regule-precios-de-los-test-de-covid-para-evitar-abusos\/#breadcrumb\",\"itemListElement\":[{\"@type\":\"ListItem\",\"position\":1,\"name\":\"Portada\",\"item\":\"https:\/\/elregionalvm.com.ar\/noticias-villa-maria\/\"},{\"@type\":\"ListItem\",\"position\":2,\"name\":\"Piden que el Estado regule precios de los test de covid para evitar abusos\"}]},{\"@type\":\"WebSite\",\"@id\":\"http:\/\/elregionalvm.com.ar\/noticias-villa-maria\/#website\",\"url\":\"http:\/\/elregionalvm.com.ar\/noticias-villa-maria\/\",\"name\":\"El Regional\",\"description\":\"Mucho m\u00e1s que informaci\u00f3n\",\"potentialAction\":[{\"@type\":\"SearchAction\",\"target\":{\"@type\":\"EntryPoint\",\"urlTemplate\":\"http:\/\/elregionalvm.com.ar\/noticias-villa-maria\/?s={search_term_string}\"},\"query-input\":{\"@type\":\"PropertyValueSpecification\",\"valueRequired\":true,\"valueName\":\"search_term_string\"}}],\"inLanguage\":\"es\"},{\"@type\":\"Person\",\"@id\":\"http:\/\/elregionalvm.com.ar\/noticias-villa-maria\/#\/schema\/person\/a0fb9c422317faca23d50163151bc354\",\"name\":\"Contenidos El Regional\",\"image\":{\"@type\":\"ImageObject\",\"inLanguage\":\"es\",\"@id\":\"http:\/\/elregionalvm.com.ar\/noticias-villa-maria\/#\/schema\/person\/image\/\",\"url\":\"https:\/\/secure.gravatar.com\/avatar\/265b27cb2209af7bb3a1318f03305787d7981a5cc6e6cd08fe5a4ecdf99d4b48?s=96&d=mm&r=g\",\"contentUrl\":\"https:\/\/secure.gravatar.com\/avatar\/265b27cb2209af7bb3a1318f03305787d7981a5cc6e6cd08fe5a4ecdf99d4b48?s=96&d=mm&r=g\",\"caption\":\"Contenidos El Regional\"},\"url\":\"https:\/\/elregionalvm.com.ar\/noticias-villa-maria\/author\/contenido\/\"}]}<\/script>\n<!-- \/ Yoast SEO plugin. -->","yoast_head_json":{"title":"Piden que el Estado regule precios de los test de covid para evitar abusos - El Regional","robots":{"index":"index","follow":"follow","max-snippet":"max-snippet:-1","max-image-preview":"max-image-preview:large","max-video-preview":"max-video-preview:-1"},"canonical":"http:\/\/elregionalvm.com.ar\/noticias-villa-maria\/piden-que-el-estado-regule-precios-de-los-test-de-covid-para-evitar-abusos\/","og_locale":"es_ES","og_type":"article","og_title":"Piden que el Estado regule precios de los test de covid para evitar abusos - El Regional","og_description":"Se trata de una propuesta de la referente nacional de Igualar, Carmela Moreau y del Magister en Salud P\u00fablica Oscar Atienza: \u201cTenemos que evitar abusos y pr\u00e1cticas desleales\u201d, explicaron. A trav\u00e9s de un proyecto de resoluci\u00f3n (que se va a presentar en los pr\u00f3ximos d\u00edas) dirigido al Ministerio de Salud de la Naci\u00f3n y la [&hellip;]","og_url":"http:\/\/elregionalvm.com.ar\/noticias-villa-maria\/piden-que-el-estado-regule-precios-de-los-test-de-covid-para-evitar-abusos\/","og_site_name":"El Regional","article_publisher":"https:\/\/www.facebook.com\/elregionalvm","article_published_time":"2022-01-06T23:27:47+00:00","article_modified_time":"2022-01-06T23:27:48+00:00","og_image":[{"width":876,"height":583,"url":"http:\/\/elregionalvm.com.ar\/noticias-villa-maria\/wp-content\/uploads\/2022\/01\/autotest-1.png","type":"image\/png"}],"author":"Contenidos El Regional","twitter_card":"summary_large_image","twitter_creator":"@elregionalvm1","twitter_site":"@elregionalvm1","twitter_misc":{"Escrito por":"Contenidos El Regional","Tiempo de lectura":"2 minutos"},"schema":{"@context":"https:\/\/schema.org","@graph":[{"@type":"Article","@id":"http:\/\/elregionalvm.com.ar\/noticias-villa-maria\/piden-que-el-estado-regule-precios-de-los-test-de-covid-para-evitar-abusos\/#article","isPartOf":{"@id":"http:\/\/elregionalvm.com.ar\/noticias-villa-maria\/piden-que-el-estado-regule-precios-de-los-test-de-covid-para-evitar-abusos\/"},"author":{"name":"Contenidos El Regional","@id":"http:\/\/elregionalvm.com.ar\/noticias-villa-maria\/#\/schema\/person\/a0fb9c422317faca23d50163151bc354"},"headline":"Piden que el Estado regule precios de los test de covid para evitar abusos","datePublished":"2022-01-06T23:27:47+00:00","dateModified":"2022-01-06T23:27:48+00:00","mainEntityOfPage":{"@id":"http:\/\/elregionalvm.com.ar\/noticias-villa-maria\/piden-que-el-estado-regule-precios-de-los-test-de-covid-para-evitar-abusos\/"},"wordCount":390,"commentCount":0,"image":{"@id":"http:\/\/elregionalvm.com.ar\/noticias-villa-maria\/piden-que-el-estado-regule-precios-de-los-test-de-covid-para-evitar-abusos\/#primaryimage"},"thumbnailUrl":"https:\/\/i0.wp.com\/elregionalvm.com.ar\/noticias-villa-maria\/wp-content\/uploads\/2022\/01\/autotest-1.png?fit=876%2C583&ssl=1","keywords":["covid","destacado","evitar abusos","Oscar Atienza","piden regulaci\u00f3n","precios autotest","venta de autotest"],"articleSection":["Coronavirus"],"inLanguage":"es","potentialAction":[{"@type":"CommentAction","name":"Comment","target":["http:\/\/elregionalvm.com.ar\/noticias-villa-maria\/piden-que-el-estado-regule-precios-de-los-test-de-covid-para-evitar-abusos\/#respond"]}]},{"@type":"WebPage","@id":"http:\/\/elregionalvm.com.ar\/noticias-villa-maria\/piden-que-el-estado-regule-precios-de-los-test-de-covid-para-evitar-abusos\/","url":"http:\/\/elregionalvm.com.ar\/noticias-villa-maria\/piden-que-el-estado-regule-precios-de-los-test-de-covid-para-evitar-abusos\/","name":"Piden que el Estado regule precios de los test de covid para evitar abusos - El Regional","isPartOf":{"@id":"http:\/\/elregionalvm.com.ar\/noticias-villa-maria\/#website"},"primaryImageOfPage":{"@id":"http:\/\/elregionalvm.com.ar\/noticias-villa-maria\/piden-que-el-estado-regule-precios-de-los-test-de-covid-para-evitar-abusos\/#primaryimage"},"image":{"@id":"http:\/\/elregionalvm.com.ar\/noticias-villa-maria\/piden-que-el-estado-regule-precios-de-los-test-de-covid-para-evitar-abusos\/#primaryimage"},"thumbnailUrl":"https:\/\/i0.wp.com\/elregionalvm.com.ar\/noticias-villa-maria\/wp-content\/uploads\/2022\/01\/autotest-1.png?fit=876%2C583&ssl=1","datePublished":"2022-01-06T23:27:47+00:00","dateModified":"2022-01-06T23:27:48+00:00","author":{"@id":"http:\/\/elregionalvm.com.ar\/noticias-villa-maria\/#\/schema\/person\/a0fb9c422317faca23d50163151bc354"},"breadcrumb":{"@id":"http:\/\/elregionalvm.com.ar\/noticias-villa-maria\/piden-que-el-estado-regule-precios-de-los-test-de-covid-para-evitar-abusos\/#breadcrumb"},"inLanguage":"es","potentialAction":[{"@type":"ReadAction","target":["http:\/\/elregionalvm.com.ar\/noticias-villa-maria\/piden-que-el-estado-regule-precios-de-los-test-de-covid-para-evitar-abusos\/"]}]},{"@type":"ImageObject","inLanguage":"es","@id":"http:\/\/elregionalvm.com.ar\/noticias-villa-maria\/piden-que-el-estado-regule-precios-de-los-test-de-covid-para-evitar-abusos\/#primaryimage","url":"https:\/\/i0.wp.com\/elregionalvm.com.ar\/noticias-villa-maria\/wp-content\/uploads\/2022\/01\/autotest-1.png?fit=876%2C583&ssl=1","contentUrl":"https:\/\/i0.wp.com\/elregionalvm.com.ar\/noticias-villa-maria\/wp-content\/uploads\/2022\/01\/autotest-1.png?fit=876%2C583&ssl=1","width":876,"height":583},{"@type":"BreadcrumbList","@id":"http:\/\/elregionalvm.com.ar\/noticias-villa-maria\/piden-que-el-estado-regule-precios-de-los-test-de-covid-para-evitar-abusos\/#breadcrumb","itemListElement":[{"@type":"ListItem","position":1,"name":"Portada","item":"https:\/\/elregionalvm.com.ar\/noticias-villa-maria\/"},{"@type":"ListItem","position":2,"name":"Piden que el Estado regule precios de los test de covid para evitar abusos"}]},{"@type":"WebSite","@id":"http:\/\/elregionalvm.com.ar\/noticias-villa-maria\/#website","url":"http:\/\/elregionalvm.com.ar\/noticias-villa-maria\/","name":"El Regional","description":"Mucho m\u00e1s que informaci\u00f3n","potentialAction":[{"@type":"SearchAction","target":{"@type":"EntryPoint","urlTemplate":"http:\/\/elregionalvm.com.ar\/noticias-villa-maria\/?s={search_term_string}"},"query-input":{"@type":"PropertyValueSpecification","valueRequired":true,"valueName":"search_term_string"}}],"inLanguage":"es"},{"@type":"Person","@id":"http:\/\/elregionalvm.com.ar\/noticias-villa-maria\/#\/schema\/person\/a0fb9c422317faca23d50163151bc354","name":"Contenidos El Regional","image":{"@type":"ImageObject","inLanguage":"es","@id":"http:\/\/elregionalvm.com.ar\/noticias-villa-maria\/#\/schema\/person\/image\/","url":"https:\/\/secure.gravatar.com\/avatar\/265b27cb2209af7bb3a1318f03305787d7981a5cc6e6cd08fe5a4ecdf99d4b48?s=96&d=mm&r=g","contentUrl":"https:\/\/secure.gravatar.com\/avatar\/265b27cb2209af7bb3a1318f03305787d7981a5cc6e6cd08fe5a4ecdf99d4b48?s=96&d=mm&r=g","caption":"Contenidos El Regional"},"url":"https:\/\/elregionalvm.com.ar\/noticias-villa-maria\/author\/contenido\/"}]}},"jetpack_featured_media_url":"https:\/\/i0.wp.com\/elregionalvm.com.ar\/noticias-villa-maria\/wp-content\/uploads\/2022\/01\/autotest-1.png?fit=876%2C583&ssl=1","jetpack_sharing_enabled":true,"_links":{"self":[{"href":"https:\/\/elregionalvm.com.ar\/noticias-villa-maria\/wp-json\/wp\/v2\/posts\/50843","targetHints":{"allow":["GET"]}}],"collection":[{"href":"https:\/\/elregionalvm.com.ar\/noticias-villa-maria\/wp-json\/wp\/v2\/posts"}],"about":[{"href":"https:\/\/elregionalvm.com.ar\/noticias-villa-maria\/wp-json\/wp\/v2\/types\/post"}],"author":[{"embeddable":true,"href":"https:\/\/elregionalvm.com.ar\/noticias-villa-maria\/wp-json\/wp\/v2\/users\/4"}],"replies":[{"embeddable":true,"href":"https:\/\/elregionalvm.com.ar\/noticias-villa-maria\/wp-json\/wp\/v2\/comments?post=50843"}],"version-history":[{"count":1,"href":"https:\/\/elregionalvm.com.ar\/noticias-villa-maria\/wp-json\/wp\/v2\/posts\/50843\/revisions"}],"predecessor-version":[{"id":50847,"href":"https:\/\/elregionalvm.com.ar\/noticias-villa-maria\/wp-json\/wp\/v2\/posts\/50843\/revisions\/50847"}],"wp:featuredmedia":[{"embeddable":true,"href":"https:\/\/elregionalvm.com.ar\/noticias-villa-maria\/wp-json\/wp\/v2\/media\/50846"}],"wp:attachment":[{"href":"https:\/\/elregionalvm.com.ar\/noticias-villa-maria\/wp-json\/wp\/v2\/media?parent=50843"}],"wp:term":[{"taxonomy":"category","embeddable":true,"href":"https:\/\/elregionalvm.com.ar\/noticias-villa-maria\/wp-json\/wp\/v2\/categories?post=50843"},{"taxonomy":"post_tag","embeddable":true,"href":"https:\/\/elregionalvm.com.ar\/noticias-villa-maria\/wp-json\/wp\/v2\/tags?post=50843"}],"curies":[{"name":"wp","href":"https:\/\/api.w.org\/{rel}","templated":true}]}}