{"id":50963,"date":"2022-01-09T13:51:03","date_gmt":"2022-01-09T13:51:03","guid":{"rendered":"https:\/\/elregionalvm.com.ar\/noticias-villa-maria\/?p=50963"},"modified":"2022-01-09T13:51:04","modified_gmt":"2022-01-09T13:51:04","slug":"victor-escobar-el-primer-enfermo-no-terminal-en-recibir-la-eutanasia-en-latinoamerica","status":"publish","type":"post","link":"https:\/\/elregionalvm.com.ar\/noticias-villa-maria\/victor-escobar-el-primer-enfermo-no-terminal-en-recibir-la-eutanasia-en-latinoamerica\/","title":{"rendered":"V\u00edctor Escobar, el primer enfermo no terminal en recibir la eutanasia en Latinoam\u00e9rica"},"content":{"rendered":"\n<p>El hombre colombiano de 60 a\u00f1os padec\u00eda una enfermedad pulmonar obstructiva cr\u00f3nica que le imped\u00eda respirar por sus propios medios. \u201cYa me sent\u00eda muy mal, sent\u00eda ya que mis pulmones no me responden\u201d, asegur\u00f3.<br>El colombiano V\u00edctor Escobar eligi\u00f3 someterse a una muerte digna a los 60 a\u00f1os sin ser enfermo terminal para \u201cabrir la puerta\u201d a que otros accedan a ese derecho amparados en una decisi\u00f3n de la justicia de ese pa\u00eds, informaron hoy su abogado y medios locales.<\/p>\n\n\n\n<p>Se trata de uno de los primeros latinoamericanos en terminar su vida sin ser enfermo terminal tras una batalla legal de m\u00e1s de dos a\u00f1os que dio mientras padec\u00eda una enfermedad pulmonar obstructiva cr\u00f3nica que le imped\u00eda respirar por sus propios medios.<\/p>\n\n\n\n<p>Colombia despenaliz\u00f3 la muerte asistida en 1997 y en julio de 2021 la justicia ampli\u00f3 el \u201cderecho a la muerte digna\u201d para pacientes que no est\u00e9n en fase terminal.<\/p>\n\n\n\n<p>Es el primer pa\u00eds latinoamericano en dar ese paso y uno de los pocos en el mundo pese a su tradici\u00f3n cat\u00f3lica.<\/p>\n\n\n\n<p>\u201cPoco a poco le va llegando el turno a cada uno, entonces no digo adi\u00f3s sino hasta luego. Y poco a poco nos iremos encontrando donde Dios nos tenga\u201d, reflexion\u00f3 el cat\u00f3lico Escobar en un video enviado a medios antes de morir en Cali bajo asistencia m\u00e9dica, seg\u00fan confirm\u00f3 su abogado a trav\u00e9s de Twitter.<\/p>\n\n\n\n<p>La diabetes y las secuelas de un accidente cardiovascular agravaron la condici\u00f3n de Escobar y lo dejaron en una silla de ruedas, donde los espasmos estremec\u00edan su cuerpo, se\u00f1al\u00f3 la agencia de noticias AFP que lo entrevist\u00f3 en octubre pasado.<\/p>\n\n\n\n<p>\u201cYa me sent\u00eda muy mal, sent\u00eda ya que mis pulmones no me responden. Nunca se imaginaron que alguien en mi familia fuera a tomar una decisi\u00f3n de esas, pero gracias a Dios todos me dieron su total apoyo\u201d, dijo en esa nota Escobar, con un crucifijo a sus espaldas.<\/p>\n\n\n\n<p>En Europa solo B\u00e9lgica, Holanda, Luxemburgo y Espa\u00f1a legalizaron la eutanasia, y aunque Colombia se suma a esa magra lista mundial, a\u00fan quedan vac\u00edos que impiden el cumplimiento de ese mandato.<\/p>\n\n\n\n<p>Hasta mediados del 2021 pacientes como Escobar, que padecen enfermedades cr\u00f3nicas pero cuya esperanza de vida supera los seis meses, no pod\u00edan acceder al procedimiento.<\/p>\n\n\n\n<p>\u201cSe les estaba obligando a vivir en condiciones que no son dignas contra su voluntad\u201d, explic\u00f3 a la AFP M\u00f3nica Giraldo, directora de la ONG Fundaci\u00f3n Derecho a Morir Dignamente.<\/p>\n\n\n\n<p>Giraldo asegur\u00f3 que tres pacientes no terminales ya accedieron a la eutanasia a ra\u00edz del fallo, pero Escobar fue el primero que lo dio a conocer en los medios.<\/p>\n\n\n\n<p>\u201cQuiero que mi historia se conozca porque abre un hilo para que pacientes como yo, que somos pacientes degenerativos, tengan una puerta abierta a que puedan solicitar su descanso\u201d, explic\u00f3 sobre su decisi\u00f3n el hombre, que achac\u00f3 su enfermedad a los a\u00f1os trabajando expuesto al asbesto, prohibido en 2019 en Colombia por cancer\u00edgeno.<\/p>\n\n\n\n<p>Cifras oficiales reportan que al menos 157 personas recibieron la eutanasia en el pa\u00eds hasta octubre de 2021.<\/p>\n\n\n\n<p>Fuente: T\u00e9lam<\/p>\n","protected":false},"excerpt":{"rendered":"<p>El hombre colombiano de 60 a\u00f1os padec\u00eda una enfermedad pulmonar obstructiva cr\u00f3nica que le imped\u00eda respirar por sus propios medios. \u201cYa me sent\u00eda muy mal, sent\u00eda ya que mis pulmones no me responden\u201d, asegur\u00f3.El colombiano V\u00edctor Escobar eligi\u00f3 someterse a una muerte digna a los 60 a\u00f1os sin ser enfermo terminal para \u201cabrir la puerta\u201d [&hellip;]<\/p>\n","protected":false},"author":4,"featured_media":50964,"comment_status":"open","ping_status":"open","sticky":false,"template":"","format":"standard","meta":{"site-sidebar-layout":"default","site-content-layout":"default","ast-site-content-layout":"default","site-content-style":"default","site-sidebar-style":"default","ast-global-header-display":"","ast-banner-title-visibility":"","ast-main-header-display":"","ast-hfb-above-header-display":"","ast-hfb-below-header-display":"","ast-hfb-mobile-header-display":"","site-post-title":"","ast-breadcrumbs-content":"","ast-featured-img":"","footer-sml-layout":"","ast-disable-related-posts":"","theme-transparent-header-meta":"default","adv-header-id-meta":"","stick-header-meta":"","header-above-stick-meta":"","header-main-stick-meta":"","header-below-stick-meta":"","astra-migrate-meta-layouts":"default","ast-page-background-enabled":"default","ast-page-background-meta":{"desktop":{"background-color":"","background-image":"","background-repeat":"repeat","background-position":"center center","background-size":"auto","background-attachment":"scroll","background-type":"","background-media":"","overlay-type":"","overlay-color":"","overlay-opacity":"","overlay-gradient":""},"tablet":{"background-color":"","background-image":"","background-repeat":"repeat","background-position":"center center","background-size":"auto","background-attachment":"scroll","background-type":"","background-media":"","overlay-type":"","overlay-color":"","overlay-opacity":"","overlay-gradient":""},"mobile":{"background-color":"","background-image":"","background-repeat":"repeat","background-position":"center center","background-size":"auto","background-attachment":"scroll","background-type":"","background-media":"","overlay-type":"","overlay-color":"","overlay-opacity":"","overlay-gradient":""}},"ast-content-background-meta":{"desktop":{"background-color":"var(--ast-global-color-5)","background-image":"","background-repeat":"repeat","background-position":"center center","background-size":"auto","background-attachment":"scroll","background-type":"","background-media":"","overlay-type":"","overlay-color":"","overlay-opacity":"","overlay-gradient":""},"tablet":{"background-color":"var(--ast-global-color-5)","background-image":"","background-repeat":"repeat","background-position":"center center","background-size":"auto","background-attachment":"scroll","background-type":"","background-media":"","overlay-type":"","overlay-color":"","overlay-opacity":"","overlay-gradient":""},"mobile":{"background-color":"var(--ast-global-color-5)","background-image":"","background-repeat":"repeat","background-position":"center center","background-size":"auto","background-attachment":"scroll","background-type":"","background-media":"","overlay-type":"","overlay-color":"","overlay-opacity":"","overlay-gradient":""}},"_jetpack_memberships_contains_paid_content":false,"_joinchat":[],"footnotes":""},"categories":[5],"tags":[13192,1232,13190,13191,4571,13193,13189],"class_list":["post-50963","post","type-post","status-publish","format-standard","has-post-thumbnail","hentry","category-sociedad","tag-batalla-legal","tag-destacado","tag-enfermo-no-terminal","tag-eutanasia","tag-latinoamerica","tag-muerte-digna","tag-victor-escobar"],"yoast_head":"<!-- This site is optimized with the Yoast SEO plugin v26.8 - https:\/\/yoast.com\/product\/yoast-seo-wordpress\/ -->\n<title>V\u00edctor Escobar, el primer enfermo no terminal en recibir la eutanasia en Latinoam\u00e9rica - El Regional<\/title>\n<meta name=\"robots\" content=\"index, follow, max-snippet:-1, max-image-preview:large, max-video-preview:-1\" \/>\n<link rel=\"canonical\" href=\"http:\/\/elregionalvm.com.ar\/noticias-villa-maria\/victor-escobar-el-primer-enfermo-no-terminal-en-recibir-la-eutanasia-en-latinoamerica\/\" \/>\n<meta property=\"og:locale\" content=\"es_ES\" \/>\n<meta property=\"og:type\" content=\"article\" \/>\n<meta property=\"og:title\" content=\"V\u00edctor Escobar, el primer enfermo no terminal en recibir la eutanasia en Latinoam\u00e9rica - El Regional\" \/>\n<meta property=\"og:description\" content=\"El hombre colombiano de 60 a\u00f1os padec\u00eda una enfermedad pulmonar obstructiva cr\u00f3nica que le imped\u00eda respirar por sus propios medios. \u201cYa me sent\u00eda muy mal, sent\u00eda ya que mis pulmones no me responden\u201d, asegur\u00f3.El colombiano V\u00edctor Escobar eligi\u00f3 someterse a una muerte digna a los 60 a\u00f1os sin ser enfermo terminal para \u201cabrir la puerta\u201d [&hellip;]\" \/>\n<meta property=\"og:url\" content=\"http:\/\/elregionalvm.com.ar\/noticias-villa-maria\/victor-escobar-el-primer-enfermo-no-terminal-en-recibir-la-eutanasia-en-latinoamerica\/\" \/>\n<meta property=\"og:site_name\" content=\"El Regional\" \/>\n<meta property=\"article:publisher\" content=\"https:\/\/www.facebook.com\/elregionalvm\" \/>\n<meta property=\"article:published_time\" content=\"2022-01-09T13:51:03+00:00\" \/>\n<meta property=\"article:modified_time\" content=\"2022-01-09T13:51:04+00:00\" \/>\n<meta property=\"og:image\" content=\"http:\/\/elregionalvm.com.ar\/noticias-villa-maria\/wp-content\/uploads\/2022\/01\/eutanasia.jpg\" \/>\n\t<meta property=\"og:image:width\" content=\"772\" \/>\n\t<meta property=\"og:image:height\" content=\"442\" \/>\n\t<meta property=\"og:image:type\" content=\"image\/jpeg\" \/>\n<meta name=\"author\" content=\"Contenidos El Regional\" \/>\n<meta name=\"twitter:card\" content=\"summary_large_image\" \/>\n<meta name=\"twitter:creator\" content=\"@elregionalvm1\" \/>\n<meta name=\"twitter:site\" content=\"@elregionalvm1\" \/>\n<meta name=\"twitter:label1\" content=\"Escrito por\" \/>\n\t<meta name=\"twitter:data1\" content=\"Contenidos El Regional\" \/>\n\t<meta name=\"twitter:label2\" content=\"Tiempo de lectura\" \/>\n\t<meta name=\"twitter:data2\" content=\"3 minutos\" \/>\n<script type=\"application\/ld+json\" class=\"yoast-schema-graph\">{\"@context\":\"https:\/\/schema.org\",\"@graph\":[{\"@type\":\"Article\",\"@id\":\"http:\/\/elregionalvm.com.ar\/noticias-villa-maria\/victor-escobar-el-primer-enfermo-no-terminal-en-recibir-la-eutanasia-en-latinoamerica\/#article\",\"isPartOf\":{\"@id\":\"http:\/\/elregionalvm.com.ar\/noticias-villa-maria\/victor-escobar-el-primer-enfermo-no-terminal-en-recibir-la-eutanasia-en-latinoamerica\/\"},\"author\":{\"name\":\"Contenidos El Regional\",\"@id\":\"http:\/\/elregionalvm.com.ar\/noticias-villa-maria\/#\/schema\/person\/a0fb9c422317faca23d50163151bc354\"},\"headline\":\"V\u00edctor Escobar, el primer enfermo no terminal en recibir la eutanasia en Latinoam\u00e9rica\",\"datePublished\":\"2022-01-09T13:51:03+00:00\",\"dateModified\":\"2022-01-09T13:51:04+00:00\",\"mainEntityOfPage\":{\"@id\":\"http:\/\/elregionalvm.com.ar\/noticias-villa-maria\/victor-escobar-el-primer-enfermo-no-terminal-en-recibir-la-eutanasia-en-latinoamerica\/\"},\"wordCount\":556,\"commentCount\":0,\"image\":{\"@id\":\"http:\/\/elregionalvm.com.ar\/noticias-villa-maria\/victor-escobar-el-primer-enfermo-no-terminal-en-recibir-la-eutanasia-en-latinoamerica\/#primaryimage\"},\"thumbnailUrl\":\"https:\/\/i0.wp.com\/elregionalvm.com.ar\/noticias-villa-maria\/wp-content\/uploads\/2022\/01\/eutanasia.jpg?fit=772%2C442&ssl=1\",\"keywords\":[\"batalla legal\",\"destacado\",\"enfermo no terminal\",\"eutanasia\",\"Latinoam\u00e9rica\",\"muerte digna\",\"V\u00edctor Escobar\"],\"articleSection\":[\"Sociedad\"],\"inLanguage\":\"es\",\"potentialAction\":[{\"@type\":\"CommentAction\",\"name\":\"Comment\",\"target\":[\"http:\/\/elregionalvm.com.ar\/noticias-villa-maria\/victor-escobar-el-primer-enfermo-no-terminal-en-recibir-la-eutanasia-en-latinoamerica\/#respond\"]}]},{\"@type\":\"WebPage\",\"@id\":\"http:\/\/elregionalvm.com.ar\/noticias-villa-maria\/victor-escobar-el-primer-enfermo-no-terminal-en-recibir-la-eutanasia-en-latinoamerica\/\",\"url\":\"http:\/\/elregionalvm.com.ar\/noticias-villa-maria\/victor-escobar-el-primer-enfermo-no-terminal-en-recibir-la-eutanasia-en-latinoamerica\/\",\"name\":\"V\u00edctor Escobar, el primer enfermo no terminal en recibir la eutanasia en Latinoam\u00e9rica - El Regional\",\"isPartOf\":{\"@id\":\"http:\/\/elregionalvm.com.ar\/noticias-villa-maria\/#website\"},\"primaryImageOfPage\":{\"@id\":\"http:\/\/elregionalvm.com.ar\/noticias-villa-maria\/victor-escobar-el-primer-enfermo-no-terminal-en-recibir-la-eutanasia-en-latinoamerica\/#primaryimage\"},\"image\":{\"@id\":\"http:\/\/elregionalvm.com.ar\/noticias-villa-maria\/victor-escobar-el-primer-enfermo-no-terminal-en-recibir-la-eutanasia-en-latinoamerica\/#primaryimage\"},\"thumbnailUrl\":\"https:\/\/i0.wp.com\/elregionalvm.com.ar\/noticias-villa-maria\/wp-content\/uploads\/2022\/01\/eutanasia.jpg?fit=772%2C442&ssl=1\",\"datePublished\":\"2022-01-09T13:51:03+00:00\",\"dateModified\":\"2022-01-09T13:51:04+00:00\",\"author\":{\"@id\":\"http:\/\/elregionalvm.com.ar\/noticias-villa-maria\/#\/schema\/person\/a0fb9c422317faca23d50163151bc354\"},\"breadcrumb\":{\"@id\":\"http:\/\/elregionalvm.com.ar\/noticias-villa-maria\/victor-escobar-el-primer-enfermo-no-terminal-en-recibir-la-eutanasia-en-latinoamerica\/#breadcrumb\"},\"inLanguage\":\"es\",\"potentialAction\":[{\"@type\":\"ReadAction\",\"target\":[\"http:\/\/elregionalvm.com.ar\/noticias-villa-maria\/victor-escobar-el-primer-enfermo-no-terminal-en-recibir-la-eutanasia-en-latinoamerica\/\"]}]},{\"@type\":\"ImageObject\",\"inLanguage\":\"es\",\"@id\":\"http:\/\/elregionalvm.com.ar\/noticias-villa-maria\/victor-escobar-el-primer-enfermo-no-terminal-en-recibir-la-eutanasia-en-latinoamerica\/#primaryimage\",\"url\":\"https:\/\/i0.wp.com\/elregionalvm.com.ar\/noticias-villa-maria\/wp-content\/uploads\/2022\/01\/eutanasia.jpg?fit=772%2C442&ssl=1\",\"contentUrl\":\"https:\/\/i0.wp.com\/elregionalvm.com.ar\/noticias-villa-maria\/wp-content\/uploads\/2022\/01\/eutanasia.jpg?fit=772%2C442&ssl=1\",\"width\":772,\"height\":442},{\"@type\":\"BreadcrumbList\",\"@id\":\"http:\/\/elregionalvm.com.ar\/noticias-villa-maria\/victor-escobar-el-primer-enfermo-no-terminal-en-recibir-la-eutanasia-en-latinoamerica\/#breadcrumb\",\"itemListElement\":[{\"@type\":\"ListItem\",\"position\":1,\"name\":\"Portada\",\"item\":\"https:\/\/elregionalvm.com.ar\/noticias-villa-maria\/\"},{\"@type\":\"ListItem\",\"position\":2,\"name\":\"V\u00edctor Escobar, el primer enfermo no terminal en recibir la eutanasia en Latinoam\u00e9rica\"}]},{\"@type\":\"WebSite\",\"@id\":\"http:\/\/elregionalvm.com.ar\/noticias-villa-maria\/#website\",\"url\":\"http:\/\/elregionalvm.com.ar\/noticias-villa-maria\/\",\"name\":\"El Regional\",\"description\":\"Mucho m\u00e1s que informaci\u00f3n\",\"potentialAction\":[{\"@type\":\"SearchAction\",\"target\":{\"@type\":\"EntryPoint\",\"urlTemplate\":\"http:\/\/elregionalvm.com.ar\/noticias-villa-maria\/?s={search_term_string}\"},\"query-input\":{\"@type\":\"PropertyValueSpecification\",\"valueRequired\":true,\"valueName\":\"search_term_string\"}}],\"inLanguage\":\"es\"},{\"@type\":\"Person\",\"@id\":\"http:\/\/elregionalvm.com.ar\/noticias-villa-maria\/#\/schema\/person\/a0fb9c422317faca23d50163151bc354\",\"name\":\"Contenidos El Regional\",\"image\":{\"@type\":\"ImageObject\",\"inLanguage\":\"es\",\"@id\":\"http:\/\/elregionalvm.com.ar\/noticias-villa-maria\/#\/schema\/person\/image\/\",\"url\":\"https:\/\/secure.gravatar.com\/avatar\/265b27cb2209af7bb3a1318f03305787d7981a5cc6e6cd08fe5a4ecdf99d4b48?s=96&d=mm&r=g\",\"contentUrl\":\"https:\/\/secure.gravatar.com\/avatar\/265b27cb2209af7bb3a1318f03305787d7981a5cc6e6cd08fe5a4ecdf99d4b48?s=96&d=mm&r=g\",\"caption\":\"Contenidos El Regional\"},\"url\":\"https:\/\/elregionalvm.com.ar\/noticias-villa-maria\/author\/contenido\/\"}]}<\/script>\n<!-- \/ Yoast SEO plugin. -->","yoast_head_json":{"title":"V\u00edctor Escobar, el primer enfermo no terminal en recibir la eutanasia en Latinoam\u00e9rica - El Regional","robots":{"index":"index","follow":"follow","max-snippet":"max-snippet:-1","max-image-preview":"max-image-preview:large","max-video-preview":"max-video-preview:-1"},"canonical":"http:\/\/elregionalvm.com.ar\/noticias-villa-maria\/victor-escobar-el-primer-enfermo-no-terminal-en-recibir-la-eutanasia-en-latinoamerica\/","og_locale":"es_ES","og_type":"article","og_title":"V\u00edctor Escobar, el primer enfermo no terminal en recibir la eutanasia en Latinoam\u00e9rica - El Regional","og_description":"El hombre colombiano de 60 a\u00f1os padec\u00eda una enfermedad pulmonar obstructiva cr\u00f3nica que le imped\u00eda respirar por sus propios medios. \u201cYa me sent\u00eda muy mal, sent\u00eda ya que mis pulmones no me responden\u201d, asegur\u00f3.El colombiano V\u00edctor Escobar eligi\u00f3 someterse a una muerte digna a los 60 a\u00f1os sin ser enfermo terminal para \u201cabrir la puerta\u201d [&hellip;]","og_url":"http:\/\/elregionalvm.com.ar\/noticias-villa-maria\/victor-escobar-el-primer-enfermo-no-terminal-en-recibir-la-eutanasia-en-latinoamerica\/","og_site_name":"El Regional","article_publisher":"https:\/\/www.facebook.com\/elregionalvm","article_published_time":"2022-01-09T13:51:03+00:00","article_modified_time":"2022-01-09T13:51:04+00:00","og_image":[{"width":772,"height":442,"url":"http:\/\/elregionalvm.com.ar\/noticias-villa-maria\/wp-content\/uploads\/2022\/01\/eutanasia.jpg","type":"image\/jpeg"}],"author":"Contenidos El Regional","twitter_card":"summary_large_image","twitter_creator":"@elregionalvm1","twitter_site":"@elregionalvm1","twitter_misc":{"Escrito por":"Contenidos El Regional","Tiempo de lectura":"3 minutos"},"schema":{"@context":"https:\/\/schema.org","@graph":[{"@type":"Article","@id":"http:\/\/elregionalvm.com.ar\/noticias-villa-maria\/victor-escobar-el-primer-enfermo-no-terminal-en-recibir-la-eutanasia-en-latinoamerica\/#article","isPartOf":{"@id":"http:\/\/elregionalvm.com.ar\/noticias-villa-maria\/victor-escobar-el-primer-enfermo-no-terminal-en-recibir-la-eutanasia-en-latinoamerica\/"},"author":{"name":"Contenidos El Regional","@id":"http:\/\/elregionalvm.com.ar\/noticias-villa-maria\/#\/schema\/person\/a0fb9c422317faca23d50163151bc354"},"headline":"V\u00edctor Escobar, el primer enfermo no terminal en recibir la eutanasia en Latinoam\u00e9rica","datePublished":"2022-01-09T13:51:03+00:00","dateModified":"2022-01-09T13:51:04+00:00","mainEntityOfPage":{"@id":"http:\/\/elregionalvm.com.ar\/noticias-villa-maria\/victor-escobar-el-primer-enfermo-no-terminal-en-recibir-la-eutanasia-en-latinoamerica\/"},"wordCount":556,"commentCount":0,"image":{"@id":"http:\/\/elregionalvm.com.ar\/noticias-villa-maria\/victor-escobar-el-primer-enfermo-no-terminal-en-recibir-la-eutanasia-en-latinoamerica\/#primaryimage"},"thumbnailUrl":"https:\/\/i0.wp.com\/elregionalvm.com.ar\/noticias-villa-maria\/wp-content\/uploads\/2022\/01\/eutanasia.jpg?fit=772%2C442&ssl=1","keywords":["batalla legal","destacado","enfermo no terminal","eutanasia","Latinoam\u00e9rica","muerte digna","V\u00edctor Escobar"],"articleSection":["Sociedad"],"inLanguage":"es","potentialAction":[{"@type":"CommentAction","name":"Comment","target":["http:\/\/elregionalvm.com.ar\/noticias-villa-maria\/victor-escobar-el-primer-enfermo-no-terminal-en-recibir-la-eutanasia-en-latinoamerica\/#respond"]}]},{"@type":"WebPage","@id":"http:\/\/elregionalvm.com.ar\/noticias-villa-maria\/victor-escobar-el-primer-enfermo-no-terminal-en-recibir-la-eutanasia-en-latinoamerica\/","url":"http:\/\/elregionalvm.com.ar\/noticias-villa-maria\/victor-escobar-el-primer-enfermo-no-terminal-en-recibir-la-eutanasia-en-latinoamerica\/","name":"V\u00edctor Escobar, el primer enfermo no terminal en recibir la eutanasia en Latinoam\u00e9rica - El Regional","isPartOf":{"@id":"http:\/\/elregionalvm.com.ar\/noticias-villa-maria\/#website"},"primaryImageOfPage":{"@id":"http:\/\/elregionalvm.com.ar\/noticias-villa-maria\/victor-escobar-el-primer-enfermo-no-terminal-en-recibir-la-eutanasia-en-latinoamerica\/#primaryimage"},"image":{"@id":"http:\/\/elregionalvm.com.ar\/noticias-villa-maria\/victor-escobar-el-primer-enfermo-no-terminal-en-recibir-la-eutanasia-en-latinoamerica\/#primaryimage"},"thumbnailUrl":"https:\/\/i0.wp.com\/elregionalvm.com.ar\/noticias-villa-maria\/wp-content\/uploads\/2022\/01\/eutanasia.jpg?fit=772%2C442&ssl=1","datePublished":"2022-01-09T13:51:03+00:00","dateModified":"2022-01-09T13:51:04+00:00","author":{"@id":"http:\/\/elregionalvm.com.ar\/noticias-villa-maria\/#\/schema\/person\/a0fb9c422317faca23d50163151bc354"},"breadcrumb":{"@id":"http:\/\/elregionalvm.com.ar\/noticias-villa-maria\/victor-escobar-el-primer-enfermo-no-terminal-en-recibir-la-eutanasia-en-latinoamerica\/#breadcrumb"},"inLanguage":"es","potentialAction":[{"@type":"ReadAction","target":["http:\/\/elregionalvm.com.ar\/noticias-villa-maria\/victor-escobar-el-primer-enfermo-no-terminal-en-recibir-la-eutanasia-en-latinoamerica\/"]}]},{"@type":"ImageObject","inLanguage":"es","@id":"http:\/\/elregionalvm.com.ar\/noticias-villa-maria\/victor-escobar-el-primer-enfermo-no-terminal-en-recibir-la-eutanasia-en-latinoamerica\/#primaryimage","url":"https:\/\/i0.wp.com\/elregionalvm.com.ar\/noticias-villa-maria\/wp-content\/uploads\/2022\/01\/eutanasia.jpg?fit=772%2C442&ssl=1","contentUrl":"https:\/\/i0.wp.com\/elregionalvm.com.ar\/noticias-villa-maria\/wp-content\/uploads\/2022\/01\/eutanasia.jpg?fit=772%2C442&ssl=1","width":772,"height":442},{"@type":"BreadcrumbList","@id":"http:\/\/elregionalvm.com.ar\/noticias-villa-maria\/victor-escobar-el-primer-enfermo-no-terminal-en-recibir-la-eutanasia-en-latinoamerica\/#breadcrumb","itemListElement":[{"@type":"ListItem","position":1,"name":"Portada","item":"https:\/\/elregionalvm.com.ar\/noticias-villa-maria\/"},{"@type":"ListItem","position":2,"name":"V\u00edctor Escobar, el primer enfermo no terminal en recibir la eutanasia en Latinoam\u00e9rica"}]},{"@type":"WebSite","@id":"http:\/\/elregionalvm.com.ar\/noticias-villa-maria\/#website","url":"http:\/\/elregionalvm.com.ar\/noticias-villa-maria\/","name":"El Regional","description":"Mucho m\u00e1s que informaci\u00f3n","potentialAction":[{"@type":"SearchAction","target":{"@type":"EntryPoint","urlTemplate":"http:\/\/elregionalvm.com.ar\/noticias-villa-maria\/?s={search_term_string}"},"query-input":{"@type":"PropertyValueSpecification","valueRequired":true,"valueName":"search_term_string"}}],"inLanguage":"es"},{"@type":"Person","@id":"http:\/\/elregionalvm.com.ar\/noticias-villa-maria\/#\/schema\/person\/a0fb9c422317faca23d50163151bc354","name":"Contenidos El Regional","image":{"@type":"ImageObject","inLanguage":"es","@id":"http:\/\/elregionalvm.com.ar\/noticias-villa-maria\/#\/schema\/person\/image\/","url":"https:\/\/secure.gravatar.com\/avatar\/265b27cb2209af7bb3a1318f03305787d7981a5cc6e6cd08fe5a4ecdf99d4b48?s=96&d=mm&r=g","contentUrl":"https:\/\/secure.gravatar.com\/avatar\/265b27cb2209af7bb3a1318f03305787d7981a5cc6e6cd08fe5a4ecdf99d4b48?s=96&d=mm&r=g","caption":"Contenidos El Regional"},"url":"https:\/\/elregionalvm.com.ar\/noticias-villa-maria\/author\/contenido\/"}]}},"jetpack_featured_media_url":"https:\/\/i0.wp.com\/elregionalvm.com.ar\/noticias-villa-maria\/wp-content\/uploads\/2022\/01\/eutanasia.jpg?fit=772%2C442&ssl=1","jetpack_sharing_enabled":true,"_links":{"self":[{"href":"https:\/\/elregionalvm.com.ar\/noticias-villa-maria\/wp-json\/wp\/v2\/posts\/50963","targetHints":{"allow":["GET"]}}],"collection":[{"href":"https:\/\/elregionalvm.com.ar\/noticias-villa-maria\/wp-json\/wp\/v2\/posts"}],"about":[{"href":"https:\/\/elregionalvm.com.ar\/noticias-villa-maria\/wp-json\/wp\/v2\/types\/post"}],"author":[{"embeddable":true,"href":"https:\/\/elregionalvm.com.ar\/noticias-villa-maria\/wp-json\/wp\/v2\/users\/4"}],"replies":[{"embeddable":true,"href":"https:\/\/elregionalvm.com.ar\/noticias-villa-maria\/wp-json\/wp\/v2\/comments?post=50963"}],"version-history":[{"count":1,"href":"https:\/\/elregionalvm.com.ar\/noticias-villa-maria\/wp-json\/wp\/v2\/posts\/50963\/revisions"}],"predecessor-version":[{"id":50965,"href":"https:\/\/elregionalvm.com.ar\/noticias-villa-maria\/wp-json\/wp\/v2\/posts\/50963\/revisions\/50965"}],"wp:featuredmedia":[{"embeddable":true,"href":"https:\/\/elregionalvm.com.ar\/noticias-villa-maria\/wp-json\/wp\/v2\/media\/50964"}],"wp:attachment":[{"href":"https:\/\/elregionalvm.com.ar\/noticias-villa-maria\/wp-json\/wp\/v2\/media?parent=50963"}],"wp:term":[{"taxonomy":"category","embeddable":true,"href":"https:\/\/elregionalvm.com.ar\/noticias-villa-maria\/wp-json\/wp\/v2\/categories?post=50963"},{"taxonomy":"post_tag","embeddable":true,"href":"https:\/\/elregionalvm.com.ar\/noticias-villa-maria\/wp-json\/wp\/v2\/tags?post=50963"}],"curies":[{"name":"wp","href":"https:\/\/api.w.org\/{rel}","templated":true}]}}