{"id":51262,"date":"2022-01-14T21:35:16","date_gmt":"2022-01-14T21:35:16","guid":{"rendered":"https:\/\/elregionalvm.com.ar\/noticias-villa-maria\/?p=51262"},"modified":"2022-01-14T21:35:17","modified_gmt":"2022-01-14T21:35:17","slug":"cortes-de-energia-villa-nueva-y-villa-maria-elevaran-queja-al-ersep","status":"publish","type":"post","link":"https:\/\/elregionalvm.com.ar\/noticias-villa-maria\/cortes-de-energia-villa-nueva-y-villa-maria-elevaran-queja-al-ersep\/","title":{"rendered":"Cortes de energ\u00eda: Villa Nueva y Villa Mar\u00eda elevar\u00e1n queja al ERSEP"},"content":{"rendered":"\n<p>Desde la Municipalidad de Villa Nueva, en conjunto con las autoridades de la vecina localidad de Villa Mar\u00eda, se har\u00e1 una presentaci\u00f3n ante el ERSEP y el Ministerio de Servicios P\u00fablicos de la Provincia ante los reiterados y prolongados cortes de suministro el\u00e9ctrico que est\u00e1 sufriendo la poblaci\u00f3n.<\/p>\n\n\n\n<p>Dadas las altas temperaturas de esta semana han aumentado los cortes del suministro el\u00e9ctrico en varios sectores de la ciudad y en muchos casos hasta m\u00e1s de 10 horas, por lo que desde el Municipio villanovense se elev\u00f3 un reclamo ante el mal funcionamiento del servicio de energ\u00eda el\u00e9ctrica. Pidiendo informes de cu\u00e1l es la situaci\u00f3n y sobre las inversiones realizadas para garantizar el mejor servicio a la poblaci\u00f3n.<\/p>\n\n\n\n<p>Cabe recordar que desde el municipio ya se hab\u00eda elevado un reclamos y se concret\u00f3 una reuni\u00f3n con las autoridades de la Empresa de Energ\u00eda El\u00e9ctrica de la Provincia en el mes de noviembre a tal fin de conocer el plan de inversiones para la ciudad y de plantear el reclamo de vecinos ante los diferentes cortes que se ven\u00edan sucediendo.<\/p>\n\n\n\n<p>Asimismo, en los primeros d\u00edas de diciembre el Secretario de Gobierno, Guillermo Aiassa y la Directora de Atenci\u00f3n al Vecino, Claudia Arregui se hab\u00edan reunido nuevamente con directivos de la empresa para conocer m\u00e1s detalles sobre el plan de trabajo para la obra de tendido el\u00e9ctrico subterr\u00e1neo que permitir\u00e1, seg\u00fan indicaron desde EPEC una mejor provisi\u00f3n de la energ\u00eda el\u00e9ctrica a la poblaci\u00f3n de Villa Nueva<\/p>\n","protected":false},"excerpt":{"rendered":"<p>Desde la Municipalidad de Villa Nueva, en conjunto con las autoridades de la vecina localidad de Villa Mar\u00eda, se har\u00e1 una presentaci\u00f3n ante el ERSEP y el Ministerio de Servicios P\u00fablicos de la Provincia ante los reiterados y prolongados cortes de suministro el\u00e9ctrico que est\u00e1 sufriendo la poblaci\u00f3n. Dadas las altas temperaturas de esta semana [&hellip;]<\/p>\n","protected":false},"author":4,"featured_media":51263,"comment_status":"open","ping_status":"open","sticky":false,"template":"","format":"standard","meta":{"site-sidebar-layout":"default","site-content-layout":"default","ast-site-content-layout":"default","site-content-style":"default","site-sidebar-style":"default","ast-global-header-display":"","ast-banner-title-visibility":"","ast-main-header-display":"","ast-hfb-above-header-display":"","ast-hfb-below-header-display":"","ast-hfb-mobile-header-display":"","site-post-title":"","ast-breadcrumbs-content":"","ast-featured-img":"","footer-sml-layout":"","ast-disable-related-posts":"","theme-transparent-header-meta":"default","adv-header-id-meta":"","stick-header-meta":"","header-above-stick-meta":"","header-main-stick-meta":"","header-below-stick-meta":"","astra-migrate-meta-layouts":"default","ast-page-background-enabled":"default","ast-page-background-meta":{"desktop":{"background-color":"","background-image":"","background-repeat":"repeat","background-position":"center center","background-size":"auto","background-attachment":"scroll","background-type":"","background-media":"","overlay-type":"","overlay-color":"","overlay-opacity":"","overlay-gradient":""},"tablet":{"background-color":"","background-image":"","background-repeat":"repeat","background-position":"center center","background-size":"auto","background-attachment":"scroll","background-type":"","background-media":"","overlay-type":"","overlay-color":"","overlay-opacity":"","overlay-gradient":""},"mobile":{"background-color":"","background-image":"","background-repeat":"repeat","background-position":"center center","background-size":"auto","background-attachment":"scroll","background-type":"","background-media":"","overlay-type":"","overlay-color":"","overlay-opacity":"","overlay-gradient":""}},"ast-content-background-meta":{"desktop":{"background-color":"var(--ast-global-color-5)","background-image":"","background-repeat":"repeat","background-position":"center center","background-size":"auto","background-attachment":"scroll","background-type":"","background-media":"","overlay-type":"","overlay-color":"","overlay-opacity":"","overlay-gradient":""},"tablet":{"background-color":"var(--ast-global-color-5)","background-image":"","background-repeat":"repeat","background-position":"center center","background-size":"auto","background-attachment":"scroll","background-type":"","background-media":"","overlay-type":"","overlay-color":"","overlay-opacity":"","overlay-gradient":""},"mobile":{"background-color":"var(--ast-global-color-5)","background-image":"","background-repeat":"repeat","background-position":"center center","background-size":"auto","background-attachment":"scroll","background-type":"","background-media":"","overlay-type":"","overlay-color":"","overlay-opacity":"","overlay-gradient":""}},"_jetpack_memberships_contains_paid_content":false,"_joinchat":[],"footnotes":""},"categories":[2,1408],"tags":[13293,13292,1232,13294,13295,2788,2248,232],"class_list":["post-51262","post","type-post","status-publish","format-standard","has-post-thumbnail","hentry","category-villa-maria","category-villa-nueva","tag-colapso-energetico","tag-cortes-de-luz","tag-destacado","tag-ersep","tag-ministerio-de-servicios-publicos-de-la-provincia","tag-reclamo","tag-villa-maria-2","tag-villa-nueva"],"yoast_head":"<!-- This site is optimized with the Yoast SEO plugin v26.8 - https:\/\/yoast.com\/product\/yoast-seo-wordpress\/ -->\n<title>Cortes de energ\u00eda: Villa Nueva y Villa Mar\u00eda elevar\u00e1n queja al ERSEP - El Regional<\/title>\n<meta name=\"robots\" content=\"index, follow, max-snippet:-1, max-image-preview:large, max-video-preview:-1\" \/>\n<link rel=\"canonical\" href=\"http:\/\/elregionalvm.com.ar\/noticias-villa-maria\/cortes-de-energia-villa-nueva-y-villa-maria-elevaran-queja-al-ersep\/\" \/>\n<meta property=\"og:locale\" content=\"es_ES\" \/>\n<meta property=\"og:type\" content=\"article\" \/>\n<meta property=\"og:title\" content=\"Cortes de energ\u00eda: Villa Nueva y Villa Mar\u00eda elevar\u00e1n queja al ERSEP - El Regional\" \/>\n<meta property=\"og:description\" content=\"Desde la Municipalidad de Villa Nueva, en conjunto con las autoridades de la vecina localidad de Villa Mar\u00eda, se har\u00e1 una presentaci\u00f3n ante el ERSEP y el Ministerio de Servicios P\u00fablicos de la Provincia ante los reiterados y prolongados cortes de suministro el\u00e9ctrico que est\u00e1 sufriendo la poblaci\u00f3n. Dadas las altas temperaturas de esta semana [&hellip;]\" \/>\n<meta property=\"og:url\" content=\"http:\/\/elregionalvm.com.ar\/noticias-villa-maria\/cortes-de-energia-villa-nueva-y-villa-maria-elevaran-queja-al-ersep\/\" \/>\n<meta property=\"og:site_name\" content=\"El Regional\" \/>\n<meta property=\"article:publisher\" content=\"https:\/\/www.facebook.com\/elregionalvm\" \/>\n<meta property=\"article:published_time\" content=\"2022-01-14T21:35:16+00:00\" \/>\n<meta property=\"article:modified_time\" content=\"2022-01-14T21:35:17+00:00\" \/>\n<meta property=\"og:image\" content=\"http:\/\/elregionalvm.com.ar\/noticias-villa-maria\/wp-content\/uploads\/2022\/01\/cortes-de-luz-comercios.jpg\" \/>\n\t<meta property=\"og:image:width\" content=\"1023\" \/>\n\t<meta property=\"og:image:height\" content=\"682\" \/>\n\t<meta property=\"og:image:type\" content=\"image\/jpeg\" \/>\n<meta name=\"author\" content=\"Contenidos El Regional\" \/>\n<meta name=\"twitter:card\" content=\"summary_large_image\" \/>\n<meta name=\"twitter:creator\" content=\"@elregionalvm1\" \/>\n<meta name=\"twitter:site\" content=\"@elregionalvm1\" \/>\n<meta name=\"twitter:label1\" content=\"Escrito por\" \/>\n\t<meta name=\"twitter:data1\" content=\"Contenidos El Regional\" \/>\n\t<meta name=\"twitter:label2\" content=\"Tiempo de lectura\" \/>\n\t<meta name=\"twitter:data2\" content=\"2 minutos\" \/>\n<script type=\"application\/ld+json\" class=\"yoast-schema-graph\">{\"@context\":\"https:\/\/schema.org\",\"@graph\":[{\"@type\":\"Article\",\"@id\":\"http:\/\/elregionalvm.com.ar\/noticias-villa-maria\/cortes-de-energia-villa-nueva-y-villa-maria-elevaran-queja-al-ersep\/#article\",\"isPartOf\":{\"@id\":\"http:\/\/elregionalvm.com.ar\/noticias-villa-maria\/cortes-de-energia-villa-nueva-y-villa-maria-elevaran-queja-al-ersep\/\"},\"author\":{\"name\":\"Contenidos El Regional\",\"@id\":\"http:\/\/elregionalvm.com.ar\/noticias-villa-maria\/#\/schema\/person\/a0fb9c422317faca23d50163151bc354\"},\"headline\":\"Cortes de energ\u00eda: Villa Nueva y Villa Mar\u00eda elevar\u00e1n queja al ERSEP\",\"datePublished\":\"2022-01-14T21:35:16+00:00\",\"dateModified\":\"2022-01-14T21:35:17+00:00\",\"mainEntityOfPage\":{\"@id\":\"http:\/\/elregionalvm.com.ar\/noticias-villa-maria\/cortes-de-energia-villa-nueva-y-villa-maria-elevaran-queja-al-ersep\/\"},\"wordCount\":286,\"commentCount\":0,\"image\":{\"@id\":\"http:\/\/elregionalvm.com.ar\/noticias-villa-maria\/cortes-de-energia-villa-nueva-y-villa-maria-elevaran-queja-al-ersep\/#primaryimage\"},\"thumbnailUrl\":\"https:\/\/i0.wp.com\/elregionalvm.com.ar\/noticias-villa-maria\/wp-content\/uploads\/2022\/01\/cortes-de-luz-comercios.jpg?fit=1023%2C682&ssl=1\",\"keywords\":[\"colapso energ\u00e9tico\",\"cortes de luz\",\"destacado\",\"ERSEP\",\"Ministerio de Servicios P\u00fablicos de la Provincia\",\"Reclamo\",\"Villa Mar\u00eda\",\"VILLA NUEVA\"],\"articleSection\":[\"Villa Mar\u00eda\",\"Villa Nueva\"],\"inLanguage\":\"es\",\"potentialAction\":[{\"@type\":\"CommentAction\",\"name\":\"Comment\",\"target\":[\"http:\/\/elregionalvm.com.ar\/noticias-villa-maria\/cortes-de-energia-villa-nueva-y-villa-maria-elevaran-queja-al-ersep\/#respond\"]}]},{\"@type\":\"WebPage\",\"@id\":\"http:\/\/elregionalvm.com.ar\/noticias-villa-maria\/cortes-de-energia-villa-nueva-y-villa-maria-elevaran-queja-al-ersep\/\",\"url\":\"http:\/\/elregionalvm.com.ar\/noticias-villa-maria\/cortes-de-energia-villa-nueva-y-villa-maria-elevaran-queja-al-ersep\/\",\"name\":\"Cortes de energ\u00eda: Villa Nueva y Villa Mar\u00eda elevar\u00e1n queja al ERSEP - El Regional\",\"isPartOf\":{\"@id\":\"http:\/\/elregionalvm.com.ar\/noticias-villa-maria\/#website\"},\"primaryImageOfPage\":{\"@id\":\"http:\/\/elregionalvm.com.ar\/noticias-villa-maria\/cortes-de-energia-villa-nueva-y-villa-maria-elevaran-queja-al-ersep\/#primaryimage\"},\"image\":{\"@id\":\"http:\/\/elregionalvm.com.ar\/noticias-villa-maria\/cortes-de-energia-villa-nueva-y-villa-maria-elevaran-queja-al-ersep\/#primaryimage\"},\"thumbnailUrl\":\"https:\/\/i0.wp.com\/elregionalvm.com.ar\/noticias-villa-maria\/wp-content\/uploads\/2022\/01\/cortes-de-luz-comercios.jpg?fit=1023%2C682&ssl=1\",\"datePublished\":\"2022-01-14T21:35:16+00:00\",\"dateModified\":\"2022-01-14T21:35:17+00:00\",\"author\":{\"@id\":\"http:\/\/elregionalvm.com.ar\/noticias-villa-maria\/#\/schema\/person\/a0fb9c422317faca23d50163151bc354\"},\"breadcrumb\":{\"@id\":\"http:\/\/elregionalvm.com.ar\/noticias-villa-maria\/cortes-de-energia-villa-nueva-y-villa-maria-elevaran-queja-al-ersep\/#breadcrumb\"},\"inLanguage\":\"es\",\"potentialAction\":[{\"@type\":\"ReadAction\",\"target\":[\"http:\/\/elregionalvm.com.ar\/noticias-villa-maria\/cortes-de-energia-villa-nueva-y-villa-maria-elevaran-queja-al-ersep\/\"]}]},{\"@type\":\"ImageObject\",\"inLanguage\":\"es\",\"@id\":\"http:\/\/elregionalvm.com.ar\/noticias-villa-maria\/cortes-de-energia-villa-nueva-y-villa-maria-elevaran-queja-al-ersep\/#primaryimage\",\"url\":\"https:\/\/i0.wp.com\/elregionalvm.com.ar\/noticias-villa-maria\/wp-content\/uploads\/2022\/01\/cortes-de-luz-comercios.jpg?fit=1023%2C682&ssl=1\",\"contentUrl\":\"https:\/\/i0.wp.com\/elregionalvm.com.ar\/noticias-villa-maria\/wp-content\/uploads\/2022\/01\/cortes-de-luz-comercios.jpg?fit=1023%2C682&ssl=1\",\"width\":1023,\"height\":682},{\"@type\":\"BreadcrumbList\",\"@id\":\"http:\/\/elregionalvm.com.ar\/noticias-villa-maria\/cortes-de-energia-villa-nueva-y-villa-maria-elevaran-queja-al-ersep\/#breadcrumb\",\"itemListElement\":[{\"@type\":\"ListItem\",\"position\":1,\"name\":\"Portada\",\"item\":\"https:\/\/elregionalvm.com.ar\/noticias-villa-maria\/\"},{\"@type\":\"ListItem\",\"position\":2,\"name\":\"Cortes de energ\u00eda: Villa Nueva y Villa Mar\u00eda elevar\u00e1n queja al ERSEP\"}]},{\"@type\":\"WebSite\",\"@id\":\"http:\/\/elregionalvm.com.ar\/noticias-villa-maria\/#website\",\"url\":\"http:\/\/elregionalvm.com.ar\/noticias-villa-maria\/\",\"name\":\"El Regional\",\"description\":\"Mucho m\u00e1s que informaci\u00f3n\",\"potentialAction\":[{\"@type\":\"SearchAction\",\"target\":{\"@type\":\"EntryPoint\",\"urlTemplate\":\"http:\/\/elregionalvm.com.ar\/noticias-villa-maria\/?s={search_term_string}\"},\"query-input\":{\"@type\":\"PropertyValueSpecification\",\"valueRequired\":true,\"valueName\":\"search_term_string\"}}],\"inLanguage\":\"es\"},{\"@type\":\"Person\",\"@id\":\"http:\/\/elregionalvm.com.ar\/noticias-villa-maria\/#\/schema\/person\/a0fb9c422317faca23d50163151bc354\",\"name\":\"Contenidos El Regional\",\"image\":{\"@type\":\"ImageObject\",\"inLanguage\":\"es\",\"@id\":\"http:\/\/elregionalvm.com.ar\/noticias-villa-maria\/#\/schema\/person\/image\/\",\"url\":\"https:\/\/secure.gravatar.com\/avatar\/265b27cb2209af7bb3a1318f03305787d7981a5cc6e6cd08fe5a4ecdf99d4b48?s=96&d=mm&r=g\",\"contentUrl\":\"https:\/\/secure.gravatar.com\/avatar\/265b27cb2209af7bb3a1318f03305787d7981a5cc6e6cd08fe5a4ecdf99d4b48?s=96&d=mm&r=g\",\"caption\":\"Contenidos El Regional\"},\"url\":\"https:\/\/elregionalvm.com.ar\/noticias-villa-maria\/author\/contenido\/\"}]}<\/script>\n<!-- \/ Yoast SEO plugin. -->","yoast_head_json":{"title":"Cortes de energ\u00eda: Villa Nueva y Villa Mar\u00eda elevar\u00e1n queja al ERSEP - El Regional","robots":{"index":"index","follow":"follow","max-snippet":"max-snippet:-1","max-image-preview":"max-image-preview:large","max-video-preview":"max-video-preview:-1"},"canonical":"http:\/\/elregionalvm.com.ar\/noticias-villa-maria\/cortes-de-energia-villa-nueva-y-villa-maria-elevaran-queja-al-ersep\/","og_locale":"es_ES","og_type":"article","og_title":"Cortes de energ\u00eda: Villa Nueva y Villa Mar\u00eda elevar\u00e1n queja al ERSEP - El Regional","og_description":"Desde la Municipalidad de Villa Nueva, en conjunto con las autoridades de la vecina localidad de Villa Mar\u00eda, se har\u00e1 una presentaci\u00f3n ante el ERSEP y el Ministerio de Servicios P\u00fablicos de la Provincia ante los reiterados y prolongados cortes de suministro el\u00e9ctrico que est\u00e1 sufriendo la poblaci\u00f3n. Dadas las altas temperaturas de esta semana [&hellip;]","og_url":"http:\/\/elregionalvm.com.ar\/noticias-villa-maria\/cortes-de-energia-villa-nueva-y-villa-maria-elevaran-queja-al-ersep\/","og_site_name":"El Regional","article_publisher":"https:\/\/www.facebook.com\/elregionalvm","article_published_time":"2022-01-14T21:35:16+00:00","article_modified_time":"2022-01-14T21:35:17+00:00","og_image":[{"width":1023,"height":682,"url":"http:\/\/elregionalvm.com.ar\/noticias-villa-maria\/wp-content\/uploads\/2022\/01\/cortes-de-luz-comercios.jpg","type":"image\/jpeg"}],"author":"Contenidos El Regional","twitter_card":"summary_large_image","twitter_creator":"@elregionalvm1","twitter_site":"@elregionalvm1","twitter_misc":{"Escrito por":"Contenidos El Regional","Tiempo de lectura":"2 minutos"},"schema":{"@context":"https:\/\/schema.org","@graph":[{"@type":"Article","@id":"http:\/\/elregionalvm.com.ar\/noticias-villa-maria\/cortes-de-energia-villa-nueva-y-villa-maria-elevaran-queja-al-ersep\/#article","isPartOf":{"@id":"http:\/\/elregionalvm.com.ar\/noticias-villa-maria\/cortes-de-energia-villa-nueva-y-villa-maria-elevaran-queja-al-ersep\/"},"author":{"name":"Contenidos El Regional","@id":"http:\/\/elregionalvm.com.ar\/noticias-villa-maria\/#\/schema\/person\/a0fb9c422317faca23d50163151bc354"},"headline":"Cortes de energ\u00eda: Villa Nueva y Villa Mar\u00eda elevar\u00e1n queja al ERSEP","datePublished":"2022-01-14T21:35:16+00:00","dateModified":"2022-01-14T21:35:17+00:00","mainEntityOfPage":{"@id":"http:\/\/elregionalvm.com.ar\/noticias-villa-maria\/cortes-de-energia-villa-nueva-y-villa-maria-elevaran-queja-al-ersep\/"},"wordCount":286,"commentCount":0,"image":{"@id":"http:\/\/elregionalvm.com.ar\/noticias-villa-maria\/cortes-de-energia-villa-nueva-y-villa-maria-elevaran-queja-al-ersep\/#primaryimage"},"thumbnailUrl":"https:\/\/i0.wp.com\/elregionalvm.com.ar\/noticias-villa-maria\/wp-content\/uploads\/2022\/01\/cortes-de-luz-comercios.jpg?fit=1023%2C682&ssl=1","keywords":["colapso energ\u00e9tico","cortes de luz","destacado","ERSEP","Ministerio de Servicios P\u00fablicos de la Provincia","Reclamo","Villa Mar\u00eda","VILLA NUEVA"],"articleSection":["Villa Mar\u00eda","Villa Nueva"],"inLanguage":"es","potentialAction":[{"@type":"CommentAction","name":"Comment","target":["http:\/\/elregionalvm.com.ar\/noticias-villa-maria\/cortes-de-energia-villa-nueva-y-villa-maria-elevaran-queja-al-ersep\/#respond"]}]},{"@type":"WebPage","@id":"http:\/\/elregionalvm.com.ar\/noticias-villa-maria\/cortes-de-energia-villa-nueva-y-villa-maria-elevaran-queja-al-ersep\/","url":"http:\/\/elregionalvm.com.ar\/noticias-villa-maria\/cortes-de-energia-villa-nueva-y-villa-maria-elevaran-queja-al-ersep\/","name":"Cortes de energ\u00eda: Villa Nueva y Villa Mar\u00eda elevar\u00e1n queja al ERSEP - El Regional","isPartOf":{"@id":"http:\/\/elregionalvm.com.ar\/noticias-villa-maria\/#website"},"primaryImageOfPage":{"@id":"http:\/\/elregionalvm.com.ar\/noticias-villa-maria\/cortes-de-energia-villa-nueva-y-villa-maria-elevaran-queja-al-ersep\/#primaryimage"},"image":{"@id":"http:\/\/elregionalvm.com.ar\/noticias-villa-maria\/cortes-de-energia-villa-nueva-y-villa-maria-elevaran-queja-al-ersep\/#primaryimage"},"thumbnailUrl":"https:\/\/i0.wp.com\/elregionalvm.com.ar\/noticias-villa-maria\/wp-content\/uploads\/2022\/01\/cortes-de-luz-comercios.jpg?fit=1023%2C682&ssl=1","datePublished":"2022-01-14T21:35:16+00:00","dateModified":"2022-01-14T21:35:17+00:00","author":{"@id":"http:\/\/elregionalvm.com.ar\/noticias-villa-maria\/#\/schema\/person\/a0fb9c422317faca23d50163151bc354"},"breadcrumb":{"@id":"http:\/\/elregionalvm.com.ar\/noticias-villa-maria\/cortes-de-energia-villa-nueva-y-villa-maria-elevaran-queja-al-ersep\/#breadcrumb"},"inLanguage":"es","potentialAction":[{"@type":"ReadAction","target":["http:\/\/elregionalvm.com.ar\/noticias-villa-maria\/cortes-de-energia-villa-nueva-y-villa-maria-elevaran-queja-al-ersep\/"]}]},{"@type":"ImageObject","inLanguage":"es","@id":"http:\/\/elregionalvm.com.ar\/noticias-villa-maria\/cortes-de-energia-villa-nueva-y-villa-maria-elevaran-queja-al-ersep\/#primaryimage","url":"https:\/\/i0.wp.com\/elregionalvm.com.ar\/noticias-villa-maria\/wp-content\/uploads\/2022\/01\/cortes-de-luz-comercios.jpg?fit=1023%2C682&ssl=1","contentUrl":"https:\/\/i0.wp.com\/elregionalvm.com.ar\/noticias-villa-maria\/wp-content\/uploads\/2022\/01\/cortes-de-luz-comercios.jpg?fit=1023%2C682&ssl=1","width":1023,"height":682},{"@type":"BreadcrumbList","@id":"http:\/\/elregionalvm.com.ar\/noticias-villa-maria\/cortes-de-energia-villa-nueva-y-villa-maria-elevaran-queja-al-ersep\/#breadcrumb","itemListElement":[{"@type":"ListItem","position":1,"name":"Portada","item":"https:\/\/elregionalvm.com.ar\/noticias-villa-maria\/"},{"@type":"ListItem","position":2,"name":"Cortes de energ\u00eda: Villa Nueva y Villa Mar\u00eda elevar\u00e1n queja al ERSEP"}]},{"@type":"WebSite","@id":"http:\/\/elregionalvm.com.ar\/noticias-villa-maria\/#website","url":"http:\/\/elregionalvm.com.ar\/noticias-villa-maria\/","name":"El Regional","description":"Mucho m\u00e1s que informaci\u00f3n","potentialAction":[{"@type":"SearchAction","target":{"@type":"EntryPoint","urlTemplate":"http:\/\/elregionalvm.com.ar\/noticias-villa-maria\/?s={search_term_string}"},"query-input":{"@type":"PropertyValueSpecification","valueRequired":true,"valueName":"search_term_string"}}],"inLanguage":"es"},{"@type":"Person","@id":"http:\/\/elregionalvm.com.ar\/noticias-villa-maria\/#\/schema\/person\/a0fb9c422317faca23d50163151bc354","name":"Contenidos El Regional","image":{"@type":"ImageObject","inLanguage":"es","@id":"http:\/\/elregionalvm.com.ar\/noticias-villa-maria\/#\/schema\/person\/image\/","url":"https:\/\/secure.gravatar.com\/avatar\/265b27cb2209af7bb3a1318f03305787d7981a5cc6e6cd08fe5a4ecdf99d4b48?s=96&d=mm&r=g","contentUrl":"https:\/\/secure.gravatar.com\/avatar\/265b27cb2209af7bb3a1318f03305787d7981a5cc6e6cd08fe5a4ecdf99d4b48?s=96&d=mm&r=g","caption":"Contenidos El Regional"},"url":"https:\/\/elregionalvm.com.ar\/noticias-villa-maria\/author\/contenido\/"}]}},"jetpack_featured_media_url":"https:\/\/i0.wp.com\/elregionalvm.com.ar\/noticias-villa-maria\/wp-content\/uploads\/2022\/01\/cortes-de-luz-comercios.jpg?fit=1023%2C682&ssl=1","jetpack_sharing_enabled":true,"_links":{"self":[{"href":"https:\/\/elregionalvm.com.ar\/noticias-villa-maria\/wp-json\/wp\/v2\/posts\/51262","targetHints":{"allow":["GET"]}}],"collection":[{"href":"https:\/\/elregionalvm.com.ar\/noticias-villa-maria\/wp-json\/wp\/v2\/posts"}],"about":[{"href":"https:\/\/elregionalvm.com.ar\/noticias-villa-maria\/wp-json\/wp\/v2\/types\/post"}],"author":[{"embeddable":true,"href":"https:\/\/elregionalvm.com.ar\/noticias-villa-maria\/wp-json\/wp\/v2\/users\/4"}],"replies":[{"embeddable":true,"href":"https:\/\/elregionalvm.com.ar\/noticias-villa-maria\/wp-json\/wp\/v2\/comments?post=51262"}],"version-history":[{"count":1,"href":"https:\/\/elregionalvm.com.ar\/noticias-villa-maria\/wp-json\/wp\/v2\/posts\/51262\/revisions"}],"predecessor-version":[{"id":51264,"href":"https:\/\/elregionalvm.com.ar\/noticias-villa-maria\/wp-json\/wp\/v2\/posts\/51262\/revisions\/51264"}],"wp:featuredmedia":[{"embeddable":true,"href":"https:\/\/elregionalvm.com.ar\/noticias-villa-maria\/wp-json\/wp\/v2\/media\/51263"}],"wp:attachment":[{"href":"https:\/\/elregionalvm.com.ar\/noticias-villa-maria\/wp-json\/wp\/v2\/media?parent=51262"}],"wp:term":[{"taxonomy":"category","embeddable":true,"href":"https:\/\/elregionalvm.com.ar\/noticias-villa-maria\/wp-json\/wp\/v2\/categories?post=51262"},{"taxonomy":"post_tag","embeddable":true,"href":"https:\/\/elregionalvm.com.ar\/noticias-villa-maria\/wp-json\/wp\/v2\/tags?post=51262"}],"curies":[{"name":"wp","href":"https:\/\/api.w.org\/{rel}","templated":true}]}}