{"id":51313,"date":"2022-01-16T14:15:25","date_gmt":"2022-01-16T14:15:25","guid":{"rendered":"https:\/\/elregionalvm.com.ar\/noticias-villa-maria\/?p=51313"},"modified":"2022-01-16T14:15:26","modified_gmt":"2022-01-16T14:15:26","slug":"primera-quincena-de-enero-villa-maria-tuvo-casi-10-mil-contagios","status":"publish","type":"post","link":"https:\/\/elregionalvm.com.ar\/noticias-villa-maria\/primera-quincena-de-enero-villa-maria-tuvo-casi-10-mil-contagios\/","title":{"rendered":"Primera quincena de enero: Villa Mar\u00eda tuvo casi 10 mil contagios"},"content":{"rendered":"\n<p>Villa Mar\u00eda cerr\u00f3 el s\u00e1bado con 752 contagios de covid. Se realizaron 1989 test ant\u00edgenos y 2PCR. Fueron 130 las personas dadas de alta tras haber cursado el covid.<\/p>\n\n\n\n<div class=\"wp-block-image\"><figure class=\"aligncenter size-large is-resized\"><img data-recalc-dims=\"1\" fetchpriority=\"high\" decoding=\"async\" src=\"https:\/\/i0.wp.com\/elregionalvm.com.ar\/noticias-villa-maria\/wp-content\/uploads\/2022\/01\/WhatsApp-Image-2022-01-15-at-16.11.37.jpeg?resize=522%2C252&#038;ssl=1\" alt=\"\" class=\"wp-image-51314\" width=\"522\" height=\"252\" srcset=\"https:\/\/i0.wp.com\/elregionalvm.com.ar\/noticias-villa-maria\/wp-content\/uploads\/2022\/01\/WhatsApp-Image-2022-01-15-at-16.11.37.jpeg?resize=1024%2C495&amp;ssl=1 1024w, https:\/\/i0.wp.com\/elregionalvm.com.ar\/noticias-villa-maria\/wp-content\/uploads\/2022\/01\/WhatsApp-Image-2022-01-15-at-16.11.37.jpeg?resize=300%2C145&amp;ssl=1 300w, https:\/\/i0.wp.com\/elregionalvm.com.ar\/noticias-villa-maria\/wp-content\/uploads\/2022\/01\/WhatsApp-Image-2022-01-15-at-16.11.37.jpeg?resize=768%2C371&amp;ssl=1 768w, https:\/\/i0.wp.com\/elregionalvm.com.ar\/noticias-villa-maria\/wp-content\/uploads\/2022\/01\/WhatsApp-Image-2022-01-15-at-16.11.37.jpeg?w=1524&amp;ssl=1 1524w\" sizes=\"(max-width: 522px) 100vw, 522px\" \/><\/figure><\/div>\n\n\n\n<div class=\"wp-block-image\"><figure class=\"aligncenter size-full is-resized\"><img data-recalc-dims=\"1\" decoding=\"async\" src=\"https:\/\/i0.wp.com\/elregionalvm.com.ar\/noticias-villa-maria\/wp-content\/uploads\/2022\/01\/quincena-enero.png?resize=304%2C414&#038;ssl=1\" alt=\"\" class=\"wp-image-51316\" width=\"304\" height=\"414\" srcset=\"https:\/\/i0.wp.com\/elregionalvm.com.ar\/noticias-villa-maria\/wp-content\/uploads\/2022\/01\/quincena-enero.png?w=363&amp;ssl=1 363w, https:\/\/i0.wp.com\/elregionalvm.com.ar\/noticias-villa-maria\/wp-content\/uploads\/2022\/01\/quincena-enero.png?resize=220%2C300&amp;ssl=1 220w\" sizes=\"(max-width: 304px) 100vw, 304px\" \/><\/figure><\/div>\n\n\n\n<p>Los n\u00fameros de Villa Nueva con repecto a la situaci\u00f3n sanitaria por covid indicaron lo siguiente:<\/p>\n\n\n\n<div class=\"wp-block-image\"><figure class=\"aligncenter size-full is-resized\"><img data-recalc-dims=\"1\" decoding=\"async\" src=\"https:\/\/i0.wp.com\/elregionalvm.com.ar\/noticias-villa-maria\/wp-content\/uploads\/2022\/01\/WhatsApp-Image-2022-01-15-at-20.14.59.jpeg?resize=472%2C317&#038;ssl=1\" alt=\"\" class=\"wp-image-51315\" width=\"472\" height=\"317\" srcset=\"https:\/\/i0.wp.com\/elregionalvm.com.ar\/noticias-villa-maria\/wp-content\/uploads\/2022\/01\/WhatsApp-Image-2022-01-15-at-20.14.59.jpeg?w=551&amp;ssl=1 551w, https:\/\/i0.wp.com\/elregionalvm.com.ar\/noticias-villa-maria\/wp-content\/uploads\/2022\/01\/WhatsApp-Image-2022-01-15-at-20.14.59.jpeg?resize=300%2C201&amp;ssl=1 300w\" sizes=\"(max-width: 472px) 100vw, 472px\" \/><\/figure><\/div>\n\n\n\n<div class=\"wp-block-image\"><figure class=\"aligncenter size-full\"><img data-recalc-dims=\"1\" loading=\"lazy\" decoding=\"async\" width=\"364\" height=\"498\" src=\"https:\/\/i0.wp.com\/elregionalvm.com.ar\/noticias-villa-maria\/wp-content\/uploads\/2022\/01\/quincena-enero-vn.png?resize=364%2C498&#038;ssl=1\" alt=\"\" class=\"wp-image-51317\" srcset=\"https:\/\/i0.wp.com\/elregionalvm.com.ar\/noticias-villa-maria\/wp-content\/uploads\/2022\/01\/quincena-enero-vn.png?w=364&amp;ssl=1 364w, https:\/\/i0.wp.com\/elregionalvm.com.ar\/noticias-villa-maria\/wp-content\/uploads\/2022\/01\/quincena-enero-vn.png?resize=219%2C300&amp;ssl=1 219w\" sizes=\"(max-width: 364px) 100vw, 364px\" \/><\/figure><\/div>\n\n\n\n<p><\/p>\n","protected":false},"excerpt":{"rendered":"<p>Villa Mar\u00eda cerr\u00f3 el s\u00e1bado con 752 contagios de covid. Se realizaron 1989 test ant\u00edgenos y 2PCR. Fueron 130 las personas dadas de alta tras haber cursado el covid. Los n\u00fameros de Villa Nueva con repecto a la situaci\u00f3n sanitaria por covid indicaron lo siguiente:<\/p>\n","protected":false},"author":4,"featured_media":48608,"comment_status":"open","ping_status":"open","sticky":false,"template":"","format":"standard","meta":{"site-sidebar-layout":"default","site-content-layout":"default","ast-site-content-layout":"default","site-content-style":"default","site-sidebar-style":"default","ast-global-header-display":"","ast-banner-title-visibility":"","ast-main-header-display":"","ast-hfb-above-header-display":"","ast-hfb-below-header-display":"","ast-hfb-mobile-header-display":"","site-post-title":"","ast-breadcrumbs-content":"","ast-featured-img":"","footer-sml-layout":"","ast-disable-related-posts":"","theme-transparent-header-meta":"default","adv-header-id-meta":"","stick-header-meta":"","header-above-stick-meta":"","header-main-stick-meta":"","header-below-stick-meta":"","astra-migrate-meta-layouts":"default","ast-page-background-enabled":"default","ast-page-background-meta":{"desktop":{"background-color":"","background-image":"","background-repeat":"repeat","background-position":"center center","background-size":"auto","background-attachment":"scroll","background-type":"","background-media":"","overlay-type":"","overlay-color":"","overlay-opacity":"","overlay-gradient":""},"tablet":{"background-color":"","background-image":"","background-repeat":"repeat","background-position":"center center","background-size":"auto","background-attachment":"scroll","background-type":"","background-media":"","overlay-type":"","overlay-color":"","overlay-opacity":"","overlay-gradient":""},"mobile":{"background-color":"","background-image":"","background-repeat":"repeat","background-position":"center center","background-size":"auto","background-attachment":"scroll","background-type":"","background-media":"","overlay-type":"","overlay-color":"","overlay-opacity":"","overlay-gradient":""}},"ast-content-background-meta":{"desktop":{"background-color":"var(--ast-global-color-5)","background-image":"","background-repeat":"repeat","background-position":"center center","background-size":"auto","background-attachment":"scroll","background-type":"","background-media":"","overlay-type":"","overlay-color":"","overlay-opacity":"","overlay-gradient":""},"tablet":{"background-color":"var(--ast-global-color-5)","background-image":"","background-repeat":"repeat","background-position":"center center","background-size":"auto","background-attachment":"scroll","background-type":"","background-media":"","overlay-type":"","overlay-color":"","overlay-opacity":"","overlay-gradient":""},"mobile":{"background-color":"var(--ast-global-color-5)","background-image":"","background-repeat":"repeat","background-position":"center center","background-size":"auto","background-attachment":"scroll","background-type":"","background-media":"","overlay-type":"","overlay-color":"","overlay-opacity":"","overlay-gradient":""}},"_jetpack_memberships_contains_paid_content":false,"_joinchat":[],"footnotes":""},"categories":[2256,2,1408],"tags":[3907,1997,1232,13308,3744,2248,232],"class_list":["post-51313","post","type-post","status-publish","format-standard","has-post-thumbnail","hentry","category-coronavirus","category-villa-maria","category-villa-nueva","tag-casos-diarios","tag-coronavirus","tag-destacado","tag-sabado-15-de-enero-de-2022","tag-situacion-epidemiologica","tag-villa-maria-2","tag-villa-nueva"],"yoast_head":"<!-- This site is optimized with the Yoast SEO plugin v26.8 - https:\/\/yoast.com\/product\/yoast-seo-wordpress\/ -->\n<title>Primera quincena de enero: Villa Mar\u00eda tuvo casi 10 mil contagios - El Regional<\/title>\n<meta name=\"robots\" content=\"index, follow, max-snippet:-1, max-image-preview:large, max-video-preview:-1\" \/>\n<link rel=\"canonical\" href=\"http:\/\/elregionalvm.com.ar\/noticias-villa-maria\/primera-quincena-de-enero-villa-maria-tuvo-casi-10-mil-contagios\/\" \/>\n<meta property=\"og:locale\" content=\"es_ES\" \/>\n<meta property=\"og:type\" content=\"article\" \/>\n<meta property=\"og:title\" content=\"Primera quincena de enero: Villa Mar\u00eda tuvo casi 10 mil contagios - El Regional\" \/>\n<meta property=\"og:description\" content=\"Villa Mar\u00eda cerr\u00f3 el s\u00e1bado con 752 contagios de covid. Se realizaron 1989 test ant\u00edgenos y 2PCR. Fueron 130 las personas dadas de alta tras haber cursado el covid. Los n\u00fameros de Villa Nueva con repecto a la situaci\u00f3n sanitaria por covid indicaron lo siguiente:\" \/>\n<meta property=\"og:url\" content=\"http:\/\/elregionalvm.com.ar\/noticias-villa-maria\/primera-quincena-de-enero-villa-maria-tuvo-casi-10-mil-contagios\/\" \/>\n<meta property=\"og:site_name\" content=\"El Regional\" \/>\n<meta property=\"article:publisher\" content=\"https:\/\/www.facebook.com\/elregionalvm\" \/>\n<meta property=\"article:published_time\" content=\"2022-01-16T14:15:25+00:00\" \/>\n<meta property=\"article:modified_time\" content=\"2022-01-16T14:15:26+00:00\" \/>\n<meta property=\"og:image\" content=\"http:\/\/elregionalvm.com.ar\/noticias-villa-maria\/wp-content\/uploads\/2021\/11\/MUERTE-POR-COVID.jpg\" \/>\n\t<meta property=\"og:image:width\" content=\"788\" \/>\n\t<meta property=\"og:image:height\" content=\"538\" \/>\n\t<meta property=\"og:image:type\" content=\"image\/jpeg\" \/>\n<meta name=\"author\" content=\"Contenidos El Regional\" \/>\n<meta name=\"twitter:card\" content=\"summary_large_image\" \/>\n<meta name=\"twitter:creator\" content=\"@elregionalvm1\" \/>\n<meta name=\"twitter:site\" content=\"@elregionalvm1\" \/>\n<meta name=\"twitter:label1\" content=\"Escrito por\" \/>\n\t<meta name=\"twitter:data1\" content=\"Contenidos El Regional\" \/>\n\t<meta name=\"twitter:label2\" content=\"Tiempo de lectura\" \/>\n\t<meta name=\"twitter:data2\" content=\"2 minutos\" \/>\n<script type=\"application\/ld+json\" class=\"yoast-schema-graph\">{\"@context\":\"https:\/\/schema.org\",\"@graph\":[{\"@type\":\"Article\",\"@id\":\"http:\/\/elregionalvm.com.ar\/noticias-villa-maria\/primera-quincena-de-enero-villa-maria-tuvo-casi-10-mil-contagios\/#article\",\"isPartOf\":{\"@id\":\"http:\/\/elregionalvm.com.ar\/noticias-villa-maria\/primera-quincena-de-enero-villa-maria-tuvo-casi-10-mil-contagios\/\"},\"author\":{\"name\":\"Contenidos El Regional\",\"@id\":\"http:\/\/elregionalvm.com.ar\/noticias-villa-maria\/#\/schema\/person\/a0fb9c422317faca23d50163151bc354\"},\"headline\":\"Primera quincena de enero: Villa Mar\u00eda tuvo casi 10 mil contagios\",\"datePublished\":\"2022-01-16T14:15:25+00:00\",\"dateModified\":\"2022-01-16T14:15:26+00:00\",\"mainEntityOfPage\":{\"@id\":\"http:\/\/elregionalvm.com.ar\/noticias-villa-maria\/primera-quincena-de-enero-villa-maria-tuvo-casi-10-mil-contagios\/\"},\"wordCount\":58,\"commentCount\":0,\"image\":{\"@id\":\"http:\/\/elregionalvm.com.ar\/noticias-villa-maria\/primera-quincena-de-enero-villa-maria-tuvo-casi-10-mil-contagios\/#primaryimage\"},\"thumbnailUrl\":\"https:\/\/i0.wp.com\/elregionalvm.com.ar\/noticias-villa-maria\/wp-content\/uploads\/2021\/11\/MUERTE-POR-COVID.jpg?fit=788%2C538&ssl=1\",\"keywords\":[\"casos diarios\",\"Coronavirus\",\"destacado\",\"s\u00e1bado 15 de enero de 2022\",\"situaci\u00f3n epidemiol\u00f3gica\",\"Villa Mar\u00eda\",\"VILLA NUEVA\"],\"articleSection\":[\"Coronavirus\",\"Villa Mar\u00eda\",\"Villa Nueva\"],\"inLanguage\":\"es\",\"potentialAction\":[{\"@type\":\"CommentAction\",\"name\":\"Comment\",\"target\":[\"http:\/\/elregionalvm.com.ar\/noticias-villa-maria\/primera-quincena-de-enero-villa-maria-tuvo-casi-10-mil-contagios\/#respond\"]}]},{\"@type\":\"WebPage\",\"@id\":\"http:\/\/elregionalvm.com.ar\/noticias-villa-maria\/primera-quincena-de-enero-villa-maria-tuvo-casi-10-mil-contagios\/\",\"url\":\"http:\/\/elregionalvm.com.ar\/noticias-villa-maria\/primera-quincena-de-enero-villa-maria-tuvo-casi-10-mil-contagios\/\",\"name\":\"Primera quincena de enero: Villa Mar\u00eda tuvo casi 10 mil contagios - El Regional\",\"isPartOf\":{\"@id\":\"http:\/\/elregionalvm.com.ar\/noticias-villa-maria\/#website\"},\"primaryImageOfPage\":{\"@id\":\"http:\/\/elregionalvm.com.ar\/noticias-villa-maria\/primera-quincena-de-enero-villa-maria-tuvo-casi-10-mil-contagios\/#primaryimage\"},\"image\":{\"@id\":\"http:\/\/elregionalvm.com.ar\/noticias-villa-maria\/primera-quincena-de-enero-villa-maria-tuvo-casi-10-mil-contagios\/#primaryimage\"},\"thumbnailUrl\":\"https:\/\/i0.wp.com\/elregionalvm.com.ar\/noticias-villa-maria\/wp-content\/uploads\/2021\/11\/MUERTE-POR-COVID.jpg?fit=788%2C538&ssl=1\",\"datePublished\":\"2022-01-16T14:15:25+00:00\",\"dateModified\":\"2022-01-16T14:15:26+00:00\",\"author\":{\"@id\":\"http:\/\/elregionalvm.com.ar\/noticias-villa-maria\/#\/schema\/person\/a0fb9c422317faca23d50163151bc354\"},\"breadcrumb\":{\"@id\":\"http:\/\/elregionalvm.com.ar\/noticias-villa-maria\/primera-quincena-de-enero-villa-maria-tuvo-casi-10-mil-contagios\/#breadcrumb\"},\"inLanguage\":\"es\",\"potentialAction\":[{\"@type\":\"ReadAction\",\"target\":[\"http:\/\/elregionalvm.com.ar\/noticias-villa-maria\/primera-quincena-de-enero-villa-maria-tuvo-casi-10-mil-contagios\/\"]}]},{\"@type\":\"ImageObject\",\"inLanguage\":\"es\",\"@id\":\"http:\/\/elregionalvm.com.ar\/noticias-villa-maria\/primera-quincena-de-enero-villa-maria-tuvo-casi-10-mil-contagios\/#primaryimage\",\"url\":\"https:\/\/i0.wp.com\/elregionalvm.com.ar\/noticias-villa-maria\/wp-content\/uploads\/2021\/11\/MUERTE-POR-COVID.jpg?fit=788%2C538&ssl=1\",\"contentUrl\":\"https:\/\/i0.wp.com\/elregionalvm.com.ar\/noticias-villa-maria\/wp-content\/uploads\/2021\/11\/MUERTE-POR-COVID.jpg?fit=788%2C538&ssl=1\",\"width\":788,\"height\":538},{\"@type\":\"BreadcrumbList\",\"@id\":\"http:\/\/elregionalvm.com.ar\/noticias-villa-maria\/primera-quincena-de-enero-villa-maria-tuvo-casi-10-mil-contagios\/#breadcrumb\",\"itemListElement\":[{\"@type\":\"ListItem\",\"position\":1,\"name\":\"Portada\",\"item\":\"https:\/\/elregionalvm.com.ar\/noticias-villa-maria\/\"},{\"@type\":\"ListItem\",\"position\":2,\"name\":\"Primera quincena de enero: Villa Mar\u00eda tuvo casi 10 mil contagios\"}]},{\"@type\":\"WebSite\",\"@id\":\"http:\/\/elregionalvm.com.ar\/noticias-villa-maria\/#website\",\"url\":\"http:\/\/elregionalvm.com.ar\/noticias-villa-maria\/\",\"name\":\"El Regional\",\"description\":\"Mucho m\u00e1s que informaci\u00f3n\",\"potentialAction\":[{\"@type\":\"SearchAction\",\"target\":{\"@type\":\"EntryPoint\",\"urlTemplate\":\"http:\/\/elregionalvm.com.ar\/noticias-villa-maria\/?s={search_term_string}\"},\"query-input\":{\"@type\":\"PropertyValueSpecification\",\"valueRequired\":true,\"valueName\":\"search_term_string\"}}],\"inLanguage\":\"es\"},{\"@type\":\"Person\",\"@id\":\"http:\/\/elregionalvm.com.ar\/noticias-villa-maria\/#\/schema\/person\/a0fb9c422317faca23d50163151bc354\",\"name\":\"Contenidos El Regional\",\"image\":{\"@type\":\"ImageObject\",\"inLanguage\":\"es\",\"@id\":\"http:\/\/elregionalvm.com.ar\/noticias-villa-maria\/#\/schema\/person\/image\/\",\"url\":\"https:\/\/secure.gravatar.com\/avatar\/265b27cb2209af7bb3a1318f03305787d7981a5cc6e6cd08fe5a4ecdf99d4b48?s=96&d=mm&r=g\",\"contentUrl\":\"https:\/\/secure.gravatar.com\/avatar\/265b27cb2209af7bb3a1318f03305787d7981a5cc6e6cd08fe5a4ecdf99d4b48?s=96&d=mm&r=g\",\"caption\":\"Contenidos El Regional\"},\"url\":\"https:\/\/elregionalvm.com.ar\/noticias-villa-maria\/author\/contenido\/\"}]}<\/script>\n<!-- \/ Yoast SEO plugin. -->","yoast_head_json":{"title":"Primera quincena de enero: Villa Mar\u00eda tuvo casi 10 mil contagios - El Regional","robots":{"index":"index","follow":"follow","max-snippet":"max-snippet:-1","max-image-preview":"max-image-preview:large","max-video-preview":"max-video-preview:-1"},"canonical":"http:\/\/elregionalvm.com.ar\/noticias-villa-maria\/primera-quincena-de-enero-villa-maria-tuvo-casi-10-mil-contagios\/","og_locale":"es_ES","og_type":"article","og_title":"Primera quincena de enero: Villa Mar\u00eda tuvo casi 10 mil contagios - El Regional","og_description":"Villa Mar\u00eda cerr\u00f3 el s\u00e1bado con 752 contagios de covid. Se realizaron 1989 test ant\u00edgenos y 2PCR. Fueron 130 las personas dadas de alta tras haber cursado el covid. Los n\u00fameros de Villa Nueva con repecto a la situaci\u00f3n sanitaria por covid indicaron lo siguiente:","og_url":"http:\/\/elregionalvm.com.ar\/noticias-villa-maria\/primera-quincena-de-enero-villa-maria-tuvo-casi-10-mil-contagios\/","og_site_name":"El Regional","article_publisher":"https:\/\/www.facebook.com\/elregionalvm","article_published_time":"2022-01-16T14:15:25+00:00","article_modified_time":"2022-01-16T14:15:26+00:00","og_image":[{"width":788,"height":538,"url":"http:\/\/elregionalvm.com.ar\/noticias-villa-maria\/wp-content\/uploads\/2021\/11\/MUERTE-POR-COVID.jpg","type":"image\/jpeg"}],"author":"Contenidos El Regional","twitter_card":"summary_large_image","twitter_creator":"@elregionalvm1","twitter_site":"@elregionalvm1","twitter_misc":{"Escrito por":"Contenidos El Regional","Tiempo de lectura":"2 minutos"},"schema":{"@context":"https:\/\/schema.org","@graph":[{"@type":"Article","@id":"http:\/\/elregionalvm.com.ar\/noticias-villa-maria\/primera-quincena-de-enero-villa-maria-tuvo-casi-10-mil-contagios\/#article","isPartOf":{"@id":"http:\/\/elregionalvm.com.ar\/noticias-villa-maria\/primera-quincena-de-enero-villa-maria-tuvo-casi-10-mil-contagios\/"},"author":{"name":"Contenidos El Regional","@id":"http:\/\/elregionalvm.com.ar\/noticias-villa-maria\/#\/schema\/person\/a0fb9c422317faca23d50163151bc354"},"headline":"Primera quincena de enero: Villa Mar\u00eda tuvo casi 10 mil contagios","datePublished":"2022-01-16T14:15:25+00:00","dateModified":"2022-01-16T14:15:26+00:00","mainEntityOfPage":{"@id":"http:\/\/elregionalvm.com.ar\/noticias-villa-maria\/primera-quincena-de-enero-villa-maria-tuvo-casi-10-mil-contagios\/"},"wordCount":58,"commentCount":0,"image":{"@id":"http:\/\/elregionalvm.com.ar\/noticias-villa-maria\/primera-quincena-de-enero-villa-maria-tuvo-casi-10-mil-contagios\/#primaryimage"},"thumbnailUrl":"https:\/\/i0.wp.com\/elregionalvm.com.ar\/noticias-villa-maria\/wp-content\/uploads\/2021\/11\/MUERTE-POR-COVID.jpg?fit=788%2C538&ssl=1","keywords":["casos diarios","Coronavirus","destacado","s\u00e1bado 15 de enero de 2022","situaci\u00f3n epidemiol\u00f3gica","Villa Mar\u00eda","VILLA NUEVA"],"articleSection":["Coronavirus","Villa Mar\u00eda","Villa Nueva"],"inLanguage":"es","potentialAction":[{"@type":"CommentAction","name":"Comment","target":["http:\/\/elregionalvm.com.ar\/noticias-villa-maria\/primera-quincena-de-enero-villa-maria-tuvo-casi-10-mil-contagios\/#respond"]}]},{"@type":"WebPage","@id":"http:\/\/elregionalvm.com.ar\/noticias-villa-maria\/primera-quincena-de-enero-villa-maria-tuvo-casi-10-mil-contagios\/","url":"http:\/\/elregionalvm.com.ar\/noticias-villa-maria\/primera-quincena-de-enero-villa-maria-tuvo-casi-10-mil-contagios\/","name":"Primera quincena de enero: Villa Mar\u00eda tuvo casi 10 mil contagios - El Regional","isPartOf":{"@id":"http:\/\/elregionalvm.com.ar\/noticias-villa-maria\/#website"},"primaryImageOfPage":{"@id":"http:\/\/elregionalvm.com.ar\/noticias-villa-maria\/primera-quincena-de-enero-villa-maria-tuvo-casi-10-mil-contagios\/#primaryimage"},"image":{"@id":"http:\/\/elregionalvm.com.ar\/noticias-villa-maria\/primera-quincena-de-enero-villa-maria-tuvo-casi-10-mil-contagios\/#primaryimage"},"thumbnailUrl":"https:\/\/i0.wp.com\/elregionalvm.com.ar\/noticias-villa-maria\/wp-content\/uploads\/2021\/11\/MUERTE-POR-COVID.jpg?fit=788%2C538&ssl=1","datePublished":"2022-01-16T14:15:25+00:00","dateModified":"2022-01-16T14:15:26+00:00","author":{"@id":"http:\/\/elregionalvm.com.ar\/noticias-villa-maria\/#\/schema\/person\/a0fb9c422317faca23d50163151bc354"},"breadcrumb":{"@id":"http:\/\/elregionalvm.com.ar\/noticias-villa-maria\/primera-quincena-de-enero-villa-maria-tuvo-casi-10-mil-contagios\/#breadcrumb"},"inLanguage":"es","potentialAction":[{"@type":"ReadAction","target":["http:\/\/elregionalvm.com.ar\/noticias-villa-maria\/primera-quincena-de-enero-villa-maria-tuvo-casi-10-mil-contagios\/"]}]},{"@type":"ImageObject","inLanguage":"es","@id":"http:\/\/elregionalvm.com.ar\/noticias-villa-maria\/primera-quincena-de-enero-villa-maria-tuvo-casi-10-mil-contagios\/#primaryimage","url":"https:\/\/i0.wp.com\/elregionalvm.com.ar\/noticias-villa-maria\/wp-content\/uploads\/2021\/11\/MUERTE-POR-COVID.jpg?fit=788%2C538&ssl=1","contentUrl":"https:\/\/i0.wp.com\/elregionalvm.com.ar\/noticias-villa-maria\/wp-content\/uploads\/2021\/11\/MUERTE-POR-COVID.jpg?fit=788%2C538&ssl=1","width":788,"height":538},{"@type":"BreadcrumbList","@id":"http:\/\/elregionalvm.com.ar\/noticias-villa-maria\/primera-quincena-de-enero-villa-maria-tuvo-casi-10-mil-contagios\/#breadcrumb","itemListElement":[{"@type":"ListItem","position":1,"name":"Portada","item":"https:\/\/elregionalvm.com.ar\/noticias-villa-maria\/"},{"@type":"ListItem","position":2,"name":"Primera quincena de enero: Villa Mar\u00eda tuvo casi 10 mil contagios"}]},{"@type":"WebSite","@id":"http:\/\/elregionalvm.com.ar\/noticias-villa-maria\/#website","url":"http:\/\/elregionalvm.com.ar\/noticias-villa-maria\/","name":"El Regional","description":"Mucho m\u00e1s que informaci\u00f3n","potentialAction":[{"@type":"SearchAction","target":{"@type":"EntryPoint","urlTemplate":"http:\/\/elregionalvm.com.ar\/noticias-villa-maria\/?s={search_term_string}"},"query-input":{"@type":"PropertyValueSpecification","valueRequired":true,"valueName":"search_term_string"}}],"inLanguage":"es"},{"@type":"Person","@id":"http:\/\/elregionalvm.com.ar\/noticias-villa-maria\/#\/schema\/person\/a0fb9c422317faca23d50163151bc354","name":"Contenidos El Regional","image":{"@type":"ImageObject","inLanguage":"es","@id":"http:\/\/elregionalvm.com.ar\/noticias-villa-maria\/#\/schema\/person\/image\/","url":"https:\/\/secure.gravatar.com\/avatar\/265b27cb2209af7bb3a1318f03305787d7981a5cc6e6cd08fe5a4ecdf99d4b48?s=96&d=mm&r=g","contentUrl":"https:\/\/secure.gravatar.com\/avatar\/265b27cb2209af7bb3a1318f03305787d7981a5cc6e6cd08fe5a4ecdf99d4b48?s=96&d=mm&r=g","caption":"Contenidos El Regional"},"url":"https:\/\/elregionalvm.com.ar\/noticias-villa-maria\/author\/contenido\/"}]}},"jetpack_featured_media_url":"https:\/\/i0.wp.com\/elregionalvm.com.ar\/noticias-villa-maria\/wp-content\/uploads\/2021\/11\/MUERTE-POR-COVID.jpg?fit=788%2C538&ssl=1","jetpack_sharing_enabled":true,"_links":{"self":[{"href":"https:\/\/elregionalvm.com.ar\/noticias-villa-maria\/wp-json\/wp\/v2\/posts\/51313","targetHints":{"allow":["GET"]}}],"collection":[{"href":"https:\/\/elregionalvm.com.ar\/noticias-villa-maria\/wp-json\/wp\/v2\/posts"}],"about":[{"href":"https:\/\/elregionalvm.com.ar\/noticias-villa-maria\/wp-json\/wp\/v2\/types\/post"}],"author":[{"embeddable":true,"href":"https:\/\/elregionalvm.com.ar\/noticias-villa-maria\/wp-json\/wp\/v2\/users\/4"}],"replies":[{"embeddable":true,"href":"https:\/\/elregionalvm.com.ar\/noticias-villa-maria\/wp-json\/wp\/v2\/comments?post=51313"}],"version-history":[{"count":1,"href":"https:\/\/elregionalvm.com.ar\/noticias-villa-maria\/wp-json\/wp\/v2\/posts\/51313\/revisions"}],"predecessor-version":[{"id":51318,"href":"https:\/\/elregionalvm.com.ar\/noticias-villa-maria\/wp-json\/wp\/v2\/posts\/51313\/revisions\/51318"}],"wp:featuredmedia":[{"embeddable":true,"href":"https:\/\/elregionalvm.com.ar\/noticias-villa-maria\/wp-json\/wp\/v2\/media\/48608"}],"wp:attachment":[{"href":"https:\/\/elregionalvm.com.ar\/noticias-villa-maria\/wp-json\/wp\/v2\/media?parent=51313"}],"wp:term":[{"taxonomy":"category","embeddable":true,"href":"https:\/\/elregionalvm.com.ar\/noticias-villa-maria\/wp-json\/wp\/v2\/categories?post=51313"},{"taxonomy":"post_tag","embeddable":true,"href":"https:\/\/elregionalvm.com.ar\/noticias-villa-maria\/wp-json\/wp\/v2\/tags?post=51313"}],"curies":[{"name":"wp","href":"https:\/\/api.w.org\/{rel}","templated":true}]}}