{"id":51498,"date":"2022-01-20T11:24:41","date_gmt":"2022-01-20T11:24:41","guid":{"rendered":"https:\/\/elregionalvm.com.ar\/noticias-villa-maria\/?p=51498"},"modified":"2022-01-20T11:29:38","modified_gmt":"2022-01-20T11:29:38","slug":"cordoba-suma-exigencias-de-pase-sanitario-a-mas-rubros-y-ajusta-aforos","status":"publish","type":"post","link":"https:\/\/elregionalvm.com.ar\/noticias-villa-maria\/cordoba-suma-exigencias-de-pase-sanitario-a-mas-rubros-y-ajusta-aforos\/","title":{"rendered":"C\u00f3rdoba suma exigencias de pase sanitario a m\u00e1s rubros y ajusta aforos"},"content":{"rendered":"\n<p><\/p>\n\n\n\n<h3 class=\"wp-block-heading\">La Provincia resolvi\u00f3 que, desde este jueves, bares y actividades deportivas deber\u00e1n tambi\u00e9n exigir el carn\u00e9 de vacunaci\u00f3n. Y retoc\u00f3 los l\u00edmites de p\u00fablico que pueden asistir seg\u00fan la capacidad de cada espacio.<\/h3>\n\n\n\n<p><\/p>\n\n\n\n<p>El Gobierno de C\u00f3rdoba resolvi\u00f3 acentuar las&nbsp;<strong>medidas sanitarias<\/strong>&nbsp;para imponer un uso m\u00e1s extendido del&nbsp;<a href=\"https:\/\/www.lavoz.com.ar\/ciudadanos\/como-descargar-el-pase-sanitario-desde-la-aplicacion-cuidar\/\" target=\"_blank\" rel=\"noreferrer noopener\">pase sanitario<\/a>&nbsp;y&nbsp;<a href=\"https:\/\/www.lavoz.com.ar\/ciudadanos\/que-restricciones-horarios-y-nuevos-aforos-rigen-desde-este-jueves\/\" target=\"_blank\" rel=\"noreferrer noopener\">modificar los aforos<\/a>&nbsp;para ocupaci\u00f3n de espacios en varios rubros de actividad.<\/p>\n\n\n\n<p>La decisi\u00f3n, publicada anoche en el&nbsp;<strong>Bolet\u00edn Oficial<\/strong>, es aplicable sin demoras: rige en todo el territorio provincial desde este jueves y al menos por tres semanas, hasta el mi\u00e9rcoles 9 de febrero.<\/p>\n\n\n\n<h2 class=\"wp-block-heading\">M\u00c1S CON PASE SANITARIO<\/h2>\n\n\n\n<p>A partir de este jueves, se incorporan dos rubros de actividades m\u00e1s con&nbsp;<a href=\"https:\/\/www.lavoz.com.ar\/temas\/pase-sanitario\/\" target=\"_blank\" rel=\"noreferrer noopener\"><strong>control de pase sanitario<\/strong><\/a>, es decir, la exigencia de que se cuente con la&nbsp;<a href=\"https:\/\/www.lavoz.com.ar\/temas\/vacunacion-en-cordoba\/\" target=\"_blank\" rel=\"noreferrer noopener\">vacunaci\u00f3n<\/a>&nbsp;contra coronavirus al d\u00eda.<\/p>\n\n\n\n<figure class=\"wp-block-image size-full\"><img data-recalc-dims=\"1\" fetchpriority=\"high\" decoding=\"async\" width=\"850\" height=\"421\" src=\"https:\/\/i0.wp.com\/elregionalvm.com.ar\/noticias-villa-maria\/wp-content\/uploads\/2022\/01\/gimansio.jpg?resize=850%2C421&#038;ssl=1\" alt=\"\" class=\"wp-image-51500\" srcset=\"https:\/\/i0.wp.com\/elregionalvm.com.ar\/noticias-villa-maria\/wp-content\/uploads\/2022\/01\/gimansio.jpg?w=850&amp;ssl=1 850w, https:\/\/i0.wp.com\/elregionalvm.com.ar\/noticias-villa-maria\/wp-content\/uploads\/2022\/01\/gimansio.jpg?resize=300%2C149&amp;ssl=1 300w, https:\/\/i0.wp.com\/elregionalvm.com.ar\/noticias-villa-maria\/wp-content\/uploads\/2022\/01\/gimansio.jpg?resize=768%2C380&amp;ssl=1 768w\" sizes=\"(max-width: 850px) 100vw, 850px\" \/><\/figure>\n\n\n\n<p><\/p>\n\n\n\n<p><strong>Actividades deportivas:<\/strong> gimnasios, natatorios y otras que disponga la Agencia C\u00f3rdoba Deportes.<\/p>\n\n\n\n<p><strong>Bares: <\/strong>durante todo el d\u00eda s\u00f3lo podr\u00e1n permitir el ingreso a quienes cumplan ese requisito.<\/p>\n\n\n\n<h3 class=\"wp-block-heading\">AFOROS RETOCADOS<\/h3>\n\n\n\n<p>En tanto, se ajusta el criterio hasta este mi\u00e9rcoles vigente en cuanto al aforo (l\u00edmite de uso de la capacidad) para actividades nocturnas o eventos como boliches, discotecas, bailes y salones de eventos.<\/p>\n\n\n\n<p>Seg\u00fan se resolvi\u00f3, \u201cen espacios abiertos se mantiene el aforo del 70%, con l\u00edmite m\u00e1ximo conforme a la superficie del establecimiento y habilitaci\u00f3n municipal, bajo control adem\u00e1s de la exigencia de pase sanitario\u201d.<\/p>\n\n\n\n<p>En espacios cerrados, en tanto, el porcentaje del aforo ser\u00e1 de acuerdo a la capacidad del establecimiento habilitado por cada municipio. Se precis\u00f3 que hasta 1.000 personas, con un aforo de hasta el 70%; de hasta 2.500 personas, con l\u00edmite del 60%; de hasta 5.000 personas, con aforo del 50%; con capacidad de hasta 10 mil personas, con no m\u00e1s del 40%, y en sitios para m\u00e1s de 10 mil asistentes, con aforo del 30%.<\/p>\n\n\n\n<p>Con una curva de contagios que sigue muy alta, y una tasa de fallecimientos que no deja de escalar, el Gobierno de C\u00f3rdoba resolvi\u00f3 acentuar las medidas sanitarias para imponer un uso m\u00e1s extendido del pase sanitario y modificar los aforos para ocupaci\u00f3n de espacios en varios rubros de actividad.<\/p>\n\n\n\n<p>La decisi\u00f3n, publicada anoche en el Bolet\u00edn Oficial, es aplicable sin demoras: rige en todo el territorio provincial desde este jueves y al menos por tres semanas, hasta el mi\u00e9rcoles 9 de febrero.<\/p>\n\n\n\n<p>En cuanto a las reuniones sociales y familiares, a realizarse en espacios comunitarios (quinchos o salones de uso com\u00fan), tendr\u00e1n hasta el 80% del aforo habilitado, siempre con los cuidados como la ventilaci\u00f3n cruzada en ambientes cerrados.<\/p>\n\n\n\n<p>El decreto establece que \u201cel horario de funcionamiento de estas actividades podr\u00e1 extenderse hasta las 3\u2033.<\/p>\n\n\n\n<p>A la vez, sostiene las limitaciones de circulaci\u00f3n nocturna: nadie podr\u00e1 hacerlo entre 4 y las 6 de cada d\u00eda, exceptuando a quienes se encuentren debidamente autorizados por sus actividades. Ese horario ya reg\u00eda en el decreto anterior, aunque su contralor parec\u00eda inexistente.<\/p>\n\n\n\n<p><em>Fuente: La Voz del Interior<\/em><\/p>\n","protected":false},"excerpt":{"rendered":"<p>La Provincia resolvi\u00f3 que, desde este jueves, bares y actividades deportivas deber\u00e1n tambi\u00e9n exigir el carn\u00e9 de vacunaci\u00f3n. Y retoc\u00f3 los l\u00edmites de p\u00fablico que pueden asistir seg\u00fan la capacidad de cada espacio. El Gobierno de C\u00f3rdoba resolvi\u00f3 acentuar las&nbsp;medidas sanitarias&nbsp;para imponer un uso m\u00e1s extendido del&nbsp;pase sanitario&nbsp;y&nbsp;modificar los aforos&nbsp;para ocupaci\u00f3n de espacios en varios [&hellip;]<\/p>\n","protected":false},"author":4,"featured_media":51499,"comment_status":"open","ping_status":"open","sticky":false,"template":"","format":"standard","meta":{"site-sidebar-layout":"default","site-content-layout":"default","ast-site-content-layout":"default","site-content-style":"default","site-sidebar-style":"default","ast-global-header-display":"","ast-banner-title-visibility":"","ast-main-header-display":"","ast-hfb-above-header-display":"","ast-hfb-below-header-display":"","ast-hfb-mobile-header-display":"","site-post-title":"","ast-breadcrumbs-content":"","ast-featured-img":"","footer-sml-layout":"","ast-disable-related-posts":"","theme-transparent-header-meta":"default","adv-header-id-meta":"","stick-header-meta":"","header-above-stick-meta":"","header-main-stick-meta":"","header-below-stick-meta":"","astra-migrate-meta-layouts":"default","ast-page-background-enabled":"default","ast-page-background-meta":{"desktop":{"background-color":"","background-image":"","background-repeat":"repeat","background-position":"center center","background-size":"auto","background-attachment":"scroll","background-type":"","background-media":"","overlay-type":"","overlay-color":"","overlay-opacity":"","overlay-gradient":""},"tablet":{"background-color":"","background-image":"","background-repeat":"repeat","background-position":"center center","background-size":"auto","background-attachment":"scroll","background-type":"","background-media":"","overlay-type":"","overlay-color":"","overlay-opacity":"","overlay-gradient":""},"mobile":{"background-color":"","background-image":"","background-repeat":"repeat","background-position":"center center","background-size":"auto","background-attachment":"scroll","background-type":"","background-media":"","overlay-type":"","overlay-color":"","overlay-opacity":"","overlay-gradient":""}},"ast-content-background-meta":{"desktop":{"background-color":"var(--ast-global-color-5)","background-image":"","background-repeat":"repeat","background-position":"center center","background-size":"auto","background-attachment":"scroll","background-type":"","background-media":"","overlay-type":"","overlay-color":"","overlay-opacity":"","overlay-gradient":""},"tablet":{"background-color":"var(--ast-global-color-5)","background-image":"","background-repeat":"repeat","background-position":"center center","background-size":"auto","background-attachment":"scroll","background-type":"","background-media":"","overlay-type":"","overlay-color":"","overlay-opacity":"","overlay-gradient":""},"mobile":{"background-color":"var(--ast-global-color-5)","background-image":"","background-repeat":"repeat","background-position":"center center","background-size":"auto","background-attachment":"scroll","background-type":"","background-media":"","overlay-type":"","overlay-color":"","overlay-opacity":"","overlay-gradient":""}},"_jetpack_memberships_contains_paid_content":false,"_joinchat":[],"footnotes":""},"categories":[2256],"tags":[1232],"class_list":["post-51498","post","type-post","status-publish","format-standard","has-post-thumbnail","hentry","category-coronavirus","tag-destacado"],"yoast_head":"<!-- This site is optimized with the Yoast SEO plugin v26.8 - https:\/\/yoast.com\/product\/yoast-seo-wordpress\/ -->\n<title>C\u00f3rdoba suma exigencias de pase sanitario a m\u00e1s rubros y ajusta aforos - El Regional<\/title>\n<meta name=\"robots\" content=\"index, follow, max-snippet:-1, max-image-preview:large, max-video-preview:-1\" \/>\n<link rel=\"canonical\" href=\"http:\/\/elregionalvm.com.ar\/noticias-villa-maria\/cordoba-suma-exigencias-de-pase-sanitario-a-mas-rubros-y-ajusta-aforos\/\" \/>\n<meta property=\"og:locale\" content=\"es_ES\" \/>\n<meta property=\"og:type\" content=\"article\" \/>\n<meta property=\"og:title\" content=\"C\u00f3rdoba suma exigencias de pase sanitario a m\u00e1s rubros y ajusta aforos - El Regional\" \/>\n<meta property=\"og:description\" content=\"La Provincia resolvi\u00f3 que, desde este jueves, bares y actividades deportivas deber\u00e1n tambi\u00e9n exigir el carn\u00e9 de vacunaci\u00f3n. Y retoc\u00f3 los l\u00edmites de p\u00fablico que pueden asistir seg\u00fan la capacidad de cada espacio. El Gobierno de C\u00f3rdoba resolvi\u00f3 acentuar las&nbsp;medidas sanitarias&nbsp;para imponer un uso m\u00e1s extendido del&nbsp;pase sanitario&nbsp;y&nbsp;modificar los aforos&nbsp;para ocupaci\u00f3n de espacios en varios [&hellip;]\" \/>\n<meta property=\"og:url\" content=\"http:\/\/elregionalvm.com.ar\/noticias-villa-maria\/cordoba-suma-exigencias-de-pase-sanitario-a-mas-rubros-y-ajusta-aforos\/\" \/>\n<meta property=\"og:site_name\" content=\"El Regional\" \/>\n<meta property=\"article:publisher\" content=\"https:\/\/www.facebook.com\/elregionalvm\" \/>\n<meta property=\"article:published_time\" content=\"2022-01-20T11:24:41+00:00\" \/>\n<meta property=\"article:modified_time\" content=\"2022-01-20T11:29:38+00:00\" \/>\n<meta property=\"og:image\" content=\"http:\/\/elregionalvm.com.ar\/noticias-villa-maria\/wp-content\/uploads\/2022\/01\/bar.jpg\" \/>\n\t<meta property=\"og:image:width\" content=\"850\" \/>\n\t<meta property=\"og:image:height\" content=\"567\" \/>\n\t<meta property=\"og:image:type\" content=\"image\/jpeg\" \/>\n<meta name=\"author\" content=\"Contenidos El Regional\" \/>\n<meta name=\"twitter:card\" content=\"summary_large_image\" \/>\n<meta name=\"twitter:creator\" content=\"@elregionalvm1\" \/>\n<meta name=\"twitter:site\" content=\"@elregionalvm1\" \/>\n<meta name=\"twitter:label1\" content=\"Escrito por\" \/>\n\t<meta name=\"twitter:data1\" content=\"Contenidos El Regional\" \/>\n\t<meta name=\"twitter:label2\" content=\"Tiempo de lectura\" \/>\n\t<meta name=\"twitter:data2\" content=\"3 minutos\" \/>\n<script type=\"application\/ld+json\" class=\"yoast-schema-graph\">{\"@context\":\"https:\/\/schema.org\",\"@graph\":[{\"@type\":\"Article\",\"@id\":\"http:\/\/elregionalvm.com.ar\/noticias-villa-maria\/cordoba-suma-exigencias-de-pase-sanitario-a-mas-rubros-y-ajusta-aforos\/#article\",\"isPartOf\":{\"@id\":\"http:\/\/elregionalvm.com.ar\/noticias-villa-maria\/cordoba-suma-exigencias-de-pase-sanitario-a-mas-rubros-y-ajusta-aforos\/\"},\"author\":{\"name\":\"Contenidos El Regional\",\"@id\":\"http:\/\/elregionalvm.com.ar\/noticias-villa-maria\/#\/schema\/person\/a0fb9c422317faca23d50163151bc354\"},\"headline\":\"C\u00f3rdoba suma exigencias de pase sanitario a m\u00e1s rubros y ajusta aforos\",\"datePublished\":\"2022-01-20T11:24:41+00:00\",\"dateModified\":\"2022-01-20T11:29:38+00:00\",\"mainEntityOfPage\":{\"@id\":\"http:\/\/elregionalvm.com.ar\/noticias-villa-maria\/cordoba-suma-exigencias-de-pase-sanitario-a-mas-rubros-y-ajusta-aforos\/\"},\"wordCount\":537,\"commentCount\":0,\"image\":{\"@id\":\"http:\/\/elregionalvm.com.ar\/noticias-villa-maria\/cordoba-suma-exigencias-de-pase-sanitario-a-mas-rubros-y-ajusta-aforos\/#primaryimage\"},\"thumbnailUrl\":\"https:\/\/i0.wp.com\/elregionalvm.com.ar\/noticias-villa-maria\/wp-content\/uploads\/2022\/01\/bar.jpg?fit=850%2C567&ssl=1\",\"keywords\":[\"destacado\"],\"articleSection\":[\"Coronavirus\"],\"inLanguage\":\"es\",\"potentialAction\":[{\"@type\":\"CommentAction\",\"name\":\"Comment\",\"target\":[\"http:\/\/elregionalvm.com.ar\/noticias-villa-maria\/cordoba-suma-exigencias-de-pase-sanitario-a-mas-rubros-y-ajusta-aforos\/#respond\"]}]},{\"@type\":\"WebPage\",\"@id\":\"http:\/\/elregionalvm.com.ar\/noticias-villa-maria\/cordoba-suma-exigencias-de-pase-sanitario-a-mas-rubros-y-ajusta-aforos\/\",\"url\":\"http:\/\/elregionalvm.com.ar\/noticias-villa-maria\/cordoba-suma-exigencias-de-pase-sanitario-a-mas-rubros-y-ajusta-aforos\/\",\"name\":\"C\u00f3rdoba suma exigencias de pase sanitario a m\u00e1s rubros y ajusta aforos - El Regional\",\"isPartOf\":{\"@id\":\"http:\/\/elregionalvm.com.ar\/noticias-villa-maria\/#website\"},\"primaryImageOfPage\":{\"@id\":\"http:\/\/elregionalvm.com.ar\/noticias-villa-maria\/cordoba-suma-exigencias-de-pase-sanitario-a-mas-rubros-y-ajusta-aforos\/#primaryimage\"},\"image\":{\"@id\":\"http:\/\/elregionalvm.com.ar\/noticias-villa-maria\/cordoba-suma-exigencias-de-pase-sanitario-a-mas-rubros-y-ajusta-aforos\/#primaryimage\"},\"thumbnailUrl\":\"https:\/\/i0.wp.com\/elregionalvm.com.ar\/noticias-villa-maria\/wp-content\/uploads\/2022\/01\/bar.jpg?fit=850%2C567&ssl=1\",\"datePublished\":\"2022-01-20T11:24:41+00:00\",\"dateModified\":\"2022-01-20T11:29:38+00:00\",\"author\":{\"@id\":\"http:\/\/elregionalvm.com.ar\/noticias-villa-maria\/#\/schema\/person\/a0fb9c422317faca23d50163151bc354\"},\"breadcrumb\":{\"@id\":\"http:\/\/elregionalvm.com.ar\/noticias-villa-maria\/cordoba-suma-exigencias-de-pase-sanitario-a-mas-rubros-y-ajusta-aforos\/#breadcrumb\"},\"inLanguage\":\"es\",\"potentialAction\":[{\"@type\":\"ReadAction\",\"target\":[\"http:\/\/elregionalvm.com.ar\/noticias-villa-maria\/cordoba-suma-exigencias-de-pase-sanitario-a-mas-rubros-y-ajusta-aforos\/\"]}]},{\"@type\":\"ImageObject\",\"inLanguage\":\"es\",\"@id\":\"http:\/\/elregionalvm.com.ar\/noticias-villa-maria\/cordoba-suma-exigencias-de-pase-sanitario-a-mas-rubros-y-ajusta-aforos\/#primaryimage\",\"url\":\"https:\/\/i0.wp.com\/elregionalvm.com.ar\/noticias-villa-maria\/wp-content\/uploads\/2022\/01\/bar.jpg?fit=850%2C567&ssl=1\",\"contentUrl\":\"https:\/\/i0.wp.com\/elregionalvm.com.ar\/noticias-villa-maria\/wp-content\/uploads\/2022\/01\/bar.jpg?fit=850%2C567&ssl=1\",\"width\":850,\"height\":567},{\"@type\":\"BreadcrumbList\",\"@id\":\"http:\/\/elregionalvm.com.ar\/noticias-villa-maria\/cordoba-suma-exigencias-de-pase-sanitario-a-mas-rubros-y-ajusta-aforos\/#breadcrumb\",\"itemListElement\":[{\"@type\":\"ListItem\",\"position\":1,\"name\":\"Portada\",\"item\":\"https:\/\/elregionalvm.com.ar\/noticias-villa-maria\/\"},{\"@type\":\"ListItem\",\"position\":2,\"name\":\"C\u00f3rdoba suma exigencias de pase sanitario a m\u00e1s rubros y ajusta aforos\"}]},{\"@type\":\"WebSite\",\"@id\":\"http:\/\/elregionalvm.com.ar\/noticias-villa-maria\/#website\",\"url\":\"http:\/\/elregionalvm.com.ar\/noticias-villa-maria\/\",\"name\":\"El Regional\",\"description\":\"Mucho m\u00e1s que informaci\u00f3n\",\"potentialAction\":[{\"@type\":\"SearchAction\",\"target\":{\"@type\":\"EntryPoint\",\"urlTemplate\":\"http:\/\/elregionalvm.com.ar\/noticias-villa-maria\/?s={search_term_string}\"},\"query-input\":{\"@type\":\"PropertyValueSpecification\",\"valueRequired\":true,\"valueName\":\"search_term_string\"}}],\"inLanguage\":\"es\"},{\"@type\":\"Person\",\"@id\":\"http:\/\/elregionalvm.com.ar\/noticias-villa-maria\/#\/schema\/person\/a0fb9c422317faca23d50163151bc354\",\"name\":\"Contenidos El Regional\",\"image\":{\"@type\":\"ImageObject\",\"inLanguage\":\"es\",\"@id\":\"http:\/\/elregionalvm.com.ar\/noticias-villa-maria\/#\/schema\/person\/image\/\",\"url\":\"https:\/\/secure.gravatar.com\/avatar\/265b27cb2209af7bb3a1318f03305787d7981a5cc6e6cd08fe5a4ecdf99d4b48?s=96&d=mm&r=g\",\"contentUrl\":\"https:\/\/secure.gravatar.com\/avatar\/265b27cb2209af7bb3a1318f03305787d7981a5cc6e6cd08fe5a4ecdf99d4b48?s=96&d=mm&r=g\",\"caption\":\"Contenidos El Regional\"},\"url\":\"https:\/\/elregionalvm.com.ar\/noticias-villa-maria\/author\/contenido\/\"}]}<\/script>\n<!-- \/ Yoast SEO plugin. -->","yoast_head_json":{"title":"C\u00f3rdoba suma exigencias de pase sanitario a m\u00e1s rubros y ajusta aforos - El Regional","robots":{"index":"index","follow":"follow","max-snippet":"max-snippet:-1","max-image-preview":"max-image-preview:large","max-video-preview":"max-video-preview:-1"},"canonical":"http:\/\/elregionalvm.com.ar\/noticias-villa-maria\/cordoba-suma-exigencias-de-pase-sanitario-a-mas-rubros-y-ajusta-aforos\/","og_locale":"es_ES","og_type":"article","og_title":"C\u00f3rdoba suma exigencias de pase sanitario a m\u00e1s rubros y ajusta aforos - El Regional","og_description":"La Provincia resolvi\u00f3 que, desde este jueves, bares y actividades deportivas deber\u00e1n tambi\u00e9n exigir el carn\u00e9 de vacunaci\u00f3n. Y retoc\u00f3 los l\u00edmites de p\u00fablico que pueden asistir seg\u00fan la capacidad de cada espacio. El Gobierno de C\u00f3rdoba resolvi\u00f3 acentuar las&nbsp;medidas sanitarias&nbsp;para imponer un uso m\u00e1s extendido del&nbsp;pase sanitario&nbsp;y&nbsp;modificar los aforos&nbsp;para ocupaci\u00f3n de espacios en varios [&hellip;]","og_url":"http:\/\/elregionalvm.com.ar\/noticias-villa-maria\/cordoba-suma-exigencias-de-pase-sanitario-a-mas-rubros-y-ajusta-aforos\/","og_site_name":"El Regional","article_publisher":"https:\/\/www.facebook.com\/elregionalvm","article_published_time":"2022-01-20T11:24:41+00:00","article_modified_time":"2022-01-20T11:29:38+00:00","og_image":[{"width":850,"height":567,"url":"http:\/\/elregionalvm.com.ar\/noticias-villa-maria\/wp-content\/uploads\/2022\/01\/bar.jpg","type":"image\/jpeg"}],"author":"Contenidos El Regional","twitter_card":"summary_large_image","twitter_creator":"@elregionalvm1","twitter_site":"@elregionalvm1","twitter_misc":{"Escrito por":"Contenidos El Regional","Tiempo de lectura":"3 minutos"},"schema":{"@context":"https:\/\/schema.org","@graph":[{"@type":"Article","@id":"http:\/\/elregionalvm.com.ar\/noticias-villa-maria\/cordoba-suma-exigencias-de-pase-sanitario-a-mas-rubros-y-ajusta-aforos\/#article","isPartOf":{"@id":"http:\/\/elregionalvm.com.ar\/noticias-villa-maria\/cordoba-suma-exigencias-de-pase-sanitario-a-mas-rubros-y-ajusta-aforos\/"},"author":{"name":"Contenidos El Regional","@id":"http:\/\/elregionalvm.com.ar\/noticias-villa-maria\/#\/schema\/person\/a0fb9c422317faca23d50163151bc354"},"headline":"C\u00f3rdoba suma exigencias de pase sanitario a m\u00e1s rubros y ajusta aforos","datePublished":"2022-01-20T11:24:41+00:00","dateModified":"2022-01-20T11:29:38+00:00","mainEntityOfPage":{"@id":"http:\/\/elregionalvm.com.ar\/noticias-villa-maria\/cordoba-suma-exigencias-de-pase-sanitario-a-mas-rubros-y-ajusta-aforos\/"},"wordCount":537,"commentCount":0,"image":{"@id":"http:\/\/elregionalvm.com.ar\/noticias-villa-maria\/cordoba-suma-exigencias-de-pase-sanitario-a-mas-rubros-y-ajusta-aforos\/#primaryimage"},"thumbnailUrl":"https:\/\/i0.wp.com\/elregionalvm.com.ar\/noticias-villa-maria\/wp-content\/uploads\/2022\/01\/bar.jpg?fit=850%2C567&ssl=1","keywords":["destacado"],"articleSection":["Coronavirus"],"inLanguage":"es","potentialAction":[{"@type":"CommentAction","name":"Comment","target":["http:\/\/elregionalvm.com.ar\/noticias-villa-maria\/cordoba-suma-exigencias-de-pase-sanitario-a-mas-rubros-y-ajusta-aforos\/#respond"]}]},{"@type":"WebPage","@id":"http:\/\/elregionalvm.com.ar\/noticias-villa-maria\/cordoba-suma-exigencias-de-pase-sanitario-a-mas-rubros-y-ajusta-aforos\/","url":"http:\/\/elregionalvm.com.ar\/noticias-villa-maria\/cordoba-suma-exigencias-de-pase-sanitario-a-mas-rubros-y-ajusta-aforos\/","name":"C\u00f3rdoba suma exigencias de pase sanitario a m\u00e1s rubros y ajusta aforos - El Regional","isPartOf":{"@id":"http:\/\/elregionalvm.com.ar\/noticias-villa-maria\/#website"},"primaryImageOfPage":{"@id":"http:\/\/elregionalvm.com.ar\/noticias-villa-maria\/cordoba-suma-exigencias-de-pase-sanitario-a-mas-rubros-y-ajusta-aforos\/#primaryimage"},"image":{"@id":"http:\/\/elregionalvm.com.ar\/noticias-villa-maria\/cordoba-suma-exigencias-de-pase-sanitario-a-mas-rubros-y-ajusta-aforos\/#primaryimage"},"thumbnailUrl":"https:\/\/i0.wp.com\/elregionalvm.com.ar\/noticias-villa-maria\/wp-content\/uploads\/2022\/01\/bar.jpg?fit=850%2C567&ssl=1","datePublished":"2022-01-20T11:24:41+00:00","dateModified":"2022-01-20T11:29:38+00:00","author":{"@id":"http:\/\/elregionalvm.com.ar\/noticias-villa-maria\/#\/schema\/person\/a0fb9c422317faca23d50163151bc354"},"breadcrumb":{"@id":"http:\/\/elregionalvm.com.ar\/noticias-villa-maria\/cordoba-suma-exigencias-de-pase-sanitario-a-mas-rubros-y-ajusta-aforos\/#breadcrumb"},"inLanguage":"es","potentialAction":[{"@type":"ReadAction","target":["http:\/\/elregionalvm.com.ar\/noticias-villa-maria\/cordoba-suma-exigencias-de-pase-sanitario-a-mas-rubros-y-ajusta-aforos\/"]}]},{"@type":"ImageObject","inLanguage":"es","@id":"http:\/\/elregionalvm.com.ar\/noticias-villa-maria\/cordoba-suma-exigencias-de-pase-sanitario-a-mas-rubros-y-ajusta-aforos\/#primaryimage","url":"https:\/\/i0.wp.com\/elregionalvm.com.ar\/noticias-villa-maria\/wp-content\/uploads\/2022\/01\/bar.jpg?fit=850%2C567&ssl=1","contentUrl":"https:\/\/i0.wp.com\/elregionalvm.com.ar\/noticias-villa-maria\/wp-content\/uploads\/2022\/01\/bar.jpg?fit=850%2C567&ssl=1","width":850,"height":567},{"@type":"BreadcrumbList","@id":"http:\/\/elregionalvm.com.ar\/noticias-villa-maria\/cordoba-suma-exigencias-de-pase-sanitario-a-mas-rubros-y-ajusta-aforos\/#breadcrumb","itemListElement":[{"@type":"ListItem","position":1,"name":"Portada","item":"https:\/\/elregionalvm.com.ar\/noticias-villa-maria\/"},{"@type":"ListItem","position":2,"name":"C\u00f3rdoba suma exigencias de pase sanitario a m\u00e1s rubros y ajusta aforos"}]},{"@type":"WebSite","@id":"http:\/\/elregionalvm.com.ar\/noticias-villa-maria\/#website","url":"http:\/\/elregionalvm.com.ar\/noticias-villa-maria\/","name":"El Regional","description":"Mucho m\u00e1s que informaci\u00f3n","potentialAction":[{"@type":"SearchAction","target":{"@type":"EntryPoint","urlTemplate":"http:\/\/elregionalvm.com.ar\/noticias-villa-maria\/?s={search_term_string}"},"query-input":{"@type":"PropertyValueSpecification","valueRequired":true,"valueName":"search_term_string"}}],"inLanguage":"es"},{"@type":"Person","@id":"http:\/\/elregionalvm.com.ar\/noticias-villa-maria\/#\/schema\/person\/a0fb9c422317faca23d50163151bc354","name":"Contenidos El Regional","image":{"@type":"ImageObject","inLanguage":"es","@id":"http:\/\/elregionalvm.com.ar\/noticias-villa-maria\/#\/schema\/person\/image\/","url":"https:\/\/secure.gravatar.com\/avatar\/265b27cb2209af7bb3a1318f03305787d7981a5cc6e6cd08fe5a4ecdf99d4b48?s=96&d=mm&r=g","contentUrl":"https:\/\/secure.gravatar.com\/avatar\/265b27cb2209af7bb3a1318f03305787d7981a5cc6e6cd08fe5a4ecdf99d4b48?s=96&d=mm&r=g","caption":"Contenidos El Regional"},"url":"https:\/\/elregionalvm.com.ar\/noticias-villa-maria\/author\/contenido\/"}]}},"jetpack_featured_media_url":"https:\/\/i0.wp.com\/elregionalvm.com.ar\/noticias-villa-maria\/wp-content\/uploads\/2022\/01\/bar.jpg?fit=850%2C567&ssl=1","jetpack_sharing_enabled":true,"_links":{"self":[{"href":"https:\/\/elregionalvm.com.ar\/noticias-villa-maria\/wp-json\/wp\/v2\/posts\/51498","targetHints":{"allow":["GET"]}}],"collection":[{"href":"https:\/\/elregionalvm.com.ar\/noticias-villa-maria\/wp-json\/wp\/v2\/posts"}],"about":[{"href":"https:\/\/elregionalvm.com.ar\/noticias-villa-maria\/wp-json\/wp\/v2\/types\/post"}],"author":[{"embeddable":true,"href":"https:\/\/elregionalvm.com.ar\/noticias-villa-maria\/wp-json\/wp\/v2\/users\/4"}],"replies":[{"embeddable":true,"href":"https:\/\/elregionalvm.com.ar\/noticias-villa-maria\/wp-json\/wp\/v2\/comments?post=51498"}],"version-history":[{"count":4,"href":"https:\/\/elregionalvm.com.ar\/noticias-villa-maria\/wp-json\/wp\/v2\/posts\/51498\/revisions"}],"predecessor-version":[{"id":51504,"href":"https:\/\/elregionalvm.com.ar\/noticias-villa-maria\/wp-json\/wp\/v2\/posts\/51498\/revisions\/51504"}],"wp:featuredmedia":[{"embeddable":true,"href":"https:\/\/elregionalvm.com.ar\/noticias-villa-maria\/wp-json\/wp\/v2\/media\/51499"}],"wp:attachment":[{"href":"https:\/\/elregionalvm.com.ar\/noticias-villa-maria\/wp-json\/wp\/v2\/media?parent=51498"}],"wp:term":[{"taxonomy":"category","embeddable":true,"href":"https:\/\/elregionalvm.com.ar\/noticias-villa-maria\/wp-json\/wp\/v2\/categories?post=51498"},{"taxonomy":"post_tag","embeddable":true,"href":"https:\/\/elregionalvm.com.ar\/noticias-villa-maria\/wp-json\/wp\/v2\/tags?post=51498"}],"curies":[{"name":"wp","href":"https:\/\/api.w.org\/{rel}","templated":true}]}}