{"id":51634,"date":"2022-01-23T12:30:47","date_gmt":"2022-01-23T12:30:47","guid":{"rendered":"https:\/\/elregionalvm.com.ar\/noticias-villa-maria\/?p=51634"},"modified":"2022-01-23T12:30:48","modified_gmt":"2022-01-23T12:30:48","slug":"menores-habidas-y-detencion-de-un-mayor-por-robo-calificado-por-el-uso-de-arma-de-fuego","status":"publish","type":"post","link":"https:\/\/elregionalvm.com.ar\/noticias-villa-maria\/menores-habidas-y-detencion-de-un-mayor-por-robo-calificado-por-el-uso-de-arma-de-fuego\/","title":{"rendered":"Menores habidas y detenci\u00f3n de un mayor por \u201crobo calificado por el uso de arma de fuego.\u201d"},"content":{"rendered":"\n<p>Personal de la Divisi\u00f3n de Investigaciones de la ciudad de Villa Mar\u00eda, conjuntamente con personal de la Patrulla Preventiva de esta ciudad, en calle rep\u00fablica del L\u00edbano y puente Santa Ana, procedi\u00f3 a materializar la detenci\u00f3n de un hombre de 22 a\u00f1os de edad, por la supuesta autor\u00eda del delito de robo calificado por el uso de arma de fuego, de acuerdo a lo solicitado por la fiscal\u00eda de feria, sec. Dra. Dalila Alcal\u00e1 Riff.<\/p>\n\n\n\n<p>Todo debido a que desde horas de la madrugada el personal policial se encontraba abocado a la b\u00fasqueda de dos ni\u00f1as menores de 16 y 8 a\u00f1os de edad, las cuales se hab\u00edan fugado de su hogar, en la localidad de Arroyo Cabral, y que fueran vistas por \u00faltima vez en\u00a0 el sector de la costanera, por lo que se aplic\u00f3 de inmediato el protocolo de b\u00fasqueda de personas.<\/p>\n\n\n\n<p>Luego de un arduo trabajo investigativo, mediante el relevamiento de c\u00e1maras, p\u00fablicas y privadas, y la entrevista de testigos, se logr\u00f3 ubicar a la menor desaparecida, quienes se encontraban en compa\u00f1\u00eda del sujeto detenido, quien al ser identificado se constat\u00f3 que sobre el mismo pesaba la orden de detenci\u00f3n por supuesto autor del delito antes mencionado y que fuera denunciado en la Unidad Judicial de Villa Mar\u00eda.<\/p>\n\n\n\n<p><\/p>\n","protected":false},"excerpt":{"rendered":"<p>Personal de la Divisi\u00f3n de Investigaciones de la ciudad de Villa Mar\u00eda, conjuntamente con personal de la Patrulla Preventiva de esta ciudad, en calle rep\u00fablica del L\u00edbano y puente Santa Ana, procedi\u00f3 a materializar la detenci\u00f3n de un hombre de 22 a\u00f1os de edad, por la supuesta autor\u00eda del delito de robo calificado por el [&hellip;]<\/p>\n","protected":false},"author":4,"featured_media":51630,"comment_status":"open","ping_status":"open","sticky":false,"template":"","format":"standard","meta":{"site-sidebar-layout":"default","site-content-layout":"default","ast-site-content-layout":"default","site-content-style":"default","site-sidebar-style":"default","ast-global-header-display":"","ast-banner-title-visibility":"","ast-main-header-display":"","ast-hfb-above-header-display":"","ast-hfb-below-header-display":"","ast-hfb-mobile-header-display":"","site-post-title":"","ast-breadcrumbs-content":"","ast-featured-img":"","footer-sml-layout":"","ast-disable-related-posts":"","theme-transparent-header-meta":"default","adv-header-id-meta":"","stick-header-meta":"","header-above-stick-meta":"","header-main-stick-meta":"","header-below-stick-meta":"","astra-migrate-meta-layouts":"default","ast-page-background-enabled":"default","ast-page-background-meta":{"desktop":{"background-color":"","background-image":"","background-repeat":"repeat","background-position":"center center","background-size":"auto","background-attachment":"scroll","background-type":"","background-media":"","overlay-type":"","overlay-color":"","overlay-opacity":"","overlay-gradient":""},"tablet":{"background-color":"","background-image":"","background-repeat":"repeat","background-position":"center center","background-size":"auto","background-attachment":"scroll","background-type":"","background-media":"","overlay-type":"","overlay-color":"","overlay-opacity":"","overlay-gradient":""},"mobile":{"background-color":"","background-image":"","background-repeat":"repeat","background-position":"center center","background-size":"auto","background-attachment":"scroll","background-type":"","background-media":"","overlay-type":"","overlay-color":"","overlay-opacity":"","overlay-gradient":""}},"ast-content-background-meta":{"desktop":{"background-color":"var(--ast-global-color-5)","background-image":"","background-repeat":"repeat","background-position":"center center","background-size":"auto","background-attachment":"scroll","background-type":"","background-media":"","overlay-type":"","overlay-color":"","overlay-opacity":"","overlay-gradient":""},"tablet":{"background-color":"var(--ast-global-color-5)","background-image":"","background-repeat":"repeat","background-position":"center center","background-size":"auto","background-attachment":"scroll","background-type":"","background-media":"","overlay-type":"","overlay-color":"","overlay-opacity":"","overlay-gradient":""},"mobile":{"background-color":"var(--ast-global-color-5)","background-image":"","background-repeat":"repeat","background-position":"center center","background-size":"auto","background-attachment":"scroll","background-type":"","background-media":"","overlay-type":"","overlay-color":"","overlay-opacity":"","overlay-gradient":""}},"_jetpack_memberships_contains_paid_content":false,"_joinchat":[],"footnotes":""},"categories":[2234],"tags":[1232],"class_list":["post-51634","post","type-post","status-publish","format-standard","has-post-thumbnail","hentry","category-policiales","tag-destacado"],"yoast_head":"<!-- This site is optimized with the Yoast SEO plugin v26.8 - https:\/\/yoast.com\/product\/yoast-seo-wordpress\/ -->\n<title>Menores habidas y detenci\u00f3n de un mayor por \u201crobo calificado por el uso de arma de fuego.\u201d - El Regional<\/title>\n<meta name=\"robots\" content=\"index, follow, max-snippet:-1, max-image-preview:large, max-video-preview:-1\" \/>\n<link rel=\"canonical\" href=\"http:\/\/elregionalvm.com.ar\/noticias-villa-maria\/menores-habidas-y-detencion-de-un-mayor-por-robo-calificado-por-el-uso-de-arma-de-fuego\/\" \/>\n<meta property=\"og:locale\" content=\"es_ES\" \/>\n<meta property=\"og:type\" content=\"article\" \/>\n<meta property=\"og:title\" content=\"Menores habidas y detenci\u00f3n de un mayor por \u201crobo calificado por el uso de arma de fuego.\u201d - El Regional\" \/>\n<meta property=\"og:description\" content=\"Personal de la Divisi\u00f3n de Investigaciones de la ciudad de Villa Mar\u00eda, conjuntamente con personal de la Patrulla Preventiva de esta ciudad, en calle rep\u00fablica del L\u00edbano y puente Santa Ana, procedi\u00f3 a materializar la detenci\u00f3n de un hombre de 22 a\u00f1os de edad, por la supuesta autor\u00eda del delito de robo calificado por el [&hellip;]\" \/>\n<meta property=\"og:url\" content=\"http:\/\/elregionalvm.com.ar\/noticias-villa-maria\/menores-habidas-y-detencion-de-un-mayor-por-robo-calificado-por-el-uso-de-arma-de-fuego\/\" \/>\n<meta property=\"og:site_name\" content=\"El Regional\" \/>\n<meta property=\"article:publisher\" content=\"https:\/\/www.facebook.com\/elregionalvm\" \/>\n<meta property=\"article:published_time\" content=\"2022-01-23T12:30:47+00:00\" \/>\n<meta property=\"article:modified_time\" content=\"2022-01-23T12:30:48+00:00\" \/>\n<meta property=\"og:image\" content=\"http:\/\/elregionalvm.com.ar\/noticias-villa-maria\/wp-content\/uploads\/2022\/01\/policial04.jpg\" \/>\n\t<meta property=\"og:image:width\" content=\"1162\" \/>\n\t<meta property=\"og:image:height\" content=\"1280\" \/>\n\t<meta property=\"og:image:type\" content=\"image\/jpeg\" \/>\n<meta name=\"author\" content=\"Contenidos El Regional\" \/>\n<meta name=\"twitter:card\" content=\"summary_large_image\" \/>\n<meta name=\"twitter:creator\" content=\"@elregionalvm1\" \/>\n<meta name=\"twitter:site\" content=\"@elregionalvm1\" \/>\n<meta name=\"twitter:label1\" content=\"Escrito por\" \/>\n\t<meta name=\"twitter:data1\" content=\"Contenidos El Regional\" \/>\n\t<meta name=\"twitter:label2\" content=\"Tiempo de lectura\" \/>\n\t<meta name=\"twitter:data2\" content=\"1 minuto\" \/>\n<script type=\"application\/ld+json\" class=\"yoast-schema-graph\">{\"@context\":\"https:\/\/schema.org\",\"@graph\":[{\"@type\":\"Article\",\"@id\":\"http:\/\/elregionalvm.com.ar\/noticias-villa-maria\/menores-habidas-y-detencion-de-un-mayor-por-robo-calificado-por-el-uso-de-arma-de-fuego\/#article\",\"isPartOf\":{\"@id\":\"http:\/\/elregionalvm.com.ar\/noticias-villa-maria\/menores-habidas-y-detencion-de-un-mayor-por-robo-calificado-por-el-uso-de-arma-de-fuego\/\"},\"author\":{\"name\":\"Contenidos El Regional\",\"@id\":\"http:\/\/elregionalvm.com.ar\/noticias-villa-maria\/#\/schema\/person\/a0fb9c422317faca23d50163151bc354\"},\"headline\":\"Menores habidas y detenci\u00f3n de un mayor por \u201crobo calificado por el uso de arma de fuego.\u201d\",\"datePublished\":\"2022-01-23T12:30:47+00:00\",\"dateModified\":\"2022-01-23T12:30:48+00:00\",\"mainEntityOfPage\":{\"@id\":\"http:\/\/elregionalvm.com.ar\/noticias-villa-maria\/menores-habidas-y-detencion-de-un-mayor-por-robo-calificado-por-el-uso-de-arma-de-fuego\/\"},\"wordCount\":244,\"commentCount\":0,\"image\":{\"@id\":\"http:\/\/elregionalvm.com.ar\/noticias-villa-maria\/menores-habidas-y-detencion-de-un-mayor-por-robo-calificado-por-el-uso-de-arma-de-fuego\/#primaryimage\"},\"thumbnailUrl\":\"https:\/\/i0.wp.com\/elregionalvm.com.ar\/noticias-villa-maria\/wp-content\/uploads\/2022\/01\/policial04.jpg?fit=1162%2C1280&ssl=1\",\"keywords\":[\"destacado\"],\"articleSection\":[\"Policiales\"],\"inLanguage\":\"es\",\"potentialAction\":[{\"@type\":\"CommentAction\",\"name\":\"Comment\",\"target\":[\"http:\/\/elregionalvm.com.ar\/noticias-villa-maria\/menores-habidas-y-detencion-de-un-mayor-por-robo-calificado-por-el-uso-de-arma-de-fuego\/#respond\"]}]},{\"@type\":\"WebPage\",\"@id\":\"http:\/\/elregionalvm.com.ar\/noticias-villa-maria\/menores-habidas-y-detencion-de-un-mayor-por-robo-calificado-por-el-uso-de-arma-de-fuego\/\",\"url\":\"http:\/\/elregionalvm.com.ar\/noticias-villa-maria\/menores-habidas-y-detencion-de-un-mayor-por-robo-calificado-por-el-uso-de-arma-de-fuego\/\",\"name\":\"Menores habidas y detenci\u00f3n de un mayor por \u201crobo calificado por el uso de arma de fuego.\u201d - El Regional\",\"isPartOf\":{\"@id\":\"http:\/\/elregionalvm.com.ar\/noticias-villa-maria\/#website\"},\"primaryImageOfPage\":{\"@id\":\"http:\/\/elregionalvm.com.ar\/noticias-villa-maria\/menores-habidas-y-detencion-de-un-mayor-por-robo-calificado-por-el-uso-de-arma-de-fuego\/#primaryimage\"},\"image\":{\"@id\":\"http:\/\/elregionalvm.com.ar\/noticias-villa-maria\/menores-habidas-y-detencion-de-un-mayor-por-robo-calificado-por-el-uso-de-arma-de-fuego\/#primaryimage\"},\"thumbnailUrl\":\"https:\/\/i0.wp.com\/elregionalvm.com.ar\/noticias-villa-maria\/wp-content\/uploads\/2022\/01\/policial04.jpg?fit=1162%2C1280&ssl=1\",\"datePublished\":\"2022-01-23T12:30:47+00:00\",\"dateModified\":\"2022-01-23T12:30:48+00:00\",\"author\":{\"@id\":\"http:\/\/elregionalvm.com.ar\/noticias-villa-maria\/#\/schema\/person\/a0fb9c422317faca23d50163151bc354\"},\"breadcrumb\":{\"@id\":\"http:\/\/elregionalvm.com.ar\/noticias-villa-maria\/menores-habidas-y-detencion-de-un-mayor-por-robo-calificado-por-el-uso-de-arma-de-fuego\/#breadcrumb\"},\"inLanguage\":\"es\",\"potentialAction\":[{\"@type\":\"ReadAction\",\"target\":[\"http:\/\/elregionalvm.com.ar\/noticias-villa-maria\/menores-habidas-y-detencion-de-un-mayor-por-robo-calificado-por-el-uso-de-arma-de-fuego\/\"]}]},{\"@type\":\"ImageObject\",\"inLanguage\":\"es\",\"@id\":\"http:\/\/elregionalvm.com.ar\/noticias-villa-maria\/menores-habidas-y-detencion-de-un-mayor-por-robo-calificado-por-el-uso-de-arma-de-fuego\/#primaryimage\",\"url\":\"https:\/\/i0.wp.com\/elregionalvm.com.ar\/noticias-villa-maria\/wp-content\/uploads\/2022\/01\/policial04.jpg?fit=1162%2C1280&ssl=1\",\"contentUrl\":\"https:\/\/i0.wp.com\/elregionalvm.com.ar\/noticias-villa-maria\/wp-content\/uploads\/2022\/01\/policial04.jpg?fit=1162%2C1280&ssl=1\",\"width\":1162,\"height\":1280},{\"@type\":\"BreadcrumbList\",\"@id\":\"http:\/\/elregionalvm.com.ar\/noticias-villa-maria\/menores-habidas-y-detencion-de-un-mayor-por-robo-calificado-por-el-uso-de-arma-de-fuego\/#breadcrumb\",\"itemListElement\":[{\"@type\":\"ListItem\",\"position\":1,\"name\":\"Portada\",\"item\":\"https:\/\/elregionalvm.com.ar\/noticias-villa-maria\/\"},{\"@type\":\"ListItem\",\"position\":2,\"name\":\"Menores habidas y detenci\u00f3n de un mayor por \u201crobo calificado por el uso de arma de fuego.\u201d\"}]},{\"@type\":\"WebSite\",\"@id\":\"http:\/\/elregionalvm.com.ar\/noticias-villa-maria\/#website\",\"url\":\"http:\/\/elregionalvm.com.ar\/noticias-villa-maria\/\",\"name\":\"El Regional\",\"description\":\"Mucho m\u00e1s que informaci\u00f3n\",\"potentialAction\":[{\"@type\":\"SearchAction\",\"target\":{\"@type\":\"EntryPoint\",\"urlTemplate\":\"http:\/\/elregionalvm.com.ar\/noticias-villa-maria\/?s={search_term_string}\"},\"query-input\":{\"@type\":\"PropertyValueSpecification\",\"valueRequired\":true,\"valueName\":\"search_term_string\"}}],\"inLanguage\":\"es\"},{\"@type\":\"Person\",\"@id\":\"http:\/\/elregionalvm.com.ar\/noticias-villa-maria\/#\/schema\/person\/a0fb9c422317faca23d50163151bc354\",\"name\":\"Contenidos El Regional\",\"image\":{\"@type\":\"ImageObject\",\"inLanguage\":\"es\",\"@id\":\"http:\/\/elregionalvm.com.ar\/noticias-villa-maria\/#\/schema\/person\/image\/\",\"url\":\"https:\/\/secure.gravatar.com\/avatar\/265b27cb2209af7bb3a1318f03305787d7981a5cc6e6cd08fe5a4ecdf99d4b48?s=96&d=mm&r=g\",\"contentUrl\":\"https:\/\/secure.gravatar.com\/avatar\/265b27cb2209af7bb3a1318f03305787d7981a5cc6e6cd08fe5a4ecdf99d4b48?s=96&d=mm&r=g\",\"caption\":\"Contenidos El Regional\"},\"url\":\"https:\/\/elregionalvm.com.ar\/noticias-villa-maria\/author\/contenido\/\"}]}<\/script>\n<!-- \/ Yoast SEO plugin. -->","yoast_head_json":{"title":"Menores habidas y detenci\u00f3n de un mayor por \u201crobo calificado por el uso de arma de fuego.\u201d - El Regional","robots":{"index":"index","follow":"follow","max-snippet":"max-snippet:-1","max-image-preview":"max-image-preview:large","max-video-preview":"max-video-preview:-1"},"canonical":"http:\/\/elregionalvm.com.ar\/noticias-villa-maria\/menores-habidas-y-detencion-de-un-mayor-por-robo-calificado-por-el-uso-de-arma-de-fuego\/","og_locale":"es_ES","og_type":"article","og_title":"Menores habidas y detenci\u00f3n de un mayor por \u201crobo calificado por el uso de arma de fuego.\u201d - El Regional","og_description":"Personal de la Divisi\u00f3n de Investigaciones de la ciudad de Villa Mar\u00eda, conjuntamente con personal de la Patrulla Preventiva de esta ciudad, en calle rep\u00fablica del L\u00edbano y puente Santa Ana, procedi\u00f3 a materializar la detenci\u00f3n de un hombre de 22 a\u00f1os de edad, por la supuesta autor\u00eda del delito de robo calificado por el [&hellip;]","og_url":"http:\/\/elregionalvm.com.ar\/noticias-villa-maria\/menores-habidas-y-detencion-de-un-mayor-por-robo-calificado-por-el-uso-de-arma-de-fuego\/","og_site_name":"El Regional","article_publisher":"https:\/\/www.facebook.com\/elregionalvm","article_published_time":"2022-01-23T12:30:47+00:00","article_modified_time":"2022-01-23T12:30:48+00:00","og_image":[{"width":1162,"height":1280,"url":"http:\/\/elregionalvm.com.ar\/noticias-villa-maria\/wp-content\/uploads\/2022\/01\/policial04.jpg","type":"image\/jpeg"}],"author":"Contenidos El Regional","twitter_card":"summary_large_image","twitter_creator":"@elregionalvm1","twitter_site":"@elregionalvm1","twitter_misc":{"Escrito por":"Contenidos El Regional","Tiempo de lectura":"1 minuto"},"schema":{"@context":"https:\/\/schema.org","@graph":[{"@type":"Article","@id":"http:\/\/elregionalvm.com.ar\/noticias-villa-maria\/menores-habidas-y-detencion-de-un-mayor-por-robo-calificado-por-el-uso-de-arma-de-fuego\/#article","isPartOf":{"@id":"http:\/\/elregionalvm.com.ar\/noticias-villa-maria\/menores-habidas-y-detencion-de-un-mayor-por-robo-calificado-por-el-uso-de-arma-de-fuego\/"},"author":{"name":"Contenidos El Regional","@id":"http:\/\/elregionalvm.com.ar\/noticias-villa-maria\/#\/schema\/person\/a0fb9c422317faca23d50163151bc354"},"headline":"Menores habidas y detenci\u00f3n de un mayor por \u201crobo calificado por el uso de arma de fuego.\u201d","datePublished":"2022-01-23T12:30:47+00:00","dateModified":"2022-01-23T12:30:48+00:00","mainEntityOfPage":{"@id":"http:\/\/elregionalvm.com.ar\/noticias-villa-maria\/menores-habidas-y-detencion-de-un-mayor-por-robo-calificado-por-el-uso-de-arma-de-fuego\/"},"wordCount":244,"commentCount":0,"image":{"@id":"http:\/\/elregionalvm.com.ar\/noticias-villa-maria\/menores-habidas-y-detencion-de-un-mayor-por-robo-calificado-por-el-uso-de-arma-de-fuego\/#primaryimage"},"thumbnailUrl":"https:\/\/i0.wp.com\/elregionalvm.com.ar\/noticias-villa-maria\/wp-content\/uploads\/2022\/01\/policial04.jpg?fit=1162%2C1280&ssl=1","keywords":["destacado"],"articleSection":["Policiales"],"inLanguage":"es","potentialAction":[{"@type":"CommentAction","name":"Comment","target":["http:\/\/elregionalvm.com.ar\/noticias-villa-maria\/menores-habidas-y-detencion-de-un-mayor-por-robo-calificado-por-el-uso-de-arma-de-fuego\/#respond"]}]},{"@type":"WebPage","@id":"http:\/\/elregionalvm.com.ar\/noticias-villa-maria\/menores-habidas-y-detencion-de-un-mayor-por-robo-calificado-por-el-uso-de-arma-de-fuego\/","url":"http:\/\/elregionalvm.com.ar\/noticias-villa-maria\/menores-habidas-y-detencion-de-un-mayor-por-robo-calificado-por-el-uso-de-arma-de-fuego\/","name":"Menores habidas y detenci\u00f3n de un mayor por \u201crobo calificado por el uso de arma de fuego.\u201d - El Regional","isPartOf":{"@id":"http:\/\/elregionalvm.com.ar\/noticias-villa-maria\/#website"},"primaryImageOfPage":{"@id":"http:\/\/elregionalvm.com.ar\/noticias-villa-maria\/menores-habidas-y-detencion-de-un-mayor-por-robo-calificado-por-el-uso-de-arma-de-fuego\/#primaryimage"},"image":{"@id":"http:\/\/elregionalvm.com.ar\/noticias-villa-maria\/menores-habidas-y-detencion-de-un-mayor-por-robo-calificado-por-el-uso-de-arma-de-fuego\/#primaryimage"},"thumbnailUrl":"https:\/\/i0.wp.com\/elregionalvm.com.ar\/noticias-villa-maria\/wp-content\/uploads\/2022\/01\/policial04.jpg?fit=1162%2C1280&ssl=1","datePublished":"2022-01-23T12:30:47+00:00","dateModified":"2022-01-23T12:30:48+00:00","author":{"@id":"http:\/\/elregionalvm.com.ar\/noticias-villa-maria\/#\/schema\/person\/a0fb9c422317faca23d50163151bc354"},"breadcrumb":{"@id":"http:\/\/elregionalvm.com.ar\/noticias-villa-maria\/menores-habidas-y-detencion-de-un-mayor-por-robo-calificado-por-el-uso-de-arma-de-fuego\/#breadcrumb"},"inLanguage":"es","potentialAction":[{"@type":"ReadAction","target":["http:\/\/elregionalvm.com.ar\/noticias-villa-maria\/menores-habidas-y-detencion-de-un-mayor-por-robo-calificado-por-el-uso-de-arma-de-fuego\/"]}]},{"@type":"ImageObject","inLanguage":"es","@id":"http:\/\/elregionalvm.com.ar\/noticias-villa-maria\/menores-habidas-y-detencion-de-un-mayor-por-robo-calificado-por-el-uso-de-arma-de-fuego\/#primaryimage","url":"https:\/\/i0.wp.com\/elregionalvm.com.ar\/noticias-villa-maria\/wp-content\/uploads\/2022\/01\/policial04.jpg?fit=1162%2C1280&ssl=1","contentUrl":"https:\/\/i0.wp.com\/elregionalvm.com.ar\/noticias-villa-maria\/wp-content\/uploads\/2022\/01\/policial04.jpg?fit=1162%2C1280&ssl=1","width":1162,"height":1280},{"@type":"BreadcrumbList","@id":"http:\/\/elregionalvm.com.ar\/noticias-villa-maria\/menores-habidas-y-detencion-de-un-mayor-por-robo-calificado-por-el-uso-de-arma-de-fuego\/#breadcrumb","itemListElement":[{"@type":"ListItem","position":1,"name":"Portada","item":"https:\/\/elregionalvm.com.ar\/noticias-villa-maria\/"},{"@type":"ListItem","position":2,"name":"Menores habidas y detenci\u00f3n de un mayor por \u201crobo calificado por el uso de arma de fuego.\u201d"}]},{"@type":"WebSite","@id":"http:\/\/elregionalvm.com.ar\/noticias-villa-maria\/#website","url":"http:\/\/elregionalvm.com.ar\/noticias-villa-maria\/","name":"El Regional","description":"Mucho m\u00e1s que informaci\u00f3n","potentialAction":[{"@type":"SearchAction","target":{"@type":"EntryPoint","urlTemplate":"http:\/\/elregionalvm.com.ar\/noticias-villa-maria\/?s={search_term_string}"},"query-input":{"@type":"PropertyValueSpecification","valueRequired":true,"valueName":"search_term_string"}}],"inLanguage":"es"},{"@type":"Person","@id":"http:\/\/elregionalvm.com.ar\/noticias-villa-maria\/#\/schema\/person\/a0fb9c422317faca23d50163151bc354","name":"Contenidos El Regional","image":{"@type":"ImageObject","inLanguage":"es","@id":"http:\/\/elregionalvm.com.ar\/noticias-villa-maria\/#\/schema\/person\/image\/","url":"https:\/\/secure.gravatar.com\/avatar\/265b27cb2209af7bb3a1318f03305787d7981a5cc6e6cd08fe5a4ecdf99d4b48?s=96&d=mm&r=g","contentUrl":"https:\/\/secure.gravatar.com\/avatar\/265b27cb2209af7bb3a1318f03305787d7981a5cc6e6cd08fe5a4ecdf99d4b48?s=96&d=mm&r=g","caption":"Contenidos El Regional"},"url":"https:\/\/elregionalvm.com.ar\/noticias-villa-maria\/author\/contenido\/"}]}},"jetpack_featured_media_url":"https:\/\/i0.wp.com\/elregionalvm.com.ar\/noticias-villa-maria\/wp-content\/uploads\/2022\/01\/policial04.jpg?fit=1162%2C1280&ssl=1","jetpack_sharing_enabled":true,"_links":{"self":[{"href":"https:\/\/elregionalvm.com.ar\/noticias-villa-maria\/wp-json\/wp\/v2\/posts\/51634","targetHints":{"allow":["GET"]}}],"collection":[{"href":"https:\/\/elregionalvm.com.ar\/noticias-villa-maria\/wp-json\/wp\/v2\/posts"}],"about":[{"href":"https:\/\/elregionalvm.com.ar\/noticias-villa-maria\/wp-json\/wp\/v2\/types\/post"}],"author":[{"embeddable":true,"href":"https:\/\/elregionalvm.com.ar\/noticias-villa-maria\/wp-json\/wp\/v2\/users\/4"}],"replies":[{"embeddable":true,"href":"https:\/\/elregionalvm.com.ar\/noticias-villa-maria\/wp-json\/wp\/v2\/comments?post=51634"}],"version-history":[{"count":1,"href":"https:\/\/elregionalvm.com.ar\/noticias-villa-maria\/wp-json\/wp\/v2\/posts\/51634\/revisions"}],"predecessor-version":[{"id":51638,"href":"https:\/\/elregionalvm.com.ar\/noticias-villa-maria\/wp-json\/wp\/v2\/posts\/51634\/revisions\/51638"}],"wp:featuredmedia":[{"embeddable":true,"href":"https:\/\/elregionalvm.com.ar\/noticias-villa-maria\/wp-json\/wp\/v2\/media\/51630"}],"wp:attachment":[{"href":"https:\/\/elregionalvm.com.ar\/noticias-villa-maria\/wp-json\/wp\/v2\/media?parent=51634"}],"wp:term":[{"taxonomy":"category","embeddable":true,"href":"https:\/\/elregionalvm.com.ar\/noticias-villa-maria\/wp-json\/wp\/v2\/categories?post=51634"},{"taxonomy":"post_tag","embeddable":true,"href":"https:\/\/elregionalvm.com.ar\/noticias-villa-maria\/wp-json\/wp\/v2\/tags?post=51634"}],"curies":[{"name":"wp","href":"https:\/\/api.w.org\/{rel}","templated":true}]}}