{"id":51649,"date":"2022-01-24T13:29:11","date_gmt":"2022-01-24T13:29:11","guid":{"rendered":"https:\/\/elregionalvm.com.ar\/noticias-villa-maria\/?p=51649"},"modified":"2022-01-24T13:29:13","modified_gmt":"2022-01-24T13:29:13","slug":"para-la-oms-es-posible-acabar-con-la-fase-aguda-de-pandemia-usando-las-herramientas-con-equidad","status":"publish","type":"post","link":"https:\/\/elregionalvm.com.ar\/noticias-villa-maria\/para-la-oms-es-posible-acabar-con-la-fase-aguda-de-pandemia-usando-las-herramientas-con-equidad\/","title":{"rendered":"Para la OMS, es posible acabar con la fase aguda de pandemia \u201cusando las herramientas con equidad\u201d"},"content":{"rendered":"\n<h3 class=\"wp-block-heading\">Lo dijo el director general del organismo.<\/h3>\n\n\n\n<p><\/p>\n\n\n\n<p>El director general de la\u00a0<a href=\"http:\/\/www.lavoz.com.ar\/temas\/oms\" target=\"_blank\" rel=\"noreferrer noopener\">Organizaci\u00f3n Mundial de la Salud\u00a0<\/a>(OMS), Tedros Adhanom Ghebreyesus, ha afirmado que \u201ctenemos todas las herramientas para acabar con la fase aguda de esta\u00a0<a href=\"http:\/\/www.lavoz.com.ar\/temas\/coronavirus\" target=\"_blank\" rel=\"noreferrer noopener\">pandemia<\/a>\u201d, pero, para ello, es necesario usarlas \u201cde forma equitativa y sabia\u201d.<\/p>\n\n\n\n<p>\u201cDebemos trabajar juntos para poner fin a la fase aguda de esta pandemia. No podemos dejar que se prolongue, tambale\u00e1ndose entre el p\u00e1nico y la negligencia\u201d, ha expresado el director general de la OMS en rueda de prensa junto con la ministra federal de Cooperaci\u00f3n Econ\u00f3mica y Desarrollo de Alemania, Svenja Schulze.<\/p>\n\n\n\n<p>Durante su reuni\u00f3n con la ministra alemana, ha agradecido la colaboraci\u00f3n de este pa\u00eds con la OMS y ambos han tratado temas como el trabajo \u201ccr\u00edtico\u201d del Hub de la OMS para la Inteligencia sobre Pandemias y Epidemias en Berl\u00edn, que tiene como objetivo la prevenci\u00f3n de futuras emergencias sanitarias; as\u00ed como su contribuci\u00f3n a la producci\u00f3n de vacunas y otras herramientas m\u00e9dicas donde m\u00e1s se necesitan.<\/p>\n\n\n\n<p>\u201cAlemania ha sido un importante amigo y socio de largo recorrido de la OMS, y de hecho es ahora el mayor donante de la OMS\u201d, ha apuntado Tedros, subrayando los esfuerzos de este pa\u00eds \u201cpor forjar un sistema de salud multilateral m\u00e1s fuerte, con una OMS fuerte en el centro\u201d.<\/p>\n\n\n\n<p>Tal y como ha destacado Tedros, en su programa reci\u00e9n aprobado para la presidencia del G7, \u201cAlemania ha hecho un compromiso admirable para la distribuci\u00f3n equitativa de las herramientas de Covid-19, el apoyo al fortalecimiento de los sistemas de salud en los pa\u00edses de menores ingresos y la consolidaci\u00f3n de la arquitectura sanitaria mundial\u201d.<\/p>\n\n\n\n<p>As\u00ed, ha puntualizado que el apoyo de Alemania a la fabricaci\u00f3n de vacunas de ARNm en \u00c1frica \u201cva de la mano del trabajo de la OMS para desarrollar una capacidad de producci\u00f3n de vacunas autosuficiente\u201d. Se trata, seg\u00fan el director general de la OMS, de una \u201csabia inversi\u00f3n\u201d que puede proporcionar \u201cenormes beneficios a las comunidades desatendidas\u201d.<\/p>\n\n\n\n<p><em>Fuente: La Voz<\/em><\/p>\n","protected":false},"excerpt":{"rendered":"<p>Lo dijo el director general del organismo. El director general de la\u00a0Organizaci\u00f3n Mundial de la Salud\u00a0(OMS), Tedros Adhanom Ghebreyesus, ha afirmado que \u201ctenemos todas las herramientas para acabar con la fase aguda de esta\u00a0pandemia\u201d, pero, para ello, es necesario usarlas \u201cde forma equitativa y sabia\u201d. \u201cDebemos trabajar juntos para poner fin a la fase aguda [&hellip;]<\/p>\n","protected":false},"author":4,"featured_media":51650,"comment_status":"open","ping_status":"open","sticky":false,"template":"","format":"standard","meta":{"site-sidebar-layout":"default","site-content-layout":"default","ast-site-content-layout":"default","site-content-style":"default","site-sidebar-style":"default","ast-global-header-display":"","ast-banner-title-visibility":"","ast-main-header-display":"","ast-hfb-above-header-display":"","ast-hfb-below-header-display":"","ast-hfb-mobile-header-display":"","site-post-title":"","ast-breadcrumbs-content":"","ast-featured-img":"","footer-sml-layout":"","ast-disable-related-posts":"","theme-transparent-header-meta":"default","adv-header-id-meta":"","stick-header-meta":"","header-above-stick-meta":"","header-main-stick-meta":"","header-below-stick-meta":"","astra-migrate-meta-layouts":"default","ast-page-background-enabled":"default","ast-page-background-meta":{"desktop":{"background-color":"","background-image":"","background-repeat":"repeat","background-position":"center center","background-size":"auto","background-attachment":"scroll","background-type":"","background-media":"","overlay-type":"","overlay-color":"","overlay-opacity":"","overlay-gradient":""},"tablet":{"background-color":"","background-image":"","background-repeat":"repeat","background-position":"center center","background-size":"auto","background-attachment":"scroll","background-type":"","background-media":"","overlay-type":"","overlay-color":"","overlay-opacity":"","overlay-gradient":""},"mobile":{"background-color":"","background-image":"","background-repeat":"repeat","background-position":"center center","background-size":"auto","background-attachment":"scroll","background-type":"","background-media":"","overlay-type":"","overlay-color":"","overlay-opacity":"","overlay-gradient":""}},"ast-content-background-meta":{"desktop":{"background-color":"var(--ast-global-color-5)","background-image":"","background-repeat":"repeat","background-position":"center center","background-size":"auto","background-attachment":"scroll","background-type":"","background-media":"","overlay-type":"","overlay-color":"","overlay-opacity":"","overlay-gradient":""},"tablet":{"background-color":"var(--ast-global-color-5)","background-image":"","background-repeat":"repeat","background-position":"center center","background-size":"auto","background-attachment":"scroll","background-type":"","background-media":"","overlay-type":"","overlay-color":"","overlay-opacity":"","overlay-gradient":""},"mobile":{"background-color":"var(--ast-global-color-5)","background-image":"","background-repeat":"repeat","background-position":"center center","background-size":"auto","background-attachment":"scroll","background-type":"","background-media":"","overlay-type":"","overlay-color":"","overlay-opacity":"","overlay-gradient":""}},"_jetpack_memberships_contains_paid_content":false,"_joinchat":[],"footnotes":""},"categories":[2256],"tags":[1232],"class_list":["post-51649","post","type-post","status-publish","format-standard","has-post-thumbnail","hentry","category-coronavirus","tag-destacado"],"yoast_head":"<!-- This site is optimized with the Yoast SEO plugin v26.8 - https:\/\/yoast.com\/product\/yoast-seo-wordpress\/ -->\n<title>Para la OMS, es posible acabar con la fase aguda de pandemia \u201cusando las herramientas con equidad\u201d - El Regional<\/title>\n<meta name=\"robots\" content=\"index, follow, max-snippet:-1, max-image-preview:large, max-video-preview:-1\" \/>\n<link rel=\"canonical\" href=\"http:\/\/elregionalvm.com.ar\/noticias-villa-maria\/para-la-oms-es-posible-acabar-con-la-fase-aguda-de-pandemia-usando-las-herramientas-con-equidad\/\" \/>\n<meta property=\"og:locale\" content=\"es_ES\" \/>\n<meta property=\"og:type\" content=\"article\" \/>\n<meta property=\"og:title\" content=\"Para la OMS, es posible acabar con la fase aguda de pandemia \u201cusando las herramientas con equidad\u201d - El Regional\" \/>\n<meta property=\"og:description\" content=\"Lo dijo el director general del organismo. El director general de la\u00a0Organizaci\u00f3n Mundial de la Salud\u00a0(OMS), Tedros Adhanom Ghebreyesus, ha afirmado que \u201ctenemos todas las herramientas para acabar con la fase aguda de esta\u00a0pandemia\u201d, pero, para ello, es necesario usarlas \u201cde forma equitativa y sabia\u201d. \u201cDebemos trabajar juntos para poner fin a la fase aguda [&hellip;]\" \/>\n<meta property=\"og:url\" content=\"http:\/\/elregionalvm.com.ar\/noticias-villa-maria\/para-la-oms-es-posible-acabar-con-la-fase-aguda-de-pandemia-usando-las-herramientas-con-equidad\/\" \/>\n<meta property=\"og:site_name\" content=\"El Regional\" \/>\n<meta property=\"article:publisher\" content=\"https:\/\/www.facebook.com\/elregionalvm\" \/>\n<meta property=\"article:published_time\" content=\"2022-01-24T13:29:11+00:00\" \/>\n<meta property=\"article:modified_time\" content=\"2022-01-24T13:29:13+00:00\" \/>\n<meta property=\"og:image\" content=\"https:\/\/i0.wp.com\/elregionalvm.com.ar\/noticias-villa-maria\/wp-content\/uploads\/2022\/01\/63B4ZGFHWVB6LAJZIIK64STGOU.webp?fit=1023%2C682&ssl=1\" \/>\n\t<meta property=\"og:image:width\" content=\"1023\" \/>\n\t<meta property=\"og:image:height\" content=\"682\" \/>\n\t<meta property=\"og:image:type\" content=\"image\/webp\" \/>\n<meta name=\"author\" content=\"Contenidos El Regional\" \/>\n<meta name=\"twitter:card\" content=\"summary_large_image\" \/>\n<meta name=\"twitter:creator\" content=\"@elregionalvm1\" \/>\n<meta name=\"twitter:site\" content=\"@elregionalvm1\" \/>\n<meta name=\"twitter:label1\" content=\"Escrito por\" \/>\n\t<meta name=\"twitter:data1\" content=\"Contenidos El Regional\" \/>\n\t<meta name=\"twitter:label2\" content=\"Tiempo de lectura\" \/>\n\t<meta name=\"twitter:data2\" content=\"2 minutos\" \/>\n<script type=\"application\/ld+json\" class=\"yoast-schema-graph\">{\"@context\":\"https:\/\/schema.org\",\"@graph\":[{\"@type\":\"Article\",\"@id\":\"http:\/\/elregionalvm.com.ar\/noticias-villa-maria\/para-la-oms-es-posible-acabar-con-la-fase-aguda-de-pandemia-usando-las-herramientas-con-equidad\/#article\",\"isPartOf\":{\"@id\":\"http:\/\/elregionalvm.com.ar\/noticias-villa-maria\/para-la-oms-es-posible-acabar-con-la-fase-aguda-de-pandemia-usando-las-herramientas-con-equidad\/\"},\"author\":{\"name\":\"Contenidos El Regional\",\"@id\":\"http:\/\/elregionalvm.com.ar\/noticias-villa-maria\/#\/schema\/person\/a0fb9c422317faca23d50163151bc354\"},\"headline\":\"Para la OMS, es posible acabar con la fase aguda de pandemia \u201cusando las herramientas con equidad\u201d\",\"datePublished\":\"2022-01-24T13:29:11+00:00\",\"dateModified\":\"2022-01-24T13:29:13+00:00\",\"mainEntityOfPage\":{\"@id\":\"http:\/\/elregionalvm.com.ar\/noticias-villa-maria\/para-la-oms-es-posible-acabar-con-la-fase-aguda-de-pandemia-usando-las-herramientas-con-equidad\/\"},\"wordCount\":373,\"commentCount\":0,\"image\":{\"@id\":\"http:\/\/elregionalvm.com.ar\/noticias-villa-maria\/para-la-oms-es-posible-acabar-con-la-fase-aguda-de-pandemia-usando-las-herramientas-con-equidad\/#primaryimage\"},\"thumbnailUrl\":\"https:\/\/i0.wp.com\/elregionalvm.com.ar\/noticias-villa-maria\/wp-content\/uploads\/2022\/01\/63B4ZGFHWVB6LAJZIIK64STGOU.webp?fit=1023%2C682&ssl=1\",\"keywords\":[\"destacado\"],\"articleSection\":[\"Coronavirus\"],\"inLanguage\":\"es\",\"potentialAction\":[{\"@type\":\"CommentAction\",\"name\":\"Comment\",\"target\":[\"http:\/\/elregionalvm.com.ar\/noticias-villa-maria\/para-la-oms-es-posible-acabar-con-la-fase-aguda-de-pandemia-usando-las-herramientas-con-equidad\/#respond\"]}]},{\"@type\":\"WebPage\",\"@id\":\"http:\/\/elregionalvm.com.ar\/noticias-villa-maria\/para-la-oms-es-posible-acabar-con-la-fase-aguda-de-pandemia-usando-las-herramientas-con-equidad\/\",\"url\":\"http:\/\/elregionalvm.com.ar\/noticias-villa-maria\/para-la-oms-es-posible-acabar-con-la-fase-aguda-de-pandemia-usando-las-herramientas-con-equidad\/\",\"name\":\"Para la OMS, es posible acabar con la fase aguda de pandemia \u201cusando las herramientas con equidad\u201d - El Regional\",\"isPartOf\":{\"@id\":\"http:\/\/elregionalvm.com.ar\/noticias-villa-maria\/#website\"},\"primaryImageOfPage\":{\"@id\":\"http:\/\/elregionalvm.com.ar\/noticias-villa-maria\/para-la-oms-es-posible-acabar-con-la-fase-aguda-de-pandemia-usando-las-herramientas-con-equidad\/#primaryimage\"},\"image\":{\"@id\":\"http:\/\/elregionalvm.com.ar\/noticias-villa-maria\/para-la-oms-es-posible-acabar-con-la-fase-aguda-de-pandemia-usando-las-herramientas-con-equidad\/#primaryimage\"},\"thumbnailUrl\":\"https:\/\/i0.wp.com\/elregionalvm.com.ar\/noticias-villa-maria\/wp-content\/uploads\/2022\/01\/63B4ZGFHWVB6LAJZIIK64STGOU.webp?fit=1023%2C682&ssl=1\",\"datePublished\":\"2022-01-24T13:29:11+00:00\",\"dateModified\":\"2022-01-24T13:29:13+00:00\",\"author\":{\"@id\":\"http:\/\/elregionalvm.com.ar\/noticias-villa-maria\/#\/schema\/person\/a0fb9c422317faca23d50163151bc354\"},\"breadcrumb\":{\"@id\":\"http:\/\/elregionalvm.com.ar\/noticias-villa-maria\/para-la-oms-es-posible-acabar-con-la-fase-aguda-de-pandemia-usando-las-herramientas-con-equidad\/#breadcrumb\"},\"inLanguage\":\"es\",\"potentialAction\":[{\"@type\":\"ReadAction\",\"target\":[\"http:\/\/elregionalvm.com.ar\/noticias-villa-maria\/para-la-oms-es-posible-acabar-con-la-fase-aguda-de-pandemia-usando-las-herramientas-con-equidad\/\"]}]},{\"@type\":\"ImageObject\",\"inLanguage\":\"es\",\"@id\":\"http:\/\/elregionalvm.com.ar\/noticias-villa-maria\/para-la-oms-es-posible-acabar-con-la-fase-aguda-de-pandemia-usando-las-herramientas-con-equidad\/#primaryimage\",\"url\":\"https:\/\/i0.wp.com\/elregionalvm.com.ar\/noticias-villa-maria\/wp-content\/uploads\/2022\/01\/63B4ZGFHWVB6LAJZIIK64STGOU.webp?fit=1023%2C682&ssl=1\",\"contentUrl\":\"https:\/\/i0.wp.com\/elregionalvm.com.ar\/noticias-villa-maria\/wp-content\/uploads\/2022\/01\/63B4ZGFHWVB6LAJZIIK64STGOU.webp?fit=1023%2C682&ssl=1\",\"width\":1023,\"height\":682},{\"@type\":\"BreadcrumbList\",\"@id\":\"http:\/\/elregionalvm.com.ar\/noticias-villa-maria\/para-la-oms-es-posible-acabar-con-la-fase-aguda-de-pandemia-usando-las-herramientas-con-equidad\/#breadcrumb\",\"itemListElement\":[{\"@type\":\"ListItem\",\"position\":1,\"name\":\"Portada\",\"item\":\"https:\/\/elregionalvm.com.ar\/noticias-villa-maria\/\"},{\"@type\":\"ListItem\",\"position\":2,\"name\":\"Para la OMS, es posible acabar con la fase aguda de pandemia \u201cusando las herramientas con equidad\u201d\"}]},{\"@type\":\"WebSite\",\"@id\":\"http:\/\/elregionalvm.com.ar\/noticias-villa-maria\/#website\",\"url\":\"http:\/\/elregionalvm.com.ar\/noticias-villa-maria\/\",\"name\":\"El Regional\",\"description\":\"Mucho m\u00e1s que informaci\u00f3n\",\"potentialAction\":[{\"@type\":\"SearchAction\",\"target\":{\"@type\":\"EntryPoint\",\"urlTemplate\":\"http:\/\/elregionalvm.com.ar\/noticias-villa-maria\/?s={search_term_string}\"},\"query-input\":{\"@type\":\"PropertyValueSpecification\",\"valueRequired\":true,\"valueName\":\"search_term_string\"}}],\"inLanguage\":\"es\"},{\"@type\":\"Person\",\"@id\":\"http:\/\/elregionalvm.com.ar\/noticias-villa-maria\/#\/schema\/person\/a0fb9c422317faca23d50163151bc354\",\"name\":\"Contenidos El Regional\",\"image\":{\"@type\":\"ImageObject\",\"inLanguage\":\"es\",\"@id\":\"http:\/\/elregionalvm.com.ar\/noticias-villa-maria\/#\/schema\/person\/image\/\",\"url\":\"https:\/\/secure.gravatar.com\/avatar\/265b27cb2209af7bb3a1318f03305787d7981a5cc6e6cd08fe5a4ecdf99d4b48?s=96&d=mm&r=g\",\"contentUrl\":\"https:\/\/secure.gravatar.com\/avatar\/265b27cb2209af7bb3a1318f03305787d7981a5cc6e6cd08fe5a4ecdf99d4b48?s=96&d=mm&r=g\",\"caption\":\"Contenidos El Regional\"},\"url\":\"https:\/\/elregionalvm.com.ar\/noticias-villa-maria\/author\/contenido\/\"}]}<\/script>\n<!-- \/ Yoast SEO plugin. -->","yoast_head_json":{"title":"Para la OMS, es posible acabar con la fase aguda de pandemia \u201cusando las herramientas con equidad\u201d - El Regional","robots":{"index":"index","follow":"follow","max-snippet":"max-snippet:-1","max-image-preview":"max-image-preview:large","max-video-preview":"max-video-preview:-1"},"canonical":"http:\/\/elregionalvm.com.ar\/noticias-villa-maria\/para-la-oms-es-posible-acabar-con-la-fase-aguda-de-pandemia-usando-las-herramientas-con-equidad\/","og_locale":"es_ES","og_type":"article","og_title":"Para la OMS, es posible acabar con la fase aguda de pandemia \u201cusando las herramientas con equidad\u201d - El Regional","og_description":"Lo dijo el director general del organismo. El director general de la\u00a0Organizaci\u00f3n Mundial de la Salud\u00a0(OMS), Tedros Adhanom Ghebreyesus, ha afirmado que \u201ctenemos todas las herramientas para acabar con la fase aguda de esta\u00a0pandemia\u201d, pero, para ello, es necesario usarlas \u201cde forma equitativa y sabia\u201d. \u201cDebemos trabajar juntos para poner fin a la fase aguda [&hellip;]","og_url":"http:\/\/elregionalvm.com.ar\/noticias-villa-maria\/para-la-oms-es-posible-acabar-con-la-fase-aguda-de-pandemia-usando-las-herramientas-con-equidad\/","og_site_name":"El Regional","article_publisher":"https:\/\/www.facebook.com\/elregionalvm","article_published_time":"2022-01-24T13:29:11+00:00","article_modified_time":"2022-01-24T13:29:13+00:00","og_image":[{"width":1023,"height":682,"url":"https:\/\/i0.wp.com\/elregionalvm.com.ar\/noticias-villa-maria\/wp-content\/uploads\/2022\/01\/63B4ZGFHWVB6LAJZIIK64STGOU.webp?fit=1023%2C682&ssl=1","type":"image\/webp"}],"author":"Contenidos El Regional","twitter_card":"summary_large_image","twitter_creator":"@elregionalvm1","twitter_site":"@elregionalvm1","twitter_misc":{"Escrito por":"Contenidos El Regional","Tiempo de lectura":"2 minutos"},"schema":{"@context":"https:\/\/schema.org","@graph":[{"@type":"Article","@id":"http:\/\/elregionalvm.com.ar\/noticias-villa-maria\/para-la-oms-es-posible-acabar-con-la-fase-aguda-de-pandemia-usando-las-herramientas-con-equidad\/#article","isPartOf":{"@id":"http:\/\/elregionalvm.com.ar\/noticias-villa-maria\/para-la-oms-es-posible-acabar-con-la-fase-aguda-de-pandemia-usando-las-herramientas-con-equidad\/"},"author":{"name":"Contenidos El Regional","@id":"http:\/\/elregionalvm.com.ar\/noticias-villa-maria\/#\/schema\/person\/a0fb9c422317faca23d50163151bc354"},"headline":"Para la OMS, es posible acabar con la fase aguda de pandemia \u201cusando las herramientas con equidad\u201d","datePublished":"2022-01-24T13:29:11+00:00","dateModified":"2022-01-24T13:29:13+00:00","mainEntityOfPage":{"@id":"http:\/\/elregionalvm.com.ar\/noticias-villa-maria\/para-la-oms-es-posible-acabar-con-la-fase-aguda-de-pandemia-usando-las-herramientas-con-equidad\/"},"wordCount":373,"commentCount":0,"image":{"@id":"http:\/\/elregionalvm.com.ar\/noticias-villa-maria\/para-la-oms-es-posible-acabar-con-la-fase-aguda-de-pandemia-usando-las-herramientas-con-equidad\/#primaryimage"},"thumbnailUrl":"https:\/\/i0.wp.com\/elregionalvm.com.ar\/noticias-villa-maria\/wp-content\/uploads\/2022\/01\/63B4ZGFHWVB6LAJZIIK64STGOU.webp?fit=1023%2C682&ssl=1","keywords":["destacado"],"articleSection":["Coronavirus"],"inLanguage":"es","potentialAction":[{"@type":"CommentAction","name":"Comment","target":["http:\/\/elregionalvm.com.ar\/noticias-villa-maria\/para-la-oms-es-posible-acabar-con-la-fase-aguda-de-pandemia-usando-las-herramientas-con-equidad\/#respond"]}]},{"@type":"WebPage","@id":"http:\/\/elregionalvm.com.ar\/noticias-villa-maria\/para-la-oms-es-posible-acabar-con-la-fase-aguda-de-pandemia-usando-las-herramientas-con-equidad\/","url":"http:\/\/elregionalvm.com.ar\/noticias-villa-maria\/para-la-oms-es-posible-acabar-con-la-fase-aguda-de-pandemia-usando-las-herramientas-con-equidad\/","name":"Para la OMS, es posible acabar con la fase aguda de pandemia \u201cusando las herramientas con equidad\u201d - El Regional","isPartOf":{"@id":"http:\/\/elregionalvm.com.ar\/noticias-villa-maria\/#website"},"primaryImageOfPage":{"@id":"http:\/\/elregionalvm.com.ar\/noticias-villa-maria\/para-la-oms-es-posible-acabar-con-la-fase-aguda-de-pandemia-usando-las-herramientas-con-equidad\/#primaryimage"},"image":{"@id":"http:\/\/elregionalvm.com.ar\/noticias-villa-maria\/para-la-oms-es-posible-acabar-con-la-fase-aguda-de-pandemia-usando-las-herramientas-con-equidad\/#primaryimage"},"thumbnailUrl":"https:\/\/i0.wp.com\/elregionalvm.com.ar\/noticias-villa-maria\/wp-content\/uploads\/2022\/01\/63B4ZGFHWVB6LAJZIIK64STGOU.webp?fit=1023%2C682&ssl=1","datePublished":"2022-01-24T13:29:11+00:00","dateModified":"2022-01-24T13:29:13+00:00","author":{"@id":"http:\/\/elregionalvm.com.ar\/noticias-villa-maria\/#\/schema\/person\/a0fb9c422317faca23d50163151bc354"},"breadcrumb":{"@id":"http:\/\/elregionalvm.com.ar\/noticias-villa-maria\/para-la-oms-es-posible-acabar-con-la-fase-aguda-de-pandemia-usando-las-herramientas-con-equidad\/#breadcrumb"},"inLanguage":"es","potentialAction":[{"@type":"ReadAction","target":["http:\/\/elregionalvm.com.ar\/noticias-villa-maria\/para-la-oms-es-posible-acabar-con-la-fase-aguda-de-pandemia-usando-las-herramientas-con-equidad\/"]}]},{"@type":"ImageObject","inLanguage":"es","@id":"http:\/\/elregionalvm.com.ar\/noticias-villa-maria\/para-la-oms-es-posible-acabar-con-la-fase-aguda-de-pandemia-usando-las-herramientas-con-equidad\/#primaryimage","url":"https:\/\/i0.wp.com\/elregionalvm.com.ar\/noticias-villa-maria\/wp-content\/uploads\/2022\/01\/63B4ZGFHWVB6LAJZIIK64STGOU.webp?fit=1023%2C682&ssl=1","contentUrl":"https:\/\/i0.wp.com\/elregionalvm.com.ar\/noticias-villa-maria\/wp-content\/uploads\/2022\/01\/63B4ZGFHWVB6LAJZIIK64STGOU.webp?fit=1023%2C682&ssl=1","width":1023,"height":682},{"@type":"BreadcrumbList","@id":"http:\/\/elregionalvm.com.ar\/noticias-villa-maria\/para-la-oms-es-posible-acabar-con-la-fase-aguda-de-pandemia-usando-las-herramientas-con-equidad\/#breadcrumb","itemListElement":[{"@type":"ListItem","position":1,"name":"Portada","item":"https:\/\/elregionalvm.com.ar\/noticias-villa-maria\/"},{"@type":"ListItem","position":2,"name":"Para la OMS, es posible acabar con la fase aguda de pandemia \u201cusando las herramientas con equidad\u201d"}]},{"@type":"WebSite","@id":"http:\/\/elregionalvm.com.ar\/noticias-villa-maria\/#website","url":"http:\/\/elregionalvm.com.ar\/noticias-villa-maria\/","name":"El Regional","description":"Mucho m\u00e1s que informaci\u00f3n","potentialAction":[{"@type":"SearchAction","target":{"@type":"EntryPoint","urlTemplate":"http:\/\/elregionalvm.com.ar\/noticias-villa-maria\/?s={search_term_string}"},"query-input":{"@type":"PropertyValueSpecification","valueRequired":true,"valueName":"search_term_string"}}],"inLanguage":"es"},{"@type":"Person","@id":"http:\/\/elregionalvm.com.ar\/noticias-villa-maria\/#\/schema\/person\/a0fb9c422317faca23d50163151bc354","name":"Contenidos El Regional","image":{"@type":"ImageObject","inLanguage":"es","@id":"http:\/\/elregionalvm.com.ar\/noticias-villa-maria\/#\/schema\/person\/image\/","url":"https:\/\/secure.gravatar.com\/avatar\/265b27cb2209af7bb3a1318f03305787d7981a5cc6e6cd08fe5a4ecdf99d4b48?s=96&d=mm&r=g","contentUrl":"https:\/\/secure.gravatar.com\/avatar\/265b27cb2209af7bb3a1318f03305787d7981a5cc6e6cd08fe5a4ecdf99d4b48?s=96&d=mm&r=g","caption":"Contenidos El Regional"},"url":"https:\/\/elregionalvm.com.ar\/noticias-villa-maria\/author\/contenido\/"}]}},"jetpack_featured_media_url":"https:\/\/i0.wp.com\/elregionalvm.com.ar\/noticias-villa-maria\/wp-content\/uploads\/2022\/01\/63B4ZGFHWVB6LAJZIIK64STGOU.webp?fit=1023%2C682&ssl=1","jetpack_sharing_enabled":true,"_links":{"self":[{"href":"https:\/\/elregionalvm.com.ar\/noticias-villa-maria\/wp-json\/wp\/v2\/posts\/51649","targetHints":{"allow":["GET"]}}],"collection":[{"href":"https:\/\/elregionalvm.com.ar\/noticias-villa-maria\/wp-json\/wp\/v2\/posts"}],"about":[{"href":"https:\/\/elregionalvm.com.ar\/noticias-villa-maria\/wp-json\/wp\/v2\/types\/post"}],"author":[{"embeddable":true,"href":"https:\/\/elregionalvm.com.ar\/noticias-villa-maria\/wp-json\/wp\/v2\/users\/4"}],"replies":[{"embeddable":true,"href":"https:\/\/elregionalvm.com.ar\/noticias-villa-maria\/wp-json\/wp\/v2\/comments?post=51649"}],"version-history":[{"count":1,"href":"https:\/\/elregionalvm.com.ar\/noticias-villa-maria\/wp-json\/wp\/v2\/posts\/51649\/revisions"}],"predecessor-version":[{"id":51651,"href":"https:\/\/elregionalvm.com.ar\/noticias-villa-maria\/wp-json\/wp\/v2\/posts\/51649\/revisions\/51651"}],"wp:featuredmedia":[{"embeddable":true,"href":"https:\/\/elregionalvm.com.ar\/noticias-villa-maria\/wp-json\/wp\/v2\/media\/51650"}],"wp:attachment":[{"href":"https:\/\/elregionalvm.com.ar\/noticias-villa-maria\/wp-json\/wp\/v2\/media?parent=51649"}],"wp:term":[{"taxonomy":"category","embeddable":true,"href":"https:\/\/elregionalvm.com.ar\/noticias-villa-maria\/wp-json\/wp\/v2\/categories?post=51649"},{"taxonomy":"post_tag","embeddable":true,"href":"https:\/\/elregionalvm.com.ar\/noticias-villa-maria\/wp-json\/wp\/v2\/tags?post=51649"}],"curies":[{"name":"wp","href":"https:\/\/api.w.org\/{rel}","templated":true}]}}