{"id":51652,"date":"2022-01-24T13:52:16","date_gmt":"2022-01-24T13:52:16","guid":{"rendered":"https:\/\/elregionalvm.com.ar\/noticias-villa-maria\/?p=51652"},"modified":"2022-01-24T13:52:17","modified_gmt":"2022-01-24T13:52:17","slug":"el-ultimo-mensaje-de-la-bombera-que-se-suicido-tras-denunciar-un-abuso-en-cordoba-saname-la-vida","status":"publish","type":"post","link":"https:\/\/elregionalvm.com.ar\/noticias-villa-maria\/el-ultimo-mensaje-de-la-bombera-que-se-suicido-tras-denunciar-un-abuso-en-cordoba-saname-la-vida\/","title":{"rendered":"El \u00faltimo mensaje de la bombera que se suicid\u00f3 tras denunciar un abuso en C\u00f3rdoba: \u201cSaname la vida\u201d"},"content":{"rendered":"\n<h3 class=\"wp-block-heading\">Tras confirmarse su fallecimiento, la bombero Luana Ludue\u00f1a fue despedida este viernes por los distintos cuarteles de la Provincia de C\u00f3rdoba.<\/h3>\n\n\n\n<p><\/p>\n\n\n\n<p>Luana Ludue\u00f1a, la joven&nbsp;<strong>bombera&nbsp;<\/strong>de 26 a\u00f1os que pertenec\u00eda al cuartel de bomberos voluntarios de Pilar-Oncativo y que hab\u00eda denunciado por abuso sexual al exdirector de Defensa Civil de la Provincia de C\u00f3rdoba, Diego Concha, se quit\u00f3 la vida.<\/p>\n\n\n\n<p>As\u00ed lo confirm\u00f3 su abogado CarlosNayi, quien adelant\u00f3 que pedir\u00e1n&nbsp;<a href=\"https:\/\/la100.cienradios.com\/policiales\/femicidio-de-anahi-benitez-anularon-la-prision-perpetua-a-marcos-bazan\/\" target=\"_blank\" rel=\"noreferrer noopener\">cadena perpetua&nbsp;<\/a>como en el&nbsp;caso Sathya. El letrado inform\u00f3 que le solicit\u00f3 a la fiscal que modifique la car\u00e1tula a homicidio con motivo de abuso sexual con acceso carnal doblemente calificado. Nayi dijo que espera que la Justicia actu\u00e9 con empat\u00eda.<\/p>\n\n\n\n<p>\u201cLamentablemente, se apag\u00f3 la vida de esta joven de 26 a\u00f1os que era<strong>&nbsp;bombera<\/strong>&nbsp;voluntario de Pilar y trabajaba en el vacunatorio en el Orfeo. No pudo superar lo que le pas\u00f3, estaba con tratamiento psicol\u00f3gico y un bot\u00f3n antip\u00e1nico y el desenlace fue ayer al mediod\u00eda, luego de una prolongada agon\u00eda falleci\u00f3 esta madrugada. Voy a pedir cadena perpetua\u201d confes\u00f3 el abogado<\/p>\n\n\n\n<p>Desde su entorno y en las redes sociales compartieron un sinf\u00edn de im\u00e1genes en su memoria. All\u00ed la recordaron y exclamaron que se hiciera justicia tras su denuncia.<\/p>\n\n\n\n<p>La mujer de 25 a\u00f1os comparti\u00f3 una imagen vestida de<strong>&nbsp;bombera&nbsp;<\/strong>junto su perro de b\u00fasqueda, con quien transitaba sus jornadas laborales.&nbsp;\u201cHay momentos para todo, pero nunca todos van a estar ah\u00ed en cualquier momento\u201d, redact\u00f3.<\/p>\n\n\n\n<p>Luego continu\u00f3: \u201cY ya ves que las cosas no son siempre como las pintamos,&nbsp;yo puedo morir de fr\u00edo y afuera es verano\u201d.<\/p>\n\n\n\n<p>Luana complet\u00f3: \u201cMejor desde cero que decir desde nunca.&nbsp;Saname las heridas, saname la vida\u201d. Cabe destacar que su cuenta de Instagram permanece en privado tras su deceso. En su biograf\u00eda, la oriunda de la localidad de Pilar, hab\u00eda escrito:&nbsp;\u201cLuchando mil batallas por dentro, con algunas sonrisas por fuera\u201d.<\/p>\n\n\n\n<p>En noviembre del 2020 fue abusada sexualmente por Diego Concha. La joven lo denunci\u00f3 y la imputaci\u00f3n fue&nbsp;<a href=\"https:\/\/la100.cienradios.com\/policiales\/tras-acusar-a-su-papa-nahir-galarza-denuncio-por-abuso-sexual-infantil-a-su-tio-paterno-no-la-defendieron\/\" target=\"_blank\" rel=\"noreferrer noopener\">abuso sexual<\/a>&nbsp;con acceso carnal doblemente calificado, violencia de g\u00e9nero y por haber cometido durante el desempe\u00f1o de sus funciones.<\/p>\n\n\n\n<p><em>Fuente: <a href=\"https:\/\/la100.cienradios.com\/\">la100.cienradios.com<\/a><\/em><\/p>\n","protected":false},"excerpt":{"rendered":"<p>Tras confirmarse su fallecimiento, la bombero Luana Ludue\u00f1a fue despedida este viernes por los distintos cuarteles de la Provincia de C\u00f3rdoba. Luana Ludue\u00f1a, la joven&nbsp;bombera&nbsp;de 26 a\u00f1os que pertenec\u00eda al cuartel de bomberos voluntarios de Pilar-Oncativo y que hab\u00eda denunciado por abuso sexual al exdirector de Defensa Civil de la Provincia de C\u00f3rdoba, Diego Concha, [&hellip;]<\/p>\n","protected":false},"author":4,"featured_media":51653,"comment_status":"open","ping_status":"open","sticky":false,"template":"","format":"standard","meta":{"site-sidebar-layout":"default","site-content-layout":"default","ast-site-content-layout":"default","site-content-style":"default","site-sidebar-style":"default","ast-global-header-display":"","ast-banner-title-visibility":"","ast-main-header-display":"","ast-hfb-above-header-display":"","ast-hfb-below-header-display":"","ast-hfb-mobile-header-display":"","site-post-title":"","ast-breadcrumbs-content":"","ast-featured-img":"","footer-sml-layout":"","ast-disable-related-posts":"","theme-transparent-header-meta":"default","adv-header-id-meta":"","stick-header-meta":"","header-above-stick-meta":"","header-main-stick-meta":"","header-below-stick-meta":"","astra-migrate-meta-layouts":"default","ast-page-background-enabled":"default","ast-page-background-meta":{"desktop":{"background-color":"","background-image":"","background-repeat":"repeat","background-position":"center center","background-size":"auto","background-attachment":"scroll","background-type":"","background-media":"","overlay-type":"","overlay-color":"","overlay-opacity":"","overlay-gradient":""},"tablet":{"background-color":"","background-image":"","background-repeat":"repeat","background-position":"center center","background-size":"auto","background-attachment":"scroll","background-type":"","background-media":"","overlay-type":"","overlay-color":"","overlay-opacity":"","overlay-gradient":""},"mobile":{"background-color":"","background-image":"","background-repeat":"repeat","background-position":"center center","background-size":"auto","background-attachment":"scroll","background-type":"","background-media":"","overlay-type":"","overlay-color":"","overlay-opacity":"","overlay-gradient":""}},"ast-content-background-meta":{"desktop":{"background-color":"var(--ast-global-color-5)","background-image":"","background-repeat":"repeat","background-position":"center center","background-size":"auto","background-attachment":"scroll","background-type":"","background-media":"","overlay-type":"","overlay-color":"","overlay-opacity":"","overlay-gradient":""},"tablet":{"background-color":"var(--ast-global-color-5)","background-image":"","background-repeat":"repeat","background-position":"center center","background-size":"auto","background-attachment":"scroll","background-type":"","background-media":"","overlay-type":"","overlay-color":"","overlay-opacity":"","overlay-gradient":""},"mobile":{"background-color":"var(--ast-global-color-5)","background-image":"","background-repeat":"repeat","background-position":"center center","background-size":"auto","background-attachment":"scroll","background-type":"","background-media":"","overlay-type":"","overlay-color":"","overlay-opacity":"","overlay-gradient":""}},"_jetpack_memberships_contains_paid_content":false,"_joinchat":[],"footnotes":""},"categories":[5],"tags":[1232],"class_list":["post-51652","post","type-post","status-publish","format-standard","has-post-thumbnail","hentry","category-sociedad","tag-destacado"],"yoast_head":"<!-- This site is optimized with the Yoast SEO plugin v26.8 - https:\/\/yoast.com\/product\/yoast-seo-wordpress\/ -->\n<title>El \u00faltimo mensaje de la bombera que se suicid\u00f3 tras denunciar un abuso en C\u00f3rdoba: \u201cSaname la vida\u201d - El Regional<\/title>\n<meta name=\"robots\" content=\"index, follow, max-snippet:-1, max-image-preview:large, max-video-preview:-1\" \/>\n<link rel=\"canonical\" href=\"http:\/\/elregionalvm.com.ar\/noticias-villa-maria\/el-ultimo-mensaje-de-la-bombera-que-se-suicido-tras-denunciar-un-abuso-en-cordoba-saname-la-vida\/\" \/>\n<meta property=\"og:locale\" content=\"es_ES\" \/>\n<meta property=\"og:type\" content=\"article\" \/>\n<meta property=\"og:title\" content=\"El \u00faltimo mensaje de la bombera que se suicid\u00f3 tras denunciar un abuso en C\u00f3rdoba: \u201cSaname la vida\u201d - El Regional\" \/>\n<meta property=\"og:description\" content=\"Tras confirmarse su fallecimiento, la bombero Luana Ludue\u00f1a fue despedida este viernes por los distintos cuarteles de la Provincia de C\u00f3rdoba. Luana Ludue\u00f1a, la joven&nbsp;bombera&nbsp;de 26 a\u00f1os que pertenec\u00eda al cuartel de bomberos voluntarios de Pilar-Oncativo y que hab\u00eda denunciado por abuso sexual al exdirector de Defensa Civil de la Provincia de C\u00f3rdoba, Diego Concha, [&hellip;]\" \/>\n<meta property=\"og:url\" content=\"http:\/\/elregionalvm.com.ar\/noticias-villa-maria\/el-ultimo-mensaje-de-la-bombera-que-se-suicido-tras-denunciar-un-abuso-en-cordoba-saname-la-vida\/\" \/>\n<meta property=\"og:site_name\" content=\"El Regional\" \/>\n<meta property=\"article:publisher\" content=\"https:\/\/www.facebook.com\/elregionalvm\" \/>\n<meta property=\"article:published_time\" content=\"2022-01-24T13:52:16+00:00\" \/>\n<meta property=\"article:modified_time\" content=\"2022-01-24T13:52:17+00:00\" \/>\n<meta property=\"og:image\" content=\"http:\/\/elregionalvm.com.ar\/noticias-villa-maria\/wp-content\/uploads\/2022\/01\/RJHGHEAGZRECDNHEIJAW6EZA4I.jpg\" \/>\n\t<meta property=\"og:image:width\" content=\"420\" \/>\n\t<meta property=\"og:image:height\" content=\"210\" \/>\n\t<meta property=\"og:image:type\" content=\"image\/jpeg\" \/>\n<meta name=\"author\" content=\"Contenidos El Regional\" \/>\n<meta name=\"twitter:card\" content=\"summary_large_image\" \/>\n<meta name=\"twitter:creator\" content=\"@elregionalvm1\" \/>\n<meta name=\"twitter:site\" content=\"@elregionalvm1\" \/>\n<meta name=\"twitter:label1\" content=\"Escrito por\" \/>\n\t<meta name=\"twitter:data1\" content=\"Contenidos El Regional\" \/>\n\t<meta name=\"twitter:label2\" content=\"Tiempo de lectura\" \/>\n\t<meta name=\"twitter:data2\" content=\"2 minutos\" \/>\n<script type=\"application\/ld+json\" class=\"yoast-schema-graph\">{\"@context\":\"https:\/\/schema.org\",\"@graph\":[{\"@type\":\"Article\",\"@id\":\"http:\/\/elregionalvm.com.ar\/noticias-villa-maria\/el-ultimo-mensaje-de-la-bombera-que-se-suicido-tras-denunciar-un-abuso-en-cordoba-saname-la-vida\/#article\",\"isPartOf\":{\"@id\":\"http:\/\/elregionalvm.com.ar\/noticias-villa-maria\/el-ultimo-mensaje-de-la-bombera-que-se-suicido-tras-denunciar-un-abuso-en-cordoba-saname-la-vida\/\"},\"author\":{\"name\":\"Contenidos El Regional\",\"@id\":\"http:\/\/elregionalvm.com.ar\/noticias-villa-maria\/#\/schema\/person\/a0fb9c422317faca23d50163151bc354\"},\"headline\":\"El \u00faltimo mensaje de la bombera que se suicid\u00f3 tras denunciar un abuso en C\u00f3rdoba: \u201cSaname la vida\u201d\",\"datePublished\":\"2022-01-24T13:52:16+00:00\",\"dateModified\":\"2022-01-24T13:52:17+00:00\",\"mainEntityOfPage\":{\"@id\":\"http:\/\/elregionalvm.com.ar\/noticias-villa-maria\/el-ultimo-mensaje-de-la-bombera-que-se-suicido-tras-denunciar-un-abuso-en-cordoba-saname-la-vida\/\"},\"wordCount\":412,\"commentCount\":0,\"image\":{\"@id\":\"http:\/\/elregionalvm.com.ar\/noticias-villa-maria\/el-ultimo-mensaje-de-la-bombera-que-se-suicido-tras-denunciar-un-abuso-en-cordoba-saname-la-vida\/#primaryimage\"},\"thumbnailUrl\":\"https:\/\/i0.wp.com\/elregionalvm.com.ar\/noticias-villa-maria\/wp-content\/uploads\/2022\/01\/RJHGHEAGZRECDNHEIJAW6EZA4I.jpg?fit=420%2C210&ssl=1\",\"keywords\":[\"destacado\"],\"articleSection\":[\"Sociedad\"],\"inLanguage\":\"es\",\"potentialAction\":[{\"@type\":\"CommentAction\",\"name\":\"Comment\",\"target\":[\"http:\/\/elregionalvm.com.ar\/noticias-villa-maria\/el-ultimo-mensaje-de-la-bombera-que-se-suicido-tras-denunciar-un-abuso-en-cordoba-saname-la-vida\/#respond\"]}]},{\"@type\":\"WebPage\",\"@id\":\"http:\/\/elregionalvm.com.ar\/noticias-villa-maria\/el-ultimo-mensaje-de-la-bombera-que-se-suicido-tras-denunciar-un-abuso-en-cordoba-saname-la-vida\/\",\"url\":\"http:\/\/elregionalvm.com.ar\/noticias-villa-maria\/el-ultimo-mensaje-de-la-bombera-que-se-suicido-tras-denunciar-un-abuso-en-cordoba-saname-la-vida\/\",\"name\":\"El \u00faltimo mensaje de la bombera que se suicid\u00f3 tras denunciar un abuso en C\u00f3rdoba: \u201cSaname la vida\u201d - El Regional\",\"isPartOf\":{\"@id\":\"http:\/\/elregionalvm.com.ar\/noticias-villa-maria\/#website\"},\"primaryImageOfPage\":{\"@id\":\"http:\/\/elregionalvm.com.ar\/noticias-villa-maria\/el-ultimo-mensaje-de-la-bombera-que-se-suicido-tras-denunciar-un-abuso-en-cordoba-saname-la-vida\/#primaryimage\"},\"image\":{\"@id\":\"http:\/\/elregionalvm.com.ar\/noticias-villa-maria\/el-ultimo-mensaje-de-la-bombera-que-se-suicido-tras-denunciar-un-abuso-en-cordoba-saname-la-vida\/#primaryimage\"},\"thumbnailUrl\":\"https:\/\/i0.wp.com\/elregionalvm.com.ar\/noticias-villa-maria\/wp-content\/uploads\/2022\/01\/RJHGHEAGZRECDNHEIJAW6EZA4I.jpg?fit=420%2C210&ssl=1\",\"datePublished\":\"2022-01-24T13:52:16+00:00\",\"dateModified\":\"2022-01-24T13:52:17+00:00\",\"author\":{\"@id\":\"http:\/\/elregionalvm.com.ar\/noticias-villa-maria\/#\/schema\/person\/a0fb9c422317faca23d50163151bc354\"},\"breadcrumb\":{\"@id\":\"http:\/\/elregionalvm.com.ar\/noticias-villa-maria\/el-ultimo-mensaje-de-la-bombera-que-se-suicido-tras-denunciar-un-abuso-en-cordoba-saname-la-vida\/#breadcrumb\"},\"inLanguage\":\"es\",\"potentialAction\":[{\"@type\":\"ReadAction\",\"target\":[\"http:\/\/elregionalvm.com.ar\/noticias-villa-maria\/el-ultimo-mensaje-de-la-bombera-que-se-suicido-tras-denunciar-un-abuso-en-cordoba-saname-la-vida\/\"]}]},{\"@type\":\"ImageObject\",\"inLanguage\":\"es\",\"@id\":\"http:\/\/elregionalvm.com.ar\/noticias-villa-maria\/el-ultimo-mensaje-de-la-bombera-que-se-suicido-tras-denunciar-un-abuso-en-cordoba-saname-la-vida\/#primaryimage\",\"url\":\"https:\/\/i0.wp.com\/elregionalvm.com.ar\/noticias-villa-maria\/wp-content\/uploads\/2022\/01\/RJHGHEAGZRECDNHEIJAW6EZA4I.jpg?fit=420%2C210&ssl=1\",\"contentUrl\":\"https:\/\/i0.wp.com\/elregionalvm.com.ar\/noticias-villa-maria\/wp-content\/uploads\/2022\/01\/RJHGHEAGZRECDNHEIJAW6EZA4I.jpg?fit=420%2C210&ssl=1\",\"width\":420,\"height\":210},{\"@type\":\"BreadcrumbList\",\"@id\":\"http:\/\/elregionalvm.com.ar\/noticias-villa-maria\/el-ultimo-mensaje-de-la-bombera-que-se-suicido-tras-denunciar-un-abuso-en-cordoba-saname-la-vida\/#breadcrumb\",\"itemListElement\":[{\"@type\":\"ListItem\",\"position\":1,\"name\":\"Portada\",\"item\":\"https:\/\/elregionalvm.com.ar\/noticias-villa-maria\/\"},{\"@type\":\"ListItem\",\"position\":2,\"name\":\"El \u00faltimo mensaje de la bombera que se suicid\u00f3 tras denunciar un abuso en C\u00f3rdoba: \u201cSaname la vida\u201d\"}]},{\"@type\":\"WebSite\",\"@id\":\"http:\/\/elregionalvm.com.ar\/noticias-villa-maria\/#website\",\"url\":\"http:\/\/elregionalvm.com.ar\/noticias-villa-maria\/\",\"name\":\"El Regional\",\"description\":\"Mucho m\u00e1s que informaci\u00f3n\",\"potentialAction\":[{\"@type\":\"SearchAction\",\"target\":{\"@type\":\"EntryPoint\",\"urlTemplate\":\"http:\/\/elregionalvm.com.ar\/noticias-villa-maria\/?s={search_term_string}\"},\"query-input\":{\"@type\":\"PropertyValueSpecification\",\"valueRequired\":true,\"valueName\":\"search_term_string\"}}],\"inLanguage\":\"es\"},{\"@type\":\"Person\",\"@id\":\"http:\/\/elregionalvm.com.ar\/noticias-villa-maria\/#\/schema\/person\/a0fb9c422317faca23d50163151bc354\",\"name\":\"Contenidos El Regional\",\"image\":{\"@type\":\"ImageObject\",\"inLanguage\":\"es\",\"@id\":\"http:\/\/elregionalvm.com.ar\/noticias-villa-maria\/#\/schema\/person\/image\/\",\"url\":\"https:\/\/secure.gravatar.com\/avatar\/265b27cb2209af7bb3a1318f03305787d7981a5cc6e6cd08fe5a4ecdf99d4b48?s=96&d=mm&r=g\",\"contentUrl\":\"https:\/\/secure.gravatar.com\/avatar\/265b27cb2209af7bb3a1318f03305787d7981a5cc6e6cd08fe5a4ecdf99d4b48?s=96&d=mm&r=g\",\"caption\":\"Contenidos El Regional\"},\"url\":\"https:\/\/elregionalvm.com.ar\/noticias-villa-maria\/author\/contenido\/\"}]}<\/script>\n<!-- \/ Yoast SEO plugin. -->","yoast_head_json":{"title":"El \u00faltimo mensaje de la bombera que se suicid\u00f3 tras denunciar un abuso en C\u00f3rdoba: \u201cSaname la vida\u201d - El Regional","robots":{"index":"index","follow":"follow","max-snippet":"max-snippet:-1","max-image-preview":"max-image-preview:large","max-video-preview":"max-video-preview:-1"},"canonical":"http:\/\/elregionalvm.com.ar\/noticias-villa-maria\/el-ultimo-mensaje-de-la-bombera-que-se-suicido-tras-denunciar-un-abuso-en-cordoba-saname-la-vida\/","og_locale":"es_ES","og_type":"article","og_title":"El \u00faltimo mensaje de la bombera que se suicid\u00f3 tras denunciar un abuso en C\u00f3rdoba: \u201cSaname la vida\u201d - El Regional","og_description":"Tras confirmarse su fallecimiento, la bombero Luana Ludue\u00f1a fue despedida este viernes por los distintos cuarteles de la Provincia de C\u00f3rdoba. Luana Ludue\u00f1a, la joven&nbsp;bombera&nbsp;de 26 a\u00f1os que pertenec\u00eda al cuartel de bomberos voluntarios de Pilar-Oncativo y que hab\u00eda denunciado por abuso sexual al exdirector de Defensa Civil de la Provincia de C\u00f3rdoba, Diego Concha, [&hellip;]","og_url":"http:\/\/elregionalvm.com.ar\/noticias-villa-maria\/el-ultimo-mensaje-de-la-bombera-que-se-suicido-tras-denunciar-un-abuso-en-cordoba-saname-la-vida\/","og_site_name":"El Regional","article_publisher":"https:\/\/www.facebook.com\/elregionalvm","article_published_time":"2022-01-24T13:52:16+00:00","article_modified_time":"2022-01-24T13:52:17+00:00","og_image":[{"width":420,"height":210,"url":"http:\/\/elregionalvm.com.ar\/noticias-villa-maria\/wp-content\/uploads\/2022\/01\/RJHGHEAGZRECDNHEIJAW6EZA4I.jpg","type":"image\/jpeg"}],"author":"Contenidos El Regional","twitter_card":"summary_large_image","twitter_creator":"@elregionalvm1","twitter_site":"@elregionalvm1","twitter_misc":{"Escrito por":"Contenidos El Regional","Tiempo de lectura":"2 minutos"},"schema":{"@context":"https:\/\/schema.org","@graph":[{"@type":"Article","@id":"http:\/\/elregionalvm.com.ar\/noticias-villa-maria\/el-ultimo-mensaje-de-la-bombera-que-se-suicido-tras-denunciar-un-abuso-en-cordoba-saname-la-vida\/#article","isPartOf":{"@id":"http:\/\/elregionalvm.com.ar\/noticias-villa-maria\/el-ultimo-mensaje-de-la-bombera-que-se-suicido-tras-denunciar-un-abuso-en-cordoba-saname-la-vida\/"},"author":{"name":"Contenidos El Regional","@id":"http:\/\/elregionalvm.com.ar\/noticias-villa-maria\/#\/schema\/person\/a0fb9c422317faca23d50163151bc354"},"headline":"El \u00faltimo mensaje de la bombera que se suicid\u00f3 tras denunciar un abuso en C\u00f3rdoba: \u201cSaname la vida\u201d","datePublished":"2022-01-24T13:52:16+00:00","dateModified":"2022-01-24T13:52:17+00:00","mainEntityOfPage":{"@id":"http:\/\/elregionalvm.com.ar\/noticias-villa-maria\/el-ultimo-mensaje-de-la-bombera-que-se-suicido-tras-denunciar-un-abuso-en-cordoba-saname-la-vida\/"},"wordCount":412,"commentCount":0,"image":{"@id":"http:\/\/elregionalvm.com.ar\/noticias-villa-maria\/el-ultimo-mensaje-de-la-bombera-que-se-suicido-tras-denunciar-un-abuso-en-cordoba-saname-la-vida\/#primaryimage"},"thumbnailUrl":"https:\/\/i0.wp.com\/elregionalvm.com.ar\/noticias-villa-maria\/wp-content\/uploads\/2022\/01\/RJHGHEAGZRECDNHEIJAW6EZA4I.jpg?fit=420%2C210&ssl=1","keywords":["destacado"],"articleSection":["Sociedad"],"inLanguage":"es","potentialAction":[{"@type":"CommentAction","name":"Comment","target":["http:\/\/elregionalvm.com.ar\/noticias-villa-maria\/el-ultimo-mensaje-de-la-bombera-que-se-suicido-tras-denunciar-un-abuso-en-cordoba-saname-la-vida\/#respond"]}]},{"@type":"WebPage","@id":"http:\/\/elregionalvm.com.ar\/noticias-villa-maria\/el-ultimo-mensaje-de-la-bombera-que-se-suicido-tras-denunciar-un-abuso-en-cordoba-saname-la-vida\/","url":"http:\/\/elregionalvm.com.ar\/noticias-villa-maria\/el-ultimo-mensaje-de-la-bombera-que-se-suicido-tras-denunciar-un-abuso-en-cordoba-saname-la-vida\/","name":"El \u00faltimo mensaje de la bombera que se suicid\u00f3 tras denunciar un abuso en C\u00f3rdoba: \u201cSaname la vida\u201d - El Regional","isPartOf":{"@id":"http:\/\/elregionalvm.com.ar\/noticias-villa-maria\/#website"},"primaryImageOfPage":{"@id":"http:\/\/elregionalvm.com.ar\/noticias-villa-maria\/el-ultimo-mensaje-de-la-bombera-que-se-suicido-tras-denunciar-un-abuso-en-cordoba-saname-la-vida\/#primaryimage"},"image":{"@id":"http:\/\/elregionalvm.com.ar\/noticias-villa-maria\/el-ultimo-mensaje-de-la-bombera-que-se-suicido-tras-denunciar-un-abuso-en-cordoba-saname-la-vida\/#primaryimage"},"thumbnailUrl":"https:\/\/i0.wp.com\/elregionalvm.com.ar\/noticias-villa-maria\/wp-content\/uploads\/2022\/01\/RJHGHEAGZRECDNHEIJAW6EZA4I.jpg?fit=420%2C210&ssl=1","datePublished":"2022-01-24T13:52:16+00:00","dateModified":"2022-01-24T13:52:17+00:00","author":{"@id":"http:\/\/elregionalvm.com.ar\/noticias-villa-maria\/#\/schema\/person\/a0fb9c422317faca23d50163151bc354"},"breadcrumb":{"@id":"http:\/\/elregionalvm.com.ar\/noticias-villa-maria\/el-ultimo-mensaje-de-la-bombera-que-se-suicido-tras-denunciar-un-abuso-en-cordoba-saname-la-vida\/#breadcrumb"},"inLanguage":"es","potentialAction":[{"@type":"ReadAction","target":["http:\/\/elregionalvm.com.ar\/noticias-villa-maria\/el-ultimo-mensaje-de-la-bombera-que-se-suicido-tras-denunciar-un-abuso-en-cordoba-saname-la-vida\/"]}]},{"@type":"ImageObject","inLanguage":"es","@id":"http:\/\/elregionalvm.com.ar\/noticias-villa-maria\/el-ultimo-mensaje-de-la-bombera-que-se-suicido-tras-denunciar-un-abuso-en-cordoba-saname-la-vida\/#primaryimage","url":"https:\/\/i0.wp.com\/elregionalvm.com.ar\/noticias-villa-maria\/wp-content\/uploads\/2022\/01\/RJHGHEAGZRECDNHEIJAW6EZA4I.jpg?fit=420%2C210&ssl=1","contentUrl":"https:\/\/i0.wp.com\/elregionalvm.com.ar\/noticias-villa-maria\/wp-content\/uploads\/2022\/01\/RJHGHEAGZRECDNHEIJAW6EZA4I.jpg?fit=420%2C210&ssl=1","width":420,"height":210},{"@type":"BreadcrumbList","@id":"http:\/\/elregionalvm.com.ar\/noticias-villa-maria\/el-ultimo-mensaje-de-la-bombera-que-se-suicido-tras-denunciar-un-abuso-en-cordoba-saname-la-vida\/#breadcrumb","itemListElement":[{"@type":"ListItem","position":1,"name":"Portada","item":"https:\/\/elregionalvm.com.ar\/noticias-villa-maria\/"},{"@type":"ListItem","position":2,"name":"El \u00faltimo mensaje de la bombera que se suicid\u00f3 tras denunciar un abuso en C\u00f3rdoba: \u201cSaname la vida\u201d"}]},{"@type":"WebSite","@id":"http:\/\/elregionalvm.com.ar\/noticias-villa-maria\/#website","url":"http:\/\/elregionalvm.com.ar\/noticias-villa-maria\/","name":"El Regional","description":"Mucho m\u00e1s que informaci\u00f3n","potentialAction":[{"@type":"SearchAction","target":{"@type":"EntryPoint","urlTemplate":"http:\/\/elregionalvm.com.ar\/noticias-villa-maria\/?s={search_term_string}"},"query-input":{"@type":"PropertyValueSpecification","valueRequired":true,"valueName":"search_term_string"}}],"inLanguage":"es"},{"@type":"Person","@id":"http:\/\/elregionalvm.com.ar\/noticias-villa-maria\/#\/schema\/person\/a0fb9c422317faca23d50163151bc354","name":"Contenidos El Regional","image":{"@type":"ImageObject","inLanguage":"es","@id":"http:\/\/elregionalvm.com.ar\/noticias-villa-maria\/#\/schema\/person\/image\/","url":"https:\/\/secure.gravatar.com\/avatar\/265b27cb2209af7bb3a1318f03305787d7981a5cc6e6cd08fe5a4ecdf99d4b48?s=96&d=mm&r=g","contentUrl":"https:\/\/secure.gravatar.com\/avatar\/265b27cb2209af7bb3a1318f03305787d7981a5cc6e6cd08fe5a4ecdf99d4b48?s=96&d=mm&r=g","caption":"Contenidos El Regional"},"url":"https:\/\/elregionalvm.com.ar\/noticias-villa-maria\/author\/contenido\/"}]}},"jetpack_featured_media_url":"https:\/\/i0.wp.com\/elregionalvm.com.ar\/noticias-villa-maria\/wp-content\/uploads\/2022\/01\/RJHGHEAGZRECDNHEIJAW6EZA4I.jpg?fit=420%2C210&ssl=1","jetpack_sharing_enabled":true,"_links":{"self":[{"href":"https:\/\/elregionalvm.com.ar\/noticias-villa-maria\/wp-json\/wp\/v2\/posts\/51652","targetHints":{"allow":["GET"]}}],"collection":[{"href":"https:\/\/elregionalvm.com.ar\/noticias-villa-maria\/wp-json\/wp\/v2\/posts"}],"about":[{"href":"https:\/\/elregionalvm.com.ar\/noticias-villa-maria\/wp-json\/wp\/v2\/types\/post"}],"author":[{"embeddable":true,"href":"https:\/\/elregionalvm.com.ar\/noticias-villa-maria\/wp-json\/wp\/v2\/users\/4"}],"replies":[{"embeddable":true,"href":"https:\/\/elregionalvm.com.ar\/noticias-villa-maria\/wp-json\/wp\/v2\/comments?post=51652"}],"version-history":[{"count":1,"href":"https:\/\/elregionalvm.com.ar\/noticias-villa-maria\/wp-json\/wp\/v2\/posts\/51652\/revisions"}],"predecessor-version":[{"id":51654,"href":"https:\/\/elregionalvm.com.ar\/noticias-villa-maria\/wp-json\/wp\/v2\/posts\/51652\/revisions\/51654"}],"wp:featuredmedia":[{"embeddable":true,"href":"https:\/\/elregionalvm.com.ar\/noticias-villa-maria\/wp-json\/wp\/v2\/media\/51653"}],"wp:attachment":[{"href":"https:\/\/elregionalvm.com.ar\/noticias-villa-maria\/wp-json\/wp\/v2\/media?parent=51652"}],"wp:term":[{"taxonomy":"category","embeddable":true,"href":"https:\/\/elregionalvm.com.ar\/noticias-villa-maria\/wp-json\/wp\/v2\/categories?post=51652"},{"taxonomy":"post_tag","embeddable":true,"href":"https:\/\/elregionalvm.com.ar\/noticias-villa-maria\/wp-json\/wp\/v2\/tags?post=51652"}],"curies":[{"name":"wp","href":"https:\/\/api.w.org\/{rel}","templated":true}]}}