{"id":51655,"date":"2022-01-24T22:23:46","date_gmt":"2022-01-24T22:23:46","guid":{"rendered":"https:\/\/elregionalvm.com.ar\/noticias-villa-maria\/?p=51655"},"modified":"2022-01-24T22:23:47","modified_gmt":"2022-01-24T22:23:47","slug":"gill-visito-el-nuevo-espacio-de-coworking-que-esta-proximo-a-inaugurarse-en-el-parque-industrial-logistico-y-tecnologico","status":"publish","type":"post","link":"https:\/\/elregionalvm.com.ar\/noticias-villa-maria\/gill-visito-el-nuevo-espacio-de-coworking-que-esta-proximo-a-inaugurarse-en-el-parque-industrial-logistico-y-tecnologico\/","title":{"rendered":"Gill visit\u00f3 el nuevo espacio de coworking que est\u00e1 pr\u00f3ximo a inaugurarse en el Parque Industrial, Log\u00edstico y Tecnol\u00f3gico"},"content":{"rendered":"\n<h3 class=\"wp-block-heading\">El intendente Mart\u00edn Gill visit\u00f3 las nuevas instalaciones donde el Parque Industrial, Log\u00edstico y Tecnol\u00f3gico (PILT) construye su espacio de coworking, muy pr\u00f3ximo a inaugurarse, con el que el predio suma un nuevo y destacado servicio a quienes requieren un ambiente de trabajo dotado con toda la infraestructura tecnol\u00f3gica.<\/h3>\n\n\n\n<p><\/p>\n\n\n\n<p>En este sentido, el mandatario resalt\u00f3 que se trata de \u201cun espacio para las nuevas tecnolog\u00edas, para la existencia de la innovaci\u00f3n y de la creatividad dispuestas para la creaci\u00f3n de nuevas fuentes de trabajo\u201d.<\/p>\n\n\n\n<p>Gill recorri\u00f3 el espacio junto al presidente de la entidad, Carlos Pizzorno, y al jefe de Gabinete, H\u00e9ctor Mu\u00f1oz. \u201cEl Parque Industrial, Log\u00edstico y Tecnol\u00f3gico es uno de los motivos de orgullo de nuestra ciudad, es uno de los motores que hace de nuestra Villa Mar\u00eda una ciudad pujante, con trabajo, una Villa Mar\u00eda donde el capital y la industria se unen para lograr el crecimiento sustentable\u201d, subray\u00f3.<\/p>\n\n\n\n<p>El nuevo espacio compartido de trabajo contar\u00e1 con 16 puestos individuales y dos boxes semiprivados para ser utilizados por tres personas. Tambi\u00e9n cuenta con un sector com\u00fan para la recepci\u00f3n de clientes y una sala de reuniones privada con capacidad para hasta ocho personas.<\/p>\n\n\n\n<p>El edificio donde funcionar\u00e1 muy pronto el espacio de coworking ya fue dotado con diferentes tipos de instalaciones, desde tendido el\u00e9ctrico, equipos de climatizaci\u00f3n y c\u00e1maras de seguridad hasta sistema de Wifi 6 de \u00faltima generaci\u00f3n y mobiliario.<\/p>\n\n\n\n<p>Otro detalle en la infraestructura es la dotaci\u00f3n de minilockers para el guardado de pertenencias, como as\u00ed tambi\u00e9n la disposici\u00f3n de recursos inform\u00e1ticos y audiovisuales para los usuarios. Adem\u00e1s, el espacio contar\u00e1 con una cafeter\u00eda.<\/p>\n","protected":false},"excerpt":{"rendered":"<p>El intendente Mart\u00edn Gill visit\u00f3 las nuevas instalaciones donde el Parque Industrial, Log\u00edstico y Tecnol\u00f3gico (PILT) construye su espacio de coworking, muy pr\u00f3ximo a inaugurarse, con el que el predio suma un nuevo y destacado servicio a quienes requieren un ambiente de trabajo dotado con toda la infraestructura tecnol\u00f3gica. En este sentido, el mandatario resalt\u00f3 [&hellip;]<\/p>\n","protected":false},"author":4,"featured_media":51656,"comment_status":"open","ping_status":"open","sticky":false,"template":"","format":"standard","meta":{"site-sidebar-layout":"default","site-content-layout":"default","ast-site-content-layout":"default","site-content-style":"default","site-sidebar-style":"default","ast-global-header-display":"","ast-banner-title-visibility":"","ast-main-header-display":"","ast-hfb-above-header-display":"","ast-hfb-below-header-display":"","ast-hfb-mobile-header-display":"","site-post-title":"","ast-breadcrumbs-content":"","ast-featured-img":"","footer-sml-layout":"","ast-disable-related-posts":"","theme-transparent-header-meta":"default","adv-header-id-meta":"","stick-header-meta":"","header-above-stick-meta":"","header-main-stick-meta":"","header-below-stick-meta":"","astra-migrate-meta-layouts":"default","ast-page-background-enabled":"default","ast-page-background-meta":{"desktop":{"background-color":"","background-image":"","background-repeat":"repeat","background-position":"center center","background-size":"auto","background-attachment":"scroll","background-type":"","background-media":"","overlay-type":"","overlay-color":"","overlay-opacity":"","overlay-gradient":""},"tablet":{"background-color":"","background-image":"","background-repeat":"repeat","background-position":"center center","background-size":"auto","background-attachment":"scroll","background-type":"","background-media":"","overlay-type":"","overlay-color":"","overlay-opacity":"","overlay-gradient":""},"mobile":{"background-color":"","background-image":"","background-repeat":"repeat","background-position":"center center","background-size":"auto","background-attachment":"scroll","background-type":"","background-media":"","overlay-type":"","overlay-color":"","overlay-opacity":"","overlay-gradient":""}},"ast-content-background-meta":{"desktop":{"background-color":"var(--ast-global-color-5)","background-image":"","background-repeat":"repeat","background-position":"center center","background-size":"auto","background-attachment":"scroll","background-type":"","background-media":"","overlay-type":"","overlay-color":"","overlay-opacity":"","overlay-gradient":""},"tablet":{"background-color":"var(--ast-global-color-5)","background-image":"","background-repeat":"repeat","background-position":"center center","background-size":"auto","background-attachment":"scroll","background-type":"","background-media":"","overlay-type":"","overlay-color":"","overlay-opacity":"","overlay-gradient":""},"mobile":{"background-color":"var(--ast-global-color-5)","background-image":"","background-repeat":"repeat","background-position":"center center","background-size":"auto","background-attachment":"scroll","background-type":"","background-media":"","overlay-type":"","overlay-color":"","overlay-opacity":"","overlay-gradient":""}},"_jetpack_memberships_contains_paid_content":false,"_joinchat":[],"footnotes":""},"categories":[2],"tags":[1232],"class_list":["post-51655","post","type-post","status-publish","format-standard","has-post-thumbnail","hentry","category-villa-maria","tag-destacado"],"yoast_head":"<!-- This site is optimized with the Yoast SEO plugin v26.8 - https:\/\/yoast.com\/product\/yoast-seo-wordpress\/ -->\n<title>Gill visit\u00f3 el nuevo espacio de coworking que est\u00e1 pr\u00f3ximo a inaugurarse en el Parque Industrial, Log\u00edstico y Tecnol\u00f3gico - El Regional<\/title>\n<meta name=\"robots\" content=\"index, follow, max-snippet:-1, max-image-preview:large, max-video-preview:-1\" \/>\n<link rel=\"canonical\" href=\"http:\/\/elregionalvm.com.ar\/noticias-villa-maria\/gill-visito-el-nuevo-espacio-de-coworking-que-esta-proximo-a-inaugurarse-en-el-parque-industrial-logistico-y-tecnologico\/\" \/>\n<meta property=\"og:locale\" content=\"es_ES\" \/>\n<meta property=\"og:type\" content=\"article\" \/>\n<meta property=\"og:title\" content=\"Gill visit\u00f3 el nuevo espacio de coworking que est\u00e1 pr\u00f3ximo a inaugurarse en el Parque Industrial, Log\u00edstico y Tecnol\u00f3gico - El Regional\" \/>\n<meta property=\"og:description\" content=\"El intendente Mart\u00edn Gill visit\u00f3 las nuevas instalaciones donde el Parque Industrial, Log\u00edstico y Tecnol\u00f3gico (PILT) construye su espacio de coworking, muy pr\u00f3ximo a inaugurarse, con el que el predio suma un nuevo y destacado servicio a quienes requieren un ambiente de trabajo dotado con toda la infraestructura tecnol\u00f3gica. En este sentido, el mandatario resalt\u00f3 [&hellip;]\" \/>\n<meta property=\"og:url\" content=\"http:\/\/elregionalvm.com.ar\/noticias-villa-maria\/gill-visito-el-nuevo-espacio-de-coworking-que-esta-proximo-a-inaugurarse-en-el-parque-industrial-logistico-y-tecnologico\/\" \/>\n<meta property=\"og:site_name\" content=\"El Regional\" \/>\n<meta property=\"article:publisher\" content=\"https:\/\/www.facebook.com\/elregionalvm\" \/>\n<meta property=\"article:published_time\" content=\"2022-01-24T22:23:46+00:00\" \/>\n<meta property=\"article:modified_time\" content=\"2022-01-24T22:23:47+00:00\" \/>\n<meta property=\"og:image\" content=\"http:\/\/elregionalvm.com.ar\/noticias-villa-maria\/wp-content\/uploads\/2022\/01\/2df8450b-e133-4f07-9904-119f3f531d46.jpg\" \/>\n\t<meta property=\"og:image:width\" content=\"1280\" \/>\n\t<meta property=\"og:image:height\" content=\"853\" \/>\n\t<meta property=\"og:image:type\" content=\"image\/jpeg\" \/>\n<meta name=\"author\" content=\"Contenidos El Regional\" \/>\n<meta name=\"twitter:card\" content=\"summary_large_image\" \/>\n<meta name=\"twitter:creator\" content=\"@elregionalvm1\" \/>\n<meta name=\"twitter:site\" content=\"@elregionalvm1\" \/>\n<meta name=\"twitter:label1\" content=\"Escrito por\" \/>\n\t<meta name=\"twitter:data1\" content=\"Contenidos El Regional\" \/>\n\t<meta name=\"twitter:label2\" content=\"Tiempo de lectura\" \/>\n\t<meta name=\"twitter:data2\" content=\"2 minutos\" \/>\n<script type=\"application\/ld+json\" class=\"yoast-schema-graph\">{\"@context\":\"https:\/\/schema.org\",\"@graph\":[{\"@type\":\"Article\",\"@id\":\"http:\/\/elregionalvm.com.ar\/noticias-villa-maria\/gill-visito-el-nuevo-espacio-de-coworking-que-esta-proximo-a-inaugurarse-en-el-parque-industrial-logistico-y-tecnologico\/#article\",\"isPartOf\":{\"@id\":\"http:\/\/elregionalvm.com.ar\/noticias-villa-maria\/gill-visito-el-nuevo-espacio-de-coworking-que-esta-proximo-a-inaugurarse-en-el-parque-industrial-logistico-y-tecnologico\/\"},\"author\":{\"name\":\"Contenidos El Regional\",\"@id\":\"http:\/\/elregionalvm.com.ar\/noticias-villa-maria\/#\/schema\/person\/a0fb9c422317faca23d50163151bc354\"},\"headline\":\"Gill visit\u00f3 el nuevo espacio de coworking que est\u00e1 pr\u00f3ximo a inaugurarse en el Parque Industrial, Log\u00edstico y Tecnol\u00f3gico\",\"datePublished\":\"2022-01-24T22:23:46+00:00\",\"dateModified\":\"2022-01-24T22:23:47+00:00\",\"mainEntityOfPage\":{\"@id\":\"http:\/\/elregionalvm.com.ar\/noticias-villa-maria\/gill-visito-el-nuevo-espacio-de-coworking-que-esta-proximo-a-inaugurarse-en-el-parque-industrial-logistico-y-tecnologico\/\"},\"wordCount\":316,\"commentCount\":0,\"image\":{\"@id\":\"http:\/\/elregionalvm.com.ar\/noticias-villa-maria\/gill-visito-el-nuevo-espacio-de-coworking-que-esta-proximo-a-inaugurarse-en-el-parque-industrial-logistico-y-tecnologico\/#primaryimage\"},\"thumbnailUrl\":\"https:\/\/i0.wp.com\/elregionalvm.com.ar\/noticias-villa-maria\/wp-content\/uploads\/2022\/01\/2df8450b-e133-4f07-9904-119f3f531d46.jpg?fit=1280%2C853&ssl=1\",\"keywords\":[\"destacado\"],\"articleSection\":[\"Villa Mar\u00eda\"],\"inLanguage\":\"es\",\"potentialAction\":[{\"@type\":\"CommentAction\",\"name\":\"Comment\",\"target\":[\"http:\/\/elregionalvm.com.ar\/noticias-villa-maria\/gill-visito-el-nuevo-espacio-de-coworking-que-esta-proximo-a-inaugurarse-en-el-parque-industrial-logistico-y-tecnologico\/#respond\"]}]},{\"@type\":\"WebPage\",\"@id\":\"http:\/\/elregionalvm.com.ar\/noticias-villa-maria\/gill-visito-el-nuevo-espacio-de-coworking-que-esta-proximo-a-inaugurarse-en-el-parque-industrial-logistico-y-tecnologico\/\",\"url\":\"http:\/\/elregionalvm.com.ar\/noticias-villa-maria\/gill-visito-el-nuevo-espacio-de-coworking-que-esta-proximo-a-inaugurarse-en-el-parque-industrial-logistico-y-tecnologico\/\",\"name\":\"Gill visit\u00f3 el nuevo espacio de coworking que est\u00e1 pr\u00f3ximo a inaugurarse en el Parque Industrial, Log\u00edstico y Tecnol\u00f3gico - El Regional\",\"isPartOf\":{\"@id\":\"http:\/\/elregionalvm.com.ar\/noticias-villa-maria\/#website\"},\"primaryImageOfPage\":{\"@id\":\"http:\/\/elregionalvm.com.ar\/noticias-villa-maria\/gill-visito-el-nuevo-espacio-de-coworking-que-esta-proximo-a-inaugurarse-en-el-parque-industrial-logistico-y-tecnologico\/#primaryimage\"},\"image\":{\"@id\":\"http:\/\/elregionalvm.com.ar\/noticias-villa-maria\/gill-visito-el-nuevo-espacio-de-coworking-que-esta-proximo-a-inaugurarse-en-el-parque-industrial-logistico-y-tecnologico\/#primaryimage\"},\"thumbnailUrl\":\"https:\/\/i0.wp.com\/elregionalvm.com.ar\/noticias-villa-maria\/wp-content\/uploads\/2022\/01\/2df8450b-e133-4f07-9904-119f3f531d46.jpg?fit=1280%2C853&ssl=1\",\"datePublished\":\"2022-01-24T22:23:46+00:00\",\"dateModified\":\"2022-01-24T22:23:47+00:00\",\"author\":{\"@id\":\"http:\/\/elregionalvm.com.ar\/noticias-villa-maria\/#\/schema\/person\/a0fb9c422317faca23d50163151bc354\"},\"breadcrumb\":{\"@id\":\"http:\/\/elregionalvm.com.ar\/noticias-villa-maria\/gill-visito-el-nuevo-espacio-de-coworking-que-esta-proximo-a-inaugurarse-en-el-parque-industrial-logistico-y-tecnologico\/#breadcrumb\"},\"inLanguage\":\"es\",\"potentialAction\":[{\"@type\":\"ReadAction\",\"target\":[\"http:\/\/elregionalvm.com.ar\/noticias-villa-maria\/gill-visito-el-nuevo-espacio-de-coworking-que-esta-proximo-a-inaugurarse-en-el-parque-industrial-logistico-y-tecnologico\/\"]}]},{\"@type\":\"ImageObject\",\"inLanguage\":\"es\",\"@id\":\"http:\/\/elregionalvm.com.ar\/noticias-villa-maria\/gill-visito-el-nuevo-espacio-de-coworking-que-esta-proximo-a-inaugurarse-en-el-parque-industrial-logistico-y-tecnologico\/#primaryimage\",\"url\":\"https:\/\/i0.wp.com\/elregionalvm.com.ar\/noticias-villa-maria\/wp-content\/uploads\/2022\/01\/2df8450b-e133-4f07-9904-119f3f531d46.jpg?fit=1280%2C853&ssl=1\",\"contentUrl\":\"https:\/\/i0.wp.com\/elregionalvm.com.ar\/noticias-villa-maria\/wp-content\/uploads\/2022\/01\/2df8450b-e133-4f07-9904-119f3f531d46.jpg?fit=1280%2C853&ssl=1\",\"width\":1280,\"height\":853},{\"@type\":\"BreadcrumbList\",\"@id\":\"http:\/\/elregionalvm.com.ar\/noticias-villa-maria\/gill-visito-el-nuevo-espacio-de-coworking-que-esta-proximo-a-inaugurarse-en-el-parque-industrial-logistico-y-tecnologico\/#breadcrumb\",\"itemListElement\":[{\"@type\":\"ListItem\",\"position\":1,\"name\":\"Portada\",\"item\":\"https:\/\/elregionalvm.com.ar\/noticias-villa-maria\/\"},{\"@type\":\"ListItem\",\"position\":2,\"name\":\"Gill visit\u00f3 el nuevo espacio de coworking que est\u00e1 pr\u00f3ximo a inaugurarse en el Parque Industrial, Log\u00edstico y Tecnol\u00f3gico\"}]},{\"@type\":\"WebSite\",\"@id\":\"http:\/\/elregionalvm.com.ar\/noticias-villa-maria\/#website\",\"url\":\"http:\/\/elregionalvm.com.ar\/noticias-villa-maria\/\",\"name\":\"El Regional\",\"description\":\"Mucho m\u00e1s que informaci\u00f3n\",\"potentialAction\":[{\"@type\":\"SearchAction\",\"target\":{\"@type\":\"EntryPoint\",\"urlTemplate\":\"http:\/\/elregionalvm.com.ar\/noticias-villa-maria\/?s={search_term_string}\"},\"query-input\":{\"@type\":\"PropertyValueSpecification\",\"valueRequired\":true,\"valueName\":\"search_term_string\"}}],\"inLanguage\":\"es\"},{\"@type\":\"Person\",\"@id\":\"http:\/\/elregionalvm.com.ar\/noticias-villa-maria\/#\/schema\/person\/a0fb9c422317faca23d50163151bc354\",\"name\":\"Contenidos El Regional\",\"image\":{\"@type\":\"ImageObject\",\"inLanguage\":\"es\",\"@id\":\"http:\/\/elregionalvm.com.ar\/noticias-villa-maria\/#\/schema\/person\/image\/\",\"url\":\"https:\/\/secure.gravatar.com\/avatar\/265b27cb2209af7bb3a1318f03305787d7981a5cc6e6cd08fe5a4ecdf99d4b48?s=96&d=mm&r=g\",\"contentUrl\":\"https:\/\/secure.gravatar.com\/avatar\/265b27cb2209af7bb3a1318f03305787d7981a5cc6e6cd08fe5a4ecdf99d4b48?s=96&d=mm&r=g\",\"caption\":\"Contenidos El Regional\"},\"url\":\"https:\/\/elregionalvm.com.ar\/noticias-villa-maria\/author\/contenido\/\"}]}<\/script>\n<!-- \/ Yoast SEO plugin. -->","yoast_head_json":{"title":"Gill visit\u00f3 el nuevo espacio de coworking que est\u00e1 pr\u00f3ximo a inaugurarse en el Parque Industrial, Log\u00edstico y Tecnol\u00f3gico - El Regional","robots":{"index":"index","follow":"follow","max-snippet":"max-snippet:-1","max-image-preview":"max-image-preview:large","max-video-preview":"max-video-preview:-1"},"canonical":"http:\/\/elregionalvm.com.ar\/noticias-villa-maria\/gill-visito-el-nuevo-espacio-de-coworking-que-esta-proximo-a-inaugurarse-en-el-parque-industrial-logistico-y-tecnologico\/","og_locale":"es_ES","og_type":"article","og_title":"Gill visit\u00f3 el nuevo espacio de coworking que est\u00e1 pr\u00f3ximo a inaugurarse en el Parque Industrial, Log\u00edstico y Tecnol\u00f3gico - El Regional","og_description":"El intendente Mart\u00edn Gill visit\u00f3 las nuevas instalaciones donde el Parque Industrial, Log\u00edstico y Tecnol\u00f3gico (PILT) construye su espacio de coworking, muy pr\u00f3ximo a inaugurarse, con el que el predio suma un nuevo y destacado servicio a quienes requieren un ambiente de trabajo dotado con toda la infraestructura tecnol\u00f3gica. En este sentido, el mandatario resalt\u00f3 [&hellip;]","og_url":"http:\/\/elregionalvm.com.ar\/noticias-villa-maria\/gill-visito-el-nuevo-espacio-de-coworking-que-esta-proximo-a-inaugurarse-en-el-parque-industrial-logistico-y-tecnologico\/","og_site_name":"El Regional","article_publisher":"https:\/\/www.facebook.com\/elregionalvm","article_published_time":"2022-01-24T22:23:46+00:00","article_modified_time":"2022-01-24T22:23:47+00:00","og_image":[{"width":1280,"height":853,"url":"http:\/\/elregionalvm.com.ar\/noticias-villa-maria\/wp-content\/uploads\/2022\/01\/2df8450b-e133-4f07-9904-119f3f531d46.jpg","type":"image\/jpeg"}],"author":"Contenidos El Regional","twitter_card":"summary_large_image","twitter_creator":"@elregionalvm1","twitter_site":"@elregionalvm1","twitter_misc":{"Escrito por":"Contenidos El Regional","Tiempo de lectura":"2 minutos"},"schema":{"@context":"https:\/\/schema.org","@graph":[{"@type":"Article","@id":"http:\/\/elregionalvm.com.ar\/noticias-villa-maria\/gill-visito-el-nuevo-espacio-de-coworking-que-esta-proximo-a-inaugurarse-en-el-parque-industrial-logistico-y-tecnologico\/#article","isPartOf":{"@id":"http:\/\/elregionalvm.com.ar\/noticias-villa-maria\/gill-visito-el-nuevo-espacio-de-coworking-que-esta-proximo-a-inaugurarse-en-el-parque-industrial-logistico-y-tecnologico\/"},"author":{"name":"Contenidos El Regional","@id":"http:\/\/elregionalvm.com.ar\/noticias-villa-maria\/#\/schema\/person\/a0fb9c422317faca23d50163151bc354"},"headline":"Gill visit\u00f3 el nuevo espacio de coworking que est\u00e1 pr\u00f3ximo a inaugurarse en el Parque Industrial, Log\u00edstico y Tecnol\u00f3gico","datePublished":"2022-01-24T22:23:46+00:00","dateModified":"2022-01-24T22:23:47+00:00","mainEntityOfPage":{"@id":"http:\/\/elregionalvm.com.ar\/noticias-villa-maria\/gill-visito-el-nuevo-espacio-de-coworking-que-esta-proximo-a-inaugurarse-en-el-parque-industrial-logistico-y-tecnologico\/"},"wordCount":316,"commentCount":0,"image":{"@id":"http:\/\/elregionalvm.com.ar\/noticias-villa-maria\/gill-visito-el-nuevo-espacio-de-coworking-que-esta-proximo-a-inaugurarse-en-el-parque-industrial-logistico-y-tecnologico\/#primaryimage"},"thumbnailUrl":"https:\/\/i0.wp.com\/elregionalvm.com.ar\/noticias-villa-maria\/wp-content\/uploads\/2022\/01\/2df8450b-e133-4f07-9904-119f3f531d46.jpg?fit=1280%2C853&ssl=1","keywords":["destacado"],"articleSection":["Villa Mar\u00eda"],"inLanguage":"es","potentialAction":[{"@type":"CommentAction","name":"Comment","target":["http:\/\/elregionalvm.com.ar\/noticias-villa-maria\/gill-visito-el-nuevo-espacio-de-coworking-que-esta-proximo-a-inaugurarse-en-el-parque-industrial-logistico-y-tecnologico\/#respond"]}]},{"@type":"WebPage","@id":"http:\/\/elregionalvm.com.ar\/noticias-villa-maria\/gill-visito-el-nuevo-espacio-de-coworking-que-esta-proximo-a-inaugurarse-en-el-parque-industrial-logistico-y-tecnologico\/","url":"http:\/\/elregionalvm.com.ar\/noticias-villa-maria\/gill-visito-el-nuevo-espacio-de-coworking-que-esta-proximo-a-inaugurarse-en-el-parque-industrial-logistico-y-tecnologico\/","name":"Gill visit\u00f3 el nuevo espacio de coworking que est\u00e1 pr\u00f3ximo a inaugurarse en el Parque Industrial, Log\u00edstico y Tecnol\u00f3gico - El Regional","isPartOf":{"@id":"http:\/\/elregionalvm.com.ar\/noticias-villa-maria\/#website"},"primaryImageOfPage":{"@id":"http:\/\/elregionalvm.com.ar\/noticias-villa-maria\/gill-visito-el-nuevo-espacio-de-coworking-que-esta-proximo-a-inaugurarse-en-el-parque-industrial-logistico-y-tecnologico\/#primaryimage"},"image":{"@id":"http:\/\/elregionalvm.com.ar\/noticias-villa-maria\/gill-visito-el-nuevo-espacio-de-coworking-que-esta-proximo-a-inaugurarse-en-el-parque-industrial-logistico-y-tecnologico\/#primaryimage"},"thumbnailUrl":"https:\/\/i0.wp.com\/elregionalvm.com.ar\/noticias-villa-maria\/wp-content\/uploads\/2022\/01\/2df8450b-e133-4f07-9904-119f3f531d46.jpg?fit=1280%2C853&ssl=1","datePublished":"2022-01-24T22:23:46+00:00","dateModified":"2022-01-24T22:23:47+00:00","author":{"@id":"http:\/\/elregionalvm.com.ar\/noticias-villa-maria\/#\/schema\/person\/a0fb9c422317faca23d50163151bc354"},"breadcrumb":{"@id":"http:\/\/elregionalvm.com.ar\/noticias-villa-maria\/gill-visito-el-nuevo-espacio-de-coworking-que-esta-proximo-a-inaugurarse-en-el-parque-industrial-logistico-y-tecnologico\/#breadcrumb"},"inLanguage":"es","potentialAction":[{"@type":"ReadAction","target":["http:\/\/elregionalvm.com.ar\/noticias-villa-maria\/gill-visito-el-nuevo-espacio-de-coworking-que-esta-proximo-a-inaugurarse-en-el-parque-industrial-logistico-y-tecnologico\/"]}]},{"@type":"ImageObject","inLanguage":"es","@id":"http:\/\/elregionalvm.com.ar\/noticias-villa-maria\/gill-visito-el-nuevo-espacio-de-coworking-que-esta-proximo-a-inaugurarse-en-el-parque-industrial-logistico-y-tecnologico\/#primaryimage","url":"https:\/\/i0.wp.com\/elregionalvm.com.ar\/noticias-villa-maria\/wp-content\/uploads\/2022\/01\/2df8450b-e133-4f07-9904-119f3f531d46.jpg?fit=1280%2C853&ssl=1","contentUrl":"https:\/\/i0.wp.com\/elregionalvm.com.ar\/noticias-villa-maria\/wp-content\/uploads\/2022\/01\/2df8450b-e133-4f07-9904-119f3f531d46.jpg?fit=1280%2C853&ssl=1","width":1280,"height":853},{"@type":"BreadcrumbList","@id":"http:\/\/elregionalvm.com.ar\/noticias-villa-maria\/gill-visito-el-nuevo-espacio-de-coworking-que-esta-proximo-a-inaugurarse-en-el-parque-industrial-logistico-y-tecnologico\/#breadcrumb","itemListElement":[{"@type":"ListItem","position":1,"name":"Portada","item":"https:\/\/elregionalvm.com.ar\/noticias-villa-maria\/"},{"@type":"ListItem","position":2,"name":"Gill visit\u00f3 el nuevo espacio de coworking que est\u00e1 pr\u00f3ximo a inaugurarse en el Parque Industrial, Log\u00edstico y Tecnol\u00f3gico"}]},{"@type":"WebSite","@id":"http:\/\/elregionalvm.com.ar\/noticias-villa-maria\/#website","url":"http:\/\/elregionalvm.com.ar\/noticias-villa-maria\/","name":"El Regional","description":"Mucho m\u00e1s que informaci\u00f3n","potentialAction":[{"@type":"SearchAction","target":{"@type":"EntryPoint","urlTemplate":"http:\/\/elregionalvm.com.ar\/noticias-villa-maria\/?s={search_term_string}"},"query-input":{"@type":"PropertyValueSpecification","valueRequired":true,"valueName":"search_term_string"}}],"inLanguage":"es"},{"@type":"Person","@id":"http:\/\/elregionalvm.com.ar\/noticias-villa-maria\/#\/schema\/person\/a0fb9c422317faca23d50163151bc354","name":"Contenidos El Regional","image":{"@type":"ImageObject","inLanguage":"es","@id":"http:\/\/elregionalvm.com.ar\/noticias-villa-maria\/#\/schema\/person\/image\/","url":"https:\/\/secure.gravatar.com\/avatar\/265b27cb2209af7bb3a1318f03305787d7981a5cc6e6cd08fe5a4ecdf99d4b48?s=96&d=mm&r=g","contentUrl":"https:\/\/secure.gravatar.com\/avatar\/265b27cb2209af7bb3a1318f03305787d7981a5cc6e6cd08fe5a4ecdf99d4b48?s=96&d=mm&r=g","caption":"Contenidos El Regional"},"url":"https:\/\/elregionalvm.com.ar\/noticias-villa-maria\/author\/contenido\/"}]}},"jetpack_featured_media_url":"https:\/\/i0.wp.com\/elregionalvm.com.ar\/noticias-villa-maria\/wp-content\/uploads\/2022\/01\/2df8450b-e133-4f07-9904-119f3f531d46.jpg?fit=1280%2C853&ssl=1","jetpack_sharing_enabled":true,"_links":{"self":[{"href":"https:\/\/elregionalvm.com.ar\/noticias-villa-maria\/wp-json\/wp\/v2\/posts\/51655","targetHints":{"allow":["GET"]}}],"collection":[{"href":"https:\/\/elregionalvm.com.ar\/noticias-villa-maria\/wp-json\/wp\/v2\/posts"}],"about":[{"href":"https:\/\/elregionalvm.com.ar\/noticias-villa-maria\/wp-json\/wp\/v2\/types\/post"}],"author":[{"embeddable":true,"href":"https:\/\/elregionalvm.com.ar\/noticias-villa-maria\/wp-json\/wp\/v2\/users\/4"}],"replies":[{"embeddable":true,"href":"https:\/\/elregionalvm.com.ar\/noticias-villa-maria\/wp-json\/wp\/v2\/comments?post=51655"}],"version-history":[{"count":1,"href":"https:\/\/elregionalvm.com.ar\/noticias-villa-maria\/wp-json\/wp\/v2\/posts\/51655\/revisions"}],"predecessor-version":[{"id":51657,"href":"https:\/\/elregionalvm.com.ar\/noticias-villa-maria\/wp-json\/wp\/v2\/posts\/51655\/revisions\/51657"}],"wp:featuredmedia":[{"embeddable":true,"href":"https:\/\/elregionalvm.com.ar\/noticias-villa-maria\/wp-json\/wp\/v2\/media\/51656"}],"wp:attachment":[{"href":"https:\/\/elregionalvm.com.ar\/noticias-villa-maria\/wp-json\/wp\/v2\/media?parent=51655"}],"wp:term":[{"taxonomy":"category","embeddable":true,"href":"https:\/\/elregionalvm.com.ar\/noticias-villa-maria\/wp-json\/wp\/v2\/categories?post=51655"},{"taxonomy":"post_tag","embeddable":true,"href":"https:\/\/elregionalvm.com.ar\/noticias-villa-maria\/wp-json\/wp\/v2\/tags?post=51655"}],"curies":[{"name":"wp","href":"https:\/\/api.w.org\/{rel}","templated":true}]}}