{"id":51677,"date":"2022-01-25T10:34:53","date_gmt":"2022-01-25T10:34:53","guid":{"rendered":"https:\/\/elregionalvm.com.ar\/noticias-villa-maria\/?p=51677"},"modified":"2022-01-25T10:39:58","modified_gmt":"2022-01-25T10:39:58","slug":"historias-cambiar-de-padre","status":"publish","type":"post","link":"https:\/\/elregionalvm.com.ar\/noticias-villa-maria\/historias-cambiar-de-padre\/","title":{"rendered":"[Historias] Cambiar de padre"},"content":{"rendered":"\n<h3 class=\"wp-block-heading\">Bruno Conti, era un tano extremadamente travieso. Vago e imaginativo como pocos y siempre dispuesto a enganchar a qui\u00e9n se le cruzara. La cuesti\u00f3n era sobrevivir sin importarle los medios. <\/h3>\n\n\n\n<p><\/p>\n\n\n\n<p>Escribe: <strong>Miguel Andreis<\/strong><\/p>\n\n\n\n<p>En las d\u00e9cadas del cincuenta y sesenta era muy com\u00fan que en pleno centro de la villa, por la avenida Irigoyen, y cerca de la estaci\u00f3n de colectivos, se movilizaran incontables vendedores ambulantes, ofreciendo los productos m\u00e1s impensados. Muchos de los \u201cofertadores\u201d oficiaban de grupines en los remates que se realizaban semanalmente.<strong> Eran los encargados de levantar los precios del objeto en subasta<\/strong> donde la principal clientela se nutr\u00eda de los campesinos de la zona o los que se bajaban del tren.<\/p>\n\n\n\n<p>Por all\u00ed sol\u00eda verse a un hombre con una v\u00edbora enroscada al cuello, con una valija cargada de chucher\u00edas que eran desde relojes que funcionaban, en el mejor de los casos, dos d\u00edas, hasta pelapapas inmanejables para los adquirientes. Nada que sirviera. Bruno formaba parte de aquella banda de embaucadores. En la calle Buenos Aires abrieron una sucursal de una importante zapater\u00eda de Buenos Aires. El encargado y los vendedores eran porte\u00f1os y poco conoc\u00edan de la ciudad y sus habitantes.<\/p>\n\n\n\n<p><strong>Eiii \u201cCarpi\u201d \u00bfno quer\u00e9s ganarte unos mangos?<\/strong><\/p>\n\n\n\n<p>Bruno se encontraba seco de ra\u00edz. Apenas unas monedas en el bolsillo no alcanzaban para nada. O tal vez para muy poco. La preocupaci\u00f3n de andar sin efectivo no hubiera significado nada si no fuese que ese fin de semana se casaba la hermana del Toro Furl\u00e1n, chaque\u00f1o que viv\u00eda en Villa Nueva. Conti, precisamente, presum\u00eda a la amiga de la novia. El traje se lo prest\u00f3 un pariente de Chich\u00edn Donoso, aquel famoso lustrabotas que quedara curco por una s\u00edfilis mal curada. El problema se presentaba con los zapatos. No pod\u00eda llegar a la fiesta con los ten\u00eda ya que de abajo andaban bastante flojos de suela, cart\u00f3n con cart\u00f3n y a esquivar los puchos.<strong> El Carpincho, que viv\u00eda con la madre y cinco hermanos, apenas con siete a\u00f1os, se ganaba la vida vendiendo rabanitos y atados de acelga.<\/strong><\/p>\n\n\n\n<div class=\"wp-block-image\"><figure class=\"aligncenter size-full\"><img data-recalc-dims=\"1\" fetchpriority=\"high\" decoding=\"async\" width=\"850\" height=\"783\" src=\"https:\/\/i0.wp.com\/elregionalvm.com.ar\/noticias-villa-maria\/wp-content\/uploads\/2022\/01\/vendedor-ambulante2.jpg?resize=850%2C783&#038;ssl=1\" alt=\"\" class=\"wp-image-51683\" srcset=\"https:\/\/i0.wp.com\/elregionalvm.com.ar\/noticias-villa-maria\/wp-content\/uploads\/2022\/01\/vendedor-ambulante2.jpg?w=850&amp;ssl=1 850w, https:\/\/i0.wp.com\/elregionalvm.com.ar\/noticias-villa-maria\/wp-content\/uploads\/2022\/01\/vendedor-ambulante2.jpg?resize=300%2C276&amp;ssl=1 300w, https:\/\/i0.wp.com\/elregionalvm.com.ar\/noticias-villa-maria\/wp-content\/uploads\/2022\/01\/vendedor-ambulante2.jpg?resize=768%2C707&amp;ssl=1 768w\" sizes=\"(max-width: 850px) 100vw, 850px\" \/><\/figure><\/div>\n\n\n\n<p><\/p>\n\n\n\n<p>Es mi salvaci\u00f3n, pens\u00f3 Bruno al verlo. <em>\u201ceiii Carpi, \u00bfquer\u00e9s ganarte unas chirolas?. Y adem\u00e1s te compro un helado. Te espero esta tarde en la parada de los mateos. Eso s\u00ed, l\u00e1vate bien y p\u00f3nete las mejores pilchas\u201d.<\/em><\/p>\n\n\n\n<p>Las mejores pilchas del Carpincho no variaban mucho de las que portaba. Con las solitarias monedas que le quedaban en el bolsillo le compr\u00f3 (a cambio del helado) dos enormes masas a don Carmelo, parado con su carrito frente a Baravalle.<\/p>\n\n\n\n<p>Enfilaron para la zapater\u00eda de la calle Buenos Aires; <em>\u201cVos entr\u00e1s conmigo, te sent\u00e1s y te quedas piola. No hables ni te muevas\u201d<\/em> le indic\u00f3 Bruno, que pose\u00eda una parla de gran convencimiento. Bien perfumado y con saco Conti era todo un se\u00f1orito. Los sol\u00edcitos vendedores se entrecruzaron para atenderlo. \u201cCarpi\u201d se sent\u00f3 en un rinc\u00f3n y comenz\u00f3 a devorar las masas.<em> \u201cMire, le impuso una tonada bonaerense, estoy de paso y ando buscando unos lindos timbos. Vamos a un casamiento a Oliva, sabe\u2026\u201d.<\/em><\/p>\n\n\n\n<p><strong>Una manera econ\u00f3mica de comprar<\/strong><\/p>\n\n\n\n<p>Una y otra caja bajaban de la estanter\u00eda. Veinte minutos de minuciosa selecci\u00f3n; a cada rato le dirig\u00eda unas palabras a Carpi como para hacerlo participar de la elecci\u00f3n. Bruno se dirigi\u00f3 al encargado dici\u00e9ndole:<em> \u201cTengo a mi se\u00f1ora en el auto estacionado en la esquina y me gustar\u00eda mostr\u00e1rselos para ver cu\u00e1l le gusta. Por favor acomp\u00e1\u00f1eme. Al pibe lo dejo ac\u00e1\u201d<\/em> se\u00f1al\u00f3 mientras apilaba en un rinc\u00f3n a los timbos viejos y se cargaba tres cajas. <em>\u201cVaya nom\u00e1s, faltaba m\u00e1s. Del chico nos encargamos nosotros\u201d<\/em><\/p>\n\n\n\n<p>Pasaron diez minutos, veinte y salieron afuera para ver qu\u00e9 le ocurr\u00eda al comprador que no regresaba. A la media hora ya dieron una vuelta a la manzana. Llegaron a lo Fen\u00e9s y Berrini a preguntar\u2026 Carpincho inmutable y ajeno a la secuencia, jugaba con un calzador. El encargado, que no disimulaba su incomodidad, ya fastidiado pregunt\u00f3:<em> \u201cO\u00edme pibe \u00bfAd\u00f3nde se fue tu pap\u00e1?\u201d \u201cQu\u00e9 s\u00e9 yo, respondi\u00f3, mi vieja cuenta que se fue con otra mina hace mucho\u201d. \u201cPar\u00e1, par\u00e1, c\u00f3mo que se fue con una mina si vos viniste con \u00e9l\u201d. \u201cNo. Ese no es mi viejo, es un tipo que me dijo que si lo acompa\u00f1aba a comprarse zapatos y me regalaba unas masas\u201d\u2026<\/em><\/p>\n","protected":false},"excerpt":{"rendered":"<p>Bruno Conti, era un tano extremadamente travieso. Vago e imaginativo como pocos y siempre dispuesto a enganchar a qui\u00e9n se le cruzara. La cuesti\u00f3n era sobrevivir sin importarle los medios. Escribe: Miguel Andreis En las d\u00e9cadas del cincuenta y sesenta era muy com\u00fan que en pleno centro de la villa, por la avenida Irigoyen, y [&hellip;]<\/p>\n","protected":false},"author":4,"featured_media":51678,"comment_status":"open","ping_status":"open","sticky":false,"template":"","format":"standard","meta":{"site-sidebar-layout":"default","site-content-layout":"default","ast-site-content-layout":"default","site-content-style":"default","site-sidebar-style":"default","ast-global-header-display":"","ast-banner-title-visibility":"","ast-main-header-display":"","ast-hfb-above-header-display":"","ast-hfb-below-header-display":"","ast-hfb-mobile-header-display":"","site-post-title":"","ast-breadcrumbs-content":"","ast-featured-img":"","footer-sml-layout":"","ast-disable-related-posts":"","theme-transparent-header-meta":"default","adv-header-id-meta":"","stick-header-meta":"","header-above-stick-meta":"","header-main-stick-meta":"","header-below-stick-meta":"","astra-migrate-meta-layouts":"default","ast-page-background-enabled":"default","ast-page-background-meta":{"desktop":{"background-color":"","background-image":"","background-repeat":"repeat","background-position":"center center","background-size":"auto","background-attachment":"scroll","background-type":"","background-media":"","overlay-type":"","overlay-color":"","overlay-opacity":"","overlay-gradient":""},"tablet":{"background-color":"","background-image":"","background-repeat":"repeat","background-position":"center center","background-size":"auto","background-attachment":"scroll","background-type":"","background-media":"","overlay-type":"","overlay-color":"","overlay-opacity":"","overlay-gradient":""},"mobile":{"background-color":"","background-image":"","background-repeat":"repeat","background-position":"center center","background-size":"auto","background-attachment":"scroll","background-type":"","background-media":"","overlay-type":"","overlay-color":"","overlay-opacity":"","overlay-gradient":""}},"ast-content-background-meta":{"desktop":{"background-color":"var(--ast-global-color-5)","background-image":"","background-repeat":"repeat","background-position":"center center","background-size":"auto","background-attachment":"scroll","background-type":"","background-media":"","overlay-type":"","overlay-color":"","overlay-opacity":"","overlay-gradient":""},"tablet":{"background-color":"var(--ast-global-color-5)","background-image":"","background-repeat":"repeat","background-position":"center center","background-size":"auto","background-attachment":"scroll","background-type":"","background-media":"","overlay-type":"","overlay-color":"","overlay-opacity":"","overlay-gradient":""},"mobile":{"background-color":"var(--ast-global-color-5)","background-image":"","background-repeat":"repeat","background-position":"center center","background-size":"auto","background-attachment":"scroll","background-type":"","background-media":"","overlay-type":"","overlay-color":"","overlay-opacity":"","overlay-gradient":""}},"_jetpack_memberships_contains_paid_content":false,"_joinchat":[],"footnotes":""},"categories":[2323,9200],"tags":[9041,1386,635],"class_list":["post-51677","post","type-post","status-publish","format-standard","has-post-thumbnail","hentry","category-notas-secundarias","category-puro-cuento","tag-cuentos","tag-historias","tag-miguel-andreis"],"yoast_head":"<!-- This site is optimized with the Yoast SEO plugin v26.8 - https:\/\/yoast.com\/product\/yoast-seo-wordpress\/ -->\n<title>[Historias] Cambiar de padre - El Regional<\/title>\n<meta name=\"robots\" content=\"index, follow, max-snippet:-1, max-image-preview:large, max-video-preview:-1\" \/>\n<link rel=\"canonical\" href=\"http:\/\/elregionalvm.com.ar\/noticias-villa-maria\/historias-cambiar-de-padre\/\" \/>\n<meta property=\"og:locale\" content=\"es_ES\" \/>\n<meta property=\"og:type\" content=\"article\" \/>\n<meta property=\"og:title\" content=\"[Historias] Cambiar de padre - El Regional\" \/>\n<meta property=\"og:description\" content=\"Bruno Conti, era un tano extremadamente travieso. Vago e imaginativo como pocos y siempre dispuesto a enganchar a qui\u00e9n se le cruzara. La cuesti\u00f3n era sobrevivir sin importarle los medios. Escribe: Miguel Andreis En las d\u00e9cadas del cincuenta y sesenta era muy com\u00fan que en pleno centro de la villa, por la avenida Irigoyen, y [&hellip;]\" \/>\n<meta property=\"og:url\" content=\"http:\/\/elregionalvm.com.ar\/noticias-villa-maria\/historias-cambiar-de-padre\/\" \/>\n<meta property=\"og:site_name\" content=\"El Regional\" \/>\n<meta property=\"article:publisher\" content=\"https:\/\/www.facebook.com\/elregionalvm\" \/>\n<meta property=\"article:published_time\" content=\"2022-01-25T10:34:53+00:00\" \/>\n<meta property=\"article:modified_time\" content=\"2022-01-25T10:39:58+00:00\" \/>\n<meta property=\"og:image\" content=\"http:\/\/elregionalvm.com.ar\/noticias-villa-maria\/wp-content\/uploads\/2022\/01\/vendedor-ambulante.jpg\" \/>\n\t<meta property=\"og:image:width\" content=\"850\" \/>\n\t<meta property=\"og:image:height\" content=\"783\" \/>\n\t<meta property=\"og:image:type\" content=\"image\/jpeg\" \/>\n<meta name=\"author\" content=\"Contenidos El Regional\" \/>\n<meta name=\"twitter:card\" content=\"summary_large_image\" \/>\n<meta name=\"twitter:creator\" content=\"@elregionalvm1\" \/>\n<meta name=\"twitter:site\" content=\"@elregionalvm1\" \/>\n<meta name=\"twitter:label1\" content=\"Escrito por\" \/>\n\t<meta name=\"twitter:data1\" content=\"Contenidos El Regional\" \/>\n\t<meta name=\"twitter:label2\" content=\"Tiempo de lectura\" \/>\n\t<meta name=\"twitter:data2\" content=\"4 minutos\" \/>\n<script type=\"application\/ld+json\" class=\"yoast-schema-graph\">{\"@context\":\"https:\/\/schema.org\",\"@graph\":[{\"@type\":\"Article\",\"@id\":\"http:\/\/elregionalvm.com.ar\/noticias-villa-maria\/historias-cambiar-de-padre\/#article\",\"isPartOf\":{\"@id\":\"http:\/\/elregionalvm.com.ar\/noticias-villa-maria\/historias-cambiar-de-padre\/\"},\"author\":{\"name\":\"Contenidos El Regional\",\"@id\":\"http:\/\/elregionalvm.com.ar\/noticias-villa-maria\/#\/schema\/person\/a0fb9c422317faca23d50163151bc354\"},\"headline\":\"[Historias] Cambiar de padre\",\"datePublished\":\"2022-01-25T10:34:53+00:00\",\"dateModified\":\"2022-01-25T10:39:58+00:00\",\"mainEntityOfPage\":{\"@id\":\"http:\/\/elregionalvm.com.ar\/noticias-villa-maria\/historias-cambiar-de-padre\/\"},\"wordCount\":781,\"commentCount\":0,\"image\":{\"@id\":\"http:\/\/elregionalvm.com.ar\/noticias-villa-maria\/historias-cambiar-de-padre\/#primaryimage\"},\"thumbnailUrl\":\"https:\/\/i0.wp.com\/elregionalvm.com.ar\/noticias-villa-maria\/wp-content\/uploads\/2022\/01\/vendedor-ambulante.jpg?fit=850%2C783&ssl=1\",\"keywords\":[\"cuentos\",\"historias\",\"Miguel Andreis\"],\"articleSection\":[\"Notas\",\"Puro Cuento\"],\"inLanguage\":\"es\",\"potentialAction\":[{\"@type\":\"CommentAction\",\"name\":\"Comment\",\"target\":[\"http:\/\/elregionalvm.com.ar\/noticias-villa-maria\/historias-cambiar-de-padre\/#respond\"]}]},{\"@type\":\"WebPage\",\"@id\":\"http:\/\/elregionalvm.com.ar\/noticias-villa-maria\/historias-cambiar-de-padre\/\",\"url\":\"http:\/\/elregionalvm.com.ar\/noticias-villa-maria\/historias-cambiar-de-padre\/\",\"name\":\"[Historias] Cambiar de padre - El Regional\",\"isPartOf\":{\"@id\":\"http:\/\/elregionalvm.com.ar\/noticias-villa-maria\/#website\"},\"primaryImageOfPage\":{\"@id\":\"http:\/\/elregionalvm.com.ar\/noticias-villa-maria\/historias-cambiar-de-padre\/#primaryimage\"},\"image\":{\"@id\":\"http:\/\/elregionalvm.com.ar\/noticias-villa-maria\/historias-cambiar-de-padre\/#primaryimage\"},\"thumbnailUrl\":\"https:\/\/i0.wp.com\/elregionalvm.com.ar\/noticias-villa-maria\/wp-content\/uploads\/2022\/01\/vendedor-ambulante.jpg?fit=850%2C783&ssl=1\",\"datePublished\":\"2022-01-25T10:34:53+00:00\",\"dateModified\":\"2022-01-25T10:39:58+00:00\",\"author\":{\"@id\":\"http:\/\/elregionalvm.com.ar\/noticias-villa-maria\/#\/schema\/person\/a0fb9c422317faca23d50163151bc354\"},\"breadcrumb\":{\"@id\":\"http:\/\/elregionalvm.com.ar\/noticias-villa-maria\/historias-cambiar-de-padre\/#breadcrumb\"},\"inLanguage\":\"es\",\"potentialAction\":[{\"@type\":\"ReadAction\",\"target\":[\"http:\/\/elregionalvm.com.ar\/noticias-villa-maria\/historias-cambiar-de-padre\/\"]}]},{\"@type\":\"ImageObject\",\"inLanguage\":\"es\",\"@id\":\"http:\/\/elregionalvm.com.ar\/noticias-villa-maria\/historias-cambiar-de-padre\/#primaryimage\",\"url\":\"https:\/\/i0.wp.com\/elregionalvm.com.ar\/noticias-villa-maria\/wp-content\/uploads\/2022\/01\/vendedor-ambulante.jpg?fit=850%2C783&ssl=1\",\"contentUrl\":\"https:\/\/i0.wp.com\/elregionalvm.com.ar\/noticias-villa-maria\/wp-content\/uploads\/2022\/01\/vendedor-ambulante.jpg?fit=850%2C783&ssl=1\",\"width\":850,\"height\":783},{\"@type\":\"BreadcrumbList\",\"@id\":\"http:\/\/elregionalvm.com.ar\/noticias-villa-maria\/historias-cambiar-de-padre\/#breadcrumb\",\"itemListElement\":[{\"@type\":\"ListItem\",\"position\":1,\"name\":\"Portada\",\"item\":\"https:\/\/elregionalvm.com.ar\/noticias-villa-maria\/\"},{\"@type\":\"ListItem\",\"position\":2,\"name\":\"[Historias] Cambiar de padre\"}]},{\"@type\":\"WebSite\",\"@id\":\"http:\/\/elregionalvm.com.ar\/noticias-villa-maria\/#website\",\"url\":\"http:\/\/elregionalvm.com.ar\/noticias-villa-maria\/\",\"name\":\"El Regional\",\"description\":\"Mucho m\u00e1s que informaci\u00f3n\",\"potentialAction\":[{\"@type\":\"SearchAction\",\"target\":{\"@type\":\"EntryPoint\",\"urlTemplate\":\"http:\/\/elregionalvm.com.ar\/noticias-villa-maria\/?s={search_term_string}\"},\"query-input\":{\"@type\":\"PropertyValueSpecification\",\"valueRequired\":true,\"valueName\":\"search_term_string\"}}],\"inLanguage\":\"es\"},{\"@type\":\"Person\",\"@id\":\"http:\/\/elregionalvm.com.ar\/noticias-villa-maria\/#\/schema\/person\/a0fb9c422317faca23d50163151bc354\",\"name\":\"Contenidos El Regional\",\"image\":{\"@type\":\"ImageObject\",\"inLanguage\":\"es\",\"@id\":\"http:\/\/elregionalvm.com.ar\/noticias-villa-maria\/#\/schema\/person\/image\/\",\"url\":\"https:\/\/secure.gravatar.com\/avatar\/265b27cb2209af7bb3a1318f03305787d7981a5cc6e6cd08fe5a4ecdf99d4b48?s=96&d=mm&r=g\",\"contentUrl\":\"https:\/\/secure.gravatar.com\/avatar\/265b27cb2209af7bb3a1318f03305787d7981a5cc6e6cd08fe5a4ecdf99d4b48?s=96&d=mm&r=g\",\"caption\":\"Contenidos El Regional\"},\"url\":\"https:\/\/elregionalvm.com.ar\/noticias-villa-maria\/author\/contenido\/\"}]}<\/script>\n<!-- \/ Yoast SEO plugin. -->","yoast_head_json":{"title":"[Historias] Cambiar de padre - El Regional","robots":{"index":"index","follow":"follow","max-snippet":"max-snippet:-1","max-image-preview":"max-image-preview:large","max-video-preview":"max-video-preview:-1"},"canonical":"http:\/\/elregionalvm.com.ar\/noticias-villa-maria\/historias-cambiar-de-padre\/","og_locale":"es_ES","og_type":"article","og_title":"[Historias] Cambiar de padre - El Regional","og_description":"Bruno Conti, era un tano extremadamente travieso. Vago e imaginativo como pocos y siempre dispuesto a enganchar a qui\u00e9n se le cruzara. La cuesti\u00f3n era sobrevivir sin importarle los medios. Escribe: Miguel Andreis En las d\u00e9cadas del cincuenta y sesenta era muy com\u00fan que en pleno centro de la villa, por la avenida Irigoyen, y [&hellip;]","og_url":"http:\/\/elregionalvm.com.ar\/noticias-villa-maria\/historias-cambiar-de-padre\/","og_site_name":"El Regional","article_publisher":"https:\/\/www.facebook.com\/elregionalvm","article_published_time":"2022-01-25T10:34:53+00:00","article_modified_time":"2022-01-25T10:39:58+00:00","og_image":[{"width":850,"height":783,"url":"http:\/\/elregionalvm.com.ar\/noticias-villa-maria\/wp-content\/uploads\/2022\/01\/vendedor-ambulante.jpg","type":"image\/jpeg"}],"author":"Contenidos El Regional","twitter_card":"summary_large_image","twitter_creator":"@elregionalvm1","twitter_site":"@elregionalvm1","twitter_misc":{"Escrito por":"Contenidos El Regional","Tiempo de lectura":"4 minutos"},"schema":{"@context":"https:\/\/schema.org","@graph":[{"@type":"Article","@id":"http:\/\/elregionalvm.com.ar\/noticias-villa-maria\/historias-cambiar-de-padre\/#article","isPartOf":{"@id":"http:\/\/elregionalvm.com.ar\/noticias-villa-maria\/historias-cambiar-de-padre\/"},"author":{"name":"Contenidos El Regional","@id":"http:\/\/elregionalvm.com.ar\/noticias-villa-maria\/#\/schema\/person\/a0fb9c422317faca23d50163151bc354"},"headline":"[Historias] Cambiar de padre","datePublished":"2022-01-25T10:34:53+00:00","dateModified":"2022-01-25T10:39:58+00:00","mainEntityOfPage":{"@id":"http:\/\/elregionalvm.com.ar\/noticias-villa-maria\/historias-cambiar-de-padre\/"},"wordCount":781,"commentCount":0,"image":{"@id":"http:\/\/elregionalvm.com.ar\/noticias-villa-maria\/historias-cambiar-de-padre\/#primaryimage"},"thumbnailUrl":"https:\/\/i0.wp.com\/elregionalvm.com.ar\/noticias-villa-maria\/wp-content\/uploads\/2022\/01\/vendedor-ambulante.jpg?fit=850%2C783&ssl=1","keywords":["cuentos","historias","Miguel Andreis"],"articleSection":["Notas","Puro Cuento"],"inLanguage":"es","potentialAction":[{"@type":"CommentAction","name":"Comment","target":["http:\/\/elregionalvm.com.ar\/noticias-villa-maria\/historias-cambiar-de-padre\/#respond"]}]},{"@type":"WebPage","@id":"http:\/\/elregionalvm.com.ar\/noticias-villa-maria\/historias-cambiar-de-padre\/","url":"http:\/\/elregionalvm.com.ar\/noticias-villa-maria\/historias-cambiar-de-padre\/","name":"[Historias] Cambiar de padre - El Regional","isPartOf":{"@id":"http:\/\/elregionalvm.com.ar\/noticias-villa-maria\/#website"},"primaryImageOfPage":{"@id":"http:\/\/elregionalvm.com.ar\/noticias-villa-maria\/historias-cambiar-de-padre\/#primaryimage"},"image":{"@id":"http:\/\/elregionalvm.com.ar\/noticias-villa-maria\/historias-cambiar-de-padre\/#primaryimage"},"thumbnailUrl":"https:\/\/i0.wp.com\/elregionalvm.com.ar\/noticias-villa-maria\/wp-content\/uploads\/2022\/01\/vendedor-ambulante.jpg?fit=850%2C783&ssl=1","datePublished":"2022-01-25T10:34:53+00:00","dateModified":"2022-01-25T10:39:58+00:00","author":{"@id":"http:\/\/elregionalvm.com.ar\/noticias-villa-maria\/#\/schema\/person\/a0fb9c422317faca23d50163151bc354"},"breadcrumb":{"@id":"http:\/\/elregionalvm.com.ar\/noticias-villa-maria\/historias-cambiar-de-padre\/#breadcrumb"},"inLanguage":"es","potentialAction":[{"@type":"ReadAction","target":["http:\/\/elregionalvm.com.ar\/noticias-villa-maria\/historias-cambiar-de-padre\/"]}]},{"@type":"ImageObject","inLanguage":"es","@id":"http:\/\/elregionalvm.com.ar\/noticias-villa-maria\/historias-cambiar-de-padre\/#primaryimage","url":"https:\/\/i0.wp.com\/elregionalvm.com.ar\/noticias-villa-maria\/wp-content\/uploads\/2022\/01\/vendedor-ambulante.jpg?fit=850%2C783&ssl=1","contentUrl":"https:\/\/i0.wp.com\/elregionalvm.com.ar\/noticias-villa-maria\/wp-content\/uploads\/2022\/01\/vendedor-ambulante.jpg?fit=850%2C783&ssl=1","width":850,"height":783},{"@type":"BreadcrumbList","@id":"http:\/\/elregionalvm.com.ar\/noticias-villa-maria\/historias-cambiar-de-padre\/#breadcrumb","itemListElement":[{"@type":"ListItem","position":1,"name":"Portada","item":"https:\/\/elregionalvm.com.ar\/noticias-villa-maria\/"},{"@type":"ListItem","position":2,"name":"[Historias] Cambiar de padre"}]},{"@type":"WebSite","@id":"http:\/\/elregionalvm.com.ar\/noticias-villa-maria\/#website","url":"http:\/\/elregionalvm.com.ar\/noticias-villa-maria\/","name":"El Regional","description":"Mucho m\u00e1s que informaci\u00f3n","potentialAction":[{"@type":"SearchAction","target":{"@type":"EntryPoint","urlTemplate":"http:\/\/elregionalvm.com.ar\/noticias-villa-maria\/?s={search_term_string}"},"query-input":{"@type":"PropertyValueSpecification","valueRequired":true,"valueName":"search_term_string"}}],"inLanguage":"es"},{"@type":"Person","@id":"http:\/\/elregionalvm.com.ar\/noticias-villa-maria\/#\/schema\/person\/a0fb9c422317faca23d50163151bc354","name":"Contenidos El Regional","image":{"@type":"ImageObject","inLanguage":"es","@id":"http:\/\/elregionalvm.com.ar\/noticias-villa-maria\/#\/schema\/person\/image\/","url":"https:\/\/secure.gravatar.com\/avatar\/265b27cb2209af7bb3a1318f03305787d7981a5cc6e6cd08fe5a4ecdf99d4b48?s=96&d=mm&r=g","contentUrl":"https:\/\/secure.gravatar.com\/avatar\/265b27cb2209af7bb3a1318f03305787d7981a5cc6e6cd08fe5a4ecdf99d4b48?s=96&d=mm&r=g","caption":"Contenidos El Regional"},"url":"https:\/\/elregionalvm.com.ar\/noticias-villa-maria\/author\/contenido\/"}]}},"jetpack_featured_media_url":"https:\/\/i0.wp.com\/elregionalvm.com.ar\/noticias-villa-maria\/wp-content\/uploads\/2022\/01\/vendedor-ambulante.jpg?fit=850%2C783&ssl=1","jetpack_sharing_enabled":true,"_links":{"self":[{"href":"https:\/\/elregionalvm.com.ar\/noticias-villa-maria\/wp-json\/wp\/v2\/posts\/51677","targetHints":{"allow":["GET"]}}],"collection":[{"href":"https:\/\/elregionalvm.com.ar\/noticias-villa-maria\/wp-json\/wp\/v2\/posts"}],"about":[{"href":"https:\/\/elregionalvm.com.ar\/noticias-villa-maria\/wp-json\/wp\/v2\/types\/post"}],"author":[{"embeddable":true,"href":"https:\/\/elregionalvm.com.ar\/noticias-villa-maria\/wp-json\/wp\/v2\/users\/4"}],"replies":[{"embeddable":true,"href":"https:\/\/elregionalvm.com.ar\/noticias-villa-maria\/wp-json\/wp\/v2\/comments?post=51677"}],"version-history":[{"count":4,"href":"https:\/\/elregionalvm.com.ar\/noticias-villa-maria\/wp-json\/wp\/v2\/posts\/51677\/revisions"}],"predecessor-version":[{"id":51684,"href":"https:\/\/elregionalvm.com.ar\/noticias-villa-maria\/wp-json\/wp\/v2\/posts\/51677\/revisions\/51684"}],"wp:featuredmedia":[{"embeddable":true,"href":"https:\/\/elregionalvm.com.ar\/noticias-villa-maria\/wp-json\/wp\/v2\/media\/51678"}],"wp:attachment":[{"href":"https:\/\/elregionalvm.com.ar\/noticias-villa-maria\/wp-json\/wp\/v2\/media?parent=51677"}],"wp:term":[{"taxonomy":"category","embeddable":true,"href":"https:\/\/elregionalvm.com.ar\/noticias-villa-maria\/wp-json\/wp\/v2\/categories?post=51677"},{"taxonomy":"post_tag","embeddable":true,"href":"https:\/\/elregionalvm.com.ar\/noticias-villa-maria\/wp-json\/wp\/v2\/tags?post=51677"}],"curies":[{"name":"wp","href":"https:\/\/api.w.org\/{rel}","templated":true}]}}