{"id":51704,"date":"2022-01-25T23:32:48","date_gmt":"2022-01-25T23:32:48","guid":{"rendered":"https:\/\/elregionalvm.com.ar\/noticias-villa-maria\/?p=51704"},"modified":"2022-01-26T11:38:30","modified_gmt":"2022-01-26T11:38:30","slug":"con-financiamiento-del-gobierno-nacional","status":"publish","type":"post","link":"https:\/\/elregionalvm.com.ar\/noticias-villa-maria\/con-financiamiento-del-gobierno-nacional\/","title":{"rendered":"Inicio de obras en el acceso norte de la ciudad con financiamiento del Gobierno Nacional"},"content":{"rendered":"\n<h3 class=\"wp-block-heading\">Gill recorri\u00f3 las avenidas de acceso norte a la ciudad previo al inicio de las obras.<\/h3>\n\n\n\n<p><\/p>\n\n\n\n<p>En el marco de la inminente obra que reacondicionar\u00e1 las avenidas de acceso norte a la ciudad, el intendente Mart\u00edn Gill recorri\u00f3 las arterias que ser\u00e1n \u00edntegramente intervenidas. Se trata de las avenidas Alem, Larrabure, Sucre-De\u00e1n Funes e Independencia que se han visto deterioradas debido a la circulaci\u00f3n de tr\u00e1nsito pesado.<\/p>\n\n\n\n<p>En este sentido, la obra prevista busca dotar a los tramos de una completa repavimentaci\u00f3n, recuperaci\u00f3n de veredas, ampliaci\u00f3n de la circulaci\u00f3n a cuatro carriles, arbolado e iluminaci\u00f3n bajo tecnolog\u00eda led. Adem\u00e1s, se avanzar\u00e1 en la creaci\u00f3n de accesos universales, cord\u00f3n cuneta, implementaci\u00f3n de se\u00f1al\u00e9tica y obras hidr\u00e1ulicas de captaci\u00f3n.<\/p>\n\n\n\n<p>Tras la supervisi\u00f3n de las zonas a intervenir, Gill se\u00f1al\u00f3: \u201cGracias al aporte del Gobierno nacional, a trav\u00e9s de Vialidad Nacional del Ministerio de Obras P\u00fablicas, en pocos d\u00edas m\u00e1s iniciaremos la recuperaci\u00f3n integral de las avenidas\u201d. \u201cEstamos trabajando para solucionar los problemas de la gente y para hacer que Villa Mar\u00eda est\u00e9 cada d\u00eda m\u00e1s linda\u201d, expres\u00f3.<\/p>\n\n\n\n<p>Al mismo tiempo, el intendente hizo referencia a la obra en marcha de Circunvalaci\u00f3n de la Ruta Nacional 158 variante de paso Villa Mar\u00eda como parte fundamental de la estrategia que busca erradicar el tr\u00e1nsito pesado en la localidad. \u201cLa construcci\u00f3n de esta nueva avenida va a hacer que esto sea parte de la historia, los camiones no van a entrar m\u00e1s a la ciudad\u201d, enfatiz\u00f3.<\/p>\n\n\n\n<p>En detalle, las obras de acceso norte ser\u00e1n efectuadas en las avenidas Larrabure y Alem hasta V\u00e9lez Sarsfield, al igual que en Sucre-De\u00e1n Funes e Independencia. All\u00ed, se repavimentar\u00e1 el tramo Larrabure hasta Alem con diversos arreglos, sum\u00e1ndose al tramo de avenidas Sucre-De\u00e1n Funes e Independencia el ensanchamiento de arterias para la construcci\u00f3n de dos carriles por mano.<\/p>\n\n\n\n<p>En total, la intervenci\u00f3n alcanzar\u00e1 m\u00e1s de 25.000 metros cuadrados de pavimento asf\u00e1ltico y m\u00e1s de 10.000 metros cuadrados de hormig\u00f3n. De esta manera, la obra financiada a trav\u00e9s del programa Redes Conexas de Vialidad Nacional brindar\u00e1 soluci\u00f3n integral al sector ya que se trata de avenidas de conectividad sustancial relacionadas con las rutas nacionales 9 y 158.<\/p>\n\n\n\n<p>Cabe destacar que el presupuesto oficial de la intervenci\u00f3n alcanza los 243 millones de pesos. En tanto, las labores estar\u00e1n a cargo de firma Arrow S.R.L, adjudicataria de la obra tras el proceso licitatorio llevado adelante por el Instituto Municipal de Inversi\u00f3n (IMI).<\/p>\n","protected":false},"excerpt":{"rendered":"<p>Gill recorri\u00f3 las avenidas de acceso norte a la ciudad previo al inicio de las obras. En el marco de la inminente obra que reacondicionar\u00e1 las avenidas de acceso norte a la ciudad, el intendente Mart\u00edn Gill recorri\u00f3 las arterias que ser\u00e1n \u00edntegramente intervenidas. Se trata de las avenidas Alem, Larrabure, Sucre-De\u00e1n Funes e Independencia [&hellip;]<\/p>\n","protected":false},"author":4,"featured_media":51705,"comment_status":"open","ping_status":"open","sticky":false,"template":"","format":"standard","meta":{"site-sidebar-layout":"default","site-content-layout":"default","ast-site-content-layout":"default","site-content-style":"default","site-sidebar-style":"default","ast-global-header-display":"","ast-banner-title-visibility":"","ast-main-header-display":"","ast-hfb-above-header-display":"","ast-hfb-below-header-display":"","ast-hfb-mobile-header-display":"","site-post-title":"","ast-breadcrumbs-content":"","ast-featured-img":"","footer-sml-layout":"","ast-disable-related-posts":"","theme-transparent-header-meta":"default","adv-header-id-meta":"","stick-header-meta":"","header-above-stick-meta":"","header-main-stick-meta":"","header-below-stick-meta":"","astra-migrate-meta-layouts":"default","ast-page-background-enabled":"default","ast-page-background-meta":{"desktop":{"background-color":"","background-image":"","background-repeat":"repeat","background-position":"center center","background-size":"auto","background-attachment":"scroll","background-type":"","background-media":"","overlay-type":"","overlay-color":"","overlay-opacity":"","overlay-gradient":""},"tablet":{"background-color":"","background-image":"","background-repeat":"repeat","background-position":"center center","background-size":"auto","background-attachment":"scroll","background-type":"","background-media":"","overlay-type":"","overlay-color":"","overlay-opacity":"","overlay-gradient":""},"mobile":{"background-color":"","background-image":"","background-repeat":"repeat","background-position":"center center","background-size":"auto","background-attachment":"scroll","background-type":"","background-media":"","overlay-type":"","overlay-color":"","overlay-opacity":"","overlay-gradient":""}},"ast-content-background-meta":{"desktop":{"background-color":"var(--ast-global-color-5)","background-image":"","background-repeat":"repeat","background-position":"center center","background-size":"auto","background-attachment":"scroll","background-type":"","background-media":"","overlay-type":"","overlay-color":"","overlay-opacity":"","overlay-gradient":""},"tablet":{"background-color":"var(--ast-global-color-5)","background-image":"","background-repeat":"repeat","background-position":"center center","background-size":"auto","background-attachment":"scroll","background-type":"","background-media":"","overlay-type":"","overlay-color":"","overlay-opacity":"","overlay-gradient":""},"mobile":{"background-color":"var(--ast-global-color-5)","background-image":"","background-repeat":"repeat","background-position":"center center","background-size":"auto","background-attachment":"scroll","background-type":"","background-media":"","overlay-type":"","overlay-color":"","overlay-opacity":"","overlay-gradient":""}},"_jetpack_memberships_contains_paid_content":false,"_joinchat":[],"footnotes":""},"categories":[2],"tags":[1232],"class_list":["post-51704","post","type-post","status-publish","format-standard","has-post-thumbnail","hentry","category-villa-maria","tag-destacado"],"yoast_head":"<!-- This site is optimized with the Yoast SEO plugin v26.8 - https:\/\/yoast.com\/product\/yoast-seo-wordpress\/ -->\n<title>Inicio de obras en el acceso norte de la ciudad con financiamiento del Gobierno Nacional - El Regional<\/title>\n<meta name=\"robots\" content=\"index, follow, max-snippet:-1, max-image-preview:large, max-video-preview:-1\" \/>\n<link rel=\"canonical\" href=\"http:\/\/elregionalvm.com.ar\/noticias-villa-maria\/con-financiamiento-del-gobierno-nacional\/\" \/>\n<meta property=\"og:locale\" content=\"es_ES\" \/>\n<meta property=\"og:type\" content=\"article\" \/>\n<meta property=\"og:title\" content=\"Inicio de obras en el acceso norte de la ciudad con financiamiento del Gobierno Nacional - El Regional\" \/>\n<meta property=\"og:description\" content=\"Gill recorri\u00f3 las avenidas de acceso norte a la ciudad previo al inicio de las obras. En el marco de la inminente obra que reacondicionar\u00e1 las avenidas de acceso norte a la ciudad, el intendente Mart\u00edn Gill recorri\u00f3 las arterias que ser\u00e1n \u00edntegramente intervenidas. Se trata de las avenidas Alem, Larrabure, Sucre-De\u00e1n Funes e Independencia [&hellip;]\" \/>\n<meta property=\"og:url\" content=\"http:\/\/elregionalvm.com.ar\/noticias-villa-maria\/con-financiamiento-del-gobierno-nacional\/\" \/>\n<meta property=\"og:site_name\" content=\"El Regional\" \/>\n<meta property=\"article:publisher\" content=\"https:\/\/www.facebook.com\/elregionalvm\" \/>\n<meta property=\"article:published_time\" content=\"2022-01-25T23:32:48+00:00\" \/>\n<meta property=\"article:modified_time\" content=\"2022-01-26T11:38:30+00:00\" \/>\n<meta property=\"og:image\" content=\"http:\/\/elregionalvm.com.ar\/noticias-villa-maria\/wp-content\/uploads\/2022\/01\/7be69344-9b62-45a0-8fbf-2e111281ebb5.jpg\" \/>\n\t<meta property=\"og:image:width\" content=\"1280\" \/>\n\t<meta property=\"og:image:height\" content=\"853\" \/>\n\t<meta property=\"og:image:type\" content=\"image\/jpeg\" \/>\n<meta name=\"author\" content=\"Contenidos El Regional\" \/>\n<meta name=\"twitter:card\" content=\"summary_large_image\" \/>\n<meta name=\"twitter:creator\" content=\"@elregionalvm1\" \/>\n<meta name=\"twitter:site\" content=\"@elregionalvm1\" \/>\n<meta name=\"twitter:label1\" content=\"Escrito por\" \/>\n\t<meta name=\"twitter:data1\" content=\"Contenidos El Regional\" \/>\n\t<meta name=\"twitter:label2\" content=\"Tiempo de lectura\" \/>\n\t<meta name=\"twitter:data2\" content=\"2 minutos\" \/>\n<script type=\"application\/ld+json\" class=\"yoast-schema-graph\">{\"@context\":\"https:\/\/schema.org\",\"@graph\":[{\"@type\":\"Article\",\"@id\":\"http:\/\/elregionalvm.com.ar\/noticias-villa-maria\/con-financiamiento-del-gobierno-nacional\/#article\",\"isPartOf\":{\"@id\":\"http:\/\/elregionalvm.com.ar\/noticias-villa-maria\/con-financiamiento-del-gobierno-nacional\/\"},\"author\":{\"name\":\"Contenidos El Regional\",\"@id\":\"http:\/\/elregionalvm.com.ar\/noticias-villa-maria\/#\/schema\/person\/a0fb9c422317faca23d50163151bc354\"},\"headline\":\"Inicio de obras en el acceso norte de la ciudad con financiamiento del Gobierno Nacional\",\"datePublished\":\"2022-01-25T23:32:48+00:00\",\"dateModified\":\"2022-01-26T11:38:30+00:00\",\"mainEntityOfPage\":{\"@id\":\"http:\/\/elregionalvm.com.ar\/noticias-villa-maria\/con-financiamiento-del-gobierno-nacional\/\"},\"wordCount\":461,\"commentCount\":0,\"image\":{\"@id\":\"http:\/\/elregionalvm.com.ar\/noticias-villa-maria\/con-financiamiento-del-gobierno-nacional\/#primaryimage\"},\"thumbnailUrl\":\"https:\/\/i0.wp.com\/elregionalvm.com.ar\/noticias-villa-maria\/wp-content\/uploads\/2022\/01\/7be69344-9b62-45a0-8fbf-2e111281ebb5.jpg?fit=1280%2C853&ssl=1\",\"keywords\":[\"destacado\"],\"articleSection\":[\"Villa Mar\u00eda\"],\"inLanguage\":\"es\",\"potentialAction\":[{\"@type\":\"CommentAction\",\"name\":\"Comment\",\"target\":[\"http:\/\/elregionalvm.com.ar\/noticias-villa-maria\/con-financiamiento-del-gobierno-nacional\/#respond\"]}]},{\"@type\":\"WebPage\",\"@id\":\"http:\/\/elregionalvm.com.ar\/noticias-villa-maria\/con-financiamiento-del-gobierno-nacional\/\",\"url\":\"http:\/\/elregionalvm.com.ar\/noticias-villa-maria\/con-financiamiento-del-gobierno-nacional\/\",\"name\":\"Inicio de obras en el acceso norte de la ciudad con financiamiento del Gobierno Nacional - El Regional\",\"isPartOf\":{\"@id\":\"http:\/\/elregionalvm.com.ar\/noticias-villa-maria\/#website\"},\"primaryImageOfPage\":{\"@id\":\"http:\/\/elregionalvm.com.ar\/noticias-villa-maria\/con-financiamiento-del-gobierno-nacional\/#primaryimage\"},\"image\":{\"@id\":\"http:\/\/elregionalvm.com.ar\/noticias-villa-maria\/con-financiamiento-del-gobierno-nacional\/#primaryimage\"},\"thumbnailUrl\":\"https:\/\/i0.wp.com\/elregionalvm.com.ar\/noticias-villa-maria\/wp-content\/uploads\/2022\/01\/7be69344-9b62-45a0-8fbf-2e111281ebb5.jpg?fit=1280%2C853&ssl=1\",\"datePublished\":\"2022-01-25T23:32:48+00:00\",\"dateModified\":\"2022-01-26T11:38:30+00:00\",\"author\":{\"@id\":\"http:\/\/elregionalvm.com.ar\/noticias-villa-maria\/#\/schema\/person\/a0fb9c422317faca23d50163151bc354\"},\"breadcrumb\":{\"@id\":\"http:\/\/elregionalvm.com.ar\/noticias-villa-maria\/con-financiamiento-del-gobierno-nacional\/#breadcrumb\"},\"inLanguage\":\"es\",\"potentialAction\":[{\"@type\":\"ReadAction\",\"target\":[\"http:\/\/elregionalvm.com.ar\/noticias-villa-maria\/con-financiamiento-del-gobierno-nacional\/\"]}]},{\"@type\":\"ImageObject\",\"inLanguage\":\"es\",\"@id\":\"http:\/\/elregionalvm.com.ar\/noticias-villa-maria\/con-financiamiento-del-gobierno-nacional\/#primaryimage\",\"url\":\"https:\/\/i0.wp.com\/elregionalvm.com.ar\/noticias-villa-maria\/wp-content\/uploads\/2022\/01\/7be69344-9b62-45a0-8fbf-2e111281ebb5.jpg?fit=1280%2C853&ssl=1\",\"contentUrl\":\"https:\/\/i0.wp.com\/elregionalvm.com.ar\/noticias-villa-maria\/wp-content\/uploads\/2022\/01\/7be69344-9b62-45a0-8fbf-2e111281ebb5.jpg?fit=1280%2C853&ssl=1\",\"width\":1280,\"height\":853},{\"@type\":\"BreadcrumbList\",\"@id\":\"http:\/\/elregionalvm.com.ar\/noticias-villa-maria\/con-financiamiento-del-gobierno-nacional\/#breadcrumb\",\"itemListElement\":[{\"@type\":\"ListItem\",\"position\":1,\"name\":\"Portada\",\"item\":\"https:\/\/elregionalvm.com.ar\/noticias-villa-maria\/\"},{\"@type\":\"ListItem\",\"position\":2,\"name\":\"Inicio de obras en el acceso norte de la ciudad con financiamiento del Gobierno Nacional\"}]},{\"@type\":\"WebSite\",\"@id\":\"http:\/\/elregionalvm.com.ar\/noticias-villa-maria\/#website\",\"url\":\"http:\/\/elregionalvm.com.ar\/noticias-villa-maria\/\",\"name\":\"El Regional\",\"description\":\"Mucho m\u00e1s que informaci\u00f3n\",\"potentialAction\":[{\"@type\":\"SearchAction\",\"target\":{\"@type\":\"EntryPoint\",\"urlTemplate\":\"http:\/\/elregionalvm.com.ar\/noticias-villa-maria\/?s={search_term_string}\"},\"query-input\":{\"@type\":\"PropertyValueSpecification\",\"valueRequired\":true,\"valueName\":\"search_term_string\"}}],\"inLanguage\":\"es\"},{\"@type\":\"Person\",\"@id\":\"http:\/\/elregionalvm.com.ar\/noticias-villa-maria\/#\/schema\/person\/a0fb9c422317faca23d50163151bc354\",\"name\":\"Contenidos El Regional\",\"image\":{\"@type\":\"ImageObject\",\"inLanguage\":\"es\",\"@id\":\"http:\/\/elregionalvm.com.ar\/noticias-villa-maria\/#\/schema\/person\/image\/\",\"url\":\"https:\/\/secure.gravatar.com\/avatar\/265b27cb2209af7bb3a1318f03305787d7981a5cc6e6cd08fe5a4ecdf99d4b48?s=96&d=mm&r=g\",\"contentUrl\":\"https:\/\/secure.gravatar.com\/avatar\/265b27cb2209af7bb3a1318f03305787d7981a5cc6e6cd08fe5a4ecdf99d4b48?s=96&d=mm&r=g\",\"caption\":\"Contenidos El Regional\"},\"url\":\"https:\/\/elregionalvm.com.ar\/noticias-villa-maria\/author\/contenido\/\"}]}<\/script>\n<!-- \/ Yoast SEO plugin. -->","yoast_head_json":{"title":"Inicio de obras en el acceso norte de la ciudad con financiamiento del Gobierno Nacional - El Regional","robots":{"index":"index","follow":"follow","max-snippet":"max-snippet:-1","max-image-preview":"max-image-preview:large","max-video-preview":"max-video-preview:-1"},"canonical":"http:\/\/elregionalvm.com.ar\/noticias-villa-maria\/con-financiamiento-del-gobierno-nacional\/","og_locale":"es_ES","og_type":"article","og_title":"Inicio de obras en el acceso norte de la ciudad con financiamiento del Gobierno Nacional - El Regional","og_description":"Gill recorri\u00f3 las avenidas de acceso norte a la ciudad previo al inicio de las obras. En el marco de la inminente obra que reacondicionar\u00e1 las avenidas de acceso norte a la ciudad, el intendente Mart\u00edn Gill recorri\u00f3 las arterias que ser\u00e1n \u00edntegramente intervenidas. Se trata de las avenidas Alem, Larrabure, Sucre-De\u00e1n Funes e Independencia [&hellip;]","og_url":"http:\/\/elregionalvm.com.ar\/noticias-villa-maria\/con-financiamiento-del-gobierno-nacional\/","og_site_name":"El Regional","article_publisher":"https:\/\/www.facebook.com\/elregionalvm","article_published_time":"2022-01-25T23:32:48+00:00","article_modified_time":"2022-01-26T11:38:30+00:00","og_image":[{"width":1280,"height":853,"url":"http:\/\/elregionalvm.com.ar\/noticias-villa-maria\/wp-content\/uploads\/2022\/01\/7be69344-9b62-45a0-8fbf-2e111281ebb5.jpg","type":"image\/jpeg"}],"author":"Contenidos El Regional","twitter_card":"summary_large_image","twitter_creator":"@elregionalvm1","twitter_site":"@elregionalvm1","twitter_misc":{"Escrito por":"Contenidos El Regional","Tiempo de lectura":"2 minutos"},"schema":{"@context":"https:\/\/schema.org","@graph":[{"@type":"Article","@id":"http:\/\/elregionalvm.com.ar\/noticias-villa-maria\/con-financiamiento-del-gobierno-nacional\/#article","isPartOf":{"@id":"http:\/\/elregionalvm.com.ar\/noticias-villa-maria\/con-financiamiento-del-gobierno-nacional\/"},"author":{"name":"Contenidos El Regional","@id":"http:\/\/elregionalvm.com.ar\/noticias-villa-maria\/#\/schema\/person\/a0fb9c422317faca23d50163151bc354"},"headline":"Inicio de obras en el acceso norte de la ciudad con financiamiento del Gobierno Nacional","datePublished":"2022-01-25T23:32:48+00:00","dateModified":"2022-01-26T11:38:30+00:00","mainEntityOfPage":{"@id":"http:\/\/elregionalvm.com.ar\/noticias-villa-maria\/con-financiamiento-del-gobierno-nacional\/"},"wordCount":461,"commentCount":0,"image":{"@id":"http:\/\/elregionalvm.com.ar\/noticias-villa-maria\/con-financiamiento-del-gobierno-nacional\/#primaryimage"},"thumbnailUrl":"https:\/\/i0.wp.com\/elregionalvm.com.ar\/noticias-villa-maria\/wp-content\/uploads\/2022\/01\/7be69344-9b62-45a0-8fbf-2e111281ebb5.jpg?fit=1280%2C853&ssl=1","keywords":["destacado"],"articleSection":["Villa Mar\u00eda"],"inLanguage":"es","potentialAction":[{"@type":"CommentAction","name":"Comment","target":["http:\/\/elregionalvm.com.ar\/noticias-villa-maria\/con-financiamiento-del-gobierno-nacional\/#respond"]}]},{"@type":"WebPage","@id":"http:\/\/elregionalvm.com.ar\/noticias-villa-maria\/con-financiamiento-del-gobierno-nacional\/","url":"http:\/\/elregionalvm.com.ar\/noticias-villa-maria\/con-financiamiento-del-gobierno-nacional\/","name":"Inicio de obras en el acceso norte de la ciudad con financiamiento del Gobierno Nacional - El Regional","isPartOf":{"@id":"http:\/\/elregionalvm.com.ar\/noticias-villa-maria\/#website"},"primaryImageOfPage":{"@id":"http:\/\/elregionalvm.com.ar\/noticias-villa-maria\/con-financiamiento-del-gobierno-nacional\/#primaryimage"},"image":{"@id":"http:\/\/elregionalvm.com.ar\/noticias-villa-maria\/con-financiamiento-del-gobierno-nacional\/#primaryimage"},"thumbnailUrl":"https:\/\/i0.wp.com\/elregionalvm.com.ar\/noticias-villa-maria\/wp-content\/uploads\/2022\/01\/7be69344-9b62-45a0-8fbf-2e111281ebb5.jpg?fit=1280%2C853&ssl=1","datePublished":"2022-01-25T23:32:48+00:00","dateModified":"2022-01-26T11:38:30+00:00","author":{"@id":"http:\/\/elregionalvm.com.ar\/noticias-villa-maria\/#\/schema\/person\/a0fb9c422317faca23d50163151bc354"},"breadcrumb":{"@id":"http:\/\/elregionalvm.com.ar\/noticias-villa-maria\/con-financiamiento-del-gobierno-nacional\/#breadcrumb"},"inLanguage":"es","potentialAction":[{"@type":"ReadAction","target":["http:\/\/elregionalvm.com.ar\/noticias-villa-maria\/con-financiamiento-del-gobierno-nacional\/"]}]},{"@type":"ImageObject","inLanguage":"es","@id":"http:\/\/elregionalvm.com.ar\/noticias-villa-maria\/con-financiamiento-del-gobierno-nacional\/#primaryimage","url":"https:\/\/i0.wp.com\/elregionalvm.com.ar\/noticias-villa-maria\/wp-content\/uploads\/2022\/01\/7be69344-9b62-45a0-8fbf-2e111281ebb5.jpg?fit=1280%2C853&ssl=1","contentUrl":"https:\/\/i0.wp.com\/elregionalvm.com.ar\/noticias-villa-maria\/wp-content\/uploads\/2022\/01\/7be69344-9b62-45a0-8fbf-2e111281ebb5.jpg?fit=1280%2C853&ssl=1","width":1280,"height":853},{"@type":"BreadcrumbList","@id":"http:\/\/elregionalvm.com.ar\/noticias-villa-maria\/con-financiamiento-del-gobierno-nacional\/#breadcrumb","itemListElement":[{"@type":"ListItem","position":1,"name":"Portada","item":"https:\/\/elregionalvm.com.ar\/noticias-villa-maria\/"},{"@type":"ListItem","position":2,"name":"Inicio de obras en el acceso norte de la ciudad con financiamiento del Gobierno Nacional"}]},{"@type":"WebSite","@id":"http:\/\/elregionalvm.com.ar\/noticias-villa-maria\/#website","url":"http:\/\/elregionalvm.com.ar\/noticias-villa-maria\/","name":"El Regional","description":"Mucho m\u00e1s que informaci\u00f3n","potentialAction":[{"@type":"SearchAction","target":{"@type":"EntryPoint","urlTemplate":"http:\/\/elregionalvm.com.ar\/noticias-villa-maria\/?s={search_term_string}"},"query-input":{"@type":"PropertyValueSpecification","valueRequired":true,"valueName":"search_term_string"}}],"inLanguage":"es"},{"@type":"Person","@id":"http:\/\/elregionalvm.com.ar\/noticias-villa-maria\/#\/schema\/person\/a0fb9c422317faca23d50163151bc354","name":"Contenidos El Regional","image":{"@type":"ImageObject","inLanguage":"es","@id":"http:\/\/elregionalvm.com.ar\/noticias-villa-maria\/#\/schema\/person\/image\/","url":"https:\/\/secure.gravatar.com\/avatar\/265b27cb2209af7bb3a1318f03305787d7981a5cc6e6cd08fe5a4ecdf99d4b48?s=96&d=mm&r=g","contentUrl":"https:\/\/secure.gravatar.com\/avatar\/265b27cb2209af7bb3a1318f03305787d7981a5cc6e6cd08fe5a4ecdf99d4b48?s=96&d=mm&r=g","caption":"Contenidos El Regional"},"url":"https:\/\/elregionalvm.com.ar\/noticias-villa-maria\/author\/contenido\/"}]}},"jetpack_featured_media_url":"https:\/\/i0.wp.com\/elregionalvm.com.ar\/noticias-villa-maria\/wp-content\/uploads\/2022\/01\/7be69344-9b62-45a0-8fbf-2e111281ebb5.jpg?fit=1280%2C853&ssl=1","jetpack_sharing_enabled":true,"_links":{"self":[{"href":"https:\/\/elregionalvm.com.ar\/noticias-villa-maria\/wp-json\/wp\/v2\/posts\/51704","targetHints":{"allow":["GET"]}}],"collection":[{"href":"https:\/\/elregionalvm.com.ar\/noticias-villa-maria\/wp-json\/wp\/v2\/posts"}],"about":[{"href":"https:\/\/elregionalvm.com.ar\/noticias-villa-maria\/wp-json\/wp\/v2\/types\/post"}],"author":[{"embeddable":true,"href":"https:\/\/elregionalvm.com.ar\/noticias-villa-maria\/wp-json\/wp\/v2\/users\/4"}],"replies":[{"embeddable":true,"href":"https:\/\/elregionalvm.com.ar\/noticias-villa-maria\/wp-json\/wp\/v2\/comments?post=51704"}],"version-history":[{"count":3,"href":"https:\/\/elregionalvm.com.ar\/noticias-villa-maria\/wp-json\/wp\/v2\/posts\/51704\/revisions"}],"predecessor-version":[{"id":51711,"href":"https:\/\/elregionalvm.com.ar\/noticias-villa-maria\/wp-json\/wp\/v2\/posts\/51704\/revisions\/51711"}],"wp:featuredmedia":[{"embeddable":true,"href":"https:\/\/elregionalvm.com.ar\/noticias-villa-maria\/wp-json\/wp\/v2\/media\/51705"}],"wp:attachment":[{"href":"https:\/\/elregionalvm.com.ar\/noticias-villa-maria\/wp-json\/wp\/v2\/media?parent=51704"}],"wp:term":[{"taxonomy":"category","embeddable":true,"href":"https:\/\/elregionalvm.com.ar\/noticias-villa-maria\/wp-json\/wp\/v2\/categories?post=51704"},{"taxonomy":"post_tag","embeddable":true,"href":"https:\/\/elregionalvm.com.ar\/noticias-villa-maria\/wp-json\/wp\/v2\/tags?post=51704"}],"curies":[{"name":"wp","href":"https:\/\/api.w.org\/{rel}","templated":true}]}}