{"id":51768,"date":"2022-01-28T11:14:22","date_gmt":"2022-01-28T11:14:22","guid":{"rendered":"https:\/\/elregionalvm.com.ar\/noticias-villa-maria\/?p=51768"},"modified":"2022-01-28T11:14:23","modified_gmt":"2022-01-28T11:14:23","slug":"se-abrio-la-licitacion-para-dotar-de-cordon-cuneta-agua-y-cloacas-al-lote-de-23-hectareas-en-barrio-las-playas","status":"publish","type":"post","link":"https:\/\/elregionalvm.com.ar\/noticias-villa-maria\/se-abrio-la-licitacion-para-dotar-de-cordon-cuneta-agua-y-cloacas-al-lote-de-23-hectareas-en-barrio-las-playas\/","title":{"rendered":"Se abri\u00f3 la licitaci\u00f3n para dotar de cord\u00f3n cuneta, agua y cloacas al lote de 23 hect\u00e1reas en barrio Las Playas"},"content":{"rendered":"\n<h3 class=\"wp-block-heading\">El municipio, a trav\u00e9s del Instituto Municipal de la Vivienda e Infraestructura Habitacional (IMV), hizo p\u00fablica la convocatoria a licitaci\u00f3n para la puesta en marcha de diversos frentes de obras en las 23 hect\u00e1reas de barrio Las Playas.<\/h3>\n\n\n\n<p> El proyecto, que contar\u00e1 con financiamiento del Gobierno nacional, tiene por objetivo dotar al sector de nuevos servicios e infraestructura urbana para la posterior construcci\u00f3n de viviendas en el lugar.<\/p>\n\n\n\n<p>La iniciativa consiste en la ejecuci\u00f3n de las redes de cloacas y agua potable, como as\u00ed tambi\u00e9n de las obras de cord\u00f3n cuneta, regulaci\u00f3n y control. En todos los casos, las labores ser\u00e1n efectuadas mediante el Programa Argentina Hace, impulsado por el Ministerio de Obras P\u00fablicas de la Naci\u00f3n.<\/p>\n\n\n\n<p>En cuanto a la red de cloacas, la intervenci\u00f3n alcanza un presupuesto oficial de 58.287.255,53 pesos y un valor de pliego de 53.000 pesos. Por su parte, las obras de cord\u00f3n cuneta y red de agua potable presentan una subvenci\u00f3n de 51.593.315,28 pesos y 33.391.563,54 pesos respectivamente, y un valor de pliego de 50.000 pesos y 55.000 pesos en cada caso.<\/p>\n\n\n\n<p>De esta manera, firmas interesadas en llevar adelante las obras deber\u00e1n solicitar cada pliego de condiciones y especificaciones t\u00e9cnicas en la sede del Instituto Municipal de Inversi\u00f3n (IMI) con direcci\u00f3n en calle Mendoza 852. All\u00ed, tendr\u00e1n tiempo de dirigirse hasta el pr\u00f3ximo mi\u00e9rcoles 9 de febrero, de lunes a viernes de 9:00 a 13:00 horas.<\/p>\n\n\n\n<p>En tanto, el plazo para la presentaci\u00f3n de ofertas se encontrar\u00e1 vigente hasta el lunes 21 de febrero, d\u00eda en que se efectuar\u00e1 la apertura de sobres para luego ser analizadas las propuestas por la comisi\u00f3n evaluadora y as\u00ed designar a las empresas adjudicatarias de cada obra.<\/p>\n\n\n\n<p>Cabe destacar que las intervenciones previstas a ser realizadas en barrio Las Playas, se suman a las distintas labores que comienzan a ser efectuadas por el municipio a los fines de potenciar el sector sur de la ciudad. Entre ellas, se destaca la repavimentaci\u00f3n del bulevar Alvear desde inmediaciones de la Terminal hasta la Ruta Nacional 9, generando un acceso jerarquizado para toda la zona, y la obra de restauraci\u00f3n y puesta en valor del viejo edificio Gab\u00edn, donde funcionar\u00e1 un centro comunitario.<\/p>\n","protected":false},"excerpt":{"rendered":"<p>El municipio, a trav\u00e9s del Instituto Municipal de la Vivienda e Infraestructura Habitacional (IMV), hizo p\u00fablica la convocatoria a licitaci\u00f3n para la puesta en marcha de diversos frentes de obras en las 23 hect\u00e1reas de barrio Las Playas. El proyecto, que contar\u00e1 con financiamiento del Gobierno nacional, tiene por objetivo dotar al sector de nuevos [&hellip;]<\/p>\n","protected":false},"author":4,"featured_media":51769,"comment_status":"open","ping_status":"open","sticky":false,"template":"","format":"standard","meta":{"site-sidebar-layout":"default","site-content-layout":"default","ast-site-content-layout":"default","site-content-style":"default","site-sidebar-style":"default","ast-global-header-display":"","ast-banner-title-visibility":"","ast-main-header-display":"","ast-hfb-above-header-display":"","ast-hfb-below-header-display":"","ast-hfb-mobile-header-display":"","site-post-title":"","ast-breadcrumbs-content":"","ast-featured-img":"","footer-sml-layout":"","ast-disable-related-posts":"","theme-transparent-header-meta":"default","adv-header-id-meta":"","stick-header-meta":"","header-above-stick-meta":"","header-main-stick-meta":"","header-below-stick-meta":"","astra-migrate-meta-layouts":"default","ast-page-background-enabled":"default","ast-page-background-meta":{"desktop":{"background-color":"","background-image":"","background-repeat":"repeat","background-position":"center center","background-size":"auto","background-attachment":"scroll","background-type":"","background-media":"","overlay-type":"","overlay-color":"","overlay-opacity":"","overlay-gradient":""},"tablet":{"background-color":"","background-image":"","background-repeat":"repeat","background-position":"center center","background-size":"auto","background-attachment":"scroll","background-type":"","background-media":"","overlay-type":"","overlay-color":"","overlay-opacity":"","overlay-gradient":""},"mobile":{"background-color":"","background-image":"","background-repeat":"repeat","background-position":"center center","background-size":"auto","background-attachment":"scroll","background-type":"","background-media":"","overlay-type":"","overlay-color":"","overlay-opacity":"","overlay-gradient":""}},"ast-content-background-meta":{"desktop":{"background-color":"var(--ast-global-color-5)","background-image":"","background-repeat":"repeat","background-position":"center center","background-size":"auto","background-attachment":"scroll","background-type":"","background-media":"","overlay-type":"","overlay-color":"","overlay-opacity":"","overlay-gradient":""},"tablet":{"background-color":"var(--ast-global-color-5)","background-image":"","background-repeat":"repeat","background-position":"center center","background-size":"auto","background-attachment":"scroll","background-type":"","background-media":"","overlay-type":"","overlay-color":"","overlay-opacity":"","overlay-gradient":""},"mobile":{"background-color":"var(--ast-global-color-5)","background-image":"","background-repeat":"repeat","background-position":"center center","background-size":"auto","background-attachment":"scroll","background-type":"","background-media":"","overlay-type":"","overlay-color":"","overlay-opacity":"","overlay-gradient":""}},"_jetpack_memberships_contains_paid_content":false,"_joinchat":[],"footnotes":""},"categories":[2],"tags":[1232],"class_list":["post-51768","post","type-post","status-publish","format-standard","has-post-thumbnail","hentry","category-villa-maria","tag-destacado"],"yoast_head":"<!-- This site is optimized with the Yoast SEO plugin v26.8 - https:\/\/yoast.com\/product\/yoast-seo-wordpress\/ -->\n<title>Se abri\u00f3 la licitaci\u00f3n para dotar de cord\u00f3n cuneta, agua y cloacas al lote de 23 hect\u00e1reas en barrio Las Playas - El Regional<\/title>\n<meta name=\"robots\" content=\"index, follow, max-snippet:-1, max-image-preview:large, max-video-preview:-1\" \/>\n<link rel=\"canonical\" href=\"http:\/\/elregionalvm.com.ar\/noticias-villa-maria\/se-abrio-la-licitacion-para-dotar-de-cordon-cuneta-agua-y-cloacas-al-lote-de-23-hectareas-en-barrio-las-playas\/\" \/>\n<meta property=\"og:locale\" content=\"es_ES\" \/>\n<meta property=\"og:type\" content=\"article\" \/>\n<meta property=\"og:title\" content=\"Se abri\u00f3 la licitaci\u00f3n para dotar de cord\u00f3n cuneta, agua y cloacas al lote de 23 hect\u00e1reas en barrio Las Playas - El Regional\" \/>\n<meta property=\"og:description\" content=\"El municipio, a trav\u00e9s del Instituto Municipal de la Vivienda e Infraestructura Habitacional (IMV), hizo p\u00fablica la convocatoria a licitaci\u00f3n para la puesta en marcha de diversos frentes de obras en las 23 hect\u00e1reas de barrio Las Playas. El proyecto, que contar\u00e1 con financiamiento del Gobierno nacional, tiene por objetivo dotar al sector de nuevos [&hellip;]\" \/>\n<meta property=\"og:url\" content=\"http:\/\/elregionalvm.com.ar\/noticias-villa-maria\/se-abrio-la-licitacion-para-dotar-de-cordon-cuneta-agua-y-cloacas-al-lote-de-23-hectareas-en-barrio-las-playas\/\" \/>\n<meta property=\"og:site_name\" content=\"El Regional\" \/>\n<meta property=\"article:publisher\" content=\"https:\/\/www.facebook.com\/elregionalvm\" \/>\n<meta property=\"article:published_time\" content=\"2022-01-28T11:14:22+00:00\" \/>\n<meta property=\"article:modified_time\" content=\"2022-01-28T11:14:23+00:00\" \/>\n<meta property=\"og:image\" content=\"http:\/\/elregionalvm.com.ar\/noticias-villa-maria\/wp-content\/uploads\/2022\/01\/cordon.jpg\" \/>\n\t<meta property=\"og:image:width\" content=\"850\" \/>\n\t<meta property=\"og:image:height\" content=\"567\" \/>\n\t<meta property=\"og:image:type\" content=\"image\/jpeg\" \/>\n<meta name=\"author\" content=\"Contenidos El Regional\" \/>\n<meta name=\"twitter:card\" content=\"summary_large_image\" \/>\n<meta name=\"twitter:creator\" content=\"@elregionalvm1\" \/>\n<meta name=\"twitter:site\" content=\"@elregionalvm1\" \/>\n<meta name=\"twitter:label1\" content=\"Escrito por\" \/>\n\t<meta name=\"twitter:data1\" content=\"Contenidos El Regional\" \/>\n\t<meta name=\"twitter:label2\" content=\"Tiempo de lectura\" \/>\n\t<meta name=\"twitter:data2\" content=\"2 minutos\" \/>\n<script type=\"application\/ld+json\" class=\"yoast-schema-graph\">{\"@context\":\"https:\/\/schema.org\",\"@graph\":[{\"@type\":\"Article\",\"@id\":\"http:\/\/elregionalvm.com.ar\/noticias-villa-maria\/se-abrio-la-licitacion-para-dotar-de-cordon-cuneta-agua-y-cloacas-al-lote-de-23-hectareas-en-barrio-las-playas\/#article\",\"isPartOf\":{\"@id\":\"http:\/\/elregionalvm.com.ar\/noticias-villa-maria\/se-abrio-la-licitacion-para-dotar-de-cordon-cuneta-agua-y-cloacas-al-lote-de-23-hectareas-en-barrio-las-playas\/\"},\"author\":{\"name\":\"Contenidos El Regional\",\"@id\":\"http:\/\/elregionalvm.com.ar\/noticias-villa-maria\/#\/schema\/person\/a0fb9c422317faca23d50163151bc354\"},\"headline\":\"Se abri\u00f3 la licitaci\u00f3n para dotar de cord\u00f3n cuneta, agua y cloacas al lote de 23 hect\u00e1reas en barrio Las Playas\",\"datePublished\":\"2022-01-28T11:14:22+00:00\",\"dateModified\":\"2022-01-28T11:14:23+00:00\",\"mainEntityOfPage\":{\"@id\":\"http:\/\/elregionalvm.com.ar\/noticias-villa-maria\/se-abrio-la-licitacion-para-dotar-de-cordon-cuneta-agua-y-cloacas-al-lote-de-23-hectareas-en-barrio-las-playas\/\"},\"wordCount\":401,\"commentCount\":0,\"image\":{\"@id\":\"http:\/\/elregionalvm.com.ar\/noticias-villa-maria\/se-abrio-la-licitacion-para-dotar-de-cordon-cuneta-agua-y-cloacas-al-lote-de-23-hectareas-en-barrio-las-playas\/#primaryimage\"},\"thumbnailUrl\":\"https:\/\/i0.wp.com\/elregionalvm.com.ar\/noticias-villa-maria\/wp-content\/uploads\/2022\/01\/cordon.jpg?fit=850%2C567&ssl=1\",\"keywords\":[\"destacado\"],\"articleSection\":[\"Villa Mar\u00eda\"],\"inLanguage\":\"es\",\"potentialAction\":[{\"@type\":\"CommentAction\",\"name\":\"Comment\",\"target\":[\"http:\/\/elregionalvm.com.ar\/noticias-villa-maria\/se-abrio-la-licitacion-para-dotar-de-cordon-cuneta-agua-y-cloacas-al-lote-de-23-hectareas-en-barrio-las-playas\/#respond\"]}]},{\"@type\":\"WebPage\",\"@id\":\"http:\/\/elregionalvm.com.ar\/noticias-villa-maria\/se-abrio-la-licitacion-para-dotar-de-cordon-cuneta-agua-y-cloacas-al-lote-de-23-hectareas-en-barrio-las-playas\/\",\"url\":\"http:\/\/elregionalvm.com.ar\/noticias-villa-maria\/se-abrio-la-licitacion-para-dotar-de-cordon-cuneta-agua-y-cloacas-al-lote-de-23-hectareas-en-barrio-las-playas\/\",\"name\":\"Se abri\u00f3 la licitaci\u00f3n para dotar de cord\u00f3n cuneta, agua y cloacas al lote de 23 hect\u00e1reas en barrio Las Playas - El Regional\",\"isPartOf\":{\"@id\":\"http:\/\/elregionalvm.com.ar\/noticias-villa-maria\/#website\"},\"primaryImageOfPage\":{\"@id\":\"http:\/\/elregionalvm.com.ar\/noticias-villa-maria\/se-abrio-la-licitacion-para-dotar-de-cordon-cuneta-agua-y-cloacas-al-lote-de-23-hectareas-en-barrio-las-playas\/#primaryimage\"},\"image\":{\"@id\":\"http:\/\/elregionalvm.com.ar\/noticias-villa-maria\/se-abrio-la-licitacion-para-dotar-de-cordon-cuneta-agua-y-cloacas-al-lote-de-23-hectareas-en-barrio-las-playas\/#primaryimage\"},\"thumbnailUrl\":\"https:\/\/i0.wp.com\/elregionalvm.com.ar\/noticias-villa-maria\/wp-content\/uploads\/2022\/01\/cordon.jpg?fit=850%2C567&ssl=1\",\"datePublished\":\"2022-01-28T11:14:22+00:00\",\"dateModified\":\"2022-01-28T11:14:23+00:00\",\"author\":{\"@id\":\"http:\/\/elregionalvm.com.ar\/noticias-villa-maria\/#\/schema\/person\/a0fb9c422317faca23d50163151bc354\"},\"breadcrumb\":{\"@id\":\"http:\/\/elregionalvm.com.ar\/noticias-villa-maria\/se-abrio-la-licitacion-para-dotar-de-cordon-cuneta-agua-y-cloacas-al-lote-de-23-hectareas-en-barrio-las-playas\/#breadcrumb\"},\"inLanguage\":\"es\",\"potentialAction\":[{\"@type\":\"ReadAction\",\"target\":[\"http:\/\/elregionalvm.com.ar\/noticias-villa-maria\/se-abrio-la-licitacion-para-dotar-de-cordon-cuneta-agua-y-cloacas-al-lote-de-23-hectareas-en-barrio-las-playas\/\"]}]},{\"@type\":\"ImageObject\",\"inLanguage\":\"es\",\"@id\":\"http:\/\/elregionalvm.com.ar\/noticias-villa-maria\/se-abrio-la-licitacion-para-dotar-de-cordon-cuneta-agua-y-cloacas-al-lote-de-23-hectareas-en-barrio-las-playas\/#primaryimage\",\"url\":\"https:\/\/i0.wp.com\/elregionalvm.com.ar\/noticias-villa-maria\/wp-content\/uploads\/2022\/01\/cordon.jpg?fit=850%2C567&ssl=1\",\"contentUrl\":\"https:\/\/i0.wp.com\/elregionalvm.com.ar\/noticias-villa-maria\/wp-content\/uploads\/2022\/01\/cordon.jpg?fit=850%2C567&ssl=1\",\"width\":850,\"height\":567},{\"@type\":\"BreadcrumbList\",\"@id\":\"http:\/\/elregionalvm.com.ar\/noticias-villa-maria\/se-abrio-la-licitacion-para-dotar-de-cordon-cuneta-agua-y-cloacas-al-lote-de-23-hectareas-en-barrio-las-playas\/#breadcrumb\",\"itemListElement\":[{\"@type\":\"ListItem\",\"position\":1,\"name\":\"Portada\",\"item\":\"https:\/\/elregionalvm.com.ar\/noticias-villa-maria\/\"},{\"@type\":\"ListItem\",\"position\":2,\"name\":\"Se abri\u00f3 la licitaci\u00f3n para dotar de cord\u00f3n cuneta, agua y cloacas al lote de 23 hect\u00e1reas en barrio Las Playas\"}]},{\"@type\":\"WebSite\",\"@id\":\"http:\/\/elregionalvm.com.ar\/noticias-villa-maria\/#website\",\"url\":\"http:\/\/elregionalvm.com.ar\/noticias-villa-maria\/\",\"name\":\"El Regional\",\"description\":\"Mucho m\u00e1s que informaci\u00f3n\",\"potentialAction\":[{\"@type\":\"SearchAction\",\"target\":{\"@type\":\"EntryPoint\",\"urlTemplate\":\"http:\/\/elregionalvm.com.ar\/noticias-villa-maria\/?s={search_term_string}\"},\"query-input\":{\"@type\":\"PropertyValueSpecification\",\"valueRequired\":true,\"valueName\":\"search_term_string\"}}],\"inLanguage\":\"es\"},{\"@type\":\"Person\",\"@id\":\"http:\/\/elregionalvm.com.ar\/noticias-villa-maria\/#\/schema\/person\/a0fb9c422317faca23d50163151bc354\",\"name\":\"Contenidos El Regional\",\"image\":{\"@type\":\"ImageObject\",\"inLanguage\":\"es\",\"@id\":\"http:\/\/elregionalvm.com.ar\/noticias-villa-maria\/#\/schema\/person\/image\/\",\"url\":\"https:\/\/secure.gravatar.com\/avatar\/265b27cb2209af7bb3a1318f03305787d7981a5cc6e6cd08fe5a4ecdf99d4b48?s=96&d=mm&r=g\",\"contentUrl\":\"https:\/\/secure.gravatar.com\/avatar\/265b27cb2209af7bb3a1318f03305787d7981a5cc6e6cd08fe5a4ecdf99d4b48?s=96&d=mm&r=g\",\"caption\":\"Contenidos El Regional\"},\"url\":\"https:\/\/elregionalvm.com.ar\/noticias-villa-maria\/author\/contenido\/\"}]}<\/script>\n<!-- \/ Yoast SEO plugin. -->","yoast_head_json":{"title":"Se abri\u00f3 la licitaci\u00f3n para dotar de cord\u00f3n cuneta, agua y cloacas al lote de 23 hect\u00e1reas en barrio Las Playas - El Regional","robots":{"index":"index","follow":"follow","max-snippet":"max-snippet:-1","max-image-preview":"max-image-preview:large","max-video-preview":"max-video-preview:-1"},"canonical":"http:\/\/elregionalvm.com.ar\/noticias-villa-maria\/se-abrio-la-licitacion-para-dotar-de-cordon-cuneta-agua-y-cloacas-al-lote-de-23-hectareas-en-barrio-las-playas\/","og_locale":"es_ES","og_type":"article","og_title":"Se abri\u00f3 la licitaci\u00f3n para dotar de cord\u00f3n cuneta, agua y cloacas al lote de 23 hect\u00e1reas en barrio Las Playas - El Regional","og_description":"El municipio, a trav\u00e9s del Instituto Municipal de la Vivienda e Infraestructura Habitacional (IMV), hizo p\u00fablica la convocatoria a licitaci\u00f3n para la puesta en marcha de diversos frentes de obras en las 23 hect\u00e1reas de barrio Las Playas. El proyecto, que contar\u00e1 con financiamiento del Gobierno nacional, tiene por objetivo dotar al sector de nuevos [&hellip;]","og_url":"http:\/\/elregionalvm.com.ar\/noticias-villa-maria\/se-abrio-la-licitacion-para-dotar-de-cordon-cuneta-agua-y-cloacas-al-lote-de-23-hectareas-en-barrio-las-playas\/","og_site_name":"El Regional","article_publisher":"https:\/\/www.facebook.com\/elregionalvm","article_published_time":"2022-01-28T11:14:22+00:00","article_modified_time":"2022-01-28T11:14:23+00:00","og_image":[{"width":850,"height":567,"url":"http:\/\/elregionalvm.com.ar\/noticias-villa-maria\/wp-content\/uploads\/2022\/01\/cordon.jpg","type":"image\/jpeg"}],"author":"Contenidos El Regional","twitter_card":"summary_large_image","twitter_creator":"@elregionalvm1","twitter_site":"@elregionalvm1","twitter_misc":{"Escrito por":"Contenidos El Regional","Tiempo de lectura":"2 minutos"},"schema":{"@context":"https:\/\/schema.org","@graph":[{"@type":"Article","@id":"http:\/\/elregionalvm.com.ar\/noticias-villa-maria\/se-abrio-la-licitacion-para-dotar-de-cordon-cuneta-agua-y-cloacas-al-lote-de-23-hectareas-en-barrio-las-playas\/#article","isPartOf":{"@id":"http:\/\/elregionalvm.com.ar\/noticias-villa-maria\/se-abrio-la-licitacion-para-dotar-de-cordon-cuneta-agua-y-cloacas-al-lote-de-23-hectareas-en-barrio-las-playas\/"},"author":{"name":"Contenidos El Regional","@id":"http:\/\/elregionalvm.com.ar\/noticias-villa-maria\/#\/schema\/person\/a0fb9c422317faca23d50163151bc354"},"headline":"Se abri\u00f3 la licitaci\u00f3n para dotar de cord\u00f3n cuneta, agua y cloacas al lote de 23 hect\u00e1reas en barrio Las Playas","datePublished":"2022-01-28T11:14:22+00:00","dateModified":"2022-01-28T11:14:23+00:00","mainEntityOfPage":{"@id":"http:\/\/elregionalvm.com.ar\/noticias-villa-maria\/se-abrio-la-licitacion-para-dotar-de-cordon-cuneta-agua-y-cloacas-al-lote-de-23-hectareas-en-barrio-las-playas\/"},"wordCount":401,"commentCount":0,"image":{"@id":"http:\/\/elregionalvm.com.ar\/noticias-villa-maria\/se-abrio-la-licitacion-para-dotar-de-cordon-cuneta-agua-y-cloacas-al-lote-de-23-hectareas-en-barrio-las-playas\/#primaryimage"},"thumbnailUrl":"https:\/\/i0.wp.com\/elregionalvm.com.ar\/noticias-villa-maria\/wp-content\/uploads\/2022\/01\/cordon.jpg?fit=850%2C567&ssl=1","keywords":["destacado"],"articleSection":["Villa Mar\u00eda"],"inLanguage":"es","potentialAction":[{"@type":"CommentAction","name":"Comment","target":["http:\/\/elregionalvm.com.ar\/noticias-villa-maria\/se-abrio-la-licitacion-para-dotar-de-cordon-cuneta-agua-y-cloacas-al-lote-de-23-hectareas-en-barrio-las-playas\/#respond"]}]},{"@type":"WebPage","@id":"http:\/\/elregionalvm.com.ar\/noticias-villa-maria\/se-abrio-la-licitacion-para-dotar-de-cordon-cuneta-agua-y-cloacas-al-lote-de-23-hectareas-en-barrio-las-playas\/","url":"http:\/\/elregionalvm.com.ar\/noticias-villa-maria\/se-abrio-la-licitacion-para-dotar-de-cordon-cuneta-agua-y-cloacas-al-lote-de-23-hectareas-en-barrio-las-playas\/","name":"Se abri\u00f3 la licitaci\u00f3n para dotar de cord\u00f3n cuneta, agua y cloacas al lote de 23 hect\u00e1reas en barrio Las Playas - El Regional","isPartOf":{"@id":"http:\/\/elregionalvm.com.ar\/noticias-villa-maria\/#website"},"primaryImageOfPage":{"@id":"http:\/\/elregionalvm.com.ar\/noticias-villa-maria\/se-abrio-la-licitacion-para-dotar-de-cordon-cuneta-agua-y-cloacas-al-lote-de-23-hectareas-en-barrio-las-playas\/#primaryimage"},"image":{"@id":"http:\/\/elregionalvm.com.ar\/noticias-villa-maria\/se-abrio-la-licitacion-para-dotar-de-cordon-cuneta-agua-y-cloacas-al-lote-de-23-hectareas-en-barrio-las-playas\/#primaryimage"},"thumbnailUrl":"https:\/\/i0.wp.com\/elregionalvm.com.ar\/noticias-villa-maria\/wp-content\/uploads\/2022\/01\/cordon.jpg?fit=850%2C567&ssl=1","datePublished":"2022-01-28T11:14:22+00:00","dateModified":"2022-01-28T11:14:23+00:00","author":{"@id":"http:\/\/elregionalvm.com.ar\/noticias-villa-maria\/#\/schema\/person\/a0fb9c422317faca23d50163151bc354"},"breadcrumb":{"@id":"http:\/\/elregionalvm.com.ar\/noticias-villa-maria\/se-abrio-la-licitacion-para-dotar-de-cordon-cuneta-agua-y-cloacas-al-lote-de-23-hectareas-en-barrio-las-playas\/#breadcrumb"},"inLanguage":"es","potentialAction":[{"@type":"ReadAction","target":["http:\/\/elregionalvm.com.ar\/noticias-villa-maria\/se-abrio-la-licitacion-para-dotar-de-cordon-cuneta-agua-y-cloacas-al-lote-de-23-hectareas-en-barrio-las-playas\/"]}]},{"@type":"ImageObject","inLanguage":"es","@id":"http:\/\/elregionalvm.com.ar\/noticias-villa-maria\/se-abrio-la-licitacion-para-dotar-de-cordon-cuneta-agua-y-cloacas-al-lote-de-23-hectareas-en-barrio-las-playas\/#primaryimage","url":"https:\/\/i0.wp.com\/elregionalvm.com.ar\/noticias-villa-maria\/wp-content\/uploads\/2022\/01\/cordon.jpg?fit=850%2C567&ssl=1","contentUrl":"https:\/\/i0.wp.com\/elregionalvm.com.ar\/noticias-villa-maria\/wp-content\/uploads\/2022\/01\/cordon.jpg?fit=850%2C567&ssl=1","width":850,"height":567},{"@type":"BreadcrumbList","@id":"http:\/\/elregionalvm.com.ar\/noticias-villa-maria\/se-abrio-la-licitacion-para-dotar-de-cordon-cuneta-agua-y-cloacas-al-lote-de-23-hectareas-en-barrio-las-playas\/#breadcrumb","itemListElement":[{"@type":"ListItem","position":1,"name":"Portada","item":"https:\/\/elregionalvm.com.ar\/noticias-villa-maria\/"},{"@type":"ListItem","position":2,"name":"Se abri\u00f3 la licitaci\u00f3n para dotar de cord\u00f3n cuneta, agua y cloacas al lote de 23 hect\u00e1reas en barrio Las Playas"}]},{"@type":"WebSite","@id":"http:\/\/elregionalvm.com.ar\/noticias-villa-maria\/#website","url":"http:\/\/elregionalvm.com.ar\/noticias-villa-maria\/","name":"El Regional","description":"Mucho m\u00e1s que informaci\u00f3n","potentialAction":[{"@type":"SearchAction","target":{"@type":"EntryPoint","urlTemplate":"http:\/\/elregionalvm.com.ar\/noticias-villa-maria\/?s={search_term_string}"},"query-input":{"@type":"PropertyValueSpecification","valueRequired":true,"valueName":"search_term_string"}}],"inLanguage":"es"},{"@type":"Person","@id":"http:\/\/elregionalvm.com.ar\/noticias-villa-maria\/#\/schema\/person\/a0fb9c422317faca23d50163151bc354","name":"Contenidos El Regional","image":{"@type":"ImageObject","inLanguage":"es","@id":"http:\/\/elregionalvm.com.ar\/noticias-villa-maria\/#\/schema\/person\/image\/","url":"https:\/\/secure.gravatar.com\/avatar\/265b27cb2209af7bb3a1318f03305787d7981a5cc6e6cd08fe5a4ecdf99d4b48?s=96&d=mm&r=g","contentUrl":"https:\/\/secure.gravatar.com\/avatar\/265b27cb2209af7bb3a1318f03305787d7981a5cc6e6cd08fe5a4ecdf99d4b48?s=96&d=mm&r=g","caption":"Contenidos El Regional"},"url":"https:\/\/elregionalvm.com.ar\/noticias-villa-maria\/author\/contenido\/"}]}},"jetpack_featured_media_url":"https:\/\/i0.wp.com\/elregionalvm.com.ar\/noticias-villa-maria\/wp-content\/uploads\/2022\/01\/cordon.jpg?fit=850%2C567&ssl=1","jetpack_sharing_enabled":true,"_links":{"self":[{"href":"https:\/\/elregionalvm.com.ar\/noticias-villa-maria\/wp-json\/wp\/v2\/posts\/51768","targetHints":{"allow":["GET"]}}],"collection":[{"href":"https:\/\/elregionalvm.com.ar\/noticias-villa-maria\/wp-json\/wp\/v2\/posts"}],"about":[{"href":"https:\/\/elregionalvm.com.ar\/noticias-villa-maria\/wp-json\/wp\/v2\/types\/post"}],"author":[{"embeddable":true,"href":"https:\/\/elregionalvm.com.ar\/noticias-villa-maria\/wp-json\/wp\/v2\/users\/4"}],"replies":[{"embeddable":true,"href":"https:\/\/elregionalvm.com.ar\/noticias-villa-maria\/wp-json\/wp\/v2\/comments?post=51768"}],"version-history":[{"count":1,"href":"https:\/\/elregionalvm.com.ar\/noticias-villa-maria\/wp-json\/wp\/v2\/posts\/51768\/revisions"}],"predecessor-version":[{"id":51770,"href":"https:\/\/elregionalvm.com.ar\/noticias-villa-maria\/wp-json\/wp\/v2\/posts\/51768\/revisions\/51770"}],"wp:featuredmedia":[{"embeddable":true,"href":"https:\/\/elregionalvm.com.ar\/noticias-villa-maria\/wp-json\/wp\/v2\/media\/51769"}],"wp:attachment":[{"href":"https:\/\/elregionalvm.com.ar\/noticias-villa-maria\/wp-json\/wp\/v2\/media?parent=51768"}],"wp:term":[{"taxonomy":"category","embeddable":true,"href":"https:\/\/elregionalvm.com.ar\/noticias-villa-maria\/wp-json\/wp\/v2\/categories?post=51768"},{"taxonomy":"post_tag","embeddable":true,"href":"https:\/\/elregionalvm.com.ar\/noticias-villa-maria\/wp-json\/wp\/v2\/tags?post=51768"}],"curies":[{"name":"wp","href":"https:\/\/api.w.org\/{rel}","templated":true}]}}