{"id":51780,"date":"2022-01-28T11:26:20","date_gmt":"2022-01-28T11:26:20","guid":{"rendered":"https:\/\/elregionalvm.com.ar\/noticias-villa-maria\/?p=51780"},"modified":"2022-01-28T11:26:21","modified_gmt":"2022-01-28T11:26:21","slug":"la-pildora-contra-el-coronavirus-de-pfizer-fue-aprobada-en-europa","status":"publish","type":"post","link":"https:\/\/elregionalvm.com.ar\/noticias-villa-maria\/la-pildora-contra-el-coronavirus-de-pfizer-fue-aprobada-en-europa\/","title":{"rendered":"La p\u00edldora contra el coronavirus de Pfizer fue aprobada en Europa"},"content":{"rendered":"\n<h3 class=\"wp-block-heading\">La\u00a0Agencia Europea de Medicamentos (EMA)\u00a0aprob\u00f3 este jueves la p\u00edldora anticovid del laboratorio\u00a0Pfizer, que se convierte en el primer tratamiento oral contra el coronavirus autorizado en la\u00a0Uni\u00f3n Europea (UE).<\/h3>\n\n\n\n<p><\/p>\n\n\n\n<p>\u00abEl Comit\u00e9 de Medicamentos de Uso Humano (CHMP) de la EMA ha recomendado la concesi\u00f3n de una autorizaci\u00f3n condicional de comercializaci\u00f3n para el medicamento antiviral oral Paxlovid\u00bb, declar\u00f3 el regulador europeo en un comunicado.<\/p>\n\n\n\n<p>La EMA \u00abrecomend\u00f3 autorizar el Paxlovid para el tratamiento del COVID-19 en los adultos que no necesitan asistencia respiratoria pero que presentan un riesgo de que la enfermedad se agrave\u00bb.<\/p>\n\n\n\n<p>Los antivirales act\u00faan reduciendo la capacidad de un virus para replicarse, frenando as\u00ed la enfermedad. Son muy esperados porque son f\u00e1ciles de administrar, pudiendo ser simplemente ingeridos con un vaso de agua.<\/p>\n\n\n\n<p>Pfizer hab\u00eda declarado en diciembre que su p\u00edldora anticovid&nbsp;reduc\u00eda en casi 90% las hospitalizaciones y muertes en personas de riesgo cuando era ingerida en los primeros d\u00edas despu\u00e9s de la aparici\u00f3n de los s\u00edntomas.<\/p>\n\n\n\n<p>La EMA evalu\u00f3 los datos de un estudio en el que participaron pacientes con infectados que demostraron que \u00abel tratamiento con Paxlovid redujo significativamente las hospitalizaciones o muertes en pacientes que presentaban al menos una enfermedad subyacente que los expon\u00eda a un riesgo de contraer un COVID-19 grave\u00bb.<\/p>\n\n\n\n<p>La mayor\u00eda de los pacientes del estudio estaban infectados con la variante delta, indic\u00f3 la Agencia Europea de Medicamentos, pero se\u00f1al\u00f3 que seg\u00fan las pruebas de laboratorio, Paxlovid deber\u00eda seguir siendo eficaz contra \u00f3micron.<\/p>\n\n\n\n<p>Estados Unidos, Canad\u00e1 e Israel forman parte de un pu\u00f1ado de pa\u00edses que ya han dado luz verde al tratamiento Pfizer.<\/p>\n\n\n\n<p><em>Fuente: AFP.<\/em><\/p>\n","protected":false},"excerpt":{"rendered":"<p>La\u00a0Agencia Europea de Medicamentos (EMA)\u00a0aprob\u00f3 este jueves la p\u00edldora anticovid del laboratorio\u00a0Pfizer, que se convierte en el primer tratamiento oral contra el coronavirus autorizado en la\u00a0Uni\u00f3n Europea (UE). \u00abEl Comit\u00e9 de Medicamentos de Uso Humano (CHMP) de la EMA ha recomendado la concesi\u00f3n de una autorizaci\u00f3n condicional de comercializaci\u00f3n para el medicamento antiviral oral Paxlovid\u00bb, [&hellip;]<\/p>\n","protected":false},"author":4,"featured_media":51781,"comment_status":"open","ping_status":"open","sticky":false,"template":"","format":"standard","meta":{"site-sidebar-layout":"default","site-content-layout":"default","ast-site-content-layout":"default","site-content-style":"default","site-sidebar-style":"default","ast-global-header-display":"","ast-banner-title-visibility":"","ast-main-header-display":"","ast-hfb-above-header-display":"","ast-hfb-below-header-display":"","ast-hfb-mobile-header-display":"","site-post-title":"","ast-breadcrumbs-content":"","ast-featured-img":"","footer-sml-layout":"","ast-disable-related-posts":"","theme-transparent-header-meta":"default","adv-header-id-meta":"","stick-header-meta":"","header-above-stick-meta":"","header-main-stick-meta":"","header-below-stick-meta":"","astra-migrate-meta-layouts":"default","ast-page-background-enabled":"default","ast-page-background-meta":{"desktop":{"background-color":"","background-image":"","background-repeat":"repeat","background-position":"center center","background-size":"auto","background-attachment":"scroll","background-type":"","background-media":"","overlay-type":"","overlay-color":"","overlay-opacity":"","overlay-gradient":""},"tablet":{"background-color":"","background-image":"","background-repeat":"repeat","background-position":"center center","background-size":"auto","background-attachment":"scroll","background-type":"","background-media":"","overlay-type":"","overlay-color":"","overlay-opacity":"","overlay-gradient":""},"mobile":{"background-color":"","background-image":"","background-repeat":"repeat","background-position":"center center","background-size":"auto","background-attachment":"scroll","background-type":"","background-media":"","overlay-type":"","overlay-color":"","overlay-opacity":"","overlay-gradient":""}},"ast-content-background-meta":{"desktop":{"background-color":"var(--ast-global-color-5)","background-image":"","background-repeat":"repeat","background-position":"center center","background-size":"auto","background-attachment":"scroll","background-type":"","background-media":"","overlay-type":"","overlay-color":"","overlay-opacity":"","overlay-gradient":""},"tablet":{"background-color":"var(--ast-global-color-5)","background-image":"","background-repeat":"repeat","background-position":"center center","background-size":"auto","background-attachment":"scroll","background-type":"","background-media":"","overlay-type":"","overlay-color":"","overlay-opacity":"","overlay-gradient":""},"mobile":{"background-color":"var(--ast-global-color-5)","background-image":"","background-repeat":"repeat","background-position":"center center","background-size":"auto","background-attachment":"scroll","background-type":"","background-media":"","overlay-type":"","overlay-color":"","overlay-opacity":"","overlay-gradient":""}},"_jetpack_memberships_contains_paid_content":false,"_joinchat":[],"footnotes":""},"categories":[2256],"tags":[1232],"class_list":["post-51780","post","type-post","status-publish","format-standard","has-post-thumbnail","hentry","category-coronavirus","tag-destacado"],"yoast_head":"<!-- This site is optimized with the Yoast SEO plugin v26.8 - https:\/\/yoast.com\/product\/yoast-seo-wordpress\/ -->\n<title>La p\u00edldora contra el coronavirus de Pfizer fue aprobada en Europa - El Regional<\/title>\n<meta name=\"robots\" content=\"index, follow, max-snippet:-1, max-image-preview:large, max-video-preview:-1\" \/>\n<link rel=\"canonical\" href=\"http:\/\/elregionalvm.com.ar\/noticias-villa-maria\/la-pildora-contra-el-coronavirus-de-pfizer-fue-aprobada-en-europa\/\" \/>\n<meta property=\"og:locale\" content=\"es_ES\" \/>\n<meta property=\"og:type\" content=\"article\" \/>\n<meta property=\"og:title\" content=\"La p\u00edldora contra el coronavirus de Pfizer fue aprobada en Europa - El Regional\" \/>\n<meta property=\"og:description\" content=\"La\u00a0Agencia Europea de Medicamentos (EMA)\u00a0aprob\u00f3 este jueves la p\u00edldora anticovid del laboratorio\u00a0Pfizer, que se convierte en el primer tratamiento oral contra el coronavirus autorizado en la\u00a0Uni\u00f3n Europea (UE). \u00abEl Comit\u00e9 de Medicamentos de Uso Humano (CHMP) de la EMA ha recomendado la concesi\u00f3n de una autorizaci\u00f3n condicional de comercializaci\u00f3n para el medicamento antiviral oral Paxlovid\u00bb, [&hellip;]\" \/>\n<meta property=\"og:url\" content=\"http:\/\/elregionalvm.com.ar\/noticias-villa-maria\/la-pildora-contra-el-coronavirus-de-pfizer-fue-aprobada-en-europa\/\" \/>\n<meta property=\"og:site_name\" content=\"El Regional\" \/>\n<meta property=\"article:publisher\" content=\"https:\/\/www.facebook.com\/elregionalvm\" \/>\n<meta property=\"article:published_time\" content=\"2022-01-28T11:26:20+00:00\" \/>\n<meta property=\"article:modified_time\" content=\"2022-01-28T11:26:21+00:00\" \/>\n<meta property=\"og:image\" content=\"http:\/\/elregionalvm.com.ar\/noticias-villa-maria\/wp-content\/uploads\/2022\/01\/f800x450-197648_249094_5050.jpg\" \/>\n\t<meta property=\"og:image:width\" content=\"800\" \/>\n\t<meta property=\"og:image:height\" content=\"450\" \/>\n\t<meta property=\"og:image:type\" content=\"image\/jpeg\" \/>\n<meta name=\"author\" content=\"Contenidos El Regional\" \/>\n<meta name=\"twitter:card\" content=\"summary_large_image\" \/>\n<meta name=\"twitter:creator\" content=\"@elregionalvm1\" \/>\n<meta name=\"twitter:site\" content=\"@elregionalvm1\" \/>\n<meta name=\"twitter:label1\" content=\"Escrito por\" \/>\n\t<meta name=\"twitter:data1\" content=\"Contenidos El Regional\" \/>\n\t<meta name=\"twitter:label2\" content=\"Tiempo de lectura\" \/>\n\t<meta name=\"twitter:data2\" content=\"2 minutos\" \/>\n<script type=\"application\/ld+json\" class=\"yoast-schema-graph\">{\"@context\":\"https:\/\/schema.org\",\"@graph\":[{\"@type\":\"Article\",\"@id\":\"http:\/\/elregionalvm.com.ar\/noticias-villa-maria\/la-pildora-contra-el-coronavirus-de-pfizer-fue-aprobada-en-europa\/#article\",\"isPartOf\":{\"@id\":\"http:\/\/elregionalvm.com.ar\/noticias-villa-maria\/la-pildora-contra-el-coronavirus-de-pfizer-fue-aprobada-en-europa\/\"},\"author\":{\"name\":\"Contenidos El Regional\",\"@id\":\"http:\/\/elregionalvm.com.ar\/noticias-villa-maria\/#\/schema\/person\/a0fb9c422317faca23d50163151bc354\"},\"headline\":\"La p\u00edldora contra el coronavirus de Pfizer fue aprobada en Europa\",\"datePublished\":\"2022-01-28T11:26:20+00:00\",\"dateModified\":\"2022-01-28T11:26:21+00:00\",\"mainEntityOfPage\":{\"@id\":\"http:\/\/elregionalvm.com.ar\/noticias-villa-maria\/la-pildora-contra-el-coronavirus-de-pfizer-fue-aprobada-en-europa\/\"},\"wordCount\":301,\"commentCount\":0,\"image\":{\"@id\":\"http:\/\/elregionalvm.com.ar\/noticias-villa-maria\/la-pildora-contra-el-coronavirus-de-pfizer-fue-aprobada-en-europa\/#primaryimage\"},\"thumbnailUrl\":\"https:\/\/i0.wp.com\/elregionalvm.com.ar\/noticias-villa-maria\/wp-content\/uploads\/2022\/01\/f800x450-197648_249094_5050.jpg?fit=800%2C450&ssl=1\",\"keywords\":[\"destacado\"],\"articleSection\":[\"Coronavirus\"],\"inLanguage\":\"es\",\"potentialAction\":[{\"@type\":\"CommentAction\",\"name\":\"Comment\",\"target\":[\"http:\/\/elregionalvm.com.ar\/noticias-villa-maria\/la-pildora-contra-el-coronavirus-de-pfizer-fue-aprobada-en-europa\/#respond\"]}]},{\"@type\":\"WebPage\",\"@id\":\"http:\/\/elregionalvm.com.ar\/noticias-villa-maria\/la-pildora-contra-el-coronavirus-de-pfizer-fue-aprobada-en-europa\/\",\"url\":\"http:\/\/elregionalvm.com.ar\/noticias-villa-maria\/la-pildora-contra-el-coronavirus-de-pfizer-fue-aprobada-en-europa\/\",\"name\":\"La p\u00edldora contra el coronavirus de Pfizer fue aprobada en Europa - El Regional\",\"isPartOf\":{\"@id\":\"http:\/\/elregionalvm.com.ar\/noticias-villa-maria\/#website\"},\"primaryImageOfPage\":{\"@id\":\"http:\/\/elregionalvm.com.ar\/noticias-villa-maria\/la-pildora-contra-el-coronavirus-de-pfizer-fue-aprobada-en-europa\/#primaryimage\"},\"image\":{\"@id\":\"http:\/\/elregionalvm.com.ar\/noticias-villa-maria\/la-pildora-contra-el-coronavirus-de-pfizer-fue-aprobada-en-europa\/#primaryimage\"},\"thumbnailUrl\":\"https:\/\/i0.wp.com\/elregionalvm.com.ar\/noticias-villa-maria\/wp-content\/uploads\/2022\/01\/f800x450-197648_249094_5050.jpg?fit=800%2C450&ssl=1\",\"datePublished\":\"2022-01-28T11:26:20+00:00\",\"dateModified\":\"2022-01-28T11:26:21+00:00\",\"author\":{\"@id\":\"http:\/\/elregionalvm.com.ar\/noticias-villa-maria\/#\/schema\/person\/a0fb9c422317faca23d50163151bc354\"},\"breadcrumb\":{\"@id\":\"http:\/\/elregionalvm.com.ar\/noticias-villa-maria\/la-pildora-contra-el-coronavirus-de-pfizer-fue-aprobada-en-europa\/#breadcrumb\"},\"inLanguage\":\"es\",\"potentialAction\":[{\"@type\":\"ReadAction\",\"target\":[\"http:\/\/elregionalvm.com.ar\/noticias-villa-maria\/la-pildora-contra-el-coronavirus-de-pfizer-fue-aprobada-en-europa\/\"]}]},{\"@type\":\"ImageObject\",\"inLanguage\":\"es\",\"@id\":\"http:\/\/elregionalvm.com.ar\/noticias-villa-maria\/la-pildora-contra-el-coronavirus-de-pfizer-fue-aprobada-en-europa\/#primaryimage\",\"url\":\"https:\/\/i0.wp.com\/elregionalvm.com.ar\/noticias-villa-maria\/wp-content\/uploads\/2022\/01\/f800x450-197648_249094_5050.jpg?fit=800%2C450&ssl=1\",\"contentUrl\":\"https:\/\/i0.wp.com\/elregionalvm.com.ar\/noticias-villa-maria\/wp-content\/uploads\/2022\/01\/f800x450-197648_249094_5050.jpg?fit=800%2C450&ssl=1\",\"width\":800,\"height\":450},{\"@type\":\"BreadcrumbList\",\"@id\":\"http:\/\/elregionalvm.com.ar\/noticias-villa-maria\/la-pildora-contra-el-coronavirus-de-pfizer-fue-aprobada-en-europa\/#breadcrumb\",\"itemListElement\":[{\"@type\":\"ListItem\",\"position\":1,\"name\":\"Portada\",\"item\":\"https:\/\/elregionalvm.com.ar\/noticias-villa-maria\/\"},{\"@type\":\"ListItem\",\"position\":2,\"name\":\"La p\u00edldora contra el coronavirus de Pfizer fue aprobada en Europa\"}]},{\"@type\":\"WebSite\",\"@id\":\"http:\/\/elregionalvm.com.ar\/noticias-villa-maria\/#website\",\"url\":\"http:\/\/elregionalvm.com.ar\/noticias-villa-maria\/\",\"name\":\"El Regional\",\"description\":\"Mucho m\u00e1s que informaci\u00f3n\",\"potentialAction\":[{\"@type\":\"SearchAction\",\"target\":{\"@type\":\"EntryPoint\",\"urlTemplate\":\"http:\/\/elregionalvm.com.ar\/noticias-villa-maria\/?s={search_term_string}\"},\"query-input\":{\"@type\":\"PropertyValueSpecification\",\"valueRequired\":true,\"valueName\":\"search_term_string\"}}],\"inLanguage\":\"es\"},{\"@type\":\"Person\",\"@id\":\"http:\/\/elregionalvm.com.ar\/noticias-villa-maria\/#\/schema\/person\/a0fb9c422317faca23d50163151bc354\",\"name\":\"Contenidos El Regional\",\"image\":{\"@type\":\"ImageObject\",\"inLanguage\":\"es\",\"@id\":\"http:\/\/elregionalvm.com.ar\/noticias-villa-maria\/#\/schema\/person\/image\/\",\"url\":\"https:\/\/secure.gravatar.com\/avatar\/265b27cb2209af7bb3a1318f03305787d7981a5cc6e6cd08fe5a4ecdf99d4b48?s=96&d=mm&r=g\",\"contentUrl\":\"https:\/\/secure.gravatar.com\/avatar\/265b27cb2209af7bb3a1318f03305787d7981a5cc6e6cd08fe5a4ecdf99d4b48?s=96&d=mm&r=g\",\"caption\":\"Contenidos El Regional\"},\"url\":\"https:\/\/elregionalvm.com.ar\/noticias-villa-maria\/author\/contenido\/\"}]}<\/script>\n<!-- \/ Yoast SEO plugin. -->","yoast_head_json":{"title":"La p\u00edldora contra el coronavirus de Pfizer fue aprobada en Europa - El Regional","robots":{"index":"index","follow":"follow","max-snippet":"max-snippet:-1","max-image-preview":"max-image-preview:large","max-video-preview":"max-video-preview:-1"},"canonical":"http:\/\/elregionalvm.com.ar\/noticias-villa-maria\/la-pildora-contra-el-coronavirus-de-pfizer-fue-aprobada-en-europa\/","og_locale":"es_ES","og_type":"article","og_title":"La p\u00edldora contra el coronavirus de Pfizer fue aprobada en Europa - El Regional","og_description":"La\u00a0Agencia Europea de Medicamentos (EMA)\u00a0aprob\u00f3 este jueves la p\u00edldora anticovid del laboratorio\u00a0Pfizer, que se convierte en el primer tratamiento oral contra el coronavirus autorizado en la\u00a0Uni\u00f3n Europea (UE). \u00abEl Comit\u00e9 de Medicamentos de Uso Humano (CHMP) de la EMA ha recomendado la concesi\u00f3n de una autorizaci\u00f3n condicional de comercializaci\u00f3n para el medicamento antiviral oral Paxlovid\u00bb, [&hellip;]","og_url":"http:\/\/elregionalvm.com.ar\/noticias-villa-maria\/la-pildora-contra-el-coronavirus-de-pfizer-fue-aprobada-en-europa\/","og_site_name":"El Regional","article_publisher":"https:\/\/www.facebook.com\/elregionalvm","article_published_time":"2022-01-28T11:26:20+00:00","article_modified_time":"2022-01-28T11:26:21+00:00","og_image":[{"width":800,"height":450,"url":"http:\/\/elregionalvm.com.ar\/noticias-villa-maria\/wp-content\/uploads\/2022\/01\/f800x450-197648_249094_5050.jpg","type":"image\/jpeg"}],"author":"Contenidos El Regional","twitter_card":"summary_large_image","twitter_creator":"@elregionalvm1","twitter_site":"@elregionalvm1","twitter_misc":{"Escrito por":"Contenidos El Regional","Tiempo de lectura":"2 minutos"},"schema":{"@context":"https:\/\/schema.org","@graph":[{"@type":"Article","@id":"http:\/\/elregionalvm.com.ar\/noticias-villa-maria\/la-pildora-contra-el-coronavirus-de-pfizer-fue-aprobada-en-europa\/#article","isPartOf":{"@id":"http:\/\/elregionalvm.com.ar\/noticias-villa-maria\/la-pildora-contra-el-coronavirus-de-pfizer-fue-aprobada-en-europa\/"},"author":{"name":"Contenidos El Regional","@id":"http:\/\/elregionalvm.com.ar\/noticias-villa-maria\/#\/schema\/person\/a0fb9c422317faca23d50163151bc354"},"headline":"La p\u00edldora contra el coronavirus de Pfizer fue aprobada en Europa","datePublished":"2022-01-28T11:26:20+00:00","dateModified":"2022-01-28T11:26:21+00:00","mainEntityOfPage":{"@id":"http:\/\/elregionalvm.com.ar\/noticias-villa-maria\/la-pildora-contra-el-coronavirus-de-pfizer-fue-aprobada-en-europa\/"},"wordCount":301,"commentCount":0,"image":{"@id":"http:\/\/elregionalvm.com.ar\/noticias-villa-maria\/la-pildora-contra-el-coronavirus-de-pfizer-fue-aprobada-en-europa\/#primaryimage"},"thumbnailUrl":"https:\/\/i0.wp.com\/elregionalvm.com.ar\/noticias-villa-maria\/wp-content\/uploads\/2022\/01\/f800x450-197648_249094_5050.jpg?fit=800%2C450&ssl=1","keywords":["destacado"],"articleSection":["Coronavirus"],"inLanguage":"es","potentialAction":[{"@type":"CommentAction","name":"Comment","target":["http:\/\/elregionalvm.com.ar\/noticias-villa-maria\/la-pildora-contra-el-coronavirus-de-pfizer-fue-aprobada-en-europa\/#respond"]}]},{"@type":"WebPage","@id":"http:\/\/elregionalvm.com.ar\/noticias-villa-maria\/la-pildora-contra-el-coronavirus-de-pfizer-fue-aprobada-en-europa\/","url":"http:\/\/elregionalvm.com.ar\/noticias-villa-maria\/la-pildora-contra-el-coronavirus-de-pfizer-fue-aprobada-en-europa\/","name":"La p\u00edldora contra el coronavirus de Pfizer fue aprobada en Europa - El Regional","isPartOf":{"@id":"http:\/\/elregionalvm.com.ar\/noticias-villa-maria\/#website"},"primaryImageOfPage":{"@id":"http:\/\/elregionalvm.com.ar\/noticias-villa-maria\/la-pildora-contra-el-coronavirus-de-pfizer-fue-aprobada-en-europa\/#primaryimage"},"image":{"@id":"http:\/\/elregionalvm.com.ar\/noticias-villa-maria\/la-pildora-contra-el-coronavirus-de-pfizer-fue-aprobada-en-europa\/#primaryimage"},"thumbnailUrl":"https:\/\/i0.wp.com\/elregionalvm.com.ar\/noticias-villa-maria\/wp-content\/uploads\/2022\/01\/f800x450-197648_249094_5050.jpg?fit=800%2C450&ssl=1","datePublished":"2022-01-28T11:26:20+00:00","dateModified":"2022-01-28T11:26:21+00:00","author":{"@id":"http:\/\/elregionalvm.com.ar\/noticias-villa-maria\/#\/schema\/person\/a0fb9c422317faca23d50163151bc354"},"breadcrumb":{"@id":"http:\/\/elregionalvm.com.ar\/noticias-villa-maria\/la-pildora-contra-el-coronavirus-de-pfizer-fue-aprobada-en-europa\/#breadcrumb"},"inLanguage":"es","potentialAction":[{"@type":"ReadAction","target":["http:\/\/elregionalvm.com.ar\/noticias-villa-maria\/la-pildora-contra-el-coronavirus-de-pfizer-fue-aprobada-en-europa\/"]}]},{"@type":"ImageObject","inLanguage":"es","@id":"http:\/\/elregionalvm.com.ar\/noticias-villa-maria\/la-pildora-contra-el-coronavirus-de-pfizer-fue-aprobada-en-europa\/#primaryimage","url":"https:\/\/i0.wp.com\/elregionalvm.com.ar\/noticias-villa-maria\/wp-content\/uploads\/2022\/01\/f800x450-197648_249094_5050.jpg?fit=800%2C450&ssl=1","contentUrl":"https:\/\/i0.wp.com\/elregionalvm.com.ar\/noticias-villa-maria\/wp-content\/uploads\/2022\/01\/f800x450-197648_249094_5050.jpg?fit=800%2C450&ssl=1","width":800,"height":450},{"@type":"BreadcrumbList","@id":"http:\/\/elregionalvm.com.ar\/noticias-villa-maria\/la-pildora-contra-el-coronavirus-de-pfizer-fue-aprobada-en-europa\/#breadcrumb","itemListElement":[{"@type":"ListItem","position":1,"name":"Portada","item":"https:\/\/elregionalvm.com.ar\/noticias-villa-maria\/"},{"@type":"ListItem","position":2,"name":"La p\u00edldora contra el coronavirus de Pfizer fue aprobada en Europa"}]},{"@type":"WebSite","@id":"http:\/\/elregionalvm.com.ar\/noticias-villa-maria\/#website","url":"http:\/\/elregionalvm.com.ar\/noticias-villa-maria\/","name":"El Regional","description":"Mucho m\u00e1s que informaci\u00f3n","potentialAction":[{"@type":"SearchAction","target":{"@type":"EntryPoint","urlTemplate":"http:\/\/elregionalvm.com.ar\/noticias-villa-maria\/?s={search_term_string}"},"query-input":{"@type":"PropertyValueSpecification","valueRequired":true,"valueName":"search_term_string"}}],"inLanguage":"es"},{"@type":"Person","@id":"http:\/\/elregionalvm.com.ar\/noticias-villa-maria\/#\/schema\/person\/a0fb9c422317faca23d50163151bc354","name":"Contenidos El Regional","image":{"@type":"ImageObject","inLanguage":"es","@id":"http:\/\/elregionalvm.com.ar\/noticias-villa-maria\/#\/schema\/person\/image\/","url":"https:\/\/secure.gravatar.com\/avatar\/265b27cb2209af7bb3a1318f03305787d7981a5cc6e6cd08fe5a4ecdf99d4b48?s=96&d=mm&r=g","contentUrl":"https:\/\/secure.gravatar.com\/avatar\/265b27cb2209af7bb3a1318f03305787d7981a5cc6e6cd08fe5a4ecdf99d4b48?s=96&d=mm&r=g","caption":"Contenidos El Regional"},"url":"https:\/\/elregionalvm.com.ar\/noticias-villa-maria\/author\/contenido\/"}]}},"jetpack_featured_media_url":"https:\/\/i0.wp.com\/elregionalvm.com.ar\/noticias-villa-maria\/wp-content\/uploads\/2022\/01\/f800x450-197648_249094_5050.jpg?fit=800%2C450&ssl=1","jetpack_sharing_enabled":true,"_links":{"self":[{"href":"https:\/\/elregionalvm.com.ar\/noticias-villa-maria\/wp-json\/wp\/v2\/posts\/51780","targetHints":{"allow":["GET"]}}],"collection":[{"href":"https:\/\/elregionalvm.com.ar\/noticias-villa-maria\/wp-json\/wp\/v2\/posts"}],"about":[{"href":"https:\/\/elregionalvm.com.ar\/noticias-villa-maria\/wp-json\/wp\/v2\/types\/post"}],"author":[{"embeddable":true,"href":"https:\/\/elregionalvm.com.ar\/noticias-villa-maria\/wp-json\/wp\/v2\/users\/4"}],"replies":[{"embeddable":true,"href":"https:\/\/elregionalvm.com.ar\/noticias-villa-maria\/wp-json\/wp\/v2\/comments?post=51780"}],"version-history":[{"count":1,"href":"https:\/\/elregionalvm.com.ar\/noticias-villa-maria\/wp-json\/wp\/v2\/posts\/51780\/revisions"}],"predecessor-version":[{"id":51782,"href":"https:\/\/elregionalvm.com.ar\/noticias-villa-maria\/wp-json\/wp\/v2\/posts\/51780\/revisions\/51782"}],"wp:featuredmedia":[{"embeddable":true,"href":"https:\/\/elregionalvm.com.ar\/noticias-villa-maria\/wp-json\/wp\/v2\/media\/51781"}],"wp:attachment":[{"href":"https:\/\/elregionalvm.com.ar\/noticias-villa-maria\/wp-json\/wp\/v2\/media?parent=51780"}],"wp:term":[{"taxonomy":"category","embeddable":true,"href":"https:\/\/elregionalvm.com.ar\/noticias-villa-maria\/wp-json\/wp\/v2\/categories?post=51780"},{"taxonomy":"post_tag","embeddable":true,"href":"https:\/\/elregionalvm.com.ar\/noticias-villa-maria\/wp-json\/wp\/v2\/tags?post=51780"}],"curies":[{"name":"wp","href":"https:\/\/api.w.org\/{rel}","templated":true}]}}