{"id":51852,"date":"2022-01-31T12:26:28","date_gmt":"2022-01-31T12:26:28","guid":{"rendered":"https:\/\/elregionalvm.com.ar\/noticias-villa-maria\/?p=51852"},"modified":"2022-01-31T12:26:29","modified_gmt":"2022-01-31T12:26:29","slug":"operativos-antidrogas-invernadero-de-marihuana-desmantelado-y-dos-detenidos","status":"publish","type":"post","link":"https:\/\/elregionalvm.com.ar\/noticias-villa-maria\/operativos-antidrogas-invernadero-de-marihuana-desmantelado-y-dos-detenidos\/","title":{"rendered":"Operativos antidrogas: invernadero de marihuana desmantelado y dos detenidos"},"content":{"rendered":"\n<p><\/p>\n\n\n\n<p>En el marco de dos tareas investigativas por causas de drogas en Villa Mar\u00eda, personal de la Fuerza Policial Antinarcotr\u00e1fico llev\u00f3 a cabo sendos procedimientos en los cuales se desmantel\u00f3 un invernadero y se desarticul\u00f3 un punto de venta de estupefacientes en la ciudad.<\/p>\n\n\n\n<p>Por un lado, en calle Scalabrini Ortiz al 800, se desarticul\u00f3 un invernadero de marihuana, se aprehendi\u00f3 a un sujeto de 31 a\u00f1os y se logr\u00f3 el secuestro de plantas de marihuana, m\u00e1s de 700 semillas de cannabis sativa, art\u00edculos de invernadero, entre otros elementos relacionados.<\/p>\n\n\n\n<p><\/p>\n\n\n\n<figure class=\"wp-block-gallery columns-2 is-cropped wp-block-gallery-1 is-layout-flex wp-block-gallery-is-layout-flex\"><ul class=\"blocks-gallery-grid\"><li class=\"blocks-gallery-item\"><figure><img data-recalc-dims=\"1\" fetchpriority=\"high\" decoding=\"async\" width=\"762\" height=\"832\" src=\"https:\/\/i0.wp.com\/elregionalvm.com.ar\/noticias-villa-maria\/wp-content\/uploads\/2022\/01\/FPA-agente-allanamiento-Villa-Maria.jpeg?resize=762%2C832&#038;ssl=1\" alt=\"\" data-id=\"51857\" data-full-url=\"https:\/\/elregionalvm.com.ar\/noticias-villa-maria\/wp-content\/uploads\/2022\/01\/FPA-agente-allanamiento-Villa-Maria.jpeg\" data-link=\"https:\/\/elregionalvm.com.ar\/noticias-villa-maria\/?attachment_id=51857\" class=\"wp-image-51857\" srcset=\"https:\/\/i0.wp.com\/elregionalvm.com.ar\/noticias-villa-maria\/wp-content\/uploads\/2022\/01\/FPA-agente-allanamiento-Villa-Maria.jpeg?w=762&amp;ssl=1 762w, https:\/\/i0.wp.com\/elregionalvm.com.ar\/noticias-villa-maria\/wp-content\/uploads\/2022\/01\/FPA-agente-allanamiento-Villa-Maria.jpeg?resize=275%2C300&amp;ssl=1 275w\" sizes=\"(max-width: 762px) 100vw, 762px\" \/><\/figure><\/li><li class=\"blocks-gallery-item\"><figure><img data-recalc-dims=\"1\" decoding=\"async\" width=\"597\" height=\"608\" src=\"https:\/\/i0.wp.com\/elregionalvm.com.ar\/noticias-villa-maria\/wp-content\/uploads\/2022\/01\/FPA-detenido-drogas-2022.jpeg?resize=597%2C608&#038;ssl=1\" alt=\"\" data-id=\"51854\" data-full-url=\"https:\/\/elregionalvm.com.ar\/noticias-villa-maria\/wp-content\/uploads\/2022\/01\/FPA-detenido-drogas-2022.jpeg\" data-link=\"https:\/\/elregionalvm.com.ar\/noticias-villa-maria\/?attachment_id=51854\" class=\"wp-image-51854\" srcset=\"https:\/\/i0.wp.com\/elregionalvm.com.ar\/noticias-villa-maria\/wp-content\/uploads\/2022\/01\/FPA-detenido-drogas-2022.jpeg?w=597&amp;ssl=1 597w, https:\/\/i0.wp.com\/elregionalvm.com.ar\/noticias-villa-maria\/wp-content\/uploads\/2022\/01\/FPA-detenido-drogas-2022.jpeg?resize=295%2C300&amp;ssl=1 295w\" sizes=\"(max-width: 597px) 100vw, 597px\" \/><\/figure><\/li><\/ul><\/figure>\n\n\n\n<p><\/p>\n\n\n\n<p>Por su parte, luego de una investigaci\u00f3n iniciada por personal de la FPA, se efectu\u00f3 un allanamiento en una vivienda de calle 25 de Mayo al 1200.<\/p>\n\n\n\n<p>All\u00ed se desbarat\u00f3 un punto de venta de estupefacientes, se detuvo a un sujeto de 51 a\u00f1os de edad y se incautaron varias dosis de coca\u00edna, $153.000 y elementos de inter\u00e9s para la causa.<\/p>\n\n\n\n<p><\/p>\n\n\n\n<figure class=\"wp-block-gallery columns-1 is-cropped wp-block-gallery-2 is-layout-flex wp-block-gallery-is-layout-flex\"><ul class=\"blocks-gallery-grid\"><li class=\"blocks-gallery-item\"><figure><img data-recalc-dims=\"1\" decoding=\"async\" width=\"696\" height=\"437\" src=\"https:\/\/i0.wp.com\/elregionalvm.com.ar\/noticias-villa-maria\/wp-content\/uploads\/2022\/01\/FPA-operativo-antidrogas.jpeg?resize=696%2C437&#038;ssl=1\" alt=\"\" data-id=\"51856\" data-full-url=\"https:\/\/elregionalvm.com.ar\/noticias-villa-maria\/wp-content\/uploads\/2022\/01\/FPA-operativo-antidrogas.jpeg\" data-link=\"https:\/\/elregionalvm.com.ar\/noticias-villa-maria\/?attachment_id=51856\" class=\"wp-image-51856\" srcset=\"https:\/\/i0.wp.com\/elregionalvm.com.ar\/noticias-villa-maria\/wp-content\/uploads\/2022\/01\/FPA-operativo-antidrogas.jpeg?w=696&amp;ssl=1 696w, https:\/\/i0.wp.com\/elregionalvm.com.ar\/noticias-villa-maria\/wp-content\/uploads\/2022\/01\/FPA-operativo-antidrogas.jpeg?resize=300%2C188&amp;ssl=1 300w\" sizes=\"(max-width: 696px) 100vw, 696px\" \/><\/figure><\/li><\/ul><\/figure>\n\n\n\n<p><\/p>\n\n\n\n<p>Intervino la Fiscal\u00eda de Lucha Contra el Narcotr\u00e1fico de Villa Mar\u00eda quien orden\u00f3 el traslado de los investigados a sede judicial por infracci\u00f3n a la Ley Nacional de Estupefacientes 23.737.<\/p>\n","protected":false},"excerpt":{"rendered":"<p>En el marco de dos tareas investigativas por causas de drogas en Villa Mar\u00eda, personal de la Fuerza Policial Antinarcotr\u00e1fico llev\u00f3 a cabo sendos procedimientos en los cuales se desmantel\u00f3 un invernadero y se desarticul\u00f3 un punto de venta de estupefacientes en la ciudad. Por un lado, en calle Scalabrini Ortiz al 800, se desarticul\u00f3 [&hellip;]<\/p>\n","protected":false},"author":4,"featured_media":51855,"comment_status":"open","ping_status":"open","sticky":false,"template":"","format":"standard","meta":{"site-sidebar-layout":"default","site-content-layout":"default","ast-site-content-layout":"default","site-content-style":"default","site-sidebar-style":"default","ast-global-header-display":"","ast-banner-title-visibility":"","ast-main-header-display":"","ast-hfb-above-header-display":"","ast-hfb-below-header-display":"","ast-hfb-mobile-header-display":"","site-post-title":"","ast-breadcrumbs-content":"","ast-featured-img":"","footer-sml-layout":"","ast-disable-related-posts":"","theme-transparent-header-meta":"default","adv-header-id-meta":"","stick-header-meta":"","header-above-stick-meta":"","header-main-stick-meta":"","header-below-stick-meta":"","astra-migrate-meta-layouts":"default","ast-page-background-enabled":"default","ast-page-background-meta":{"desktop":{"background-color":"","background-image":"","background-repeat":"repeat","background-position":"center center","background-size":"auto","background-attachment":"scroll","background-type":"","background-media":"","overlay-type":"","overlay-color":"","overlay-opacity":"","overlay-gradient":""},"tablet":{"background-color":"","background-image":"","background-repeat":"repeat","background-position":"center center","background-size":"auto","background-attachment":"scroll","background-type":"","background-media":"","overlay-type":"","overlay-color":"","overlay-opacity":"","overlay-gradient":""},"mobile":{"background-color":"","background-image":"","background-repeat":"repeat","background-position":"center center","background-size":"auto","background-attachment":"scroll","background-type":"","background-media":"","overlay-type":"","overlay-color":"","overlay-opacity":"","overlay-gradient":""}},"ast-content-background-meta":{"desktop":{"background-color":"var(--ast-global-color-5)","background-image":"","background-repeat":"repeat","background-position":"center center","background-size":"auto","background-attachment":"scroll","background-type":"","background-media":"","overlay-type":"","overlay-color":"","overlay-opacity":"","overlay-gradient":""},"tablet":{"background-color":"var(--ast-global-color-5)","background-image":"","background-repeat":"repeat","background-position":"center center","background-size":"auto","background-attachment":"scroll","background-type":"","background-media":"","overlay-type":"","overlay-color":"","overlay-opacity":"","overlay-gradient":""},"mobile":{"background-color":"var(--ast-global-color-5)","background-image":"","background-repeat":"repeat","background-position":"center center","background-size":"auto","background-attachment":"scroll","background-type":"","background-media":"","overlay-type":"","overlay-color":"","overlay-opacity":"","overlay-gradient":""}},"_jetpack_memberships_contains_paid_content":false,"_joinchat":[],"footnotes":""},"categories":[2234,2],"tags":[2325,2708,1232,2305,1331,2373,13391,2440,8217],"class_list":["post-51852","post","type-post","status-publish","format-standard","has-post-thumbnail","hentry","category-policiales","category-villa-maria","tag-allanamiento","tag-cocaina","tag-destacado","tag-detenido","tag-drogas","tag-fpa","tag-invernadero-de-marihuana","tag-marihuana","tag-venta-de-drogas"],"yoast_head":"<!-- This site is optimized with the Yoast SEO plugin v26.8 - https:\/\/yoast.com\/product\/yoast-seo-wordpress\/ -->\n<title>Operativos antidrogas: invernadero de marihuana desmantelado y dos detenidos - El Regional<\/title>\n<meta name=\"description\" content=\"Hubo dos procedimientos en los cuales se desmantel\u00f3 un invernadero y se desarticul\u00f3 un punto de venta de estupefacientes en Villa Mar\u00eda.\" \/>\n<meta name=\"robots\" content=\"index, follow, max-snippet:-1, max-image-preview:large, max-video-preview:-1\" \/>\n<link rel=\"canonical\" href=\"http:\/\/elregionalvm.com.ar\/noticias-villa-maria\/operativos-antidrogas-invernadero-de-marihuana-desmantelado-y-dos-detenidos\/\" \/>\n<meta property=\"og:locale\" content=\"es_ES\" \/>\n<meta property=\"og:type\" content=\"article\" \/>\n<meta property=\"og:title\" content=\"Operativos antidrogas: invernadero de marihuana desmantelado y dos detenidos - El Regional\" \/>\n<meta property=\"og:description\" content=\"Hubo dos procedimientos en los cuales se desmantel\u00f3 un invernadero y se desarticul\u00f3 un punto de venta de estupefacientes en Villa Mar\u00eda.\" \/>\n<meta property=\"og:url\" content=\"http:\/\/elregionalvm.com.ar\/noticias-villa-maria\/operativos-antidrogas-invernadero-de-marihuana-desmantelado-y-dos-detenidos\/\" \/>\n<meta property=\"og:site_name\" content=\"El Regional\" \/>\n<meta property=\"article:publisher\" content=\"https:\/\/www.facebook.com\/elregionalvm\" \/>\n<meta property=\"article:published_time\" content=\"2022-01-31T12:26:28+00:00\" \/>\n<meta property=\"article:modified_time\" content=\"2022-01-31T12:26:29+00:00\" \/>\n<meta property=\"og:image\" content=\"http:\/\/elregionalvm.com.ar\/noticias-villa-maria\/wp-content\/uploads\/2022\/01\/FPA-agente-allanamiento-Villa-Maria-2.jpeg\" \/>\n\t<meta property=\"og:image:width\" content=\"737\" \/>\n\t<meta property=\"og:image:height\" content=\"557\" \/>\n\t<meta property=\"og:image:type\" content=\"image\/jpeg\" \/>\n<meta name=\"author\" content=\"Contenidos El Regional\" \/>\n<meta name=\"twitter:card\" content=\"summary_large_image\" \/>\n<meta name=\"twitter:creator\" content=\"@elregionalvm1\" \/>\n<meta name=\"twitter:site\" content=\"@elregionalvm1\" \/>\n<meta name=\"twitter:label1\" content=\"Escrito por\" \/>\n\t<meta name=\"twitter:data1\" content=\"Contenidos El Regional\" \/>\n\t<meta name=\"twitter:label2\" content=\"Tiempo de lectura\" \/>\n\t<meta name=\"twitter:data2\" content=\"2 minutos\" \/>\n<script type=\"application\/ld+json\" class=\"yoast-schema-graph\">{\"@context\":\"https:\/\/schema.org\",\"@graph\":[{\"@type\":\"Article\",\"@id\":\"http:\/\/elregionalvm.com.ar\/noticias-villa-maria\/operativos-antidrogas-invernadero-de-marihuana-desmantelado-y-dos-detenidos\/#article\",\"isPartOf\":{\"@id\":\"http:\/\/elregionalvm.com.ar\/noticias-villa-maria\/operativos-antidrogas-invernadero-de-marihuana-desmantelado-y-dos-detenidos\/\"},\"author\":{\"name\":\"Contenidos El Regional\",\"@id\":\"http:\/\/elregionalvm.com.ar\/noticias-villa-maria\/#\/schema\/person\/a0fb9c422317faca23d50163151bc354\"},\"headline\":\"Operativos antidrogas: invernadero de marihuana desmantelado y dos detenidos\",\"datePublished\":\"2022-01-31T12:26:28+00:00\",\"dateModified\":\"2022-01-31T12:26:29+00:00\",\"mainEntityOfPage\":{\"@id\":\"http:\/\/elregionalvm.com.ar\/noticias-villa-maria\/operativos-antidrogas-invernadero-de-marihuana-desmantelado-y-dos-detenidos\/\"},\"wordCount\":195,\"commentCount\":0,\"image\":{\"@id\":\"http:\/\/elregionalvm.com.ar\/noticias-villa-maria\/operativos-antidrogas-invernadero-de-marihuana-desmantelado-y-dos-detenidos\/#primaryimage\"},\"thumbnailUrl\":\"https:\/\/i0.wp.com\/elregionalvm.com.ar\/noticias-villa-maria\/wp-content\/uploads\/2022\/01\/FPA-agente-allanamiento-Villa-Maria-2.jpeg?fit=737%2C557&ssl=1\",\"keywords\":[\"allanamiento\",\"coca\u00edna\",\"destacado\",\"detenido\",\"Drogas\",\"FPA\",\"invernadero de marihuana\",\"Marihuana\",\"venta de drogas\"],\"articleSection\":[\"Policiales\",\"Villa Mar\u00eda\"],\"inLanguage\":\"es\",\"potentialAction\":[{\"@type\":\"CommentAction\",\"name\":\"Comment\",\"target\":[\"http:\/\/elregionalvm.com.ar\/noticias-villa-maria\/operativos-antidrogas-invernadero-de-marihuana-desmantelado-y-dos-detenidos\/#respond\"]}]},{\"@type\":\"WebPage\",\"@id\":\"http:\/\/elregionalvm.com.ar\/noticias-villa-maria\/operativos-antidrogas-invernadero-de-marihuana-desmantelado-y-dos-detenidos\/\",\"url\":\"http:\/\/elregionalvm.com.ar\/noticias-villa-maria\/operativos-antidrogas-invernadero-de-marihuana-desmantelado-y-dos-detenidos\/\",\"name\":\"Operativos antidrogas: invernadero de marihuana desmantelado y dos detenidos - El Regional\",\"isPartOf\":{\"@id\":\"http:\/\/elregionalvm.com.ar\/noticias-villa-maria\/#website\"},\"primaryImageOfPage\":{\"@id\":\"http:\/\/elregionalvm.com.ar\/noticias-villa-maria\/operativos-antidrogas-invernadero-de-marihuana-desmantelado-y-dos-detenidos\/#primaryimage\"},\"image\":{\"@id\":\"http:\/\/elregionalvm.com.ar\/noticias-villa-maria\/operativos-antidrogas-invernadero-de-marihuana-desmantelado-y-dos-detenidos\/#primaryimage\"},\"thumbnailUrl\":\"https:\/\/i0.wp.com\/elregionalvm.com.ar\/noticias-villa-maria\/wp-content\/uploads\/2022\/01\/FPA-agente-allanamiento-Villa-Maria-2.jpeg?fit=737%2C557&ssl=1\",\"datePublished\":\"2022-01-31T12:26:28+00:00\",\"dateModified\":\"2022-01-31T12:26:29+00:00\",\"author\":{\"@id\":\"http:\/\/elregionalvm.com.ar\/noticias-villa-maria\/#\/schema\/person\/a0fb9c422317faca23d50163151bc354\"},\"description\":\"Hubo dos procedimientos en los cuales se desmantel\u00f3 un invernadero y se desarticul\u00f3 un punto de venta de estupefacientes en Villa Mar\u00eda.\",\"breadcrumb\":{\"@id\":\"http:\/\/elregionalvm.com.ar\/noticias-villa-maria\/operativos-antidrogas-invernadero-de-marihuana-desmantelado-y-dos-detenidos\/#breadcrumb\"},\"inLanguage\":\"es\",\"potentialAction\":[{\"@type\":\"ReadAction\",\"target\":[\"http:\/\/elregionalvm.com.ar\/noticias-villa-maria\/operativos-antidrogas-invernadero-de-marihuana-desmantelado-y-dos-detenidos\/\"]}]},{\"@type\":\"ImageObject\",\"inLanguage\":\"es\",\"@id\":\"http:\/\/elregionalvm.com.ar\/noticias-villa-maria\/operativos-antidrogas-invernadero-de-marihuana-desmantelado-y-dos-detenidos\/#primaryimage\",\"url\":\"https:\/\/i0.wp.com\/elregionalvm.com.ar\/noticias-villa-maria\/wp-content\/uploads\/2022\/01\/FPA-agente-allanamiento-Villa-Maria-2.jpeg?fit=737%2C557&ssl=1\",\"contentUrl\":\"https:\/\/i0.wp.com\/elregionalvm.com.ar\/noticias-villa-maria\/wp-content\/uploads\/2022\/01\/FPA-agente-allanamiento-Villa-Maria-2.jpeg?fit=737%2C557&ssl=1\",\"width\":737,\"height\":557},{\"@type\":\"BreadcrumbList\",\"@id\":\"http:\/\/elregionalvm.com.ar\/noticias-villa-maria\/operativos-antidrogas-invernadero-de-marihuana-desmantelado-y-dos-detenidos\/#breadcrumb\",\"itemListElement\":[{\"@type\":\"ListItem\",\"position\":1,\"name\":\"Portada\",\"item\":\"https:\/\/elregionalvm.com.ar\/noticias-villa-maria\/\"},{\"@type\":\"ListItem\",\"position\":2,\"name\":\"Operativos antidrogas: invernadero de marihuana desmantelado y dos detenidos\"}]},{\"@type\":\"WebSite\",\"@id\":\"http:\/\/elregionalvm.com.ar\/noticias-villa-maria\/#website\",\"url\":\"http:\/\/elregionalvm.com.ar\/noticias-villa-maria\/\",\"name\":\"El Regional\",\"description\":\"Mucho m\u00e1s que informaci\u00f3n\",\"potentialAction\":[{\"@type\":\"SearchAction\",\"target\":{\"@type\":\"EntryPoint\",\"urlTemplate\":\"http:\/\/elregionalvm.com.ar\/noticias-villa-maria\/?s={search_term_string}\"},\"query-input\":{\"@type\":\"PropertyValueSpecification\",\"valueRequired\":true,\"valueName\":\"search_term_string\"}}],\"inLanguage\":\"es\"},{\"@type\":\"Person\",\"@id\":\"http:\/\/elregionalvm.com.ar\/noticias-villa-maria\/#\/schema\/person\/a0fb9c422317faca23d50163151bc354\",\"name\":\"Contenidos El Regional\",\"image\":{\"@type\":\"ImageObject\",\"inLanguage\":\"es\",\"@id\":\"http:\/\/elregionalvm.com.ar\/noticias-villa-maria\/#\/schema\/person\/image\/\",\"url\":\"https:\/\/secure.gravatar.com\/avatar\/265b27cb2209af7bb3a1318f03305787d7981a5cc6e6cd08fe5a4ecdf99d4b48?s=96&d=mm&r=g\",\"contentUrl\":\"https:\/\/secure.gravatar.com\/avatar\/265b27cb2209af7bb3a1318f03305787d7981a5cc6e6cd08fe5a4ecdf99d4b48?s=96&d=mm&r=g\",\"caption\":\"Contenidos El Regional\"},\"url\":\"https:\/\/elregionalvm.com.ar\/noticias-villa-maria\/author\/contenido\/\"}]}<\/script>\n<!-- \/ Yoast SEO plugin. -->","yoast_head_json":{"title":"Operativos antidrogas: invernadero de marihuana desmantelado y dos detenidos - El Regional","description":"Hubo dos procedimientos en los cuales se desmantel\u00f3 un invernadero y se desarticul\u00f3 un punto de venta de estupefacientes en Villa Mar\u00eda.","robots":{"index":"index","follow":"follow","max-snippet":"max-snippet:-1","max-image-preview":"max-image-preview:large","max-video-preview":"max-video-preview:-1"},"canonical":"http:\/\/elregionalvm.com.ar\/noticias-villa-maria\/operativos-antidrogas-invernadero-de-marihuana-desmantelado-y-dos-detenidos\/","og_locale":"es_ES","og_type":"article","og_title":"Operativos antidrogas: invernadero de marihuana desmantelado y dos detenidos - El Regional","og_description":"Hubo dos procedimientos en los cuales se desmantel\u00f3 un invernadero y se desarticul\u00f3 un punto de venta de estupefacientes en Villa Mar\u00eda.","og_url":"http:\/\/elregionalvm.com.ar\/noticias-villa-maria\/operativos-antidrogas-invernadero-de-marihuana-desmantelado-y-dos-detenidos\/","og_site_name":"El Regional","article_publisher":"https:\/\/www.facebook.com\/elregionalvm","article_published_time":"2022-01-31T12:26:28+00:00","article_modified_time":"2022-01-31T12:26:29+00:00","og_image":[{"width":737,"height":557,"url":"http:\/\/elregionalvm.com.ar\/noticias-villa-maria\/wp-content\/uploads\/2022\/01\/FPA-agente-allanamiento-Villa-Maria-2.jpeg","type":"image\/jpeg"}],"author":"Contenidos El Regional","twitter_card":"summary_large_image","twitter_creator":"@elregionalvm1","twitter_site":"@elregionalvm1","twitter_misc":{"Escrito por":"Contenidos El Regional","Tiempo de lectura":"2 minutos"},"schema":{"@context":"https:\/\/schema.org","@graph":[{"@type":"Article","@id":"http:\/\/elregionalvm.com.ar\/noticias-villa-maria\/operativos-antidrogas-invernadero-de-marihuana-desmantelado-y-dos-detenidos\/#article","isPartOf":{"@id":"http:\/\/elregionalvm.com.ar\/noticias-villa-maria\/operativos-antidrogas-invernadero-de-marihuana-desmantelado-y-dos-detenidos\/"},"author":{"name":"Contenidos El Regional","@id":"http:\/\/elregionalvm.com.ar\/noticias-villa-maria\/#\/schema\/person\/a0fb9c422317faca23d50163151bc354"},"headline":"Operativos antidrogas: invernadero de marihuana desmantelado y dos detenidos","datePublished":"2022-01-31T12:26:28+00:00","dateModified":"2022-01-31T12:26:29+00:00","mainEntityOfPage":{"@id":"http:\/\/elregionalvm.com.ar\/noticias-villa-maria\/operativos-antidrogas-invernadero-de-marihuana-desmantelado-y-dos-detenidos\/"},"wordCount":195,"commentCount":0,"image":{"@id":"http:\/\/elregionalvm.com.ar\/noticias-villa-maria\/operativos-antidrogas-invernadero-de-marihuana-desmantelado-y-dos-detenidos\/#primaryimage"},"thumbnailUrl":"https:\/\/i0.wp.com\/elregionalvm.com.ar\/noticias-villa-maria\/wp-content\/uploads\/2022\/01\/FPA-agente-allanamiento-Villa-Maria-2.jpeg?fit=737%2C557&ssl=1","keywords":["allanamiento","coca\u00edna","destacado","detenido","Drogas","FPA","invernadero de marihuana","Marihuana","venta de drogas"],"articleSection":["Policiales","Villa Mar\u00eda"],"inLanguage":"es","potentialAction":[{"@type":"CommentAction","name":"Comment","target":["http:\/\/elregionalvm.com.ar\/noticias-villa-maria\/operativos-antidrogas-invernadero-de-marihuana-desmantelado-y-dos-detenidos\/#respond"]}]},{"@type":"WebPage","@id":"http:\/\/elregionalvm.com.ar\/noticias-villa-maria\/operativos-antidrogas-invernadero-de-marihuana-desmantelado-y-dos-detenidos\/","url":"http:\/\/elregionalvm.com.ar\/noticias-villa-maria\/operativos-antidrogas-invernadero-de-marihuana-desmantelado-y-dos-detenidos\/","name":"Operativos antidrogas: invernadero de marihuana desmantelado y dos detenidos - El Regional","isPartOf":{"@id":"http:\/\/elregionalvm.com.ar\/noticias-villa-maria\/#website"},"primaryImageOfPage":{"@id":"http:\/\/elregionalvm.com.ar\/noticias-villa-maria\/operativos-antidrogas-invernadero-de-marihuana-desmantelado-y-dos-detenidos\/#primaryimage"},"image":{"@id":"http:\/\/elregionalvm.com.ar\/noticias-villa-maria\/operativos-antidrogas-invernadero-de-marihuana-desmantelado-y-dos-detenidos\/#primaryimage"},"thumbnailUrl":"https:\/\/i0.wp.com\/elregionalvm.com.ar\/noticias-villa-maria\/wp-content\/uploads\/2022\/01\/FPA-agente-allanamiento-Villa-Maria-2.jpeg?fit=737%2C557&ssl=1","datePublished":"2022-01-31T12:26:28+00:00","dateModified":"2022-01-31T12:26:29+00:00","author":{"@id":"http:\/\/elregionalvm.com.ar\/noticias-villa-maria\/#\/schema\/person\/a0fb9c422317faca23d50163151bc354"},"description":"Hubo dos procedimientos en los cuales se desmantel\u00f3 un invernadero y se desarticul\u00f3 un punto de venta de estupefacientes en Villa Mar\u00eda.","breadcrumb":{"@id":"http:\/\/elregionalvm.com.ar\/noticias-villa-maria\/operativos-antidrogas-invernadero-de-marihuana-desmantelado-y-dos-detenidos\/#breadcrumb"},"inLanguage":"es","potentialAction":[{"@type":"ReadAction","target":["http:\/\/elregionalvm.com.ar\/noticias-villa-maria\/operativos-antidrogas-invernadero-de-marihuana-desmantelado-y-dos-detenidos\/"]}]},{"@type":"ImageObject","inLanguage":"es","@id":"http:\/\/elregionalvm.com.ar\/noticias-villa-maria\/operativos-antidrogas-invernadero-de-marihuana-desmantelado-y-dos-detenidos\/#primaryimage","url":"https:\/\/i0.wp.com\/elregionalvm.com.ar\/noticias-villa-maria\/wp-content\/uploads\/2022\/01\/FPA-agente-allanamiento-Villa-Maria-2.jpeg?fit=737%2C557&ssl=1","contentUrl":"https:\/\/i0.wp.com\/elregionalvm.com.ar\/noticias-villa-maria\/wp-content\/uploads\/2022\/01\/FPA-agente-allanamiento-Villa-Maria-2.jpeg?fit=737%2C557&ssl=1","width":737,"height":557},{"@type":"BreadcrumbList","@id":"http:\/\/elregionalvm.com.ar\/noticias-villa-maria\/operativos-antidrogas-invernadero-de-marihuana-desmantelado-y-dos-detenidos\/#breadcrumb","itemListElement":[{"@type":"ListItem","position":1,"name":"Portada","item":"https:\/\/elregionalvm.com.ar\/noticias-villa-maria\/"},{"@type":"ListItem","position":2,"name":"Operativos antidrogas: invernadero de marihuana desmantelado y dos detenidos"}]},{"@type":"WebSite","@id":"http:\/\/elregionalvm.com.ar\/noticias-villa-maria\/#website","url":"http:\/\/elregionalvm.com.ar\/noticias-villa-maria\/","name":"El Regional","description":"Mucho m\u00e1s que informaci\u00f3n","potentialAction":[{"@type":"SearchAction","target":{"@type":"EntryPoint","urlTemplate":"http:\/\/elregionalvm.com.ar\/noticias-villa-maria\/?s={search_term_string}"},"query-input":{"@type":"PropertyValueSpecification","valueRequired":true,"valueName":"search_term_string"}}],"inLanguage":"es"},{"@type":"Person","@id":"http:\/\/elregionalvm.com.ar\/noticias-villa-maria\/#\/schema\/person\/a0fb9c422317faca23d50163151bc354","name":"Contenidos El Regional","image":{"@type":"ImageObject","inLanguage":"es","@id":"http:\/\/elregionalvm.com.ar\/noticias-villa-maria\/#\/schema\/person\/image\/","url":"https:\/\/secure.gravatar.com\/avatar\/265b27cb2209af7bb3a1318f03305787d7981a5cc6e6cd08fe5a4ecdf99d4b48?s=96&d=mm&r=g","contentUrl":"https:\/\/secure.gravatar.com\/avatar\/265b27cb2209af7bb3a1318f03305787d7981a5cc6e6cd08fe5a4ecdf99d4b48?s=96&d=mm&r=g","caption":"Contenidos El Regional"},"url":"https:\/\/elregionalvm.com.ar\/noticias-villa-maria\/author\/contenido\/"}]}},"jetpack_featured_media_url":"https:\/\/i0.wp.com\/elregionalvm.com.ar\/noticias-villa-maria\/wp-content\/uploads\/2022\/01\/FPA-agente-allanamiento-Villa-Maria-2.jpeg?fit=737%2C557&ssl=1","jetpack_sharing_enabled":true,"_links":{"self":[{"href":"https:\/\/elregionalvm.com.ar\/noticias-villa-maria\/wp-json\/wp\/v2\/posts\/51852","targetHints":{"allow":["GET"]}}],"collection":[{"href":"https:\/\/elregionalvm.com.ar\/noticias-villa-maria\/wp-json\/wp\/v2\/posts"}],"about":[{"href":"https:\/\/elregionalvm.com.ar\/noticias-villa-maria\/wp-json\/wp\/v2\/types\/post"}],"author":[{"embeddable":true,"href":"https:\/\/elregionalvm.com.ar\/noticias-villa-maria\/wp-json\/wp\/v2\/users\/4"}],"replies":[{"embeddable":true,"href":"https:\/\/elregionalvm.com.ar\/noticias-villa-maria\/wp-json\/wp\/v2\/comments?post=51852"}],"version-history":[{"count":2,"href":"https:\/\/elregionalvm.com.ar\/noticias-villa-maria\/wp-json\/wp\/v2\/posts\/51852\/revisions"}],"predecessor-version":[{"id":51858,"href":"https:\/\/elregionalvm.com.ar\/noticias-villa-maria\/wp-json\/wp\/v2\/posts\/51852\/revisions\/51858"}],"wp:featuredmedia":[{"embeddable":true,"href":"https:\/\/elregionalvm.com.ar\/noticias-villa-maria\/wp-json\/wp\/v2\/media\/51855"}],"wp:attachment":[{"href":"https:\/\/elregionalvm.com.ar\/noticias-villa-maria\/wp-json\/wp\/v2\/media?parent=51852"}],"wp:term":[{"taxonomy":"category","embeddable":true,"href":"https:\/\/elregionalvm.com.ar\/noticias-villa-maria\/wp-json\/wp\/v2\/categories?post=51852"},{"taxonomy":"post_tag","embeddable":true,"href":"https:\/\/elregionalvm.com.ar\/noticias-villa-maria\/wp-json\/wp\/v2\/tags?post=51852"}],"curies":[{"name":"wp","href":"https:\/\/api.w.org\/{rel}","templated":true}]}}