{"id":51859,"date":"2022-01-31T17:36:34","date_gmt":"2022-01-31T17:36:34","guid":{"rendered":"https:\/\/elregionalvm.com.ar\/noticias-villa-maria\/?p=51859"},"modified":"2022-01-31T17:36:36","modified_gmt":"2022-01-31T17:36:36","slug":"dona-hortensia-ya-forma-parte-de-la-historia-oral-de-villa-maria","status":"publish","type":"post","link":"https:\/\/elregionalvm.com.ar\/noticias-villa-maria\/dona-hortensia-ya-forma-parte-de-la-historia-oral-de-villa-maria\/","title":{"rendered":"Do\u00f1a Hortensia ya forma parte de la historia oral de Villa Mar\u00eda"},"content":{"rendered":"\n<p><\/p>\n\n\n\n<p>Hortensia Valdez, m\u00e1s conocida como \u201cDo\u00f1a Hortensia\u201d, la mujer de los ricos locros, pas\u00f3 a formar parte del Archivo de Historia Oral, que se encuentra en resguardo en la Biblioteca Municipal y Popular Mariano Moreno.<\/p>\n\n\n\n<p>Una entrevista realizada en su vivienda de barrio San Mart\u00edn el martes 21 de diciembre del pasado a\u00f1o fue el material incorporado a la colecci\u00f3n \u201cTrabajo\u201d del mencionado Archivo.<\/p>\n\n\n\n<p><strong>Qui\u00e9n fue Hortensia<\/strong><\/p>\n\n\n\n<p>Nacida en Coronel Moldes el 28 de octubre de 1916 y recientemente fallecida, Hortensia se hab\u00eda radicado en Villa Mar\u00eda luego de vivir con su pareja algunos a\u00f1os en la capital provincial.<\/p>\n\n\n\n<p>En la ciudad, su principal actividad fue la gastronom\u00eda, siendo cocinera principal en diferentes restaurantes y comedores. Tras incursionar en varios espacios, comenz\u00f3 a realizar locro para diversas instituciones locales y de la regi\u00f3n.<\/p>\n\n\n\n<p>La exquisita comida tom\u00f3 transcendencia y popularmente fue conocido como El Locro de Hortensia.<\/p>\n\n\n\n<p><\/p>\n\n\n\n<figure class=\"wp-block-image size-full\"><img data-recalc-dims=\"1\" fetchpriority=\"high\" decoding=\"async\" width=\"719\" height=\"626\" src=\"https:\/\/i0.wp.com\/elregionalvm.com.ar\/noticias-villa-maria\/wp-content\/uploads\/2022\/01\/Dona-Hortensia.jpg?resize=719%2C626&#038;ssl=1\" alt=\"\" class=\"wp-image-51861\" srcset=\"https:\/\/i0.wp.com\/elregionalvm.com.ar\/noticias-villa-maria\/wp-content\/uploads\/2022\/01\/Dona-Hortensia.jpg?w=719&amp;ssl=1 719w, https:\/\/i0.wp.com\/elregionalvm.com.ar\/noticias-villa-maria\/wp-content\/uploads\/2022\/01\/Dona-Hortensia.jpg?resize=300%2C261&amp;ssl=1 300w\" sizes=\"(max-width: 719px) 100vw, 719px\" \/><\/figure>\n\n\n\n<p><\/p>\n\n\n\n<p>Su padre era oriundo de Chamical, La Rioja, y su madre de San Marcos Sierras, C\u00f3rdoba. Era amante del f\u00fatbol e hincha de Independiente. Tambi\u00e9n le gustaba leer los diarios y tejer.<\/p>\n\n\n\n<p>En 2016, para su cumplea\u00f1os n\u00famero cien, en Mundo Rojo se desarroll\u00f3 una pe\u00f1a en su honor con la presencia del cantante, m\u00fasico y compositor Raly Barrionuevo.<\/p>\n\n\n\n<p><strong>El Archivo<\/strong><\/p>\n\n\n\n<p>El Archivo de Historia Oral est\u00e1 conformado por protagonistas de diversos acontecimientos, hechos hist\u00f3ricos, grupos sociales, campos disciplinares y de desarrollo de la ciudad, considerando fundamental su testimonio en la construcci\u00f3n historiogr\u00e1fica y de memorias locales.<\/p>\n\n\n\n<p>Se encuentra disponible para quienes deseen consultarlo con fines educativos y de investigaci\u00f3n. El mismo se encuentra de manera sistem\u00e1tica incorporando nuevos y diversos testimonios.<\/p>\n\n\n\n<p>El espacio municipal, de acceso p\u00fablico y gratuito, cuenta con una computadora donde se encuentran las 64 entrevistas pertenecientes a las 9 colecciones vigentes: Educaci\u00f3n, Partidos Pol\u00edticos, Terrorismo de Estado, Trabajo, Excombatientes de Malvinas, Inmigrantes, Diversidad Sexual, Cultura y Deporte.<\/p>\n\n\n\n<p>Por otra parte, el Programa de Historia Oral y Memorias Locales, creado en el a\u00f1o 2013, lanz\u00f3 oficialmente su p\u00e1gina web. La misma se encuentra registrada bajo el dominio www.historiaoralymemoriasvm.ar y cuenta con herramientas de accesibilidad. Se trata de un sitio de dise\u00f1o sencillo y atractivo, que ofrece de manera din\u00e1mica informaci\u00f3n sobre las tres l\u00edneas de trabajo vigentes y sus anexos: Archivo de Historia Oral, Pedagog\u00eda de la Memoria y Territorios de Memorias. La nueva propuesta digital incorpora una completa galer\u00eda de fotograf\u00edas y contenidos audiovisuales.<\/p>\n\n\n\n<p>El Programa Municipal de Historia Oral y Memorias Locales, es un espacio de investigaci\u00f3n reflexi\u00f3n y configuraci\u00f3n de memorias de la ciudad de Villa Mar\u00eda a trav\u00e9s de la b\u00fasqueda y la recuperaci\u00f3n de diversos acervos documentales -gr\u00e1ficos, fotogr\u00e1ficos, audiovisuales-, as\u00ed como del encuentro con quienes generosamente comparten sus testimonios, hilos de memorias en el tejido comunitario.<\/p>\n","protected":false},"excerpt":{"rendered":"<p>Hortensia Valdez, m\u00e1s conocida como \u201cDo\u00f1a Hortensia\u201d, la mujer de los ricos locros, pas\u00f3 a formar parte del Archivo de Historia Oral, que se encuentra en resguardo en la Biblioteca Municipal y Popular Mariano Moreno. Una entrevista realizada en su vivienda de barrio San Mart\u00edn el martes 21 de diciembre del pasado a\u00f1o fue el [&hellip;]<\/p>\n","protected":false},"author":4,"featured_media":51862,"comment_status":"open","ping_status":"open","sticky":false,"template":"","format":"standard","meta":{"site-sidebar-layout":"default","site-content-layout":"default","ast-site-content-layout":"default","site-content-style":"default","site-sidebar-style":"default","ast-global-header-display":"","ast-banner-title-visibility":"","ast-main-header-display":"","ast-hfb-above-header-display":"","ast-hfb-below-header-display":"","ast-hfb-mobile-header-display":"","site-post-title":"","ast-breadcrumbs-content":"","ast-featured-img":"","footer-sml-layout":"","ast-disable-related-posts":"","theme-transparent-header-meta":"default","adv-header-id-meta":"","stick-header-meta":"","header-above-stick-meta":"","header-main-stick-meta":"","header-below-stick-meta":"","astra-migrate-meta-layouts":"default","ast-page-background-enabled":"default","ast-page-background-meta":{"desktop":{"background-color":"","background-image":"","background-repeat":"repeat","background-position":"center center","background-size":"auto","background-attachment":"scroll","background-type":"","background-media":"","overlay-type":"","overlay-color":"","overlay-opacity":"","overlay-gradient":""},"tablet":{"background-color":"","background-image":"","background-repeat":"repeat","background-position":"center center","background-size":"auto","background-attachment":"scroll","background-type":"","background-media":"","overlay-type":"","overlay-color":"","overlay-opacity":"","overlay-gradient":""},"mobile":{"background-color":"","background-image":"","background-repeat":"repeat","background-position":"center center","background-size":"auto","background-attachment":"scroll","background-type":"","background-media":"","overlay-type":"","overlay-color":"","overlay-opacity":"","overlay-gradient":""}},"ast-content-background-meta":{"desktop":{"background-color":"var(--ast-global-color-5)","background-image":"","background-repeat":"repeat","background-position":"center center","background-size":"auto","background-attachment":"scroll","background-type":"","background-media":"","overlay-type":"","overlay-color":"","overlay-opacity":"","overlay-gradient":""},"tablet":{"background-color":"var(--ast-global-color-5)","background-image":"","background-repeat":"repeat","background-position":"center center","background-size":"auto","background-attachment":"scroll","background-type":"","background-media":"","overlay-type":"","overlay-color":"","overlay-opacity":"","overlay-gradient":""},"mobile":{"background-color":"var(--ast-global-color-5)","background-image":"","background-repeat":"repeat","background-position":"center center","background-size":"auto","background-attachment":"scroll","background-type":"","background-media":"","overlay-type":"","overlay-color":"","overlay-opacity":"","overlay-gradient":""}},"_jetpack_memberships_contains_paid_content":false,"_joinchat":[],"footnotes":""},"categories":[2],"tags":[13395,1232,13392,261,13394,6959,1799],"class_list":["post-51859","post","type-post","status-publish","format-standard","has-post-thumbnail","hentry","category-villa-maria","tag-archivo","tag-destacado","tag-dona-hortensia","tag-fallecimiento","tag-historia-oral","tag-locro","tag-memoria"],"yoast_head":"<!-- This site is optimized with the Yoast SEO plugin v26.8 - https:\/\/yoast.com\/product\/yoast-seo-wordpress\/ -->\n<title>Do\u00f1a Hortensia ya forma parte de la historia oral de Villa Mar\u00eda - El Regional<\/title>\n<meta name=\"description\" content=\"\u201cDo\u00f1a Hortensia\u201d, la mujer de los ricos locros, pas\u00f3 a formar parte del Archivo de Historia Oral, ubicado en la Biblioteca Municipal.\" \/>\n<meta name=\"robots\" content=\"index, follow, max-snippet:-1, max-image-preview:large, max-video-preview:-1\" \/>\n<link rel=\"canonical\" href=\"http:\/\/elregionalvm.com.ar\/noticias-villa-maria\/dona-hortensia-ya-forma-parte-de-la-historia-oral-de-villa-maria\/\" \/>\n<meta property=\"og:locale\" content=\"es_ES\" \/>\n<meta property=\"og:type\" content=\"article\" \/>\n<meta property=\"og:title\" content=\"Do\u00f1a Hortensia ya forma parte de la historia oral de Villa Mar\u00eda - El Regional\" \/>\n<meta property=\"og:description\" content=\"\u201cDo\u00f1a Hortensia\u201d, la mujer de los ricos locros, pas\u00f3 a formar parte del Archivo de Historia Oral, ubicado en la Biblioteca Municipal.\" \/>\n<meta property=\"og:url\" content=\"http:\/\/elregionalvm.com.ar\/noticias-villa-maria\/dona-hortensia-ya-forma-parte-de-la-historia-oral-de-villa-maria\/\" \/>\n<meta property=\"og:site_name\" content=\"El Regional\" \/>\n<meta property=\"article:publisher\" content=\"https:\/\/www.facebook.com\/elregionalvm\" \/>\n<meta property=\"article:published_time\" content=\"2022-01-31T17:36:34+00:00\" \/>\n<meta property=\"article:modified_time\" content=\"2022-01-31T17:36:36+00:00\" \/>\n<meta property=\"og:image\" content=\"http:\/\/elregionalvm.com.ar\/noticias-villa-maria\/wp-content\/uploads\/2022\/01\/Dona-Hortensia-camara.jpeg\" \/>\n\t<meta property=\"og:image:width\" content=\"1000\" \/>\n\t<meta property=\"og:image:height\" content=\"750\" \/>\n\t<meta property=\"og:image:type\" content=\"image\/jpeg\" \/>\n<meta name=\"author\" content=\"Contenidos El Regional\" \/>\n<meta name=\"twitter:card\" content=\"summary_large_image\" \/>\n<meta name=\"twitter:creator\" content=\"@elregionalvm1\" \/>\n<meta name=\"twitter:site\" content=\"@elregionalvm1\" \/>\n<meta name=\"twitter:label1\" content=\"Escrito por\" \/>\n\t<meta name=\"twitter:data1\" content=\"Contenidos El Regional\" \/>\n\t<meta name=\"twitter:label2\" content=\"Tiempo de lectura\" \/>\n\t<meta name=\"twitter:data2\" content=\"3 minutos\" \/>\n<script type=\"application\/ld+json\" class=\"yoast-schema-graph\">{\"@context\":\"https:\/\/schema.org\",\"@graph\":[{\"@type\":\"Article\",\"@id\":\"http:\/\/elregionalvm.com.ar\/noticias-villa-maria\/dona-hortensia-ya-forma-parte-de-la-historia-oral-de-villa-maria\/#article\",\"isPartOf\":{\"@id\":\"http:\/\/elregionalvm.com.ar\/noticias-villa-maria\/dona-hortensia-ya-forma-parte-de-la-historia-oral-de-villa-maria\/\"},\"author\":{\"name\":\"Contenidos El Regional\",\"@id\":\"http:\/\/elregionalvm.com.ar\/noticias-villa-maria\/#\/schema\/person\/a0fb9c422317faca23d50163151bc354\"},\"headline\":\"Do\u00f1a Hortensia ya forma parte de la historia oral de Villa Mar\u00eda\",\"datePublished\":\"2022-01-31T17:36:34+00:00\",\"dateModified\":\"2022-01-31T17:36:36+00:00\",\"mainEntityOfPage\":{\"@id\":\"http:\/\/elregionalvm.com.ar\/noticias-villa-maria\/dona-hortensia-ya-forma-parte-de-la-historia-oral-de-villa-maria\/\"},\"wordCount\":506,\"commentCount\":0,\"image\":{\"@id\":\"http:\/\/elregionalvm.com.ar\/noticias-villa-maria\/dona-hortensia-ya-forma-parte-de-la-historia-oral-de-villa-maria\/#primaryimage\"},\"thumbnailUrl\":\"https:\/\/i0.wp.com\/elregionalvm.com.ar\/noticias-villa-maria\/wp-content\/uploads\/2022\/01\/Dona-Hortensia-camara.jpeg?fit=1000%2C750&ssl=1\",\"keywords\":[\"Archivo\",\"destacado\",\"Do\u00f1a Hortensia\",\"fallecimiento\",\"historia oral\",\"Locro\",\"Memoria\"],\"articleSection\":[\"Villa Mar\u00eda\"],\"inLanguage\":\"es\",\"potentialAction\":[{\"@type\":\"CommentAction\",\"name\":\"Comment\",\"target\":[\"http:\/\/elregionalvm.com.ar\/noticias-villa-maria\/dona-hortensia-ya-forma-parte-de-la-historia-oral-de-villa-maria\/#respond\"]}]},{\"@type\":\"WebPage\",\"@id\":\"http:\/\/elregionalvm.com.ar\/noticias-villa-maria\/dona-hortensia-ya-forma-parte-de-la-historia-oral-de-villa-maria\/\",\"url\":\"http:\/\/elregionalvm.com.ar\/noticias-villa-maria\/dona-hortensia-ya-forma-parte-de-la-historia-oral-de-villa-maria\/\",\"name\":\"Do\u00f1a Hortensia ya forma parte de la historia oral de Villa Mar\u00eda - El Regional\",\"isPartOf\":{\"@id\":\"http:\/\/elregionalvm.com.ar\/noticias-villa-maria\/#website\"},\"primaryImageOfPage\":{\"@id\":\"http:\/\/elregionalvm.com.ar\/noticias-villa-maria\/dona-hortensia-ya-forma-parte-de-la-historia-oral-de-villa-maria\/#primaryimage\"},\"image\":{\"@id\":\"http:\/\/elregionalvm.com.ar\/noticias-villa-maria\/dona-hortensia-ya-forma-parte-de-la-historia-oral-de-villa-maria\/#primaryimage\"},\"thumbnailUrl\":\"https:\/\/i0.wp.com\/elregionalvm.com.ar\/noticias-villa-maria\/wp-content\/uploads\/2022\/01\/Dona-Hortensia-camara.jpeg?fit=1000%2C750&ssl=1\",\"datePublished\":\"2022-01-31T17:36:34+00:00\",\"dateModified\":\"2022-01-31T17:36:36+00:00\",\"author\":{\"@id\":\"http:\/\/elregionalvm.com.ar\/noticias-villa-maria\/#\/schema\/person\/a0fb9c422317faca23d50163151bc354\"},\"description\":\"\u201cDo\u00f1a Hortensia\u201d, la mujer de los ricos locros, pas\u00f3 a formar parte del Archivo de Historia Oral, ubicado en la Biblioteca Municipal.\",\"breadcrumb\":{\"@id\":\"http:\/\/elregionalvm.com.ar\/noticias-villa-maria\/dona-hortensia-ya-forma-parte-de-la-historia-oral-de-villa-maria\/#breadcrumb\"},\"inLanguage\":\"es\",\"potentialAction\":[{\"@type\":\"ReadAction\",\"target\":[\"http:\/\/elregionalvm.com.ar\/noticias-villa-maria\/dona-hortensia-ya-forma-parte-de-la-historia-oral-de-villa-maria\/\"]}]},{\"@type\":\"ImageObject\",\"inLanguage\":\"es\",\"@id\":\"http:\/\/elregionalvm.com.ar\/noticias-villa-maria\/dona-hortensia-ya-forma-parte-de-la-historia-oral-de-villa-maria\/#primaryimage\",\"url\":\"https:\/\/i0.wp.com\/elregionalvm.com.ar\/noticias-villa-maria\/wp-content\/uploads\/2022\/01\/Dona-Hortensia-camara.jpeg?fit=1000%2C750&ssl=1\",\"contentUrl\":\"https:\/\/i0.wp.com\/elregionalvm.com.ar\/noticias-villa-maria\/wp-content\/uploads\/2022\/01\/Dona-Hortensia-camara.jpeg?fit=1000%2C750&ssl=1\",\"width\":1000,\"height\":750},{\"@type\":\"BreadcrumbList\",\"@id\":\"http:\/\/elregionalvm.com.ar\/noticias-villa-maria\/dona-hortensia-ya-forma-parte-de-la-historia-oral-de-villa-maria\/#breadcrumb\",\"itemListElement\":[{\"@type\":\"ListItem\",\"position\":1,\"name\":\"Portada\",\"item\":\"https:\/\/elregionalvm.com.ar\/noticias-villa-maria\/\"},{\"@type\":\"ListItem\",\"position\":2,\"name\":\"Do\u00f1a Hortensia ya forma parte de la historia oral de Villa Mar\u00eda\"}]},{\"@type\":\"WebSite\",\"@id\":\"http:\/\/elregionalvm.com.ar\/noticias-villa-maria\/#website\",\"url\":\"http:\/\/elregionalvm.com.ar\/noticias-villa-maria\/\",\"name\":\"El Regional\",\"description\":\"Mucho m\u00e1s que informaci\u00f3n\",\"potentialAction\":[{\"@type\":\"SearchAction\",\"target\":{\"@type\":\"EntryPoint\",\"urlTemplate\":\"http:\/\/elregionalvm.com.ar\/noticias-villa-maria\/?s={search_term_string}\"},\"query-input\":{\"@type\":\"PropertyValueSpecification\",\"valueRequired\":true,\"valueName\":\"search_term_string\"}}],\"inLanguage\":\"es\"},{\"@type\":\"Person\",\"@id\":\"http:\/\/elregionalvm.com.ar\/noticias-villa-maria\/#\/schema\/person\/a0fb9c422317faca23d50163151bc354\",\"name\":\"Contenidos El Regional\",\"image\":{\"@type\":\"ImageObject\",\"inLanguage\":\"es\",\"@id\":\"http:\/\/elregionalvm.com.ar\/noticias-villa-maria\/#\/schema\/person\/image\/\",\"url\":\"https:\/\/secure.gravatar.com\/avatar\/265b27cb2209af7bb3a1318f03305787d7981a5cc6e6cd08fe5a4ecdf99d4b48?s=96&d=mm&r=g\",\"contentUrl\":\"https:\/\/secure.gravatar.com\/avatar\/265b27cb2209af7bb3a1318f03305787d7981a5cc6e6cd08fe5a4ecdf99d4b48?s=96&d=mm&r=g\",\"caption\":\"Contenidos El Regional\"},\"url\":\"https:\/\/elregionalvm.com.ar\/noticias-villa-maria\/author\/contenido\/\"}]}<\/script>\n<!-- \/ Yoast SEO plugin. -->","yoast_head_json":{"title":"Do\u00f1a Hortensia ya forma parte de la historia oral de Villa Mar\u00eda - El Regional","description":"\u201cDo\u00f1a Hortensia\u201d, la mujer de los ricos locros, pas\u00f3 a formar parte del Archivo de Historia Oral, ubicado en la Biblioteca Municipal.","robots":{"index":"index","follow":"follow","max-snippet":"max-snippet:-1","max-image-preview":"max-image-preview:large","max-video-preview":"max-video-preview:-1"},"canonical":"http:\/\/elregionalvm.com.ar\/noticias-villa-maria\/dona-hortensia-ya-forma-parte-de-la-historia-oral-de-villa-maria\/","og_locale":"es_ES","og_type":"article","og_title":"Do\u00f1a Hortensia ya forma parte de la historia oral de Villa Mar\u00eda - El Regional","og_description":"\u201cDo\u00f1a Hortensia\u201d, la mujer de los ricos locros, pas\u00f3 a formar parte del Archivo de Historia Oral, ubicado en la Biblioteca Municipal.","og_url":"http:\/\/elregionalvm.com.ar\/noticias-villa-maria\/dona-hortensia-ya-forma-parte-de-la-historia-oral-de-villa-maria\/","og_site_name":"El Regional","article_publisher":"https:\/\/www.facebook.com\/elregionalvm","article_published_time":"2022-01-31T17:36:34+00:00","article_modified_time":"2022-01-31T17:36:36+00:00","og_image":[{"width":1000,"height":750,"url":"http:\/\/elregionalvm.com.ar\/noticias-villa-maria\/wp-content\/uploads\/2022\/01\/Dona-Hortensia-camara.jpeg","type":"image\/jpeg"}],"author":"Contenidos El Regional","twitter_card":"summary_large_image","twitter_creator":"@elregionalvm1","twitter_site":"@elregionalvm1","twitter_misc":{"Escrito por":"Contenidos El Regional","Tiempo de lectura":"3 minutos"},"schema":{"@context":"https:\/\/schema.org","@graph":[{"@type":"Article","@id":"http:\/\/elregionalvm.com.ar\/noticias-villa-maria\/dona-hortensia-ya-forma-parte-de-la-historia-oral-de-villa-maria\/#article","isPartOf":{"@id":"http:\/\/elregionalvm.com.ar\/noticias-villa-maria\/dona-hortensia-ya-forma-parte-de-la-historia-oral-de-villa-maria\/"},"author":{"name":"Contenidos El Regional","@id":"http:\/\/elregionalvm.com.ar\/noticias-villa-maria\/#\/schema\/person\/a0fb9c422317faca23d50163151bc354"},"headline":"Do\u00f1a Hortensia ya forma parte de la historia oral de Villa Mar\u00eda","datePublished":"2022-01-31T17:36:34+00:00","dateModified":"2022-01-31T17:36:36+00:00","mainEntityOfPage":{"@id":"http:\/\/elregionalvm.com.ar\/noticias-villa-maria\/dona-hortensia-ya-forma-parte-de-la-historia-oral-de-villa-maria\/"},"wordCount":506,"commentCount":0,"image":{"@id":"http:\/\/elregionalvm.com.ar\/noticias-villa-maria\/dona-hortensia-ya-forma-parte-de-la-historia-oral-de-villa-maria\/#primaryimage"},"thumbnailUrl":"https:\/\/i0.wp.com\/elregionalvm.com.ar\/noticias-villa-maria\/wp-content\/uploads\/2022\/01\/Dona-Hortensia-camara.jpeg?fit=1000%2C750&ssl=1","keywords":["Archivo","destacado","Do\u00f1a Hortensia","fallecimiento","historia oral","Locro","Memoria"],"articleSection":["Villa Mar\u00eda"],"inLanguage":"es","potentialAction":[{"@type":"CommentAction","name":"Comment","target":["http:\/\/elregionalvm.com.ar\/noticias-villa-maria\/dona-hortensia-ya-forma-parte-de-la-historia-oral-de-villa-maria\/#respond"]}]},{"@type":"WebPage","@id":"http:\/\/elregionalvm.com.ar\/noticias-villa-maria\/dona-hortensia-ya-forma-parte-de-la-historia-oral-de-villa-maria\/","url":"http:\/\/elregionalvm.com.ar\/noticias-villa-maria\/dona-hortensia-ya-forma-parte-de-la-historia-oral-de-villa-maria\/","name":"Do\u00f1a Hortensia ya forma parte de la historia oral de Villa Mar\u00eda - El Regional","isPartOf":{"@id":"http:\/\/elregionalvm.com.ar\/noticias-villa-maria\/#website"},"primaryImageOfPage":{"@id":"http:\/\/elregionalvm.com.ar\/noticias-villa-maria\/dona-hortensia-ya-forma-parte-de-la-historia-oral-de-villa-maria\/#primaryimage"},"image":{"@id":"http:\/\/elregionalvm.com.ar\/noticias-villa-maria\/dona-hortensia-ya-forma-parte-de-la-historia-oral-de-villa-maria\/#primaryimage"},"thumbnailUrl":"https:\/\/i0.wp.com\/elregionalvm.com.ar\/noticias-villa-maria\/wp-content\/uploads\/2022\/01\/Dona-Hortensia-camara.jpeg?fit=1000%2C750&ssl=1","datePublished":"2022-01-31T17:36:34+00:00","dateModified":"2022-01-31T17:36:36+00:00","author":{"@id":"http:\/\/elregionalvm.com.ar\/noticias-villa-maria\/#\/schema\/person\/a0fb9c422317faca23d50163151bc354"},"description":"\u201cDo\u00f1a Hortensia\u201d, la mujer de los ricos locros, pas\u00f3 a formar parte del Archivo de Historia Oral, ubicado en la Biblioteca Municipal.","breadcrumb":{"@id":"http:\/\/elregionalvm.com.ar\/noticias-villa-maria\/dona-hortensia-ya-forma-parte-de-la-historia-oral-de-villa-maria\/#breadcrumb"},"inLanguage":"es","potentialAction":[{"@type":"ReadAction","target":["http:\/\/elregionalvm.com.ar\/noticias-villa-maria\/dona-hortensia-ya-forma-parte-de-la-historia-oral-de-villa-maria\/"]}]},{"@type":"ImageObject","inLanguage":"es","@id":"http:\/\/elregionalvm.com.ar\/noticias-villa-maria\/dona-hortensia-ya-forma-parte-de-la-historia-oral-de-villa-maria\/#primaryimage","url":"https:\/\/i0.wp.com\/elregionalvm.com.ar\/noticias-villa-maria\/wp-content\/uploads\/2022\/01\/Dona-Hortensia-camara.jpeg?fit=1000%2C750&ssl=1","contentUrl":"https:\/\/i0.wp.com\/elregionalvm.com.ar\/noticias-villa-maria\/wp-content\/uploads\/2022\/01\/Dona-Hortensia-camara.jpeg?fit=1000%2C750&ssl=1","width":1000,"height":750},{"@type":"BreadcrumbList","@id":"http:\/\/elregionalvm.com.ar\/noticias-villa-maria\/dona-hortensia-ya-forma-parte-de-la-historia-oral-de-villa-maria\/#breadcrumb","itemListElement":[{"@type":"ListItem","position":1,"name":"Portada","item":"https:\/\/elregionalvm.com.ar\/noticias-villa-maria\/"},{"@type":"ListItem","position":2,"name":"Do\u00f1a Hortensia ya forma parte de la historia oral de Villa Mar\u00eda"}]},{"@type":"WebSite","@id":"http:\/\/elregionalvm.com.ar\/noticias-villa-maria\/#website","url":"http:\/\/elregionalvm.com.ar\/noticias-villa-maria\/","name":"El Regional","description":"Mucho m\u00e1s que informaci\u00f3n","potentialAction":[{"@type":"SearchAction","target":{"@type":"EntryPoint","urlTemplate":"http:\/\/elregionalvm.com.ar\/noticias-villa-maria\/?s={search_term_string}"},"query-input":{"@type":"PropertyValueSpecification","valueRequired":true,"valueName":"search_term_string"}}],"inLanguage":"es"},{"@type":"Person","@id":"http:\/\/elregionalvm.com.ar\/noticias-villa-maria\/#\/schema\/person\/a0fb9c422317faca23d50163151bc354","name":"Contenidos El Regional","image":{"@type":"ImageObject","inLanguage":"es","@id":"http:\/\/elregionalvm.com.ar\/noticias-villa-maria\/#\/schema\/person\/image\/","url":"https:\/\/secure.gravatar.com\/avatar\/265b27cb2209af7bb3a1318f03305787d7981a5cc6e6cd08fe5a4ecdf99d4b48?s=96&d=mm&r=g","contentUrl":"https:\/\/secure.gravatar.com\/avatar\/265b27cb2209af7bb3a1318f03305787d7981a5cc6e6cd08fe5a4ecdf99d4b48?s=96&d=mm&r=g","caption":"Contenidos El Regional"},"url":"https:\/\/elregionalvm.com.ar\/noticias-villa-maria\/author\/contenido\/"}]}},"jetpack_featured_media_url":"https:\/\/i0.wp.com\/elregionalvm.com.ar\/noticias-villa-maria\/wp-content\/uploads\/2022\/01\/Dona-Hortensia-camara.jpeg?fit=1000%2C750&ssl=1","jetpack_sharing_enabled":true,"_links":{"self":[{"href":"https:\/\/elregionalvm.com.ar\/noticias-villa-maria\/wp-json\/wp\/v2\/posts\/51859","targetHints":{"allow":["GET"]}}],"collection":[{"href":"https:\/\/elregionalvm.com.ar\/noticias-villa-maria\/wp-json\/wp\/v2\/posts"}],"about":[{"href":"https:\/\/elregionalvm.com.ar\/noticias-villa-maria\/wp-json\/wp\/v2\/types\/post"}],"author":[{"embeddable":true,"href":"https:\/\/elregionalvm.com.ar\/noticias-villa-maria\/wp-json\/wp\/v2\/users\/4"}],"replies":[{"embeddable":true,"href":"https:\/\/elregionalvm.com.ar\/noticias-villa-maria\/wp-json\/wp\/v2\/comments?post=51859"}],"version-history":[{"count":2,"href":"https:\/\/elregionalvm.com.ar\/noticias-villa-maria\/wp-json\/wp\/v2\/posts\/51859\/revisions"}],"predecessor-version":[{"id":51863,"href":"https:\/\/elregionalvm.com.ar\/noticias-villa-maria\/wp-json\/wp\/v2\/posts\/51859\/revisions\/51863"}],"wp:featuredmedia":[{"embeddable":true,"href":"https:\/\/elregionalvm.com.ar\/noticias-villa-maria\/wp-json\/wp\/v2\/media\/51862"}],"wp:attachment":[{"href":"https:\/\/elregionalvm.com.ar\/noticias-villa-maria\/wp-json\/wp\/v2\/media?parent=51859"}],"wp:term":[{"taxonomy":"category","embeddable":true,"href":"https:\/\/elregionalvm.com.ar\/noticias-villa-maria\/wp-json\/wp\/v2\/categories?post=51859"},{"taxonomy":"post_tag","embeddable":true,"href":"https:\/\/elregionalvm.com.ar\/noticias-villa-maria\/wp-json\/wp\/v2\/tags?post=51859"}],"curies":[{"name":"wp","href":"https:\/\/api.w.org\/{rel}","templated":true}]}}