{"id":51864,"date":"2022-01-31T19:40:19","date_gmt":"2022-01-31T19:40:19","guid":{"rendered":"https:\/\/elregionalvm.com.ar\/noticias-villa-maria\/?p=51864"},"modified":"2022-02-02T02:50:25","modified_gmt":"2022-02-02T02:50:25","slug":"opinion-el-nuevo-acuerdo-con-el-fmi-tambien-fracasara","status":"publish","type":"post","link":"https:\/\/elregionalvm.com.ar\/noticias-villa-maria\/opinion-el-nuevo-acuerdo-con-el-fmi-tambien-fracasara\/","title":{"rendered":"[Opini\u00f3n] El nuevo acuerdo con el FMI tambi\u00e9n fracasar\u00e1"},"content":{"rendered":"\n<p><\/p>\n\n\n\n<p><strong>Se anunci\u00f3 el avance hacia un nuevo acuerdo con el FMI. Otra vez se opta por una estrategia gradualista que supone que el d\u00e9ficit fiscal se reducir\u00e1 porque la recaudaci\u00f3n aumentar\u00e1 m\u00e1s que los gastos gracias al crecimiento de la econom\u00eda. Se repite la misma inconsistencia que llev\u00f3 al fracaso del acuerdo anterior.<\/strong><\/p>\n\n\n\n<p><strong>Informe: Idesa<\/strong><\/p>\n\n\n\n<p>El gobierno argentino no lleg\u00f3 todav\u00eda a un acuerdo con el FMI. Lo que logr\u00f3 \u2013que no es poco\u2013 es un entendimiento sobre cu\u00e1l ser\u00e1 la senda de disminuci\u00f3n del d\u00e9ficit fiscal primario y de la emisi\u00f3n monetaria.<\/p>\n\n\n\n<p>Mientras que el gobierno propon\u00eda reducir gradualmente el d\u00e9ficit para llegar al equilibrio fiscal en el 2027, la postura del FMI era llegar antes a esa meta. El entendimiento concluy\u00f3 en que la Argentina se compromete a alcanzar el equilibrio fiscal en el 2025 y dejar de emitir para cubrir el d\u00e9ficit en el 2024.<\/p>\n\n\n\n<p>El paso siguiente es que el gobierno argentino presente el plan para cumplir con esta senda de reducci\u00f3n del d\u00e9ficit.<\/p>\n\n\n\n<p>En este sentido, son muy sugerentes las declaraciones del Ministro de Econom\u00eda enfatizando que no se contemplan reformas estructurales. Esto implica que se repetir\u00e1 la estrategia gradualista que adopt\u00f3 el gobierno anterior.<\/p>\n\n\n\n<p>Se parte del supuesto de que la econom\u00eda crecer\u00e1 y, con ello, los ingresos p\u00fablicos. Manteniendo el nivel real de gasto p\u00fablico por debajo de los ingresos, el d\u00e9ficit fiscal se reducir\u00e1 gradualmente.<\/p>\n\n\n\n<p><strong>Cu\u00e1nto debe crecer la econom\u00eda<\/strong><\/p>\n\n\n\n<p>En este marco cabe plantearse la pregunta de en cu\u00e1nto debe crecer la econom\u00eda para cumplir con la senda de reducci\u00f3n del d\u00e9ficit fiscal acordada. Con datos del Ministerio de Econom\u00eda se pueden hacer las siguientes estimaciones:<\/p>\n\n\n\n<ul class=\"wp-block-list\"><li>En el a\u00f1o 2022 el crecimiento del PBI deber\u00eda ser del orden del 2,5%.<\/li><\/ul>\n\n\n\n<ul class=\"wp-block-list\"><li>En el 2023 deber\u00eda ser del 3% del PBI.<\/li><\/ul>\n\n\n\n<ul class=\"wp-block-list\"><li>En el 2024 el incremento del PBI deber\u00eda ser del 5,5% del PBI.<\/li><\/ul>\n\n\n\n<p><\/p>\n\n\n\n<figure class=\"wp-block-image size-full\"><img data-recalc-dims=\"1\" fetchpriority=\"high\" decoding=\"async\" width=\"834\" height=\"298\" src=\"https:\/\/i0.wp.com\/elregionalvm.com.ar\/noticias-villa-maria\/wp-content\/uploads\/2022\/01\/Captura-4-1.jpg?resize=834%2C298&#038;ssl=1\" alt=\"\" class=\"wp-image-51866\" srcset=\"https:\/\/i0.wp.com\/elregionalvm.com.ar\/noticias-villa-maria\/wp-content\/uploads\/2022\/01\/Captura-4-1.jpg?w=834&amp;ssl=1 834w, https:\/\/i0.wp.com\/elregionalvm.com.ar\/noticias-villa-maria\/wp-content\/uploads\/2022\/01\/Captura-4-1.jpg?resize=300%2C107&amp;ssl=1 300w, https:\/\/i0.wp.com\/elregionalvm.com.ar\/noticias-villa-maria\/wp-content\/uploads\/2022\/01\/Captura-4-1.jpg?resize=768%2C274&amp;ssl=1 768w\" sizes=\"(max-width: 834px) 100vw, 834px\" \/><\/figure>\n\n\n\n<p><\/p>\n\n\n\n<p><\/p>\n\n\n\n<p>Estos datos muestran que la senda de reducci\u00f3n del d\u00e9ficit fiscal requiere aumentos crecientes del PBI. La raz\u00f3n es que el \u00fanico factor de reducci\u00f3n del d\u00e9ficit es el aumento de los ingresos p\u00fablicos por crecimiento econ\u00f3mico.<\/p>\n\n\n\n<p>Al principio, como se postula que la reducci\u00f3n del d\u00e9ficit sea baja, el crecimiento requerido tambi\u00e9n es bajo; pero a medida que se compromete mayor reducci\u00f3n de d\u00e9ficit para acercarse al equilibrio, las tasas de crecimiento requeridas son m\u00e1s altas. Esta es la esencia de la estrategia gradualista.<\/p>\n\n\n\n<p>El gradualismo es inconsistente porque no es posible crecer con un sector p\u00fablico tan desorganizado. La muy alta inflaci\u00f3n que se deriva de los excesos de emisi\u00f3n para financiar el d\u00e9ficit fiscal complica la producci\u00f3n.<\/p>\n\n\n\n<p>Adem\u00e1s, la alta inflaci\u00f3n lleva a que gran parte de los ahorros se fuguen y los pocos que quedan son absorbidos por el Estado para ayudar a cubrir el desequilibrio fiscal.<\/p>\n\n\n\n<p>A esto se suman muchos impuestos que hacen inviables los proyectos de inversi\u00f3n. El desorden estatal lleva a que la infraestructura y los servicios p\u00fablicos sean de muy baja calidad como lo demuestran los altos costos de transporte y los cortes de energ\u00eda.<\/p>\n\n\n\n<p>Lo mismo sucede con las regulaciones que promueven los monopolios y las conductas rent\u00edsticas en lugar de la innovaci\u00f3n y la competencia. Sin modificar esta realidad, la econom\u00eda no puede crecer, por lo tanto, las metas no se van a cumplir. El incumplimiento no es por falta de voluntad, sino por error de dise\u00f1o.<\/p>\n\n\n\n<p><\/p>\n\n\n\n<figure class=\"wp-block-image size-full\"><img data-recalc-dims=\"1\" decoding=\"async\" width=\"1000\" height=\"628\" src=\"https:\/\/i0.wp.com\/elregionalvm.com.ar\/noticias-villa-maria\/wp-content\/uploads\/2022\/01\/FMI-edificio-cartel.jpg?resize=1000%2C628&#038;ssl=1\" alt=\"\" class=\"wp-image-51803\" srcset=\"https:\/\/i0.wp.com\/elregionalvm.com.ar\/noticias-villa-maria\/wp-content\/uploads\/2022\/01\/FMI-edificio-cartel.jpg?w=1000&amp;ssl=1 1000w, https:\/\/i0.wp.com\/elregionalvm.com.ar\/noticias-villa-maria\/wp-content\/uploads\/2022\/01\/FMI-edificio-cartel.jpg?resize=300%2C188&amp;ssl=1 300w, https:\/\/i0.wp.com\/elregionalvm.com.ar\/noticias-villa-maria\/wp-content\/uploads\/2022\/01\/FMI-edificio-cartel.jpg?resize=768%2C482&amp;ssl=1 768w\" sizes=\"(max-width: 1000px) 100vw, 1000px\" \/><\/figure>\n\n\n\n<p><\/p>\n\n\n\n<p><strong>Ordenar el Estado<\/strong><\/p>\n\n\n\n<p>La meta de que el gasto p\u00fablico no crezca por encima de los ingresos tampoco es f\u00e1cil del lograr sin un ordenamiento del Estado.<\/p>\n\n\n\n<p>Por ejemplo, la movilidad previsional se hace por incrementos de salarios (que, en general, est\u00e1n atados a la inflaci\u00f3n) e ingresos p\u00fablicos (que en la l\u00f3gica del gradualismo son los que tienen que subir por encima del gasto).<\/p>\n\n\n\n<p>Esto implica que habr\u00e1 que revisar a la baja otros gastos, como los subsidios a la energ\u00eda. En este sentido, el gobierno eludi\u00f3 hablar sobre el tema subsidios a la energ\u00eda, pero el FMI en su comunicado de prensa fue muy expl\u00edcito se\u00f1alando que \u201c\u2026 se acord\u00f3 que una estrategia para reducir los subsidios a la energ\u00eda de manera progresiva ser\u00e1 fundamental para mejorar la composici\u00f3n del gasto p\u00fablico\u201d.<\/p>\n\n\n\n<p>Lo que el gobierno nacional presenta como una fortaleza del acuerdo es su principal debilidad: no abordar el ordenamiento integral del Estado.<\/p>\n\n\n\n<p>Sin ordenamiento no habr\u00e1 crecimiento, adem\u00e1s de que la inflaci\u00f3n seguir\u00e1 muy alta. Bajo estas condiciones es previsible que los compromisos con el FMI se incumplan y, lo m\u00e1s importante, que la Argentina siga en su largo ciclo de decadencia econ\u00f3mica y social.&nbsp;<\/p>\n","protected":false},"excerpt":{"rendered":"<p>Se anunci\u00f3 el avance hacia un nuevo acuerdo con el FMI. Otra vez se opta por una estrategia gradualista que supone que el d\u00e9ficit fiscal se reducir\u00e1 porque la recaudaci\u00f3n aumentar\u00e1 m\u00e1s que los gastos gracias al crecimiento de la econom\u00eda. Se repite la misma inconsistencia que llev\u00f3 al fracaso del acuerdo anterior. Informe: Idesa [&hellip;]<\/p>\n","protected":false},"author":4,"featured_media":51867,"comment_status":"open","ping_status":"open","sticky":false,"template":"","format":"standard","meta":{"site-sidebar-layout":"default","site-content-layout":"default","ast-site-content-layout":"default","site-content-style":"default","site-sidebar-style":"default","ast-global-header-display":"","ast-banner-title-visibility":"","ast-main-header-display":"","ast-hfb-above-header-display":"","ast-hfb-below-header-display":"","ast-hfb-mobile-header-display":"","site-post-title":"","ast-breadcrumbs-content":"","ast-featured-img":"","footer-sml-layout":"","ast-disable-related-posts":"","theme-transparent-header-meta":"default","adv-header-id-meta":"","stick-header-meta":"","header-above-stick-meta":"","header-main-stick-meta":"","header-below-stick-meta":"","astra-migrate-meta-layouts":"default","ast-page-background-enabled":"default","ast-page-background-meta":{"desktop":{"background-color":"","background-image":"","background-repeat":"repeat","background-position":"center center","background-size":"auto","background-attachment":"scroll","background-type":"","background-media":"","overlay-type":"","overlay-color":"","overlay-opacity":"","overlay-gradient":""},"tablet":{"background-color":"","background-image":"","background-repeat":"repeat","background-position":"center center","background-size":"auto","background-attachment":"scroll","background-type":"","background-media":"","overlay-type":"","overlay-color":"","overlay-opacity":"","overlay-gradient":""},"mobile":{"background-color":"","background-image":"","background-repeat":"repeat","background-position":"center center","background-size":"auto","background-attachment":"scroll","background-type":"","background-media":"","overlay-type":"","overlay-color":"","overlay-opacity":"","overlay-gradient":""}},"ast-content-background-meta":{"desktop":{"background-color":"var(--ast-global-color-5)","background-image":"","background-repeat":"repeat","background-position":"center center","background-size":"auto","background-attachment":"scroll","background-type":"","background-media":"","overlay-type":"","overlay-color":"","overlay-opacity":"","overlay-gradient":""},"tablet":{"background-color":"var(--ast-global-color-5)","background-image":"","background-repeat":"repeat","background-position":"center center","background-size":"auto","background-attachment":"scroll","background-type":"","background-media":"","overlay-type":"","overlay-color":"","overlay-opacity":"","overlay-gradient":""},"mobile":{"background-color":"var(--ast-global-color-5)","background-image":"","background-repeat":"repeat","background-position":"center center","background-size":"auto","background-attachment":"scroll","background-type":"","background-media":"","overlay-type":"","overlay-color":"","overlay-opacity":"","overlay-gradient":""}},"_jetpack_memberships_contains_paid_content":false,"_joinchat":[],"footnotes":""},"categories":[365,3557],"tags":[2647,465,505,2729,467,11524,3734,1973,2467,13396,3498],"class_list":["post-51864","post","type-post","status-publish","format-standard","has-post-thumbnail","hentry","category-opinion","category-tercera","tag-acuerdo","tag-deficit-fiscal","tag-economia","tag-emision-monetaria","tag-fmi","tag-fracaso","tag-gobierno-nacional","tag-idesa","tag-inflacion","tag-ordenamiento-del-estado","tag-subsidios"],"yoast_head":"<!-- This site is optimized with the Yoast SEO plugin v26.8 - https:\/\/yoast.com\/product\/yoast-seo-wordpress\/ -->\n<title>[Opini\u00f3n] El nuevo acuerdo con el FMI tambi\u00e9n fracasar\u00e1 - El Regional<\/title>\n<meta name=\"description\" content=\"Sin ordenamiento no habr\u00e1 crecimiento, adem\u00e1s de que la inflaci\u00f3n seguir\u00e1 muy alta. As\u00ed,es previsible que los compromisos se incumplan.\" \/>\n<meta name=\"robots\" content=\"index, follow, max-snippet:-1, max-image-preview:large, max-video-preview:-1\" \/>\n<link rel=\"canonical\" href=\"http:\/\/elregionalvm.com.ar\/noticias-villa-maria\/opinion-el-nuevo-acuerdo-con-el-fmi-tambien-fracasara\/\" \/>\n<meta property=\"og:locale\" content=\"es_ES\" \/>\n<meta property=\"og:type\" content=\"article\" \/>\n<meta property=\"og:title\" content=\"[Opini\u00f3n] El nuevo acuerdo con el FMI tambi\u00e9n fracasar\u00e1 - El Regional\" \/>\n<meta property=\"og:description\" content=\"Sin ordenamiento no habr\u00e1 crecimiento, adem\u00e1s de que la inflaci\u00f3n seguir\u00e1 muy alta. As\u00ed,es previsible que los compromisos se incumplan.\" \/>\n<meta property=\"og:url\" content=\"http:\/\/elregionalvm.com.ar\/noticias-villa-maria\/opinion-el-nuevo-acuerdo-con-el-fmi-tambien-fracasara\/\" \/>\n<meta property=\"og:site_name\" content=\"El Regional\" \/>\n<meta property=\"article:publisher\" content=\"https:\/\/www.facebook.com\/elregionalvm\" \/>\n<meta property=\"article:published_time\" content=\"2022-01-31T19:40:19+00:00\" \/>\n<meta property=\"article:modified_time\" content=\"2022-02-02T02:50:25+00:00\" \/>\n<meta property=\"og:image\" content=\"http:\/\/elregionalvm.com.ar\/noticias-villa-maria\/wp-content\/uploads\/2022\/01\/guzman-y-kristalina-georgieva.jpeg\" \/>\n\t<meta property=\"og:image:width\" content=\"613\" \/>\n\t<meta property=\"og:image:height\" content=\"459\" \/>\n\t<meta property=\"og:image:type\" content=\"image\/jpeg\" \/>\n<meta name=\"author\" content=\"Contenidos El Regional\" \/>\n<meta name=\"twitter:card\" content=\"summary_large_image\" \/>\n<meta name=\"twitter:creator\" content=\"@elregionalvm1\" \/>\n<meta name=\"twitter:site\" content=\"@elregionalvm1\" \/>\n<meta name=\"twitter:label1\" content=\"Escrito por\" \/>\n\t<meta name=\"twitter:data1\" content=\"Contenidos El Regional\" \/>\n\t<meta name=\"twitter:label2\" content=\"Tiempo de lectura\" \/>\n\t<meta name=\"twitter:data2\" content=\"4 minutos\" \/>\n<script type=\"application\/ld+json\" class=\"yoast-schema-graph\">{\"@context\":\"https:\/\/schema.org\",\"@graph\":[{\"@type\":\"Article\",\"@id\":\"http:\/\/elregionalvm.com.ar\/noticias-villa-maria\/opinion-el-nuevo-acuerdo-con-el-fmi-tambien-fracasara\/#article\",\"isPartOf\":{\"@id\":\"http:\/\/elregionalvm.com.ar\/noticias-villa-maria\/opinion-el-nuevo-acuerdo-con-el-fmi-tambien-fracasara\/\"},\"author\":{\"name\":\"Contenidos El Regional\",\"@id\":\"http:\/\/elregionalvm.com.ar\/noticias-villa-maria\/#\/schema\/person\/a0fb9c422317faca23d50163151bc354\"},\"headline\":\"[Opini\u00f3n] El nuevo acuerdo con el FMI tambi\u00e9n fracasar\u00e1\",\"datePublished\":\"2022-01-31T19:40:19+00:00\",\"dateModified\":\"2022-02-02T02:50:25+00:00\",\"mainEntityOfPage\":{\"@id\":\"http:\/\/elregionalvm.com.ar\/noticias-villa-maria\/opinion-el-nuevo-acuerdo-con-el-fmi-tambien-fracasara\/\"},\"wordCount\":834,\"commentCount\":0,\"image\":{\"@id\":\"http:\/\/elregionalvm.com.ar\/noticias-villa-maria\/opinion-el-nuevo-acuerdo-con-el-fmi-tambien-fracasara\/#primaryimage\"},\"thumbnailUrl\":\"https:\/\/i0.wp.com\/elregionalvm.com.ar\/noticias-villa-maria\/wp-content\/uploads\/2022\/01\/guzman-y-kristalina-georgieva.jpeg?fit=613%2C459&ssl=1\",\"keywords\":[\"acuerdo\",\"d\u00e9ficit fiscal\",\"Econom\u00eda\",\"emisi\u00f3n monetaria\",\"FMI\",\"fracaso\",\"Gobierno Nacional\",\"IDESA\",\"Inflaci\u00f3n\",\"ordenamiento del estado\",\"subsidios\"],\"articleSection\":[\"Opini\u00f3n\",\"tercera\"],\"inLanguage\":\"es\",\"potentialAction\":[{\"@type\":\"CommentAction\",\"name\":\"Comment\",\"target\":[\"http:\/\/elregionalvm.com.ar\/noticias-villa-maria\/opinion-el-nuevo-acuerdo-con-el-fmi-tambien-fracasara\/#respond\"]}]},{\"@type\":\"WebPage\",\"@id\":\"http:\/\/elregionalvm.com.ar\/noticias-villa-maria\/opinion-el-nuevo-acuerdo-con-el-fmi-tambien-fracasara\/\",\"url\":\"http:\/\/elregionalvm.com.ar\/noticias-villa-maria\/opinion-el-nuevo-acuerdo-con-el-fmi-tambien-fracasara\/\",\"name\":\"[Opini\u00f3n] El nuevo acuerdo con el FMI tambi\u00e9n fracasar\u00e1 - El Regional\",\"isPartOf\":{\"@id\":\"http:\/\/elregionalvm.com.ar\/noticias-villa-maria\/#website\"},\"primaryImageOfPage\":{\"@id\":\"http:\/\/elregionalvm.com.ar\/noticias-villa-maria\/opinion-el-nuevo-acuerdo-con-el-fmi-tambien-fracasara\/#primaryimage\"},\"image\":{\"@id\":\"http:\/\/elregionalvm.com.ar\/noticias-villa-maria\/opinion-el-nuevo-acuerdo-con-el-fmi-tambien-fracasara\/#primaryimage\"},\"thumbnailUrl\":\"https:\/\/i0.wp.com\/elregionalvm.com.ar\/noticias-villa-maria\/wp-content\/uploads\/2022\/01\/guzman-y-kristalina-georgieva.jpeg?fit=613%2C459&ssl=1\",\"datePublished\":\"2022-01-31T19:40:19+00:00\",\"dateModified\":\"2022-02-02T02:50:25+00:00\",\"author\":{\"@id\":\"http:\/\/elregionalvm.com.ar\/noticias-villa-maria\/#\/schema\/person\/a0fb9c422317faca23d50163151bc354\"},\"description\":\"Sin ordenamiento no habr\u00e1 crecimiento, adem\u00e1s de que la inflaci\u00f3n seguir\u00e1 muy alta. As\u00ed,es previsible que los compromisos se incumplan.\",\"breadcrumb\":{\"@id\":\"http:\/\/elregionalvm.com.ar\/noticias-villa-maria\/opinion-el-nuevo-acuerdo-con-el-fmi-tambien-fracasara\/#breadcrumb\"},\"inLanguage\":\"es\",\"potentialAction\":[{\"@type\":\"ReadAction\",\"target\":[\"http:\/\/elregionalvm.com.ar\/noticias-villa-maria\/opinion-el-nuevo-acuerdo-con-el-fmi-tambien-fracasara\/\"]}]},{\"@type\":\"ImageObject\",\"inLanguage\":\"es\",\"@id\":\"http:\/\/elregionalvm.com.ar\/noticias-villa-maria\/opinion-el-nuevo-acuerdo-con-el-fmi-tambien-fracasara\/#primaryimage\",\"url\":\"https:\/\/i0.wp.com\/elregionalvm.com.ar\/noticias-villa-maria\/wp-content\/uploads\/2022\/01\/guzman-y-kristalina-georgieva.jpeg?fit=613%2C459&ssl=1\",\"contentUrl\":\"https:\/\/i0.wp.com\/elregionalvm.com.ar\/noticias-villa-maria\/wp-content\/uploads\/2022\/01\/guzman-y-kristalina-georgieva.jpeg?fit=613%2C459&ssl=1\",\"width\":613,\"height\":459},{\"@type\":\"BreadcrumbList\",\"@id\":\"http:\/\/elregionalvm.com.ar\/noticias-villa-maria\/opinion-el-nuevo-acuerdo-con-el-fmi-tambien-fracasara\/#breadcrumb\",\"itemListElement\":[{\"@type\":\"ListItem\",\"position\":1,\"name\":\"Portada\",\"item\":\"https:\/\/elregionalvm.com.ar\/noticias-villa-maria\/\"},{\"@type\":\"ListItem\",\"position\":2,\"name\":\"[Opini\u00f3n] El nuevo acuerdo con el FMI tambi\u00e9n fracasar\u00e1\"}]},{\"@type\":\"WebSite\",\"@id\":\"http:\/\/elregionalvm.com.ar\/noticias-villa-maria\/#website\",\"url\":\"http:\/\/elregionalvm.com.ar\/noticias-villa-maria\/\",\"name\":\"El Regional\",\"description\":\"Mucho m\u00e1s que informaci\u00f3n\",\"potentialAction\":[{\"@type\":\"SearchAction\",\"target\":{\"@type\":\"EntryPoint\",\"urlTemplate\":\"http:\/\/elregionalvm.com.ar\/noticias-villa-maria\/?s={search_term_string}\"},\"query-input\":{\"@type\":\"PropertyValueSpecification\",\"valueRequired\":true,\"valueName\":\"search_term_string\"}}],\"inLanguage\":\"es\"},{\"@type\":\"Person\",\"@id\":\"http:\/\/elregionalvm.com.ar\/noticias-villa-maria\/#\/schema\/person\/a0fb9c422317faca23d50163151bc354\",\"name\":\"Contenidos El Regional\",\"image\":{\"@type\":\"ImageObject\",\"inLanguage\":\"es\",\"@id\":\"http:\/\/elregionalvm.com.ar\/noticias-villa-maria\/#\/schema\/person\/image\/\",\"url\":\"https:\/\/secure.gravatar.com\/avatar\/265b27cb2209af7bb3a1318f03305787d7981a5cc6e6cd08fe5a4ecdf99d4b48?s=96&d=mm&r=g\",\"contentUrl\":\"https:\/\/secure.gravatar.com\/avatar\/265b27cb2209af7bb3a1318f03305787d7981a5cc6e6cd08fe5a4ecdf99d4b48?s=96&d=mm&r=g\",\"caption\":\"Contenidos El Regional\"},\"url\":\"https:\/\/elregionalvm.com.ar\/noticias-villa-maria\/author\/contenido\/\"}]}<\/script>\n<!-- \/ Yoast SEO plugin. -->","yoast_head_json":{"title":"[Opini\u00f3n] El nuevo acuerdo con el FMI tambi\u00e9n fracasar\u00e1 - El Regional","description":"Sin ordenamiento no habr\u00e1 crecimiento, adem\u00e1s de que la inflaci\u00f3n seguir\u00e1 muy alta. As\u00ed,es previsible que los compromisos se incumplan.","robots":{"index":"index","follow":"follow","max-snippet":"max-snippet:-1","max-image-preview":"max-image-preview:large","max-video-preview":"max-video-preview:-1"},"canonical":"http:\/\/elregionalvm.com.ar\/noticias-villa-maria\/opinion-el-nuevo-acuerdo-con-el-fmi-tambien-fracasara\/","og_locale":"es_ES","og_type":"article","og_title":"[Opini\u00f3n] El nuevo acuerdo con el FMI tambi\u00e9n fracasar\u00e1 - El Regional","og_description":"Sin ordenamiento no habr\u00e1 crecimiento, adem\u00e1s de que la inflaci\u00f3n seguir\u00e1 muy alta. As\u00ed,es previsible que los compromisos se incumplan.","og_url":"http:\/\/elregionalvm.com.ar\/noticias-villa-maria\/opinion-el-nuevo-acuerdo-con-el-fmi-tambien-fracasara\/","og_site_name":"El Regional","article_publisher":"https:\/\/www.facebook.com\/elregionalvm","article_published_time":"2022-01-31T19:40:19+00:00","article_modified_time":"2022-02-02T02:50:25+00:00","og_image":[{"width":613,"height":459,"url":"http:\/\/elregionalvm.com.ar\/noticias-villa-maria\/wp-content\/uploads\/2022\/01\/guzman-y-kristalina-georgieva.jpeg","type":"image\/jpeg"}],"author":"Contenidos El Regional","twitter_card":"summary_large_image","twitter_creator":"@elregionalvm1","twitter_site":"@elregionalvm1","twitter_misc":{"Escrito por":"Contenidos El Regional","Tiempo de lectura":"4 minutos"},"schema":{"@context":"https:\/\/schema.org","@graph":[{"@type":"Article","@id":"http:\/\/elregionalvm.com.ar\/noticias-villa-maria\/opinion-el-nuevo-acuerdo-con-el-fmi-tambien-fracasara\/#article","isPartOf":{"@id":"http:\/\/elregionalvm.com.ar\/noticias-villa-maria\/opinion-el-nuevo-acuerdo-con-el-fmi-tambien-fracasara\/"},"author":{"name":"Contenidos El Regional","@id":"http:\/\/elregionalvm.com.ar\/noticias-villa-maria\/#\/schema\/person\/a0fb9c422317faca23d50163151bc354"},"headline":"[Opini\u00f3n] El nuevo acuerdo con el FMI tambi\u00e9n fracasar\u00e1","datePublished":"2022-01-31T19:40:19+00:00","dateModified":"2022-02-02T02:50:25+00:00","mainEntityOfPage":{"@id":"http:\/\/elregionalvm.com.ar\/noticias-villa-maria\/opinion-el-nuevo-acuerdo-con-el-fmi-tambien-fracasara\/"},"wordCount":834,"commentCount":0,"image":{"@id":"http:\/\/elregionalvm.com.ar\/noticias-villa-maria\/opinion-el-nuevo-acuerdo-con-el-fmi-tambien-fracasara\/#primaryimage"},"thumbnailUrl":"https:\/\/i0.wp.com\/elregionalvm.com.ar\/noticias-villa-maria\/wp-content\/uploads\/2022\/01\/guzman-y-kristalina-georgieva.jpeg?fit=613%2C459&ssl=1","keywords":["acuerdo","d\u00e9ficit fiscal","Econom\u00eda","emisi\u00f3n monetaria","FMI","fracaso","Gobierno Nacional","IDESA","Inflaci\u00f3n","ordenamiento del estado","subsidios"],"articleSection":["Opini\u00f3n","tercera"],"inLanguage":"es","potentialAction":[{"@type":"CommentAction","name":"Comment","target":["http:\/\/elregionalvm.com.ar\/noticias-villa-maria\/opinion-el-nuevo-acuerdo-con-el-fmi-tambien-fracasara\/#respond"]}]},{"@type":"WebPage","@id":"http:\/\/elregionalvm.com.ar\/noticias-villa-maria\/opinion-el-nuevo-acuerdo-con-el-fmi-tambien-fracasara\/","url":"http:\/\/elregionalvm.com.ar\/noticias-villa-maria\/opinion-el-nuevo-acuerdo-con-el-fmi-tambien-fracasara\/","name":"[Opini\u00f3n] El nuevo acuerdo con el FMI tambi\u00e9n fracasar\u00e1 - El Regional","isPartOf":{"@id":"http:\/\/elregionalvm.com.ar\/noticias-villa-maria\/#website"},"primaryImageOfPage":{"@id":"http:\/\/elregionalvm.com.ar\/noticias-villa-maria\/opinion-el-nuevo-acuerdo-con-el-fmi-tambien-fracasara\/#primaryimage"},"image":{"@id":"http:\/\/elregionalvm.com.ar\/noticias-villa-maria\/opinion-el-nuevo-acuerdo-con-el-fmi-tambien-fracasara\/#primaryimage"},"thumbnailUrl":"https:\/\/i0.wp.com\/elregionalvm.com.ar\/noticias-villa-maria\/wp-content\/uploads\/2022\/01\/guzman-y-kristalina-georgieva.jpeg?fit=613%2C459&ssl=1","datePublished":"2022-01-31T19:40:19+00:00","dateModified":"2022-02-02T02:50:25+00:00","author":{"@id":"http:\/\/elregionalvm.com.ar\/noticias-villa-maria\/#\/schema\/person\/a0fb9c422317faca23d50163151bc354"},"description":"Sin ordenamiento no habr\u00e1 crecimiento, adem\u00e1s de que la inflaci\u00f3n seguir\u00e1 muy alta. As\u00ed,es previsible que los compromisos se incumplan.","breadcrumb":{"@id":"http:\/\/elregionalvm.com.ar\/noticias-villa-maria\/opinion-el-nuevo-acuerdo-con-el-fmi-tambien-fracasara\/#breadcrumb"},"inLanguage":"es","potentialAction":[{"@type":"ReadAction","target":["http:\/\/elregionalvm.com.ar\/noticias-villa-maria\/opinion-el-nuevo-acuerdo-con-el-fmi-tambien-fracasara\/"]}]},{"@type":"ImageObject","inLanguage":"es","@id":"http:\/\/elregionalvm.com.ar\/noticias-villa-maria\/opinion-el-nuevo-acuerdo-con-el-fmi-tambien-fracasara\/#primaryimage","url":"https:\/\/i0.wp.com\/elregionalvm.com.ar\/noticias-villa-maria\/wp-content\/uploads\/2022\/01\/guzman-y-kristalina-georgieva.jpeg?fit=613%2C459&ssl=1","contentUrl":"https:\/\/i0.wp.com\/elregionalvm.com.ar\/noticias-villa-maria\/wp-content\/uploads\/2022\/01\/guzman-y-kristalina-georgieva.jpeg?fit=613%2C459&ssl=1","width":613,"height":459},{"@type":"BreadcrumbList","@id":"http:\/\/elregionalvm.com.ar\/noticias-villa-maria\/opinion-el-nuevo-acuerdo-con-el-fmi-tambien-fracasara\/#breadcrumb","itemListElement":[{"@type":"ListItem","position":1,"name":"Portada","item":"https:\/\/elregionalvm.com.ar\/noticias-villa-maria\/"},{"@type":"ListItem","position":2,"name":"[Opini\u00f3n] El nuevo acuerdo con el FMI tambi\u00e9n fracasar\u00e1"}]},{"@type":"WebSite","@id":"http:\/\/elregionalvm.com.ar\/noticias-villa-maria\/#website","url":"http:\/\/elregionalvm.com.ar\/noticias-villa-maria\/","name":"El Regional","description":"Mucho m\u00e1s que informaci\u00f3n","potentialAction":[{"@type":"SearchAction","target":{"@type":"EntryPoint","urlTemplate":"http:\/\/elregionalvm.com.ar\/noticias-villa-maria\/?s={search_term_string}"},"query-input":{"@type":"PropertyValueSpecification","valueRequired":true,"valueName":"search_term_string"}}],"inLanguage":"es"},{"@type":"Person","@id":"http:\/\/elregionalvm.com.ar\/noticias-villa-maria\/#\/schema\/person\/a0fb9c422317faca23d50163151bc354","name":"Contenidos El Regional","image":{"@type":"ImageObject","inLanguage":"es","@id":"http:\/\/elregionalvm.com.ar\/noticias-villa-maria\/#\/schema\/person\/image\/","url":"https:\/\/secure.gravatar.com\/avatar\/265b27cb2209af7bb3a1318f03305787d7981a5cc6e6cd08fe5a4ecdf99d4b48?s=96&d=mm&r=g","contentUrl":"https:\/\/secure.gravatar.com\/avatar\/265b27cb2209af7bb3a1318f03305787d7981a5cc6e6cd08fe5a4ecdf99d4b48?s=96&d=mm&r=g","caption":"Contenidos El Regional"},"url":"https:\/\/elregionalvm.com.ar\/noticias-villa-maria\/author\/contenido\/"}]}},"jetpack_featured_media_url":"https:\/\/i0.wp.com\/elregionalvm.com.ar\/noticias-villa-maria\/wp-content\/uploads\/2022\/01\/guzman-y-kristalina-georgieva.jpeg?fit=613%2C459&ssl=1","jetpack_sharing_enabled":true,"_links":{"self":[{"href":"https:\/\/elregionalvm.com.ar\/noticias-villa-maria\/wp-json\/wp\/v2\/posts\/51864","targetHints":{"allow":["GET"]}}],"collection":[{"href":"https:\/\/elregionalvm.com.ar\/noticias-villa-maria\/wp-json\/wp\/v2\/posts"}],"about":[{"href":"https:\/\/elregionalvm.com.ar\/noticias-villa-maria\/wp-json\/wp\/v2\/types\/post"}],"author":[{"embeddable":true,"href":"https:\/\/elregionalvm.com.ar\/noticias-villa-maria\/wp-json\/wp\/v2\/users\/4"}],"replies":[{"embeddable":true,"href":"https:\/\/elregionalvm.com.ar\/noticias-villa-maria\/wp-json\/wp\/v2\/comments?post=51864"}],"version-history":[{"count":1,"href":"https:\/\/elregionalvm.com.ar\/noticias-villa-maria\/wp-json\/wp\/v2\/posts\/51864\/revisions"}],"predecessor-version":[{"id":51868,"href":"https:\/\/elregionalvm.com.ar\/noticias-villa-maria\/wp-json\/wp\/v2\/posts\/51864\/revisions\/51868"}],"wp:featuredmedia":[{"embeddable":true,"href":"https:\/\/elregionalvm.com.ar\/noticias-villa-maria\/wp-json\/wp\/v2\/media\/51867"}],"wp:attachment":[{"href":"https:\/\/elregionalvm.com.ar\/noticias-villa-maria\/wp-json\/wp\/v2\/media?parent=51864"}],"wp:term":[{"taxonomy":"category","embeddable":true,"href":"https:\/\/elregionalvm.com.ar\/noticias-villa-maria\/wp-json\/wp\/v2\/categories?post=51864"},{"taxonomy":"post_tag","embeddable":true,"href":"https:\/\/elregionalvm.com.ar\/noticias-villa-maria\/wp-json\/wp\/v2\/tags?post=51864"}],"curies":[{"name":"wp","href":"https:\/\/api.w.org\/{rel}","templated":true}]}}