{"id":51869,"date":"2022-01-31T19:55:14","date_gmt":"2022-01-31T19:55:14","guid":{"rendered":"https:\/\/elregionalvm.com.ar\/noticias-villa-maria\/?p=51869"},"modified":"2022-02-02T02:49:54","modified_gmt":"2022-02-02T02:49:54","slug":"historias-los-helados-laponia-y-su-exito-tambien-en-villa-maria","status":"publish","type":"post","link":"https:\/\/elregionalvm.com.ar\/noticias-villa-maria\/historias-los-helados-laponia-y-su-exito-tambien-en-villa-maria\/","title":{"rendered":"[Historias] Los helados \u201cLaponia\u201d y su \u00e9xito tambi\u00e9n en Villa Mar\u00eda"},"content":{"rendered":"\n<p><\/p>\n\n\n\n<p><strong>Escribe: Julio a. Ben\u00edtez \u2013 <a href=\"mailto:benitezjulioalberto@gmail.com\">benitezjulioalberto@gmail.com<\/a><\/strong><\/p>\n\n\n\n<p>Abel\u2013Francois-Charles-Saint naci\u00f3 en Le Montet, Allier, Francia el 14 de junio de 1845.<\/p>\n\n\n\n<p>Lleg\u00f3 a Argentina y fund\u00f3, en 1880, en la calle Artes (actual Carlos Pellegrini) de Buenos Aires, un tostadero de caf\u00e9, que, en 1890, por la gran demanda, le oblig\u00f3 a ampliar sus instalaciones.<\/p>\n\n\n\n<p>As\u00ed fue que se traslad\u00f3 a la esquina de calles Herrera y Brandsen, en el barrio de Barracas, a una superficie de dos manzanas, donde comenz\u00f3 a producir chocolates, tostadero de caf\u00e9, embalaje y expedici\u00f3n de sus productos. En 1894 falleci\u00f3 Abel y continuaron dirigiendo la empresa su esposa y sus hijos.<\/p>\n\n\n\n<p><strong>Los helados<\/strong><\/p>\n\n\n\n<p>En 1905 abrieron una sucursal en la ciudad de Montevideo y en 1923 transformaron a la sociedad en \u201cChocolates \u00c1guila y Productos Saint Hnos. S.A.\u201d, que en 1930 comenz\u00f3 a producir los famosos \u201cHelados Laponia\u201d.<\/p>\n\n\n\n<p>En el a\u00f1o 1931 ampli\u00f3 su l\u00ednea de producci\u00f3n, fabricando caramelos, bombones y dem\u00e1s subproductos.<\/p>\n\n\n\n<p><\/p>\n\n\n\n<figure class=\"wp-block-image size-full\"><img data-recalc-dims=\"1\" fetchpriority=\"high\" decoding=\"async\" width=\"347\" height=\"245\" src=\"https:\/\/i0.wp.com\/elregionalvm.com.ar\/noticias-villa-maria\/wp-content\/uploads\/2022\/01\/descarga-1-2.jpg?resize=347%2C245&#038;ssl=1\" alt=\"\" class=\"wp-image-51874\" srcset=\"https:\/\/i0.wp.com\/elregionalvm.com.ar\/noticias-villa-maria\/wp-content\/uploads\/2022\/01\/descarga-1-2.jpg?w=347&amp;ssl=1 347w, https:\/\/i0.wp.com\/elregionalvm.com.ar\/noticias-villa-maria\/wp-content\/uploads\/2022\/01\/descarga-1-2.jpg?resize=300%2C212&amp;ssl=1 300w\" sizes=\"(max-width: 347px) 100vw, 347px\" \/><\/figure>\n\n\n\n<p><\/p>\n\n\n\n<p>Se proveyeron del material necesario para la fabricaci\u00f3n e impresi\u00f3n de sus envases y una sastrer\u00eda para confeccionar ropa de sus mil ochocientos empleados que ten\u00edan entre casa central y sus m\u00e1s de cien sucursales en todo el pa\u00eds.<\/p>\n\n\n\n<p>Lleg\u00f3 a comercializar m\u00e1s de ochenta productos con su marca. En 1993, fue adquirida por la empresa Arcor.<\/p>\n\n\n\n<p><\/p>\n\n\n\n<figure class=\"wp-block-image size-large\"><img data-recalc-dims=\"1\" decoding=\"async\" width=\"1024\" height=\"576\" src=\"https:\/\/i0.wp.com\/elregionalvm.com.ar\/noticias-villa-maria\/wp-content\/uploads\/2022\/01\/Laponia.jpg?resize=1024%2C576&#038;ssl=1\" alt=\"\" class=\"wp-image-51873\" srcset=\"https:\/\/i0.wp.com\/elregionalvm.com.ar\/noticias-villa-maria\/wp-content\/uploads\/2022\/01\/Laponia.jpg?resize=1024%2C576&amp;ssl=1 1024w, https:\/\/i0.wp.com\/elregionalvm.com.ar\/noticias-villa-maria\/wp-content\/uploads\/2022\/01\/Laponia.jpg?resize=300%2C169&amp;ssl=1 300w, https:\/\/i0.wp.com\/elregionalvm.com.ar\/noticias-villa-maria\/wp-content\/uploads\/2022\/01\/Laponia.jpg?resize=768%2C432&amp;ssl=1 768w, https:\/\/i0.wp.com\/elregionalvm.com.ar\/noticias-villa-maria\/wp-content\/uploads\/2022\/01\/Laponia.jpg?w=1170&amp;ssl=1 1170w\" sizes=\"(max-width: 1000px) 100vw, 1000px\" \/><figcaption><em>Cientos de repartidores recorr\u00edan las calles y paseos de Buenos Aires ofreciendo sus especialidades. <\/em><\/figcaption><\/figure>\n\n\n\n<p><\/p>\n\n\n\n<p>En la \u00e9poca estival unos ochocientos repartidores, impecablemente vestidos de blanco, en triciclos debidamente identificados, recorr\u00edan las calles y paseos de Buenos Aires, ofreciendo sus especialidades: Bomb\u00f3n helado, Frutidedo, Popsi, topo Giggio y Patal\u00edn, que se manten\u00edan como reci\u00e9n salidos de la f\u00e1brica, gracias al sistema de refrigeraci\u00f3n con hielo seco.<\/p>\n\n\n\n<p><strong>En Villa Mar\u00eda<\/strong><\/p>\n\n\n\n<p>Los se\u00f1ores Juan Baldi y H\u00e9ctor Perotti, fundadores del Mar-Gut-Bar, en su primera ubicaci\u00f3n, en calle San Juan, en la misma vereda a pocos metros de la Cruz Azul,\u00a0 fueron designados como \u00a0distribuidores de las mencionadas cremas heladas Laponia, \u00a0en Villa Mar\u00eda y su zona, a\u00a0 principios\u00a0 de la d\u00e9cada de 1960.<\/p>\n\n\n\n<p><\/p>\n\n\n\n<figure class=\"wp-block-image size-full is-resized\"><img data-recalc-dims=\"1\" decoding=\"async\" src=\"https:\/\/i0.wp.com\/elregionalvm.com.ar\/noticias-villa-maria\/wp-content\/uploads\/2022\/01\/J.Baldi-y-H.Perotti-parados.jpg?resize=686%2C455&#038;ssl=1\" alt=\"\" class=\"wp-image-51872\" width=\"686\" height=\"455\" srcset=\"https:\/\/i0.wp.com\/elregionalvm.com.ar\/noticias-villa-maria\/wp-content\/uploads\/2022\/01\/J.Baldi-y-H.Perotti-parados.jpg?w=686&amp;ssl=1 686w, https:\/\/i0.wp.com\/elregionalvm.com.ar\/noticias-villa-maria\/wp-content\/uploads\/2022\/01\/J.Baldi-y-H.Perotti-parados.jpg?resize=300%2C199&amp;ssl=1 300w\" sizes=\"(max-width: 686px) 100vw, 686px\" \/><figcaption><em>Baldi y Perotti (parados) trajeron a la ciudad y zona las cremas heladas tan famosas. <\/em><\/figcaption><\/figure>\n\n\n\n<p><\/p>\n\n\n\n<p>Quien escribe este recuerdo, como cliente y empleado en una empresa con m\u00e1quina de escribir Olivetti, era el encargado de realizar el pedido por carta certificada a casa central de Saint Hnos. (productores de los helados), con el tiempo necesario para solicitar a la empresa la factura pro forma a fin de que los se\u00f1ores Baldi y Perotti abonaran el importe mediante giro bancario, por la cantidad de helados que estimaban vender en Villa Mar\u00eda y zona de influencia.<\/p>\n","protected":false},"excerpt":{"rendered":"<p>Escribe: Julio a. Ben\u00edtez \u2013 benitezjulioalberto@gmail.com Abel\u2013Francois-Charles-Saint naci\u00f3 en Le Montet, Allier, Francia el 14 de junio de 1845. Lleg\u00f3 a Argentina y fund\u00f3, en 1880, en la calle Artes (actual Carlos Pellegrini) de Buenos Aires, un tostadero de caf\u00e9, que, en 1890, por la gran demanda, le oblig\u00f3 a ampliar sus instalaciones. As\u00ed fue [&hellip;]<\/p>\n","protected":false},"author":4,"featured_media":51871,"comment_status":"open","ping_status":"open","sticky":false,"template":"","format":"standard","meta":{"site-sidebar-layout":"default","site-content-layout":"default","ast-site-content-layout":"default","site-content-style":"default","site-sidebar-style":"default","ast-global-header-display":"","ast-banner-title-visibility":"","ast-main-header-display":"","ast-hfb-above-header-display":"","ast-hfb-below-header-display":"","ast-hfb-mobile-header-display":"","site-post-title":"","ast-breadcrumbs-content":"","ast-featured-img":"","footer-sml-layout":"","ast-disable-related-posts":"","theme-transparent-header-meta":"default","adv-header-id-meta":"","stick-header-meta":"","header-above-stick-meta":"","header-main-stick-meta":"","header-below-stick-meta":"","astra-migrate-meta-layouts":"default","ast-page-background-enabled":"default","ast-page-background-meta":{"desktop":{"background-color":"","background-image":"","background-repeat":"repeat","background-position":"center center","background-size":"auto","background-attachment":"scroll","background-type":"","background-media":"","overlay-type":"","overlay-color":"","overlay-opacity":"","overlay-gradient":""},"tablet":{"background-color":"","background-image":"","background-repeat":"repeat","background-position":"center center","background-size":"auto","background-attachment":"scroll","background-type":"","background-media":"","overlay-type":"","overlay-color":"","overlay-opacity":"","overlay-gradient":""},"mobile":{"background-color":"","background-image":"","background-repeat":"repeat","background-position":"center center","background-size":"auto","background-attachment":"scroll","background-type":"","background-media":"","overlay-type":"","overlay-color":"","overlay-opacity":"","overlay-gradient":""}},"ast-content-background-meta":{"desktop":{"background-color":"var(--ast-global-color-5)","background-image":"","background-repeat":"repeat","background-position":"center center","background-size":"auto","background-attachment":"scroll","background-type":"","background-media":"","overlay-type":"","overlay-color":"","overlay-opacity":"","overlay-gradient":""},"tablet":{"background-color":"var(--ast-global-color-5)","background-image":"","background-repeat":"repeat","background-position":"center center","background-size":"auto","background-attachment":"scroll","background-type":"","background-media":"","overlay-type":"","overlay-color":"","overlay-opacity":"","overlay-gradient":""},"mobile":{"background-color":"var(--ast-global-color-5)","background-image":"","background-repeat":"repeat","background-position":"center center","background-size":"auto","background-attachment":"scroll","background-type":"","background-media":"","overlay-type":"","overlay-color":"","overlay-opacity":"","overlay-gradient":""}},"_jetpack_memberships_contains_paid_content":false,"_joinchat":[],"footnotes":""},"categories":[2098,3557],"tags":[13398,13397],"class_list":["post-51869","post","type-post","status-publish","format-standard","has-post-thumbnail","hentry","category-historias","category-tercera","tag-helados","tag-helados-laponia"],"yoast_head":"<!-- This site is optimized with the Yoast SEO plugin v26.8 - https:\/\/yoast.com\/product\/yoast-seo-wordpress\/ -->\n<title>[Historias] Los helados \u201cLaponia\u201d y su \u00e9xito tambi\u00e9n en Villa Mar\u00eda - El Regional<\/title>\n<meta name=\"description\" content=\"La famosa marca de helados lleg\u00f3 a la ciudad y zona de la mano de Baldi y Perotti, los fundadores del bar Mar-Gut.\" \/>\n<meta name=\"robots\" content=\"index, follow, max-snippet:-1, max-image-preview:large, max-video-preview:-1\" \/>\n<link rel=\"canonical\" href=\"http:\/\/elregionalvm.com.ar\/noticias-villa-maria\/historias-los-helados-laponia-y-su-exito-tambien-en-villa-maria\/\" \/>\n<meta property=\"og:locale\" content=\"es_ES\" \/>\n<meta property=\"og:type\" content=\"article\" \/>\n<meta property=\"og:title\" content=\"[Historias] Los helados \u201cLaponia\u201d y su \u00e9xito tambi\u00e9n en Villa Mar\u00eda - El Regional\" \/>\n<meta property=\"og:description\" content=\"La famosa marca de helados lleg\u00f3 a la ciudad y zona de la mano de Baldi y Perotti, los fundadores del bar Mar-Gut.\" \/>\n<meta property=\"og:url\" content=\"http:\/\/elregionalvm.com.ar\/noticias-villa-maria\/historias-los-helados-laponia-y-su-exito-tambien-en-villa-maria\/\" \/>\n<meta property=\"og:site_name\" content=\"El Regional\" \/>\n<meta property=\"article:publisher\" content=\"https:\/\/www.facebook.com\/elregionalvm\" \/>\n<meta property=\"article:published_time\" content=\"2022-01-31T19:55:14+00:00\" \/>\n<meta property=\"article:modified_time\" content=\"2022-02-02T02:49:54+00:00\" \/>\n<meta property=\"og:image\" content=\"http:\/\/elregionalvm.com.ar\/noticias-villa-maria\/wp-content\/uploads\/2022\/01\/Centro-distribucion.jpg\" \/>\n\t<meta property=\"og:image:width\" content=\"720\" \/>\n\t<meta property=\"og:image:height\" content=\"523\" \/>\n\t<meta property=\"og:image:type\" content=\"image\/jpeg\" \/>\n<meta name=\"author\" content=\"Contenidos El Regional\" \/>\n<meta name=\"twitter:card\" content=\"summary_large_image\" \/>\n<meta name=\"twitter:creator\" content=\"@elregionalvm1\" \/>\n<meta name=\"twitter:site\" content=\"@elregionalvm1\" \/>\n<meta name=\"twitter:label1\" content=\"Escrito por\" \/>\n\t<meta name=\"twitter:data1\" content=\"Contenidos El Regional\" \/>\n\t<meta name=\"twitter:label2\" content=\"Tiempo de lectura\" \/>\n\t<meta name=\"twitter:data2\" content=\"3 minutos\" \/>\n<script type=\"application\/ld+json\" class=\"yoast-schema-graph\">{\"@context\":\"https:\/\/schema.org\",\"@graph\":[{\"@type\":\"Article\",\"@id\":\"http:\/\/elregionalvm.com.ar\/noticias-villa-maria\/historias-los-helados-laponia-y-su-exito-tambien-en-villa-maria\/#article\",\"isPartOf\":{\"@id\":\"http:\/\/elregionalvm.com.ar\/noticias-villa-maria\/historias-los-helados-laponia-y-su-exito-tambien-en-villa-maria\/\"},\"author\":{\"name\":\"Contenidos El Regional\",\"@id\":\"http:\/\/elregionalvm.com.ar\/noticias-villa-maria\/#\/schema\/person\/a0fb9c422317faca23d50163151bc354\"},\"headline\":\"[Historias] Los helados \u201cLaponia\u201d y su \u00e9xito tambi\u00e9n en Villa Mar\u00eda\",\"datePublished\":\"2022-01-31T19:55:14+00:00\",\"dateModified\":\"2022-02-02T02:49:54+00:00\",\"mainEntityOfPage\":{\"@id\":\"http:\/\/elregionalvm.com.ar\/noticias-villa-maria\/historias-los-helados-laponia-y-su-exito-tambien-en-villa-maria\/\"},\"wordCount\":463,\"commentCount\":0,\"image\":{\"@id\":\"http:\/\/elregionalvm.com.ar\/noticias-villa-maria\/historias-los-helados-laponia-y-su-exito-tambien-en-villa-maria\/#primaryimage\"},\"thumbnailUrl\":\"https:\/\/i0.wp.com\/elregionalvm.com.ar\/noticias-villa-maria\/wp-content\/uploads\/2022\/01\/Centro-distribucion.jpg?fit=720%2C523&ssl=1\",\"keywords\":[\"helados\",\"Helados Laponia\"],\"articleSection\":[\"Historias\",\"tercera\"],\"inLanguage\":\"es\",\"potentialAction\":[{\"@type\":\"CommentAction\",\"name\":\"Comment\",\"target\":[\"http:\/\/elregionalvm.com.ar\/noticias-villa-maria\/historias-los-helados-laponia-y-su-exito-tambien-en-villa-maria\/#respond\"]}]},{\"@type\":\"WebPage\",\"@id\":\"http:\/\/elregionalvm.com.ar\/noticias-villa-maria\/historias-los-helados-laponia-y-su-exito-tambien-en-villa-maria\/\",\"url\":\"http:\/\/elregionalvm.com.ar\/noticias-villa-maria\/historias-los-helados-laponia-y-su-exito-tambien-en-villa-maria\/\",\"name\":\"[Historias] Los helados \u201cLaponia\u201d y su \u00e9xito tambi\u00e9n en Villa Mar\u00eda - El Regional\",\"isPartOf\":{\"@id\":\"http:\/\/elregionalvm.com.ar\/noticias-villa-maria\/#website\"},\"primaryImageOfPage\":{\"@id\":\"http:\/\/elregionalvm.com.ar\/noticias-villa-maria\/historias-los-helados-laponia-y-su-exito-tambien-en-villa-maria\/#primaryimage\"},\"image\":{\"@id\":\"http:\/\/elregionalvm.com.ar\/noticias-villa-maria\/historias-los-helados-laponia-y-su-exito-tambien-en-villa-maria\/#primaryimage\"},\"thumbnailUrl\":\"https:\/\/i0.wp.com\/elregionalvm.com.ar\/noticias-villa-maria\/wp-content\/uploads\/2022\/01\/Centro-distribucion.jpg?fit=720%2C523&ssl=1\",\"datePublished\":\"2022-01-31T19:55:14+00:00\",\"dateModified\":\"2022-02-02T02:49:54+00:00\",\"author\":{\"@id\":\"http:\/\/elregionalvm.com.ar\/noticias-villa-maria\/#\/schema\/person\/a0fb9c422317faca23d50163151bc354\"},\"description\":\"La famosa marca de helados lleg\u00f3 a la ciudad y zona de la mano de Baldi y Perotti, los fundadores del bar Mar-Gut.\",\"breadcrumb\":{\"@id\":\"http:\/\/elregionalvm.com.ar\/noticias-villa-maria\/historias-los-helados-laponia-y-su-exito-tambien-en-villa-maria\/#breadcrumb\"},\"inLanguage\":\"es\",\"potentialAction\":[{\"@type\":\"ReadAction\",\"target\":[\"http:\/\/elregionalvm.com.ar\/noticias-villa-maria\/historias-los-helados-laponia-y-su-exito-tambien-en-villa-maria\/\"]}]},{\"@type\":\"ImageObject\",\"inLanguage\":\"es\",\"@id\":\"http:\/\/elregionalvm.com.ar\/noticias-villa-maria\/historias-los-helados-laponia-y-su-exito-tambien-en-villa-maria\/#primaryimage\",\"url\":\"https:\/\/i0.wp.com\/elregionalvm.com.ar\/noticias-villa-maria\/wp-content\/uploads\/2022\/01\/Centro-distribucion.jpg?fit=720%2C523&ssl=1\",\"contentUrl\":\"https:\/\/i0.wp.com\/elregionalvm.com.ar\/noticias-villa-maria\/wp-content\/uploads\/2022\/01\/Centro-distribucion.jpg?fit=720%2C523&ssl=1\",\"width\":720,\"height\":523},{\"@type\":\"BreadcrumbList\",\"@id\":\"http:\/\/elregionalvm.com.ar\/noticias-villa-maria\/historias-los-helados-laponia-y-su-exito-tambien-en-villa-maria\/#breadcrumb\",\"itemListElement\":[{\"@type\":\"ListItem\",\"position\":1,\"name\":\"Portada\",\"item\":\"https:\/\/elregionalvm.com.ar\/noticias-villa-maria\/\"},{\"@type\":\"ListItem\",\"position\":2,\"name\":\"[Historias] Los helados \u201cLaponia\u201d y su \u00e9xito tambi\u00e9n en Villa Mar\u00eda\"}]},{\"@type\":\"WebSite\",\"@id\":\"http:\/\/elregionalvm.com.ar\/noticias-villa-maria\/#website\",\"url\":\"http:\/\/elregionalvm.com.ar\/noticias-villa-maria\/\",\"name\":\"El Regional\",\"description\":\"Mucho m\u00e1s que informaci\u00f3n\",\"potentialAction\":[{\"@type\":\"SearchAction\",\"target\":{\"@type\":\"EntryPoint\",\"urlTemplate\":\"http:\/\/elregionalvm.com.ar\/noticias-villa-maria\/?s={search_term_string}\"},\"query-input\":{\"@type\":\"PropertyValueSpecification\",\"valueRequired\":true,\"valueName\":\"search_term_string\"}}],\"inLanguage\":\"es\"},{\"@type\":\"Person\",\"@id\":\"http:\/\/elregionalvm.com.ar\/noticias-villa-maria\/#\/schema\/person\/a0fb9c422317faca23d50163151bc354\",\"name\":\"Contenidos El Regional\",\"image\":{\"@type\":\"ImageObject\",\"inLanguage\":\"es\",\"@id\":\"http:\/\/elregionalvm.com.ar\/noticias-villa-maria\/#\/schema\/person\/image\/\",\"url\":\"https:\/\/secure.gravatar.com\/avatar\/265b27cb2209af7bb3a1318f03305787d7981a5cc6e6cd08fe5a4ecdf99d4b48?s=96&d=mm&r=g\",\"contentUrl\":\"https:\/\/secure.gravatar.com\/avatar\/265b27cb2209af7bb3a1318f03305787d7981a5cc6e6cd08fe5a4ecdf99d4b48?s=96&d=mm&r=g\",\"caption\":\"Contenidos El Regional\"},\"url\":\"https:\/\/elregionalvm.com.ar\/noticias-villa-maria\/author\/contenido\/\"}]}<\/script>\n<!-- \/ Yoast SEO plugin. -->","yoast_head_json":{"title":"[Historias] Los helados \u201cLaponia\u201d y su \u00e9xito tambi\u00e9n en Villa Mar\u00eda - El Regional","description":"La famosa marca de helados lleg\u00f3 a la ciudad y zona de la mano de Baldi y Perotti, los fundadores del bar Mar-Gut.","robots":{"index":"index","follow":"follow","max-snippet":"max-snippet:-1","max-image-preview":"max-image-preview:large","max-video-preview":"max-video-preview:-1"},"canonical":"http:\/\/elregionalvm.com.ar\/noticias-villa-maria\/historias-los-helados-laponia-y-su-exito-tambien-en-villa-maria\/","og_locale":"es_ES","og_type":"article","og_title":"[Historias] Los helados \u201cLaponia\u201d y su \u00e9xito tambi\u00e9n en Villa Mar\u00eda - El Regional","og_description":"La famosa marca de helados lleg\u00f3 a la ciudad y zona de la mano de Baldi y Perotti, los fundadores del bar Mar-Gut.","og_url":"http:\/\/elregionalvm.com.ar\/noticias-villa-maria\/historias-los-helados-laponia-y-su-exito-tambien-en-villa-maria\/","og_site_name":"El Regional","article_publisher":"https:\/\/www.facebook.com\/elregionalvm","article_published_time":"2022-01-31T19:55:14+00:00","article_modified_time":"2022-02-02T02:49:54+00:00","og_image":[{"width":720,"height":523,"url":"http:\/\/elregionalvm.com.ar\/noticias-villa-maria\/wp-content\/uploads\/2022\/01\/Centro-distribucion.jpg","type":"image\/jpeg"}],"author":"Contenidos El Regional","twitter_card":"summary_large_image","twitter_creator":"@elregionalvm1","twitter_site":"@elregionalvm1","twitter_misc":{"Escrito por":"Contenidos El Regional","Tiempo de lectura":"3 minutos"},"schema":{"@context":"https:\/\/schema.org","@graph":[{"@type":"Article","@id":"http:\/\/elregionalvm.com.ar\/noticias-villa-maria\/historias-los-helados-laponia-y-su-exito-tambien-en-villa-maria\/#article","isPartOf":{"@id":"http:\/\/elregionalvm.com.ar\/noticias-villa-maria\/historias-los-helados-laponia-y-su-exito-tambien-en-villa-maria\/"},"author":{"name":"Contenidos El Regional","@id":"http:\/\/elregionalvm.com.ar\/noticias-villa-maria\/#\/schema\/person\/a0fb9c422317faca23d50163151bc354"},"headline":"[Historias] Los helados \u201cLaponia\u201d y su \u00e9xito tambi\u00e9n en Villa Mar\u00eda","datePublished":"2022-01-31T19:55:14+00:00","dateModified":"2022-02-02T02:49:54+00:00","mainEntityOfPage":{"@id":"http:\/\/elregionalvm.com.ar\/noticias-villa-maria\/historias-los-helados-laponia-y-su-exito-tambien-en-villa-maria\/"},"wordCount":463,"commentCount":0,"image":{"@id":"http:\/\/elregionalvm.com.ar\/noticias-villa-maria\/historias-los-helados-laponia-y-su-exito-tambien-en-villa-maria\/#primaryimage"},"thumbnailUrl":"https:\/\/i0.wp.com\/elregionalvm.com.ar\/noticias-villa-maria\/wp-content\/uploads\/2022\/01\/Centro-distribucion.jpg?fit=720%2C523&ssl=1","keywords":["helados","Helados Laponia"],"articleSection":["Historias","tercera"],"inLanguage":"es","potentialAction":[{"@type":"CommentAction","name":"Comment","target":["http:\/\/elregionalvm.com.ar\/noticias-villa-maria\/historias-los-helados-laponia-y-su-exito-tambien-en-villa-maria\/#respond"]}]},{"@type":"WebPage","@id":"http:\/\/elregionalvm.com.ar\/noticias-villa-maria\/historias-los-helados-laponia-y-su-exito-tambien-en-villa-maria\/","url":"http:\/\/elregionalvm.com.ar\/noticias-villa-maria\/historias-los-helados-laponia-y-su-exito-tambien-en-villa-maria\/","name":"[Historias] Los helados \u201cLaponia\u201d y su \u00e9xito tambi\u00e9n en Villa Mar\u00eda - El Regional","isPartOf":{"@id":"http:\/\/elregionalvm.com.ar\/noticias-villa-maria\/#website"},"primaryImageOfPage":{"@id":"http:\/\/elregionalvm.com.ar\/noticias-villa-maria\/historias-los-helados-laponia-y-su-exito-tambien-en-villa-maria\/#primaryimage"},"image":{"@id":"http:\/\/elregionalvm.com.ar\/noticias-villa-maria\/historias-los-helados-laponia-y-su-exito-tambien-en-villa-maria\/#primaryimage"},"thumbnailUrl":"https:\/\/i0.wp.com\/elregionalvm.com.ar\/noticias-villa-maria\/wp-content\/uploads\/2022\/01\/Centro-distribucion.jpg?fit=720%2C523&ssl=1","datePublished":"2022-01-31T19:55:14+00:00","dateModified":"2022-02-02T02:49:54+00:00","author":{"@id":"http:\/\/elregionalvm.com.ar\/noticias-villa-maria\/#\/schema\/person\/a0fb9c422317faca23d50163151bc354"},"description":"La famosa marca de helados lleg\u00f3 a la ciudad y zona de la mano de Baldi y Perotti, los fundadores del bar Mar-Gut.","breadcrumb":{"@id":"http:\/\/elregionalvm.com.ar\/noticias-villa-maria\/historias-los-helados-laponia-y-su-exito-tambien-en-villa-maria\/#breadcrumb"},"inLanguage":"es","potentialAction":[{"@type":"ReadAction","target":["http:\/\/elregionalvm.com.ar\/noticias-villa-maria\/historias-los-helados-laponia-y-su-exito-tambien-en-villa-maria\/"]}]},{"@type":"ImageObject","inLanguage":"es","@id":"http:\/\/elregionalvm.com.ar\/noticias-villa-maria\/historias-los-helados-laponia-y-su-exito-tambien-en-villa-maria\/#primaryimage","url":"https:\/\/i0.wp.com\/elregionalvm.com.ar\/noticias-villa-maria\/wp-content\/uploads\/2022\/01\/Centro-distribucion.jpg?fit=720%2C523&ssl=1","contentUrl":"https:\/\/i0.wp.com\/elregionalvm.com.ar\/noticias-villa-maria\/wp-content\/uploads\/2022\/01\/Centro-distribucion.jpg?fit=720%2C523&ssl=1","width":720,"height":523},{"@type":"BreadcrumbList","@id":"http:\/\/elregionalvm.com.ar\/noticias-villa-maria\/historias-los-helados-laponia-y-su-exito-tambien-en-villa-maria\/#breadcrumb","itemListElement":[{"@type":"ListItem","position":1,"name":"Portada","item":"https:\/\/elregionalvm.com.ar\/noticias-villa-maria\/"},{"@type":"ListItem","position":2,"name":"[Historias] Los helados \u201cLaponia\u201d y su \u00e9xito tambi\u00e9n en Villa Mar\u00eda"}]},{"@type":"WebSite","@id":"http:\/\/elregionalvm.com.ar\/noticias-villa-maria\/#website","url":"http:\/\/elregionalvm.com.ar\/noticias-villa-maria\/","name":"El Regional","description":"Mucho m\u00e1s que informaci\u00f3n","potentialAction":[{"@type":"SearchAction","target":{"@type":"EntryPoint","urlTemplate":"http:\/\/elregionalvm.com.ar\/noticias-villa-maria\/?s={search_term_string}"},"query-input":{"@type":"PropertyValueSpecification","valueRequired":true,"valueName":"search_term_string"}}],"inLanguage":"es"},{"@type":"Person","@id":"http:\/\/elregionalvm.com.ar\/noticias-villa-maria\/#\/schema\/person\/a0fb9c422317faca23d50163151bc354","name":"Contenidos El Regional","image":{"@type":"ImageObject","inLanguage":"es","@id":"http:\/\/elregionalvm.com.ar\/noticias-villa-maria\/#\/schema\/person\/image\/","url":"https:\/\/secure.gravatar.com\/avatar\/265b27cb2209af7bb3a1318f03305787d7981a5cc6e6cd08fe5a4ecdf99d4b48?s=96&d=mm&r=g","contentUrl":"https:\/\/secure.gravatar.com\/avatar\/265b27cb2209af7bb3a1318f03305787d7981a5cc6e6cd08fe5a4ecdf99d4b48?s=96&d=mm&r=g","caption":"Contenidos El Regional"},"url":"https:\/\/elregionalvm.com.ar\/noticias-villa-maria\/author\/contenido\/"}]}},"jetpack_featured_media_url":"https:\/\/i0.wp.com\/elregionalvm.com.ar\/noticias-villa-maria\/wp-content\/uploads\/2022\/01\/Centro-distribucion.jpg?fit=720%2C523&ssl=1","jetpack_sharing_enabled":true,"_links":{"self":[{"href":"https:\/\/elregionalvm.com.ar\/noticias-villa-maria\/wp-json\/wp\/v2\/posts\/51869","targetHints":{"allow":["GET"]}}],"collection":[{"href":"https:\/\/elregionalvm.com.ar\/noticias-villa-maria\/wp-json\/wp\/v2\/posts"}],"about":[{"href":"https:\/\/elregionalvm.com.ar\/noticias-villa-maria\/wp-json\/wp\/v2\/types\/post"}],"author":[{"embeddable":true,"href":"https:\/\/elregionalvm.com.ar\/noticias-villa-maria\/wp-json\/wp\/v2\/users\/4"}],"replies":[{"embeddable":true,"href":"https:\/\/elregionalvm.com.ar\/noticias-villa-maria\/wp-json\/wp\/v2\/comments?post=51869"}],"version-history":[{"count":1,"href":"https:\/\/elregionalvm.com.ar\/noticias-villa-maria\/wp-json\/wp\/v2\/posts\/51869\/revisions"}],"predecessor-version":[{"id":51875,"href":"https:\/\/elregionalvm.com.ar\/noticias-villa-maria\/wp-json\/wp\/v2\/posts\/51869\/revisions\/51875"}],"wp:featuredmedia":[{"embeddable":true,"href":"https:\/\/elregionalvm.com.ar\/noticias-villa-maria\/wp-json\/wp\/v2\/media\/51871"}],"wp:attachment":[{"href":"https:\/\/elregionalvm.com.ar\/noticias-villa-maria\/wp-json\/wp\/v2\/media?parent=51869"}],"wp:term":[{"taxonomy":"category","embeddable":true,"href":"https:\/\/elregionalvm.com.ar\/noticias-villa-maria\/wp-json\/wp\/v2\/categories?post=51869"},{"taxonomy":"post_tag","embeddable":true,"href":"https:\/\/elregionalvm.com.ar\/noticias-villa-maria\/wp-json\/wp\/v2\/tags?post=51869"}],"curies":[{"name":"wp","href":"https:\/\/api.w.org\/{rel}","templated":true}]}}