{"id":51870,"date":"2022-01-31T20:00:14","date_gmt":"2022-01-31T20:00:14","guid":{"rendered":"https:\/\/elregionalvm.com.ar\/noticias-villa-maria\/?p=51870"},"modified":"2022-01-31T21:49:51","modified_gmt":"2022-01-31T21:49:51","slug":"toma-forma-el-recorrido-penero-datos-para-tener-en-cuenta","status":"publish","type":"post","link":"https:\/\/elregionalvm.com.ar\/noticias-villa-maria\/toma-forma-el-recorrido-penero-datos-para-tener-en-cuenta\/","title":{"rendered":"Toma forma el Recorrido Pe\u00f1ero:  datos para tener en cuenta"},"content":{"rendered":"\n<p>El municipio viene trabajando en la organizaci\u00f3n y ejecuci\u00f3n de tareas previas al inicio del Recorrido Pe\u00f1ero que dar\u00e1 marco al Festival Internacional de Pe\u00f1as desde el pr\u00f3ximo viernes. En este sentido, en horas de la ma\u00f1ana inici\u00f3 el armado de estructuras que permitir\u00e1n la realizaci\u00f3n del tradicional evento que se extender\u00e1 hasta el 15 de febrero en la Costanera.<\/p>\n\n\n\n<figure class=\"wp-block-image size-large\"><img data-recalc-dims=\"1\" fetchpriority=\"high\" decoding=\"async\" width=\"1024\" height=\"1009\" src=\"https:\/\/i0.wp.com\/elregionalvm.com.ar\/noticias-villa-maria\/wp-content\/uploads\/2022\/01\/WhatsApp-Image-2022-01-31-at-18.01.54.jpeg?resize=1024%2C1009&#038;ssl=1\" alt=\"\" class=\"wp-image-51892\" srcset=\"https:\/\/i0.wp.com\/elregionalvm.com.ar\/noticias-villa-maria\/wp-content\/uploads\/2022\/01\/WhatsApp-Image-2022-01-31-at-18.01.54.jpeg?resize=1024%2C1009&amp;ssl=1 1024w, https:\/\/i0.wp.com\/elregionalvm.com.ar\/noticias-villa-maria\/wp-content\/uploads\/2022\/01\/WhatsApp-Image-2022-01-31-at-18.01.54.jpeg?resize=300%2C296&amp;ssl=1 300w, https:\/\/i0.wp.com\/elregionalvm.com.ar\/noticias-villa-maria\/wp-content\/uploads\/2022\/01\/WhatsApp-Image-2022-01-31-at-18.01.54.jpeg?resize=768%2C757&amp;ssl=1 768w, https:\/\/i0.wp.com\/elregionalvm.com.ar\/noticias-villa-maria\/wp-content\/uploads\/2022\/01\/WhatsApp-Image-2022-01-31-at-18.01.54.jpeg?w=1280&amp;ssl=1 1280w\" sizes=\"(max-width: 1000px) 100vw, 1000px\" \/><\/figure>\n\n\n\n<p>Frente a ello, el jefe de Gabinete, H\u00e9ctor Mu\u00f1oz, junto al secretario de Gobierno, Seguridad Ciudadana y Asuntos Legales, Eduardo Rodr\u00edguez, y su par de Educaci\u00f3n, Cultura y Promoci\u00f3n de la Ciencia, Rafael Sachetto, acompa\u00f1aron la puesta en marcha de las labores que son efectuadas a lo largo del trayecto que va desde las compuertas hasta el Anfiteatro Municipal. All\u00ed, se avanza en el armado de carpas y stands que oficiar\u00e1n de sede para los puestos de emprendedores, patios de comida, pe\u00f1as, instituciones y empresas que formar\u00e1n parte de la iniciativa.<\/p>\n\n\n\n<p>En di\u00e1logo con los medios, el titular de la cartera de Gobierno indic\u00f3: <em><strong>\u201cEn esta jornada se est\u00e1 llevando adelante el armado de la infraestructura que ser\u00e1 el escenario de la Pe\u00f1a Los So\u00f1adores\u201d. \u201cEn estos d\u00eda seguiremos avanzando con los distintos espacios que componen el recorrido, motivo por el que se han dispuesto cortes en la circulaci\u00f3n vial\u201d<\/strong><\/em>, se\u00f1al\u00f3 el funcionario.<\/p>\n\n\n\n<div class=\"wp-block-image\"><figure class=\"aligncenter size-large is-resized\"><img data-recalc-dims=\"1\" decoding=\"async\" src=\"https:\/\/i0.wp.com\/elregionalvm.com.ar\/noticias-villa-maria\/wp-content\/uploads\/2022\/01\/WhatsApp-Image-2022-01-31-at-2.22.07-PM.jpeg?resize=632%2C421&#038;ssl=1\" alt=\"\" class=\"wp-image-51878\" width=\"632\" height=\"421\" srcset=\"https:\/\/i0.wp.com\/elregionalvm.com.ar\/noticias-villa-maria\/wp-content\/uploads\/2022\/01\/WhatsApp-Image-2022-01-31-at-2.22.07-PM.jpeg?resize=1024%2C683&amp;ssl=1 1024w, https:\/\/i0.wp.com\/elregionalvm.com.ar\/noticias-villa-maria\/wp-content\/uploads\/2022\/01\/WhatsApp-Image-2022-01-31-at-2.22.07-PM.jpeg?resize=300%2C200&amp;ssl=1 300w, https:\/\/i0.wp.com\/elregionalvm.com.ar\/noticias-villa-maria\/wp-content\/uploads\/2022\/01\/WhatsApp-Image-2022-01-31-at-2.22.07-PM.jpeg?resize=768%2C512&amp;ssl=1 768w, https:\/\/i0.wp.com\/elregionalvm.com.ar\/noticias-villa-maria\/wp-content\/uploads\/2022\/01\/WhatsApp-Image-2022-01-31-at-2.22.07-PM.jpeg?resize=1536%2C1024&amp;ssl=1 1536w, https:\/\/i0.wp.com\/elregionalvm.com.ar\/noticias-villa-maria\/wp-content\/uploads\/2022\/01\/WhatsApp-Image-2022-01-31-at-2.22.07-PM.jpeg?w=1599&amp;ssl=1 1599w\" sizes=\"(max-width: 632px) 100vw, 632px\" \/><\/figure><\/div>\n\n\n\n<p>Al mismo tiempo, Rodr\u00edguez hizo referencia a la excepcional normativa que aplicar\u00e1 durante esta edici\u00f3n, priorizando la participaci\u00f3n de emprendimientos y comercios locales en pos de evitar grandes aglomeraciones y permitir una mayor circulaci\u00f3n en el actual contexto sanitario. \u201cEstamos trabajando en darles a los villamarienses y a toda la regi\u00f3n la mayor seguridad posible para que puedan venir a disfrutar de nuestra ciudad\u201d, asegur\u00f3.<\/p>\n\n\n\n<p>De esta manera, el <strong><em>Recorrido Pe\u00f1ero contar\u00e1 con un sector exclusivo y central destinado a puestos de artesanos y micro emprendedores que se encontrar\u00e1n emplazados en el sector pr\u00f3ximo al Anfiteatro Municipal. Adem\u00e1s, se contar\u00e1 con la participaci\u00f3n de seis patios de comida que ser\u00e1n dispuestos en inmediaciones del Parque Infantil Alba Rava de Pizzorno.<\/em><\/strong><\/p>\n\n\n\n<p>Como en cada edici\u00f3n, tendr\u00e1n sus n\u00fameros centrales las pe\u00f1as Agrupaci\u00f3n Folkl\u00f3rica Villa Mar\u00eda y Los So\u00f1adores. Adem\u00e1s, <strong><em>habr\u00e1 espacios de cantinas y un sector de comida r\u00e1pida que se encontrar\u00e1 instalado en la rotonda del Indio, donde se colocar\u00e1n food trucks y carribares<\/em><\/strong>.<\/p>\n\n\n\n<p>En cuanto a <strong><em>estacionamiento, ser\u00e1 aplicada una \u00fanica tarifa por noche de 400 pesos para autos y 200 pesos para motocicletas, sin control de horas<\/em><\/strong>. El espacio donde se cobrar\u00e1 est\u00e1 conformado por el cuadrante formado desde la intersecci\u00f3n de calle Mendoza y Costanera hasta bulvear Italia, luego hacia calle Jujuy y desde all\u00ed hasta calle Progreso, dando continuidad hacia Costanera.<\/p>\n\n\n\n<p>Cabe destacar que el <strong><em>control del estacionamiento medido estar\u00e1 a cargo de la Liga Villamariense Baby F\u00fatbol, el comedor Ni\u00f1os Felices y j\u00f3venes del Rotary Club y la parroquia San Ignacio de Loyola<\/em><\/strong>, a los fines de contribuir con sus gastos y necesidades.<\/p>\n\n\n\n<p>Durante la supervisi\u00f3n del armado de estructuras, tambi\u00e9n estuvieron presentes la subsecretaria de Inspecci\u00f3n General, Valeria Su\u00e1rez, y su par de Ingresos P\u00fablicos, Pablo Peretti.<\/p>\n","protected":false},"excerpt":{"rendered":"<p>El municipio viene trabajando en la organizaci\u00f3n y ejecuci\u00f3n de tareas previas al inicio del Recorrido Pe\u00f1ero que dar\u00e1 marco al Festival Internacional de Pe\u00f1as desde el pr\u00f3ximo viernes. En este sentido, en horas de la ma\u00f1ana inici\u00f3 el armado de estructuras que permitir\u00e1n la realizaci\u00f3n del tradicional evento que se extender\u00e1 hasta el 15 [&hellip;]<\/p>\n","protected":false},"author":4,"featured_media":51877,"comment_status":"open","ping_status":"open","sticky":false,"template":"","format":"standard","meta":{"site-sidebar-layout":"default","site-content-layout":"default","ast-site-content-layout":"default","site-content-style":"default","site-sidebar-style":"default","ast-global-header-display":"","ast-banner-title-visibility":"","ast-main-header-display":"","ast-hfb-above-header-display":"","ast-hfb-below-header-display":"","ast-hfb-mobile-header-display":"","site-post-title":"","ast-breadcrumbs-content":"","ast-featured-img":"","footer-sml-layout":"","ast-disable-related-posts":"","theme-transparent-header-meta":"default","adv-header-id-meta":"","stick-header-meta":"","header-above-stick-meta":"","header-main-stick-meta":"","header-below-stick-meta":"","astra-migrate-meta-layouts":"default","ast-page-background-enabled":"default","ast-page-background-meta":{"desktop":{"background-color":"","background-image":"","background-repeat":"repeat","background-position":"center center","background-size":"auto","background-attachment":"scroll","background-type":"","background-media":"","overlay-type":"","overlay-color":"","overlay-opacity":"","overlay-gradient":""},"tablet":{"background-color":"","background-image":"","background-repeat":"repeat","background-position":"center center","background-size":"auto","background-attachment":"scroll","background-type":"","background-media":"","overlay-type":"","overlay-color":"","overlay-opacity":"","overlay-gradient":""},"mobile":{"background-color":"","background-image":"","background-repeat":"repeat","background-position":"center center","background-size":"auto","background-attachment":"scroll","background-type":"","background-media":"","overlay-type":"","overlay-color":"","overlay-opacity":"","overlay-gradient":""}},"ast-content-background-meta":{"desktop":{"background-color":"var(--ast-global-color-5)","background-image":"","background-repeat":"repeat","background-position":"center center","background-size":"auto","background-attachment":"scroll","background-type":"","background-media":"","overlay-type":"","overlay-color":"","overlay-opacity":"","overlay-gradient":""},"tablet":{"background-color":"var(--ast-global-color-5)","background-image":"","background-repeat":"repeat","background-position":"center center","background-size":"auto","background-attachment":"scroll","background-type":"","background-media":"","overlay-type":"","overlay-color":"","overlay-opacity":"","overlay-gradient":""},"mobile":{"background-color":"var(--ast-global-color-5)","background-image":"","background-repeat":"repeat","background-position":"center center","background-size":"auto","background-attachment":"scroll","background-type":"","background-media":"","overlay-type":"","overlay-color":"","overlay-opacity":"","overlay-gradient":""}},"_jetpack_memberships_contains_paid_content":false,"_joinchat":[],"footnotes":""},"categories":[13130],"tags":[13389,13403,3998,1232,1156,13404,13402,13401,13399,13400,13333,2248],"class_list":["post-51870","post","type-post","status-publish","format-standard","has-post-thumbnail","hentry","category-festival","tag-armado","tag-carribares","tag-costos","tag-destacado","tag-estacionamiento","tag-estacionamiento-a-beneficio","tag-food-trucks","tag-patios-de-comidas","tag-penas","tag-puestos-artesanos","tag-recorrido-penero","tag-villa-maria-2"],"yoast_head":"<!-- This site is optimized with the Yoast SEO plugin v26.8 - https:\/\/yoast.com\/product\/yoast-seo-wordpress\/ -->\n<title>Toma forma el Recorrido Pe\u00f1ero: datos para tener en cuenta - El Regional<\/title>\n<meta name=\"robots\" content=\"index, follow, max-snippet:-1, max-image-preview:large, max-video-preview:-1\" \/>\n<link rel=\"canonical\" href=\"http:\/\/elregionalvm.com.ar\/noticias-villa-maria\/toma-forma-el-recorrido-penero-datos-para-tener-en-cuenta\/\" \/>\n<meta property=\"og:locale\" content=\"es_ES\" \/>\n<meta property=\"og:type\" content=\"article\" \/>\n<meta property=\"og:title\" content=\"Toma forma el Recorrido Pe\u00f1ero: datos para tener en cuenta - El Regional\" \/>\n<meta property=\"og:description\" content=\"El municipio viene trabajando en la organizaci\u00f3n y ejecuci\u00f3n de tareas previas al inicio del Recorrido Pe\u00f1ero que dar\u00e1 marco al Festival Internacional de Pe\u00f1as desde el pr\u00f3ximo viernes. En este sentido, en horas de la ma\u00f1ana inici\u00f3 el armado de estructuras que permitir\u00e1n la realizaci\u00f3n del tradicional evento que se extender\u00e1 hasta el 15 [&hellip;]\" \/>\n<meta property=\"og:url\" content=\"http:\/\/elregionalvm.com.ar\/noticias-villa-maria\/toma-forma-el-recorrido-penero-datos-para-tener-en-cuenta\/\" \/>\n<meta property=\"og:site_name\" content=\"El Regional\" \/>\n<meta property=\"article:publisher\" content=\"https:\/\/www.facebook.com\/elregionalvm\" \/>\n<meta property=\"article:published_time\" content=\"2022-01-31T20:00:14+00:00\" \/>\n<meta property=\"article:modified_time\" content=\"2022-01-31T21:49:51+00:00\" \/>\n<meta property=\"og:image\" content=\"http:\/\/elregionalvm.com.ar\/noticias-villa-maria\/wp-content\/uploads\/2022\/01\/WhatsApp-Image-2022-01-31-at-2.22.38-PM.jpeg\" \/>\n\t<meta property=\"og:image:width\" content=\"1599\" \/>\n\t<meta property=\"og:image:height\" content=\"1066\" \/>\n\t<meta property=\"og:image:type\" content=\"image\/jpeg\" \/>\n<meta name=\"author\" content=\"Contenidos El Regional\" \/>\n<meta name=\"twitter:card\" content=\"summary_large_image\" \/>\n<meta name=\"twitter:creator\" content=\"@elregionalvm1\" \/>\n<meta name=\"twitter:site\" content=\"@elregionalvm1\" \/>\n<meta name=\"twitter:label1\" content=\"Escrito por\" \/>\n\t<meta name=\"twitter:data1\" content=\"Contenidos El Regional\" \/>\n\t<meta name=\"twitter:label2\" content=\"Tiempo de lectura\" \/>\n\t<meta name=\"twitter:data2\" content=\"3 minutos\" \/>\n<script type=\"application\/ld+json\" class=\"yoast-schema-graph\">{\"@context\":\"https:\/\/schema.org\",\"@graph\":[{\"@type\":\"Article\",\"@id\":\"http:\/\/elregionalvm.com.ar\/noticias-villa-maria\/toma-forma-el-recorrido-penero-datos-para-tener-en-cuenta\/#article\",\"isPartOf\":{\"@id\":\"http:\/\/elregionalvm.com.ar\/noticias-villa-maria\/toma-forma-el-recorrido-penero-datos-para-tener-en-cuenta\/\"},\"author\":{\"name\":\"Contenidos El Regional\",\"@id\":\"http:\/\/elregionalvm.com.ar\/noticias-villa-maria\/#\/schema\/person\/a0fb9c422317faca23d50163151bc354\"},\"headline\":\"Toma forma el Recorrido Pe\u00f1ero: datos para tener en cuenta\",\"datePublished\":\"2022-01-31T20:00:14+00:00\",\"dateModified\":\"2022-01-31T21:49:51+00:00\",\"mainEntityOfPage\":{\"@id\":\"http:\/\/elregionalvm.com.ar\/noticias-villa-maria\/toma-forma-el-recorrido-penero-datos-para-tener-en-cuenta\/\"},\"wordCount\":568,\"commentCount\":0,\"image\":{\"@id\":\"http:\/\/elregionalvm.com.ar\/noticias-villa-maria\/toma-forma-el-recorrido-penero-datos-para-tener-en-cuenta\/#primaryimage\"},\"thumbnailUrl\":\"https:\/\/i0.wp.com\/elregionalvm.com.ar\/noticias-villa-maria\/wp-content\/uploads\/2022\/01\/WhatsApp-Image-2022-01-31-at-2.22.38-PM.jpeg?fit=1599%2C1066&ssl=1\",\"keywords\":[\"armado\",\"carribares\",\"costos\",\"destacado\",\"Estacionamiento\",\"estacionamiento a beneficio\",\"food trucks\",\"patios de comidas\",\"pe\u00f1as\",\"puestos artesanos\",\"recorrido pe\u00f1ero\",\"Villa Mar\u00eda\"],\"articleSection\":[\"Festival de Pe\u00f1as\"],\"inLanguage\":\"es\",\"potentialAction\":[{\"@type\":\"CommentAction\",\"name\":\"Comment\",\"target\":[\"http:\/\/elregionalvm.com.ar\/noticias-villa-maria\/toma-forma-el-recorrido-penero-datos-para-tener-en-cuenta\/#respond\"]}]},{\"@type\":\"WebPage\",\"@id\":\"http:\/\/elregionalvm.com.ar\/noticias-villa-maria\/toma-forma-el-recorrido-penero-datos-para-tener-en-cuenta\/\",\"url\":\"http:\/\/elregionalvm.com.ar\/noticias-villa-maria\/toma-forma-el-recorrido-penero-datos-para-tener-en-cuenta\/\",\"name\":\"Toma forma el Recorrido Pe\u00f1ero: datos para tener en cuenta - El Regional\",\"isPartOf\":{\"@id\":\"http:\/\/elregionalvm.com.ar\/noticias-villa-maria\/#website\"},\"primaryImageOfPage\":{\"@id\":\"http:\/\/elregionalvm.com.ar\/noticias-villa-maria\/toma-forma-el-recorrido-penero-datos-para-tener-en-cuenta\/#primaryimage\"},\"image\":{\"@id\":\"http:\/\/elregionalvm.com.ar\/noticias-villa-maria\/toma-forma-el-recorrido-penero-datos-para-tener-en-cuenta\/#primaryimage\"},\"thumbnailUrl\":\"https:\/\/i0.wp.com\/elregionalvm.com.ar\/noticias-villa-maria\/wp-content\/uploads\/2022\/01\/WhatsApp-Image-2022-01-31-at-2.22.38-PM.jpeg?fit=1599%2C1066&ssl=1\",\"datePublished\":\"2022-01-31T20:00:14+00:00\",\"dateModified\":\"2022-01-31T21:49:51+00:00\",\"author\":{\"@id\":\"http:\/\/elregionalvm.com.ar\/noticias-villa-maria\/#\/schema\/person\/a0fb9c422317faca23d50163151bc354\"},\"breadcrumb\":{\"@id\":\"http:\/\/elregionalvm.com.ar\/noticias-villa-maria\/toma-forma-el-recorrido-penero-datos-para-tener-en-cuenta\/#breadcrumb\"},\"inLanguage\":\"es\",\"potentialAction\":[{\"@type\":\"ReadAction\",\"target\":[\"http:\/\/elregionalvm.com.ar\/noticias-villa-maria\/toma-forma-el-recorrido-penero-datos-para-tener-en-cuenta\/\"]}]},{\"@type\":\"ImageObject\",\"inLanguage\":\"es\",\"@id\":\"http:\/\/elregionalvm.com.ar\/noticias-villa-maria\/toma-forma-el-recorrido-penero-datos-para-tener-en-cuenta\/#primaryimage\",\"url\":\"https:\/\/i0.wp.com\/elregionalvm.com.ar\/noticias-villa-maria\/wp-content\/uploads\/2022\/01\/WhatsApp-Image-2022-01-31-at-2.22.38-PM.jpeg?fit=1599%2C1066&ssl=1\",\"contentUrl\":\"https:\/\/i0.wp.com\/elregionalvm.com.ar\/noticias-villa-maria\/wp-content\/uploads\/2022\/01\/WhatsApp-Image-2022-01-31-at-2.22.38-PM.jpeg?fit=1599%2C1066&ssl=1\",\"width\":1599,\"height\":1066},{\"@type\":\"BreadcrumbList\",\"@id\":\"http:\/\/elregionalvm.com.ar\/noticias-villa-maria\/toma-forma-el-recorrido-penero-datos-para-tener-en-cuenta\/#breadcrumb\",\"itemListElement\":[{\"@type\":\"ListItem\",\"position\":1,\"name\":\"Portada\",\"item\":\"https:\/\/elregionalvm.com.ar\/noticias-villa-maria\/\"},{\"@type\":\"ListItem\",\"position\":2,\"name\":\"Toma forma el Recorrido Pe\u00f1ero: datos para tener en cuenta\"}]},{\"@type\":\"WebSite\",\"@id\":\"http:\/\/elregionalvm.com.ar\/noticias-villa-maria\/#website\",\"url\":\"http:\/\/elregionalvm.com.ar\/noticias-villa-maria\/\",\"name\":\"El Regional\",\"description\":\"Mucho m\u00e1s que informaci\u00f3n\",\"potentialAction\":[{\"@type\":\"SearchAction\",\"target\":{\"@type\":\"EntryPoint\",\"urlTemplate\":\"http:\/\/elregionalvm.com.ar\/noticias-villa-maria\/?s={search_term_string}\"},\"query-input\":{\"@type\":\"PropertyValueSpecification\",\"valueRequired\":true,\"valueName\":\"search_term_string\"}}],\"inLanguage\":\"es\"},{\"@type\":\"Person\",\"@id\":\"http:\/\/elregionalvm.com.ar\/noticias-villa-maria\/#\/schema\/person\/a0fb9c422317faca23d50163151bc354\",\"name\":\"Contenidos El Regional\",\"image\":{\"@type\":\"ImageObject\",\"inLanguage\":\"es\",\"@id\":\"http:\/\/elregionalvm.com.ar\/noticias-villa-maria\/#\/schema\/person\/image\/\",\"url\":\"https:\/\/secure.gravatar.com\/avatar\/265b27cb2209af7bb3a1318f03305787d7981a5cc6e6cd08fe5a4ecdf99d4b48?s=96&d=mm&r=g\",\"contentUrl\":\"https:\/\/secure.gravatar.com\/avatar\/265b27cb2209af7bb3a1318f03305787d7981a5cc6e6cd08fe5a4ecdf99d4b48?s=96&d=mm&r=g\",\"caption\":\"Contenidos El Regional\"},\"url\":\"https:\/\/elregionalvm.com.ar\/noticias-villa-maria\/author\/contenido\/\"}]}<\/script>\n<!-- \/ Yoast SEO plugin. -->","yoast_head_json":{"title":"Toma forma el Recorrido Pe\u00f1ero: datos para tener en cuenta - El Regional","robots":{"index":"index","follow":"follow","max-snippet":"max-snippet:-1","max-image-preview":"max-image-preview:large","max-video-preview":"max-video-preview:-1"},"canonical":"http:\/\/elregionalvm.com.ar\/noticias-villa-maria\/toma-forma-el-recorrido-penero-datos-para-tener-en-cuenta\/","og_locale":"es_ES","og_type":"article","og_title":"Toma forma el Recorrido Pe\u00f1ero: datos para tener en cuenta - El Regional","og_description":"El municipio viene trabajando en la organizaci\u00f3n y ejecuci\u00f3n de tareas previas al inicio del Recorrido Pe\u00f1ero que dar\u00e1 marco al Festival Internacional de Pe\u00f1as desde el pr\u00f3ximo viernes. En este sentido, en horas de la ma\u00f1ana inici\u00f3 el armado de estructuras que permitir\u00e1n la realizaci\u00f3n del tradicional evento que se extender\u00e1 hasta el 15 [&hellip;]","og_url":"http:\/\/elregionalvm.com.ar\/noticias-villa-maria\/toma-forma-el-recorrido-penero-datos-para-tener-en-cuenta\/","og_site_name":"El Regional","article_publisher":"https:\/\/www.facebook.com\/elregionalvm","article_published_time":"2022-01-31T20:00:14+00:00","article_modified_time":"2022-01-31T21:49:51+00:00","og_image":[{"width":1599,"height":1066,"url":"http:\/\/elregionalvm.com.ar\/noticias-villa-maria\/wp-content\/uploads\/2022\/01\/WhatsApp-Image-2022-01-31-at-2.22.38-PM.jpeg","type":"image\/jpeg"}],"author":"Contenidos El Regional","twitter_card":"summary_large_image","twitter_creator":"@elregionalvm1","twitter_site":"@elregionalvm1","twitter_misc":{"Escrito por":"Contenidos El Regional","Tiempo de lectura":"3 minutos"},"schema":{"@context":"https:\/\/schema.org","@graph":[{"@type":"Article","@id":"http:\/\/elregionalvm.com.ar\/noticias-villa-maria\/toma-forma-el-recorrido-penero-datos-para-tener-en-cuenta\/#article","isPartOf":{"@id":"http:\/\/elregionalvm.com.ar\/noticias-villa-maria\/toma-forma-el-recorrido-penero-datos-para-tener-en-cuenta\/"},"author":{"name":"Contenidos El Regional","@id":"http:\/\/elregionalvm.com.ar\/noticias-villa-maria\/#\/schema\/person\/a0fb9c422317faca23d50163151bc354"},"headline":"Toma forma el Recorrido Pe\u00f1ero: datos para tener en cuenta","datePublished":"2022-01-31T20:00:14+00:00","dateModified":"2022-01-31T21:49:51+00:00","mainEntityOfPage":{"@id":"http:\/\/elregionalvm.com.ar\/noticias-villa-maria\/toma-forma-el-recorrido-penero-datos-para-tener-en-cuenta\/"},"wordCount":568,"commentCount":0,"image":{"@id":"http:\/\/elregionalvm.com.ar\/noticias-villa-maria\/toma-forma-el-recorrido-penero-datos-para-tener-en-cuenta\/#primaryimage"},"thumbnailUrl":"https:\/\/i0.wp.com\/elregionalvm.com.ar\/noticias-villa-maria\/wp-content\/uploads\/2022\/01\/WhatsApp-Image-2022-01-31-at-2.22.38-PM.jpeg?fit=1599%2C1066&ssl=1","keywords":["armado","carribares","costos","destacado","Estacionamiento","estacionamiento a beneficio","food trucks","patios de comidas","pe\u00f1as","puestos artesanos","recorrido pe\u00f1ero","Villa Mar\u00eda"],"articleSection":["Festival de Pe\u00f1as"],"inLanguage":"es","potentialAction":[{"@type":"CommentAction","name":"Comment","target":["http:\/\/elregionalvm.com.ar\/noticias-villa-maria\/toma-forma-el-recorrido-penero-datos-para-tener-en-cuenta\/#respond"]}]},{"@type":"WebPage","@id":"http:\/\/elregionalvm.com.ar\/noticias-villa-maria\/toma-forma-el-recorrido-penero-datos-para-tener-en-cuenta\/","url":"http:\/\/elregionalvm.com.ar\/noticias-villa-maria\/toma-forma-el-recorrido-penero-datos-para-tener-en-cuenta\/","name":"Toma forma el Recorrido Pe\u00f1ero: datos para tener en cuenta - El Regional","isPartOf":{"@id":"http:\/\/elregionalvm.com.ar\/noticias-villa-maria\/#website"},"primaryImageOfPage":{"@id":"http:\/\/elregionalvm.com.ar\/noticias-villa-maria\/toma-forma-el-recorrido-penero-datos-para-tener-en-cuenta\/#primaryimage"},"image":{"@id":"http:\/\/elregionalvm.com.ar\/noticias-villa-maria\/toma-forma-el-recorrido-penero-datos-para-tener-en-cuenta\/#primaryimage"},"thumbnailUrl":"https:\/\/i0.wp.com\/elregionalvm.com.ar\/noticias-villa-maria\/wp-content\/uploads\/2022\/01\/WhatsApp-Image-2022-01-31-at-2.22.38-PM.jpeg?fit=1599%2C1066&ssl=1","datePublished":"2022-01-31T20:00:14+00:00","dateModified":"2022-01-31T21:49:51+00:00","author":{"@id":"http:\/\/elregionalvm.com.ar\/noticias-villa-maria\/#\/schema\/person\/a0fb9c422317faca23d50163151bc354"},"breadcrumb":{"@id":"http:\/\/elregionalvm.com.ar\/noticias-villa-maria\/toma-forma-el-recorrido-penero-datos-para-tener-en-cuenta\/#breadcrumb"},"inLanguage":"es","potentialAction":[{"@type":"ReadAction","target":["http:\/\/elregionalvm.com.ar\/noticias-villa-maria\/toma-forma-el-recorrido-penero-datos-para-tener-en-cuenta\/"]}]},{"@type":"ImageObject","inLanguage":"es","@id":"http:\/\/elregionalvm.com.ar\/noticias-villa-maria\/toma-forma-el-recorrido-penero-datos-para-tener-en-cuenta\/#primaryimage","url":"https:\/\/i0.wp.com\/elregionalvm.com.ar\/noticias-villa-maria\/wp-content\/uploads\/2022\/01\/WhatsApp-Image-2022-01-31-at-2.22.38-PM.jpeg?fit=1599%2C1066&ssl=1","contentUrl":"https:\/\/i0.wp.com\/elregionalvm.com.ar\/noticias-villa-maria\/wp-content\/uploads\/2022\/01\/WhatsApp-Image-2022-01-31-at-2.22.38-PM.jpeg?fit=1599%2C1066&ssl=1","width":1599,"height":1066},{"@type":"BreadcrumbList","@id":"http:\/\/elregionalvm.com.ar\/noticias-villa-maria\/toma-forma-el-recorrido-penero-datos-para-tener-en-cuenta\/#breadcrumb","itemListElement":[{"@type":"ListItem","position":1,"name":"Portada","item":"https:\/\/elregionalvm.com.ar\/noticias-villa-maria\/"},{"@type":"ListItem","position":2,"name":"Toma forma el Recorrido Pe\u00f1ero: datos para tener en cuenta"}]},{"@type":"WebSite","@id":"http:\/\/elregionalvm.com.ar\/noticias-villa-maria\/#website","url":"http:\/\/elregionalvm.com.ar\/noticias-villa-maria\/","name":"El Regional","description":"Mucho m\u00e1s que informaci\u00f3n","potentialAction":[{"@type":"SearchAction","target":{"@type":"EntryPoint","urlTemplate":"http:\/\/elregionalvm.com.ar\/noticias-villa-maria\/?s={search_term_string}"},"query-input":{"@type":"PropertyValueSpecification","valueRequired":true,"valueName":"search_term_string"}}],"inLanguage":"es"},{"@type":"Person","@id":"http:\/\/elregionalvm.com.ar\/noticias-villa-maria\/#\/schema\/person\/a0fb9c422317faca23d50163151bc354","name":"Contenidos El Regional","image":{"@type":"ImageObject","inLanguage":"es","@id":"http:\/\/elregionalvm.com.ar\/noticias-villa-maria\/#\/schema\/person\/image\/","url":"https:\/\/secure.gravatar.com\/avatar\/265b27cb2209af7bb3a1318f03305787d7981a5cc6e6cd08fe5a4ecdf99d4b48?s=96&d=mm&r=g","contentUrl":"https:\/\/secure.gravatar.com\/avatar\/265b27cb2209af7bb3a1318f03305787d7981a5cc6e6cd08fe5a4ecdf99d4b48?s=96&d=mm&r=g","caption":"Contenidos El Regional"},"url":"https:\/\/elregionalvm.com.ar\/noticias-villa-maria\/author\/contenido\/"}]}},"jetpack_featured_media_url":"https:\/\/i0.wp.com\/elregionalvm.com.ar\/noticias-villa-maria\/wp-content\/uploads\/2022\/01\/WhatsApp-Image-2022-01-31-at-2.22.38-PM.jpeg?fit=1599%2C1066&ssl=1","jetpack_sharing_enabled":true,"_links":{"self":[{"href":"https:\/\/elregionalvm.com.ar\/noticias-villa-maria\/wp-json\/wp\/v2\/posts\/51870","targetHints":{"allow":["GET"]}}],"collection":[{"href":"https:\/\/elregionalvm.com.ar\/noticias-villa-maria\/wp-json\/wp\/v2\/posts"}],"about":[{"href":"https:\/\/elregionalvm.com.ar\/noticias-villa-maria\/wp-json\/wp\/v2\/types\/post"}],"author":[{"embeddable":true,"href":"https:\/\/elregionalvm.com.ar\/noticias-villa-maria\/wp-json\/wp\/v2\/users\/4"}],"replies":[{"embeddable":true,"href":"https:\/\/elregionalvm.com.ar\/noticias-villa-maria\/wp-json\/wp\/v2\/comments?post=51870"}],"version-history":[{"count":2,"href":"https:\/\/elregionalvm.com.ar\/noticias-villa-maria\/wp-json\/wp\/v2\/posts\/51870\/revisions"}],"predecessor-version":[{"id":51893,"href":"https:\/\/elregionalvm.com.ar\/noticias-villa-maria\/wp-json\/wp\/v2\/posts\/51870\/revisions\/51893"}],"wp:featuredmedia":[{"embeddable":true,"href":"https:\/\/elregionalvm.com.ar\/noticias-villa-maria\/wp-json\/wp\/v2\/media\/51877"}],"wp:attachment":[{"href":"https:\/\/elregionalvm.com.ar\/noticias-villa-maria\/wp-json\/wp\/v2\/media?parent=51870"}],"wp:term":[{"taxonomy":"category","embeddable":true,"href":"https:\/\/elregionalvm.com.ar\/noticias-villa-maria\/wp-json\/wp\/v2\/categories?post=51870"},{"taxonomy":"post_tag","embeddable":true,"href":"https:\/\/elregionalvm.com.ar\/noticias-villa-maria\/wp-json\/wp\/v2\/tags?post=51870"}],"curies":[{"name":"wp","href":"https:\/\/api.w.org\/{rel}","templated":true}]}}