{"id":51876,"date":"2022-01-31T20:18:33","date_gmt":"2022-01-31T20:18:33","guid":{"rendered":"https:\/\/elregionalvm.com.ar\/noticias-villa-maria\/?p=51876"},"modified":"2022-02-04T03:41:33","modified_gmt":"2022-02-04T03:41:33","slug":"historias-el-dia-que-se-fue-el-arquero","status":"publish","type":"post","link":"https:\/\/elregionalvm.com.ar\/noticias-villa-maria\/historias-el-dia-que-se-fue-el-arquero\/","title":{"rendered":"[Historias] El d\u00eda que se fue el arquero"},"content":{"rendered":"\n<p><\/p>\n\n\n\n<h4 class=\"wp-block-heading\"><strong>(Una MARAVILLA de relato de mi amigo ARCHI LONDERO)<\/strong><\/h4>\n\n\n\n<p><\/p>\n\n\n\n<p><strong>El periodista Jorge Cuadrado recupera esta historia del escritor Archi Londero.<\/strong><\/p>\n\n\n\n<p><\/p>\n\n\n\n<p>En los registros hist\u00f3ricos de la Liga de F\u00fatbol Beccar Varela, de Pascanas, figura la siguiente anotaci\u00f3n: \u201cResultado final: Rural Los Patos uno y medio, Central Argentino uno\u201d.<\/p>\n\n\n\n<p>Uno y medio era un marcador imposible para el f\u00fatbol y para la mayor\u00eda de los deportes. Resulta que en el transcurso de este partido el juez cobr\u00f3 penal para Rural Los Patos y, tras el conteo reglamentario de los doce pasos (en esa \u00e9poca se practicaba as\u00ed, como una ceremonia de la sentencia), el goleador de ese equipo le meti\u00f3 un puntazo tal a la pelota que el cuero sali\u00f3 para un lado y la c\u00e1mara para el otro.<\/p>\n\n\n\n<p>El arquero ataj\u00f3 la c\u00e1mara, pero el cuero ingres\u00f3 al arco y se incrust\u00f3 en la red. La discusi\u00f3n fue de tal tama\u00f1o que el \u00e1rbitro tom\u00f3 la decisi\u00f3n de suspender el partido y cobrar \u201cmedio gol\u201d, lo que qued\u00f3 asentado en la planilla del partido y en los registros de la liga.<\/p>\n\n\n\n<p>La pr\u00e1ctica del f\u00fatbol en esa regi\u00f3n es muy intensa y competitiva desde hace d\u00e9cadas, a tal punto que grandes jugadores de relevancia nacional e internacional han salido de las ligas de los departamentos Uni\u00f3n, Marcos Ju\u00e1rez y Ju\u00e1rez Celman.<\/p>\n\n\n\n<p>En este \u00faltimo, en la pintoresca localidad de Santa Eufemia, no pocos recuerdan a ese gran arquero que fue el Gordo Bottos, pr\u00e1cticamente imbatible bajo los tres palos.<\/p>\n\n\n\n<p>El pueblo, como tantos otros, estaba partido en dos por las v\u00edas, no s\u00f3lo en lo geogr\u00e1fico, sino tambi\u00e9n en lo social. Se era de un lado o del otro, sin medias tintas, y la rivalidad entre ambos sectores era extrema.<\/p>\n\n\n\n<p>Para el Toto Tavecchio, \u201cde este lado de las v\u00edas\u201d era el barrio Santa Fe, y \u201cdel otro lado de las v\u00edas\u201d era el barrio C\u00f3rdoba.<\/p>\n\n\n\n<figure class=\"wp-block-pullquote\"><blockquote><p>Un d\u00eda de 1940, para limar asperezas, se organiz\u00f3 una gran jornada de fraternidad entre ambos lados y la fiesta del encuentro giraba en torno de un atractivo central: un partido de f\u00fatbol.<\/p><\/blockquote><\/figure>\n\n\n\n<p><\/p>\n\n\n\n<p><\/p>\n\n\n\n<figure class=\"wp-block-image size-full\"><img data-recalc-dims=\"1\" fetchpriority=\"high\" decoding=\"async\" width=\"1000\" height=\"563\" src=\"https:\/\/i0.wp.com\/elregionalvm.com.ar\/noticias-villa-maria\/wp-content\/uploads\/2022\/01\/pelota-con-tiento.jpg?resize=1000%2C563&#038;ssl=1\" alt=\"\" class=\"wp-image-51880\" srcset=\"https:\/\/i0.wp.com\/elregionalvm.com.ar\/noticias-villa-maria\/wp-content\/uploads\/2022\/01\/pelota-con-tiento.jpg?w=1000&amp;ssl=1 1000w, https:\/\/i0.wp.com\/elregionalvm.com.ar\/noticias-villa-maria\/wp-content\/uploads\/2022\/01\/pelota-con-tiento.jpg?resize=300%2C169&amp;ssl=1 300w, https:\/\/i0.wp.com\/elregionalvm.com.ar\/noticias-villa-maria\/wp-content\/uploads\/2022\/01\/pelota-con-tiento.jpg?resize=768%2C432&amp;ssl=1 768w\" sizes=\"(max-width: 1000px) 100vw, 1000px\" \/><\/figure>\n\n\n\n<p><\/p>\n\n\n\n<p>El partido fue intenso y muy disputado. Los del barrio C\u00f3rdoba eran m\u00e1s habilidosos y ten\u00edan m\u00e1s la pelota, pero les resultaba imposible hacer un gol con el Gordo Bottos en el arco contrario. En aquel entonces, el Gordo no era m\u00e1s que un chico, tendr\u00eda apenas doce o trece a\u00f1os, pero ya atajaba como los dioses, incluso mejor que Juan Botasso, seg\u00fan dec\u00edan.<\/p>\n\n\n\n<p>El cero a cero parec\u00eda inamovible, hasta que en el segundo tiempo, Bondi escap\u00f3 a la marca de Boero, levant\u00f3 la cabeza y, al no ver a nadie en el arco, la clav\u00f3 en el \u00e1ngulo desde quince metros. Nadie entend\u00eda nada. El Gordo no estaba, se hab\u00eda ido.<\/p>\n\n\n\n<p>El chico maravilla hab\u00eda dejado el arco desamparado y los de barrio C\u00f3rdoba se alzaron finalmente con la ajustada victoria de uno a cero.<\/p>\n\n\n\n<p>Minutos despu\u00e9s de terminado el partido, Bottos apareci\u00f3 como si nada, silbando bajito.<\/p>\n\n\n\n<p>Fue necesario contener a un par de compa\u00f1eros que lo quer\u00edan matar.<\/p>\n\n\n\n<p>\u2014No le peguen, que es un pibe \u2014terci\u00f3 Boero, al ver que uno lo hab\u00eda agarrado por el cuello de la camiseta.<\/p>\n\n\n\n<p>Con dificultad, consiguieron que lo soltara, pero le exigieron una explicaci\u00f3n:<\/p>\n\n\n\n<p>\u2014\u00bfEn d\u00f3nde carajo te hab\u00edas metido? \u2014gritaron, casi a coro.<\/p>\n\n\n\n<p>Y el arquerito, como si nada:<\/p>\n\n\n\n<p>\u2014En ning\u00fan lado, me fui a tomar la leche, nom\u00e1s.<\/p>\n\n\n\n<p><\/p>\n\n\n\n<p><\/p>\n\n\n\n<p><em>(Foto ilustrativa)<\/em><\/p>\n","protected":false},"excerpt":{"rendered":"<p>(Una MARAVILLA de relato de mi amigo ARCHI LONDERO) El periodista Jorge Cuadrado recupera esta historia del escritor Archi Londero. En los registros hist\u00f3ricos de la Liga de F\u00fatbol Beccar Varela, de Pascanas, figura la siguiente anotaci\u00f3n: \u201cResultado final: Rural Los Patos uno y medio, Central Argentino uno\u201d. Uno y medio era un marcador imposible [&hellip;]<\/p>\n","protected":false},"author":4,"featured_media":51881,"comment_status":"open","ping_status":"open","sticky":false,"template":"","format":"standard","meta":{"site-sidebar-layout":"default","site-content-layout":"default","ast-site-content-layout":"default","site-content-style":"default","site-sidebar-style":"default","ast-global-header-display":"","ast-banner-title-visibility":"","ast-main-header-display":"","ast-hfb-above-header-display":"","ast-hfb-below-header-display":"","ast-hfb-mobile-header-display":"","site-post-title":"","ast-breadcrumbs-content":"","ast-featured-img":"","footer-sml-layout":"","ast-disable-related-posts":"","theme-transparent-header-meta":"default","adv-header-id-meta":"","stick-header-meta":"","header-above-stick-meta":"","header-main-stick-meta":"","header-below-stick-meta":"","astra-migrate-meta-layouts":"default","ast-page-background-enabled":"default","ast-page-background-meta":{"desktop":{"background-color":"","background-image":"","background-repeat":"repeat","background-position":"center center","background-size":"auto","background-attachment":"scroll","background-type":"","background-media":"","overlay-type":"","overlay-color":"","overlay-opacity":"","overlay-gradient":""},"tablet":{"background-color":"","background-image":"","background-repeat":"repeat","background-position":"center center","background-size":"auto","background-attachment":"scroll","background-type":"","background-media":"","overlay-type":"","overlay-color":"","overlay-opacity":"","overlay-gradient":""},"mobile":{"background-color":"","background-image":"","background-repeat":"repeat","background-position":"center center","background-size":"auto","background-attachment":"scroll","background-type":"","background-media":"","overlay-type":"","overlay-color":"","overlay-opacity":"","overlay-gradient":""}},"ast-content-background-meta":{"desktop":{"background-color":"var(--ast-global-color-5)","background-image":"","background-repeat":"repeat","background-position":"center center","background-size":"auto","background-attachment":"scroll","background-type":"","background-media":"","overlay-type":"","overlay-color":"","overlay-opacity":"","overlay-gradient":""},"tablet":{"background-color":"var(--ast-global-color-5)","background-image":"","background-repeat":"repeat","background-position":"center center","background-size":"auto","background-attachment":"scroll","background-type":"","background-media":"","overlay-type":"","overlay-color":"","overlay-opacity":"","overlay-gradient":""},"mobile":{"background-color":"var(--ast-global-color-5)","background-image":"","background-repeat":"repeat","background-position":"center center","background-size":"auto","background-attachment":"scroll","background-type":"","background-media":"","overlay-type":"","overlay-color":"","overlay-opacity":"","overlay-gradient":""}},"_jetpack_memberships_contains_paid_content":false,"_joinchat":[],"footnotes":""},"categories":[2098,3557],"tags":[13405,13407,340,1386,13406,9888,13408,2892,2705],"class_list":["post-51876","post","type-post","status-publish","format-standard","has-post-thumbnail","hentry","category-historias","category-tercera","tag-archi-londero","tag-arquero","tag-futbol","tag-historias","tag-jorge-cuadrado","tag-liga-beccar-varela","tag-los-patos","tag-pascanas","tag-santa-eufemia"],"yoast_head":"<!-- This site is optimized with the Yoast SEO plugin v26.8 - https:\/\/yoast.com\/product\/yoast-seo-wordpress\/ -->\n<title>[Historias] El d\u00eda que se fue el arquero - El Regional<\/title>\n<meta name=\"robots\" content=\"index, follow, max-snippet:-1, max-image-preview:large, max-video-preview:-1\" \/>\n<link rel=\"canonical\" href=\"http:\/\/elregionalvm.com.ar\/noticias-villa-maria\/historias-el-dia-que-se-fue-el-arquero\/\" \/>\n<meta property=\"og:locale\" content=\"es_ES\" \/>\n<meta property=\"og:type\" content=\"article\" \/>\n<meta property=\"og:title\" content=\"[Historias] El d\u00eda que se fue el arquero - El Regional\" \/>\n<meta property=\"og:description\" content=\"(Una MARAVILLA de relato de mi amigo ARCHI LONDERO) El periodista Jorge Cuadrado recupera esta historia del escritor Archi Londero. En los registros hist\u00f3ricos de la Liga de F\u00fatbol Beccar Varela, de Pascanas, figura la siguiente anotaci\u00f3n: \u201cResultado final: Rural Los Patos uno y medio, Central Argentino uno\u201d. Uno y medio era un marcador imposible [&hellip;]\" \/>\n<meta property=\"og:url\" content=\"http:\/\/elregionalvm.com.ar\/noticias-villa-maria\/historias-el-dia-que-se-fue-el-arquero\/\" \/>\n<meta property=\"og:site_name\" content=\"El Regional\" \/>\n<meta property=\"article:publisher\" content=\"https:\/\/www.facebook.com\/elregionalvm\" \/>\n<meta property=\"article:published_time\" content=\"2022-01-31T20:18:33+00:00\" \/>\n<meta property=\"article:modified_time\" content=\"2022-02-04T03:41:33+00:00\" \/>\n<meta property=\"og:image\" content=\"http:\/\/elregionalvm.com.ar\/noticias-villa-maria\/wp-content\/uploads\/2022\/01\/arquero-imagen-antigua.jpg\" \/>\n\t<meta property=\"og:image:width\" content=\"600\" \/>\n\t<meta property=\"og:image:height\" content=\"373\" \/>\n\t<meta property=\"og:image:type\" content=\"image\/jpeg\" \/>\n<meta name=\"author\" content=\"Contenidos El Regional\" \/>\n<meta name=\"twitter:card\" content=\"summary_large_image\" \/>\n<meta name=\"twitter:creator\" content=\"@elregionalvm1\" \/>\n<meta name=\"twitter:site\" content=\"@elregionalvm1\" \/>\n<meta name=\"twitter:label1\" content=\"Escrito por\" \/>\n\t<meta name=\"twitter:data1\" content=\"Contenidos El Regional\" \/>\n\t<meta name=\"twitter:label2\" content=\"Tiempo de lectura\" \/>\n\t<meta name=\"twitter:data2\" content=\"3 minutos\" \/>\n<script type=\"application\/ld+json\" class=\"yoast-schema-graph\">{\"@context\":\"https:\/\/schema.org\",\"@graph\":[{\"@type\":\"Article\",\"@id\":\"http:\/\/elregionalvm.com.ar\/noticias-villa-maria\/historias-el-dia-que-se-fue-el-arquero\/#article\",\"isPartOf\":{\"@id\":\"http:\/\/elregionalvm.com.ar\/noticias-villa-maria\/historias-el-dia-que-se-fue-el-arquero\/\"},\"author\":{\"name\":\"Contenidos El Regional\",\"@id\":\"http:\/\/elregionalvm.com.ar\/noticias-villa-maria\/#\/schema\/person\/a0fb9c422317faca23d50163151bc354\"},\"headline\":\"[Historias] El d\u00eda que se fue el arquero\",\"datePublished\":\"2022-01-31T20:18:33+00:00\",\"dateModified\":\"2022-02-04T03:41:33+00:00\",\"mainEntityOfPage\":{\"@id\":\"http:\/\/elregionalvm.com.ar\/noticias-villa-maria\/historias-el-dia-que-se-fue-el-arquero\/\"},\"wordCount\":630,\"commentCount\":0,\"image\":{\"@id\":\"http:\/\/elregionalvm.com.ar\/noticias-villa-maria\/historias-el-dia-que-se-fue-el-arquero\/#primaryimage\"},\"thumbnailUrl\":\"https:\/\/i0.wp.com\/elregionalvm.com.ar\/noticias-villa-maria\/wp-content\/uploads\/2022\/01\/arquero-imagen-antigua.jpg?fit=600%2C373&ssl=1\",\"keywords\":[\"Archi Londero\",\"arquero\",\"f\u00fatbol\",\"historias\",\"Jorge Cuadrado\",\"Liga Beccar Varela\",\"Los Patos\",\"Pascanas\",\"Santa Eufemia\"],\"articleSection\":[\"Historias\",\"tercera\"],\"inLanguage\":\"es\",\"potentialAction\":[{\"@type\":\"CommentAction\",\"name\":\"Comment\",\"target\":[\"http:\/\/elregionalvm.com.ar\/noticias-villa-maria\/historias-el-dia-que-se-fue-el-arquero\/#respond\"]}]},{\"@type\":\"WebPage\",\"@id\":\"http:\/\/elregionalvm.com.ar\/noticias-villa-maria\/historias-el-dia-que-se-fue-el-arquero\/\",\"url\":\"http:\/\/elregionalvm.com.ar\/noticias-villa-maria\/historias-el-dia-que-se-fue-el-arquero\/\",\"name\":\"[Historias] El d\u00eda que se fue el arquero - El Regional\",\"isPartOf\":{\"@id\":\"http:\/\/elregionalvm.com.ar\/noticias-villa-maria\/#website\"},\"primaryImageOfPage\":{\"@id\":\"http:\/\/elregionalvm.com.ar\/noticias-villa-maria\/historias-el-dia-que-se-fue-el-arquero\/#primaryimage\"},\"image\":{\"@id\":\"http:\/\/elregionalvm.com.ar\/noticias-villa-maria\/historias-el-dia-que-se-fue-el-arquero\/#primaryimage\"},\"thumbnailUrl\":\"https:\/\/i0.wp.com\/elregionalvm.com.ar\/noticias-villa-maria\/wp-content\/uploads\/2022\/01\/arquero-imagen-antigua.jpg?fit=600%2C373&ssl=1\",\"datePublished\":\"2022-01-31T20:18:33+00:00\",\"dateModified\":\"2022-02-04T03:41:33+00:00\",\"author\":{\"@id\":\"http:\/\/elregionalvm.com.ar\/noticias-villa-maria\/#\/schema\/person\/a0fb9c422317faca23d50163151bc354\"},\"breadcrumb\":{\"@id\":\"http:\/\/elregionalvm.com.ar\/noticias-villa-maria\/historias-el-dia-que-se-fue-el-arquero\/#breadcrumb\"},\"inLanguage\":\"es\",\"potentialAction\":[{\"@type\":\"ReadAction\",\"target\":[\"http:\/\/elregionalvm.com.ar\/noticias-villa-maria\/historias-el-dia-que-se-fue-el-arquero\/\"]}]},{\"@type\":\"ImageObject\",\"inLanguage\":\"es\",\"@id\":\"http:\/\/elregionalvm.com.ar\/noticias-villa-maria\/historias-el-dia-que-se-fue-el-arquero\/#primaryimage\",\"url\":\"https:\/\/i0.wp.com\/elregionalvm.com.ar\/noticias-villa-maria\/wp-content\/uploads\/2022\/01\/arquero-imagen-antigua.jpg?fit=600%2C373&ssl=1\",\"contentUrl\":\"https:\/\/i0.wp.com\/elregionalvm.com.ar\/noticias-villa-maria\/wp-content\/uploads\/2022\/01\/arquero-imagen-antigua.jpg?fit=600%2C373&ssl=1\",\"width\":600,\"height\":373},{\"@type\":\"BreadcrumbList\",\"@id\":\"http:\/\/elregionalvm.com.ar\/noticias-villa-maria\/historias-el-dia-que-se-fue-el-arquero\/#breadcrumb\",\"itemListElement\":[{\"@type\":\"ListItem\",\"position\":1,\"name\":\"Portada\",\"item\":\"https:\/\/elregionalvm.com.ar\/noticias-villa-maria\/\"},{\"@type\":\"ListItem\",\"position\":2,\"name\":\"[Historias] El d\u00eda que se fue el arquero\"}]},{\"@type\":\"WebSite\",\"@id\":\"http:\/\/elregionalvm.com.ar\/noticias-villa-maria\/#website\",\"url\":\"http:\/\/elregionalvm.com.ar\/noticias-villa-maria\/\",\"name\":\"El Regional\",\"description\":\"Mucho m\u00e1s que informaci\u00f3n\",\"potentialAction\":[{\"@type\":\"SearchAction\",\"target\":{\"@type\":\"EntryPoint\",\"urlTemplate\":\"http:\/\/elregionalvm.com.ar\/noticias-villa-maria\/?s={search_term_string}\"},\"query-input\":{\"@type\":\"PropertyValueSpecification\",\"valueRequired\":true,\"valueName\":\"search_term_string\"}}],\"inLanguage\":\"es\"},{\"@type\":\"Person\",\"@id\":\"http:\/\/elregionalvm.com.ar\/noticias-villa-maria\/#\/schema\/person\/a0fb9c422317faca23d50163151bc354\",\"name\":\"Contenidos El Regional\",\"image\":{\"@type\":\"ImageObject\",\"inLanguage\":\"es\",\"@id\":\"http:\/\/elregionalvm.com.ar\/noticias-villa-maria\/#\/schema\/person\/image\/\",\"url\":\"https:\/\/secure.gravatar.com\/avatar\/265b27cb2209af7bb3a1318f03305787d7981a5cc6e6cd08fe5a4ecdf99d4b48?s=96&d=mm&r=g\",\"contentUrl\":\"https:\/\/secure.gravatar.com\/avatar\/265b27cb2209af7bb3a1318f03305787d7981a5cc6e6cd08fe5a4ecdf99d4b48?s=96&d=mm&r=g\",\"caption\":\"Contenidos El Regional\"},\"url\":\"https:\/\/elregionalvm.com.ar\/noticias-villa-maria\/author\/contenido\/\"}]}<\/script>\n<!-- \/ Yoast SEO plugin. -->","yoast_head_json":{"title":"[Historias] El d\u00eda que se fue el arquero - El Regional","robots":{"index":"index","follow":"follow","max-snippet":"max-snippet:-1","max-image-preview":"max-image-preview:large","max-video-preview":"max-video-preview:-1"},"canonical":"http:\/\/elregionalvm.com.ar\/noticias-villa-maria\/historias-el-dia-que-se-fue-el-arquero\/","og_locale":"es_ES","og_type":"article","og_title":"[Historias] El d\u00eda que se fue el arquero - El Regional","og_description":"(Una MARAVILLA de relato de mi amigo ARCHI LONDERO) El periodista Jorge Cuadrado recupera esta historia del escritor Archi Londero. En los registros hist\u00f3ricos de la Liga de F\u00fatbol Beccar Varela, de Pascanas, figura la siguiente anotaci\u00f3n: \u201cResultado final: Rural Los Patos uno y medio, Central Argentino uno\u201d. Uno y medio era un marcador imposible [&hellip;]","og_url":"http:\/\/elregionalvm.com.ar\/noticias-villa-maria\/historias-el-dia-que-se-fue-el-arquero\/","og_site_name":"El Regional","article_publisher":"https:\/\/www.facebook.com\/elregionalvm","article_published_time":"2022-01-31T20:18:33+00:00","article_modified_time":"2022-02-04T03:41:33+00:00","og_image":[{"width":600,"height":373,"url":"http:\/\/elregionalvm.com.ar\/noticias-villa-maria\/wp-content\/uploads\/2022\/01\/arquero-imagen-antigua.jpg","type":"image\/jpeg"}],"author":"Contenidos El Regional","twitter_card":"summary_large_image","twitter_creator":"@elregionalvm1","twitter_site":"@elregionalvm1","twitter_misc":{"Escrito por":"Contenidos El Regional","Tiempo de lectura":"3 minutos"},"schema":{"@context":"https:\/\/schema.org","@graph":[{"@type":"Article","@id":"http:\/\/elregionalvm.com.ar\/noticias-villa-maria\/historias-el-dia-que-se-fue-el-arquero\/#article","isPartOf":{"@id":"http:\/\/elregionalvm.com.ar\/noticias-villa-maria\/historias-el-dia-que-se-fue-el-arquero\/"},"author":{"name":"Contenidos El Regional","@id":"http:\/\/elregionalvm.com.ar\/noticias-villa-maria\/#\/schema\/person\/a0fb9c422317faca23d50163151bc354"},"headline":"[Historias] El d\u00eda que se fue el arquero","datePublished":"2022-01-31T20:18:33+00:00","dateModified":"2022-02-04T03:41:33+00:00","mainEntityOfPage":{"@id":"http:\/\/elregionalvm.com.ar\/noticias-villa-maria\/historias-el-dia-que-se-fue-el-arquero\/"},"wordCount":630,"commentCount":0,"image":{"@id":"http:\/\/elregionalvm.com.ar\/noticias-villa-maria\/historias-el-dia-que-se-fue-el-arquero\/#primaryimage"},"thumbnailUrl":"https:\/\/i0.wp.com\/elregionalvm.com.ar\/noticias-villa-maria\/wp-content\/uploads\/2022\/01\/arquero-imagen-antigua.jpg?fit=600%2C373&ssl=1","keywords":["Archi Londero","arquero","f\u00fatbol","historias","Jorge Cuadrado","Liga Beccar Varela","Los Patos","Pascanas","Santa Eufemia"],"articleSection":["Historias","tercera"],"inLanguage":"es","potentialAction":[{"@type":"CommentAction","name":"Comment","target":["http:\/\/elregionalvm.com.ar\/noticias-villa-maria\/historias-el-dia-que-se-fue-el-arquero\/#respond"]}]},{"@type":"WebPage","@id":"http:\/\/elregionalvm.com.ar\/noticias-villa-maria\/historias-el-dia-que-se-fue-el-arquero\/","url":"http:\/\/elregionalvm.com.ar\/noticias-villa-maria\/historias-el-dia-que-se-fue-el-arquero\/","name":"[Historias] El d\u00eda que se fue el arquero - El Regional","isPartOf":{"@id":"http:\/\/elregionalvm.com.ar\/noticias-villa-maria\/#website"},"primaryImageOfPage":{"@id":"http:\/\/elregionalvm.com.ar\/noticias-villa-maria\/historias-el-dia-que-se-fue-el-arquero\/#primaryimage"},"image":{"@id":"http:\/\/elregionalvm.com.ar\/noticias-villa-maria\/historias-el-dia-que-se-fue-el-arquero\/#primaryimage"},"thumbnailUrl":"https:\/\/i0.wp.com\/elregionalvm.com.ar\/noticias-villa-maria\/wp-content\/uploads\/2022\/01\/arquero-imagen-antigua.jpg?fit=600%2C373&ssl=1","datePublished":"2022-01-31T20:18:33+00:00","dateModified":"2022-02-04T03:41:33+00:00","author":{"@id":"http:\/\/elregionalvm.com.ar\/noticias-villa-maria\/#\/schema\/person\/a0fb9c422317faca23d50163151bc354"},"breadcrumb":{"@id":"http:\/\/elregionalvm.com.ar\/noticias-villa-maria\/historias-el-dia-que-se-fue-el-arquero\/#breadcrumb"},"inLanguage":"es","potentialAction":[{"@type":"ReadAction","target":["http:\/\/elregionalvm.com.ar\/noticias-villa-maria\/historias-el-dia-que-se-fue-el-arquero\/"]}]},{"@type":"ImageObject","inLanguage":"es","@id":"http:\/\/elregionalvm.com.ar\/noticias-villa-maria\/historias-el-dia-que-se-fue-el-arquero\/#primaryimage","url":"https:\/\/i0.wp.com\/elregionalvm.com.ar\/noticias-villa-maria\/wp-content\/uploads\/2022\/01\/arquero-imagen-antigua.jpg?fit=600%2C373&ssl=1","contentUrl":"https:\/\/i0.wp.com\/elregionalvm.com.ar\/noticias-villa-maria\/wp-content\/uploads\/2022\/01\/arquero-imagen-antigua.jpg?fit=600%2C373&ssl=1","width":600,"height":373},{"@type":"BreadcrumbList","@id":"http:\/\/elregionalvm.com.ar\/noticias-villa-maria\/historias-el-dia-que-se-fue-el-arquero\/#breadcrumb","itemListElement":[{"@type":"ListItem","position":1,"name":"Portada","item":"https:\/\/elregionalvm.com.ar\/noticias-villa-maria\/"},{"@type":"ListItem","position":2,"name":"[Historias] El d\u00eda que se fue el arquero"}]},{"@type":"WebSite","@id":"http:\/\/elregionalvm.com.ar\/noticias-villa-maria\/#website","url":"http:\/\/elregionalvm.com.ar\/noticias-villa-maria\/","name":"El Regional","description":"Mucho m\u00e1s que informaci\u00f3n","potentialAction":[{"@type":"SearchAction","target":{"@type":"EntryPoint","urlTemplate":"http:\/\/elregionalvm.com.ar\/noticias-villa-maria\/?s={search_term_string}"},"query-input":{"@type":"PropertyValueSpecification","valueRequired":true,"valueName":"search_term_string"}}],"inLanguage":"es"},{"@type":"Person","@id":"http:\/\/elregionalvm.com.ar\/noticias-villa-maria\/#\/schema\/person\/a0fb9c422317faca23d50163151bc354","name":"Contenidos El Regional","image":{"@type":"ImageObject","inLanguage":"es","@id":"http:\/\/elregionalvm.com.ar\/noticias-villa-maria\/#\/schema\/person\/image\/","url":"https:\/\/secure.gravatar.com\/avatar\/265b27cb2209af7bb3a1318f03305787d7981a5cc6e6cd08fe5a4ecdf99d4b48?s=96&d=mm&r=g","contentUrl":"https:\/\/secure.gravatar.com\/avatar\/265b27cb2209af7bb3a1318f03305787d7981a5cc6e6cd08fe5a4ecdf99d4b48?s=96&d=mm&r=g","caption":"Contenidos El Regional"},"url":"https:\/\/elregionalvm.com.ar\/noticias-villa-maria\/author\/contenido\/"}]}},"jetpack_featured_media_url":"https:\/\/i0.wp.com\/elregionalvm.com.ar\/noticias-villa-maria\/wp-content\/uploads\/2022\/01\/arquero-imagen-antigua.jpg?fit=600%2C373&ssl=1","jetpack_sharing_enabled":true,"_links":{"self":[{"href":"https:\/\/elregionalvm.com.ar\/noticias-villa-maria\/wp-json\/wp\/v2\/posts\/51876","targetHints":{"allow":["GET"]}}],"collection":[{"href":"https:\/\/elregionalvm.com.ar\/noticias-villa-maria\/wp-json\/wp\/v2\/posts"}],"about":[{"href":"https:\/\/elregionalvm.com.ar\/noticias-villa-maria\/wp-json\/wp\/v2\/types\/post"}],"author":[{"embeddable":true,"href":"https:\/\/elregionalvm.com.ar\/noticias-villa-maria\/wp-json\/wp\/v2\/users\/4"}],"replies":[{"embeddable":true,"href":"https:\/\/elregionalvm.com.ar\/noticias-villa-maria\/wp-json\/wp\/v2\/comments?post=51876"}],"version-history":[{"count":2,"href":"https:\/\/elregionalvm.com.ar\/noticias-villa-maria\/wp-json\/wp\/v2\/posts\/51876\/revisions"}],"predecessor-version":[{"id":51883,"href":"https:\/\/elregionalvm.com.ar\/noticias-villa-maria\/wp-json\/wp\/v2\/posts\/51876\/revisions\/51883"}],"wp:featuredmedia":[{"embeddable":true,"href":"https:\/\/elregionalvm.com.ar\/noticias-villa-maria\/wp-json\/wp\/v2\/media\/51881"}],"wp:attachment":[{"href":"https:\/\/elregionalvm.com.ar\/noticias-villa-maria\/wp-json\/wp\/v2\/media?parent=51876"}],"wp:term":[{"taxonomy":"category","embeddable":true,"href":"https:\/\/elregionalvm.com.ar\/noticias-villa-maria\/wp-json\/wp\/v2\/categories?post=51876"},{"taxonomy":"post_tag","embeddable":true,"href":"https:\/\/elregionalvm.com.ar\/noticias-villa-maria\/wp-json\/wp\/v2\/tags?post=51876"}],"curies":[{"name":"wp","href":"https:\/\/api.w.org\/{rel}","templated":true}]}}