{"id":51884,"date":"2022-01-31T21:13:48","date_gmt":"2022-01-31T21:13:48","guid":{"rendered":"https:\/\/elregionalvm.com.ar\/noticias-villa-maria\/?p=51884"},"modified":"2022-01-31T21:13:49","modified_gmt":"2022-01-31T21:13:49","slug":"enero-cerro-con-mas-de-40-mil-testeos-y-14-370-casos-positivos-en-la-ciudad","status":"publish","type":"post","link":"https:\/\/elregionalvm.com.ar\/noticias-villa-maria\/enero-cerro-con-mas-de-40-mil-testeos-y-14-370-casos-positivos-en-la-ciudad\/","title":{"rendered":"Enero cerr\u00f3 con m\u00e1s de 40 mil testeos y 14.370 casos positivos  en la ciudad"},"content":{"rendered":"\n<p>A lo largo de enero, 14.370 testeos arrojaron resultado positivo, representando una tasa de positividad del 35,84%, lo que significa un marcado incremento de casos ya que durante diciembre se hab\u00edan registrado solo 2.047 positivos. Sin embargo, en la \u00faltima semana del mes se registr\u00f3 una tendencia descendente.<\/p>\n\n\n\n<p>Es importante destacar que contin\u00faa con gran avance la campa\u00f1a de vacunaci\u00f3n que ya lleg\u00f3 a m\u00e1s de 90.000 vecinos con al menos una dosis aplicada, m\u00e1s de 80.000 con dos, casi 20.000 con tres dosis y m\u00e1s de 18.000 personas vacunadas menores de 18 a\u00f1os.<\/p>\n\n\n\n<p>Los casos totales desde el inicio de la pandemia en la ciudad son 34.002, de los cuales 24.689 son personas que lograron recuperarse de la enfermedad. El n\u00famero de personas aisladas se ubica hoy en 9.514, siendo 9.004 los casos activos. El resto corresponde a contactos estrechos.<\/p>\n\n\n\n<figure class=\"wp-block-gallery columns-2 is-cropped wp-block-gallery-1 is-layout-flex wp-block-gallery-is-layout-flex\"><ul class=\"blocks-gallery-grid\"><li class=\"blocks-gallery-item\"><figure><img data-recalc-dims=\"1\" fetchpriority=\"high\" decoding=\"async\" width=\"1024\" height=\"403\" src=\"https:\/\/i0.wp.com\/elregionalvm.com.ar\/noticias-villa-maria\/wp-content\/uploads\/2022\/01\/WhatsApp-Image-2022-01-31-at-17.01.07.jpeg?resize=1024%2C403&#038;ssl=1\" alt=\"\" data-id=\"51885\" data-link=\"https:\/\/elregionalvm.com.ar\/noticias-villa-maria\/?attachment_id=51885\" class=\"wp-image-51885\" srcset=\"https:\/\/i0.wp.com\/elregionalvm.com.ar\/noticias-villa-maria\/wp-content\/uploads\/2022\/01\/WhatsApp-Image-2022-01-31-at-17.01.07.jpeg?resize=1024%2C403&amp;ssl=1 1024w, https:\/\/i0.wp.com\/elregionalvm.com.ar\/noticias-villa-maria\/wp-content\/uploads\/2022\/01\/WhatsApp-Image-2022-01-31-at-17.01.07.jpeg?resize=300%2C118&amp;ssl=1 300w, https:\/\/i0.wp.com\/elregionalvm.com.ar\/noticias-villa-maria\/wp-content\/uploads\/2022\/01\/WhatsApp-Image-2022-01-31-at-17.01.07.jpeg?resize=768%2C302&amp;ssl=1 768w, https:\/\/i0.wp.com\/elregionalvm.com.ar\/noticias-villa-maria\/wp-content\/uploads\/2022\/01\/WhatsApp-Image-2022-01-31-at-17.01.07.jpeg?resize=1536%2C605&amp;ssl=1 1536w, https:\/\/i0.wp.com\/elregionalvm.com.ar\/noticias-villa-maria\/wp-content\/uploads\/2022\/01\/WhatsApp-Image-2022-01-31-at-17.01.07.jpeg?w=1600&amp;ssl=1 1600w\" sizes=\"(max-width: 1000px) 100vw, 1000px\" \/><\/figure><\/li><li class=\"blocks-gallery-item\"><figure><img data-recalc-dims=\"1\" decoding=\"async\" width=\"1024\" height=\"409\" src=\"https:\/\/i0.wp.com\/elregionalvm.com.ar\/noticias-villa-maria\/wp-content\/uploads\/2022\/01\/WhatsApp-Image-2022-01-31-at-17.01.08.jpeg?resize=1024%2C409&#038;ssl=1\" alt=\"\" data-id=\"51886\" data-full-url=\"https:\/\/elregionalvm.com.ar\/noticias-villa-maria\/wp-content\/uploads\/2022\/01\/WhatsApp-Image-2022-01-31-at-17.01.08.jpeg\" data-link=\"https:\/\/elregionalvm.com.ar\/noticias-villa-maria\/?attachment_id=51886\" class=\"wp-image-51886\" srcset=\"https:\/\/i0.wp.com\/elregionalvm.com.ar\/noticias-villa-maria\/wp-content\/uploads\/2022\/01\/WhatsApp-Image-2022-01-31-at-17.01.08.jpeg?resize=1024%2C409&amp;ssl=1 1024w, https:\/\/i0.wp.com\/elregionalvm.com.ar\/noticias-villa-maria\/wp-content\/uploads\/2022\/01\/WhatsApp-Image-2022-01-31-at-17.01.08.jpeg?resize=300%2C120&amp;ssl=1 300w, https:\/\/i0.wp.com\/elregionalvm.com.ar\/noticias-villa-maria\/wp-content\/uploads\/2022\/01\/WhatsApp-Image-2022-01-31-at-17.01.08.jpeg?resize=768%2C307&amp;ssl=1 768w, https:\/\/i0.wp.com\/elregionalvm.com.ar\/noticias-villa-maria\/wp-content\/uploads\/2022\/01\/WhatsApp-Image-2022-01-31-at-17.01.08.jpeg?resize=1536%2C613&amp;ssl=1 1536w, https:\/\/i0.wp.com\/elregionalvm.com.ar\/noticias-villa-maria\/wp-content\/uploads\/2022\/01\/WhatsApp-Image-2022-01-31-at-17.01.08.jpeg?w=1600&amp;ssl=1 1600w\" sizes=\"(max-width: 1000px) 100vw, 1000px\" \/><\/figure><\/li><\/ul><\/figure>\n\n\n\n<p>Cabe destacar que frente al aumento de casos positivos de covid durante este mes en la ciudad y la gran demanda de vecinos y vecinas por realizarse los testeos correspondientes, <strong>el municipio puso en marcha un nuevo plan de descentralizaci\u00f3n de testeos con turno previo en los trece CAPS y la Asistencia P\u00fablica. <\/strong><\/p>\n\n\n\n<p>En ese sentido, el horario habilitado para <strong>hisopados en los CAPS es de 14:00 a 20:00 horas de lunes a viernes, mientras que en la Asistencia P\u00fablica solo se hisopa los d\u00edas s\u00e1bado y domingo de 8:00 a 12:00 horas<\/strong>. Cabe recordar que ya se encuentra disponible el<strong> turnero web para la gesti\u00f3n de turnos de testeo, ingresando en el siguiente link: https:\/\/turnos.villamaria.gob.ar\/turnos\/nuevo-turno\/60\/<\/strong><\/p>\n\n\n\n<p>En referencia con las pruebas de ant\u00edgenos realizadas en los trece CAPS y en la Asistencia P\u00fablica, durante este mes se practicaron 40.086 test, representando un nuevo record de testeos para un solo mes. Hasta la fecha se realizaron 167.571 pruebas de ant\u00edgenos.<\/p>\n\n\n\n<p>Seg\u00fan datos actualizados del Registro Civil, en este mes de enero hubo que lamentar el fallecimiento de 37 vecinos y vecinas por covid. En total son 318 las personas que perdieron la vida por covid en la ciudad desde el inicio de la pandemia. El promedio de edad de los vecinos fallecidos es de 73 a\u00f1os.<\/p>\n\n\n\n<p>Es importante recordar que ante la presencia de cualquier s\u00edntoma o por consultas vinculadas a denuncias o disposiciones vigentes, comunicarse al 0800 888 7468. Tambi\u00e9n para consultas sobre resultados de hisopados y fechas de altas m\u00e9dicas est\u00e1 disponible la l\u00ednea de WhatsApp al 3535657964.<\/p>\n\n\n\n<figure class=\"wp-block-image size-large\"><img data-recalc-dims=\"1\" decoding=\"async\" width=\"1024\" height=\"576\" src=\"https:\/\/i0.wp.com\/elregionalvm.com.ar\/noticias-villa-maria\/wp-content\/uploads\/2022\/01\/WhatsApp-Image-2022-01-31-at-17.01.08-2.jpeg?resize=1024%2C576&#038;ssl=1\" alt=\"\" class=\"wp-image-51887\" srcset=\"https:\/\/i0.wp.com\/elregionalvm.com.ar\/noticias-villa-maria\/wp-content\/uploads\/2022\/01\/WhatsApp-Image-2022-01-31-at-17.01.08-2.jpeg?resize=1024%2C576&amp;ssl=1 1024w, https:\/\/i0.wp.com\/elregionalvm.com.ar\/noticias-villa-maria\/wp-content\/uploads\/2022\/01\/WhatsApp-Image-2022-01-31-at-17.01.08-2.jpeg?resize=300%2C169&amp;ssl=1 300w, https:\/\/i0.wp.com\/elregionalvm.com.ar\/noticias-villa-maria\/wp-content\/uploads\/2022\/01\/WhatsApp-Image-2022-01-31-at-17.01.08-2.jpeg?resize=768%2C432&amp;ssl=1 768w, https:\/\/i0.wp.com\/elregionalvm.com.ar\/noticias-villa-maria\/wp-content\/uploads\/2022\/01\/WhatsApp-Image-2022-01-31-at-17.01.08-2.jpeg?resize=1536%2C864&amp;ssl=1 1536w, https:\/\/i0.wp.com\/elregionalvm.com.ar\/noticias-villa-maria\/wp-content\/uploads\/2022\/01\/WhatsApp-Image-2022-01-31-at-17.01.08-2.jpeg?w=1600&amp;ssl=1 1600w\" sizes=\"(max-width: 1000px) 100vw, 1000px\" \/><\/figure>\n","protected":false},"excerpt":{"rendered":"<p>A lo largo de enero, 14.370 testeos arrojaron resultado positivo, representando una tasa de positividad del 35,84%, lo que significa un marcado incremento de casos ya que durante diciembre se hab\u00edan registrado solo 2.047 positivos. Sin embargo, en la \u00faltima semana del mes se registr\u00f3 una tendencia descendente. Es importante destacar que contin\u00faa con gran [&hellip;]<\/p>\n","protected":false},"author":4,"featured_media":51889,"comment_status":"open","ping_status":"open","sticky":false,"template":"","format":"standard","meta":{"site-sidebar-layout":"default","site-content-layout":"default","ast-site-content-layout":"default","site-content-style":"default","site-sidebar-style":"default","ast-global-header-display":"","ast-banner-title-visibility":"","ast-main-header-display":"","ast-hfb-above-header-display":"","ast-hfb-below-header-display":"","ast-hfb-mobile-header-display":"","site-post-title":"","ast-breadcrumbs-content":"","ast-featured-img":"","footer-sml-layout":"","ast-disable-related-posts":"","theme-transparent-header-meta":"default","adv-header-id-meta":"","stick-header-meta":"","header-above-stick-meta":"","header-main-stick-meta":"","header-below-stick-meta":"","astra-migrate-meta-layouts":"default","ast-page-background-enabled":"default","ast-page-background-meta":{"desktop":{"background-color":"","background-image":"","background-repeat":"repeat","background-position":"center center","background-size":"auto","background-attachment":"scroll","background-type":"","background-media":"","overlay-type":"","overlay-color":"","overlay-opacity":"","overlay-gradient":""},"tablet":{"background-color":"","background-image":"","background-repeat":"repeat","background-position":"center center","background-size":"auto","background-attachment":"scroll","background-type":"","background-media":"","overlay-type":"","overlay-color":"","overlay-opacity":"","overlay-gradient":""},"mobile":{"background-color":"","background-image":"","background-repeat":"repeat","background-position":"center center","background-size":"auto","background-attachment":"scroll","background-type":"","background-media":"","overlay-type":"","overlay-color":"","overlay-opacity":"","overlay-gradient":""}},"ast-content-background-meta":{"desktop":{"background-color":"var(--ast-global-color-5)","background-image":"","background-repeat":"repeat","background-position":"center center","background-size":"auto","background-attachment":"scroll","background-type":"","background-media":"","overlay-type":"","overlay-color":"","overlay-opacity":"","overlay-gradient":""},"tablet":{"background-color":"var(--ast-global-color-5)","background-image":"","background-repeat":"repeat","background-position":"center center","background-size":"auto","background-attachment":"scroll","background-type":"","background-media":"","overlay-type":"","overlay-color":"","overlay-opacity":"","overlay-gradient":""},"mobile":{"background-color":"var(--ast-global-color-5)","background-image":"","background-repeat":"repeat","background-position":"center center","background-size":"auto","background-attachment":"scroll","background-type":"","background-media":"","overlay-type":"","overlay-color":"","overlay-opacity":"","overlay-gradient":""}},"_jetpack_memberships_contains_paid_content":false,"_joinchat":[],"footnotes":""},"categories":[2256,2],"tags":[13412,13410,4248,1232,13411,13409,5566,2248],"class_list":["post-51884","post","type-post","status-publish","format-standard","has-post-thumbnail","hentry","category-coronavirus","category-villa-maria","tag-14-370-casos-positivos","tag-40-mil-testeos","tag-casos-covid","tag-destacado","tag-enero-2022","tag-estadistica-de-enero","tag-hispados","tag-villa-maria-2"],"yoast_head":"<!-- This site is optimized with the Yoast SEO plugin v26.8 - https:\/\/yoast.com\/product\/yoast-seo-wordpress\/ -->\n<title>Enero cerr\u00f3 con m\u00e1s de 40 mil testeos y 14.370 casos positivos en la ciudad - El Regional<\/title>\n<meta name=\"robots\" content=\"index, follow, max-snippet:-1, max-image-preview:large, max-video-preview:-1\" \/>\n<link rel=\"canonical\" href=\"http:\/\/elregionalvm.com.ar\/noticias-villa-maria\/enero-cerro-con-mas-de-40-mil-testeos-y-14-370-casos-positivos-en-la-ciudad\/\" \/>\n<meta property=\"og:locale\" content=\"es_ES\" \/>\n<meta property=\"og:type\" content=\"article\" \/>\n<meta property=\"og:title\" content=\"Enero cerr\u00f3 con m\u00e1s de 40 mil testeos y 14.370 casos positivos en la ciudad - El Regional\" \/>\n<meta property=\"og:description\" content=\"A lo largo de enero, 14.370 testeos arrojaron resultado positivo, representando una tasa de positividad del 35,84%, lo que significa un marcado incremento de casos ya que durante diciembre se hab\u00edan registrado solo 2.047 positivos. Sin embargo, en la \u00faltima semana del mes se registr\u00f3 una tendencia descendente. Es importante destacar que contin\u00faa con gran [&hellip;]\" \/>\n<meta property=\"og:url\" content=\"http:\/\/elregionalvm.com.ar\/noticias-villa-maria\/enero-cerro-con-mas-de-40-mil-testeos-y-14-370-casos-positivos-en-la-ciudad\/\" \/>\n<meta property=\"og:site_name\" content=\"El Regional\" \/>\n<meta property=\"article:publisher\" content=\"https:\/\/www.facebook.com\/elregionalvm\" \/>\n<meta property=\"article:published_time\" content=\"2022-01-31T21:13:48+00:00\" \/>\n<meta property=\"article:modified_time\" content=\"2022-01-31T21:13:49+00:00\" \/>\n<meta property=\"og:image\" content=\"http:\/\/elregionalvm.com.ar\/noticias-villa-maria\/wp-content\/uploads\/2022\/01\/hisopados-anfi.jpg\" \/>\n\t<meta property=\"og:image:width\" content=\"848\" \/>\n\t<meta property=\"og:image:height\" content=\"565\" \/>\n\t<meta property=\"og:image:type\" content=\"image\/jpeg\" \/>\n<meta name=\"author\" content=\"Contenidos El Regional\" \/>\n<meta name=\"twitter:card\" content=\"summary_large_image\" \/>\n<meta name=\"twitter:creator\" content=\"@elregionalvm1\" \/>\n<meta name=\"twitter:site\" content=\"@elregionalvm1\" \/>\n<meta name=\"twitter:label1\" content=\"Escrito por\" \/>\n\t<meta name=\"twitter:data1\" content=\"Contenidos El Regional\" \/>\n\t<meta name=\"twitter:label2\" content=\"Tiempo de lectura\" \/>\n\t<meta name=\"twitter:data2\" content=\"3 minutos\" \/>\n<script type=\"application\/ld+json\" class=\"yoast-schema-graph\">{\"@context\":\"https:\/\/schema.org\",\"@graph\":[{\"@type\":\"Article\",\"@id\":\"http:\/\/elregionalvm.com.ar\/noticias-villa-maria\/enero-cerro-con-mas-de-40-mil-testeos-y-14-370-casos-positivos-en-la-ciudad\/#article\",\"isPartOf\":{\"@id\":\"http:\/\/elregionalvm.com.ar\/noticias-villa-maria\/enero-cerro-con-mas-de-40-mil-testeos-y-14-370-casos-positivos-en-la-ciudad\/\"},\"author\":{\"name\":\"Contenidos El Regional\",\"@id\":\"http:\/\/elregionalvm.com.ar\/noticias-villa-maria\/#\/schema\/person\/a0fb9c422317faca23d50163151bc354\"},\"headline\":\"Enero cerr\u00f3 con m\u00e1s de 40 mil testeos y 14.370 casos positivos en la ciudad\",\"datePublished\":\"2022-01-31T21:13:48+00:00\",\"dateModified\":\"2022-01-31T21:13:49+00:00\",\"mainEntityOfPage\":{\"@id\":\"http:\/\/elregionalvm.com.ar\/noticias-villa-maria\/enero-cerro-con-mas-de-40-mil-testeos-y-14-370-casos-positivos-en-la-ciudad\/\"},\"wordCount\":419,\"commentCount\":0,\"image\":{\"@id\":\"http:\/\/elregionalvm.com.ar\/noticias-villa-maria\/enero-cerro-con-mas-de-40-mil-testeos-y-14-370-casos-positivos-en-la-ciudad\/#primaryimage\"},\"thumbnailUrl\":\"https:\/\/i0.wp.com\/elregionalvm.com.ar\/noticias-villa-maria\/wp-content\/uploads\/2022\/01\/hisopados-anfi.jpg?fit=848%2C565&ssl=1\",\"keywords\":[\"14.370 casos positivos\",\"40 mil testeos\",\"casos Covid\",\"destacado\",\"Enero 2022\",\"estad\u00edstica de enero\",\"hispados\",\"Villa Mar\u00eda\"],\"articleSection\":[\"Coronavirus\",\"Villa Mar\u00eda\"],\"inLanguage\":\"es\",\"potentialAction\":[{\"@type\":\"CommentAction\",\"name\":\"Comment\",\"target\":[\"http:\/\/elregionalvm.com.ar\/noticias-villa-maria\/enero-cerro-con-mas-de-40-mil-testeos-y-14-370-casos-positivos-en-la-ciudad\/#respond\"]}]},{\"@type\":\"WebPage\",\"@id\":\"http:\/\/elregionalvm.com.ar\/noticias-villa-maria\/enero-cerro-con-mas-de-40-mil-testeos-y-14-370-casos-positivos-en-la-ciudad\/\",\"url\":\"http:\/\/elregionalvm.com.ar\/noticias-villa-maria\/enero-cerro-con-mas-de-40-mil-testeos-y-14-370-casos-positivos-en-la-ciudad\/\",\"name\":\"Enero cerr\u00f3 con m\u00e1s de 40 mil testeos y 14.370 casos positivos en la ciudad - El Regional\",\"isPartOf\":{\"@id\":\"http:\/\/elregionalvm.com.ar\/noticias-villa-maria\/#website\"},\"primaryImageOfPage\":{\"@id\":\"http:\/\/elregionalvm.com.ar\/noticias-villa-maria\/enero-cerro-con-mas-de-40-mil-testeos-y-14-370-casos-positivos-en-la-ciudad\/#primaryimage\"},\"image\":{\"@id\":\"http:\/\/elregionalvm.com.ar\/noticias-villa-maria\/enero-cerro-con-mas-de-40-mil-testeos-y-14-370-casos-positivos-en-la-ciudad\/#primaryimage\"},\"thumbnailUrl\":\"https:\/\/i0.wp.com\/elregionalvm.com.ar\/noticias-villa-maria\/wp-content\/uploads\/2022\/01\/hisopados-anfi.jpg?fit=848%2C565&ssl=1\",\"datePublished\":\"2022-01-31T21:13:48+00:00\",\"dateModified\":\"2022-01-31T21:13:49+00:00\",\"author\":{\"@id\":\"http:\/\/elregionalvm.com.ar\/noticias-villa-maria\/#\/schema\/person\/a0fb9c422317faca23d50163151bc354\"},\"breadcrumb\":{\"@id\":\"http:\/\/elregionalvm.com.ar\/noticias-villa-maria\/enero-cerro-con-mas-de-40-mil-testeos-y-14-370-casos-positivos-en-la-ciudad\/#breadcrumb\"},\"inLanguage\":\"es\",\"potentialAction\":[{\"@type\":\"ReadAction\",\"target\":[\"http:\/\/elregionalvm.com.ar\/noticias-villa-maria\/enero-cerro-con-mas-de-40-mil-testeos-y-14-370-casos-positivos-en-la-ciudad\/\"]}]},{\"@type\":\"ImageObject\",\"inLanguage\":\"es\",\"@id\":\"http:\/\/elregionalvm.com.ar\/noticias-villa-maria\/enero-cerro-con-mas-de-40-mil-testeos-y-14-370-casos-positivos-en-la-ciudad\/#primaryimage\",\"url\":\"https:\/\/i0.wp.com\/elregionalvm.com.ar\/noticias-villa-maria\/wp-content\/uploads\/2022\/01\/hisopados-anfi.jpg?fit=848%2C565&ssl=1\",\"contentUrl\":\"https:\/\/i0.wp.com\/elregionalvm.com.ar\/noticias-villa-maria\/wp-content\/uploads\/2022\/01\/hisopados-anfi.jpg?fit=848%2C565&ssl=1\",\"width\":848,\"height\":565},{\"@type\":\"BreadcrumbList\",\"@id\":\"http:\/\/elregionalvm.com.ar\/noticias-villa-maria\/enero-cerro-con-mas-de-40-mil-testeos-y-14-370-casos-positivos-en-la-ciudad\/#breadcrumb\",\"itemListElement\":[{\"@type\":\"ListItem\",\"position\":1,\"name\":\"Portada\",\"item\":\"https:\/\/elregionalvm.com.ar\/noticias-villa-maria\/\"},{\"@type\":\"ListItem\",\"position\":2,\"name\":\"Enero cerr\u00f3 con m\u00e1s de 40 mil testeos y 14.370 casos positivos en la ciudad\"}]},{\"@type\":\"WebSite\",\"@id\":\"http:\/\/elregionalvm.com.ar\/noticias-villa-maria\/#website\",\"url\":\"http:\/\/elregionalvm.com.ar\/noticias-villa-maria\/\",\"name\":\"El Regional\",\"description\":\"Mucho m\u00e1s que informaci\u00f3n\",\"potentialAction\":[{\"@type\":\"SearchAction\",\"target\":{\"@type\":\"EntryPoint\",\"urlTemplate\":\"http:\/\/elregionalvm.com.ar\/noticias-villa-maria\/?s={search_term_string}\"},\"query-input\":{\"@type\":\"PropertyValueSpecification\",\"valueRequired\":true,\"valueName\":\"search_term_string\"}}],\"inLanguage\":\"es\"},{\"@type\":\"Person\",\"@id\":\"http:\/\/elregionalvm.com.ar\/noticias-villa-maria\/#\/schema\/person\/a0fb9c422317faca23d50163151bc354\",\"name\":\"Contenidos El Regional\",\"image\":{\"@type\":\"ImageObject\",\"inLanguage\":\"es\",\"@id\":\"http:\/\/elregionalvm.com.ar\/noticias-villa-maria\/#\/schema\/person\/image\/\",\"url\":\"https:\/\/secure.gravatar.com\/avatar\/265b27cb2209af7bb3a1318f03305787d7981a5cc6e6cd08fe5a4ecdf99d4b48?s=96&d=mm&r=g\",\"contentUrl\":\"https:\/\/secure.gravatar.com\/avatar\/265b27cb2209af7bb3a1318f03305787d7981a5cc6e6cd08fe5a4ecdf99d4b48?s=96&d=mm&r=g\",\"caption\":\"Contenidos El Regional\"},\"url\":\"https:\/\/elregionalvm.com.ar\/noticias-villa-maria\/author\/contenido\/\"}]}<\/script>\n<!-- \/ Yoast SEO plugin. -->","yoast_head_json":{"title":"Enero cerr\u00f3 con m\u00e1s de 40 mil testeos y 14.370 casos positivos en la ciudad - El Regional","robots":{"index":"index","follow":"follow","max-snippet":"max-snippet:-1","max-image-preview":"max-image-preview:large","max-video-preview":"max-video-preview:-1"},"canonical":"http:\/\/elregionalvm.com.ar\/noticias-villa-maria\/enero-cerro-con-mas-de-40-mil-testeos-y-14-370-casos-positivos-en-la-ciudad\/","og_locale":"es_ES","og_type":"article","og_title":"Enero cerr\u00f3 con m\u00e1s de 40 mil testeos y 14.370 casos positivos en la ciudad - El Regional","og_description":"A lo largo de enero, 14.370 testeos arrojaron resultado positivo, representando una tasa de positividad del 35,84%, lo que significa un marcado incremento de casos ya que durante diciembre se hab\u00edan registrado solo 2.047 positivos. Sin embargo, en la \u00faltima semana del mes se registr\u00f3 una tendencia descendente. Es importante destacar que contin\u00faa con gran [&hellip;]","og_url":"http:\/\/elregionalvm.com.ar\/noticias-villa-maria\/enero-cerro-con-mas-de-40-mil-testeos-y-14-370-casos-positivos-en-la-ciudad\/","og_site_name":"El Regional","article_publisher":"https:\/\/www.facebook.com\/elregionalvm","article_published_time":"2022-01-31T21:13:48+00:00","article_modified_time":"2022-01-31T21:13:49+00:00","og_image":[{"width":848,"height":565,"url":"http:\/\/elregionalvm.com.ar\/noticias-villa-maria\/wp-content\/uploads\/2022\/01\/hisopados-anfi.jpg","type":"image\/jpeg"}],"author":"Contenidos El Regional","twitter_card":"summary_large_image","twitter_creator":"@elregionalvm1","twitter_site":"@elregionalvm1","twitter_misc":{"Escrito por":"Contenidos El Regional","Tiempo de lectura":"3 minutos"},"schema":{"@context":"https:\/\/schema.org","@graph":[{"@type":"Article","@id":"http:\/\/elregionalvm.com.ar\/noticias-villa-maria\/enero-cerro-con-mas-de-40-mil-testeos-y-14-370-casos-positivos-en-la-ciudad\/#article","isPartOf":{"@id":"http:\/\/elregionalvm.com.ar\/noticias-villa-maria\/enero-cerro-con-mas-de-40-mil-testeos-y-14-370-casos-positivos-en-la-ciudad\/"},"author":{"name":"Contenidos El Regional","@id":"http:\/\/elregionalvm.com.ar\/noticias-villa-maria\/#\/schema\/person\/a0fb9c422317faca23d50163151bc354"},"headline":"Enero cerr\u00f3 con m\u00e1s de 40 mil testeos y 14.370 casos positivos en la ciudad","datePublished":"2022-01-31T21:13:48+00:00","dateModified":"2022-01-31T21:13:49+00:00","mainEntityOfPage":{"@id":"http:\/\/elregionalvm.com.ar\/noticias-villa-maria\/enero-cerro-con-mas-de-40-mil-testeos-y-14-370-casos-positivos-en-la-ciudad\/"},"wordCount":419,"commentCount":0,"image":{"@id":"http:\/\/elregionalvm.com.ar\/noticias-villa-maria\/enero-cerro-con-mas-de-40-mil-testeos-y-14-370-casos-positivos-en-la-ciudad\/#primaryimage"},"thumbnailUrl":"https:\/\/i0.wp.com\/elregionalvm.com.ar\/noticias-villa-maria\/wp-content\/uploads\/2022\/01\/hisopados-anfi.jpg?fit=848%2C565&ssl=1","keywords":["14.370 casos positivos","40 mil testeos","casos Covid","destacado","Enero 2022","estad\u00edstica de enero","hispados","Villa Mar\u00eda"],"articleSection":["Coronavirus","Villa Mar\u00eda"],"inLanguage":"es","potentialAction":[{"@type":"CommentAction","name":"Comment","target":["http:\/\/elregionalvm.com.ar\/noticias-villa-maria\/enero-cerro-con-mas-de-40-mil-testeos-y-14-370-casos-positivos-en-la-ciudad\/#respond"]}]},{"@type":"WebPage","@id":"http:\/\/elregionalvm.com.ar\/noticias-villa-maria\/enero-cerro-con-mas-de-40-mil-testeos-y-14-370-casos-positivos-en-la-ciudad\/","url":"http:\/\/elregionalvm.com.ar\/noticias-villa-maria\/enero-cerro-con-mas-de-40-mil-testeos-y-14-370-casos-positivos-en-la-ciudad\/","name":"Enero cerr\u00f3 con m\u00e1s de 40 mil testeos y 14.370 casos positivos en la ciudad - El Regional","isPartOf":{"@id":"http:\/\/elregionalvm.com.ar\/noticias-villa-maria\/#website"},"primaryImageOfPage":{"@id":"http:\/\/elregionalvm.com.ar\/noticias-villa-maria\/enero-cerro-con-mas-de-40-mil-testeos-y-14-370-casos-positivos-en-la-ciudad\/#primaryimage"},"image":{"@id":"http:\/\/elregionalvm.com.ar\/noticias-villa-maria\/enero-cerro-con-mas-de-40-mil-testeos-y-14-370-casos-positivos-en-la-ciudad\/#primaryimage"},"thumbnailUrl":"https:\/\/i0.wp.com\/elregionalvm.com.ar\/noticias-villa-maria\/wp-content\/uploads\/2022\/01\/hisopados-anfi.jpg?fit=848%2C565&ssl=1","datePublished":"2022-01-31T21:13:48+00:00","dateModified":"2022-01-31T21:13:49+00:00","author":{"@id":"http:\/\/elregionalvm.com.ar\/noticias-villa-maria\/#\/schema\/person\/a0fb9c422317faca23d50163151bc354"},"breadcrumb":{"@id":"http:\/\/elregionalvm.com.ar\/noticias-villa-maria\/enero-cerro-con-mas-de-40-mil-testeos-y-14-370-casos-positivos-en-la-ciudad\/#breadcrumb"},"inLanguage":"es","potentialAction":[{"@type":"ReadAction","target":["http:\/\/elregionalvm.com.ar\/noticias-villa-maria\/enero-cerro-con-mas-de-40-mil-testeos-y-14-370-casos-positivos-en-la-ciudad\/"]}]},{"@type":"ImageObject","inLanguage":"es","@id":"http:\/\/elregionalvm.com.ar\/noticias-villa-maria\/enero-cerro-con-mas-de-40-mil-testeos-y-14-370-casos-positivos-en-la-ciudad\/#primaryimage","url":"https:\/\/i0.wp.com\/elregionalvm.com.ar\/noticias-villa-maria\/wp-content\/uploads\/2022\/01\/hisopados-anfi.jpg?fit=848%2C565&ssl=1","contentUrl":"https:\/\/i0.wp.com\/elregionalvm.com.ar\/noticias-villa-maria\/wp-content\/uploads\/2022\/01\/hisopados-anfi.jpg?fit=848%2C565&ssl=1","width":848,"height":565},{"@type":"BreadcrumbList","@id":"http:\/\/elregionalvm.com.ar\/noticias-villa-maria\/enero-cerro-con-mas-de-40-mil-testeos-y-14-370-casos-positivos-en-la-ciudad\/#breadcrumb","itemListElement":[{"@type":"ListItem","position":1,"name":"Portada","item":"https:\/\/elregionalvm.com.ar\/noticias-villa-maria\/"},{"@type":"ListItem","position":2,"name":"Enero cerr\u00f3 con m\u00e1s de 40 mil testeos y 14.370 casos positivos en la ciudad"}]},{"@type":"WebSite","@id":"http:\/\/elregionalvm.com.ar\/noticias-villa-maria\/#website","url":"http:\/\/elregionalvm.com.ar\/noticias-villa-maria\/","name":"El Regional","description":"Mucho m\u00e1s que informaci\u00f3n","potentialAction":[{"@type":"SearchAction","target":{"@type":"EntryPoint","urlTemplate":"http:\/\/elregionalvm.com.ar\/noticias-villa-maria\/?s={search_term_string}"},"query-input":{"@type":"PropertyValueSpecification","valueRequired":true,"valueName":"search_term_string"}}],"inLanguage":"es"},{"@type":"Person","@id":"http:\/\/elregionalvm.com.ar\/noticias-villa-maria\/#\/schema\/person\/a0fb9c422317faca23d50163151bc354","name":"Contenidos El Regional","image":{"@type":"ImageObject","inLanguage":"es","@id":"http:\/\/elregionalvm.com.ar\/noticias-villa-maria\/#\/schema\/person\/image\/","url":"https:\/\/secure.gravatar.com\/avatar\/265b27cb2209af7bb3a1318f03305787d7981a5cc6e6cd08fe5a4ecdf99d4b48?s=96&d=mm&r=g","contentUrl":"https:\/\/secure.gravatar.com\/avatar\/265b27cb2209af7bb3a1318f03305787d7981a5cc6e6cd08fe5a4ecdf99d4b48?s=96&d=mm&r=g","caption":"Contenidos El Regional"},"url":"https:\/\/elregionalvm.com.ar\/noticias-villa-maria\/author\/contenido\/"}]}},"jetpack_featured_media_url":"https:\/\/i0.wp.com\/elregionalvm.com.ar\/noticias-villa-maria\/wp-content\/uploads\/2022\/01\/hisopados-anfi.jpg?fit=848%2C565&ssl=1","jetpack_sharing_enabled":true,"_links":{"self":[{"href":"https:\/\/elregionalvm.com.ar\/noticias-villa-maria\/wp-json\/wp\/v2\/posts\/51884","targetHints":{"allow":["GET"]}}],"collection":[{"href":"https:\/\/elregionalvm.com.ar\/noticias-villa-maria\/wp-json\/wp\/v2\/posts"}],"about":[{"href":"https:\/\/elregionalvm.com.ar\/noticias-villa-maria\/wp-json\/wp\/v2\/types\/post"}],"author":[{"embeddable":true,"href":"https:\/\/elregionalvm.com.ar\/noticias-villa-maria\/wp-json\/wp\/v2\/users\/4"}],"replies":[{"embeddable":true,"href":"https:\/\/elregionalvm.com.ar\/noticias-villa-maria\/wp-json\/wp\/v2\/comments?post=51884"}],"version-history":[{"count":1,"href":"https:\/\/elregionalvm.com.ar\/noticias-villa-maria\/wp-json\/wp\/v2\/posts\/51884\/revisions"}],"predecessor-version":[{"id":51890,"href":"https:\/\/elregionalvm.com.ar\/noticias-villa-maria\/wp-json\/wp\/v2\/posts\/51884\/revisions\/51890"}],"wp:featuredmedia":[{"embeddable":true,"href":"https:\/\/elregionalvm.com.ar\/noticias-villa-maria\/wp-json\/wp\/v2\/media\/51889"}],"wp:attachment":[{"href":"https:\/\/elregionalvm.com.ar\/noticias-villa-maria\/wp-json\/wp\/v2\/media?parent=51884"}],"wp:term":[{"taxonomy":"category","embeddable":true,"href":"https:\/\/elregionalvm.com.ar\/noticias-villa-maria\/wp-json\/wp\/v2\/categories?post=51884"},{"taxonomy":"post_tag","embeddable":true,"href":"https:\/\/elregionalvm.com.ar\/noticias-villa-maria\/wp-json\/wp\/v2\/tags?post=51884"}],"curies":[{"name":"wp","href":"https:\/\/api.w.org\/{rel}","templated":true}]}}