{"id":51894,"date":"2022-01-31T22:00:48","date_gmt":"2022-01-31T22:00:48","guid":{"rendered":"https:\/\/elregionalvm.com.ar\/noticias-villa-maria\/?p=51894"},"modified":"2022-01-31T22:00:50","modified_gmt":"2022-01-31T22:00:50","slug":"adolescentes-pueden-colocarse-la-3o-dosis-despues-de-4-meses-de-la-segunda","status":"publish","type":"post","link":"https:\/\/elregionalvm.com.ar\/noticias-villa-maria\/adolescentes-pueden-colocarse-la-3o-dosis-despues-de-4-meses-de-la-segunda\/","title":{"rendered":"Adolescentes pueden colocarse la 3\u00ba dosis despu\u00e9s de 4 meses de la segunda"},"content":{"rendered":"\n<p>El Plan Estrat\u00e9gico de Vacunaci\u00f3n contin\u00faa desarroll\u00e1ndose en la ciudad bajo una estructura descentralizada en la Asistencia P\u00fablica y en los centros de Atenci\u00f3n Primaria de la Salud (CAPS).<\/p>\n\n\n\n<p>Tras la decisi\u00f3n del Ministerio de Salud de la Provincia de acortar la brecha entre la segunda y la tercera dosis de cinco a cuatro meses para mayores de 18 a\u00f1os, tomada a fines de diciembre, desde hoy se aplica el mismo intervalo de 120 d\u00edas para adolescentes entre 12 y 17 a\u00f1os.<\/p>\n\n\n\n<p>De esta manera, quienes hayan cumplido ese lapso, podr\u00e1n concurrir a colocarse el refuerzo correspondiente en cualquiera de los centros habilitados, acompa\u00f1ados de una persona adulta responsable y con DNI y carnet de vacunaci\u00f3n.<\/p>\n\n\n\n<p>Para hacerlo, deben concurrir a cualquiera de los CAPS de lunes a viernes de 8:00 a 11:00 horas, o a la Asistencia P\u00fablica de 8:00 a 18:00 horas, tambi\u00e9n durante los d\u00edas h\u00e1biles.<\/p>\n","protected":false},"excerpt":{"rendered":"<p>El Plan Estrat\u00e9gico de Vacunaci\u00f3n contin\u00faa desarroll\u00e1ndose en la ciudad bajo una estructura descentralizada en la Asistencia P\u00fablica y en los centros de Atenci\u00f3n Primaria de la Salud (CAPS). Tras la decisi\u00f3n del Ministerio de Salud de la Provincia de acortar la brecha entre la segunda y la tercera dosis de cinco a cuatro meses [&hellip;]<\/p>\n","protected":false},"author":4,"featured_media":51895,"comment_status":"open","ping_status":"open","sticky":false,"template":"","format":"standard","meta":{"site-sidebar-layout":"default","site-content-layout":"default","ast-site-content-layout":"default","site-content-style":"default","site-sidebar-style":"default","ast-global-header-display":"","ast-banner-title-visibility":"","ast-main-header-display":"","ast-hfb-above-header-display":"","ast-hfb-below-header-display":"","ast-hfb-mobile-header-display":"","site-post-title":"","ast-breadcrumbs-content":"","ast-featured-img":"","footer-sml-layout":"","ast-disable-related-posts":"","theme-transparent-header-meta":"default","adv-header-id-meta":"","stick-header-meta":"","header-above-stick-meta":"","header-main-stick-meta":"","header-below-stick-meta":"","astra-migrate-meta-layouts":"default","ast-page-background-enabled":"default","ast-page-background-meta":{"desktop":{"background-color":"","background-image":"","background-repeat":"repeat","background-position":"center center","background-size":"auto","background-attachment":"scroll","background-type":"","background-media":"","overlay-type":"","overlay-color":"","overlay-opacity":"","overlay-gradient":""},"tablet":{"background-color":"","background-image":"","background-repeat":"repeat","background-position":"center center","background-size":"auto","background-attachment":"scroll","background-type":"","background-media":"","overlay-type":"","overlay-color":"","overlay-opacity":"","overlay-gradient":""},"mobile":{"background-color":"","background-image":"","background-repeat":"repeat","background-position":"center center","background-size":"auto","background-attachment":"scroll","background-type":"","background-media":"","overlay-type":"","overlay-color":"","overlay-opacity":"","overlay-gradient":""}},"ast-content-background-meta":{"desktop":{"background-color":"var(--ast-global-color-5)","background-image":"","background-repeat":"repeat","background-position":"center center","background-size":"auto","background-attachment":"scroll","background-type":"","background-media":"","overlay-type":"","overlay-color":"","overlay-opacity":"","overlay-gradient":""},"tablet":{"background-color":"var(--ast-global-color-5)","background-image":"","background-repeat":"repeat","background-position":"center center","background-size":"auto","background-attachment":"scroll","background-type":"","background-media":"","overlay-type":"","overlay-color":"","overlay-opacity":"","overlay-gradient":""},"mobile":{"background-color":"var(--ast-global-color-5)","background-image":"","background-repeat":"repeat","background-position":"center center","background-size":"auto","background-attachment":"scroll","background-type":"","background-media":"","overlay-type":"","overlay-color":"","overlay-opacity":"","overlay-gradient":""}},"_jetpack_memberships_contains_paid_content":false,"_joinchat":[],"footnotes":""},"categories":[2256,2],"tags":[2742,2128,2225,1232,12220,7285,2248],"class_list":["post-51894","post","type-post","status-publish","format-standard","has-post-thumbnail","hentry","category-coronavirus","category-villa-maria","tag-adolescentes","tag-asistencia-publica","tag-caps","tag-destacado","tag-tercera-dosis","tag-vacunacion-covid","tag-villa-maria-2"],"yoast_head":"<!-- This site is optimized with the Yoast SEO plugin v26.8 - https:\/\/yoast.com\/product\/yoast-seo-wordpress\/ -->\n<title>Adolescentes pueden colocarse la 3\u00ba dosis despu\u00e9s de 4 meses de la segunda - El Regional<\/title>\n<meta name=\"robots\" content=\"index, follow, max-snippet:-1, max-image-preview:large, max-video-preview:-1\" \/>\n<link rel=\"canonical\" href=\"http:\/\/elregionalvm.com.ar\/noticias-villa-maria\/adolescentes-pueden-colocarse-la-3o-dosis-despues-de-4-meses-de-la-segunda\/\" \/>\n<meta property=\"og:locale\" content=\"es_ES\" \/>\n<meta property=\"og:type\" content=\"article\" \/>\n<meta property=\"og:title\" content=\"Adolescentes pueden colocarse la 3\u00ba dosis despu\u00e9s de 4 meses de la segunda - El Regional\" \/>\n<meta property=\"og:description\" content=\"El Plan Estrat\u00e9gico de Vacunaci\u00f3n contin\u00faa desarroll\u00e1ndose en la ciudad bajo una estructura descentralizada en la Asistencia P\u00fablica y en los centros de Atenci\u00f3n Primaria de la Salud (CAPS). Tras la decisi\u00f3n del Ministerio de Salud de la Provincia de acortar la brecha entre la segunda y la tercera dosis de cinco a cuatro meses [&hellip;]\" \/>\n<meta property=\"og:url\" content=\"http:\/\/elregionalvm.com.ar\/noticias-villa-maria\/adolescentes-pueden-colocarse-la-3o-dosis-despues-de-4-meses-de-la-segunda\/\" \/>\n<meta property=\"og:site_name\" content=\"El Regional\" \/>\n<meta property=\"article:publisher\" content=\"https:\/\/www.facebook.com\/elregionalvm\" \/>\n<meta property=\"article:published_time\" content=\"2022-01-31T22:00:48+00:00\" \/>\n<meta property=\"article:modified_time\" content=\"2022-01-31T22:00:50+00:00\" \/>\n<meta property=\"og:image\" content=\"http:\/\/elregionalvm.com.ar\/noticias-villa-maria\/wp-content\/uploads\/2022\/01\/vacunacion-adolescentes.jpg\" \/>\n\t<meta property=\"og:image:width\" content=\"580\" \/>\n\t<meta property=\"og:image:height\" content=\"330\" \/>\n\t<meta property=\"og:image:type\" content=\"image\/jpeg\" \/>\n<meta name=\"author\" content=\"Contenidos El Regional\" \/>\n<meta name=\"twitter:card\" content=\"summary_large_image\" \/>\n<meta name=\"twitter:creator\" content=\"@elregionalvm1\" \/>\n<meta name=\"twitter:site\" content=\"@elregionalvm1\" \/>\n<meta name=\"twitter:label1\" content=\"Escrito por\" \/>\n\t<meta name=\"twitter:data1\" content=\"Contenidos El Regional\" \/>\n\t<meta name=\"twitter:label2\" content=\"Tiempo de lectura\" \/>\n\t<meta name=\"twitter:data2\" content=\"1 minuto\" \/>\n<script type=\"application\/ld+json\" class=\"yoast-schema-graph\">{\"@context\":\"https:\/\/schema.org\",\"@graph\":[{\"@type\":\"Article\",\"@id\":\"http:\/\/elregionalvm.com.ar\/noticias-villa-maria\/adolescentes-pueden-colocarse-la-3o-dosis-despues-de-4-meses-de-la-segunda\/#article\",\"isPartOf\":{\"@id\":\"http:\/\/elregionalvm.com.ar\/noticias-villa-maria\/adolescentes-pueden-colocarse-la-3o-dosis-despues-de-4-meses-de-la-segunda\/\"},\"author\":{\"name\":\"Contenidos El Regional\",\"@id\":\"http:\/\/elregionalvm.com.ar\/noticias-villa-maria\/#\/schema\/person\/a0fb9c422317faca23d50163151bc354\"},\"headline\":\"Adolescentes pueden colocarse la 3\u00ba dosis despu\u00e9s de 4 meses de la segunda\",\"datePublished\":\"2022-01-31T22:00:48+00:00\",\"dateModified\":\"2022-01-31T22:00:50+00:00\",\"mainEntityOfPage\":{\"@id\":\"http:\/\/elregionalvm.com.ar\/noticias-villa-maria\/adolescentes-pueden-colocarse-la-3o-dosis-despues-de-4-meses-de-la-segunda\/\"},\"wordCount\":170,\"commentCount\":0,\"image\":{\"@id\":\"http:\/\/elregionalvm.com.ar\/noticias-villa-maria\/adolescentes-pueden-colocarse-la-3o-dosis-despues-de-4-meses-de-la-segunda\/#primaryimage\"},\"thumbnailUrl\":\"https:\/\/i0.wp.com\/elregionalvm.com.ar\/noticias-villa-maria\/wp-content\/uploads\/2022\/01\/vacunacion-adolescentes.jpg?fit=580%2C330&ssl=1\",\"keywords\":[\"adolescentes\",\"Asistencia P\u00fablica\",\"CAPS\",\"destacado\",\"tercera dosis\",\"vacunaci\u00f3n Covid\",\"Villa Mar\u00eda\"],\"articleSection\":[\"Coronavirus\",\"Villa Mar\u00eda\"],\"inLanguage\":\"es\",\"potentialAction\":[{\"@type\":\"CommentAction\",\"name\":\"Comment\",\"target\":[\"http:\/\/elregionalvm.com.ar\/noticias-villa-maria\/adolescentes-pueden-colocarse-la-3o-dosis-despues-de-4-meses-de-la-segunda\/#respond\"]}]},{\"@type\":\"WebPage\",\"@id\":\"http:\/\/elregionalvm.com.ar\/noticias-villa-maria\/adolescentes-pueden-colocarse-la-3o-dosis-despues-de-4-meses-de-la-segunda\/\",\"url\":\"http:\/\/elregionalvm.com.ar\/noticias-villa-maria\/adolescentes-pueden-colocarse-la-3o-dosis-despues-de-4-meses-de-la-segunda\/\",\"name\":\"Adolescentes pueden colocarse la 3\u00ba dosis despu\u00e9s de 4 meses de la segunda - El Regional\",\"isPartOf\":{\"@id\":\"http:\/\/elregionalvm.com.ar\/noticias-villa-maria\/#website\"},\"primaryImageOfPage\":{\"@id\":\"http:\/\/elregionalvm.com.ar\/noticias-villa-maria\/adolescentes-pueden-colocarse-la-3o-dosis-despues-de-4-meses-de-la-segunda\/#primaryimage\"},\"image\":{\"@id\":\"http:\/\/elregionalvm.com.ar\/noticias-villa-maria\/adolescentes-pueden-colocarse-la-3o-dosis-despues-de-4-meses-de-la-segunda\/#primaryimage\"},\"thumbnailUrl\":\"https:\/\/i0.wp.com\/elregionalvm.com.ar\/noticias-villa-maria\/wp-content\/uploads\/2022\/01\/vacunacion-adolescentes.jpg?fit=580%2C330&ssl=1\",\"datePublished\":\"2022-01-31T22:00:48+00:00\",\"dateModified\":\"2022-01-31T22:00:50+00:00\",\"author\":{\"@id\":\"http:\/\/elregionalvm.com.ar\/noticias-villa-maria\/#\/schema\/person\/a0fb9c422317faca23d50163151bc354\"},\"breadcrumb\":{\"@id\":\"http:\/\/elregionalvm.com.ar\/noticias-villa-maria\/adolescentes-pueden-colocarse-la-3o-dosis-despues-de-4-meses-de-la-segunda\/#breadcrumb\"},\"inLanguage\":\"es\",\"potentialAction\":[{\"@type\":\"ReadAction\",\"target\":[\"http:\/\/elregionalvm.com.ar\/noticias-villa-maria\/adolescentes-pueden-colocarse-la-3o-dosis-despues-de-4-meses-de-la-segunda\/\"]}]},{\"@type\":\"ImageObject\",\"inLanguage\":\"es\",\"@id\":\"http:\/\/elregionalvm.com.ar\/noticias-villa-maria\/adolescentes-pueden-colocarse-la-3o-dosis-despues-de-4-meses-de-la-segunda\/#primaryimage\",\"url\":\"https:\/\/i0.wp.com\/elregionalvm.com.ar\/noticias-villa-maria\/wp-content\/uploads\/2022\/01\/vacunacion-adolescentes.jpg?fit=580%2C330&ssl=1\",\"contentUrl\":\"https:\/\/i0.wp.com\/elregionalvm.com.ar\/noticias-villa-maria\/wp-content\/uploads\/2022\/01\/vacunacion-adolescentes.jpg?fit=580%2C330&ssl=1\",\"width\":580,\"height\":330},{\"@type\":\"BreadcrumbList\",\"@id\":\"http:\/\/elregionalvm.com.ar\/noticias-villa-maria\/adolescentes-pueden-colocarse-la-3o-dosis-despues-de-4-meses-de-la-segunda\/#breadcrumb\",\"itemListElement\":[{\"@type\":\"ListItem\",\"position\":1,\"name\":\"Portada\",\"item\":\"https:\/\/elregionalvm.com.ar\/noticias-villa-maria\/\"},{\"@type\":\"ListItem\",\"position\":2,\"name\":\"Adolescentes pueden colocarse la 3\u00ba dosis despu\u00e9s de 4 meses de la segunda\"}]},{\"@type\":\"WebSite\",\"@id\":\"http:\/\/elregionalvm.com.ar\/noticias-villa-maria\/#website\",\"url\":\"http:\/\/elregionalvm.com.ar\/noticias-villa-maria\/\",\"name\":\"El Regional\",\"description\":\"Mucho m\u00e1s que informaci\u00f3n\",\"potentialAction\":[{\"@type\":\"SearchAction\",\"target\":{\"@type\":\"EntryPoint\",\"urlTemplate\":\"http:\/\/elregionalvm.com.ar\/noticias-villa-maria\/?s={search_term_string}\"},\"query-input\":{\"@type\":\"PropertyValueSpecification\",\"valueRequired\":true,\"valueName\":\"search_term_string\"}}],\"inLanguage\":\"es\"},{\"@type\":\"Person\",\"@id\":\"http:\/\/elregionalvm.com.ar\/noticias-villa-maria\/#\/schema\/person\/a0fb9c422317faca23d50163151bc354\",\"name\":\"Contenidos El Regional\",\"image\":{\"@type\":\"ImageObject\",\"inLanguage\":\"es\",\"@id\":\"http:\/\/elregionalvm.com.ar\/noticias-villa-maria\/#\/schema\/person\/image\/\",\"url\":\"https:\/\/secure.gravatar.com\/avatar\/265b27cb2209af7bb3a1318f03305787d7981a5cc6e6cd08fe5a4ecdf99d4b48?s=96&d=mm&r=g\",\"contentUrl\":\"https:\/\/secure.gravatar.com\/avatar\/265b27cb2209af7bb3a1318f03305787d7981a5cc6e6cd08fe5a4ecdf99d4b48?s=96&d=mm&r=g\",\"caption\":\"Contenidos El Regional\"},\"url\":\"https:\/\/elregionalvm.com.ar\/noticias-villa-maria\/author\/contenido\/\"}]}<\/script>\n<!-- \/ Yoast SEO plugin. -->","yoast_head_json":{"title":"Adolescentes pueden colocarse la 3\u00ba dosis despu\u00e9s de 4 meses de la segunda - El Regional","robots":{"index":"index","follow":"follow","max-snippet":"max-snippet:-1","max-image-preview":"max-image-preview:large","max-video-preview":"max-video-preview:-1"},"canonical":"http:\/\/elregionalvm.com.ar\/noticias-villa-maria\/adolescentes-pueden-colocarse-la-3o-dosis-despues-de-4-meses-de-la-segunda\/","og_locale":"es_ES","og_type":"article","og_title":"Adolescentes pueden colocarse la 3\u00ba dosis despu\u00e9s de 4 meses de la segunda - El Regional","og_description":"El Plan Estrat\u00e9gico de Vacunaci\u00f3n contin\u00faa desarroll\u00e1ndose en la ciudad bajo una estructura descentralizada en la Asistencia P\u00fablica y en los centros de Atenci\u00f3n Primaria de la Salud (CAPS). Tras la decisi\u00f3n del Ministerio de Salud de la Provincia de acortar la brecha entre la segunda y la tercera dosis de cinco a cuatro meses [&hellip;]","og_url":"http:\/\/elregionalvm.com.ar\/noticias-villa-maria\/adolescentes-pueden-colocarse-la-3o-dosis-despues-de-4-meses-de-la-segunda\/","og_site_name":"El Regional","article_publisher":"https:\/\/www.facebook.com\/elregionalvm","article_published_time":"2022-01-31T22:00:48+00:00","article_modified_time":"2022-01-31T22:00:50+00:00","og_image":[{"width":580,"height":330,"url":"http:\/\/elregionalvm.com.ar\/noticias-villa-maria\/wp-content\/uploads\/2022\/01\/vacunacion-adolescentes.jpg","type":"image\/jpeg"}],"author":"Contenidos El Regional","twitter_card":"summary_large_image","twitter_creator":"@elregionalvm1","twitter_site":"@elregionalvm1","twitter_misc":{"Escrito por":"Contenidos El Regional","Tiempo de lectura":"1 minuto"},"schema":{"@context":"https:\/\/schema.org","@graph":[{"@type":"Article","@id":"http:\/\/elregionalvm.com.ar\/noticias-villa-maria\/adolescentes-pueden-colocarse-la-3o-dosis-despues-de-4-meses-de-la-segunda\/#article","isPartOf":{"@id":"http:\/\/elregionalvm.com.ar\/noticias-villa-maria\/adolescentes-pueden-colocarse-la-3o-dosis-despues-de-4-meses-de-la-segunda\/"},"author":{"name":"Contenidos El Regional","@id":"http:\/\/elregionalvm.com.ar\/noticias-villa-maria\/#\/schema\/person\/a0fb9c422317faca23d50163151bc354"},"headline":"Adolescentes pueden colocarse la 3\u00ba dosis despu\u00e9s de 4 meses de la segunda","datePublished":"2022-01-31T22:00:48+00:00","dateModified":"2022-01-31T22:00:50+00:00","mainEntityOfPage":{"@id":"http:\/\/elregionalvm.com.ar\/noticias-villa-maria\/adolescentes-pueden-colocarse-la-3o-dosis-despues-de-4-meses-de-la-segunda\/"},"wordCount":170,"commentCount":0,"image":{"@id":"http:\/\/elregionalvm.com.ar\/noticias-villa-maria\/adolescentes-pueden-colocarse-la-3o-dosis-despues-de-4-meses-de-la-segunda\/#primaryimage"},"thumbnailUrl":"https:\/\/i0.wp.com\/elregionalvm.com.ar\/noticias-villa-maria\/wp-content\/uploads\/2022\/01\/vacunacion-adolescentes.jpg?fit=580%2C330&ssl=1","keywords":["adolescentes","Asistencia P\u00fablica","CAPS","destacado","tercera dosis","vacunaci\u00f3n Covid","Villa Mar\u00eda"],"articleSection":["Coronavirus","Villa Mar\u00eda"],"inLanguage":"es","potentialAction":[{"@type":"CommentAction","name":"Comment","target":["http:\/\/elregionalvm.com.ar\/noticias-villa-maria\/adolescentes-pueden-colocarse-la-3o-dosis-despues-de-4-meses-de-la-segunda\/#respond"]}]},{"@type":"WebPage","@id":"http:\/\/elregionalvm.com.ar\/noticias-villa-maria\/adolescentes-pueden-colocarse-la-3o-dosis-despues-de-4-meses-de-la-segunda\/","url":"http:\/\/elregionalvm.com.ar\/noticias-villa-maria\/adolescentes-pueden-colocarse-la-3o-dosis-despues-de-4-meses-de-la-segunda\/","name":"Adolescentes pueden colocarse la 3\u00ba dosis despu\u00e9s de 4 meses de la segunda - El Regional","isPartOf":{"@id":"http:\/\/elregionalvm.com.ar\/noticias-villa-maria\/#website"},"primaryImageOfPage":{"@id":"http:\/\/elregionalvm.com.ar\/noticias-villa-maria\/adolescentes-pueden-colocarse-la-3o-dosis-despues-de-4-meses-de-la-segunda\/#primaryimage"},"image":{"@id":"http:\/\/elregionalvm.com.ar\/noticias-villa-maria\/adolescentes-pueden-colocarse-la-3o-dosis-despues-de-4-meses-de-la-segunda\/#primaryimage"},"thumbnailUrl":"https:\/\/i0.wp.com\/elregionalvm.com.ar\/noticias-villa-maria\/wp-content\/uploads\/2022\/01\/vacunacion-adolescentes.jpg?fit=580%2C330&ssl=1","datePublished":"2022-01-31T22:00:48+00:00","dateModified":"2022-01-31T22:00:50+00:00","author":{"@id":"http:\/\/elregionalvm.com.ar\/noticias-villa-maria\/#\/schema\/person\/a0fb9c422317faca23d50163151bc354"},"breadcrumb":{"@id":"http:\/\/elregionalvm.com.ar\/noticias-villa-maria\/adolescentes-pueden-colocarse-la-3o-dosis-despues-de-4-meses-de-la-segunda\/#breadcrumb"},"inLanguage":"es","potentialAction":[{"@type":"ReadAction","target":["http:\/\/elregionalvm.com.ar\/noticias-villa-maria\/adolescentes-pueden-colocarse-la-3o-dosis-despues-de-4-meses-de-la-segunda\/"]}]},{"@type":"ImageObject","inLanguage":"es","@id":"http:\/\/elregionalvm.com.ar\/noticias-villa-maria\/adolescentes-pueden-colocarse-la-3o-dosis-despues-de-4-meses-de-la-segunda\/#primaryimage","url":"https:\/\/i0.wp.com\/elregionalvm.com.ar\/noticias-villa-maria\/wp-content\/uploads\/2022\/01\/vacunacion-adolescentes.jpg?fit=580%2C330&ssl=1","contentUrl":"https:\/\/i0.wp.com\/elregionalvm.com.ar\/noticias-villa-maria\/wp-content\/uploads\/2022\/01\/vacunacion-adolescentes.jpg?fit=580%2C330&ssl=1","width":580,"height":330},{"@type":"BreadcrumbList","@id":"http:\/\/elregionalvm.com.ar\/noticias-villa-maria\/adolescentes-pueden-colocarse-la-3o-dosis-despues-de-4-meses-de-la-segunda\/#breadcrumb","itemListElement":[{"@type":"ListItem","position":1,"name":"Portada","item":"https:\/\/elregionalvm.com.ar\/noticias-villa-maria\/"},{"@type":"ListItem","position":2,"name":"Adolescentes pueden colocarse la 3\u00ba dosis despu\u00e9s de 4 meses de la segunda"}]},{"@type":"WebSite","@id":"http:\/\/elregionalvm.com.ar\/noticias-villa-maria\/#website","url":"http:\/\/elregionalvm.com.ar\/noticias-villa-maria\/","name":"El Regional","description":"Mucho m\u00e1s que informaci\u00f3n","potentialAction":[{"@type":"SearchAction","target":{"@type":"EntryPoint","urlTemplate":"http:\/\/elregionalvm.com.ar\/noticias-villa-maria\/?s={search_term_string}"},"query-input":{"@type":"PropertyValueSpecification","valueRequired":true,"valueName":"search_term_string"}}],"inLanguage":"es"},{"@type":"Person","@id":"http:\/\/elregionalvm.com.ar\/noticias-villa-maria\/#\/schema\/person\/a0fb9c422317faca23d50163151bc354","name":"Contenidos El Regional","image":{"@type":"ImageObject","inLanguage":"es","@id":"http:\/\/elregionalvm.com.ar\/noticias-villa-maria\/#\/schema\/person\/image\/","url":"https:\/\/secure.gravatar.com\/avatar\/265b27cb2209af7bb3a1318f03305787d7981a5cc6e6cd08fe5a4ecdf99d4b48?s=96&d=mm&r=g","contentUrl":"https:\/\/secure.gravatar.com\/avatar\/265b27cb2209af7bb3a1318f03305787d7981a5cc6e6cd08fe5a4ecdf99d4b48?s=96&d=mm&r=g","caption":"Contenidos El Regional"},"url":"https:\/\/elregionalvm.com.ar\/noticias-villa-maria\/author\/contenido\/"}]}},"jetpack_featured_media_url":"https:\/\/i0.wp.com\/elregionalvm.com.ar\/noticias-villa-maria\/wp-content\/uploads\/2022\/01\/vacunacion-adolescentes.jpg?fit=580%2C330&ssl=1","jetpack_sharing_enabled":true,"_links":{"self":[{"href":"https:\/\/elregionalvm.com.ar\/noticias-villa-maria\/wp-json\/wp\/v2\/posts\/51894","targetHints":{"allow":["GET"]}}],"collection":[{"href":"https:\/\/elregionalvm.com.ar\/noticias-villa-maria\/wp-json\/wp\/v2\/posts"}],"about":[{"href":"https:\/\/elregionalvm.com.ar\/noticias-villa-maria\/wp-json\/wp\/v2\/types\/post"}],"author":[{"embeddable":true,"href":"https:\/\/elregionalvm.com.ar\/noticias-villa-maria\/wp-json\/wp\/v2\/users\/4"}],"replies":[{"embeddable":true,"href":"https:\/\/elregionalvm.com.ar\/noticias-villa-maria\/wp-json\/wp\/v2\/comments?post=51894"}],"version-history":[{"count":1,"href":"https:\/\/elregionalvm.com.ar\/noticias-villa-maria\/wp-json\/wp\/v2\/posts\/51894\/revisions"}],"predecessor-version":[{"id":51896,"href":"https:\/\/elregionalvm.com.ar\/noticias-villa-maria\/wp-json\/wp\/v2\/posts\/51894\/revisions\/51896"}],"wp:featuredmedia":[{"embeddable":true,"href":"https:\/\/elregionalvm.com.ar\/noticias-villa-maria\/wp-json\/wp\/v2\/media\/51895"}],"wp:attachment":[{"href":"https:\/\/elregionalvm.com.ar\/noticias-villa-maria\/wp-json\/wp\/v2\/media?parent=51894"}],"wp:term":[{"taxonomy":"category","embeddable":true,"href":"https:\/\/elregionalvm.com.ar\/noticias-villa-maria\/wp-json\/wp\/v2\/categories?post=51894"},{"taxonomy":"post_tag","embeddable":true,"href":"https:\/\/elregionalvm.com.ar\/noticias-villa-maria\/wp-json\/wp\/v2\/tags?post=51894"}],"curies":[{"name":"wp","href":"https:\/\/api.w.org\/{rel}","templated":true}]}}