{"id":51897,"date":"2022-01-31T22:14:59","date_gmt":"2022-01-31T22:14:59","guid":{"rendered":"https:\/\/elregionalvm.com.ar\/noticias-villa-maria\/?p=51897"},"modified":"2022-01-31T22:15:00","modified_gmt":"2022-01-31T22:15:00","slug":"villa-nueva-con-nuevo-vacunatorio-en-el-salon-de-union-electrica","status":"publish","type":"post","link":"https:\/\/elregionalvm.com.ar\/noticias-villa-maria\/villa-nueva-con-nuevo-vacunatorio-en-el-salon-de-union-electrica\/","title":{"rendered":"Villa Nueva con nuevo vacunatorio en el Sal\u00f3n de Uni\u00f3n El\u00e9ctrica"},"content":{"rendered":"\n<p>Desde este lunes 31 de enero, el vacunatorio municipal est\u00e1 funcionando en el Sal\u00f3n Eventos del Club Uni\u00f3n El\u00e9ctrica, ubicado sobre calle Belgrano, a metros del puente Alberdi.<\/p>\n\n\n\n<p>El espacio funcionar\u00e1 como vacunatorio oficial en la campa\u00f1a contra el coronavirus, y seguir\u00e1 atendiendo en los horarios habituales de 7 a 12 horas.<\/p>\n\n\n\n<p><br>Desde la secretar\u00eda de Salud de Villa Nueva se inform\u00f3 adem\u00e1s que, desde hoy, est\u00e1 autorizada la colocaci\u00f3n de la tercera dosis, para adolescentes de 12 a 17 a\u00f1os, con vacunas Pfizer o Moderna.<\/p>\n\n\n\n<p><strong>Casos diarios<\/strong><\/p>\n\n\n\n<p>En tanto, este lunes la cantidad de casos reportados en Villa Nueva fueron los siguientes:<\/p>\n\n\n\n<div class=\"wp-block-image\"><figure class=\"aligncenter size-large is-resized\"><img data-recalc-dims=\"1\" fetchpriority=\"high\" decoding=\"async\" src=\"https:\/\/i0.wp.com\/elregionalvm.com.ar\/noticias-villa-maria\/wp-content\/uploads\/2022\/01\/WhatsApp-Image-2022-01-31-at-19.06.10.jpeg?resize=288%2C719&#038;ssl=1\" alt=\"\" class=\"wp-image-51899\" width=\"288\" height=\"719\" srcset=\"https:\/\/i0.wp.com\/elregionalvm.com.ar\/noticias-villa-maria\/wp-content\/uploads\/2022\/01\/WhatsApp-Image-2022-01-31-at-19.06.10.jpeg?resize=410%2C1024&amp;ssl=1 410w, https:\/\/i0.wp.com\/elregionalvm.com.ar\/noticias-villa-maria\/wp-content\/uploads\/2022\/01\/WhatsApp-Image-2022-01-31-at-19.06.10.jpeg?resize=120%2C300&amp;ssl=1 120w, https:\/\/i0.wp.com\/elregionalvm.com.ar\/noticias-villa-maria\/wp-content\/uploads\/2022\/01\/WhatsApp-Image-2022-01-31-at-19.06.10.jpeg?resize=614%2C1536&amp;ssl=1 614w, https:\/\/i0.wp.com\/elregionalvm.com.ar\/noticias-villa-maria\/wp-content\/uploads\/2022\/01\/WhatsApp-Image-2022-01-31-at-19.06.10.jpeg?w=640&amp;ssl=1 640w\" sizes=\"(max-width: 288px) 100vw, 288px\" \/><\/figure><\/div>\n","protected":false},"excerpt":{"rendered":"<p>Desde este lunes 31 de enero, el vacunatorio municipal est\u00e1 funcionando en el Sal\u00f3n Eventos del Club Uni\u00f3n El\u00e9ctrica, ubicado sobre calle Belgrano, a metros del puente Alberdi. El espacio funcionar\u00e1 como vacunatorio oficial en la campa\u00f1a contra el coronavirus, y seguir\u00e1 atendiendo en los horarios habituales de 7 a 12 horas. Desde la secretar\u00eda [&hellip;]<\/p>\n","protected":false},"author":4,"featured_media":51898,"comment_status":"open","ping_status":"open","sticky":false,"template":"","format":"standard","meta":{"site-sidebar-layout":"default","site-content-layout":"default","ast-site-content-layout":"default","site-content-style":"default","site-sidebar-style":"default","ast-global-header-display":"","ast-banner-title-visibility":"","ast-main-header-display":"","ast-hfb-above-header-display":"","ast-hfb-below-header-display":"","ast-hfb-mobile-header-display":"","site-post-title":"","ast-breadcrumbs-content":"","ast-featured-img":"","footer-sml-layout":"","ast-disable-related-posts":"","theme-transparent-header-meta":"default","adv-header-id-meta":"","stick-header-meta":"","header-above-stick-meta":"","header-main-stick-meta":"","header-below-stick-meta":"","astra-migrate-meta-layouts":"default","ast-page-background-enabled":"default","ast-page-background-meta":{"desktop":{"background-color":"","background-image":"","background-repeat":"repeat","background-position":"center center","background-size":"auto","background-attachment":"scroll","background-type":"","background-media":"","overlay-type":"","overlay-color":"","overlay-opacity":"","overlay-gradient":""},"tablet":{"background-color":"","background-image":"","background-repeat":"repeat","background-position":"center center","background-size":"auto","background-attachment":"scroll","background-type":"","background-media":"","overlay-type":"","overlay-color":"","overlay-opacity":"","overlay-gradient":""},"mobile":{"background-color":"","background-image":"","background-repeat":"repeat","background-position":"center center","background-size":"auto","background-attachment":"scroll","background-type":"","background-media":"","overlay-type":"","overlay-color":"","overlay-opacity":"","overlay-gradient":""}},"ast-content-background-meta":{"desktop":{"background-color":"var(--ast-global-color-5)","background-image":"","background-repeat":"repeat","background-position":"center center","background-size":"auto","background-attachment":"scroll","background-type":"","background-media":"","overlay-type":"","overlay-color":"","overlay-opacity":"","overlay-gradient":""},"tablet":{"background-color":"var(--ast-global-color-5)","background-image":"","background-repeat":"repeat","background-position":"center center","background-size":"auto","background-attachment":"scroll","background-type":"","background-media":"","overlay-type":"","overlay-color":"","overlay-opacity":"","overlay-gradient":""},"mobile":{"background-color":"var(--ast-global-color-5)","background-image":"","background-repeat":"repeat","background-position":"center center","background-size":"auto","background-attachment":"scroll","background-type":"","background-media":"","overlay-type":"","overlay-color":"","overlay-opacity":"","overlay-gradient":""}},"_jetpack_memberships_contains_paid_content":false,"_joinchat":[],"footnotes":""},"categories":[2256,1408],"tags":[13415,3907,1232,4766,13414,13413,232],"class_list":["post-51897","post","type-post","status-publish","format-standard","has-post-thumbnail","hentry","category-coronavirus","category-villa-nueva","tag-calle-belgrano","tag-casos-diarios","tag-destacado","tag-situacion-sanitaria","tag-union-electrica","tag-vacunatorio-nuevo","tag-villa-nueva"],"yoast_head":"<!-- This site is optimized with the Yoast SEO plugin v26.8 - https:\/\/yoast.com\/product\/yoast-seo-wordpress\/ -->\n<title>Villa Nueva con nuevo vacunatorio en el Sal\u00f3n de Uni\u00f3n El\u00e9ctrica - El Regional<\/title>\n<meta name=\"robots\" content=\"index, follow, max-snippet:-1, max-image-preview:large, max-video-preview:-1\" \/>\n<link rel=\"canonical\" href=\"http:\/\/elregionalvm.com.ar\/noticias-villa-maria\/villa-nueva-con-nuevo-vacunatorio-en-el-salon-de-union-electrica\/\" \/>\n<meta property=\"og:locale\" content=\"es_ES\" \/>\n<meta property=\"og:type\" content=\"article\" \/>\n<meta property=\"og:title\" content=\"Villa Nueva con nuevo vacunatorio en el Sal\u00f3n de Uni\u00f3n El\u00e9ctrica - El Regional\" \/>\n<meta property=\"og:description\" content=\"Desde este lunes 31 de enero, el vacunatorio municipal est\u00e1 funcionando en el Sal\u00f3n Eventos del Club Uni\u00f3n El\u00e9ctrica, ubicado sobre calle Belgrano, a metros del puente Alberdi. El espacio funcionar\u00e1 como vacunatorio oficial en la campa\u00f1a contra el coronavirus, y seguir\u00e1 atendiendo en los horarios habituales de 7 a 12 horas. Desde la secretar\u00eda [&hellip;]\" \/>\n<meta property=\"og:url\" content=\"http:\/\/elregionalvm.com.ar\/noticias-villa-maria\/villa-nueva-con-nuevo-vacunatorio-en-el-salon-de-union-electrica\/\" \/>\n<meta property=\"og:site_name\" content=\"El Regional\" \/>\n<meta property=\"article:publisher\" content=\"https:\/\/www.facebook.com\/elregionalvm\" \/>\n<meta property=\"article:published_time\" content=\"2022-01-31T22:14:59+00:00\" \/>\n<meta property=\"article:modified_time\" content=\"2022-01-31T22:15:00+00:00\" \/>\n<meta property=\"og:image\" content=\"http:\/\/elregionalvm.com.ar\/noticias-villa-maria\/wp-content\/uploads\/2022\/01\/WhatsApp-Image-2022-01-31-at-13.00.28.jpeg\" \/>\n\t<meta property=\"og:image:width\" content=\"1280\" \/>\n\t<meta property=\"og:image:height\" content=\"960\" \/>\n\t<meta property=\"og:image:type\" content=\"image\/jpeg\" \/>\n<meta name=\"author\" content=\"Contenidos El Regional\" \/>\n<meta name=\"twitter:card\" content=\"summary_large_image\" \/>\n<meta name=\"twitter:creator\" content=\"@elregionalvm1\" \/>\n<meta name=\"twitter:site\" content=\"@elregionalvm1\" \/>\n<meta name=\"twitter:label1\" content=\"Escrito por\" \/>\n\t<meta name=\"twitter:data1\" content=\"Contenidos El Regional\" \/>\n\t<meta name=\"twitter:label2\" content=\"Tiempo de lectura\" \/>\n\t<meta name=\"twitter:data2\" content=\"1 minuto\" \/>\n<script type=\"application\/ld+json\" class=\"yoast-schema-graph\">{\"@context\":\"https:\/\/schema.org\",\"@graph\":[{\"@type\":\"Article\",\"@id\":\"http:\/\/elregionalvm.com.ar\/noticias-villa-maria\/villa-nueva-con-nuevo-vacunatorio-en-el-salon-de-union-electrica\/#article\",\"isPartOf\":{\"@id\":\"http:\/\/elregionalvm.com.ar\/noticias-villa-maria\/villa-nueva-con-nuevo-vacunatorio-en-el-salon-de-union-electrica\/\"},\"author\":{\"name\":\"Contenidos El Regional\",\"@id\":\"http:\/\/elregionalvm.com.ar\/noticias-villa-maria\/#\/schema\/person\/a0fb9c422317faca23d50163151bc354\"},\"headline\":\"Villa Nueva con nuevo vacunatorio en el Sal\u00f3n de Uni\u00f3n El\u00e9ctrica\",\"datePublished\":\"2022-01-31T22:14:59+00:00\",\"dateModified\":\"2022-01-31T22:15:00+00:00\",\"mainEntityOfPage\":{\"@id\":\"http:\/\/elregionalvm.com.ar\/noticias-villa-maria\/villa-nueva-con-nuevo-vacunatorio-en-el-salon-de-union-electrica\/\"},\"wordCount\":120,\"commentCount\":0,\"image\":{\"@id\":\"http:\/\/elregionalvm.com.ar\/noticias-villa-maria\/villa-nueva-con-nuevo-vacunatorio-en-el-salon-de-union-electrica\/#primaryimage\"},\"thumbnailUrl\":\"https:\/\/i0.wp.com\/elregionalvm.com.ar\/noticias-villa-maria\/wp-content\/uploads\/2022\/01\/WhatsApp-Image-2022-01-31-at-13.00.28.jpeg?fit=1280%2C960&ssl=1\",\"keywords\":[\"calle Belgrano\",\"casos diarios\",\"destacado\",\"situaci\u00f3n sanitaria\",\"Uni\u00f3n El\u00e9ctrica\",\"vacunatorio nuevo\",\"VILLA NUEVA\"],\"articleSection\":[\"Coronavirus\",\"Villa Nueva\"],\"inLanguage\":\"es\",\"potentialAction\":[{\"@type\":\"CommentAction\",\"name\":\"Comment\",\"target\":[\"http:\/\/elregionalvm.com.ar\/noticias-villa-maria\/villa-nueva-con-nuevo-vacunatorio-en-el-salon-de-union-electrica\/#respond\"]}]},{\"@type\":\"WebPage\",\"@id\":\"http:\/\/elregionalvm.com.ar\/noticias-villa-maria\/villa-nueva-con-nuevo-vacunatorio-en-el-salon-de-union-electrica\/\",\"url\":\"http:\/\/elregionalvm.com.ar\/noticias-villa-maria\/villa-nueva-con-nuevo-vacunatorio-en-el-salon-de-union-electrica\/\",\"name\":\"Villa Nueva con nuevo vacunatorio en el Sal\u00f3n de Uni\u00f3n El\u00e9ctrica - El Regional\",\"isPartOf\":{\"@id\":\"http:\/\/elregionalvm.com.ar\/noticias-villa-maria\/#website\"},\"primaryImageOfPage\":{\"@id\":\"http:\/\/elregionalvm.com.ar\/noticias-villa-maria\/villa-nueva-con-nuevo-vacunatorio-en-el-salon-de-union-electrica\/#primaryimage\"},\"image\":{\"@id\":\"http:\/\/elregionalvm.com.ar\/noticias-villa-maria\/villa-nueva-con-nuevo-vacunatorio-en-el-salon-de-union-electrica\/#primaryimage\"},\"thumbnailUrl\":\"https:\/\/i0.wp.com\/elregionalvm.com.ar\/noticias-villa-maria\/wp-content\/uploads\/2022\/01\/WhatsApp-Image-2022-01-31-at-13.00.28.jpeg?fit=1280%2C960&ssl=1\",\"datePublished\":\"2022-01-31T22:14:59+00:00\",\"dateModified\":\"2022-01-31T22:15:00+00:00\",\"author\":{\"@id\":\"http:\/\/elregionalvm.com.ar\/noticias-villa-maria\/#\/schema\/person\/a0fb9c422317faca23d50163151bc354\"},\"breadcrumb\":{\"@id\":\"http:\/\/elregionalvm.com.ar\/noticias-villa-maria\/villa-nueva-con-nuevo-vacunatorio-en-el-salon-de-union-electrica\/#breadcrumb\"},\"inLanguage\":\"es\",\"potentialAction\":[{\"@type\":\"ReadAction\",\"target\":[\"http:\/\/elregionalvm.com.ar\/noticias-villa-maria\/villa-nueva-con-nuevo-vacunatorio-en-el-salon-de-union-electrica\/\"]}]},{\"@type\":\"ImageObject\",\"inLanguage\":\"es\",\"@id\":\"http:\/\/elregionalvm.com.ar\/noticias-villa-maria\/villa-nueva-con-nuevo-vacunatorio-en-el-salon-de-union-electrica\/#primaryimage\",\"url\":\"https:\/\/i0.wp.com\/elregionalvm.com.ar\/noticias-villa-maria\/wp-content\/uploads\/2022\/01\/WhatsApp-Image-2022-01-31-at-13.00.28.jpeg?fit=1280%2C960&ssl=1\",\"contentUrl\":\"https:\/\/i0.wp.com\/elregionalvm.com.ar\/noticias-villa-maria\/wp-content\/uploads\/2022\/01\/WhatsApp-Image-2022-01-31-at-13.00.28.jpeg?fit=1280%2C960&ssl=1\",\"width\":1280,\"height\":960},{\"@type\":\"BreadcrumbList\",\"@id\":\"http:\/\/elregionalvm.com.ar\/noticias-villa-maria\/villa-nueva-con-nuevo-vacunatorio-en-el-salon-de-union-electrica\/#breadcrumb\",\"itemListElement\":[{\"@type\":\"ListItem\",\"position\":1,\"name\":\"Portada\",\"item\":\"https:\/\/elregionalvm.com.ar\/noticias-villa-maria\/\"},{\"@type\":\"ListItem\",\"position\":2,\"name\":\"Villa Nueva con nuevo vacunatorio en el Sal\u00f3n de Uni\u00f3n El\u00e9ctrica\"}]},{\"@type\":\"WebSite\",\"@id\":\"http:\/\/elregionalvm.com.ar\/noticias-villa-maria\/#website\",\"url\":\"http:\/\/elregionalvm.com.ar\/noticias-villa-maria\/\",\"name\":\"El Regional\",\"description\":\"Mucho m\u00e1s que informaci\u00f3n\",\"potentialAction\":[{\"@type\":\"SearchAction\",\"target\":{\"@type\":\"EntryPoint\",\"urlTemplate\":\"http:\/\/elregionalvm.com.ar\/noticias-villa-maria\/?s={search_term_string}\"},\"query-input\":{\"@type\":\"PropertyValueSpecification\",\"valueRequired\":true,\"valueName\":\"search_term_string\"}}],\"inLanguage\":\"es\"},{\"@type\":\"Person\",\"@id\":\"http:\/\/elregionalvm.com.ar\/noticias-villa-maria\/#\/schema\/person\/a0fb9c422317faca23d50163151bc354\",\"name\":\"Contenidos El Regional\",\"image\":{\"@type\":\"ImageObject\",\"inLanguage\":\"es\",\"@id\":\"http:\/\/elregionalvm.com.ar\/noticias-villa-maria\/#\/schema\/person\/image\/\",\"url\":\"https:\/\/secure.gravatar.com\/avatar\/265b27cb2209af7bb3a1318f03305787d7981a5cc6e6cd08fe5a4ecdf99d4b48?s=96&d=mm&r=g\",\"contentUrl\":\"https:\/\/secure.gravatar.com\/avatar\/265b27cb2209af7bb3a1318f03305787d7981a5cc6e6cd08fe5a4ecdf99d4b48?s=96&d=mm&r=g\",\"caption\":\"Contenidos El Regional\"},\"url\":\"https:\/\/elregionalvm.com.ar\/noticias-villa-maria\/author\/contenido\/\"}]}<\/script>\n<!-- \/ Yoast SEO plugin. -->","yoast_head_json":{"title":"Villa Nueva con nuevo vacunatorio en el Sal\u00f3n de Uni\u00f3n El\u00e9ctrica - El Regional","robots":{"index":"index","follow":"follow","max-snippet":"max-snippet:-1","max-image-preview":"max-image-preview:large","max-video-preview":"max-video-preview:-1"},"canonical":"http:\/\/elregionalvm.com.ar\/noticias-villa-maria\/villa-nueva-con-nuevo-vacunatorio-en-el-salon-de-union-electrica\/","og_locale":"es_ES","og_type":"article","og_title":"Villa Nueva con nuevo vacunatorio en el Sal\u00f3n de Uni\u00f3n El\u00e9ctrica - El Regional","og_description":"Desde este lunes 31 de enero, el vacunatorio municipal est\u00e1 funcionando en el Sal\u00f3n Eventos del Club Uni\u00f3n El\u00e9ctrica, ubicado sobre calle Belgrano, a metros del puente Alberdi. El espacio funcionar\u00e1 como vacunatorio oficial en la campa\u00f1a contra el coronavirus, y seguir\u00e1 atendiendo en los horarios habituales de 7 a 12 horas. Desde la secretar\u00eda [&hellip;]","og_url":"http:\/\/elregionalvm.com.ar\/noticias-villa-maria\/villa-nueva-con-nuevo-vacunatorio-en-el-salon-de-union-electrica\/","og_site_name":"El Regional","article_publisher":"https:\/\/www.facebook.com\/elregionalvm","article_published_time":"2022-01-31T22:14:59+00:00","article_modified_time":"2022-01-31T22:15:00+00:00","og_image":[{"width":1280,"height":960,"url":"http:\/\/elregionalvm.com.ar\/noticias-villa-maria\/wp-content\/uploads\/2022\/01\/WhatsApp-Image-2022-01-31-at-13.00.28.jpeg","type":"image\/jpeg"}],"author":"Contenidos El Regional","twitter_card":"summary_large_image","twitter_creator":"@elregionalvm1","twitter_site":"@elregionalvm1","twitter_misc":{"Escrito por":"Contenidos El Regional","Tiempo de lectura":"1 minuto"},"schema":{"@context":"https:\/\/schema.org","@graph":[{"@type":"Article","@id":"http:\/\/elregionalvm.com.ar\/noticias-villa-maria\/villa-nueva-con-nuevo-vacunatorio-en-el-salon-de-union-electrica\/#article","isPartOf":{"@id":"http:\/\/elregionalvm.com.ar\/noticias-villa-maria\/villa-nueva-con-nuevo-vacunatorio-en-el-salon-de-union-electrica\/"},"author":{"name":"Contenidos El Regional","@id":"http:\/\/elregionalvm.com.ar\/noticias-villa-maria\/#\/schema\/person\/a0fb9c422317faca23d50163151bc354"},"headline":"Villa Nueva con nuevo vacunatorio en el Sal\u00f3n de Uni\u00f3n El\u00e9ctrica","datePublished":"2022-01-31T22:14:59+00:00","dateModified":"2022-01-31T22:15:00+00:00","mainEntityOfPage":{"@id":"http:\/\/elregionalvm.com.ar\/noticias-villa-maria\/villa-nueva-con-nuevo-vacunatorio-en-el-salon-de-union-electrica\/"},"wordCount":120,"commentCount":0,"image":{"@id":"http:\/\/elregionalvm.com.ar\/noticias-villa-maria\/villa-nueva-con-nuevo-vacunatorio-en-el-salon-de-union-electrica\/#primaryimage"},"thumbnailUrl":"https:\/\/i0.wp.com\/elregionalvm.com.ar\/noticias-villa-maria\/wp-content\/uploads\/2022\/01\/WhatsApp-Image-2022-01-31-at-13.00.28.jpeg?fit=1280%2C960&ssl=1","keywords":["calle Belgrano","casos diarios","destacado","situaci\u00f3n sanitaria","Uni\u00f3n El\u00e9ctrica","vacunatorio nuevo","VILLA NUEVA"],"articleSection":["Coronavirus","Villa Nueva"],"inLanguage":"es","potentialAction":[{"@type":"CommentAction","name":"Comment","target":["http:\/\/elregionalvm.com.ar\/noticias-villa-maria\/villa-nueva-con-nuevo-vacunatorio-en-el-salon-de-union-electrica\/#respond"]}]},{"@type":"WebPage","@id":"http:\/\/elregionalvm.com.ar\/noticias-villa-maria\/villa-nueva-con-nuevo-vacunatorio-en-el-salon-de-union-electrica\/","url":"http:\/\/elregionalvm.com.ar\/noticias-villa-maria\/villa-nueva-con-nuevo-vacunatorio-en-el-salon-de-union-electrica\/","name":"Villa Nueva con nuevo vacunatorio en el Sal\u00f3n de Uni\u00f3n El\u00e9ctrica - El Regional","isPartOf":{"@id":"http:\/\/elregionalvm.com.ar\/noticias-villa-maria\/#website"},"primaryImageOfPage":{"@id":"http:\/\/elregionalvm.com.ar\/noticias-villa-maria\/villa-nueva-con-nuevo-vacunatorio-en-el-salon-de-union-electrica\/#primaryimage"},"image":{"@id":"http:\/\/elregionalvm.com.ar\/noticias-villa-maria\/villa-nueva-con-nuevo-vacunatorio-en-el-salon-de-union-electrica\/#primaryimage"},"thumbnailUrl":"https:\/\/i0.wp.com\/elregionalvm.com.ar\/noticias-villa-maria\/wp-content\/uploads\/2022\/01\/WhatsApp-Image-2022-01-31-at-13.00.28.jpeg?fit=1280%2C960&ssl=1","datePublished":"2022-01-31T22:14:59+00:00","dateModified":"2022-01-31T22:15:00+00:00","author":{"@id":"http:\/\/elregionalvm.com.ar\/noticias-villa-maria\/#\/schema\/person\/a0fb9c422317faca23d50163151bc354"},"breadcrumb":{"@id":"http:\/\/elregionalvm.com.ar\/noticias-villa-maria\/villa-nueva-con-nuevo-vacunatorio-en-el-salon-de-union-electrica\/#breadcrumb"},"inLanguage":"es","potentialAction":[{"@type":"ReadAction","target":["http:\/\/elregionalvm.com.ar\/noticias-villa-maria\/villa-nueva-con-nuevo-vacunatorio-en-el-salon-de-union-electrica\/"]}]},{"@type":"ImageObject","inLanguage":"es","@id":"http:\/\/elregionalvm.com.ar\/noticias-villa-maria\/villa-nueva-con-nuevo-vacunatorio-en-el-salon-de-union-electrica\/#primaryimage","url":"https:\/\/i0.wp.com\/elregionalvm.com.ar\/noticias-villa-maria\/wp-content\/uploads\/2022\/01\/WhatsApp-Image-2022-01-31-at-13.00.28.jpeg?fit=1280%2C960&ssl=1","contentUrl":"https:\/\/i0.wp.com\/elregionalvm.com.ar\/noticias-villa-maria\/wp-content\/uploads\/2022\/01\/WhatsApp-Image-2022-01-31-at-13.00.28.jpeg?fit=1280%2C960&ssl=1","width":1280,"height":960},{"@type":"BreadcrumbList","@id":"http:\/\/elregionalvm.com.ar\/noticias-villa-maria\/villa-nueva-con-nuevo-vacunatorio-en-el-salon-de-union-electrica\/#breadcrumb","itemListElement":[{"@type":"ListItem","position":1,"name":"Portada","item":"https:\/\/elregionalvm.com.ar\/noticias-villa-maria\/"},{"@type":"ListItem","position":2,"name":"Villa Nueva con nuevo vacunatorio en el Sal\u00f3n de Uni\u00f3n El\u00e9ctrica"}]},{"@type":"WebSite","@id":"http:\/\/elregionalvm.com.ar\/noticias-villa-maria\/#website","url":"http:\/\/elregionalvm.com.ar\/noticias-villa-maria\/","name":"El Regional","description":"Mucho m\u00e1s que informaci\u00f3n","potentialAction":[{"@type":"SearchAction","target":{"@type":"EntryPoint","urlTemplate":"http:\/\/elregionalvm.com.ar\/noticias-villa-maria\/?s={search_term_string}"},"query-input":{"@type":"PropertyValueSpecification","valueRequired":true,"valueName":"search_term_string"}}],"inLanguage":"es"},{"@type":"Person","@id":"http:\/\/elregionalvm.com.ar\/noticias-villa-maria\/#\/schema\/person\/a0fb9c422317faca23d50163151bc354","name":"Contenidos El Regional","image":{"@type":"ImageObject","inLanguage":"es","@id":"http:\/\/elregionalvm.com.ar\/noticias-villa-maria\/#\/schema\/person\/image\/","url":"https:\/\/secure.gravatar.com\/avatar\/265b27cb2209af7bb3a1318f03305787d7981a5cc6e6cd08fe5a4ecdf99d4b48?s=96&d=mm&r=g","contentUrl":"https:\/\/secure.gravatar.com\/avatar\/265b27cb2209af7bb3a1318f03305787d7981a5cc6e6cd08fe5a4ecdf99d4b48?s=96&d=mm&r=g","caption":"Contenidos El Regional"},"url":"https:\/\/elregionalvm.com.ar\/noticias-villa-maria\/author\/contenido\/"}]}},"jetpack_featured_media_url":"https:\/\/i0.wp.com\/elregionalvm.com.ar\/noticias-villa-maria\/wp-content\/uploads\/2022\/01\/WhatsApp-Image-2022-01-31-at-13.00.28.jpeg?fit=1280%2C960&ssl=1","jetpack_sharing_enabled":true,"_links":{"self":[{"href":"https:\/\/elregionalvm.com.ar\/noticias-villa-maria\/wp-json\/wp\/v2\/posts\/51897","targetHints":{"allow":["GET"]}}],"collection":[{"href":"https:\/\/elregionalvm.com.ar\/noticias-villa-maria\/wp-json\/wp\/v2\/posts"}],"about":[{"href":"https:\/\/elregionalvm.com.ar\/noticias-villa-maria\/wp-json\/wp\/v2\/types\/post"}],"author":[{"embeddable":true,"href":"https:\/\/elregionalvm.com.ar\/noticias-villa-maria\/wp-json\/wp\/v2\/users\/4"}],"replies":[{"embeddable":true,"href":"https:\/\/elregionalvm.com.ar\/noticias-villa-maria\/wp-json\/wp\/v2\/comments?post=51897"}],"version-history":[{"count":1,"href":"https:\/\/elregionalvm.com.ar\/noticias-villa-maria\/wp-json\/wp\/v2\/posts\/51897\/revisions"}],"predecessor-version":[{"id":51900,"href":"https:\/\/elregionalvm.com.ar\/noticias-villa-maria\/wp-json\/wp\/v2\/posts\/51897\/revisions\/51900"}],"wp:featuredmedia":[{"embeddable":true,"href":"https:\/\/elregionalvm.com.ar\/noticias-villa-maria\/wp-json\/wp\/v2\/media\/51898"}],"wp:attachment":[{"href":"https:\/\/elregionalvm.com.ar\/noticias-villa-maria\/wp-json\/wp\/v2\/media?parent=51897"}],"wp:term":[{"taxonomy":"category","embeddable":true,"href":"https:\/\/elregionalvm.com.ar\/noticias-villa-maria\/wp-json\/wp\/v2\/categories?post=51897"},{"taxonomy":"post_tag","embeddable":true,"href":"https:\/\/elregionalvm.com.ar\/noticias-villa-maria\/wp-json\/wp\/v2\/tags?post=51897"}],"curies":[{"name":"wp","href":"https:\/\/api.w.org\/{rel}","templated":true}]}}