{"id":51908,"date":"2022-01-31T23:28:41","date_gmt":"2022-01-31T23:28:41","guid":{"rendered":"https:\/\/elregionalvm.com.ar\/noticias-villa-maria\/?p=51908"},"modified":"2022-01-31T23:28:42","modified_gmt":"2022-01-31T23:28:42","slug":"unvm-este-1-de-febrero-inicia-el-curso-de-ingreso","status":"publish","type":"post","link":"https:\/\/elregionalvm.com.ar\/noticias-villa-maria\/unvm-este-1-de-febrero-inicia-el-curso-de-ingreso\/","title":{"rendered":"UNVM: este 1 de febrero inicia el curso de ingreso"},"content":{"rendered":"\n<p>El trayecto introductorio retorna a la presencialidad en sedes Villa Mar\u00eda, San Francisco, Villa del Rosario y C\u00f3rdoba. Conoc\u00e9 el cronograma de cursado asignado para tu carrera.<br>La Secretar\u00eda Acad\u00e9mica de la Universidad Nacional de Villa Mar\u00eda (UNVM) informa a los y las aspirantes que ya se encuentran disponibles los horarios del \u201cCurso de Ingreso 2022 \u2013 Segunda Convocatoria\u201d para cada una de las sedes.<\/p>\n\n\n\n<p>Tras tres trayectos virtuales, este proceso introductorio retorna a la presencialidad a partir del martes 1 de febrero o mi\u00e9rcoles 2\/2 (seg\u00fan la carrera) en Villa Mar\u00eda, San Francisco, Villa del Rosario y C\u00f3rdoba.<\/p>\n\n\n\n<p>Durante este per\u00edodo, los y las ingresantes a la casa de altos estudios local adquirir\u00e1n conocimientos, habilidades y aptitudes necesarias para lograr un s\u00f3lido pasaje al nivel superior de educaci\u00f3n.<\/p>\n\n\n\n<p>Acto de bienvenida con autoridades<br>Las\/os futuras\/os estudiantes de la UNVM tendr\u00e1n su recepci\u00f3n oficial con la participaci\u00f3n del equipo de gesti\u00f3n encabezado por el rector Luis Negretti y la vicerrectora Elizabeth Theiler.<\/p>\n\n\n\n<p>La ceremonia correspondiente a Villa Mar\u00eda tendr\u00e1 lugar en el Auditorio del Campus el pr\u00f3ximo mi\u00e9rcoles 2 de febrero a las 8.30 horas; en Villa de Rosario, el acto de bienvenida est\u00e1 programado para el jueves 3 a las 9; al d\u00eda siguiente (viernes 4) la actividad se trasladar\u00e1 a sede C\u00f3rdoba a partir de las 18.<\/p>\n\n\n\n<p>Para San Francisco, la recepci\u00f3n fue programada para el jueves 10 de febrero a las 15 horas.<\/p>\n\n\n\n<p>Cabe precisar que durante las ceremonias tambi\u00e9n estar\u00e1n presentes el coordinador de Gabinete Germ\u00e1n Cassetta; las decanas Carolina Morgante (B\u00e1sicas y Aplicadas) y Daniela Dubois (Humanas); el decano Gabriel Su\u00e1rez (Sociales); y responsables de Secretar\u00edas e Institutos que dependen del Rectorado.<\/p>\n\n\n\n<p>Inicio de clases \u2013 Villa Mar\u00eda<br>\u2022 Martes 1 de febrero: Contador P\u00fablico | Licenciatura en Administraci\u00f3n | Tecnicatura Universitaria en Administraci\u00f3n | Tecnicatura Universitaria en Contabilidad | Agronom\u00eda | Licenciatura en Ambiente y Energ\u00edas Renovables | Ingenier\u00eda en Alimentos | Licenciatura en Composici\u00f3n Musical con Orientaci\u00f3n en M\u00fasica Popular | Licenciatura en Enfermer\u00eda | Profesorado en Lengua Inglesa.<\/p>\n\n\n\n<p>\u2022 Mi\u00e9rcoles 2 de febrero: resto de las carreras.<\/p>\n\n\n\n<p><\/p>\n\n\n\n<p><strong>Clases en sede San Francisco<\/strong><br>\u2022 Martes 1 de febrero: Licenciatura en Administraci\u00f3n | Tecnicatura Universitaria en Administraci\u00f3n.<\/p>\n\n\n\n<p>\u2022 Mi\u00e9rcoles 2 de febrero: Dise\u00f1o Industrial.<\/p>\n\n\n\n<p><strong>Clases en sede Villa del Rosario<\/strong><br>\u2022 Martes 1 de febrero: Medicina Veterinaria.<\/p>\n\n\n\n<p><strong>Clases en sede C\u00f3rdoba<\/strong><br>\u2022 Mi\u00e9rcoles 2 de febrero: Licenciatura en Sociolog\u00eda | Licenciatura en Ciencia Pol\u00edtica.<\/p>\n","protected":false},"excerpt":{"rendered":"<p>El trayecto introductorio retorna a la presencialidad en sedes Villa Mar\u00eda, San Francisco, Villa del Rosario y C\u00f3rdoba. Conoc\u00e9 el cronograma de cursado asignado para tu carrera.La Secretar\u00eda Acad\u00e9mica de la Universidad Nacional de Villa Mar\u00eda (UNVM) informa a los y las aspirantes que ya se encuentran disponibles los horarios del \u201cCurso de Ingreso 2022 [&hellip;]<\/p>\n","protected":false},"author":4,"featured_media":51909,"comment_status":"open","ping_status":"open","sticky":false,"template":"","format":"standard","meta":{"site-sidebar-layout":"default","site-content-layout":"default","ast-site-content-layout":"default","site-content-style":"default","site-sidebar-style":"default","ast-global-header-display":"","ast-banner-title-visibility":"","ast-main-header-display":"","ast-hfb-above-header-display":"","ast-hfb-below-header-display":"","ast-hfb-mobile-header-display":"","site-post-title":"","ast-breadcrumbs-content":"","ast-featured-img":"","footer-sml-layout":"","ast-disable-related-posts":"","theme-transparent-header-meta":"default","adv-header-id-meta":"","stick-header-meta":"","header-above-stick-meta":"","header-main-stick-meta":"","header-below-stick-meta":"","astra-migrate-meta-layouts":"default","ast-page-background-enabled":"default","ast-page-background-meta":{"desktop":{"background-color":"","background-image":"","background-repeat":"repeat","background-position":"center center","background-size":"auto","background-attachment":"scroll","background-type":"","background-media":"","overlay-type":"","overlay-color":"","overlay-opacity":"","overlay-gradient":""},"tablet":{"background-color":"","background-image":"","background-repeat":"repeat","background-position":"center center","background-size":"auto","background-attachment":"scroll","background-type":"","background-media":"","overlay-type":"","overlay-color":"","overlay-opacity":"","overlay-gradient":""},"mobile":{"background-color":"","background-image":"","background-repeat":"repeat","background-position":"center center","background-size":"auto","background-attachment":"scroll","background-type":"","background-media":"","overlay-type":"","overlay-color":"","overlay-opacity":"","overlay-gradient":""}},"ast-content-background-meta":{"desktop":{"background-color":"var(--ast-global-color-5)","background-image":"","background-repeat":"repeat","background-position":"center center","background-size":"auto","background-attachment":"scroll","background-type":"","background-media":"","overlay-type":"","overlay-color":"","overlay-opacity":"","overlay-gradient":""},"tablet":{"background-color":"var(--ast-global-color-5)","background-image":"","background-repeat":"repeat","background-position":"center center","background-size":"auto","background-attachment":"scroll","background-type":"","background-media":"","overlay-type":"","overlay-color":"","overlay-opacity":"","overlay-gradient":""},"mobile":{"background-color":"var(--ast-global-color-5)","background-image":"","background-repeat":"repeat","background-position":"center center","background-size":"auto","background-attachment":"scroll","background-type":"","background-media":"","overlay-type":"","overlay-color":"","overlay-opacity":"","overlay-gradient":""}},"_jetpack_memberships_contains_paid_content":false,"_joinchat":[],"footnotes":""},"categories":[2068],"tags":[13420,606,13419,322,13418,13421,2697,459,8975,2248],"class_list":["post-51908","post","type-post","status-publish","format-standard","has-post-thumbnail","hentry","category-cultura-deporte","tag-1-de-febrero","tag-carreras","tag-ciclo-2022","tag-cordoba","tag-cursos-de-ingreso","tag-distintas-sedes","tag-san-francisco","tag-unvm","tag-villa-del-rosario","tag-villa-maria-2"],"yoast_head":"<!-- This site is optimized with the Yoast SEO plugin v26.8 - https:\/\/yoast.com\/product\/yoast-seo-wordpress\/ -->\n<title>UNVM: este 1 de febrero inicia el curso de ingreso - El Regional<\/title>\n<meta name=\"robots\" content=\"index, follow, max-snippet:-1, max-image-preview:large, max-video-preview:-1\" \/>\n<link rel=\"canonical\" href=\"http:\/\/elregionalvm.com.ar\/noticias-villa-maria\/unvm-este-1-de-febrero-inicia-el-curso-de-ingreso\/\" \/>\n<meta property=\"og:locale\" content=\"es_ES\" \/>\n<meta property=\"og:type\" content=\"article\" \/>\n<meta property=\"og:title\" content=\"UNVM: este 1 de febrero inicia el curso de ingreso - El Regional\" \/>\n<meta property=\"og:description\" content=\"El trayecto introductorio retorna a la presencialidad en sedes Villa Mar\u00eda, San Francisco, Villa del Rosario y C\u00f3rdoba. Conoc\u00e9 el cronograma de cursado asignado para tu carrera.La Secretar\u00eda Acad\u00e9mica de la Universidad Nacional de Villa Mar\u00eda (UNVM) informa a los y las aspirantes que ya se encuentran disponibles los horarios del \u201cCurso de Ingreso 2022 [&hellip;]\" \/>\n<meta property=\"og:url\" content=\"http:\/\/elregionalvm.com.ar\/noticias-villa-maria\/unvm-este-1-de-febrero-inicia-el-curso-de-ingreso\/\" \/>\n<meta property=\"og:site_name\" content=\"El Regional\" \/>\n<meta property=\"article:publisher\" content=\"https:\/\/www.facebook.com\/elregionalvm\" \/>\n<meta property=\"article:published_time\" content=\"2022-01-31T23:28:41+00:00\" \/>\n<meta property=\"article:modified_time\" content=\"2022-01-31T23:28:42+00:00\" \/>\n<meta property=\"og:image\" content=\"http:\/\/elregionalvm.com.ar\/noticias-villa-maria\/wp-content\/uploads\/2022\/01\/curso-ingreso-unvm.jpg\" \/>\n\t<meta property=\"og:image:width\" content=\"1080\" \/>\n\t<meta property=\"og:image:height\" content=\"675\" \/>\n\t<meta property=\"og:image:type\" content=\"image\/jpeg\" \/>\n<meta name=\"author\" content=\"Contenidos El Regional\" \/>\n<meta name=\"twitter:card\" content=\"summary_large_image\" \/>\n<meta name=\"twitter:creator\" content=\"@elregionalvm1\" \/>\n<meta name=\"twitter:site\" content=\"@elregionalvm1\" \/>\n<meta name=\"twitter:label1\" content=\"Escrito por\" \/>\n\t<meta name=\"twitter:data1\" content=\"Contenidos El Regional\" \/>\n\t<meta name=\"twitter:label2\" content=\"Tiempo de lectura\" \/>\n\t<meta name=\"twitter:data2\" content=\"2 minutos\" \/>\n<script type=\"application\/ld+json\" class=\"yoast-schema-graph\">{\"@context\":\"https:\/\/schema.org\",\"@graph\":[{\"@type\":\"Article\",\"@id\":\"http:\/\/elregionalvm.com.ar\/noticias-villa-maria\/unvm-este-1-de-febrero-inicia-el-curso-de-ingreso\/#article\",\"isPartOf\":{\"@id\":\"http:\/\/elregionalvm.com.ar\/noticias-villa-maria\/unvm-este-1-de-febrero-inicia-el-curso-de-ingreso\/\"},\"author\":{\"name\":\"Contenidos El Regional\",\"@id\":\"http:\/\/elregionalvm.com.ar\/noticias-villa-maria\/#\/schema\/person\/a0fb9c422317faca23d50163151bc354\"},\"headline\":\"UNVM: este 1 de febrero inicia el curso de ingreso\",\"datePublished\":\"2022-01-31T23:28:41+00:00\",\"dateModified\":\"2022-01-31T23:28:42+00:00\",\"mainEntityOfPage\":{\"@id\":\"http:\/\/elregionalvm.com.ar\/noticias-villa-maria\/unvm-este-1-de-febrero-inicia-el-curso-de-ingreso\/\"},\"wordCount\":423,\"commentCount\":0,\"image\":{\"@id\":\"http:\/\/elregionalvm.com.ar\/noticias-villa-maria\/unvm-este-1-de-febrero-inicia-el-curso-de-ingreso\/#primaryimage\"},\"thumbnailUrl\":\"https:\/\/i0.wp.com\/elregionalvm.com.ar\/noticias-villa-maria\/wp-content\/uploads\/2022\/01\/curso-ingreso-unvm.jpg?fit=1080%2C675&ssl=1\",\"keywords\":[\"1 de febrero\",\"Carreras\",\"ciclo 2022\",\"c\u00f3rdoba\",\"cursos de ingreso\",\"distintas sedes\",\"San Francisco\",\"UNVM\",\"Villa del Rosario\",\"Villa Mar\u00eda\"],\"articleSection\":[\"Cultura\"],\"inLanguage\":\"es\",\"potentialAction\":[{\"@type\":\"CommentAction\",\"name\":\"Comment\",\"target\":[\"http:\/\/elregionalvm.com.ar\/noticias-villa-maria\/unvm-este-1-de-febrero-inicia-el-curso-de-ingreso\/#respond\"]}]},{\"@type\":\"WebPage\",\"@id\":\"http:\/\/elregionalvm.com.ar\/noticias-villa-maria\/unvm-este-1-de-febrero-inicia-el-curso-de-ingreso\/\",\"url\":\"http:\/\/elregionalvm.com.ar\/noticias-villa-maria\/unvm-este-1-de-febrero-inicia-el-curso-de-ingreso\/\",\"name\":\"UNVM: este 1 de febrero inicia el curso de ingreso - El Regional\",\"isPartOf\":{\"@id\":\"http:\/\/elregionalvm.com.ar\/noticias-villa-maria\/#website\"},\"primaryImageOfPage\":{\"@id\":\"http:\/\/elregionalvm.com.ar\/noticias-villa-maria\/unvm-este-1-de-febrero-inicia-el-curso-de-ingreso\/#primaryimage\"},\"image\":{\"@id\":\"http:\/\/elregionalvm.com.ar\/noticias-villa-maria\/unvm-este-1-de-febrero-inicia-el-curso-de-ingreso\/#primaryimage\"},\"thumbnailUrl\":\"https:\/\/i0.wp.com\/elregionalvm.com.ar\/noticias-villa-maria\/wp-content\/uploads\/2022\/01\/curso-ingreso-unvm.jpg?fit=1080%2C675&ssl=1\",\"datePublished\":\"2022-01-31T23:28:41+00:00\",\"dateModified\":\"2022-01-31T23:28:42+00:00\",\"author\":{\"@id\":\"http:\/\/elregionalvm.com.ar\/noticias-villa-maria\/#\/schema\/person\/a0fb9c422317faca23d50163151bc354\"},\"breadcrumb\":{\"@id\":\"http:\/\/elregionalvm.com.ar\/noticias-villa-maria\/unvm-este-1-de-febrero-inicia-el-curso-de-ingreso\/#breadcrumb\"},\"inLanguage\":\"es\",\"potentialAction\":[{\"@type\":\"ReadAction\",\"target\":[\"http:\/\/elregionalvm.com.ar\/noticias-villa-maria\/unvm-este-1-de-febrero-inicia-el-curso-de-ingreso\/\"]}]},{\"@type\":\"ImageObject\",\"inLanguage\":\"es\",\"@id\":\"http:\/\/elregionalvm.com.ar\/noticias-villa-maria\/unvm-este-1-de-febrero-inicia-el-curso-de-ingreso\/#primaryimage\",\"url\":\"https:\/\/i0.wp.com\/elregionalvm.com.ar\/noticias-villa-maria\/wp-content\/uploads\/2022\/01\/curso-ingreso-unvm.jpg?fit=1080%2C675&ssl=1\",\"contentUrl\":\"https:\/\/i0.wp.com\/elregionalvm.com.ar\/noticias-villa-maria\/wp-content\/uploads\/2022\/01\/curso-ingreso-unvm.jpg?fit=1080%2C675&ssl=1\",\"width\":1080,\"height\":675},{\"@type\":\"BreadcrumbList\",\"@id\":\"http:\/\/elregionalvm.com.ar\/noticias-villa-maria\/unvm-este-1-de-febrero-inicia-el-curso-de-ingreso\/#breadcrumb\",\"itemListElement\":[{\"@type\":\"ListItem\",\"position\":1,\"name\":\"Portada\",\"item\":\"https:\/\/elregionalvm.com.ar\/noticias-villa-maria\/\"},{\"@type\":\"ListItem\",\"position\":2,\"name\":\"UNVM: este 1 de febrero inicia el curso de ingreso\"}]},{\"@type\":\"WebSite\",\"@id\":\"http:\/\/elregionalvm.com.ar\/noticias-villa-maria\/#website\",\"url\":\"http:\/\/elregionalvm.com.ar\/noticias-villa-maria\/\",\"name\":\"El Regional\",\"description\":\"Mucho m\u00e1s que informaci\u00f3n\",\"potentialAction\":[{\"@type\":\"SearchAction\",\"target\":{\"@type\":\"EntryPoint\",\"urlTemplate\":\"http:\/\/elregionalvm.com.ar\/noticias-villa-maria\/?s={search_term_string}\"},\"query-input\":{\"@type\":\"PropertyValueSpecification\",\"valueRequired\":true,\"valueName\":\"search_term_string\"}}],\"inLanguage\":\"es\"},{\"@type\":\"Person\",\"@id\":\"http:\/\/elregionalvm.com.ar\/noticias-villa-maria\/#\/schema\/person\/a0fb9c422317faca23d50163151bc354\",\"name\":\"Contenidos El Regional\",\"image\":{\"@type\":\"ImageObject\",\"inLanguage\":\"es\",\"@id\":\"http:\/\/elregionalvm.com.ar\/noticias-villa-maria\/#\/schema\/person\/image\/\",\"url\":\"https:\/\/secure.gravatar.com\/avatar\/265b27cb2209af7bb3a1318f03305787d7981a5cc6e6cd08fe5a4ecdf99d4b48?s=96&d=mm&r=g\",\"contentUrl\":\"https:\/\/secure.gravatar.com\/avatar\/265b27cb2209af7bb3a1318f03305787d7981a5cc6e6cd08fe5a4ecdf99d4b48?s=96&d=mm&r=g\",\"caption\":\"Contenidos El Regional\"},\"url\":\"https:\/\/elregionalvm.com.ar\/noticias-villa-maria\/author\/contenido\/\"}]}<\/script>\n<!-- \/ Yoast SEO plugin. -->","yoast_head_json":{"title":"UNVM: este 1 de febrero inicia el curso de ingreso - El Regional","robots":{"index":"index","follow":"follow","max-snippet":"max-snippet:-1","max-image-preview":"max-image-preview:large","max-video-preview":"max-video-preview:-1"},"canonical":"http:\/\/elregionalvm.com.ar\/noticias-villa-maria\/unvm-este-1-de-febrero-inicia-el-curso-de-ingreso\/","og_locale":"es_ES","og_type":"article","og_title":"UNVM: este 1 de febrero inicia el curso de ingreso - El Regional","og_description":"El trayecto introductorio retorna a la presencialidad en sedes Villa Mar\u00eda, San Francisco, Villa del Rosario y C\u00f3rdoba. Conoc\u00e9 el cronograma de cursado asignado para tu carrera.La Secretar\u00eda Acad\u00e9mica de la Universidad Nacional de Villa Mar\u00eda (UNVM) informa a los y las aspirantes que ya se encuentran disponibles los horarios del \u201cCurso de Ingreso 2022 [&hellip;]","og_url":"http:\/\/elregionalvm.com.ar\/noticias-villa-maria\/unvm-este-1-de-febrero-inicia-el-curso-de-ingreso\/","og_site_name":"El Regional","article_publisher":"https:\/\/www.facebook.com\/elregionalvm","article_published_time":"2022-01-31T23:28:41+00:00","article_modified_time":"2022-01-31T23:28:42+00:00","og_image":[{"width":1080,"height":675,"url":"http:\/\/elregionalvm.com.ar\/noticias-villa-maria\/wp-content\/uploads\/2022\/01\/curso-ingreso-unvm.jpg","type":"image\/jpeg"}],"author":"Contenidos El Regional","twitter_card":"summary_large_image","twitter_creator":"@elregionalvm1","twitter_site":"@elregionalvm1","twitter_misc":{"Escrito por":"Contenidos El Regional","Tiempo de lectura":"2 minutos"},"schema":{"@context":"https:\/\/schema.org","@graph":[{"@type":"Article","@id":"http:\/\/elregionalvm.com.ar\/noticias-villa-maria\/unvm-este-1-de-febrero-inicia-el-curso-de-ingreso\/#article","isPartOf":{"@id":"http:\/\/elregionalvm.com.ar\/noticias-villa-maria\/unvm-este-1-de-febrero-inicia-el-curso-de-ingreso\/"},"author":{"name":"Contenidos El Regional","@id":"http:\/\/elregionalvm.com.ar\/noticias-villa-maria\/#\/schema\/person\/a0fb9c422317faca23d50163151bc354"},"headline":"UNVM: este 1 de febrero inicia el curso de ingreso","datePublished":"2022-01-31T23:28:41+00:00","dateModified":"2022-01-31T23:28:42+00:00","mainEntityOfPage":{"@id":"http:\/\/elregionalvm.com.ar\/noticias-villa-maria\/unvm-este-1-de-febrero-inicia-el-curso-de-ingreso\/"},"wordCount":423,"commentCount":0,"image":{"@id":"http:\/\/elregionalvm.com.ar\/noticias-villa-maria\/unvm-este-1-de-febrero-inicia-el-curso-de-ingreso\/#primaryimage"},"thumbnailUrl":"https:\/\/i0.wp.com\/elregionalvm.com.ar\/noticias-villa-maria\/wp-content\/uploads\/2022\/01\/curso-ingreso-unvm.jpg?fit=1080%2C675&ssl=1","keywords":["1 de febrero","Carreras","ciclo 2022","c\u00f3rdoba","cursos de ingreso","distintas sedes","San Francisco","UNVM","Villa del Rosario","Villa Mar\u00eda"],"articleSection":["Cultura"],"inLanguage":"es","potentialAction":[{"@type":"CommentAction","name":"Comment","target":["http:\/\/elregionalvm.com.ar\/noticias-villa-maria\/unvm-este-1-de-febrero-inicia-el-curso-de-ingreso\/#respond"]}]},{"@type":"WebPage","@id":"http:\/\/elregionalvm.com.ar\/noticias-villa-maria\/unvm-este-1-de-febrero-inicia-el-curso-de-ingreso\/","url":"http:\/\/elregionalvm.com.ar\/noticias-villa-maria\/unvm-este-1-de-febrero-inicia-el-curso-de-ingreso\/","name":"UNVM: este 1 de febrero inicia el curso de ingreso - El Regional","isPartOf":{"@id":"http:\/\/elregionalvm.com.ar\/noticias-villa-maria\/#website"},"primaryImageOfPage":{"@id":"http:\/\/elregionalvm.com.ar\/noticias-villa-maria\/unvm-este-1-de-febrero-inicia-el-curso-de-ingreso\/#primaryimage"},"image":{"@id":"http:\/\/elregionalvm.com.ar\/noticias-villa-maria\/unvm-este-1-de-febrero-inicia-el-curso-de-ingreso\/#primaryimage"},"thumbnailUrl":"https:\/\/i0.wp.com\/elregionalvm.com.ar\/noticias-villa-maria\/wp-content\/uploads\/2022\/01\/curso-ingreso-unvm.jpg?fit=1080%2C675&ssl=1","datePublished":"2022-01-31T23:28:41+00:00","dateModified":"2022-01-31T23:28:42+00:00","author":{"@id":"http:\/\/elregionalvm.com.ar\/noticias-villa-maria\/#\/schema\/person\/a0fb9c422317faca23d50163151bc354"},"breadcrumb":{"@id":"http:\/\/elregionalvm.com.ar\/noticias-villa-maria\/unvm-este-1-de-febrero-inicia-el-curso-de-ingreso\/#breadcrumb"},"inLanguage":"es","potentialAction":[{"@type":"ReadAction","target":["http:\/\/elregionalvm.com.ar\/noticias-villa-maria\/unvm-este-1-de-febrero-inicia-el-curso-de-ingreso\/"]}]},{"@type":"ImageObject","inLanguage":"es","@id":"http:\/\/elregionalvm.com.ar\/noticias-villa-maria\/unvm-este-1-de-febrero-inicia-el-curso-de-ingreso\/#primaryimage","url":"https:\/\/i0.wp.com\/elregionalvm.com.ar\/noticias-villa-maria\/wp-content\/uploads\/2022\/01\/curso-ingreso-unvm.jpg?fit=1080%2C675&ssl=1","contentUrl":"https:\/\/i0.wp.com\/elregionalvm.com.ar\/noticias-villa-maria\/wp-content\/uploads\/2022\/01\/curso-ingreso-unvm.jpg?fit=1080%2C675&ssl=1","width":1080,"height":675},{"@type":"BreadcrumbList","@id":"http:\/\/elregionalvm.com.ar\/noticias-villa-maria\/unvm-este-1-de-febrero-inicia-el-curso-de-ingreso\/#breadcrumb","itemListElement":[{"@type":"ListItem","position":1,"name":"Portada","item":"https:\/\/elregionalvm.com.ar\/noticias-villa-maria\/"},{"@type":"ListItem","position":2,"name":"UNVM: este 1 de febrero inicia el curso de ingreso"}]},{"@type":"WebSite","@id":"http:\/\/elregionalvm.com.ar\/noticias-villa-maria\/#website","url":"http:\/\/elregionalvm.com.ar\/noticias-villa-maria\/","name":"El Regional","description":"Mucho m\u00e1s que informaci\u00f3n","potentialAction":[{"@type":"SearchAction","target":{"@type":"EntryPoint","urlTemplate":"http:\/\/elregionalvm.com.ar\/noticias-villa-maria\/?s={search_term_string}"},"query-input":{"@type":"PropertyValueSpecification","valueRequired":true,"valueName":"search_term_string"}}],"inLanguage":"es"},{"@type":"Person","@id":"http:\/\/elregionalvm.com.ar\/noticias-villa-maria\/#\/schema\/person\/a0fb9c422317faca23d50163151bc354","name":"Contenidos El Regional","image":{"@type":"ImageObject","inLanguage":"es","@id":"http:\/\/elregionalvm.com.ar\/noticias-villa-maria\/#\/schema\/person\/image\/","url":"https:\/\/secure.gravatar.com\/avatar\/265b27cb2209af7bb3a1318f03305787d7981a5cc6e6cd08fe5a4ecdf99d4b48?s=96&d=mm&r=g","contentUrl":"https:\/\/secure.gravatar.com\/avatar\/265b27cb2209af7bb3a1318f03305787d7981a5cc6e6cd08fe5a4ecdf99d4b48?s=96&d=mm&r=g","caption":"Contenidos El Regional"},"url":"https:\/\/elregionalvm.com.ar\/noticias-villa-maria\/author\/contenido\/"}]}},"jetpack_featured_media_url":"https:\/\/i0.wp.com\/elregionalvm.com.ar\/noticias-villa-maria\/wp-content\/uploads\/2022\/01\/curso-ingreso-unvm.jpg?fit=1080%2C675&ssl=1","jetpack_sharing_enabled":true,"_links":{"self":[{"href":"https:\/\/elregionalvm.com.ar\/noticias-villa-maria\/wp-json\/wp\/v2\/posts\/51908","targetHints":{"allow":["GET"]}}],"collection":[{"href":"https:\/\/elregionalvm.com.ar\/noticias-villa-maria\/wp-json\/wp\/v2\/posts"}],"about":[{"href":"https:\/\/elregionalvm.com.ar\/noticias-villa-maria\/wp-json\/wp\/v2\/types\/post"}],"author":[{"embeddable":true,"href":"https:\/\/elregionalvm.com.ar\/noticias-villa-maria\/wp-json\/wp\/v2\/users\/4"}],"replies":[{"embeddable":true,"href":"https:\/\/elregionalvm.com.ar\/noticias-villa-maria\/wp-json\/wp\/v2\/comments?post=51908"}],"version-history":[{"count":1,"href":"https:\/\/elregionalvm.com.ar\/noticias-villa-maria\/wp-json\/wp\/v2\/posts\/51908\/revisions"}],"predecessor-version":[{"id":51910,"href":"https:\/\/elregionalvm.com.ar\/noticias-villa-maria\/wp-json\/wp\/v2\/posts\/51908\/revisions\/51910"}],"wp:featuredmedia":[{"embeddable":true,"href":"https:\/\/elregionalvm.com.ar\/noticias-villa-maria\/wp-json\/wp\/v2\/media\/51909"}],"wp:attachment":[{"href":"https:\/\/elregionalvm.com.ar\/noticias-villa-maria\/wp-json\/wp\/v2\/media?parent=51908"}],"wp:term":[{"taxonomy":"category","embeddable":true,"href":"https:\/\/elregionalvm.com.ar\/noticias-villa-maria\/wp-json\/wp\/v2\/categories?post=51908"},{"taxonomy":"post_tag","embeddable":true,"href":"https:\/\/elregionalvm.com.ar\/noticias-villa-maria\/wp-json\/wp\/v2\/tags?post=51908"}],"curies":[{"name":"wp","href":"https:\/\/api.w.org\/{rel}","templated":true}]}}