{"id":51916,"date":"2022-02-01T03:30:10","date_gmt":"2022-02-01T03:30:10","guid":{"rendered":"https:\/\/elregionalvm.com.ar\/noticias-villa-maria\/?p=51916"},"modified":"2022-02-05T16:17:34","modified_gmt":"2022-02-05T16:17:34","slug":"hipocresia-y-redes-dale-indignate-si-queres-pero-tambien-hace-algo","status":"publish","type":"post","link":"https:\/\/elregionalvm.com.ar\/noticias-villa-maria\/hipocresia-y-redes-dale-indignate-si-queres-pero-tambien-hace-algo\/","title":{"rendered":"[Hipocres\u00eda y redes] Dale, indignate si quer\u00e9s, pero tambi\u00e9n hac\u00e9 algo"},"content":{"rendered":"\n<p><\/p>\n\n\n\n<p><strong>Indignados. As\u00ed vivimos. Todo el tiempo nos indignamos por algo. Con la misma celeridad que cambiamos de ropa o de tema en una conversaci\u00f3n sin rumbo. Pero, a veces, deber\u00edamos indignarnos m\u00e1s. O hacerlo por cuestiones que van m\u00e1s all\u00e1 de la foto que hoy lleva el p\u00f3ster central. Y hacer algo, ante eso que nos indigna. <\/strong><\/p>\n\n\n\n<p><\/p>\n\n\n\n<p><strong>Escribe: Germ\u00e1n Giacchero<\/strong><\/p>\n\n\n\n<p><\/p>\n\n\n\n<p>Nos indignamos mucho, pero mucho.<\/p>\n\n\n\n<p>Con las terribles im\u00e1genes de ni\u00f1os y ni\u00f1as, pibes y chicas, mujeres y hombres que padecen tragedias, dolores, muertes y devastaci\u00f3n a lo largo y ancho del planeta.<\/p>\n\n\n\n<p>Sobran los ejemplos.<\/p>\n\n\n\n<p>Nos indignamos en las redes sociales, sobre todo. Ante fotograf\u00edas y videos que se vuelven virales y suman m\u00e1s contagios que el covid. <\/p>\n\n\n\n<p>Vivimos indignados. Y est\u00e1 bien. Porque es la chispa para involucrarse, el agua en ebullici\u00f3n lista para la reacci\u00f3n, el principio del intento para cambiar y transformar.<\/p>\n\n\n\n<p>Pero, no est\u00e1 bien hacerlo solo por una parte del drama. La guerra, la miseria, la muerte, la pobreza, el dolor, la injusticia no dan bolilla a las fronteras, los idiomas o los caprichos de la geograf\u00eda.<\/p>\n\n\n\n<p><\/p>\n\n\n\n<figure class=\"wp-block-image size-full\"><img data-recalc-dims=\"1\" fetchpriority=\"high\" decoding=\"async\" width=\"800\" height=\"547\" src=\"https:\/\/i0.wp.com\/elregionalvm.com.ar\/noticias-villa-maria\/wp-content\/uploads\/2022\/02\/Nino-pobre-mirando.jpg?resize=800%2C547&#038;ssl=1\" alt=\"\" class=\"wp-image-51922\" srcset=\"https:\/\/i0.wp.com\/elregionalvm.com.ar\/noticias-villa-maria\/wp-content\/uploads\/2022\/02\/Nino-pobre-mirando.jpg?w=800&amp;ssl=1 800w, https:\/\/i0.wp.com\/elregionalvm.com.ar\/noticias-villa-maria\/wp-content\/uploads\/2022\/02\/Nino-pobre-mirando.jpg?resize=300%2C205&amp;ssl=1 300w, https:\/\/i0.wp.com\/elregionalvm.com.ar\/noticias-villa-maria\/wp-content\/uploads\/2022\/02\/Nino-pobre-mirando.jpg?resize=768%2C525&amp;ssl=1 768w\" sizes=\"(max-width: 800px) 100vw, 800px\" \/><\/figure>\n\n\n\n<p><\/p>\n\n\n\n<p><strong>No nos indignamos tanto\u2026<\/strong><\/p>\n\n\n\n<p>No nos indignamos tanto, ni nosotros ni nuestros gobernantes, por los ni\u00f1os muertos en la selva casi impenetrable del norte argentino. Esos chicos desnutridos, infestados por par\u00e1sitos y devorados por las enfermedades y la indiferencia social.<\/p>\n\n\n\n<p>Pero, mueren porque no nos importan. Porque no hacemos lo necesario para que se alimenten bien, cuiden su salud, vivan mejor y no sean rehenes cr\u00f3nicos de pol\u00edticos desalmados o aprovechadores de toda cala\u00f1a.<\/p>\n\n\n\n<figure class=\"wp-block-pullquote\"><blockquote><p>No nos indignamos tanto por los chicos de las villas argentinas, de los barrios perif\u00e9ricos o de los cinturones pobres, hambreados de cuerpo y esp\u00edritu, azotados por los narcos, la violencia y la desesperanza. Total son \u201cnegritos\u201d hijos de negros de mierda, que nos van a robar o matar en cualquier momento, que no tienen otro futuro que la c\u00e1rcel o el caj\u00f3n.<\/p><\/blockquote><\/figure>\n\n\n\n<p><\/p>\n\n\n\n<p>No nos indignamos tanto por los chicos y grandes que viven en ranchos o casillas, con una cortina de tela o una chapa como puerta, en muchos barrios de la ciudad \u201csin villas ni countries\u201d.<\/p>\n\n\n\n<p>Tampoco lo hacemos por los chicos y grandes que en Villa Mar\u00eda remueven la basura y buscan algo para vender y mejor si es para comer.<\/p>\n\n\n\n<p>Por los chicos que limpian los vidrios y piden monedas en vez de estar contenidos en la escuela o en su casa.<\/p>\n\n\n\n<p>Por los que salvan su d\u00eda o su semana en el calorcito de un comedor o un merendero solidario.<\/p>\n\n\n\n<p>Esos lugares que, muchos de los indignados por una foto de un paisaje lejano, ni siquiera conocen de su existencia.<\/p>\n\n\n\n<p><strong>Nos duele, nos indigna\u2026<\/strong><strong><\/strong><\/p>\n\n\n\n<p>Nos duele, nos indigna, nos carcome hasta el llanto, el drama de los que se encuentran a miles de kil\u00f3metros de casa. Pero, nos olvidamos de lo que sucede en la esquina, a la vuelta, en nuestro barrio, en la ciudad que habitamos, en el pa\u00eds donde vivimos.<\/p>\n\n\n\n<p>No est\u00e1 mal indignarse por aquello, pero no debemos olvidarnos del mal que se hace ac\u00e1.<\/p>\n\n\n\n<p>Los indignados por las cosas que ocurren lejos vivimos en un pa\u00eds fagocitado por las carencias, con problemas y conflictos ocultos y silenciados, visibles y naturalizados. Pero no se indignan muchos por esas atrocidades siempre actuales y menos salen a copar las calles por semejantes atentados a la vida.<\/p>\n\n\n\n<p>Los indignados de ocasi\u00f3n no salen a indignarse y hacer algo por los m\u00e1s de 18 millones de pobres, casi cinco millones de indigentes y por los \u00abuno de cada tres ni\u00f1os\u00bb que se cagan de hambre o necesitan unas zapatillas, un cuaderno, las vacunas y un abrazo.<\/p>\n\n\n\n<p><\/p>\n\n\n\n<figure class=\"wp-block-image size-full\"><img data-recalc-dims=\"1\" decoding=\"async\" width=\"1000\" height=\"562\" src=\"https:\/\/i0.wp.com\/elregionalvm.com.ar\/noticias-villa-maria\/wp-content\/uploads\/2021\/07\/comedor-escolar-comida-pobreza.jpg?resize=1000%2C562&#038;ssl=1\" alt=\"\" class=\"wp-image-41375\" srcset=\"https:\/\/i0.wp.com\/elregionalvm.com.ar\/noticias-villa-maria\/wp-content\/uploads\/2021\/07\/comedor-escolar-comida-pobreza.jpg?w=1000&amp;ssl=1 1000w, https:\/\/i0.wp.com\/elregionalvm.com.ar\/noticias-villa-maria\/wp-content\/uploads\/2021\/07\/comedor-escolar-comida-pobreza.jpg?resize=300%2C169&amp;ssl=1 300w, https:\/\/i0.wp.com\/elregionalvm.com.ar\/noticias-villa-maria\/wp-content\/uploads\/2021\/07\/comedor-escolar-comida-pobreza.jpg?resize=768%2C432&amp;ssl=1 768w\" sizes=\"(max-width: 1000px) 100vw, 1000px\" \/><\/figure>\n\n\n\n<p><\/p>\n\n\n\n<p>Nos indignamos mucho por los femicidios, pero cada 30 horas se contin\u00faa matando a una mujer en forma violenta. <\/p>\n\n\n\n<p>No nos indignamos tanto porque se condena a miles de chicos y chicas a la droga, la explotaci\u00f3n o la delincuencia.<\/p>\n\n\n\n<p>No nos indignamos tampoco porque uno de cada cuatro argentinos no tiene acceso a agua potable, la mitad de la poblaci\u00f3n no accede a cloacas o medio pa\u00eds es envenenado en su propia casa con comida chatarra, agua contaminada o aire plagado de t\u00f3xicos urbanos y rurales.<\/p>\n\n\n\n<p>Nuestra indignaci\u00f3n 3.0, temporal, viralizada, vol\u00e1til, desnuda nuestra indiferencia, nuestro olvido, nuestra responsabilidad y nuestra hipocres\u00eda en esta escenograf\u00eda del horror cotidiano con falsos decorados de felicidad, preocupaci\u00f3n y bondad.<\/p>\n\n\n\n<p><\/p>\n\n\n\n<figure class=\"wp-block-pullquote\"><blockquote><p>Somos rebeldes sin causa desde el sof\u00e1, la cama o la cocina. Nos permitimos jugar a los justicieros desde el confort t\u00e1ctil del celular con comentarios y ataques verbales disparados en las redes sociales. Nos hacemos los revolucionarios compartiendo memes, viralizando im\u00e1genes.  <em>Como si fuera realidad virtual.<\/em> Como si eso sirviera para algo. Como si todo terminara all\u00ed.  Ah, menos mal que me separa la pantalla. <\/p><\/blockquote><\/figure>\n\n\n\n<p><\/p>\n\n\n\n<p>Ha llegado el momento de indignarse m\u00e1s.  Y de hacer algo con esa indignaci\u00f3n. <\/p>\n\n\n\n<p>Ojal\u00e1 lo hagamos por el resto de las atrocidades y atentados cotidianos a la vida que pasan a nuestro alrededor.<\/p>\n\n\n\n<p>El primer paso para ocuparnos en serio de las cosas que, aunque las ignoremos, las olvidemos o no las pretendamos ver, no est\u00e1n bien y siempre nos hacen mal.<\/p>\n\n\n\n<p>Para que no seamos indignados de cotill\u00f3n, indignados por TV, por Facebook o Instagram, indignados de cart\u00f3n\u2026<\/p>\n\n\n\n<p>Indignados por nada.<\/p>\n","protected":false},"excerpt":{"rendered":"<p>Indignados. As\u00ed vivimos. Todo el tiempo nos indignamos por algo. Con la misma celeridad que cambiamos de ropa o de tema en una conversaci\u00f3n sin rumbo. Pero, a veces, deber\u00edamos indignarnos m\u00e1s. O hacerlo por cuestiones que van m\u00e1s all\u00e1 de la foto que hoy lleva el p\u00f3ster central. Y hacer algo, ante eso que [&hellip;]<\/p>\n","protected":false},"author":4,"featured_media":52133,"comment_status":"open","ping_status":"open","sticky":false,"template":"","format":"standard","meta":{"site-sidebar-layout":"default","site-content-layout":"default","ast-site-content-layout":"default","site-content-style":"default","site-sidebar-style":"default","ast-global-header-display":"","ast-banner-title-visibility":"","ast-main-header-display":"","ast-hfb-above-header-display":"","ast-hfb-below-header-display":"","ast-hfb-mobile-header-display":"","site-post-title":"","ast-breadcrumbs-content":"","ast-featured-img":"","footer-sml-layout":"","ast-disable-related-posts":"","theme-transparent-header-meta":"default","adv-header-id-meta":"","stick-header-meta":"","header-above-stick-meta":"","header-main-stick-meta":"","header-below-stick-meta":"","astra-migrate-meta-layouts":"default","ast-page-background-enabled":"default","ast-page-background-meta":{"desktop":{"background-color":"","background-image":"","background-repeat":"repeat","background-position":"center center","background-size":"auto","background-attachment":"scroll","background-type":"","background-media":"","overlay-type":"","overlay-color":"","overlay-opacity":"","overlay-gradient":""},"tablet":{"background-color":"","background-image":"","background-repeat":"repeat","background-position":"center center","background-size":"auto","background-attachment":"scroll","background-type":"","background-media":"","overlay-type":"","overlay-color":"","overlay-opacity":"","overlay-gradient":""},"mobile":{"background-color":"","background-image":"","background-repeat":"repeat","background-position":"center center","background-size":"auto","background-attachment":"scroll","background-type":"","background-media":"","overlay-type":"","overlay-color":"","overlay-opacity":"","overlay-gradient":""}},"ast-content-background-meta":{"desktop":{"background-color":"var(--ast-global-color-5)","background-image":"","background-repeat":"repeat","background-position":"center center","background-size":"auto","background-attachment":"scroll","background-type":"","background-media":"","overlay-type":"","overlay-color":"","overlay-opacity":"","overlay-gradient":""},"tablet":{"background-color":"var(--ast-global-color-5)","background-image":"","background-repeat":"repeat","background-position":"center center","background-size":"auto","background-attachment":"scroll","background-type":"","background-media":"","overlay-type":"","overlay-color":"","overlay-opacity":"","overlay-gradient":""},"mobile":{"background-color":"var(--ast-global-color-5)","background-image":"","background-repeat":"repeat","background-position":"center center","background-size":"auto","background-attachment":"scroll","background-type":"","background-media":"","overlay-type":"","overlay-color":"","overlay-opacity":"","overlay-gradient":""}},"_jetpack_memberships_contains_paid_content":false,"_joinchat":[],"footnotes":""},"categories":[365,3557],"tags":[1372,5720,180,13427,11711,13426,1158,13429,100,609,455,826,6161,13428],"class_list":["post-51916","post","type-post","status-publish","format-standard","has-post-thumbnail","hentry","category-opinion","category-tercera","tag-cambio","tag-dolor","tag-facebook","tag-hacer","tag-indignacion","tag-indignados","tag-injusticia","tag-instagram","tag-muerte","tag-pobreza","tag-realidad","tag-redes-sociales","tag-tragedias","tag-transformacion"],"yoast_head":"<!-- This site is optimized with the Yoast SEO plugin v26.8 - https:\/\/yoast.com\/product\/yoast-seo-wordpress\/ -->\n<title>[Hipocres\u00eda y redes] Dale, indignate si quer\u00e9s, pero tambi\u00e9n hac\u00e9 algo - El Regional<\/title>\n<meta name=\"description\" content=\"Deber\u00edamos indignarnos m\u00e1s. O hacerlo por cuestiones que van m\u00e1s all\u00e1 de una foto. Y hacer algo, ante eso que nos indigna.\" \/>\n<meta name=\"robots\" content=\"index, follow, max-snippet:-1, max-image-preview:large, max-video-preview:-1\" \/>\n<link rel=\"canonical\" href=\"http:\/\/elregionalvm.com.ar\/noticias-villa-maria\/hipocresia-y-redes-dale-indignate-si-queres-pero-tambien-hace-algo\/\" \/>\n<meta property=\"og:locale\" content=\"es_ES\" \/>\n<meta property=\"og:type\" content=\"article\" \/>\n<meta property=\"og:title\" content=\"[Hipocres\u00eda y redes] Dale, indignate si quer\u00e9s, pero tambi\u00e9n hac\u00e9 algo - El Regional\" \/>\n<meta property=\"og:description\" content=\"Deber\u00edamos indignarnos m\u00e1s. O hacerlo por cuestiones que van m\u00e1s all\u00e1 de una foto. Y hacer algo, ante eso que nos indigna.\" \/>\n<meta property=\"og:url\" content=\"http:\/\/elregionalvm.com.ar\/noticias-villa-maria\/hipocresia-y-redes-dale-indignate-si-queres-pero-tambien-hace-algo\/\" \/>\n<meta property=\"og:site_name\" content=\"El Regional\" \/>\n<meta property=\"article:publisher\" content=\"https:\/\/www.facebook.com\/elregionalvm\" \/>\n<meta property=\"article:published_time\" content=\"2022-02-01T03:30:10+00:00\" \/>\n<meta property=\"article:modified_time\" content=\"2022-02-05T16:17:34+00:00\" \/>\n<meta property=\"og:image\" content=\"http:\/\/elregionalvm.com.ar\/noticias-villa-maria\/wp-content\/uploads\/2022\/02\/mujeres-cara-de-Instagram-y-facebook-indignado.jpg\" \/>\n\t<meta property=\"og:image:width\" content=\"1200\" \/>\n\t<meta property=\"og:image:height\" content=\"675\" \/>\n\t<meta property=\"og:image:type\" content=\"image\/jpeg\" \/>\n<meta name=\"author\" content=\"Contenidos El Regional\" \/>\n<meta name=\"twitter:card\" content=\"summary_large_image\" \/>\n<meta name=\"twitter:creator\" content=\"@elregionalvm1\" \/>\n<meta name=\"twitter:site\" content=\"@elregionalvm1\" \/>\n<meta name=\"twitter:label1\" content=\"Escrito por\" \/>\n\t<meta name=\"twitter:data1\" content=\"Contenidos El Regional\" \/>\n\t<meta name=\"twitter:label2\" content=\"Tiempo de lectura\" \/>\n\t<meta name=\"twitter:data2\" content=\"5 minutos\" \/>\n<script type=\"application\/ld+json\" class=\"yoast-schema-graph\">{\"@context\":\"https:\/\/schema.org\",\"@graph\":[{\"@type\":\"Article\",\"@id\":\"http:\/\/elregionalvm.com.ar\/noticias-villa-maria\/hipocresia-y-redes-dale-indignate-si-queres-pero-tambien-hace-algo\/#article\",\"isPartOf\":{\"@id\":\"http:\/\/elregionalvm.com.ar\/noticias-villa-maria\/hipocresia-y-redes-dale-indignate-si-queres-pero-tambien-hace-algo\/\"},\"author\":{\"name\":\"Contenidos El Regional\",\"@id\":\"http:\/\/elregionalvm.com.ar\/noticias-villa-maria\/#\/schema\/person\/a0fb9c422317faca23d50163151bc354\"},\"headline\":\"[Hipocres\u00eda y redes] Dale, indignate si quer\u00e9s, pero tambi\u00e9n hac\u00e9 algo\",\"datePublished\":\"2022-02-01T03:30:10+00:00\",\"dateModified\":\"2022-02-05T16:17:34+00:00\",\"mainEntityOfPage\":{\"@id\":\"http:\/\/elregionalvm.com.ar\/noticias-villa-maria\/hipocresia-y-redes-dale-indignate-si-queres-pero-tambien-hace-algo\/\"},\"wordCount\":933,\"commentCount\":0,\"image\":{\"@id\":\"http:\/\/elregionalvm.com.ar\/noticias-villa-maria\/hipocresia-y-redes-dale-indignate-si-queres-pero-tambien-hace-algo\/#primaryimage\"},\"thumbnailUrl\":\"https:\/\/i0.wp.com\/elregionalvm.com.ar\/noticias-villa-maria\/wp-content\/uploads\/2022\/02\/mujeres-cara-de-Instagram-y-facebook-indignado.jpg?fit=1200%2C675&ssl=1\",\"keywords\":[\"cambio\",\"Dolor\",\"Facebook\",\"hacer\",\"indignaci\u00f3n\",\"indignados\",\"Injusticia\",\"Instagram\",\"muerte\",\"Pobreza\",\"realidad\",\"Redes Sociales\",\"tragedias\",\"transformaci\u00f3n\"],\"articleSection\":[\"Opini\u00f3n\",\"tercera\"],\"inLanguage\":\"es\",\"potentialAction\":[{\"@type\":\"CommentAction\",\"name\":\"Comment\",\"target\":[\"http:\/\/elregionalvm.com.ar\/noticias-villa-maria\/hipocresia-y-redes-dale-indignate-si-queres-pero-tambien-hace-algo\/#respond\"]}]},{\"@type\":\"WebPage\",\"@id\":\"http:\/\/elregionalvm.com.ar\/noticias-villa-maria\/hipocresia-y-redes-dale-indignate-si-queres-pero-tambien-hace-algo\/\",\"url\":\"http:\/\/elregionalvm.com.ar\/noticias-villa-maria\/hipocresia-y-redes-dale-indignate-si-queres-pero-tambien-hace-algo\/\",\"name\":\"[Hipocres\u00eda y redes] Dale, indignate si quer\u00e9s, pero tambi\u00e9n hac\u00e9 algo - El Regional\",\"isPartOf\":{\"@id\":\"http:\/\/elregionalvm.com.ar\/noticias-villa-maria\/#website\"},\"primaryImageOfPage\":{\"@id\":\"http:\/\/elregionalvm.com.ar\/noticias-villa-maria\/hipocresia-y-redes-dale-indignate-si-queres-pero-tambien-hace-algo\/#primaryimage\"},\"image\":{\"@id\":\"http:\/\/elregionalvm.com.ar\/noticias-villa-maria\/hipocresia-y-redes-dale-indignate-si-queres-pero-tambien-hace-algo\/#primaryimage\"},\"thumbnailUrl\":\"https:\/\/i0.wp.com\/elregionalvm.com.ar\/noticias-villa-maria\/wp-content\/uploads\/2022\/02\/mujeres-cara-de-Instagram-y-facebook-indignado.jpg?fit=1200%2C675&ssl=1\",\"datePublished\":\"2022-02-01T03:30:10+00:00\",\"dateModified\":\"2022-02-05T16:17:34+00:00\",\"author\":{\"@id\":\"http:\/\/elregionalvm.com.ar\/noticias-villa-maria\/#\/schema\/person\/a0fb9c422317faca23d50163151bc354\"},\"description\":\"Deber\u00edamos indignarnos m\u00e1s. O hacerlo por cuestiones que van m\u00e1s all\u00e1 de una foto. Y hacer algo, ante eso que nos indigna.\",\"breadcrumb\":{\"@id\":\"http:\/\/elregionalvm.com.ar\/noticias-villa-maria\/hipocresia-y-redes-dale-indignate-si-queres-pero-tambien-hace-algo\/#breadcrumb\"},\"inLanguage\":\"es\",\"potentialAction\":[{\"@type\":\"ReadAction\",\"target\":[\"http:\/\/elregionalvm.com.ar\/noticias-villa-maria\/hipocresia-y-redes-dale-indignate-si-queres-pero-tambien-hace-algo\/\"]}]},{\"@type\":\"ImageObject\",\"inLanguage\":\"es\",\"@id\":\"http:\/\/elregionalvm.com.ar\/noticias-villa-maria\/hipocresia-y-redes-dale-indignate-si-queres-pero-tambien-hace-algo\/#primaryimage\",\"url\":\"https:\/\/i0.wp.com\/elregionalvm.com.ar\/noticias-villa-maria\/wp-content\/uploads\/2022\/02\/mujeres-cara-de-Instagram-y-facebook-indignado.jpg?fit=1200%2C675&ssl=1\",\"contentUrl\":\"https:\/\/i0.wp.com\/elregionalvm.com.ar\/noticias-villa-maria\/wp-content\/uploads\/2022\/02\/mujeres-cara-de-Instagram-y-facebook-indignado.jpg?fit=1200%2C675&ssl=1\",\"width\":1200,\"height\":675},{\"@type\":\"BreadcrumbList\",\"@id\":\"http:\/\/elregionalvm.com.ar\/noticias-villa-maria\/hipocresia-y-redes-dale-indignate-si-queres-pero-tambien-hace-algo\/#breadcrumb\",\"itemListElement\":[{\"@type\":\"ListItem\",\"position\":1,\"name\":\"Portada\",\"item\":\"https:\/\/elregionalvm.com.ar\/noticias-villa-maria\/\"},{\"@type\":\"ListItem\",\"position\":2,\"name\":\"[Hipocres\u00eda y redes] Dale, indignate si quer\u00e9s, pero tambi\u00e9n hac\u00e9 algo\"}]},{\"@type\":\"WebSite\",\"@id\":\"http:\/\/elregionalvm.com.ar\/noticias-villa-maria\/#website\",\"url\":\"http:\/\/elregionalvm.com.ar\/noticias-villa-maria\/\",\"name\":\"El Regional\",\"description\":\"Mucho m\u00e1s que informaci\u00f3n\",\"potentialAction\":[{\"@type\":\"SearchAction\",\"target\":{\"@type\":\"EntryPoint\",\"urlTemplate\":\"http:\/\/elregionalvm.com.ar\/noticias-villa-maria\/?s={search_term_string}\"},\"query-input\":{\"@type\":\"PropertyValueSpecification\",\"valueRequired\":true,\"valueName\":\"search_term_string\"}}],\"inLanguage\":\"es\"},{\"@type\":\"Person\",\"@id\":\"http:\/\/elregionalvm.com.ar\/noticias-villa-maria\/#\/schema\/person\/a0fb9c422317faca23d50163151bc354\",\"name\":\"Contenidos El Regional\",\"image\":{\"@type\":\"ImageObject\",\"inLanguage\":\"es\",\"@id\":\"http:\/\/elregionalvm.com.ar\/noticias-villa-maria\/#\/schema\/person\/image\/\",\"url\":\"https:\/\/secure.gravatar.com\/avatar\/265b27cb2209af7bb3a1318f03305787d7981a5cc6e6cd08fe5a4ecdf99d4b48?s=96&d=mm&r=g\",\"contentUrl\":\"https:\/\/secure.gravatar.com\/avatar\/265b27cb2209af7bb3a1318f03305787d7981a5cc6e6cd08fe5a4ecdf99d4b48?s=96&d=mm&r=g\",\"caption\":\"Contenidos El Regional\"},\"url\":\"https:\/\/elregionalvm.com.ar\/noticias-villa-maria\/author\/contenido\/\"}]}<\/script>\n<!-- \/ Yoast SEO plugin. -->","yoast_head_json":{"title":"[Hipocres\u00eda y redes] Dale, indignate si quer\u00e9s, pero tambi\u00e9n hac\u00e9 algo - El Regional","description":"Deber\u00edamos indignarnos m\u00e1s. O hacerlo por cuestiones que van m\u00e1s all\u00e1 de una foto. Y hacer algo, ante eso que nos indigna.","robots":{"index":"index","follow":"follow","max-snippet":"max-snippet:-1","max-image-preview":"max-image-preview:large","max-video-preview":"max-video-preview:-1"},"canonical":"http:\/\/elregionalvm.com.ar\/noticias-villa-maria\/hipocresia-y-redes-dale-indignate-si-queres-pero-tambien-hace-algo\/","og_locale":"es_ES","og_type":"article","og_title":"[Hipocres\u00eda y redes] Dale, indignate si quer\u00e9s, pero tambi\u00e9n hac\u00e9 algo - El Regional","og_description":"Deber\u00edamos indignarnos m\u00e1s. O hacerlo por cuestiones que van m\u00e1s all\u00e1 de una foto. Y hacer algo, ante eso que nos indigna.","og_url":"http:\/\/elregionalvm.com.ar\/noticias-villa-maria\/hipocresia-y-redes-dale-indignate-si-queres-pero-tambien-hace-algo\/","og_site_name":"El Regional","article_publisher":"https:\/\/www.facebook.com\/elregionalvm","article_published_time":"2022-02-01T03:30:10+00:00","article_modified_time":"2022-02-05T16:17:34+00:00","og_image":[{"width":1200,"height":675,"url":"http:\/\/elregionalvm.com.ar\/noticias-villa-maria\/wp-content\/uploads\/2022\/02\/mujeres-cara-de-Instagram-y-facebook-indignado.jpg","type":"image\/jpeg"}],"author":"Contenidos El Regional","twitter_card":"summary_large_image","twitter_creator":"@elregionalvm1","twitter_site":"@elregionalvm1","twitter_misc":{"Escrito por":"Contenidos El Regional","Tiempo de lectura":"5 minutos"},"schema":{"@context":"https:\/\/schema.org","@graph":[{"@type":"Article","@id":"http:\/\/elregionalvm.com.ar\/noticias-villa-maria\/hipocresia-y-redes-dale-indignate-si-queres-pero-tambien-hace-algo\/#article","isPartOf":{"@id":"http:\/\/elregionalvm.com.ar\/noticias-villa-maria\/hipocresia-y-redes-dale-indignate-si-queres-pero-tambien-hace-algo\/"},"author":{"name":"Contenidos El Regional","@id":"http:\/\/elregionalvm.com.ar\/noticias-villa-maria\/#\/schema\/person\/a0fb9c422317faca23d50163151bc354"},"headline":"[Hipocres\u00eda y redes] Dale, indignate si quer\u00e9s, pero tambi\u00e9n hac\u00e9 algo","datePublished":"2022-02-01T03:30:10+00:00","dateModified":"2022-02-05T16:17:34+00:00","mainEntityOfPage":{"@id":"http:\/\/elregionalvm.com.ar\/noticias-villa-maria\/hipocresia-y-redes-dale-indignate-si-queres-pero-tambien-hace-algo\/"},"wordCount":933,"commentCount":0,"image":{"@id":"http:\/\/elregionalvm.com.ar\/noticias-villa-maria\/hipocresia-y-redes-dale-indignate-si-queres-pero-tambien-hace-algo\/#primaryimage"},"thumbnailUrl":"https:\/\/i0.wp.com\/elregionalvm.com.ar\/noticias-villa-maria\/wp-content\/uploads\/2022\/02\/mujeres-cara-de-Instagram-y-facebook-indignado.jpg?fit=1200%2C675&ssl=1","keywords":["cambio","Dolor","Facebook","hacer","indignaci\u00f3n","indignados","Injusticia","Instagram","muerte","Pobreza","realidad","Redes Sociales","tragedias","transformaci\u00f3n"],"articleSection":["Opini\u00f3n","tercera"],"inLanguage":"es","potentialAction":[{"@type":"CommentAction","name":"Comment","target":["http:\/\/elregionalvm.com.ar\/noticias-villa-maria\/hipocresia-y-redes-dale-indignate-si-queres-pero-tambien-hace-algo\/#respond"]}]},{"@type":"WebPage","@id":"http:\/\/elregionalvm.com.ar\/noticias-villa-maria\/hipocresia-y-redes-dale-indignate-si-queres-pero-tambien-hace-algo\/","url":"http:\/\/elregionalvm.com.ar\/noticias-villa-maria\/hipocresia-y-redes-dale-indignate-si-queres-pero-tambien-hace-algo\/","name":"[Hipocres\u00eda y redes] Dale, indignate si quer\u00e9s, pero tambi\u00e9n hac\u00e9 algo - El Regional","isPartOf":{"@id":"http:\/\/elregionalvm.com.ar\/noticias-villa-maria\/#website"},"primaryImageOfPage":{"@id":"http:\/\/elregionalvm.com.ar\/noticias-villa-maria\/hipocresia-y-redes-dale-indignate-si-queres-pero-tambien-hace-algo\/#primaryimage"},"image":{"@id":"http:\/\/elregionalvm.com.ar\/noticias-villa-maria\/hipocresia-y-redes-dale-indignate-si-queres-pero-tambien-hace-algo\/#primaryimage"},"thumbnailUrl":"https:\/\/i0.wp.com\/elregionalvm.com.ar\/noticias-villa-maria\/wp-content\/uploads\/2022\/02\/mujeres-cara-de-Instagram-y-facebook-indignado.jpg?fit=1200%2C675&ssl=1","datePublished":"2022-02-01T03:30:10+00:00","dateModified":"2022-02-05T16:17:34+00:00","author":{"@id":"http:\/\/elregionalvm.com.ar\/noticias-villa-maria\/#\/schema\/person\/a0fb9c422317faca23d50163151bc354"},"description":"Deber\u00edamos indignarnos m\u00e1s. O hacerlo por cuestiones que van m\u00e1s all\u00e1 de una foto. Y hacer algo, ante eso que nos indigna.","breadcrumb":{"@id":"http:\/\/elregionalvm.com.ar\/noticias-villa-maria\/hipocresia-y-redes-dale-indignate-si-queres-pero-tambien-hace-algo\/#breadcrumb"},"inLanguage":"es","potentialAction":[{"@type":"ReadAction","target":["http:\/\/elregionalvm.com.ar\/noticias-villa-maria\/hipocresia-y-redes-dale-indignate-si-queres-pero-tambien-hace-algo\/"]}]},{"@type":"ImageObject","inLanguage":"es","@id":"http:\/\/elregionalvm.com.ar\/noticias-villa-maria\/hipocresia-y-redes-dale-indignate-si-queres-pero-tambien-hace-algo\/#primaryimage","url":"https:\/\/i0.wp.com\/elregionalvm.com.ar\/noticias-villa-maria\/wp-content\/uploads\/2022\/02\/mujeres-cara-de-Instagram-y-facebook-indignado.jpg?fit=1200%2C675&ssl=1","contentUrl":"https:\/\/i0.wp.com\/elregionalvm.com.ar\/noticias-villa-maria\/wp-content\/uploads\/2022\/02\/mujeres-cara-de-Instagram-y-facebook-indignado.jpg?fit=1200%2C675&ssl=1","width":1200,"height":675},{"@type":"BreadcrumbList","@id":"http:\/\/elregionalvm.com.ar\/noticias-villa-maria\/hipocresia-y-redes-dale-indignate-si-queres-pero-tambien-hace-algo\/#breadcrumb","itemListElement":[{"@type":"ListItem","position":1,"name":"Portada","item":"https:\/\/elregionalvm.com.ar\/noticias-villa-maria\/"},{"@type":"ListItem","position":2,"name":"[Hipocres\u00eda y redes] Dale, indignate si quer\u00e9s, pero tambi\u00e9n hac\u00e9 algo"}]},{"@type":"WebSite","@id":"http:\/\/elregionalvm.com.ar\/noticias-villa-maria\/#website","url":"http:\/\/elregionalvm.com.ar\/noticias-villa-maria\/","name":"El Regional","description":"Mucho m\u00e1s que informaci\u00f3n","potentialAction":[{"@type":"SearchAction","target":{"@type":"EntryPoint","urlTemplate":"http:\/\/elregionalvm.com.ar\/noticias-villa-maria\/?s={search_term_string}"},"query-input":{"@type":"PropertyValueSpecification","valueRequired":true,"valueName":"search_term_string"}}],"inLanguage":"es"},{"@type":"Person","@id":"http:\/\/elregionalvm.com.ar\/noticias-villa-maria\/#\/schema\/person\/a0fb9c422317faca23d50163151bc354","name":"Contenidos El Regional","image":{"@type":"ImageObject","inLanguage":"es","@id":"http:\/\/elregionalvm.com.ar\/noticias-villa-maria\/#\/schema\/person\/image\/","url":"https:\/\/secure.gravatar.com\/avatar\/265b27cb2209af7bb3a1318f03305787d7981a5cc6e6cd08fe5a4ecdf99d4b48?s=96&d=mm&r=g","contentUrl":"https:\/\/secure.gravatar.com\/avatar\/265b27cb2209af7bb3a1318f03305787d7981a5cc6e6cd08fe5a4ecdf99d4b48?s=96&d=mm&r=g","caption":"Contenidos El Regional"},"url":"https:\/\/elregionalvm.com.ar\/noticias-villa-maria\/author\/contenido\/"}]}},"jetpack_featured_media_url":"https:\/\/i0.wp.com\/elregionalvm.com.ar\/noticias-villa-maria\/wp-content\/uploads\/2022\/02\/mujeres-cara-de-Instagram-y-facebook-indignado.jpg?fit=1200%2C675&ssl=1","jetpack_sharing_enabled":true,"_links":{"self":[{"href":"https:\/\/elregionalvm.com.ar\/noticias-villa-maria\/wp-json\/wp\/v2\/posts\/51916","targetHints":{"allow":["GET"]}}],"collection":[{"href":"https:\/\/elregionalvm.com.ar\/noticias-villa-maria\/wp-json\/wp\/v2\/posts"}],"about":[{"href":"https:\/\/elregionalvm.com.ar\/noticias-villa-maria\/wp-json\/wp\/v2\/types\/post"}],"author":[{"embeddable":true,"href":"https:\/\/elregionalvm.com.ar\/noticias-villa-maria\/wp-json\/wp\/v2\/users\/4"}],"replies":[{"embeddable":true,"href":"https:\/\/elregionalvm.com.ar\/noticias-villa-maria\/wp-json\/wp\/v2\/comments?post=51916"}],"version-history":[{"count":7,"href":"https:\/\/elregionalvm.com.ar\/noticias-villa-maria\/wp-json\/wp\/v2\/posts\/51916\/revisions"}],"predecessor-version":[{"id":51925,"href":"https:\/\/elregionalvm.com.ar\/noticias-villa-maria\/wp-json\/wp\/v2\/posts\/51916\/revisions\/51925"}],"wp:featuredmedia":[{"embeddable":true,"href":"https:\/\/elregionalvm.com.ar\/noticias-villa-maria\/wp-json\/wp\/v2\/media\/52133"}],"wp:attachment":[{"href":"https:\/\/elregionalvm.com.ar\/noticias-villa-maria\/wp-json\/wp\/v2\/media?parent=51916"}],"wp:term":[{"taxonomy":"category","embeddable":true,"href":"https:\/\/elregionalvm.com.ar\/noticias-villa-maria\/wp-json\/wp\/v2\/categories?post=51916"},{"taxonomy":"post_tag","embeddable":true,"href":"https:\/\/elregionalvm.com.ar\/noticias-villa-maria\/wp-json\/wp\/v2\/tags?post=51916"}],"curies":[{"name":"wp","href":"https:\/\/api.w.org\/{rel}","templated":true}]}}