{"id":51949,"date":"2022-02-01T22:13:02","date_gmt":"2022-02-01T22:13:02","guid":{"rendered":"https:\/\/elregionalvm.com.ar\/noticias-villa-maria\/?p=51949"},"modified":"2022-02-01T22:13:03","modified_gmt":"2022-02-01T22:13:03","slug":"ya-puede-visitarse-la-muestra-pintoras-cordobesas-mujeres-en-todos-lados","status":"publish","type":"post","link":"https:\/\/elregionalvm.com.ar\/noticias-villa-maria\/ya-puede-visitarse-la-muestra-pintoras-cordobesas-mujeres-en-todos-lados\/","title":{"rendered":"Ya puede visitarse la Muestra Pintoras Cordobesas Mujeres en Todos Lados"},"content":{"rendered":"\n<p>Con el objetivo de brindar un espacio de promoci\u00f3n a los artistas incipientes, se inaugur\u00f3 la muestra de Pintoras Cordobesas Mujeres en Todos Lados, en el Centro Cultural Comunitario Leonardo Favio.<\/p>\n\n\n\n<p>La apertura de la exposici\u00f3n, que busca promover a las artistas pl\u00e1sticas aficionadas locales y de la regi\u00f3n, cont\u00f3 con las palabras de la presidenta de la Agencia C\u00f3rdoba Cultura, Nora Bedano, el secretario de Educaci\u00f3n, Cultura y Promoci\u00f3n de la Ciencia, Rafael Sachetto y la directora de Museos y Patrimonio, Anal\u00eda Godoy.<\/p>\n\n\n\n<div class=\"wp-block-image\"><figure class=\"aligncenter size-large is-resized\"><img data-recalc-dims=\"1\" fetchpriority=\"high\" decoding=\"async\" src=\"https:\/\/i0.wp.com\/elregionalvm.com.ar\/noticias-villa-maria\/wp-content\/uploads\/2022\/02\/WhatsApp-Image-2022-02-01-at-14.26.26.jpeg?resize=630%2C420&#038;ssl=1\" alt=\"\" class=\"wp-image-51951\" width=\"630\" height=\"420\" srcset=\"https:\/\/i0.wp.com\/elregionalvm.com.ar\/noticias-villa-maria\/wp-content\/uploads\/2022\/02\/WhatsApp-Image-2022-02-01-at-14.26.26.jpeg?resize=1024%2C683&amp;ssl=1 1024w, https:\/\/i0.wp.com\/elregionalvm.com.ar\/noticias-villa-maria\/wp-content\/uploads\/2022\/02\/WhatsApp-Image-2022-02-01-at-14.26.26.jpeg?resize=300%2C200&amp;ssl=1 300w, https:\/\/i0.wp.com\/elregionalvm.com.ar\/noticias-villa-maria\/wp-content\/uploads\/2022\/02\/WhatsApp-Image-2022-02-01-at-14.26.26.jpeg?resize=768%2C512&amp;ssl=1 768w, https:\/\/i0.wp.com\/elregionalvm.com.ar\/noticias-villa-maria\/wp-content\/uploads\/2022\/02\/WhatsApp-Image-2022-02-01-at-14.26.26.jpeg?resize=1536%2C1024&amp;ssl=1 1536w, https:\/\/i0.wp.com\/elregionalvm.com.ar\/noticias-villa-maria\/wp-content\/uploads\/2022\/02\/WhatsApp-Image-2022-02-01-at-14.26.26.jpeg?w=1599&amp;ssl=1 1599w\" sizes=\"(max-width: 630px) 100vw, 630px\" \/><\/figure><\/div>\n\n\n\n<p>Adem\u00e1s, estuvo presente el coordinador de la muestra representante de la Agencia, Jos\u00e9 Casti\u00f1eiras y la directora de Relaciones Institucionales, Silvia Longo.<\/p>\n\n\n\n<p>La presentaci\u00f3n art\u00edstica busca destacar la importancia del trabajo mancomunado entre las distintas \u00e1reas, a fin de generar un espacio de circulaci\u00f3n de aquellas obras que poseen circuitos m\u00e1s reducidos.<\/p>\n\n\n\n<p>Paralelamente, la muestra se proyecta en otros espacios culturales en las ciudades de C\u00f3rdoba y San Francisco. El objetivo es continuar con el trabajo conjunto, para generar una pr\u00f3xima convocatoria y as\u00ed una nueva edici\u00f3n de la propuesta art\u00edstica.<\/p>\n\n\n\n<p>Las obras de arte, pertenecientes a pintoras de nuestra ciudad y de Alto Alegre, R\u00edo Cuarto y Laborde podr\u00e1n apreciarse en la sala de exposici\u00f3n del Leonardo Favio durante todo febrero, en el horario de 9 a 21 horas.<\/p>\n","protected":false},"excerpt":{"rendered":"<p>Con el objetivo de brindar un espacio de promoci\u00f3n a los artistas incipientes, se inaugur\u00f3 la muestra de Pintoras Cordobesas Mujeres en Todos Lados, en el Centro Cultural Comunitario Leonardo Favio. La apertura de la exposici\u00f3n, que busca promover a las artistas pl\u00e1sticas aficionadas locales y de la regi\u00f3n, cont\u00f3 con las palabras de la [&hellip;]<\/p>\n","protected":false},"author":4,"featured_media":51950,"comment_status":"open","ping_status":"open","sticky":false,"template":"","format":"standard","meta":{"site-sidebar-layout":"default","site-content-layout":"default","ast-site-content-layout":"default","site-content-style":"default","site-sidebar-style":"default","ast-global-header-display":"","ast-banner-title-visibility":"","ast-main-header-display":"","ast-hfb-above-header-display":"","ast-hfb-below-header-display":"","ast-hfb-mobile-header-display":"","site-post-title":"","ast-breadcrumbs-content":"","ast-featured-img":"","footer-sml-layout":"","ast-disable-related-posts":"","theme-transparent-header-meta":"default","adv-header-id-meta":"","stick-header-meta":"","header-above-stick-meta":"","header-main-stick-meta":"","header-below-stick-meta":"","astra-migrate-meta-layouts":"default","ast-page-background-enabled":"default","ast-page-background-meta":{"desktop":{"background-color":"","background-image":"","background-repeat":"repeat","background-position":"center center","background-size":"auto","background-attachment":"scroll","background-type":"","background-media":"","overlay-type":"","overlay-color":"","overlay-opacity":"","overlay-gradient":""},"tablet":{"background-color":"","background-image":"","background-repeat":"repeat","background-position":"center center","background-size":"auto","background-attachment":"scroll","background-type":"","background-media":"","overlay-type":"","overlay-color":"","overlay-opacity":"","overlay-gradient":""},"mobile":{"background-color":"","background-image":"","background-repeat":"repeat","background-position":"center center","background-size":"auto","background-attachment":"scroll","background-type":"","background-media":"","overlay-type":"","overlay-color":"","overlay-opacity":"","overlay-gradient":""}},"ast-content-background-meta":{"desktop":{"background-color":"var(--ast-global-color-5)","background-image":"","background-repeat":"repeat","background-position":"center center","background-size":"auto","background-attachment":"scroll","background-type":"","background-media":"","overlay-type":"","overlay-color":"","overlay-opacity":"","overlay-gradient":""},"tablet":{"background-color":"var(--ast-global-color-5)","background-image":"","background-repeat":"repeat","background-position":"center center","background-size":"auto","background-attachment":"scroll","background-type":"","background-media":"","overlay-type":"","overlay-color":"","overlay-opacity":"","overlay-gradient":""},"mobile":{"background-color":"var(--ast-global-color-5)","background-image":"","background-repeat":"repeat","background-position":"center center","background-size":"auto","background-attachment":"scroll","background-type":"","background-media":"","overlay-type":"","overlay-color":"","overlay-opacity":"","overlay-gradient":""}},"_jetpack_memberships_contains_paid_content":false,"_joinchat":[],"footnotes":""},"categories":[2068],"tags":[7280,1232,11226,13445,4044,13444,3697,2248],"class_list":["post-51949","post","type-post","status-publish","format-standard","has-post-thumbnail","hentry","category-cultura-deporte","tag-centro-cultural-leonardo-favio","tag-destacado","tag-muestra","tag-mujeres-en-todos-lados","tag-nora-bedano","tag-pintoras-cordobesas","tag-rafael-sachetto","tag-villa-maria-2"],"yoast_head":"<!-- This site is optimized with the Yoast SEO plugin v26.8 - https:\/\/yoast.com\/product\/yoast-seo-wordpress\/ -->\n<title>Ya puede visitarse la Muestra Pintoras Cordobesas Mujeres en Todos Lados - El Regional<\/title>\n<meta name=\"robots\" content=\"index, follow, max-snippet:-1, max-image-preview:large, max-video-preview:-1\" \/>\n<link rel=\"canonical\" href=\"http:\/\/elregionalvm.com.ar\/noticias-villa-maria\/ya-puede-visitarse-la-muestra-pintoras-cordobesas-mujeres-en-todos-lados\/\" \/>\n<meta property=\"og:locale\" content=\"es_ES\" \/>\n<meta property=\"og:type\" content=\"article\" \/>\n<meta property=\"og:title\" content=\"Ya puede visitarse la Muestra Pintoras Cordobesas Mujeres en Todos Lados - El Regional\" \/>\n<meta property=\"og:description\" content=\"Con el objetivo de brindar un espacio de promoci\u00f3n a los artistas incipientes, se inaugur\u00f3 la muestra de Pintoras Cordobesas Mujeres en Todos Lados, en el Centro Cultural Comunitario Leonardo Favio. La apertura de la exposici\u00f3n, que busca promover a las artistas pl\u00e1sticas aficionadas locales y de la regi\u00f3n, cont\u00f3 con las palabras de la [&hellip;]\" \/>\n<meta property=\"og:url\" content=\"http:\/\/elregionalvm.com.ar\/noticias-villa-maria\/ya-puede-visitarse-la-muestra-pintoras-cordobesas-mujeres-en-todos-lados\/\" \/>\n<meta property=\"og:site_name\" content=\"El Regional\" \/>\n<meta property=\"article:publisher\" content=\"https:\/\/www.facebook.com\/elregionalvm\" \/>\n<meta property=\"article:published_time\" content=\"2022-02-01T22:13:02+00:00\" \/>\n<meta property=\"article:modified_time\" content=\"2022-02-01T22:13:03+00:00\" \/>\n<meta property=\"og:image\" content=\"http:\/\/elregionalvm.com.ar\/noticias-villa-maria\/wp-content\/uploads\/2022\/02\/WhatsApp-Image-2022-02-01-at-14.26.27.jpeg\" \/>\n\t<meta property=\"og:image:width\" content=\"1599\" \/>\n\t<meta property=\"og:image:height\" content=\"1066\" \/>\n\t<meta property=\"og:image:type\" content=\"image\/jpeg\" \/>\n<meta name=\"author\" content=\"Contenidos El Regional\" \/>\n<meta name=\"twitter:card\" content=\"summary_large_image\" \/>\n<meta name=\"twitter:creator\" content=\"@elregionalvm1\" \/>\n<meta name=\"twitter:site\" content=\"@elregionalvm1\" \/>\n<meta name=\"twitter:label1\" content=\"Escrito por\" \/>\n\t<meta name=\"twitter:data1\" content=\"Contenidos El Regional\" \/>\n\t<meta name=\"twitter:label2\" content=\"Tiempo de lectura\" \/>\n\t<meta name=\"twitter:data2\" content=\"2 minutos\" \/>\n<script type=\"application\/ld+json\" class=\"yoast-schema-graph\">{\"@context\":\"https:\/\/schema.org\",\"@graph\":[{\"@type\":\"Article\",\"@id\":\"http:\/\/elregionalvm.com.ar\/noticias-villa-maria\/ya-puede-visitarse-la-muestra-pintoras-cordobesas-mujeres-en-todos-lados\/#article\",\"isPartOf\":{\"@id\":\"http:\/\/elregionalvm.com.ar\/noticias-villa-maria\/ya-puede-visitarse-la-muestra-pintoras-cordobesas-mujeres-en-todos-lados\/\"},\"author\":{\"name\":\"Contenidos El Regional\",\"@id\":\"http:\/\/elregionalvm.com.ar\/noticias-villa-maria\/#\/schema\/person\/a0fb9c422317faca23d50163151bc354\"},\"headline\":\"Ya puede visitarse la Muestra Pintoras Cordobesas Mujeres en Todos Lados\",\"datePublished\":\"2022-02-01T22:13:02+00:00\",\"dateModified\":\"2022-02-01T22:13:03+00:00\",\"mainEntityOfPage\":{\"@id\":\"http:\/\/elregionalvm.com.ar\/noticias-villa-maria\/ya-puede-visitarse-la-muestra-pintoras-cordobesas-mujeres-en-todos-lados\/\"},\"wordCount\":244,\"commentCount\":0,\"image\":{\"@id\":\"http:\/\/elregionalvm.com.ar\/noticias-villa-maria\/ya-puede-visitarse-la-muestra-pintoras-cordobesas-mujeres-en-todos-lados\/#primaryimage\"},\"thumbnailUrl\":\"https:\/\/i0.wp.com\/elregionalvm.com.ar\/noticias-villa-maria\/wp-content\/uploads\/2022\/02\/WhatsApp-Image-2022-02-01-at-14.26.27.jpeg?fit=1599%2C1066&ssl=1\",\"keywords\":[\"Centro Cultural Leonardo Favio\",\"destacado\",\"muestra\",\"Mujeres en todos lados\",\"Nora Bedano\",\"Pintoras Cordobesas\",\"Rafael Sachetto\",\"Villa Mar\u00eda\"],\"articleSection\":[\"Cultura\"],\"inLanguage\":\"es\",\"potentialAction\":[{\"@type\":\"CommentAction\",\"name\":\"Comment\",\"target\":[\"http:\/\/elregionalvm.com.ar\/noticias-villa-maria\/ya-puede-visitarse-la-muestra-pintoras-cordobesas-mujeres-en-todos-lados\/#respond\"]}]},{\"@type\":\"WebPage\",\"@id\":\"http:\/\/elregionalvm.com.ar\/noticias-villa-maria\/ya-puede-visitarse-la-muestra-pintoras-cordobesas-mujeres-en-todos-lados\/\",\"url\":\"http:\/\/elregionalvm.com.ar\/noticias-villa-maria\/ya-puede-visitarse-la-muestra-pintoras-cordobesas-mujeres-en-todos-lados\/\",\"name\":\"Ya puede visitarse la Muestra Pintoras Cordobesas Mujeres en Todos Lados - El Regional\",\"isPartOf\":{\"@id\":\"http:\/\/elregionalvm.com.ar\/noticias-villa-maria\/#website\"},\"primaryImageOfPage\":{\"@id\":\"http:\/\/elregionalvm.com.ar\/noticias-villa-maria\/ya-puede-visitarse-la-muestra-pintoras-cordobesas-mujeres-en-todos-lados\/#primaryimage\"},\"image\":{\"@id\":\"http:\/\/elregionalvm.com.ar\/noticias-villa-maria\/ya-puede-visitarse-la-muestra-pintoras-cordobesas-mujeres-en-todos-lados\/#primaryimage\"},\"thumbnailUrl\":\"https:\/\/i0.wp.com\/elregionalvm.com.ar\/noticias-villa-maria\/wp-content\/uploads\/2022\/02\/WhatsApp-Image-2022-02-01-at-14.26.27.jpeg?fit=1599%2C1066&ssl=1\",\"datePublished\":\"2022-02-01T22:13:02+00:00\",\"dateModified\":\"2022-02-01T22:13:03+00:00\",\"author\":{\"@id\":\"http:\/\/elregionalvm.com.ar\/noticias-villa-maria\/#\/schema\/person\/a0fb9c422317faca23d50163151bc354\"},\"breadcrumb\":{\"@id\":\"http:\/\/elregionalvm.com.ar\/noticias-villa-maria\/ya-puede-visitarse-la-muestra-pintoras-cordobesas-mujeres-en-todos-lados\/#breadcrumb\"},\"inLanguage\":\"es\",\"potentialAction\":[{\"@type\":\"ReadAction\",\"target\":[\"http:\/\/elregionalvm.com.ar\/noticias-villa-maria\/ya-puede-visitarse-la-muestra-pintoras-cordobesas-mujeres-en-todos-lados\/\"]}]},{\"@type\":\"ImageObject\",\"inLanguage\":\"es\",\"@id\":\"http:\/\/elregionalvm.com.ar\/noticias-villa-maria\/ya-puede-visitarse-la-muestra-pintoras-cordobesas-mujeres-en-todos-lados\/#primaryimage\",\"url\":\"https:\/\/i0.wp.com\/elregionalvm.com.ar\/noticias-villa-maria\/wp-content\/uploads\/2022\/02\/WhatsApp-Image-2022-02-01-at-14.26.27.jpeg?fit=1599%2C1066&ssl=1\",\"contentUrl\":\"https:\/\/i0.wp.com\/elregionalvm.com.ar\/noticias-villa-maria\/wp-content\/uploads\/2022\/02\/WhatsApp-Image-2022-02-01-at-14.26.27.jpeg?fit=1599%2C1066&ssl=1\",\"width\":1599,\"height\":1066},{\"@type\":\"BreadcrumbList\",\"@id\":\"http:\/\/elregionalvm.com.ar\/noticias-villa-maria\/ya-puede-visitarse-la-muestra-pintoras-cordobesas-mujeres-en-todos-lados\/#breadcrumb\",\"itemListElement\":[{\"@type\":\"ListItem\",\"position\":1,\"name\":\"Portada\",\"item\":\"https:\/\/elregionalvm.com.ar\/noticias-villa-maria\/\"},{\"@type\":\"ListItem\",\"position\":2,\"name\":\"Ya puede visitarse la Muestra Pintoras Cordobesas Mujeres en Todos Lados\"}]},{\"@type\":\"WebSite\",\"@id\":\"http:\/\/elregionalvm.com.ar\/noticias-villa-maria\/#website\",\"url\":\"http:\/\/elregionalvm.com.ar\/noticias-villa-maria\/\",\"name\":\"El Regional\",\"description\":\"Mucho m\u00e1s que informaci\u00f3n\",\"potentialAction\":[{\"@type\":\"SearchAction\",\"target\":{\"@type\":\"EntryPoint\",\"urlTemplate\":\"http:\/\/elregionalvm.com.ar\/noticias-villa-maria\/?s={search_term_string}\"},\"query-input\":{\"@type\":\"PropertyValueSpecification\",\"valueRequired\":true,\"valueName\":\"search_term_string\"}}],\"inLanguage\":\"es\"},{\"@type\":\"Person\",\"@id\":\"http:\/\/elregionalvm.com.ar\/noticias-villa-maria\/#\/schema\/person\/a0fb9c422317faca23d50163151bc354\",\"name\":\"Contenidos El Regional\",\"image\":{\"@type\":\"ImageObject\",\"inLanguage\":\"es\",\"@id\":\"http:\/\/elregionalvm.com.ar\/noticias-villa-maria\/#\/schema\/person\/image\/\",\"url\":\"https:\/\/secure.gravatar.com\/avatar\/265b27cb2209af7bb3a1318f03305787d7981a5cc6e6cd08fe5a4ecdf99d4b48?s=96&d=mm&r=g\",\"contentUrl\":\"https:\/\/secure.gravatar.com\/avatar\/265b27cb2209af7bb3a1318f03305787d7981a5cc6e6cd08fe5a4ecdf99d4b48?s=96&d=mm&r=g\",\"caption\":\"Contenidos El Regional\"},\"url\":\"https:\/\/elregionalvm.com.ar\/noticias-villa-maria\/author\/contenido\/\"}]}<\/script>\n<!-- \/ Yoast SEO plugin. -->","yoast_head_json":{"title":"Ya puede visitarse la Muestra Pintoras Cordobesas Mujeres en Todos Lados - El Regional","robots":{"index":"index","follow":"follow","max-snippet":"max-snippet:-1","max-image-preview":"max-image-preview:large","max-video-preview":"max-video-preview:-1"},"canonical":"http:\/\/elregionalvm.com.ar\/noticias-villa-maria\/ya-puede-visitarse-la-muestra-pintoras-cordobesas-mujeres-en-todos-lados\/","og_locale":"es_ES","og_type":"article","og_title":"Ya puede visitarse la Muestra Pintoras Cordobesas Mujeres en Todos Lados - El Regional","og_description":"Con el objetivo de brindar un espacio de promoci\u00f3n a los artistas incipientes, se inaugur\u00f3 la muestra de Pintoras Cordobesas Mujeres en Todos Lados, en el Centro Cultural Comunitario Leonardo Favio. La apertura de la exposici\u00f3n, que busca promover a las artistas pl\u00e1sticas aficionadas locales y de la regi\u00f3n, cont\u00f3 con las palabras de la [&hellip;]","og_url":"http:\/\/elregionalvm.com.ar\/noticias-villa-maria\/ya-puede-visitarse-la-muestra-pintoras-cordobesas-mujeres-en-todos-lados\/","og_site_name":"El Regional","article_publisher":"https:\/\/www.facebook.com\/elregionalvm","article_published_time":"2022-02-01T22:13:02+00:00","article_modified_time":"2022-02-01T22:13:03+00:00","og_image":[{"width":1599,"height":1066,"url":"http:\/\/elregionalvm.com.ar\/noticias-villa-maria\/wp-content\/uploads\/2022\/02\/WhatsApp-Image-2022-02-01-at-14.26.27.jpeg","type":"image\/jpeg"}],"author":"Contenidos El Regional","twitter_card":"summary_large_image","twitter_creator":"@elregionalvm1","twitter_site":"@elregionalvm1","twitter_misc":{"Escrito por":"Contenidos El Regional","Tiempo de lectura":"2 minutos"},"schema":{"@context":"https:\/\/schema.org","@graph":[{"@type":"Article","@id":"http:\/\/elregionalvm.com.ar\/noticias-villa-maria\/ya-puede-visitarse-la-muestra-pintoras-cordobesas-mujeres-en-todos-lados\/#article","isPartOf":{"@id":"http:\/\/elregionalvm.com.ar\/noticias-villa-maria\/ya-puede-visitarse-la-muestra-pintoras-cordobesas-mujeres-en-todos-lados\/"},"author":{"name":"Contenidos El Regional","@id":"http:\/\/elregionalvm.com.ar\/noticias-villa-maria\/#\/schema\/person\/a0fb9c422317faca23d50163151bc354"},"headline":"Ya puede visitarse la Muestra Pintoras Cordobesas Mujeres en Todos Lados","datePublished":"2022-02-01T22:13:02+00:00","dateModified":"2022-02-01T22:13:03+00:00","mainEntityOfPage":{"@id":"http:\/\/elregionalvm.com.ar\/noticias-villa-maria\/ya-puede-visitarse-la-muestra-pintoras-cordobesas-mujeres-en-todos-lados\/"},"wordCount":244,"commentCount":0,"image":{"@id":"http:\/\/elregionalvm.com.ar\/noticias-villa-maria\/ya-puede-visitarse-la-muestra-pintoras-cordobesas-mujeres-en-todos-lados\/#primaryimage"},"thumbnailUrl":"https:\/\/i0.wp.com\/elregionalvm.com.ar\/noticias-villa-maria\/wp-content\/uploads\/2022\/02\/WhatsApp-Image-2022-02-01-at-14.26.27.jpeg?fit=1599%2C1066&ssl=1","keywords":["Centro Cultural Leonardo Favio","destacado","muestra","Mujeres en todos lados","Nora Bedano","Pintoras Cordobesas","Rafael Sachetto","Villa Mar\u00eda"],"articleSection":["Cultura"],"inLanguage":"es","potentialAction":[{"@type":"CommentAction","name":"Comment","target":["http:\/\/elregionalvm.com.ar\/noticias-villa-maria\/ya-puede-visitarse-la-muestra-pintoras-cordobesas-mujeres-en-todos-lados\/#respond"]}]},{"@type":"WebPage","@id":"http:\/\/elregionalvm.com.ar\/noticias-villa-maria\/ya-puede-visitarse-la-muestra-pintoras-cordobesas-mujeres-en-todos-lados\/","url":"http:\/\/elregionalvm.com.ar\/noticias-villa-maria\/ya-puede-visitarse-la-muestra-pintoras-cordobesas-mujeres-en-todos-lados\/","name":"Ya puede visitarse la Muestra Pintoras Cordobesas Mujeres en Todos Lados - El Regional","isPartOf":{"@id":"http:\/\/elregionalvm.com.ar\/noticias-villa-maria\/#website"},"primaryImageOfPage":{"@id":"http:\/\/elregionalvm.com.ar\/noticias-villa-maria\/ya-puede-visitarse-la-muestra-pintoras-cordobesas-mujeres-en-todos-lados\/#primaryimage"},"image":{"@id":"http:\/\/elregionalvm.com.ar\/noticias-villa-maria\/ya-puede-visitarse-la-muestra-pintoras-cordobesas-mujeres-en-todos-lados\/#primaryimage"},"thumbnailUrl":"https:\/\/i0.wp.com\/elregionalvm.com.ar\/noticias-villa-maria\/wp-content\/uploads\/2022\/02\/WhatsApp-Image-2022-02-01-at-14.26.27.jpeg?fit=1599%2C1066&ssl=1","datePublished":"2022-02-01T22:13:02+00:00","dateModified":"2022-02-01T22:13:03+00:00","author":{"@id":"http:\/\/elregionalvm.com.ar\/noticias-villa-maria\/#\/schema\/person\/a0fb9c422317faca23d50163151bc354"},"breadcrumb":{"@id":"http:\/\/elregionalvm.com.ar\/noticias-villa-maria\/ya-puede-visitarse-la-muestra-pintoras-cordobesas-mujeres-en-todos-lados\/#breadcrumb"},"inLanguage":"es","potentialAction":[{"@type":"ReadAction","target":["http:\/\/elregionalvm.com.ar\/noticias-villa-maria\/ya-puede-visitarse-la-muestra-pintoras-cordobesas-mujeres-en-todos-lados\/"]}]},{"@type":"ImageObject","inLanguage":"es","@id":"http:\/\/elregionalvm.com.ar\/noticias-villa-maria\/ya-puede-visitarse-la-muestra-pintoras-cordobesas-mujeres-en-todos-lados\/#primaryimage","url":"https:\/\/i0.wp.com\/elregionalvm.com.ar\/noticias-villa-maria\/wp-content\/uploads\/2022\/02\/WhatsApp-Image-2022-02-01-at-14.26.27.jpeg?fit=1599%2C1066&ssl=1","contentUrl":"https:\/\/i0.wp.com\/elregionalvm.com.ar\/noticias-villa-maria\/wp-content\/uploads\/2022\/02\/WhatsApp-Image-2022-02-01-at-14.26.27.jpeg?fit=1599%2C1066&ssl=1","width":1599,"height":1066},{"@type":"BreadcrumbList","@id":"http:\/\/elregionalvm.com.ar\/noticias-villa-maria\/ya-puede-visitarse-la-muestra-pintoras-cordobesas-mujeres-en-todos-lados\/#breadcrumb","itemListElement":[{"@type":"ListItem","position":1,"name":"Portada","item":"https:\/\/elregionalvm.com.ar\/noticias-villa-maria\/"},{"@type":"ListItem","position":2,"name":"Ya puede visitarse la Muestra Pintoras Cordobesas Mujeres en Todos Lados"}]},{"@type":"WebSite","@id":"http:\/\/elregionalvm.com.ar\/noticias-villa-maria\/#website","url":"http:\/\/elregionalvm.com.ar\/noticias-villa-maria\/","name":"El Regional","description":"Mucho m\u00e1s que informaci\u00f3n","potentialAction":[{"@type":"SearchAction","target":{"@type":"EntryPoint","urlTemplate":"http:\/\/elregionalvm.com.ar\/noticias-villa-maria\/?s={search_term_string}"},"query-input":{"@type":"PropertyValueSpecification","valueRequired":true,"valueName":"search_term_string"}}],"inLanguage":"es"},{"@type":"Person","@id":"http:\/\/elregionalvm.com.ar\/noticias-villa-maria\/#\/schema\/person\/a0fb9c422317faca23d50163151bc354","name":"Contenidos El Regional","image":{"@type":"ImageObject","inLanguage":"es","@id":"http:\/\/elregionalvm.com.ar\/noticias-villa-maria\/#\/schema\/person\/image\/","url":"https:\/\/secure.gravatar.com\/avatar\/265b27cb2209af7bb3a1318f03305787d7981a5cc6e6cd08fe5a4ecdf99d4b48?s=96&d=mm&r=g","contentUrl":"https:\/\/secure.gravatar.com\/avatar\/265b27cb2209af7bb3a1318f03305787d7981a5cc6e6cd08fe5a4ecdf99d4b48?s=96&d=mm&r=g","caption":"Contenidos El Regional"},"url":"https:\/\/elregionalvm.com.ar\/noticias-villa-maria\/author\/contenido\/"}]}},"jetpack_featured_media_url":"https:\/\/i0.wp.com\/elregionalvm.com.ar\/noticias-villa-maria\/wp-content\/uploads\/2022\/02\/WhatsApp-Image-2022-02-01-at-14.26.27.jpeg?fit=1599%2C1066&ssl=1","jetpack_sharing_enabled":true,"_links":{"self":[{"href":"https:\/\/elregionalvm.com.ar\/noticias-villa-maria\/wp-json\/wp\/v2\/posts\/51949","targetHints":{"allow":["GET"]}}],"collection":[{"href":"https:\/\/elregionalvm.com.ar\/noticias-villa-maria\/wp-json\/wp\/v2\/posts"}],"about":[{"href":"https:\/\/elregionalvm.com.ar\/noticias-villa-maria\/wp-json\/wp\/v2\/types\/post"}],"author":[{"embeddable":true,"href":"https:\/\/elregionalvm.com.ar\/noticias-villa-maria\/wp-json\/wp\/v2\/users\/4"}],"replies":[{"embeddable":true,"href":"https:\/\/elregionalvm.com.ar\/noticias-villa-maria\/wp-json\/wp\/v2\/comments?post=51949"}],"version-history":[{"count":1,"href":"https:\/\/elregionalvm.com.ar\/noticias-villa-maria\/wp-json\/wp\/v2\/posts\/51949\/revisions"}],"predecessor-version":[{"id":51952,"href":"https:\/\/elregionalvm.com.ar\/noticias-villa-maria\/wp-json\/wp\/v2\/posts\/51949\/revisions\/51952"}],"wp:featuredmedia":[{"embeddable":true,"href":"https:\/\/elregionalvm.com.ar\/noticias-villa-maria\/wp-json\/wp\/v2\/media\/51950"}],"wp:attachment":[{"href":"https:\/\/elregionalvm.com.ar\/noticias-villa-maria\/wp-json\/wp\/v2\/media?parent=51949"}],"wp:term":[{"taxonomy":"category","embeddable":true,"href":"https:\/\/elregionalvm.com.ar\/noticias-villa-maria\/wp-json\/wp\/v2\/categories?post=51949"},{"taxonomy":"post_tag","embeddable":true,"href":"https:\/\/elregionalvm.com.ar\/noticias-villa-maria\/wp-json\/wp\/v2\/tags?post=51949"}],"curies":[{"name":"wp","href":"https:\/\/api.w.org\/{rel}","templated":true}]}}