{"id":51953,"date":"2022-02-01T22:35:40","date_gmt":"2022-02-01T22:35:40","guid":{"rendered":"https:\/\/elregionalvm.com.ar\/noticias-villa-maria\/?p=51953"},"modified":"2022-02-01T22:35:41","modified_gmt":"2022-02-01T22:35:41","slug":"duro-discurso-de-schiaretti-en-defensa-del-federalismo-y-cordoba-en-particular","status":"publish","type":"post","link":"https:\/\/elregionalvm.com.ar\/noticias-villa-maria\/duro-discurso-de-schiaretti-en-defensa-del-federalismo-y-cordoba-en-particular\/","title":{"rendered":"Duro discurso de Schiaretti, en defensa del Federalismo y C\u00f3rdoba en particular"},"content":{"rendered":"\n<p>En un discurso con una fuerte cr\u00edtica al gobierno actual y al centralismo porte\u00f1o, el gobernador Schiaretti insisti\u00f3 en que hay desigualdad en la distribuci\u00f3n de los subsidios y reclam\u00f3 la eliminaci\u00f3n a las retenciones a las exportaciones agropecuarias y el cepo a la carne, entre otros temas que puso de relieve y que repasamos en la presente nota.<\/p>\n\n\n\n<p>Todo se dio en el marco de la inauguraci\u00f3n de esta ma\u00f1ana el 144\u00b0 per\u00edodo de sesiones ordinarias en la Legislatura provincial. El mandatario cordob\u00e9s abri\u00f3 su discurso haciendo referencia a la pandemia de Covid-19 y al esfuerzo provincial por atajar sus efectos sobre la poblaci\u00f3n: \u201cEste \u00faltimo a\u00f1o hemos invertido para atender el Covid 22.500 millones de pesos, o sea 240 millones de d\u00f3lares. Reitero, solo para atender la pandemia sin considerar las dem\u00e1s erogaciones en salud p\u00fablica de C\u00f3rdoba\u201d.<\/p>\n\n\n\n<p>El gobernador agradeci\u00f3 adem\u00e1s a los diferentes sectores de la salud que trabajaron en conjunto y articuladamente para enfrentar la enfermedad: \u201cQuiero agradecer a los equipos de salud -p\u00fablicos y privados- que han dejado todo, y lo siguen haciendo. Tambi\u00e9n, a cada uno de los que colaboraron desde la primera hora: intendentes, jefes comunales, docentes, Fuerzas Armadas y de Seguridad, fuerzas pol\u00edticas de la oposici\u00f3n, de la producci\u00f3n y el trabajo, los voluntarios, las organizaciones civiles, religiosas, etc.\u201d.<\/p>\n\n\n\n<p>Por otro lado, Schiaretti remarc\u00f3 la necesidad de construir un pa\u00eds federal: \u201cSeguimos siendo un pa\u00eds unitario, donde el Estado nacional gobierna fundamentalmente para el AMBA (\u00c1rea Metropolitana de Buenos Aires), que tiene privilegios en detrimento del interior profundo de la Patria. Estos privilegios se profundizaron en los \u00faltimos a\u00f1os\u201d.<\/p>\n\n\n\n<p>En este sentido, el gobernador insisti\u00f3 con el reclamo al Gobierno nacional por el reparto equitativo de subsidios. \u201cEn el transporte de pasajeros, el AMBA pas\u00f3 a concentrar el 83,2% de los subsidios; en la energ\u00eda el\u00e9ctrica, mientras en el interior del pa\u00eds cada provincia se hace cargo de su distribuci\u00f3n, es el Estado nacional quien presta el servicio en el AMBA a trav\u00e9s de las empresas Edenor y Edesur, que recibieron 112 mil millones de pesos de subsidio, lo mismo sucede con las cloacas y el agua. Es la Naci\u00f3n quien presta el servicio solo en el AMBA a trav\u00e9s de AYSA, que en 2021 recibi\u00f3 102 mil millones de pesos del Tesoro nacional y recibir\u00e1 193 mil millones en 2022\u201d.<\/p>\n\n\n\n<div class=\"wp-block-image\"><figure class=\"aligncenter size-large is-resized\"><img data-recalc-dims=\"1\" fetchpriority=\"high\" decoding=\"async\" src=\"https:\/\/i0.wp.com\/elregionalvm.com.ar\/noticias-villa-maria\/wp-content\/uploads\/2022\/02\/schiaretti-unicameral.jpg?resize=607%2C404&#038;ssl=1\" alt=\"\" class=\"wp-image-51956\" width=\"607\" height=\"404\" srcset=\"https:\/\/i0.wp.com\/elregionalvm.com.ar\/noticias-villa-maria\/wp-content\/uploads\/2022\/02\/schiaretti-unicameral.jpg?resize=1024%2C682&amp;ssl=1 1024w, https:\/\/i0.wp.com\/elregionalvm.com.ar\/noticias-villa-maria\/wp-content\/uploads\/2022\/02\/schiaretti-unicameral.jpg?resize=300%2C200&amp;ssl=1 300w, https:\/\/i0.wp.com\/elregionalvm.com.ar\/noticias-villa-maria\/wp-content\/uploads\/2022\/02\/schiaretti-unicameral.jpg?resize=768%2C512&amp;ssl=1 768w, https:\/\/i0.wp.com\/elregionalvm.com.ar\/noticias-villa-maria\/wp-content\/uploads\/2022\/02\/schiaretti-unicameral.jpg?w=1280&amp;ssl=1 1280w\" sizes=\"(max-width: 607px) 100vw, 607px\" \/><\/figure><\/div>\n\n\n\n<p>En otro de los ejes destacados de su discurso, Schiaretti reiter\u00f3 la defensa del sector productivo cordob\u00e9s, pidiendo una vez m\u00e1s, la eliminaci\u00f3n de retenciones al agro y cepo a la carne. En este sentido, el mandatario indic\u00f3: \u201cC\u00f3rdoba reitera el reclamo de que se elimine este impuesto que no existe en ning\u00fan lugar de nuestra Am\u00e9rica Latina, ni en ning\u00fan lugar en el mundo. Que se eliminen inmediatamente las retenciones al complejo l\u00e1cteo, manicero y de legumbres. Asimismo, reclamamos que se acabe inmediatamente con el cepo a la exportaci\u00f3n de carnes que perjudica a nuestra producci\u00f3n y no logr\u00f3 nunca bajar su precio en la mesa de los argentinos\u201d.<\/p>\n\n\n\n<p>En tanto, el gobernador insisti\u00f3 en el reclamo de la deuda del Gobierno anterior: \u201cNuestra Provincia reclama tambi\u00e9n que la Naci\u00f3n nos pague los 210 millones de d\u00f3lares que nos deben por incumplimientos de convenios de obras viales firmadas por el anterior Gobierno nacional, el que no pag\u00f3 pr\u00e1cticamente nada: ni de la Circunvalaci\u00f3n de C\u00f3rdoba, ni de la Bajada de Altas Cumbres, ni de la variante Costa Azul. Todas estas obras las tuvo que hacer la Provincia con recursos propios\u201d.<\/p>\n\n\n\n<p>En este sentido, Schiaretti remarc\u00f3: \u201cLos cordobeses no le debemos nada a la Naci\u00f3n, al contrario. Es ella quien nos mete la mano en el bolsillo con las retenciones a las exportaciones desde hace m\u00e1s de 15 a\u00f1os y ni nos paga las obras que firm\u00f3\u201d.<\/p>\n\n\n\n<p>A continuaci\u00f3n les dejamos el texto del discurso completo:<\/p>\n\n\n\n<div class=\"wp-block-file\"><a href=\"https:\/\/elregionalvm.com.ar\/noticias-villa-maria\/wp-content\/uploads\/2022\/02\/Discurso-Periodo-Legislativo-No144-pdf-1.pdf\">Discurso-Periodo-Legislativo-No144-pdf-1<\/a><a href=\"https:\/\/elregionalvm.com.ar\/noticias-villa-maria\/wp-content\/uploads\/2022\/02\/Discurso-Periodo-Legislativo-No144-pdf-1.pdf\" class=\"wp-block-file__button\" download>Descarga<\/a><\/div>\n","protected":false},"excerpt":{"rendered":"<p>En un discurso con una fuerte cr\u00edtica al gobierno actual y al centralismo porte\u00f1o, el gobernador Schiaretti insisti\u00f3 en que hay desigualdad en la distribuci\u00f3n de los subsidios y reclam\u00f3 la eliminaci\u00f3n a las retenciones a las exportaciones agropecuarias y el cepo a la carne, entre otros temas que puso de relieve y que repasamos [&hellip;]<\/p>\n","protected":false},"author":4,"featured_media":51955,"comment_status":"open","ping_status":"open","sticky":false,"template":"","format":"standard","meta":{"site-sidebar-layout":"default","site-content-layout":"default","ast-site-content-layout":"default","site-content-style":"default","site-sidebar-style":"default","ast-global-header-display":"","ast-banner-title-visibility":"","ast-main-header-display":"","ast-hfb-above-header-display":"","ast-hfb-below-header-display":"","ast-hfb-mobile-header-display":"","site-post-title":"","ast-breadcrumbs-content":"","ast-featured-img":"","footer-sml-layout":"","ast-disable-related-posts":"","theme-transparent-header-meta":"default","adv-header-id-meta":"","stick-header-meta":"","header-above-stick-meta":"","header-main-stick-meta":"","header-below-stick-meta":"","astra-migrate-meta-layouts":"default","ast-page-background-enabled":"default","ast-page-background-meta":{"desktop":{"background-color":"","background-image":"","background-repeat":"repeat","background-position":"center center","background-size":"auto","background-attachment":"scroll","background-type":"","background-media":"","overlay-type":"","overlay-color":"","overlay-opacity":"","overlay-gradient":""},"tablet":{"background-color":"","background-image":"","background-repeat":"repeat","background-position":"center center","background-size":"auto","background-attachment":"scroll","background-type":"","background-media":"","overlay-type":"","overlay-color":"","overlay-opacity":"","overlay-gradient":""},"mobile":{"background-color":"","background-image":"","background-repeat":"repeat","background-position":"center center","background-size":"auto","background-attachment":"scroll","background-type":"","background-media":"","overlay-type":"","overlay-color":"","overlay-opacity":"","overlay-gradient":""}},"ast-content-background-meta":{"desktop":{"background-color":"var(--ast-global-color-5)","background-image":"","background-repeat":"repeat","background-position":"center center","background-size":"auto","background-attachment":"scroll","background-type":"","background-media":"","overlay-type":"","overlay-color":"","overlay-opacity":"","overlay-gradient":""},"tablet":{"background-color":"var(--ast-global-color-5)","background-image":"","background-repeat":"repeat","background-position":"center center","background-size":"auto","background-attachment":"scroll","background-type":"","background-media":"","overlay-type":"","overlay-color":"","overlay-opacity":"","overlay-gradient":""},"mobile":{"background-color":"var(--ast-global-color-5)","background-image":"","background-repeat":"repeat","background-position":"center center","background-size":"auto","background-attachment":"scroll","background-type":"","background-media":"","overlay-type":"","overlay-color":"","overlay-opacity":"","overlay-gradient":""}},"_jetpack_memberships_contains_paid_content":false,"_joinchat":[],"footnotes":""},"categories":[2089],"tags":[13446,13448,7375,1232,13447,10354,519,2447,4512,3498,13042],"class_list":["post-51953","post","type-post","status-publish","format-standard","has-post-thumbnail","hentry","category-politica","tag-144o-periodo","tag-amplio-temario","tag-apertura-de-sesiones","tag-destacado","tag-federalismo","tag-gobernador-schiaretti","tag-politica","tag-reclamos","tag-retenciones","tag-subsidios","tag-unicameral"],"yoast_head":"<!-- This site is optimized with the Yoast SEO plugin v26.8 - https:\/\/yoast.com\/product\/yoast-seo-wordpress\/ -->\n<title>Duro discurso de Schiaretti, en defensa del Federalismo y C\u00f3rdoba en particular - El Regional<\/title>\n<meta name=\"robots\" content=\"index, follow, max-snippet:-1, max-image-preview:large, max-video-preview:-1\" \/>\n<link rel=\"canonical\" href=\"http:\/\/elregionalvm.com.ar\/noticias-villa-maria\/duro-discurso-de-schiaretti-en-defensa-del-federalismo-y-cordoba-en-particular\/\" \/>\n<meta property=\"og:locale\" content=\"es_ES\" \/>\n<meta property=\"og:type\" content=\"article\" \/>\n<meta property=\"og:title\" content=\"Duro discurso de Schiaretti, en defensa del Federalismo y C\u00f3rdoba en particular - El Regional\" \/>\n<meta property=\"og:description\" content=\"En un discurso con una fuerte cr\u00edtica al gobierno actual y al centralismo porte\u00f1o, el gobernador Schiaretti insisti\u00f3 en que hay desigualdad en la distribuci\u00f3n de los subsidios y reclam\u00f3 la eliminaci\u00f3n a las retenciones a las exportaciones agropecuarias y el cepo a la carne, entre otros temas que puso de relieve y que repasamos [&hellip;]\" \/>\n<meta property=\"og:url\" content=\"http:\/\/elregionalvm.com.ar\/noticias-villa-maria\/duro-discurso-de-schiaretti-en-defensa-del-federalismo-y-cordoba-en-particular\/\" \/>\n<meta property=\"og:site_name\" content=\"El Regional\" \/>\n<meta property=\"article:publisher\" content=\"https:\/\/www.facebook.com\/elregionalvm\" \/>\n<meta property=\"article:published_time\" content=\"2022-02-01T22:35:40+00:00\" \/>\n<meta property=\"article:modified_time\" content=\"2022-02-01T22:35:41+00:00\" \/>\n<meta property=\"og:image\" content=\"http:\/\/elregionalvm.com.ar\/noticias-villa-maria\/wp-content\/uploads\/2022\/02\/schiaretti-discurso.jpg\" \/>\n\t<meta property=\"og:image:width\" content=\"1600\" \/>\n\t<meta property=\"og:image:height\" content=\"1066\" \/>\n\t<meta property=\"og:image:type\" content=\"image\/jpeg\" \/>\n<meta name=\"author\" content=\"Contenidos El Regional\" \/>\n<meta name=\"twitter:card\" content=\"summary_large_image\" \/>\n<meta name=\"twitter:creator\" content=\"@elregionalvm1\" \/>\n<meta name=\"twitter:site\" content=\"@elregionalvm1\" \/>\n<meta name=\"twitter:label1\" content=\"Escrito por\" \/>\n\t<meta name=\"twitter:data1\" content=\"Contenidos El Regional\" \/>\n\t<meta name=\"twitter:label2\" content=\"Tiempo de lectura\" \/>\n\t<meta name=\"twitter:data2\" content=\"4 minutos\" \/>\n<script type=\"application\/ld+json\" class=\"yoast-schema-graph\">{\"@context\":\"https:\/\/schema.org\",\"@graph\":[{\"@type\":\"Article\",\"@id\":\"http:\/\/elregionalvm.com.ar\/noticias-villa-maria\/duro-discurso-de-schiaretti-en-defensa-del-federalismo-y-cordoba-en-particular\/#article\",\"isPartOf\":{\"@id\":\"http:\/\/elregionalvm.com.ar\/noticias-villa-maria\/duro-discurso-de-schiaretti-en-defensa-del-federalismo-y-cordoba-en-particular\/\"},\"author\":{\"name\":\"Contenidos El Regional\",\"@id\":\"http:\/\/elregionalvm.com.ar\/noticias-villa-maria\/#\/schema\/person\/a0fb9c422317faca23d50163151bc354\"},\"headline\":\"Duro discurso de Schiaretti, en defensa del Federalismo y C\u00f3rdoba en particular\",\"datePublished\":\"2022-02-01T22:35:40+00:00\",\"dateModified\":\"2022-02-01T22:35:41+00:00\",\"mainEntityOfPage\":{\"@id\":\"http:\/\/elregionalvm.com.ar\/noticias-villa-maria\/duro-discurso-de-schiaretti-en-defensa-del-federalismo-y-cordoba-en-particular\/\"},\"wordCount\":691,\"commentCount\":0,\"image\":{\"@id\":\"http:\/\/elregionalvm.com.ar\/noticias-villa-maria\/duro-discurso-de-schiaretti-en-defensa-del-federalismo-y-cordoba-en-particular\/#primaryimage\"},\"thumbnailUrl\":\"https:\/\/i0.wp.com\/elregionalvm.com.ar\/noticias-villa-maria\/wp-content\/uploads\/2022\/02\/schiaretti-discurso.jpg?fit=1600%2C1066&ssl=1\",\"keywords\":[\"144\u00ba per\u00edodo\",\"amplio temario\",\"Apertura de sesiones\",\"destacado\",\"Federalismo\",\"gobernador Schiaretti\",\"Pol\u00edtica\",\"Reclamos\",\"Retenciones\",\"subsidios\",\"Unicameral\"],\"articleSection\":[\"Pol\u00edtica\"],\"inLanguage\":\"es\",\"potentialAction\":[{\"@type\":\"CommentAction\",\"name\":\"Comment\",\"target\":[\"http:\/\/elregionalvm.com.ar\/noticias-villa-maria\/duro-discurso-de-schiaretti-en-defensa-del-federalismo-y-cordoba-en-particular\/#respond\"]}]},{\"@type\":\"WebPage\",\"@id\":\"http:\/\/elregionalvm.com.ar\/noticias-villa-maria\/duro-discurso-de-schiaretti-en-defensa-del-federalismo-y-cordoba-en-particular\/\",\"url\":\"http:\/\/elregionalvm.com.ar\/noticias-villa-maria\/duro-discurso-de-schiaretti-en-defensa-del-federalismo-y-cordoba-en-particular\/\",\"name\":\"Duro discurso de Schiaretti, en defensa del Federalismo y C\u00f3rdoba en particular - El Regional\",\"isPartOf\":{\"@id\":\"http:\/\/elregionalvm.com.ar\/noticias-villa-maria\/#website\"},\"primaryImageOfPage\":{\"@id\":\"http:\/\/elregionalvm.com.ar\/noticias-villa-maria\/duro-discurso-de-schiaretti-en-defensa-del-federalismo-y-cordoba-en-particular\/#primaryimage\"},\"image\":{\"@id\":\"http:\/\/elregionalvm.com.ar\/noticias-villa-maria\/duro-discurso-de-schiaretti-en-defensa-del-federalismo-y-cordoba-en-particular\/#primaryimage\"},\"thumbnailUrl\":\"https:\/\/i0.wp.com\/elregionalvm.com.ar\/noticias-villa-maria\/wp-content\/uploads\/2022\/02\/schiaretti-discurso.jpg?fit=1600%2C1066&ssl=1\",\"datePublished\":\"2022-02-01T22:35:40+00:00\",\"dateModified\":\"2022-02-01T22:35:41+00:00\",\"author\":{\"@id\":\"http:\/\/elregionalvm.com.ar\/noticias-villa-maria\/#\/schema\/person\/a0fb9c422317faca23d50163151bc354\"},\"breadcrumb\":{\"@id\":\"http:\/\/elregionalvm.com.ar\/noticias-villa-maria\/duro-discurso-de-schiaretti-en-defensa-del-federalismo-y-cordoba-en-particular\/#breadcrumb\"},\"inLanguage\":\"es\",\"potentialAction\":[{\"@type\":\"ReadAction\",\"target\":[\"http:\/\/elregionalvm.com.ar\/noticias-villa-maria\/duro-discurso-de-schiaretti-en-defensa-del-federalismo-y-cordoba-en-particular\/\"]}]},{\"@type\":\"ImageObject\",\"inLanguage\":\"es\",\"@id\":\"http:\/\/elregionalvm.com.ar\/noticias-villa-maria\/duro-discurso-de-schiaretti-en-defensa-del-federalismo-y-cordoba-en-particular\/#primaryimage\",\"url\":\"https:\/\/i0.wp.com\/elregionalvm.com.ar\/noticias-villa-maria\/wp-content\/uploads\/2022\/02\/schiaretti-discurso.jpg?fit=1600%2C1066&ssl=1\",\"contentUrl\":\"https:\/\/i0.wp.com\/elregionalvm.com.ar\/noticias-villa-maria\/wp-content\/uploads\/2022\/02\/schiaretti-discurso.jpg?fit=1600%2C1066&ssl=1\",\"width\":1600,\"height\":1066},{\"@type\":\"BreadcrumbList\",\"@id\":\"http:\/\/elregionalvm.com.ar\/noticias-villa-maria\/duro-discurso-de-schiaretti-en-defensa-del-federalismo-y-cordoba-en-particular\/#breadcrumb\",\"itemListElement\":[{\"@type\":\"ListItem\",\"position\":1,\"name\":\"Portada\",\"item\":\"https:\/\/elregionalvm.com.ar\/noticias-villa-maria\/\"},{\"@type\":\"ListItem\",\"position\":2,\"name\":\"Duro discurso de Schiaretti, en defensa del Federalismo y C\u00f3rdoba en particular\"}]},{\"@type\":\"WebSite\",\"@id\":\"http:\/\/elregionalvm.com.ar\/noticias-villa-maria\/#website\",\"url\":\"http:\/\/elregionalvm.com.ar\/noticias-villa-maria\/\",\"name\":\"El Regional\",\"description\":\"Mucho m\u00e1s que informaci\u00f3n\",\"potentialAction\":[{\"@type\":\"SearchAction\",\"target\":{\"@type\":\"EntryPoint\",\"urlTemplate\":\"http:\/\/elregionalvm.com.ar\/noticias-villa-maria\/?s={search_term_string}\"},\"query-input\":{\"@type\":\"PropertyValueSpecification\",\"valueRequired\":true,\"valueName\":\"search_term_string\"}}],\"inLanguage\":\"es\"},{\"@type\":\"Person\",\"@id\":\"http:\/\/elregionalvm.com.ar\/noticias-villa-maria\/#\/schema\/person\/a0fb9c422317faca23d50163151bc354\",\"name\":\"Contenidos El Regional\",\"image\":{\"@type\":\"ImageObject\",\"inLanguage\":\"es\",\"@id\":\"http:\/\/elregionalvm.com.ar\/noticias-villa-maria\/#\/schema\/person\/image\/\",\"url\":\"https:\/\/secure.gravatar.com\/avatar\/265b27cb2209af7bb3a1318f03305787d7981a5cc6e6cd08fe5a4ecdf99d4b48?s=96&d=mm&r=g\",\"contentUrl\":\"https:\/\/secure.gravatar.com\/avatar\/265b27cb2209af7bb3a1318f03305787d7981a5cc6e6cd08fe5a4ecdf99d4b48?s=96&d=mm&r=g\",\"caption\":\"Contenidos El Regional\"},\"url\":\"https:\/\/elregionalvm.com.ar\/noticias-villa-maria\/author\/contenido\/\"}]}<\/script>\n<!-- \/ Yoast SEO plugin. -->","yoast_head_json":{"title":"Duro discurso de Schiaretti, en defensa del Federalismo y C\u00f3rdoba en particular - El Regional","robots":{"index":"index","follow":"follow","max-snippet":"max-snippet:-1","max-image-preview":"max-image-preview:large","max-video-preview":"max-video-preview:-1"},"canonical":"http:\/\/elregionalvm.com.ar\/noticias-villa-maria\/duro-discurso-de-schiaretti-en-defensa-del-federalismo-y-cordoba-en-particular\/","og_locale":"es_ES","og_type":"article","og_title":"Duro discurso de Schiaretti, en defensa del Federalismo y C\u00f3rdoba en particular - El Regional","og_description":"En un discurso con una fuerte cr\u00edtica al gobierno actual y al centralismo porte\u00f1o, el gobernador Schiaretti insisti\u00f3 en que hay desigualdad en la distribuci\u00f3n de los subsidios y reclam\u00f3 la eliminaci\u00f3n a las retenciones a las exportaciones agropecuarias y el cepo a la carne, entre otros temas que puso de relieve y que repasamos [&hellip;]","og_url":"http:\/\/elregionalvm.com.ar\/noticias-villa-maria\/duro-discurso-de-schiaretti-en-defensa-del-federalismo-y-cordoba-en-particular\/","og_site_name":"El Regional","article_publisher":"https:\/\/www.facebook.com\/elregionalvm","article_published_time":"2022-02-01T22:35:40+00:00","article_modified_time":"2022-02-01T22:35:41+00:00","og_image":[{"width":1600,"height":1066,"url":"http:\/\/elregionalvm.com.ar\/noticias-villa-maria\/wp-content\/uploads\/2022\/02\/schiaretti-discurso.jpg","type":"image\/jpeg"}],"author":"Contenidos El Regional","twitter_card":"summary_large_image","twitter_creator":"@elregionalvm1","twitter_site":"@elregionalvm1","twitter_misc":{"Escrito por":"Contenidos El Regional","Tiempo de lectura":"4 minutos"},"schema":{"@context":"https:\/\/schema.org","@graph":[{"@type":"Article","@id":"http:\/\/elregionalvm.com.ar\/noticias-villa-maria\/duro-discurso-de-schiaretti-en-defensa-del-federalismo-y-cordoba-en-particular\/#article","isPartOf":{"@id":"http:\/\/elregionalvm.com.ar\/noticias-villa-maria\/duro-discurso-de-schiaretti-en-defensa-del-federalismo-y-cordoba-en-particular\/"},"author":{"name":"Contenidos El Regional","@id":"http:\/\/elregionalvm.com.ar\/noticias-villa-maria\/#\/schema\/person\/a0fb9c422317faca23d50163151bc354"},"headline":"Duro discurso de Schiaretti, en defensa del Federalismo y C\u00f3rdoba en particular","datePublished":"2022-02-01T22:35:40+00:00","dateModified":"2022-02-01T22:35:41+00:00","mainEntityOfPage":{"@id":"http:\/\/elregionalvm.com.ar\/noticias-villa-maria\/duro-discurso-de-schiaretti-en-defensa-del-federalismo-y-cordoba-en-particular\/"},"wordCount":691,"commentCount":0,"image":{"@id":"http:\/\/elregionalvm.com.ar\/noticias-villa-maria\/duro-discurso-de-schiaretti-en-defensa-del-federalismo-y-cordoba-en-particular\/#primaryimage"},"thumbnailUrl":"https:\/\/i0.wp.com\/elregionalvm.com.ar\/noticias-villa-maria\/wp-content\/uploads\/2022\/02\/schiaretti-discurso.jpg?fit=1600%2C1066&ssl=1","keywords":["144\u00ba per\u00edodo","amplio temario","Apertura de sesiones","destacado","Federalismo","gobernador Schiaretti","Pol\u00edtica","Reclamos","Retenciones","subsidios","Unicameral"],"articleSection":["Pol\u00edtica"],"inLanguage":"es","potentialAction":[{"@type":"CommentAction","name":"Comment","target":["http:\/\/elregionalvm.com.ar\/noticias-villa-maria\/duro-discurso-de-schiaretti-en-defensa-del-federalismo-y-cordoba-en-particular\/#respond"]}]},{"@type":"WebPage","@id":"http:\/\/elregionalvm.com.ar\/noticias-villa-maria\/duro-discurso-de-schiaretti-en-defensa-del-federalismo-y-cordoba-en-particular\/","url":"http:\/\/elregionalvm.com.ar\/noticias-villa-maria\/duro-discurso-de-schiaretti-en-defensa-del-federalismo-y-cordoba-en-particular\/","name":"Duro discurso de Schiaretti, en defensa del Federalismo y C\u00f3rdoba en particular - El Regional","isPartOf":{"@id":"http:\/\/elregionalvm.com.ar\/noticias-villa-maria\/#website"},"primaryImageOfPage":{"@id":"http:\/\/elregionalvm.com.ar\/noticias-villa-maria\/duro-discurso-de-schiaretti-en-defensa-del-federalismo-y-cordoba-en-particular\/#primaryimage"},"image":{"@id":"http:\/\/elregionalvm.com.ar\/noticias-villa-maria\/duro-discurso-de-schiaretti-en-defensa-del-federalismo-y-cordoba-en-particular\/#primaryimage"},"thumbnailUrl":"https:\/\/i0.wp.com\/elregionalvm.com.ar\/noticias-villa-maria\/wp-content\/uploads\/2022\/02\/schiaretti-discurso.jpg?fit=1600%2C1066&ssl=1","datePublished":"2022-02-01T22:35:40+00:00","dateModified":"2022-02-01T22:35:41+00:00","author":{"@id":"http:\/\/elregionalvm.com.ar\/noticias-villa-maria\/#\/schema\/person\/a0fb9c422317faca23d50163151bc354"},"breadcrumb":{"@id":"http:\/\/elregionalvm.com.ar\/noticias-villa-maria\/duro-discurso-de-schiaretti-en-defensa-del-federalismo-y-cordoba-en-particular\/#breadcrumb"},"inLanguage":"es","potentialAction":[{"@type":"ReadAction","target":["http:\/\/elregionalvm.com.ar\/noticias-villa-maria\/duro-discurso-de-schiaretti-en-defensa-del-federalismo-y-cordoba-en-particular\/"]}]},{"@type":"ImageObject","inLanguage":"es","@id":"http:\/\/elregionalvm.com.ar\/noticias-villa-maria\/duro-discurso-de-schiaretti-en-defensa-del-federalismo-y-cordoba-en-particular\/#primaryimage","url":"https:\/\/i0.wp.com\/elregionalvm.com.ar\/noticias-villa-maria\/wp-content\/uploads\/2022\/02\/schiaretti-discurso.jpg?fit=1600%2C1066&ssl=1","contentUrl":"https:\/\/i0.wp.com\/elregionalvm.com.ar\/noticias-villa-maria\/wp-content\/uploads\/2022\/02\/schiaretti-discurso.jpg?fit=1600%2C1066&ssl=1","width":1600,"height":1066},{"@type":"BreadcrumbList","@id":"http:\/\/elregionalvm.com.ar\/noticias-villa-maria\/duro-discurso-de-schiaretti-en-defensa-del-federalismo-y-cordoba-en-particular\/#breadcrumb","itemListElement":[{"@type":"ListItem","position":1,"name":"Portada","item":"https:\/\/elregionalvm.com.ar\/noticias-villa-maria\/"},{"@type":"ListItem","position":2,"name":"Duro discurso de Schiaretti, en defensa del Federalismo y C\u00f3rdoba en particular"}]},{"@type":"WebSite","@id":"http:\/\/elregionalvm.com.ar\/noticias-villa-maria\/#website","url":"http:\/\/elregionalvm.com.ar\/noticias-villa-maria\/","name":"El Regional","description":"Mucho m\u00e1s que informaci\u00f3n","potentialAction":[{"@type":"SearchAction","target":{"@type":"EntryPoint","urlTemplate":"http:\/\/elregionalvm.com.ar\/noticias-villa-maria\/?s={search_term_string}"},"query-input":{"@type":"PropertyValueSpecification","valueRequired":true,"valueName":"search_term_string"}}],"inLanguage":"es"},{"@type":"Person","@id":"http:\/\/elregionalvm.com.ar\/noticias-villa-maria\/#\/schema\/person\/a0fb9c422317faca23d50163151bc354","name":"Contenidos El Regional","image":{"@type":"ImageObject","inLanguage":"es","@id":"http:\/\/elregionalvm.com.ar\/noticias-villa-maria\/#\/schema\/person\/image\/","url":"https:\/\/secure.gravatar.com\/avatar\/265b27cb2209af7bb3a1318f03305787d7981a5cc6e6cd08fe5a4ecdf99d4b48?s=96&d=mm&r=g","contentUrl":"https:\/\/secure.gravatar.com\/avatar\/265b27cb2209af7bb3a1318f03305787d7981a5cc6e6cd08fe5a4ecdf99d4b48?s=96&d=mm&r=g","caption":"Contenidos El Regional"},"url":"https:\/\/elregionalvm.com.ar\/noticias-villa-maria\/author\/contenido\/"}]}},"jetpack_featured_media_url":"https:\/\/i0.wp.com\/elregionalvm.com.ar\/noticias-villa-maria\/wp-content\/uploads\/2022\/02\/schiaretti-discurso.jpg?fit=1600%2C1066&ssl=1","jetpack_sharing_enabled":true,"_links":{"self":[{"href":"https:\/\/elregionalvm.com.ar\/noticias-villa-maria\/wp-json\/wp\/v2\/posts\/51953","targetHints":{"allow":["GET"]}}],"collection":[{"href":"https:\/\/elregionalvm.com.ar\/noticias-villa-maria\/wp-json\/wp\/v2\/posts"}],"about":[{"href":"https:\/\/elregionalvm.com.ar\/noticias-villa-maria\/wp-json\/wp\/v2\/types\/post"}],"author":[{"embeddable":true,"href":"https:\/\/elregionalvm.com.ar\/noticias-villa-maria\/wp-json\/wp\/v2\/users\/4"}],"replies":[{"embeddable":true,"href":"https:\/\/elregionalvm.com.ar\/noticias-villa-maria\/wp-json\/wp\/v2\/comments?post=51953"}],"version-history":[{"count":1,"href":"https:\/\/elregionalvm.com.ar\/noticias-villa-maria\/wp-json\/wp\/v2\/posts\/51953\/revisions"}],"predecessor-version":[{"id":51957,"href":"https:\/\/elregionalvm.com.ar\/noticias-villa-maria\/wp-json\/wp\/v2\/posts\/51953\/revisions\/51957"}],"wp:featuredmedia":[{"embeddable":true,"href":"https:\/\/elregionalvm.com.ar\/noticias-villa-maria\/wp-json\/wp\/v2\/media\/51955"}],"wp:attachment":[{"href":"https:\/\/elregionalvm.com.ar\/noticias-villa-maria\/wp-json\/wp\/v2\/media?parent=51953"}],"wp:term":[{"taxonomy":"category","embeddable":true,"href":"https:\/\/elregionalvm.com.ar\/noticias-villa-maria\/wp-json\/wp\/v2\/categories?post=51953"},{"taxonomy":"post_tag","embeddable":true,"href":"https:\/\/elregionalvm.com.ar\/noticias-villa-maria\/wp-json\/wp\/v2\/tags?post=51953"}],"curies":[{"name":"wp","href":"https:\/\/api.w.org\/{rel}","templated":true}]}}