{"id":51958,"date":"2022-02-01T23:07:51","date_gmt":"2022-02-01T23:07:51","guid":{"rendered":"https:\/\/elregionalvm.com.ar\/noticias-villa-maria\/?p=51958"},"modified":"2022-02-01T23:07:52","modified_gmt":"2022-02-01T23:07:52","slug":"tarde-violenta-mujer-cortajeada-por-su-pareja-y-otros-hechos-delictivos","status":"publish","type":"post","link":"https:\/\/elregionalvm.com.ar\/noticias-villa-maria\/tarde-violenta-mujer-cortajeada-por-su-pareja-y-otros-hechos-delictivos\/","title":{"rendered":"Tarde violenta: mujer cortajeada por su pareja y otros hechos delictivos"},"content":{"rendered":"\n<p>Pasado el mediod\u00eda de este martes, a las 13:20,  en calle Lisandro de la Torre al 900, se procedi\u00f3 a la aprehensi\u00f3n de un hombre de 42 a\u00f1os, por la supuesta autor\u00eda dele delito de \u201clesiones leves calificadas por uso de arma blanca\u201d. <\/p>\n\n\n\n<p>Momentos antes, el personal policial se constituy\u00f3 en el domicilio de una mujer de 30 a\u00f1os de edad, quien manifest\u00f3 que mantuvo una discusi\u00f3n con su pareja y \u00e9ste le ocasion\u00f3 lesiones en diferentes partes del cuerpo con un arma blanca, tipo cuchillo. Inmediatamente se procedi\u00f3 al traslado del agresor y secuestro de un cuchillo tipo tramontina. <\/p>\n\n\n\n<p>Vi<strong>lla Nueva: los vieron robando porcelanatos<\/strong><\/p>\n\n\n\n<p>A las 17:30 hs., personal de la patrulla preventiva de la ciudad de Villa Nueva, en calles Belgrano y San Mart\u00edn, detuvo a dos sujetos de 26 y 20 a\u00f1os de edad, por la supuesta autor\u00eda del delito de \u201churto en flagrancia\u201d. <\/p>\n\n\n\n<p>Los j\u00f3venes hab\u00edan ingresado en un obra en construcci\u00f3n, de calle Buenos Aires al 1000 y sustrajeron 13 cer\u00e1micos de porcelanato pero fueron vistos en el momento del il\u00edcito por el damnificado, quien dio aviso r\u00e1pidamente al personal policial, aportando los caracter\u00edsticas de los malvivientes. Tras un operativo cerrojo y a pocas cuadras del lugar del hecho se procedi\u00f3 a la aprehensi\u00f3n y recupero de los elementos sustra\u00eddos. <\/p>\n\n\n\n<figure class=\"wp-block-gallery columns-2 is-cropped wp-block-gallery-1 is-layout-flex wp-block-gallery-is-layout-flex\"><ul class=\"blocks-gallery-grid\"><li class=\"blocks-gallery-item\"><figure><img data-recalc-dims=\"1\" fetchpriority=\"high\" decoding=\"async\" width=\"689\" height=\"936\" src=\"https:\/\/i0.wp.com\/elregionalvm.com.ar\/noticias-villa-maria\/wp-content\/uploads\/2022\/02\/WhatsApp-Image-2022-02-01-at-19.38.10.jpeg?resize=689%2C936&#038;ssl=1\" alt=\"\" data-id=\"51960\" data-link=\"https:\/\/elregionalvm.com.ar\/noticias-villa-maria\/?attachment_id=51960\" class=\"wp-image-51960\" srcset=\"https:\/\/i0.wp.com\/elregionalvm.com.ar\/noticias-villa-maria\/wp-content\/uploads\/2022\/02\/WhatsApp-Image-2022-02-01-at-19.38.10.jpeg?w=689&amp;ssl=1 689w, https:\/\/i0.wp.com\/elregionalvm.com.ar\/noticias-villa-maria\/wp-content\/uploads\/2022\/02\/WhatsApp-Image-2022-02-01-at-19.38.10.jpeg?resize=221%2C300&amp;ssl=1 221w\" sizes=\"(max-width: 689px) 100vw, 689px\" \/><\/figure><\/li><li class=\"blocks-gallery-item\"><figure><img data-recalc-dims=\"1\" decoding=\"async\" width=\"725\" height=\"936\" src=\"https:\/\/i0.wp.com\/elregionalvm.com.ar\/noticias-villa-maria\/wp-content\/uploads\/2022\/02\/WhatsApp-Image-2022-02-01-at-19.38.26.jpeg?resize=725%2C936&#038;ssl=1\" alt=\"\" data-id=\"51961\" data-full-url=\"https:\/\/elregionalvm.com.ar\/noticias-villa-maria\/wp-content\/uploads\/2022\/02\/WhatsApp-Image-2022-02-01-at-19.38.26.jpeg\" data-link=\"https:\/\/elregionalvm.com.ar\/noticias-villa-maria\/?attachment_id=51961\" class=\"wp-image-51961\" srcset=\"https:\/\/i0.wp.com\/elregionalvm.com.ar\/noticias-villa-maria\/wp-content\/uploads\/2022\/02\/WhatsApp-Image-2022-02-01-at-19.38.26.jpeg?w=725&amp;ssl=1 725w, https:\/\/i0.wp.com\/elregionalvm.com.ar\/noticias-villa-maria\/wp-content\/uploads\/2022\/02\/WhatsApp-Image-2022-02-01-at-19.38.26.jpeg?resize=232%2C300&amp;ssl=1 232w\" sizes=\"(max-width: 725px) 100vw, 725px\" \/><\/figure><\/li><\/ul><\/figure>\n\n\n\n<p><strong>Detenido por pagar con dinero falso y provocar lesiones<\/strong><\/p>\n\n\n\n<p>Alrededor de las 17:35, la patrulla preventiva de Villa Mar\u00eda, en calles La Colina y Rawson, procedi\u00f3 a la aprehensi\u00f3n de un sujeto de 21 a\u00f1os de edad, por la supuesta autor\u00eda de los delitos de \u201cestafa y lesiones leves\u201d, ya que el sujeto se hizo presente en un almac\u00e9n queriendo abonar con dinero ap\u00f3crifo, y al percatarse la empleada del almac\u00e9n del enga\u00f1o, el aprehendido comenz\u00f3 agredir f\u00edsicamente con golpes de pu\u00f1o a la damnificada. Se procedi\u00f3 a la aprehensi\u00f3n y secuestro de los billetes falsos. <\/p>\n\n\n\n<div class=\"wp-block-image\"><figure class=\"aligncenter size-large is-resized\"><img data-recalc-dims=\"1\" decoding=\"async\" src=\"https:\/\/i0.wp.com\/elregionalvm.com.ar\/noticias-villa-maria\/wp-content\/uploads\/2022\/02\/WhatsApp-Image-2022-02-01-at-19.39.14.jpeg?resize=485%2C361&#038;ssl=1\" alt=\"\" class=\"wp-image-51962\" width=\"485\" height=\"361\" srcset=\"https:\/\/i0.wp.com\/elregionalvm.com.ar\/noticias-villa-maria\/wp-content\/uploads\/2022\/02\/WhatsApp-Image-2022-02-01-at-19.39.14.jpeg?resize=1024%2C764&amp;ssl=1 1024w, https:\/\/i0.wp.com\/elregionalvm.com.ar\/noticias-villa-maria\/wp-content\/uploads\/2022\/02\/WhatsApp-Image-2022-02-01-at-19.39.14.jpeg?resize=300%2C224&amp;ssl=1 300w, https:\/\/i0.wp.com\/elregionalvm.com.ar\/noticias-villa-maria\/wp-content\/uploads\/2022\/02\/WhatsApp-Image-2022-02-01-at-19.39.14.jpeg?resize=768%2C573&amp;ssl=1 768w, https:\/\/i0.wp.com\/elregionalvm.com.ar\/noticias-villa-maria\/wp-content\/uploads\/2022\/02\/WhatsApp-Image-2022-02-01-at-19.39.14.jpeg?w=1045&amp;ssl=1 1045w\" sizes=\"(max-width: 485px) 100vw, 485px\" \/><\/figure><\/div>\n\n\n\n<p><strong>Le peg\u00f3 con un palo a la hermana<\/strong><\/p>\n\n\n\n<p>A las 18:00, en calle Jujuy al 60 de Villa Nueva, se procedi\u00f3 a la aprehensi\u00f3n de un joven de 16 a\u00f1os, por la supuesta autor\u00eda del delito de \u201clesiones leves calificadas\u201d en el marco de violencia familiar. <\/p>\n\n\n\n<p>Momentos antes, el aprehendido mantuvo una discusi\u00f3n con su hermana, una joven de 19 a\u00f1os, a quien golpe\u00f3 en la cabeza con un palo de madera, ocasion\u00e1ndole lesiones en cuero cabelludo. <\/p>\n\n\n\n<p><\/p>\n","protected":false},"excerpt":{"rendered":"<p>Pasado el mediod\u00eda de este martes, a las 13:20, en calle Lisandro de la Torre al 900, se procedi\u00f3 a la aprehensi\u00f3n de un hombre de 42 a\u00f1os, por la supuesta autor\u00eda dele delito de \u201clesiones leves calificadas por uso de arma blanca\u201d. Momentos antes, el personal policial se constituy\u00f3 en el domicilio de una [&hellip;]<\/p>\n","protected":false},"author":4,"featured_media":51959,"comment_status":"open","ping_status":"open","sticky":false,"template":"","format":"standard","meta":{"site-sidebar-layout":"default","site-content-layout":"default","ast-site-content-layout":"default","site-content-style":"default","site-sidebar-style":"default","ast-global-header-display":"","ast-banner-title-visibility":"","ast-main-header-display":"","ast-hfb-above-header-display":"","ast-hfb-below-header-display":"","ast-hfb-mobile-header-display":"","site-post-title":"","ast-breadcrumbs-content":"","ast-featured-img":"","footer-sml-layout":"","ast-disable-related-posts":"","theme-transparent-header-meta":"default","adv-header-id-meta":"","stick-header-meta":"","header-above-stick-meta":"","header-main-stick-meta":"","header-below-stick-meta":"","astra-migrate-meta-layouts":"default","ast-page-background-enabled":"default","ast-page-background-meta":{"desktop":{"background-color":"","background-image":"","background-repeat":"repeat","background-position":"center center","background-size":"auto","background-attachment":"scroll","background-type":"","background-media":"","overlay-type":"","overlay-color":"","overlay-opacity":"","overlay-gradient":""},"tablet":{"background-color":"","background-image":"","background-repeat":"repeat","background-position":"center center","background-size":"auto","background-attachment":"scroll","background-type":"","background-media":"","overlay-type":"","overlay-color":"","overlay-opacity":"","overlay-gradient":""},"mobile":{"background-color":"","background-image":"","background-repeat":"repeat","background-position":"center center","background-size":"auto","background-attachment":"scroll","background-type":"","background-media":"","overlay-type":"","overlay-color":"","overlay-opacity":"","overlay-gradient":""}},"ast-content-background-meta":{"desktop":{"background-color":"var(--ast-global-color-5)","background-image":"","background-repeat":"repeat","background-position":"center center","background-size":"auto","background-attachment":"scroll","background-type":"","background-media":"","overlay-type":"","overlay-color":"","overlay-opacity":"","overlay-gradient":""},"tablet":{"background-color":"var(--ast-global-color-5)","background-image":"","background-repeat":"repeat","background-position":"center center","background-size":"auto","background-attachment":"scroll","background-type":"","background-media":"","overlay-type":"","overlay-color":"","overlay-opacity":"","overlay-gradient":""},"mobile":{"background-color":"var(--ast-global-color-5)","background-image":"","background-repeat":"repeat","background-position":"center center","background-size":"auto","background-attachment":"scroll","background-type":"","background-media":"","overlay-type":"","overlay-color":"","overlay-opacity":"","overlay-gradient":""}},"_jetpack_memberships_contains_paid_content":false,"_joinchat":[],"footnotes":""},"categories":[2234],"tags":[1232,13453,1549,13450,13449,13451,2372,741,13452,2248,232,995],"class_list":["post-51958","post","type-post","status-publish","format-standard","has-post-thumbnail","hentry","category-policiales","tag-destacado","tag-dinero-apocrifo","tag-estafa","tag-hermano-violento","tag-mujer-cortajeada","tag-palo-en-la-cabeza","tag-pareja-detenida","tag-policiales","tag-robo-porcelatos","tag-villa-maria-2","tag-villa-nueva","tag-violencia"],"yoast_head":"<!-- This site is optimized with the Yoast SEO plugin v26.8 - https:\/\/yoast.com\/product\/yoast-seo-wordpress\/ -->\n<title>Tarde violenta: mujer cortajeada por su pareja y otros hechos delictivos - El Regional<\/title>\n<meta name=\"robots\" content=\"index, follow, max-snippet:-1, max-image-preview:large, max-video-preview:-1\" \/>\n<link rel=\"canonical\" href=\"http:\/\/elregionalvm.com.ar\/noticias-villa-maria\/tarde-violenta-mujer-cortajeada-por-su-pareja-y-otros-hechos-delictivos\/\" \/>\n<meta property=\"og:locale\" content=\"es_ES\" \/>\n<meta property=\"og:type\" content=\"article\" \/>\n<meta property=\"og:title\" content=\"Tarde violenta: mujer cortajeada por su pareja y otros hechos delictivos - El Regional\" \/>\n<meta property=\"og:description\" content=\"Pasado el mediod\u00eda de este martes, a las 13:20, en calle Lisandro de la Torre al 900, se procedi\u00f3 a la aprehensi\u00f3n de un hombre de 42 a\u00f1os, por la supuesta autor\u00eda dele delito de \u201clesiones leves calificadas por uso de arma blanca\u201d. Momentos antes, el personal policial se constituy\u00f3 en el domicilio de una [&hellip;]\" \/>\n<meta property=\"og:url\" content=\"http:\/\/elregionalvm.com.ar\/noticias-villa-maria\/tarde-violenta-mujer-cortajeada-por-su-pareja-y-otros-hechos-delictivos\/\" \/>\n<meta property=\"og:site_name\" content=\"El Regional\" \/>\n<meta property=\"article:publisher\" content=\"https:\/\/www.facebook.com\/elregionalvm\" \/>\n<meta property=\"article:published_time\" content=\"2022-02-01T23:07:51+00:00\" \/>\n<meta property=\"article:modified_time\" content=\"2022-02-01T23:07:52+00:00\" \/>\n<meta property=\"og:image\" content=\"http:\/\/elregionalvm.com.ar\/noticias-villa-maria\/wp-content\/uploads\/2022\/02\/WhatsApp-Image-2022-02-01-at-19.37.08.jpeg\" \/>\n\t<meta property=\"og:image:width\" content=\"1600\" \/>\n\t<meta property=\"og:image:height\" content=\"1200\" \/>\n\t<meta property=\"og:image:type\" content=\"image\/jpeg\" \/>\n<meta name=\"author\" content=\"Contenidos El Regional\" \/>\n<meta name=\"twitter:card\" content=\"summary_large_image\" \/>\n<meta name=\"twitter:creator\" content=\"@elregionalvm1\" \/>\n<meta name=\"twitter:site\" content=\"@elregionalvm1\" \/>\n<meta name=\"twitter:label1\" content=\"Escrito por\" \/>\n\t<meta name=\"twitter:data1\" content=\"Contenidos El Regional\" \/>\n\t<meta name=\"twitter:label2\" content=\"Tiempo de lectura\" \/>\n\t<meta name=\"twitter:data2\" content=\"3 minutos\" \/>\n<script type=\"application\/ld+json\" class=\"yoast-schema-graph\">{\"@context\":\"https:\/\/schema.org\",\"@graph\":[{\"@type\":\"Article\",\"@id\":\"http:\/\/elregionalvm.com.ar\/noticias-villa-maria\/tarde-violenta-mujer-cortajeada-por-su-pareja-y-otros-hechos-delictivos\/#article\",\"isPartOf\":{\"@id\":\"http:\/\/elregionalvm.com.ar\/noticias-villa-maria\/tarde-violenta-mujer-cortajeada-por-su-pareja-y-otros-hechos-delictivos\/\"},\"author\":{\"name\":\"Contenidos El Regional\",\"@id\":\"http:\/\/elregionalvm.com.ar\/noticias-villa-maria\/#\/schema\/person\/a0fb9c422317faca23d50163151bc354\"},\"headline\":\"Tarde violenta: mujer cortajeada por su pareja y otros hechos delictivos\",\"datePublished\":\"2022-02-01T23:07:51+00:00\",\"dateModified\":\"2022-02-01T23:07:52+00:00\",\"mainEntityOfPage\":{\"@id\":\"http:\/\/elregionalvm.com.ar\/noticias-villa-maria\/tarde-violenta-mujer-cortajeada-por-su-pareja-y-otros-hechos-delictivos\/\"},\"wordCount\":420,\"commentCount\":0,\"image\":{\"@id\":\"http:\/\/elregionalvm.com.ar\/noticias-villa-maria\/tarde-violenta-mujer-cortajeada-por-su-pareja-y-otros-hechos-delictivos\/#primaryimage\"},\"thumbnailUrl\":\"https:\/\/i0.wp.com\/elregionalvm.com.ar\/noticias-villa-maria\/wp-content\/uploads\/2022\/02\/WhatsApp-Image-2022-02-01-at-19.37.08.jpeg?fit=1600%2C1200&ssl=1\",\"keywords\":[\"destacado\",\"dinero ap\u00f3crifo\",\"estafa\",\"hermano violento\",\"mujer cortajeada\",\"palo en la cabeza\",\"pareja detenida\",\"Policiales\",\"robo porcelatos\",\"Villa Mar\u00eda\",\"VILLA NUEVA\",\"Violencia\"],\"articleSection\":[\"Policiales\"],\"inLanguage\":\"es\",\"potentialAction\":[{\"@type\":\"CommentAction\",\"name\":\"Comment\",\"target\":[\"http:\/\/elregionalvm.com.ar\/noticias-villa-maria\/tarde-violenta-mujer-cortajeada-por-su-pareja-y-otros-hechos-delictivos\/#respond\"]}]},{\"@type\":\"WebPage\",\"@id\":\"http:\/\/elregionalvm.com.ar\/noticias-villa-maria\/tarde-violenta-mujer-cortajeada-por-su-pareja-y-otros-hechos-delictivos\/\",\"url\":\"http:\/\/elregionalvm.com.ar\/noticias-villa-maria\/tarde-violenta-mujer-cortajeada-por-su-pareja-y-otros-hechos-delictivos\/\",\"name\":\"Tarde violenta: mujer cortajeada por su pareja y otros hechos delictivos - El Regional\",\"isPartOf\":{\"@id\":\"http:\/\/elregionalvm.com.ar\/noticias-villa-maria\/#website\"},\"primaryImageOfPage\":{\"@id\":\"http:\/\/elregionalvm.com.ar\/noticias-villa-maria\/tarde-violenta-mujer-cortajeada-por-su-pareja-y-otros-hechos-delictivos\/#primaryimage\"},\"image\":{\"@id\":\"http:\/\/elregionalvm.com.ar\/noticias-villa-maria\/tarde-violenta-mujer-cortajeada-por-su-pareja-y-otros-hechos-delictivos\/#primaryimage\"},\"thumbnailUrl\":\"https:\/\/i0.wp.com\/elregionalvm.com.ar\/noticias-villa-maria\/wp-content\/uploads\/2022\/02\/WhatsApp-Image-2022-02-01-at-19.37.08.jpeg?fit=1600%2C1200&ssl=1\",\"datePublished\":\"2022-02-01T23:07:51+00:00\",\"dateModified\":\"2022-02-01T23:07:52+00:00\",\"author\":{\"@id\":\"http:\/\/elregionalvm.com.ar\/noticias-villa-maria\/#\/schema\/person\/a0fb9c422317faca23d50163151bc354\"},\"breadcrumb\":{\"@id\":\"http:\/\/elregionalvm.com.ar\/noticias-villa-maria\/tarde-violenta-mujer-cortajeada-por-su-pareja-y-otros-hechos-delictivos\/#breadcrumb\"},\"inLanguage\":\"es\",\"potentialAction\":[{\"@type\":\"ReadAction\",\"target\":[\"http:\/\/elregionalvm.com.ar\/noticias-villa-maria\/tarde-violenta-mujer-cortajeada-por-su-pareja-y-otros-hechos-delictivos\/\"]}]},{\"@type\":\"ImageObject\",\"inLanguage\":\"es\",\"@id\":\"http:\/\/elregionalvm.com.ar\/noticias-villa-maria\/tarde-violenta-mujer-cortajeada-por-su-pareja-y-otros-hechos-delictivos\/#primaryimage\",\"url\":\"https:\/\/i0.wp.com\/elregionalvm.com.ar\/noticias-villa-maria\/wp-content\/uploads\/2022\/02\/WhatsApp-Image-2022-02-01-at-19.37.08.jpeg?fit=1600%2C1200&ssl=1\",\"contentUrl\":\"https:\/\/i0.wp.com\/elregionalvm.com.ar\/noticias-villa-maria\/wp-content\/uploads\/2022\/02\/WhatsApp-Image-2022-02-01-at-19.37.08.jpeg?fit=1600%2C1200&ssl=1\",\"width\":1600,\"height\":1200},{\"@type\":\"BreadcrumbList\",\"@id\":\"http:\/\/elregionalvm.com.ar\/noticias-villa-maria\/tarde-violenta-mujer-cortajeada-por-su-pareja-y-otros-hechos-delictivos\/#breadcrumb\",\"itemListElement\":[{\"@type\":\"ListItem\",\"position\":1,\"name\":\"Portada\",\"item\":\"https:\/\/elregionalvm.com.ar\/noticias-villa-maria\/\"},{\"@type\":\"ListItem\",\"position\":2,\"name\":\"Tarde violenta: mujer cortajeada por su pareja y otros hechos delictivos\"}]},{\"@type\":\"WebSite\",\"@id\":\"http:\/\/elregionalvm.com.ar\/noticias-villa-maria\/#website\",\"url\":\"http:\/\/elregionalvm.com.ar\/noticias-villa-maria\/\",\"name\":\"El Regional\",\"description\":\"Mucho m\u00e1s que informaci\u00f3n\",\"potentialAction\":[{\"@type\":\"SearchAction\",\"target\":{\"@type\":\"EntryPoint\",\"urlTemplate\":\"http:\/\/elregionalvm.com.ar\/noticias-villa-maria\/?s={search_term_string}\"},\"query-input\":{\"@type\":\"PropertyValueSpecification\",\"valueRequired\":true,\"valueName\":\"search_term_string\"}}],\"inLanguage\":\"es\"},{\"@type\":\"Person\",\"@id\":\"http:\/\/elregionalvm.com.ar\/noticias-villa-maria\/#\/schema\/person\/a0fb9c422317faca23d50163151bc354\",\"name\":\"Contenidos El Regional\",\"image\":{\"@type\":\"ImageObject\",\"inLanguage\":\"es\",\"@id\":\"http:\/\/elregionalvm.com.ar\/noticias-villa-maria\/#\/schema\/person\/image\/\",\"url\":\"https:\/\/secure.gravatar.com\/avatar\/265b27cb2209af7bb3a1318f03305787d7981a5cc6e6cd08fe5a4ecdf99d4b48?s=96&d=mm&r=g\",\"contentUrl\":\"https:\/\/secure.gravatar.com\/avatar\/265b27cb2209af7bb3a1318f03305787d7981a5cc6e6cd08fe5a4ecdf99d4b48?s=96&d=mm&r=g\",\"caption\":\"Contenidos El Regional\"},\"url\":\"https:\/\/elregionalvm.com.ar\/noticias-villa-maria\/author\/contenido\/\"}]}<\/script>\n<!-- \/ Yoast SEO plugin. -->","yoast_head_json":{"title":"Tarde violenta: mujer cortajeada por su pareja y otros hechos delictivos - El Regional","robots":{"index":"index","follow":"follow","max-snippet":"max-snippet:-1","max-image-preview":"max-image-preview:large","max-video-preview":"max-video-preview:-1"},"canonical":"http:\/\/elregionalvm.com.ar\/noticias-villa-maria\/tarde-violenta-mujer-cortajeada-por-su-pareja-y-otros-hechos-delictivos\/","og_locale":"es_ES","og_type":"article","og_title":"Tarde violenta: mujer cortajeada por su pareja y otros hechos delictivos - El Regional","og_description":"Pasado el mediod\u00eda de este martes, a las 13:20, en calle Lisandro de la Torre al 900, se procedi\u00f3 a la aprehensi\u00f3n de un hombre de 42 a\u00f1os, por la supuesta autor\u00eda dele delito de \u201clesiones leves calificadas por uso de arma blanca\u201d. Momentos antes, el personal policial se constituy\u00f3 en el domicilio de una [&hellip;]","og_url":"http:\/\/elregionalvm.com.ar\/noticias-villa-maria\/tarde-violenta-mujer-cortajeada-por-su-pareja-y-otros-hechos-delictivos\/","og_site_name":"El Regional","article_publisher":"https:\/\/www.facebook.com\/elregionalvm","article_published_time":"2022-02-01T23:07:51+00:00","article_modified_time":"2022-02-01T23:07:52+00:00","og_image":[{"width":1600,"height":1200,"url":"http:\/\/elregionalvm.com.ar\/noticias-villa-maria\/wp-content\/uploads\/2022\/02\/WhatsApp-Image-2022-02-01-at-19.37.08.jpeg","type":"image\/jpeg"}],"author":"Contenidos El Regional","twitter_card":"summary_large_image","twitter_creator":"@elregionalvm1","twitter_site":"@elregionalvm1","twitter_misc":{"Escrito por":"Contenidos El Regional","Tiempo de lectura":"3 minutos"},"schema":{"@context":"https:\/\/schema.org","@graph":[{"@type":"Article","@id":"http:\/\/elregionalvm.com.ar\/noticias-villa-maria\/tarde-violenta-mujer-cortajeada-por-su-pareja-y-otros-hechos-delictivos\/#article","isPartOf":{"@id":"http:\/\/elregionalvm.com.ar\/noticias-villa-maria\/tarde-violenta-mujer-cortajeada-por-su-pareja-y-otros-hechos-delictivos\/"},"author":{"name":"Contenidos El Regional","@id":"http:\/\/elregionalvm.com.ar\/noticias-villa-maria\/#\/schema\/person\/a0fb9c422317faca23d50163151bc354"},"headline":"Tarde violenta: mujer cortajeada por su pareja y otros hechos delictivos","datePublished":"2022-02-01T23:07:51+00:00","dateModified":"2022-02-01T23:07:52+00:00","mainEntityOfPage":{"@id":"http:\/\/elregionalvm.com.ar\/noticias-villa-maria\/tarde-violenta-mujer-cortajeada-por-su-pareja-y-otros-hechos-delictivos\/"},"wordCount":420,"commentCount":0,"image":{"@id":"http:\/\/elregionalvm.com.ar\/noticias-villa-maria\/tarde-violenta-mujer-cortajeada-por-su-pareja-y-otros-hechos-delictivos\/#primaryimage"},"thumbnailUrl":"https:\/\/i0.wp.com\/elregionalvm.com.ar\/noticias-villa-maria\/wp-content\/uploads\/2022\/02\/WhatsApp-Image-2022-02-01-at-19.37.08.jpeg?fit=1600%2C1200&ssl=1","keywords":["destacado","dinero ap\u00f3crifo","estafa","hermano violento","mujer cortajeada","palo en la cabeza","pareja detenida","Policiales","robo porcelatos","Villa Mar\u00eda","VILLA NUEVA","Violencia"],"articleSection":["Policiales"],"inLanguage":"es","potentialAction":[{"@type":"CommentAction","name":"Comment","target":["http:\/\/elregionalvm.com.ar\/noticias-villa-maria\/tarde-violenta-mujer-cortajeada-por-su-pareja-y-otros-hechos-delictivos\/#respond"]}]},{"@type":"WebPage","@id":"http:\/\/elregionalvm.com.ar\/noticias-villa-maria\/tarde-violenta-mujer-cortajeada-por-su-pareja-y-otros-hechos-delictivos\/","url":"http:\/\/elregionalvm.com.ar\/noticias-villa-maria\/tarde-violenta-mujer-cortajeada-por-su-pareja-y-otros-hechos-delictivos\/","name":"Tarde violenta: mujer cortajeada por su pareja y otros hechos delictivos - El Regional","isPartOf":{"@id":"http:\/\/elregionalvm.com.ar\/noticias-villa-maria\/#website"},"primaryImageOfPage":{"@id":"http:\/\/elregionalvm.com.ar\/noticias-villa-maria\/tarde-violenta-mujer-cortajeada-por-su-pareja-y-otros-hechos-delictivos\/#primaryimage"},"image":{"@id":"http:\/\/elregionalvm.com.ar\/noticias-villa-maria\/tarde-violenta-mujer-cortajeada-por-su-pareja-y-otros-hechos-delictivos\/#primaryimage"},"thumbnailUrl":"https:\/\/i0.wp.com\/elregionalvm.com.ar\/noticias-villa-maria\/wp-content\/uploads\/2022\/02\/WhatsApp-Image-2022-02-01-at-19.37.08.jpeg?fit=1600%2C1200&ssl=1","datePublished":"2022-02-01T23:07:51+00:00","dateModified":"2022-02-01T23:07:52+00:00","author":{"@id":"http:\/\/elregionalvm.com.ar\/noticias-villa-maria\/#\/schema\/person\/a0fb9c422317faca23d50163151bc354"},"breadcrumb":{"@id":"http:\/\/elregionalvm.com.ar\/noticias-villa-maria\/tarde-violenta-mujer-cortajeada-por-su-pareja-y-otros-hechos-delictivos\/#breadcrumb"},"inLanguage":"es","potentialAction":[{"@type":"ReadAction","target":["http:\/\/elregionalvm.com.ar\/noticias-villa-maria\/tarde-violenta-mujer-cortajeada-por-su-pareja-y-otros-hechos-delictivos\/"]}]},{"@type":"ImageObject","inLanguage":"es","@id":"http:\/\/elregionalvm.com.ar\/noticias-villa-maria\/tarde-violenta-mujer-cortajeada-por-su-pareja-y-otros-hechos-delictivos\/#primaryimage","url":"https:\/\/i0.wp.com\/elregionalvm.com.ar\/noticias-villa-maria\/wp-content\/uploads\/2022\/02\/WhatsApp-Image-2022-02-01-at-19.37.08.jpeg?fit=1600%2C1200&ssl=1","contentUrl":"https:\/\/i0.wp.com\/elregionalvm.com.ar\/noticias-villa-maria\/wp-content\/uploads\/2022\/02\/WhatsApp-Image-2022-02-01-at-19.37.08.jpeg?fit=1600%2C1200&ssl=1","width":1600,"height":1200},{"@type":"BreadcrumbList","@id":"http:\/\/elregionalvm.com.ar\/noticias-villa-maria\/tarde-violenta-mujer-cortajeada-por-su-pareja-y-otros-hechos-delictivos\/#breadcrumb","itemListElement":[{"@type":"ListItem","position":1,"name":"Portada","item":"https:\/\/elregionalvm.com.ar\/noticias-villa-maria\/"},{"@type":"ListItem","position":2,"name":"Tarde violenta: mujer cortajeada por su pareja y otros hechos delictivos"}]},{"@type":"WebSite","@id":"http:\/\/elregionalvm.com.ar\/noticias-villa-maria\/#website","url":"http:\/\/elregionalvm.com.ar\/noticias-villa-maria\/","name":"El Regional","description":"Mucho m\u00e1s que informaci\u00f3n","potentialAction":[{"@type":"SearchAction","target":{"@type":"EntryPoint","urlTemplate":"http:\/\/elregionalvm.com.ar\/noticias-villa-maria\/?s={search_term_string}"},"query-input":{"@type":"PropertyValueSpecification","valueRequired":true,"valueName":"search_term_string"}}],"inLanguage":"es"},{"@type":"Person","@id":"http:\/\/elregionalvm.com.ar\/noticias-villa-maria\/#\/schema\/person\/a0fb9c422317faca23d50163151bc354","name":"Contenidos El Regional","image":{"@type":"ImageObject","inLanguage":"es","@id":"http:\/\/elregionalvm.com.ar\/noticias-villa-maria\/#\/schema\/person\/image\/","url":"https:\/\/secure.gravatar.com\/avatar\/265b27cb2209af7bb3a1318f03305787d7981a5cc6e6cd08fe5a4ecdf99d4b48?s=96&d=mm&r=g","contentUrl":"https:\/\/secure.gravatar.com\/avatar\/265b27cb2209af7bb3a1318f03305787d7981a5cc6e6cd08fe5a4ecdf99d4b48?s=96&d=mm&r=g","caption":"Contenidos El Regional"},"url":"https:\/\/elregionalvm.com.ar\/noticias-villa-maria\/author\/contenido\/"}]}},"jetpack_featured_media_url":"https:\/\/i0.wp.com\/elregionalvm.com.ar\/noticias-villa-maria\/wp-content\/uploads\/2022\/02\/WhatsApp-Image-2022-02-01-at-19.37.08.jpeg?fit=1600%2C1200&ssl=1","jetpack_sharing_enabled":true,"_links":{"self":[{"href":"https:\/\/elregionalvm.com.ar\/noticias-villa-maria\/wp-json\/wp\/v2\/posts\/51958","targetHints":{"allow":["GET"]}}],"collection":[{"href":"https:\/\/elregionalvm.com.ar\/noticias-villa-maria\/wp-json\/wp\/v2\/posts"}],"about":[{"href":"https:\/\/elregionalvm.com.ar\/noticias-villa-maria\/wp-json\/wp\/v2\/types\/post"}],"author":[{"embeddable":true,"href":"https:\/\/elregionalvm.com.ar\/noticias-villa-maria\/wp-json\/wp\/v2\/users\/4"}],"replies":[{"embeddable":true,"href":"https:\/\/elregionalvm.com.ar\/noticias-villa-maria\/wp-json\/wp\/v2\/comments?post=51958"}],"version-history":[{"count":1,"href":"https:\/\/elregionalvm.com.ar\/noticias-villa-maria\/wp-json\/wp\/v2\/posts\/51958\/revisions"}],"predecessor-version":[{"id":51963,"href":"https:\/\/elregionalvm.com.ar\/noticias-villa-maria\/wp-json\/wp\/v2\/posts\/51958\/revisions\/51963"}],"wp:featuredmedia":[{"embeddable":true,"href":"https:\/\/elregionalvm.com.ar\/noticias-villa-maria\/wp-json\/wp\/v2\/media\/51959"}],"wp:attachment":[{"href":"https:\/\/elregionalvm.com.ar\/noticias-villa-maria\/wp-json\/wp\/v2\/media?parent=51958"}],"wp:term":[{"taxonomy":"category","embeddable":true,"href":"https:\/\/elregionalvm.com.ar\/noticias-villa-maria\/wp-json\/wp\/v2\/categories?post=51958"},{"taxonomy":"post_tag","embeddable":true,"href":"https:\/\/elregionalvm.com.ar\/noticias-villa-maria\/wp-json\/wp\/v2\/tags?post=51958"}],"curies":[{"name":"wp","href":"https:\/\/api.w.org\/{rel}","templated":true}]}}