{"id":52090,"date":"2022-02-04T22:19:51","date_gmt":"2022-02-04T22:19:51","guid":{"rendered":"https:\/\/elregionalvm.com.ar\/noticias-villa-maria\/?p=52090"},"modified":"2022-02-05T02:44:41","modified_gmt":"2022-02-05T02:44:41","slug":"covid-en-la-ciudad-un-nuevo-fallecido-y-datos-datos-estadisticos","status":"publish","type":"post","link":"https:\/\/elregionalvm.com.ar\/noticias-villa-maria\/covid-en-la-ciudad-un-nuevo-fallecido-y-datos-datos-estadisticos\/","title":{"rendered":"Covid en la ciudad: un nuevo fallecido y datos estad\u00edsticos"},"content":{"rendered":"\n<p>Este viernes la jornada cerr\u00f3 con 84 contagios positivos de Covid, aunque 124 personas fueron dados de alta luego de cursar el contagio. Muri\u00f3 otro hombre, en este caso de 92 a\u00f1os, quien estaba afectado por el coronavirus; se convierte en el fallecido 321 desde el inicio de la pandemia en la ciudad de Villa Mar\u00eda.<\/p>\n\n\n\n<figure class=\"wp-block-gallery columns-2 is-cropped wp-block-gallery-1 is-layout-flex wp-block-gallery-is-layout-flex\"><ul class=\"blocks-gallery-grid\"><li class=\"blocks-gallery-item\"><figure><img data-recalc-dims=\"1\" fetchpriority=\"high\" decoding=\"async\" width=\"1024\" height=\"385\" src=\"https:\/\/i0.wp.com\/elregionalvm.com.ar\/noticias-villa-maria\/wp-content\/uploads\/2022\/02\/WhatsApp-Image-2022-02-04-at-15.33.23-1.jpeg?resize=1024%2C385&#038;ssl=1\" alt=\"\" data-id=\"52093\" data-link=\"https:\/\/elregionalvm.com.ar\/noticias-villa-maria\/?attachment_id=52093\" class=\"wp-image-52093\" srcset=\"https:\/\/i0.wp.com\/elregionalvm.com.ar\/noticias-villa-maria\/wp-content\/uploads\/2022\/02\/WhatsApp-Image-2022-02-04-at-15.33.23-1.jpeg?resize=1024%2C385&amp;ssl=1 1024w, https:\/\/i0.wp.com\/elregionalvm.com.ar\/noticias-villa-maria\/wp-content\/uploads\/2022\/02\/WhatsApp-Image-2022-02-04-at-15.33.23-1.jpeg?resize=300%2C113&amp;ssl=1 300w, https:\/\/i0.wp.com\/elregionalvm.com.ar\/noticias-villa-maria\/wp-content\/uploads\/2022\/02\/WhatsApp-Image-2022-02-04-at-15.33.23-1.jpeg?resize=768%2C288&amp;ssl=1 768w, https:\/\/i0.wp.com\/elregionalvm.com.ar\/noticias-villa-maria\/wp-content\/uploads\/2022\/02\/WhatsApp-Image-2022-02-04-at-15.33.23-1.jpeg?w=1217&amp;ssl=1 1217w\" sizes=\"(max-width: 1000px) 100vw, 1000px\" \/><\/figure><\/li><li class=\"blocks-gallery-item\"><figure><img data-recalc-dims=\"1\" decoding=\"async\" width=\"1024\" height=\"354\" src=\"https:\/\/i0.wp.com\/elregionalvm.com.ar\/noticias-villa-maria\/wp-content\/uploads\/2022\/02\/WhatsApp-Image-2022-02-04-at-15.33.31.jpeg?resize=1024%2C354&#038;ssl=1\" alt=\"\" data-id=\"52094\" data-full-url=\"https:\/\/elregionalvm.com.ar\/noticias-villa-maria\/wp-content\/uploads\/2022\/02\/WhatsApp-Image-2022-02-04-at-15.33.31.jpeg\" data-link=\"https:\/\/elregionalvm.com.ar\/noticias-villa-maria\/?attachment_id=52094\" class=\"wp-image-52094\" srcset=\"https:\/\/i0.wp.com\/elregionalvm.com.ar\/noticias-villa-maria\/wp-content\/uploads\/2022\/02\/WhatsApp-Image-2022-02-04-at-15.33.31.jpeg?resize=1024%2C354&amp;ssl=1 1024w, https:\/\/i0.wp.com\/elregionalvm.com.ar\/noticias-villa-maria\/wp-content\/uploads\/2022\/02\/WhatsApp-Image-2022-02-04-at-15.33.31.jpeg?resize=300%2C104&amp;ssl=1 300w, https:\/\/i0.wp.com\/elregionalvm.com.ar\/noticias-villa-maria\/wp-content\/uploads\/2022\/02\/WhatsApp-Image-2022-02-04-at-15.33.31.jpeg?resize=768%2C266&amp;ssl=1 768w, https:\/\/i0.wp.com\/elregionalvm.com.ar\/noticias-villa-maria\/wp-content\/uploads\/2022\/02\/WhatsApp-Image-2022-02-04-at-15.33.31.jpeg?w=1280&amp;ssl=1 1280w\" sizes=\"(max-width: 1000px) 100vw, 1000px\" \/><\/figure><\/li><\/ul><\/figure>\n\n\n\n<p>Por otro lado, los datos estad\u00edsticos sobre la vacunaci\u00f3n en esta semana arrojaron los siguientes n\u00fameros:<\/p>\n\n\n\n<div class=\"wp-block-image\"><figure class=\"aligncenter size-large is-resized\"><img data-recalc-dims=\"1\" decoding=\"async\" src=\"https:\/\/i0.wp.com\/elregionalvm.com.ar\/noticias-villa-maria\/wp-content\/uploads\/2022\/02\/WhatsApp-Image-2022-02-04-at-18.16.45.jpeg?resize=405%2C405&#038;ssl=1\" alt=\"\" class=\"wp-image-52091\" width=\"405\" height=\"405\" srcset=\"https:\/\/i0.wp.com\/elregionalvm.com.ar\/noticias-villa-maria\/wp-content\/uploads\/2022\/02\/WhatsApp-Image-2022-02-04-at-18.16.45.jpeg?w=1024&amp;ssl=1 1024w, https:\/\/i0.wp.com\/elregionalvm.com.ar\/noticias-villa-maria\/wp-content\/uploads\/2022\/02\/WhatsApp-Image-2022-02-04-at-18.16.45.jpeg?resize=300%2C300&amp;ssl=1 300w, https:\/\/i0.wp.com\/elregionalvm.com.ar\/noticias-villa-maria\/wp-content\/uploads\/2022\/02\/WhatsApp-Image-2022-02-04-at-18.16.45.jpeg?resize=768%2C768&amp;ssl=1 768w\" sizes=\"(max-width: 405px) 100vw, 405px\" \/><\/figure><\/div>\n\n\n\n<p><\/p>\n\n\n\n<p>Por su parte, Villa Nueva dio a conocer este reporte diario durante la presente jornada:<\/p>\n\n\n\n<div class=\"wp-block-image\"><figure class=\"aligncenter size-large is-resized\"><img data-recalc-dims=\"1\" loading=\"lazy\" decoding=\"async\" src=\"https:\/\/i0.wp.com\/elregionalvm.com.ar\/noticias-villa-maria\/wp-content\/uploads\/2022\/02\/WhatsApp-Image-2022-02-04-at-19.21.53.jpeg?resize=308%2C769&#038;ssl=1\" alt=\"\" class=\"wp-image-52111\" width=\"308\" height=\"769\" srcset=\"https:\/\/i0.wp.com\/elregionalvm.com.ar\/noticias-villa-maria\/wp-content\/uploads\/2022\/02\/WhatsApp-Image-2022-02-04-at-19.21.53.jpeg?resize=410%2C1024&amp;ssl=1 410w, https:\/\/i0.wp.com\/elregionalvm.com.ar\/noticias-villa-maria\/wp-content\/uploads\/2022\/02\/WhatsApp-Image-2022-02-04-at-19.21.53.jpeg?resize=120%2C300&amp;ssl=1 120w, https:\/\/i0.wp.com\/elregionalvm.com.ar\/noticias-villa-maria\/wp-content\/uploads\/2022\/02\/WhatsApp-Image-2022-02-04-at-19.21.53.jpeg?w=640&amp;ssl=1 640w\" sizes=\"(max-width: 308px) 100vw, 308px\" \/><\/figure><\/div>\n","protected":false},"excerpt":{"rendered":"<p>Este viernes la jornada cerr\u00f3 con 84 contagios positivos de Covid, aunque 124 personas fueron dados de alta luego de cursar el contagio. Muri\u00f3 otro hombre, en este caso de 92 a\u00f1os, quien estaba afectado por el coronavirus; se convierte en el fallecido 321 desde el inicio de la pandemia en la ciudad de Villa [&hellip;]<\/p>\n","protected":false},"author":4,"featured_media":37293,"comment_status":"open","ping_status":"open","sticky":false,"template":"","format":"standard","meta":{"site-sidebar-layout":"default","site-content-layout":"default","ast-site-content-layout":"default","site-content-style":"default","site-sidebar-style":"default","ast-global-header-display":"","ast-banner-title-visibility":"","ast-main-header-display":"","ast-hfb-above-header-display":"","ast-hfb-below-header-display":"","ast-hfb-mobile-header-display":"","site-post-title":"","ast-breadcrumbs-content":"","ast-featured-img":"","footer-sml-layout":"","ast-disable-related-posts":"","theme-transparent-header-meta":"default","adv-header-id-meta":"","stick-header-meta":"","header-above-stick-meta":"","header-main-stick-meta":"","header-below-stick-meta":"","astra-migrate-meta-layouts":"default","ast-page-background-enabled":"default","ast-page-background-meta":{"desktop":{"background-color":"","background-image":"","background-repeat":"repeat","background-position":"center center","background-size":"auto","background-attachment":"scroll","background-type":"","background-media":"","overlay-type":"","overlay-color":"","overlay-opacity":"","overlay-gradient":""},"tablet":{"background-color":"","background-image":"","background-repeat":"repeat","background-position":"center center","background-size":"auto","background-attachment":"scroll","background-type":"","background-media":"","overlay-type":"","overlay-color":"","overlay-opacity":"","overlay-gradient":""},"mobile":{"background-color":"","background-image":"","background-repeat":"repeat","background-position":"center center","background-size":"auto","background-attachment":"scroll","background-type":"","background-media":"","overlay-type":"","overlay-color":"","overlay-opacity":"","overlay-gradient":""}},"ast-content-background-meta":{"desktop":{"background-color":"var(--ast-global-color-5)","background-image":"","background-repeat":"repeat","background-position":"center center","background-size":"auto","background-attachment":"scroll","background-type":"","background-media":"","overlay-type":"","overlay-color":"","overlay-opacity":"","overlay-gradient":""},"tablet":{"background-color":"var(--ast-global-color-5)","background-image":"","background-repeat":"repeat","background-position":"center center","background-size":"auto","background-attachment":"scroll","background-type":"","background-media":"","overlay-type":"","overlay-color":"","overlay-opacity":"","overlay-gradient":""},"mobile":{"background-color":"var(--ast-global-color-5)","background-image":"","background-repeat":"repeat","background-position":"center center","background-size":"auto","background-attachment":"scroll","background-type":"","background-media":"","overlay-type":"","overlay-color":"","overlay-opacity":"","overlay-gradient":""}},"_jetpack_memberships_contains_paid_content":false,"_joinchat":[],"footnotes":""},"categories":[2256,2],"tags":[13507,3907,1997,3863,8797,13508,534,232],"class_list":["post-52090","post","type-post","status-publish","format-standard","has-post-thumbnail","hentry","category-coronavirus","category-villa-maria","tag-92-anos","tag-casos-diarios","tag-coronavirus","tag-covid","tag-hombre-fallecido","tag-viernes-4-de-febrero-de-2022","tag-villa-maria","tag-villa-nueva"],"yoast_head":"<!-- This site is optimized with the Yoast SEO plugin v26.8 - https:\/\/yoast.com\/product\/yoast-seo-wordpress\/ -->\n<title>Covid en la ciudad: un nuevo fallecido y datos estad\u00edsticos - El Regional<\/title>\n<meta name=\"robots\" content=\"index, follow, max-snippet:-1, max-image-preview:large, max-video-preview:-1\" \/>\n<link rel=\"canonical\" href=\"http:\/\/elregionalvm.com.ar\/noticias-villa-maria\/covid-en-la-ciudad-un-nuevo-fallecido-y-datos-datos-estadisticos\/\" \/>\n<meta property=\"og:locale\" content=\"es_ES\" \/>\n<meta property=\"og:type\" content=\"article\" \/>\n<meta property=\"og:title\" content=\"Covid en la ciudad: un nuevo fallecido y datos estad\u00edsticos - El Regional\" \/>\n<meta property=\"og:description\" content=\"Este viernes la jornada cerr\u00f3 con 84 contagios positivos de Covid, aunque 124 personas fueron dados de alta luego de cursar el contagio. Muri\u00f3 otro hombre, en este caso de 92 a\u00f1os, quien estaba afectado por el coronavirus; se convierte en el fallecido 321 desde el inicio de la pandemia en la ciudad de Villa [&hellip;]\" \/>\n<meta property=\"og:url\" content=\"http:\/\/elregionalvm.com.ar\/noticias-villa-maria\/covid-en-la-ciudad-un-nuevo-fallecido-y-datos-datos-estadisticos\/\" \/>\n<meta property=\"og:site_name\" content=\"El Regional\" \/>\n<meta property=\"article:publisher\" content=\"https:\/\/www.facebook.com\/elregionalvm\" \/>\n<meta property=\"article:published_time\" content=\"2022-02-04T22:19:51+00:00\" \/>\n<meta property=\"article:modified_time\" content=\"2022-02-05T02:44:41+00:00\" \/>\n<meta property=\"og:image\" content=\"http:\/\/elregionalvm.com.ar\/noticias-villa-maria\/wp-content\/uploads\/2021\/05\/covid-23.jpg\" \/>\n\t<meta property=\"og:image:width\" content=\"1200\" \/>\n\t<meta property=\"og:image:height\" content=\"675\" \/>\n\t<meta property=\"og:image:type\" content=\"image\/jpeg\" \/>\n<meta name=\"author\" content=\"Contenidos El Regional\" \/>\n<meta name=\"twitter:card\" content=\"summary_large_image\" \/>\n<meta name=\"twitter:creator\" content=\"@elregionalvm1\" \/>\n<meta name=\"twitter:site\" content=\"@elregionalvm1\" \/>\n<meta name=\"twitter:label1\" content=\"Escrito por\" \/>\n\t<meta name=\"twitter:data1\" content=\"Contenidos El Regional\" \/>\n\t<meta name=\"twitter:label2\" content=\"Tiempo de lectura\" \/>\n\t<meta name=\"twitter:data2\" content=\"2 minutos\" \/>\n<script type=\"application\/ld+json\" class=\"yoast-schema-graph\">{\"@context\":\"https:\/\/schema.org\",\"@graph\":[{\"@type\":\"Article\",\"@id\":\"http:\/\/elregionalvm.com.ar\/noticias-villa-maria\/covid-en-la-ciudad-un-nuevo-fallecido-y-datos-datos-estadisticos\/#article\",\"isPartOf\":{\"@id\":\"http:\/\/elregionalvm.com.ar\/noticias-villa-maria\/covid-en-la-ciudad-un-nuevo-fallecido-y-datos-datos-estadisticos\/\"},\"author\":{\"name\":\"Contenidos El Regional\",\"@id\":\"http:\/\/elregionalvm.com.ar\/noticias-villa-maria\/#\/schema\/person\/a0fb9c422317faca23d50163151bc354\"},\"headline\":\"Covid en la ciudad: un nuevo fallecido y datos estad\u00edsticos\",\"datePublished\":\"2022-02-04T22:19:51+00:00\",\"dateModified\":\"2022-02-05T02:44:41+00:00\",\"mainEntityOfPage\":{\"@id\":\"http:\/\/elregionalvm.com.ar\/noticias-villa-maria\/covid-en-la-ciudad-un-nuevo-fallecido-y-datos-datos-estadisticos\/\"},\"wordCount\":99,\"commentCount\":0,\"image\":{\"@id\":\"http:\/\/elregionalvm.com.ar\/noticias-villa-maria\/covid-en-la-ciudad-un-nuevo-fallecido-y-datos-datos-estadisticos\/#primaryimage\"},\"thumbnailUrl\":\"https:\/\/i0.wp.com\/elregionalvm.com.ar\/noticias-villa-maria\/wp-content\/uploads\/2021\/05\/covid-23.jpg?fit=1200%2C675&ssl=1\",\"keywords\":[\"92 a\u00f1os\",\"casos diarios\",\"Coronavirus\",\"covid\",\"hombre fallecido\",\"viernes 4 de febrero de 2022\",\"villa maria\",\"VILLA NUEVA\"],\"articleSection\":[\"Coronavirus\",\"Villa Mar\u00eda\"],\"inLanguage\":\"es\",\"potentialAction\":[{\"@type\":\"CommentAction\",\"name\":\"Comment\",\"target\":[\"http:\/\/elregionalvm.com.ar\/noticias-villa-maria\/covid-en-la-ciudad-un-nuevo-fallecido-y-datos-datos-estadisticos\/#respond\"]}]},{\"@type\":\"WebPage\",\"@id\":\"http:\/\/elregionalvm.com.ar\/noticias-villa-maria\/covid-en-la-ciudad-un-nuevo-fallecido-y-datos-datos-estadisticos\/\",\"url\":\"http:\/\/elregionalvm.com.ar\/noticias-villa-maria\/covid-en-la-ciudad-un-nuevo-fallecido-y-datos-datos-estadisticos\/\",\"name\":\"Covid en la ciudad: un nuevo fallecido y datos estad\u00edsticos - El Regional\",\"isPartOf\":{\"@id\":\"http:\/\/elregionalvm.com.ar\/noticias-villa-maria\/#website\"},\"primaryImageOfPage\":{\"@id\":\"http:\/\/elregionalvm.com.ar\/noticias-villa-maria\/covid-en-la-ciudad-un-nuevo-fallecido-y-datos-datos-estadisticos\/#primaryimage\"},\"image\":{\"@id\":\"http:\/\/elregionalvm.com.ar\/noticias-villa-maria\/covid-en-la-ciudad-un-nuevo-fallecido-y-datos-datos-estadisticos\/#primaryimage\"},\"thumbnailUrl\":\"https:\/\/i0.wp.com\/elregionalvm.com.ar\/noticias-villa-maria\/wp-content\/uploads\/2021\/05\/covid-23.jpg?fit=1200%2C675&ssl=1\",\"datePublished\":\"2022-02-04T22:19:51+00:00\",\"dateModified\":\"2022-02-05T02:44:41+00:00\",\"author\":{\"@id\":\"http:\/\/elregionalvm.com.ar\/noticias-villa-maria\/#\/schema\/person\/a0fb9c422317faca23d50163151bc354\"},\"breadcrumb\":{\"@id\":\"http:\/\/elregionalvm.com.ar\/noticias-villa-maria\/covid-en-la-ciudad-un-nuevo-fallecido-y-datos-datos-estadisticos\/#breadcrumb\"},\"inLanguage\":\"es\",\"potentialAction\":[{\"@type\":\"ReadAction\",\"target\":[\"http:\/\/elregionalvm.com.ar\/noticias-villa-maria\/covid-en-la-ciudad-un-nuevo-fallecido-y-datos-datos-estadisticos\/\"]}]},{\"@type\":\"ImageObject\",\"inLanguage\":\"es\",\"@id\":\"http:\/\/elregionalvm.com.ar\/noticias-villa-maria\/covid-en-la-ciudad-un-nuevo-fallecido-y-datos-datos-estadisticos\/#primaryimage\",\"url\":\"https:\/\/i0.wp.com\/elregionalvm.com.ar\/noticias-villa-maria\/wp-content\/uploads\/2021\/05\/covid-23.jpg?fit=1200%2C675&ssl=1\",\"contentUrl\":\"https:\/\/i0.wp.com\/elregionalvm.com.ar\/noticias-villa-maria\/wp-content\/uploads\/2021\/05\/covid-23.jpg?fit=1200%2C675&ssl=1\",\"width\":1200,\"height\":675},{\"@type\":\"BreadcrumbList\",\"@id\":\"http:\/\/elregionalvm.com.ar\/noticias-villa-maria\/covid-en-la-ciudad-un-nuevo-fallecido-y-datos-datos-estadisticos\/#breadcrumb\",\"itemListElement\":[{\"@type\":\"ListItem\",\"position\":1,\"name\":\"Portada\",\"item\":\"https:\/\/elregionalvm.com.ar\/noticias-villa-maria\/\"},{\"@type\":\"ListItem\",\"position\":2,\"name\":\"Covid en la ciudad: un nuevo fallecido y datos estad\u00edsticos\"}]},{\"@type\":\"WebSite\",\"@id\":\"http:\/\/elregionalvm.com.ar\/noticias-villa-maria\/#website\",\"url\":\"http:\/\/elregionalvm.com.ar\/noticias-villa-maria\/\",\"name\":\"El Regional\",\"description\":\"Mucho m\u00e1s que informaci\u00f3n\",\"potentialAction\":[{\"@type\":\"SearchAction\",\"target\":{\"@type\":\"EntryPoint\",\"urlTemplate\":\"http:\/\/elregionalvm.com.ar\/noticias-villa-maria\/?s={search_term_string}\"},\"query-input\":{\"@type\":\"PropertyValueSpecification\",\"valueRequired\":true,\"valueName\":\"search_term_string\"}}],\"inLanguage\":\"es\"},{\"@type\":\"Person\",\"@id\":\"http:\/\/elregionalvm.com.ar\/noticias-villa-maria\/#\/schema\/person\/a0fb9c422317faca23d50163151bc354\",\"name\":\"Contenidos El Regional\",\"image\":{\"@type\":\"ImageObject\",\"inLanguage\":\"es\",\"@id\":\"http:\/\/elregionalvm.com.ar\/noticias-villa-maria\/#\/schema\/person\/image\/\",\"url\":\"https:\/\/secure.gravatar.com\/avatar\/265b27cb2209af7bb3a1318f03305787d7981a5cc6e6cd08fe5a4ecdf99d4b48?s=96&d=mm&r=g\",\"contentUrl\":\"https:\/\/secure.gravatar.com\/avatar\/265b27cb2209af7bb3a1318f03305787d7981a5cc6e6cd08fe5a4ecdf99d4b48?s=96&d=mm&r=g\",\"caption\":\"Contenidos El Regional\"},\"url\":\"https:\/\/elregionalvm.com.ar\/noticias-villa-maria\/author\/contenido\/\"}]}<\/script>\n<!-- \/ Yoast SEO plugin. -->","yoast_head_json":{"title":"Covid en la ciudad: un nuevo fallecido y datos estad\u00edsticos - El Regional","robots":{"index":"index","follow":"follow","max-snippet":"max-snippet:-1","max-image-preview":"max-image-preview:large","max-video-preview":"max-video-preview:-1"},"canonical":"http:\/\/elregionalvm.com.ar\/noticias-villa-maria\/covid-en-la-ciudad-un-nuevo-fallecido-y-datos-datos-estadisticos\/","og_locale":"es_ES","og_type":"article","og_title":"Covid en la ciudad: un nuevo fallecido y datos estad\u00edsticos - El Regional","og_description":"Este viernes la jornada cerr\u00f3 con 84 contagios positivos de Covid, aunque 124 personas fueron dados de alta luego de cursar el contagio. Muri\u00f3 otro hombre, en este caso de 92 a\u00f1os, quien estaba afectado por el coronavirus; se convierte en el fallecido 321 desde el inicio de la pandemia en la ciudad de Villa [&hellip;]","og_url":"http:\/\/elregionalvm.com.ar\/noticias-villa-maria\/covid-en-la-ciudad-un-nuevo-fallecido-y-datos-datos-estadisticos\/","og_site_name":"El Regional","article_publisher":"https:\/\/www.facebook.com\/elregionalvm","article_published_time":"2022-02-04T22:19:51+00:00","article_modified_time":"2022-02-05T02:44:41+00:00","og_image":[{"width":1200,"height":675,"url":"http:\/\/elregionalvm.com.ar\/noticias-villa-maria\/wp-content\/uploads\/2021\/05\/covid-23.jpg","type":"image\/jpeg"}],"author":"Contenidos El Regional","twitter_card":"summary_large_image","twitter_creator":"@elregionalvm1","twitter_site":"@elregionalvm1","twitter_misc":{"Escrito por":"Contenidos El Regional","Tiempo de lectura":"2 minutos"},"schema":{"@context":"https:\/\/schema.org","@graph":[{"@type":"Article","@id":"http:\/\/elregionalvm.com.ar\/noticias-villa-maria\/covid-en-la-ciudad-un-nuevo-fallecido-y-datos-datos-estadisticos\/#article","isPartOf":{"@id":"http:\/\/elregionalvm.com.ar\/noticias-villa-maria\/covid-en-la-ciudad-un-nuevo-fallecido-y-datos-datos-estadisticos\/"},"author":{"name":"Contenidos El Regional","@id":"http:\/\/elregionalvm.com.ar\/noticias-villa-maria\/#\/schema\/person\/a0fb9c422317faca23d50163151bc354"},"headline":"Covid en la ciudad: un nuevo fallecido y datos estad\u00edsticos","datePublished":"2022-02-04T22:19:51+00:00","dateModified":"2022-02-05T02:44:41+00:00","mainEntityOfPage":{"@id":"http:\/\/elregionalvm.com.ar\/noticias-villa-maria\/covid-en-la-ciudad-un-nuevo-fallecido-y-datos-datos-estadisticos\/"},"wordCount":99,"commentCount":0,"image":{"@id":"http:\/\/elregionalvm.com.ar\/noticias-villa-maria\/covid-en-la-ciudad-un-nuevo-fallecido-y-datos-datos-estadisticos\/#primaryimage"},"thumbnailUrl":"https:\/\/i0.wp.com\/elregionalvm.com.ar\/noticias-villa-maria\/wp-content\/uploads\/2021\/05\/covid-23.jpg?fit=1200%2C675&ssl=1","keywords":["92 a\u00f1os","casos diarios","Coronavirus","covid","hombre fallecido","viernes 4 de febrero de 2022","villa maria","VILLA NUEVA"],"articleSection":["Coronavirus","Villa Mar\u00eda"],"inLanguage":"es","potentialAction":[{"@type":"CommentAction","name":"Comment","target":["http:\/\/elregionalvm.com.ar\/noticias-villa-maria\/covid-en-la-ciudad-un-nuevo-fallecido-y-datos-datos-estadisticos\/#respond"]}]},{"@type":"WebPage","@id":"http:\/\/elregionalvm.com.ar\/noticias-villa-maria\/covid-en-la-ciudad-un-nuevo-fallecido-y-datos-datos-estadisticos\/","url":"http:\/\/elregionalvm.com.ar\/noticias-villa-maria\/covid-en-la-ciudad-un-nuevo-fallecido-y-datos-datos-estadisticos\/","name":"Covid en la ciudad: un nuevo fallecido y datos estad\u00edsticos - El Regional","isPartOf":{"@id":"http:\/\/elregionalvm.com.ar\/noticias-villa-maria\/#website"},"primaryImageOfPage":{"@id":"http:\/\/elregionalvm.com.ar\/noticias-villa-maria\/covid-en-la-ciudad-un-nuevo-fallecido-y-datos-datos-estadisticos\/#primaryimage"},"image":{"@id":"http:\/\/elregionalvm.com.ar\/noticias-villa-maria\/covid-en-la-ciudad-un-nuevo-fallecido-y-datos-datos-estadisticos\/#primaryimage"},"thumbnailUrl":"https:\/\/i0.wp.com\/elregionalvm.com.ar\/noticias-villa-maria\/wp-content\/uploads\/2021\/05\/covid-23.jpg?fit=1200%2C675&ssl=1","datePublished":"2022-02-04T22:19:51+00:00","dateModified":"2022-02-05T02:44:41+00:00","author":{"@id":"http:\/\/elregionalvm.com.ar\/noticias-villa-maria\/#\/schema\/person\/a0fb9c422317faca23d50163151bc354"},"breadcrumb":{"@id":"http:\/\/elregionalvm.com.ar\/noticias-villa-maria\/covid-en-la-ciudad-un-nuevo-fallecido-y-datos-datos-estadisticos\/#breadcrumb"},"inLanguage":"es","potentialAction":[{"@type":"ReadAction","target":["http:\/\/elregionalvm.com.ar\/noticias-villa-maria\/covid-en-la-ciudad-un-nuevo-fallecido-y-datos-datos-estadisticos\/"]}]},{"@type":"ImageObject","inLanguage":"es","@id":"http:\/\/elregionalvm.com.ar\/noticias-villa-maria\/covid-en-la-ciudad-un-nuevo-fallecido-y-datos-datos-estadisticos\/#primaryimage","url":"https:\/\/i0.wp.com\/elregionalvm.com.ar\/noticias-villa-maria\/wp-content\/uploads\/2021\/05\/covid-23.jpg?fit=1200%2C675&ssl=1","contentUrl":"https:\/\/i0.wp.com\/elregionalvm.com.ar\/noticias-villa-maria\/wp-content\/uploads\/2021\/05\/covid-23.jpg?fit=1200%2C675&ssl=1","width":1200,"height":675},{"@type":"BreadcrumbList","@id":"http:\/\/elregionalvm.com.ar\/noticias-villa-maria\/covid-en-la-ciudad-un-nuevo-fallecido-y-datos-datos-estadisticos\/#breadcrumb","itemListElement":[{"@type":"ListItem","position":1,"name":"Portada","item":"https:\/\/elregionalvm.com.ar\/noticias-villa-maria\/"},{"@type":"ListItem","position":2,"name":"Covid en la ciudad: un nuevo fallecido y datos estad\u00edsticos"}]},{"@type":"WebSite","@id":"http:\/\/elregionalvm.com.ar\/noticias-villa-maria\/#website","url":"http:\/\/elregionalvm.com.ar\/noticias-villa-maria\/","name":"El Regional","description":"Mucho m\u00e1s que informaci\u00f3n","potentialAction":[{"@type":"SearchAction","target":{"@type":"EntryPoint","urlTemplate":"http:\/\/elregionalvm.com.ar\/noticias-villa-maria\/?s={search_term_string}"},"query-input":{"@type":"PropertyValueSpecification","valueRequired":true,"valueName":"search_term_string"}}],"inLanguage":"es"},{"@type":"Person","@id":"http:\/\/elregionalvm.com.ar\/noticias-villa-maria\/#\/schema\/person\/a0fb9c422317faca23d50163151bc354","name":"Contenidos El Regional","image":{"@type":"ImageObject","inLanguage":"es","@id":"http:\/\/elregionalvm.com.ar\/noticias-villa-maria\/#\/schema\/person\/image\/","url":"https:\/\/secure.gravatar.com\/avatar\/265b27cb2209af7bb3a1318f03305787d7981a5cc6e6cd08fe5a4ecdf99d4b48?s=96&d=mm&r=g","contentUrl":"https:\/\/secure.gravatar.com\/avatar\/265b27cb2209af7bb3a1318f03305787d7981a5cc6e6cd08fe5a4ecdf99d4b48?s=96&d=mm&r=g","caption":"Contenidos El Regional"},"url":"https:\/\/elregionalvm.com.ar\/noticias-villa-maria\/author\/contenido\/"}]}},"jetpack_featured_media_url":"https:\/\/i0.wp.com\/elregionalvm.com.ar\/noticias-villa-maria\/wp-content\/uploads\/2021\/05\/covid-23.jpg?fit=1200%2C675&ssl=1","jetpack_sharing_enabled":true,"_links":{"self":[{"href":"https:\/\/elregionalvm.com.ar\/noticias-villa-maria\/wp-json\/wp\/v2\/posts\/52090","targetHints":{"allow":["GET"]}}],"collection":[{"href":"https:\/\/elregionalvm.com.ar\/noticias-villa-maria\/wp-json\/wp\/v2\/posts"}],"about":[{"href":"https:\/\/elregionalvm.com.ar\/noticias-villa-maria\/wp-json\/wp\/v2\/types\/post"}],"author":[{"embeddable":true,"href":"https:\/\/elregionalvm.com.ar\/noticias-villa-maria\/wp-json\/wp\/v2\/users\/4"}],"replies":[{"embeddable":true,"href":"https:\/\/elregionalvm.com.ar\/noticias-villa-maria\/wp-json\/wp\/v2\/comments?post=52090"}],"version-history":[{"count":3,"href":"https:\/\/elregionalvm.com.ar\/noticias-villa-maria\/wp-json\/wp\/v2\/posts\/52090\/revisions"}],"predecessor-version":[{"id":52112,"href":"https:\/\/elregionalvm.com.ar\/noticias-villa-maria\/wp-json\/wp\/v2\/posts\/52090\/revisions\/52112"}],"wp:featuredmedia":[{"embeddable":true,"href":"https:\/\/elregionalvm.com.ar\/noticias-villa-maria\/wp-json\/wp\/v2\/media\/37293"}],"wp:attachment":[{"href":"https:\/\/elregionalvm.com.ar\/noticias-villa-maria\/wp-json\/wp\/v2\/media?parent=52090"}],"wp:term":[{"taxonomy":"category","embeddable":true,"href":"https:\/\/elregionalvm.com.ar\/noticias-villa-maria\/wp-json\/wp\/v2\/categories?post=52090"},{"taxonomy":"post_tag","embeddable":true,"href":"https:\/\/elregionalvm.com.ar\/noticias-villa-maria\/wp-json\/wp\/v2\/tags?post=52090"}],"curies":[{"name":"wp","href":"https:\/\/api.w.org\/{rel}","templated":true}]}}