{"id":52113,"date":"2022-02-05T00:11:37","date_gmt":"2022-02-05T00:11:37","guid":{"rendered":"https:\/\/elregionalvm.com.ar\/noticias-villa-maria\/?p=52113"},"modified":"2022-02-05T00:11:38","modified_gmt":"2022-02-05T00:11:38","slug":"villa-nueva-presento-su-reclamo-al-ersep-por-cortes-energeticos","status":"publish","type":"post","link":"https:\/\/elregionalvm.com.ar\/noticias-villa-maria\/villa-nueva-presento-su-reclamo-al-ersep-por-cortes-energeticos\/","title":{"rendered":"Villa Nueva present\u00f3 su reclamo al ERSeP por cortes energ\u00e9ticos"},"content":{"rendered":"\n<p>El intendente, Natalio Graglia, present\u00f3 la nota en el Entre Regulador de Servicios P\u00fablicos de C\u00f3rdoba (ERSeP), en donde se reclama por los reiterados cortes de energ\u00eda que afectaron a Villa Nueva y a Villa Mar\u00eda durante los \u00faltimos meses. Misma nota, se present\u00f3 al ministro de Servicios P\u00fablicos de la Provincia, Fabi\u00e1n L\u00f3pez.<\/p>\n\n\n\n<p>La presentaci\u00f3n, es una nota conjunta entre los municipos de ambas ciudades y lleva la firma de Edgardo Garmendia \u2013titular del Ejecutivo Villanovense al momento de los cortes de energ\u00eda-, y Mart\u00edn Gill, intendente de Villa Mar\u00eda.<\/p>\n\n\n\n<p><br><strong>La nota completa destaca:<\/strong><br><br>\u00abEn nuestra condici\u00f3n de intendentes de las ciudades de Villa Nueva y Villa Mar\u00eda, nos dirigimos cordialmente a Ud. Con motivo de exponer en forma sucinta los reclamos y denuncias recibidas de parte de los habitantes de nuestras ciudades y usuarios del servicio de energ\u00eda el\u00e9ctrica, en raz\u00f3n de los inconvenientes ocasionados por los cortes y fallas del suministro el\u00e9ctrico ocurridos la semana pr\u00f3xima pasada.<\/p>\n\n\n\n<p><br>En raz\u00f3n de un servicio de energ\u00eda el\u00e9ctrica brindado por EPEC que desde hace un tiempo viene siendo precaro agrav\u00e1ndose la situaci\u00f3n ante la ola de calor, se sucedieron reiteraos y prolongados cortes del suministro de energ\u00eda, torn\u00e1ndose sumamente angustiosa y desesperante la situaci\u00f3n, tanto para la ciudadan\u00eda en general, como as\u00ed tambi\u00e9n para comerciantes, industriales y personal de salud de ambas ciudades.<\/p>\n\n\n\n<p>La falta de previsi\u00f3n e informaci\u00f3n de los cortes programados, como as\u00ed tambi\u00e9n la ausencia de un plan de contingencia ante cortes imprevistos del suministro, ha ocasionado una situaci\u00f3n de extrema angustia y peligro en la comunidad de personas electrodependientes con problemas de salud, llegando a situaciones l\u00edmites.<\/p>\n\n\n\n<p>Es evidente que el crecimiento demogr\u00e1fico de ambas ciudades no ha sido acompa\u00f1ado por el crecimiento de la calidad y seriedad del servicio, a\u00fan cuando las exigencias de la EPEC son cumplimentadas en cada proyecto de urbanizaci\u00f3n que se lleva adelante.<\/p>\n\n\n\n<p>A\u00fan cuando anticipadamente se anunciaban temperaturas superiores a los cuarenta grados cent\u00edgrados (40\u00ba C) no se previ\u00f3 la sobrecarga en las l\u00edneas el\u00e9ctricas ante un aumento o pico de consumo, algo que resultaba l\u00f3gico y esperable ante las agobiantes jornadas que se preanunciaban.<\/p>\n\n\n\n<p>Es por ello, que solicitamos al ERSeP, como \u00f3rgano contralor del Servicio P\u00fablico que presta EPEC, que por medio de la Gerencia de Energ\u00eda El\u00e9ctrica y\/o el \u00e1rea que corresponda, intervenga ante dicha situaci\u00f3n a los fines de determinar y poner en conocimiento de nuestros habitantes las razones de los cortes de suministro el\u00e9ctrico sufridos en ambas ciudades, de qu\u00e9 manera EPEC afrontar\u00e1 la indemnizaci\u00f3n de aquellos que han sufrido p\u00e9rdidas materiales a partir de fallas y cortes en el suministro de energ\u00eda el\u00e9ctrica sin intermitencias, dentro de par\u00e1metro de normalidad acordes a las tarifas abonadas por los usuarios del mismo.<\/p>\n\n\n\n<p>Informamos que hemos cursado nota de similar contenido al Ministerio de Servicios P\u00fablicos de la provincia. Habiendo comunicado por este medio la voluntad y descontento de los habitantes de las ciudades que gobernamos, esperando una respuesta satisfactoria de vuestra parte, hacemos propicia la oportunidad para saludarte con distinguida atenci\u00f3n\u00bb.<\/p>\n","protected":false},"excerpt":{"rendered":"<p>El intendente, Natalio Graglia, present\u00f3 la nota en el Entre Regulador de Servicios P\u00fablicos de C\u00f3rdoba (ERSeP), en donde se reclama por los reiterados cortes de energ\u00eda que afectaron a Villa Nueva y a Villa Mar\u00eda durante los \u00faltimos meses. Misma nota, se present\u00f3 al ministro de Servicios P\u00fablicos de la Provincia, Fabi\u00e1n L\u00f3pez. La [&hellip;]<\/p>\n","protected":false},"author":4,"featured_media":0,"comment_status":"open","ping_status":"open","sticky":false,"template":"","format":"standard","meta":{"site-sidebar-layout":"default","site-content-layout":"default","ast-site-content-layout":"default","site-content-style":"default","site-sidebar-style":"default","ast-global-header-display":"","ast-banner-title-visibility":"","ast-main-header-display":"","ast-hfb-above-header-display":"","ast-hfb-below-header-display":"","ast-hfb-mobile-header-display":"","site-post-title":"","ast-breadcrumbs-content":"","ast-featured-img":"","footer-sml-layout":"","ast-disable-related-posts":"","theme-transparent-header-meta":"default","adv-header-id-meta":"","stick-header-meta":"","header-above-stick-meta":"","header-main-stick-meta":"","header-below-stick-meta":"","astra-migrate-meta-layouts":"default","ast-page-background-enabled":"default","ast-page-background-meta":{"desktop":{"background-color":"","background-image":"","background-repeat":"repeat","background-position":"center center","background-size":"auto","background-attachment":"scroll","background-type":"","background-media":"","overlay-type":"","overlay-color":"","overlay-opacity":"","overlay-gradient":""},"tablet":{"background-color":"","background-image":"","background-repeat":"repeat","background-position":"center center","background-size":"auto","background-attachment":"scroll","background-type":"","background-media":"","overlay-type":"","overlay-color":"","overlay-opacity":"","overlay-gradient":""},"mobile":{"background-color":"","background-image":"","background-repeat":"repeat","background-position":"center center","background-size":"auto","background-attachment":"scroll","background-type":"","background-media":"","overlay-type":"","overlay-color":"","overlay-opacity":"","overlay-gradient":""}},"ast-content-background-meta":{"desktop":{"background-color":"var(--ast-global-color-5)","background-image":"","background-repeat":"repeat","background-position":"center center","background-size":"auto","background-attachment":"scroll","background-type":"","background-media":"","overlay-type":"","overlay-color":"","overlay-opacity":"","overlay-gradient":""},"tablet":{"background-color":"var(--ast-global-color-5)","background-image":"","background-repeat":"repeat","background-position":"center center","background-size":"auto","background-attachment":"scroll","background-type":"","background-media":"","overlay-type":"","overlay-color":"","overlay-opacity":"","overlay-gradient":""},"mobile":{"background-color":"var(--ast-global-color-5)","background-image":"","background-repeat":"repeat","background-position":"center center","background-size":"auto","background-attachment":"scroll","background-type":"","background-media":"","overlay-type":"","overlay-color":"","overlay-opacity":"","overlay-gradient":""}},"_jetpack_memberships_contains_paid_content":false,"_joinchat":[],"footnotes":""},"categories":[2,1408],"tags":[13292,1232,13294,2788,2248,232],"class_list":["post-52113","post","type-post","status-publish","format-standard","hentry","category-villa-maria","category-villa-nueva","tag-cortes-de-luz","tag-destacado","tag-ersep","tag-reclamo","tag-villa-maria-2","tag-villa-nueva"],"yoast_head":"<!-- This site is optimized with the Yoast SEO plugin v26.8 - https:\/\/yoast.com\/product\/yoast-seo-wordpress\/ -->\n<title>Villa Nueva present\u00f3 su reclamo al ERSeP por cortes energ\u00e9ticos - El Regional<\/title>\n<meta name=\"robots\" content=\"index, follow, max-snippet:-1, max-image-preview:large, max-video-preview:-1\" \/>\n<link rel=\"canonical\" href=\"http:\/\/elregionalvm.com.ar\/noticias-villa-maria\/villa-nueva-presento-su-reclamo-al-ersep-por-cortes-energeticos\/\" \/>\n<meta property=\"og:locale\" content=\"es_ES\" \/>\n<meta property=\"og:type\" content=\"article\" \/>\n<meta property=\"og:title\" content=\"Villa Nueva present\u00f3 su reclamo al ERSeP por cortes energ\u00e9ticos - El Regional\" \/>\n<meta property=\"og:description\" content=\"El intendente, Natalio Graglia, present\u00f3 la nota en el Entre Regulador de Servicios P\u00fablicos de C\u00f3rdoba (ERSeP), en donde se reclama por los reiterados cortes de energ\u00eda que afectaron a Villa Nueva y a Villa Mar\u00eda durante los \u00faltimos meses. Misma nota, se present\u00f3 al ministro de Servicios P\u00fablicos de la Provincia, Fabi\u00e1n L\u00f3pez. La [&hellip;]\" \/>\n<meta property=\"og:url\" content=\"http:\/\/elregionalvm.com.ar\/noticias-villa-maria\/villa-nueva-presento-su-reclamo-al-ersep-por-cortes-energeticos\/\" \/>\n<meta property=\"og:site_name\" content=\"El Regional\" \/>\n<meta property=\"article:publisher\" content=\"https:\/\/www.facebook.com\/elregionalvm\" \/>\n<meta property=\"article:published_time\" content=\"2022-02-05T00:11:37+00:00\" \/>\n<meta property=\"article:modified_time\" content=\"2022-02-05T00:11:38+00:00\" \/>\n<meta property=\"og:image\" content=\"http:\/\/elregionalvm.com.ar\/noticias-villa-maria\/wp-content\/uploads\/2022\/02\/operarios-epec.jpg\" \/>\n\t<meta property=\"og:image:width\" content=\"280\" \/>\n\t<meta property=\"og:image:height\" content=\"180\" \/>\n\t<meta property=\"og:image:type\" content=\"image\/jpeg\" \/>\n<meta name=\"author\" content=\"Contenidos El Regional\" \/>\n<meta name=\"twitter:card\" content=\"summary_large_image\" \/>\n<meta name=\"twitter:creator\" content=\"@elregionalvm1\" \/>\n<meta name=\"twitter:site\" content=\"@elregionalvm1\" \/>\n<meta name=\"twitter:label1\" content=\"Escrito por\" \/>\n\t<meta name=\"twitter:data1\" content=\"Contenidos El Regional\" \/>\n\t<meta name=\"twitter:label2\" content=\"Tiempo de lectura\" \/>\n\t<meta name=\"twitter:data2\" content=\"3 minutos\" \/>\n<script type=\"application\/ld+json\" class=\"yoast-schema-graph\">{\"@context\":\"https:\/\/schema.org\",\"@graph\":[{\"@type\":\"Article\",\"@id\":\"http:\/\/elregionalvm.com.ar\/noticias-villa-maria\/villa-nueva-presento-su-reclamo-al-ersep-por-cortes-energeticos\/#article\",\"isPartOf\":{\"@id\":\"http:\/\/elregionalvm.com.ar\/noticias-villa-maria\/villa-nueva-presento-su-reclamo-al-ersep-por-cortes-energeticos\/\"},\"author\":{\"name\":\"Contenidos El Regional\",\"@id\":\"http:\/\/elregionalvm.com.ar\/noticias-villa-maria\/#\/schema\/person\/a0fb9c422317faca23d50163151bc354\"},\"headline\":\"Villa Nueva present\u00f3 su reclamo al ERSeP por cortes energ\u00e9ticos\",\"datePublished\":\"2022-02-05T00:11:37+00:00\",\"dateModified\":\"2022-02-05T00:11:38+00:00\",\"mainEntityOfPage\":{\"@id\":\"http:\/\/elregionalvm.com.ar\/noticias-villa-maria\/villa-nueva-presento-su-reclamo-al-ersep-por-cortes-energeticos\/\"},\"wordCount\":570,\"commentCount\":0,\"keywords\":[\"cortes de luz\",\"destacado\",\"ERSEP\",\"Reclamo\",\"Villa Mar\u00eda\",\"VILLA NUEVA\"],\"articleSection\":[\"Villa Mar\u00eda\",\"Villa Nueva\"],\"inLanguage\":\"es\",\"potentialAction\":[{\"@type\":\"CommentAction\",\"name\":\"Comment\",\"target\":[\"http:\/\/elregionalvm.com.ar\/noticias-villa-maria\/villa-nueva-presento-su-reclamo-al-ersep-por-cortes-energeticos\/#respond\"]}]},{\"@type\":\"WebPage\",\"@id\":\"http:\/\/elregionalvm.com.ar\/noticias-villa-maria\/villa-nueva-presento-su-reclamo-al-ersep-por-cortes-energeticos\/\",\"url\":\"http:\/\/elregionalvm.com.ar\/noticias-villa-maria\/villa-nueva-presento-su-reclamo-al-ersep-por-cortes-energeticos\/\",\"name\":\"Villa Nueva present\u00f3 su reclamo al ERSeP por cortes energ\u00e9ticos - El Regional\",\"isPartOf\":{\"@id\":\"http:\/\/elregionalvm.com.ar\/noticias-villa-maria\/#website\"},\"datePublished\":\"2022-02-05T00:11:37+00:00\",\"dateModified\":\"2022-02-05T00:11:38+00:00\",\"author\":{\"@id\":\"http:\/\/elregionalvm.com.ar\/noticias-villa-maria\/#\/schema\/person\/a0fb9c422317faca23d50163151bc354\"},\"breadcrumb\":{\"@id\":\"http:\/\/elregionalvm.com.ar\/noticias-villa-maria\/villa-nueva-presento-su-reclamo-al-ersep-por-cortes-energeticos\/#breadcrumb\"},\"inLanguage\":\"es\",\"potentialAction\":[{\"@type\":\"ReadAction\",\"target\":[\"http:\/\/elregionalvm.com.ar\/noticias-villa-maria\/villa-nueva-presento-su-reclamo-al-ersep-por-cortes-energeticos\/\"]}]},{\"@type\":\"BreadcrumbList\",\"@id\":\"http:\/\/elregionalvm.com.ar\/noticias-villa-maria\/villa-nueva-presento-su-reclamo-al-ersep-por-cortes-energeticos\/#breadcrumb\",\"itemListElement\":[{\"@type\":\"ListItem\",\"position\":1,\"name\":\"Portada\",\"item\":\"https:\/\/elregionalvm.com.ar\/noticias-villa-maria\/\"},{\"@type\":\"ListItem\",\"position\":2,\"name\":\"Villa Nueva present\u00f3 su reclamo al ERSeP por cortes energ\u00e9ticos\"}]},{\"@type\":\"WebSite\",\"@id\":\"http:\/\/elregionalvm.com.ar\/noticias-villa-maria\/#website\",\"url\":\"http:\/\/elregionalvm.com.ar\/noticias-villa-maria\/\",\"name\":\"El Regional\",\"description\":\"Mucho m\u00e1s que informaci\u00f3n\",\"potentialAction\":[{\"@type\":\"SearchAction\",\"target\":{\"@type\":\"EntryPoint\",\"urlTemplate\":\"http:\/\/elregionalvm.com.ar\/noticias-villa-maria\/?s={search_term_string}\"},\"query-input\":{\"@type\":\"PropertyValueSpecification\",\"valueRequired\":true,\"valueName\":\"search_term_string\"}}],\"inLanguage\":\"es\"},{\"@type\":\"Person\",\"@id\":\"http:\/\/elregionalvm.com.ar\/noticias-villa-maria\/#\/schema\/person\/a0fb9c422317faca23d50163151bc354\",\"name\":\"Contenidos El Regional\",\"image\":{\"@type\":\"ImageObject\",\"inLanguage\":\"es\",\"@id\":\"http:\/\/elregionalvm.com.ar\/noticias-villa-maria\/#\/schema\/person\/image\/\",\"url\":\"https:\/\/secure.gravatar.com\/avatar\/265b27cb2209af7bb3a1318f03305787d7981a5cc6e6cd08fe5a4ecdf99d4b48?s=96&d=mm&r=g\",\"contentUrl\":\"https:\/\/secure.gravatar.com\/avatar\/265b27cb2209af7bb3a1318f03305787d7981a5cc6e6cd08fe5a4ecdf99d4b48?s=96&d=mm&r=g\",\"caption\":\"Contenidos El Regional\"},\"url\":\"https:\/\/elregionalvm.com.ar\/noticias-villa-maria\/author\/contenido\/\"}]}<\/script>\n<!-- \/ Yoast SEO plugin. -->","yoast_head_json":{"title":"Villa Nueva present\u00f3 su reclamo al ERSeP por cortes energ\u00e9ticos - El Regional","robots":{"index":"index","follow":"follow","max-snippet":"max-snippet:-1","max-image-preview":"max-image-preview:large","max-video-preview":"max-video-preview:-1"},"canonical":"http:\/\/elregionalvm.com.ar\/noticias-villa-maria\/villa-nueva-presento-su-reclamo-al-ersep-por-cortes-energeticos\/","og_locale":"es_ES","og_type":"article","og_title":"Villa Nueva present\u00f3 su reclamo al ERSeP por cortes energ\u00e9ticos - El Regional","og_description":"El intendente, Natalio Graglia, present\u00f3 la nota en el Entre Regulador de Servicios P\u00fablicos de C\u00f3rdoba (ERSeP), en donde se reclama por los reiterados cortes de energ\u00eda que afectaron a Villa Nueva y a Villa Mar\u00eda durante los \u00faltimos meses. Misma nota, se present\u00f3 al ministro de Servicios P\u00fablicos de la Provincia, Fabi\u00e1n L\u00f3pez. La [&hellip;]","og_url":"http:\/\/elregionalvm.com.ar\/noticias-villa-maria\/villa-nueva-presento-su-reclamo-al-ersep-por-cortes-energeticos\/","og_site_name":"El Regional","article_publisher":"https:\/\/www.facebook.com\/elregionalvm","article_published_time":"2022-02-05T00:11:37+00:00","article_modified_time":"2022-02-05T00:11:38+00:00","og_image":[{"width":280,"height":180,"url":"http:\/\/elregionalvm.com.ar\/noticias-villa-maria\/wp-content\/uploads\/2022\/02\/operarios-epec.jpg","type":"image\/jpeg"}],"author":"Contenidos El Regional","twitter_card":"summary_large_image","twitter_creator":"@elregionalvm1","twitter_site":"@elregionalvm1","twitter_misc":{"Escrito por":"Contenidos El Regional","Tiempo de lectura":"3 minutos"},"schema":{"@context":"https:\/\/schema.org","@graph":[{"@type":"Article","@id":"http:\/\/elregionalvm.com.ar\/noticias-villa-maria\/villa-nueva-presento-su-reclamo-al-ersep-por-cortes-energeticos\/#article","isPartOf":{"@id":"http:\/\/elregionalvm.com.ar\/noticias-villa-maria\/villa-nueva-presento-su-reclamo-al-ersep-por-cortes-energeticos\/"},"author":{"name":"Contenidos El Regional","@id":"http:\/\/elregionalvm.com.ar\/noticias-villa-maria\/#\/schema\/person\/a0fb9c422317faca23d50163151bc354"},"headline":"Villa Nueva present\u00f3 su reclamo al ERSeP por cortes energ\u00e9ticos","datePublished":"2022-02-05T00:11:37+00:00","dateModified":"2022-02-05T00:11:38+00:00","mainEntityOfPage":{"@id":"http:\/\/elregionalvm.com.ar\/noticias-villa-maria\/villa-nueva-presento-su-reclamo-al-ersep-por-cortes-energeticos\/"},"wordCount":570,"commentCount":0,"keywords":["cortes de luz","destacado","ERSEP","Reclamo","Villa Mar\u00eda","VILLA NUEVA"],"articleSection":["Villa Mar\u00eda","Villa Nueva"],"inLanguage":"es","potentialAction":[{"@type":"CommentAction","name":"Comment","target":["http:\/\/elregionalvm.com.ar\/noticias-villa-maria\/villa-nueva-presento-su-reclamo-al-ersep-por-cortes-energeticos\/#respond"]}]},{"@type":"WebPage","@id":"http:\/\/elregionalvm.com.ar\/noticias-villa-maria\/villa-nueva-presento-su-reclamo-al-ersep-por-cortes-energeticos\/","url":"http:\/\/elregionalvm.com.ar\/noticias-villa-maria\/villa-nueva-presento-su-reclamo-al-ersep-por-cortes-energeticos\/","name":"Villa Nueva present\u00f3 su reclamo al ERSeP por cortes energ\u00e9ticos - El Regional","isPartOf":{"@id":"http:\/\/elregionalvm.com.ar\/noticias-villa-maria\/#website"},"datePublished":"2022-02-05T00:11:37+00:00","dateModified":"2022-02-05T00:11:38+00:00","author":{"@id":"http:\/\/elregionalvm.com.ar\/noticias-villa-maria\/#\/schema\/person\/a0fb9c422317faca23d50163151bc354"},"breadcrumb":{"@id":"http:\/\/elregionalvm.com.ar\/noticias-villa-maria\/villa-nueva-presento-su-reclamo-al-ersep-por-cortes-energeticos\/#breadcrumb"},"inLanguage":"es","potentialAction":[{"@type":"ReadAction","target":["http:\/\/elregionalvm.com.ar\/noticias-villa-maria\/villa-nueva-presento-su-reclamo-al-ersep-por-cortes-energeticos\/"]}]},{"@type":"BreadcrumbList","@id":"http:\/\/elregionalvm.com.ar\/noticias-villa-maria\/villa-nueva-presento-su-reclamo-al-ersep-por-cortes-energeticos\/#breadcrumb","itemListElement":[{"@type":"ListItem","position":1,"name":"Portada","item":"https:\/\/elregionalvm.com.ar\/noticias-villa-maria\/"},{"@type":"ListItem","position":2,"name":"Villa Nueva present\u00f3 su reclamo al ERSeP por cortes energ\u00e9ticos"}]},{"@type":"WebSite","@id":"http:\/\/elregionalvm.com.ar\/noticias-villa-maria\/#website","url":"http:\/\/elregionalvm.com.ar\/noticias-villa-maria\/","name":"El Regional","description":"Mucho m\u00e1s que informaci\u00f3n","potentialAction":[{"@type":"SearchAction","target":{"@type":"EntryPoint","urlTemplate":"http:\/\/elregionalvm.com.ar\/noticias-villa-maria\/?s={search_term_string}"},"query-input":{"@type":"PropertyValueSpecification","valueRequired":true,"valueName":"search_term_string"}}],"inLanguage":"es"},{"@type":"Person","@id":"http:\/\/elregionalvm.com.ar\/noticias-villa-maria\/#\/schema\/person\/a0fb9c422317faca23d50163151bc354","name":"Contenidos El Regional","image":{"@type":"ImageObject","inLanguage":"es","@id":"http:\/\/elregionalvm.com.ar\/noticias-villa-maria\/#\/schema\/person\/image\/","url":"https:\/\/secure.gravatar.com\/avatar\/265b27cb2209af7bb3a1318f03305787d7981a5cc6e6cd08fe5a4ecdf99d4b48?s=96&d=mm&r=g","contentUrl":"https:\/\/secure.gravatar.com\/avatar\/265b27cb2209af7bb3a1318f03305787d7981a5cc6e6cd08fe5a4ecdf99d4b48?s=96&d=mm&r=g","caption":"Contenidos El Regional"},"url":"https:\/\/elregionalvm.com.ar\/noticias-villa-maria\/author\/contenido\/"}]}},"jetpack_featured_media_url":"","jetpack_sharing_enabled":true,"_links":{"self":[{"href":"https:\/\/elregionalvm.com.ar\/noticias-villa-maria\/wp-json\/wp\/v2\/posts\/52113","targetHints":{"allow":["GET"]}}],"collection":[{"href":"https:\/\/elregionalvm.com.ar\/noticias-villa-maria\/wp-json\/wp\/v2\/posts"}],"about":[{"href":"https:\/\/elregionalvm.com.ar\/noticias-villa-maria\/wp-json\/wp\/v2\/types\/post"}],"author":[{"embeddable":true,"href":"https:\/\/elregionalvm.com.ar\/noticias-villa-maria\/wp-json\/wp\/v2\/users\/4"}],"replies":[{"embeddable":true,"href":"https:\/\/elregionalvm.com.ar\/noticias-villa-maria\/wp-json\/wp\/v2\/comments?post=52113"}],"version-history":[{"count":1,"href":"https:\/\/elregionalvm.com.ar\/noticias-villa-maria\/wp-json\/wp\/v2\/posts\/52113\/revisions"}],"predecessor-version":[{"id":52115,"href":"https:\/\/elregionalvm.com.ar\/noticias-villa-maria\/wp-json\/wp\/v2\/posts\/52113\/revisions\/52115"}],"wp:attachment":[{"href":"https:\/\/elregionalvm.com.ar\/noticias-villa-maria\/wp-json\/wp\/v2\/media?parent=52113"}],"wp:term":[{"taxonomy":"category","embeddable":true,"href":"https:\/\/elregionalvm.com.ar\/noticias-villa-maria\/wp-json\/wp\/v2\/categories?post=52113"},{"taxonomy":"post_tag","embeddable":true,"href":"https:\/\/elregionalvm.com.ar\/noticias-villa-maria\/wp-json\/wp\/v2\/tags?post=52113"}],"curies":[{"name":"wp","href":"https:\/\/api.w.org\/{rel}","templated":true}]}}