{"id":52116,"date":"2022-02-05T00:24:41","date_gmt":"2022-02-05T00:24:41","guid":{"rendered":"https:\/\/elregionalvm.com.ar\/noticias-villa-maria\/?p=52116"},"modified":"2022-02-05T00:24:42","modified_gmt":"2022-02-05T00:24:42","slug":"vacunaran-a-adultos-de-18-a-56-anos-contra-el-sarampion-en-caps-y-asistencia","status":"publish","type":"post","link":"https:\/\/elregionalvm.com.ar\/noticias-villa-maria\/vacunaran-a-adultos-de-18-a-56-anos-contra-el-sarampion-en-caps-y-asistencia\/","title":{"rendered":"Vacunar\u00e1n a adultos de 18 a 56 a\u00f1os contra el sarampi\u00f3n en CAPS y Asistencia"},"content":{"rendered":"\n<p>El municipio comenzar\u00e1 a inmunizar con doble viral desde el pr\u00f3ximo lunes 7 de febrero, vacuna que protege contra el virus del sarampi\u00f3n. La aplicaci\u00f3n de las dosis tendr\u00e1 lugar en todos los Centros de Atenci\u00f3n Primaria de la Salud (CAPS) y en la Asistencia P\u00fablica mediante la labor de la Secretar\u00eda de Salud.<\/p>\n\n\n\n<p>El llamado se encuentra destinado a personas de 18 a 56 a\u00f1os que deban completar su esquema, como as\u00ed tambi\u00e9n a quienes no acrediten en su carnet haberse vacunado contra la enfermedad ni tengan registro de ello, y las autoridades sanitarias argentinas lo consideran pertinente por la aparici\u00f3n de brotes de sarampi\u00f3n en Brasil.<\/p>\n\n\n\n<p>Los horarios habilitados para concurrir a los CAPS ser\u00e1n los mismos que para la vacunaci\u00f3n contra el covid, es decir, de 8:00 a 11:00 horas de lunes a viernes. En tanto, la Asistencia P\u00fablica permanecer\u00e1 disponible para tal fin de 8:00 a 16:00 horas durante los d\u00edas h\u00e1biles.<\/p>\n\n\n\n<p>Cabe destacar que las dosis de doble viral pueden ser aplicadas junto con las otras vacunas del calendario nacional y con la vacuna contra el covid sin presentar interferencias. Para ello, quienes concurran deber\u00e1n hacerlo con su DNI y sin necesidad de turno previo.<\/p>\n\n\n\n<p>Es oportuno resaltar que para evitar la reintroducci\u00f3n del virus en el pa\u00eds es indispensable que todos los adultos de entre 18 y 56 a\u00f1os puedan acreditar la correspondiente inmunizaci\u00f3n. En cuanto al sarampi\u00f3n, se trata de una enfermedad eruptiva febril que puede presentarse en todas las edades, siendo de mayor gravedad en ni\u00f1os y ni\u00f1as menores de 5 a\u00f1os o con desnutrici\u00f3n, en los cuales puede causar graves complicaciones respiratorias, muchas veces causando la muerte.<\/p>\n","protected":false},"excerpt":{"rendered":"<p>El municipio comenzar\u00e1 a inmunizar con doble viral desde el pr\u00f3ximo lunes 7 de febrero, vacuna que protege contra el virus del sarampi\u00f3n. La aplicaci\u00f3n de las dosis tendr\u00e1 lugar en todos los Centros de Atenci\u00f3n Primaria de la Salud (CAPS) y en la Asistencia P\u00fablica mediante la labor de la Secretar\u00eda de Salud. El [&hellip;]<\/p>\n","protected":false},"author":4,"featured_media":52117,"comment_status":"open","ping_status":"open","sticky":false,"template":"","format":"standard","meta":{"site-sidebar-layout":"default","site-content-layout":"default","ast-site-content-layout":"default","site-content-style":"default","site-sidebar-style":"default","ast-global-header-display":"","ast-banner-title-visibility":"","ast-main-header-display":"","ast-hfb-above-header-display":"","ast-hfb-below-header-display":"","ast-hfb-mobile-header-display":"","site-post-title":"","ast-breadcrumbs-content":"","ast-featured-img":"","footer-sml-layout":"","ast-disable-related-posts":"","theme-transparent-header-meta":"default","adv-header-id-meta":"","stick-header-meta":"","header-above-stick-meta":"","header-main-stick-meta":"","header-below-stick-meta":"","astra-migrate-meta-layouts":"default","ast-page-background-enabled":"default","ast-page-background-meta":{"desktop":{"background-color":"","background-image":"","background-repeat":"repeat","background-position":"center center","background-size":"auto","background-attachment":"scroll","background-type":"","background-media":"","overlay-type":"","overlay-color":"","overlay-opacity":"","overlay-gradient":""},"tablet":{"background-color":"","background-image":"","background-repeat":"repeat","background-position":"center center","background-size":"auto","background-attachment":"scroll","background-type":"","background-media":"","overlay-type":"","overlay-color":"","overlay-opacity":"","overlay-gradient":""},"mobile":{"background-color":"","background-image":"","background-repeat":"repeat","background-position":"center center","background-size":"auto","background-attachment":"scroll","background-type":"","background-media":"","overlay-type":"","overlay-color":"","overlay-opacity":"","overlay-gradient":""}},"ast-content-background-meta":{"desktop":{"background-color":"var(--ast-global-color-5)","background-image":"","background-repeat":"repeat","background-position":"center center","background-size":"auto","background-attachment":"scroll","background-type":"","background-media":"","overlay-type":"","overlay-color":"","overlay-opacity":"","overlay-gradient":""},"tablet":{"background-color":"var(--ast-global-color-5)","background-image":"","background-repeat":"repeat","background-position":"center center","background-size":"auto","background-attachment":"scroll","background-type":"","background-media":"","overlay-type":"","overlay-color":"","overlay-opacity":"","overlay-gradient":""},"mobile":{"background-color":"var(--ast-global-color-5)","background-image":"","background-repeat":"repeat","background-position":"center center","background-size":"auto","background-attachment":"scroll","background-type":"","background-media":"","overlay-type":"","overlay-color":"","overlay-opacity":"","overlay-gradient":""}},"_jetpack_memberships_contains_paid_content":false,"_joinchat":[],"footnotes":""},"categories":[2],"tags":[6353,2128,2225,13517,13518,13516,2318],"class_list":["post-52116","post","type-post","status-publish","format-standard","has-post-thumbnail","hentry","category-villa-maria","tag-adultos","tag-asistencia-publica","tag-caps","tag-de-18-a-56-anos","tag-lunes-7-de-febrero","tag-sarampion","tag-vacunacion"],"yoast_head":"<!-- This site is optimized with the Yoast SEO plugin v26.8 - https:\/\/yoast.com\/product\/yoast-seo-wordpress\/ -->\n<title>Vacunar\u00e1n a adultos de 18 a 56 a\u00f1os contra el sarampi\u00f3n en CAPS y Asistencia - El Regional<\/title>\n<meta name=\"robots\" content=\"index, follow, max-snippet:-1, max-image-preview:large, max-video-preview:-1\" \/>\n<link rel=\"canonical\" href=\"http:\/\/elregionalvm.com.ar\/noticias-villa-maria\/vacunaran-a-adultos-de-18-a-56-anos-contra-el-sarampion-en-caps-y-asistencia\/\" \/>\n<meta property=\"og:locale\" content=\"es_ES\" \/>\n<meta property=\"og:type\" content=\"article\" \/>\n<meta property=\"og:title\" content=\"Vacunar\u00e1n a adultos de 18 a 56 a\u00f1os contra el sarampi\u00f3n en CAPS y Asistencia - El Regional\" \/>\n<meta property=\"og:description\" content=\"El municipio comenzar\u00e1 a inmunizar con doble viral desde el pr\u00f3ximo lunes 7 de febrero, vacuna que protege contra el virus del sarampi\u00f3n. La aplicaci\u00f3n de las dosis tendr\u00e1 lugar en todos los Centros de Atenci\u00f3n Primaria de la Salud (CAPS) y en la Asistencia P\u00fablica mediante la labor de la Secretar\u00eda de Salud. El [&hellip;]\" \/>\n<meta property=\"og:url\" content=\"http:\/\/elregionalvm.com.ar\/noticias-villa-maria\/vacunaran-a-adultos-de-18-a-56-anos-contra-el-sarampion-en-caps-y-asistencia\/\" \/>\n<meta property=\"og:site_name\" content=\"El Regional\" \/>\n<meta property=\"article:publisher\" content=\"https:\/\/www.facebook.com\/elregionalvm\" \/>\n<meta property=\"article:published_time\" content=\"2022-02-05T00:24:41+00:00\" \/>\n<meta property=\"article:modified_time\" content=\"2022-02-05T00:24:42+00:00\" \/>\n<meta property=\"og:image\" content=\"http:\/\/elregionalvm.com.ar\/noticias-villa-maria\/wp-content\/uploads\/2022\/02\/sarampion.jpg\" \/>\n\t<meta property=\"og:image:width\" content=\"900\" \/>\n\t<meta property=\"og:image:height\" content=\"600\" \/>\n\t<meta property=\"og:image:type\" content=\"image\/jpeg\" \/>\n<meta name=\"author\" content=\"Contenidos El Regional\" \/>\n<meta name=\"twitter:card\" content=\"summary_large_image\" \/>\n<meta name=\"twitter:creator\" content=\"@elregionalvm1\" \/>\n<meta name=\"twitter:site\" content=\"@elregionalvm1\" \/>\n<meta name=\"twitter:label1\" content=\"Escrito por\" \/>\n\t<meta name=\"twitter:data1\" content=\"Contenidos El Regional\" \/>\n\t<meta name=\"twitter:label2\" content=\"Tiempo de lectura\" \/>\n\t<meta name=\"twitter:data2\" content=\"2 minutos\" \/>\n<script type=\"application\/ld+json\" class=\"yoast-schema-graph\">{\"@context\":\"https:\/\/schema.org\",\"@graph\":[{\"@type\":\"Article\",\"@id\":\"http:\/\/elregionalvm.com.ar\/noticias-villa-maria\/vacunaran-a-adultos-de-18-a-56-anos-contra-el-sarampion-en-caps-y-asistencia\/#article\",\"isPartOf\":{\"@id\":\"http:\/\/elregionalvm.com.ar\/noticias-villa-maria\/vacunaran-a-adultos-de-18-a-56-anos-contra-el-sarampion-en-caps-y-asistencia\/\"},\"author\":{\"name\":\"Contenidos El Regional\",\"@id\":\"http:\/\/elregionalvm.com.ar\/noticias-villa-maria\/#\/schema\/person\/a0fb9c422317faca23d50163151bc354\"},\"headline\":\"Vacunar\u00e1n a adultos de 18 a 56 a\u00f1os contra el sarampi\u00f3n en CAPS y Asistencia\",\"datePublished\":\"2022-02-05T00:24:41+00:00\",\"dateModified\":\"2022-02-05T00:24:42+00:00\",\"mainEntityOfPage\":{\"@id\":\"http:\/\/elregionalvm.com.ar\/noticias-villa-maria\/vacunaran-a-adultos-de-18-a-56-anos-contra-el-sarampion-en-caps-y-asistencia\/\"},\"wordCount\":307,\"commentCount\":0,\"image\":{\"@id\":\"http:\/\/elregionalvm.com.ar\/noticias-villa-maria\/vacunaran-a-adultos-de-18-a-56-anos-contra-el-sarampion-en-caps-y-asistencia\/#primaryimage\"},\"thumbnailUrl\":\"https:\/\/i0.wp.com\/elregionalvm.com.ar\/noticias-villa-maria\/wp-content\/uploads\/2022\/02\/sarampion.jpg?fit=900%2C600&ssl=1\",\"keywords\":[\"adultos\",\"Asistencia P\u00fablica\",\"CAPS\",\"de 18 a 56 a\u00f1os\",\"lunes 7 de febrero\",\"sarampi\u00f3n\",\"Vacunaci\u00f3n\"],\"articleSection\":[\"Villa Mar\u00eda\"],\"inLanguage\":\"es\",\"potentialAction\":[{\"@type\":\"CommentAction\",\"name\":\"Comment\",\"target\":[\"http:\/\/elregionalvm.com.ar\/noticias-villa-maria\/vacunaran-a-adultos-de-18-a-56-anos-contra-el-sarampion-en-caps-y-asistencia\/#respond\"]}]},{\"@type\":\"WebPage\",\"@id\":\"http:\/\/elregionalvm.com.ar\/noticias-villa-maria\/vacunaran-a-adultos-de-18-a-56-anos-contra-el-sarampion-en-caps-y-asistencia\/\",\"url\":\"http:\/\/elregionalvm.com.ar\/noticias-villa-maria\/vacunaran-a-adultos-de-18-a-56-anos-contra-el-sarampion-en-caps-y-asistencia\/\",\"name\":\"Vacunar\u00e1n a adultos de 18 a 56 a\u00f1os contra el sarampi\u00f3n en CAPS y Asistencia - El Regional\",\"isPartOf\":{\"@id\":\"http:\/\/elregionalvm.com.ar\/noticias-villa-maria\/#website\"},\"primaryImageOfPage\":{\"@id\":\"http:\/\/elregionalvm.com.ar\/noticias-villa-maria\/vacunaran-a-adultos-de-18-a-56-anos-contra-el-sarampion-en-caps-y-asistencia\/#primaryimage\"},\"image\":{\"@id\":\"http:\/\/elregionalvm.com.ar\/noticias-villa-maria\/vacunaran-a-adultos-de-18-a-56-anos-contra-el-sarampion-en-caps-y-asistencia\/#primaryimage\"},\"thumbnailUrl\":\"https:\/\/i0.wp.com\/elregionalvm.com.ar\/noticias-villa-maria\/wp-content\/uploads\/2022\/02\/sarampion.jpg?fit=900%2C600&ssl=1\",\"datePublished\":\"2022-02-05T00:24:41+00:00\",\"dateModified\":\"2022-02-05T00:24:42+00:00\",\"author\":{\"@id\":\"http:\/\/elregionalvm.com.ar\/noticias-villa-maria\/#\/schema\/person\/a0fb9c422317faca23d50163151bc354\"},\"breadcrumb\":{\"@id\":\"http:\/\/elregionalvm.com.ar\/noticias-villa-maria\/vacunaran-a-adultos-de-18-a-56-anos-contra-el-sarampion-en-caps-y-asistencia\/#breadcrumb\"},\"inLanguage\":\"es\",\"potentialAction\":[{\"@type\":\"ReadAction\",\"target\":[\"http:\/\/elregionalvm.com.ar\/noticias-villa-maria\/vacunaran-a-adultos-de-18-a-56-anos-contra-el-sarampion-en-caps-y-asistencia\/\"]}]},{\"@type\":\"ImageObject\",\"inLanguage\":\"es\",\"@id\":\"http:\/\/elregionalvm.com.ar\/noticias-villa-maria\/vacunaran-a-adultos-de-18-a-56-anos-contra-el-sarampion-en-caps-y-asistencia\/#primaryimage\",\"url\":\"https:\/\/i0.wp.com\/elregionalvm.com.ar\/noticias-villa-maria\/wp-content\/uploads\/2022\/02\/sarampion.jpg?fit=900%2C600&ssl=1\",\"contentUrl\":\"https:\/\/i0.wp.com\/elregionalvm.com.ar\/noticias-villa-maria\/wp-content\/uploads\/2022\/02\/sarampion.jpg?fit=900%2C600&ssl=1\",\"width\":900,\"height\":600},{\"@type\":\"BreadcrumbList\",\"@id\":\"http:\/\/elregionalvm.com.ar\/noticias-villa-maria\/vacunaran-a-adultos-de-18-a-56-anos-contra-el-sarampion-en-caps-y-asistencia\/#breadcrumb\",\"itemListElement\":[{\"@type\":\"ListItem\",\"position\":1,\"name\":\"Portada\",\"item\":\"https:\/\/elregionalvm.com.ar\/noticias-villa-maria\/\"},{\"@type\":\"ListItem\",\"position\":2,\"name\":\"Vacunar\u00e1n a adultos de 18 a 56 a\u00f1os contra el sarampi\u00f3n en CAPS y Asistencia\"}]},{\"@type\":\"WebSite\",\"@id\":\"http:\/\/elregionalvm.com.ar\/noticias-villa-maria\/#website\",\"url\":\"http:\/\/elregionalvm.com.ar\/noticias-villa-maria\/\",\"name\":\"El Regional\",\"description\":\"Mucho m\u00e1s que informaci\u00f3n\",\"potentialAction\":[{\"@type\":\"SearchAction\",\"target\":{\"@type\":\"EntryPoint\",\"urlTemplate\":\"http:\/\/elregionalvm.com.ar\/noticias-villa-maria\/?s={search_term_string}\"},\"query-input\":{\"@type\":\"PropertyValueSpecification\",\"valueRequired\":true,\"valueName\":\"search_term_string\"}}],\"inLanguage\":\"es\"},{\"@type\":\"Person\",\"@id\":\"http:\/\/elregionalvm.com.ar\/noticias-villa-maria\/#\/schema\/person\/a0fb9c422317faca23d50163151bc354\",\"name\":\"Contenidos El Regional\",\"image\":{\"@type\":\"ImageObject\",\"inLanguage\":\"es\",\"@id\":\"http:\/\/elregionalvm.com.ar\/noticias-villa-maria\/#\/schema\/person\/image\/\",\"url\":\"https:\/\/secure.gravatar.com\/avatar\/265b27cb2209af7bb3a1318f03305787d7981a5cc6e6cd08fe5a4ecdf99d4b48?s=96&d=mm&r=g\",\"contentUrl\":\"https:\/\/secure.gravatar.com\/avatar\/265b27cb2209af7bb3a1318f03305787d7981a5cc6e6cd08fe5a4ecdf99d4b48?s=96&d=mm&r=g\",\"caption\":\"Contenidos El Regional\"},\"url\":\"https:\/\/elregionalvm.com.ar\/noticias-villa-maria\/author\/contenido\/\"}]}<\/script>\n<!-- \/ Yoast SEO plugin. -->","yoast_head_json":{"title":"Vacunar\u00e1n a adultos de 18 a 56 a\u00f1os contra el sarampi\u00f3n en CAPS y Asistencia - El Regional","robots":{"index":"index","follow":"follow","max-snippet":"max-snippet:-1","max-image-preview":"max-image-preview:large","max-video-preview":"max-video-preview:-1"},"canonical":"http:\/\/elregionalvm.com.ar\/noticias-villa-maria\/vacunaran-a-adultos-de-18-a-56-anos-contra-el-sarampion-en-caps-y-asistencia\/","og_locale":"es_ES","og_type":"article","og_title":"Vacunar\u00e1n a adultos de 18 a 56 a\u00f1os contra el sarampi\u00f3n en CAPS y Asistencia - El Regional","og_description":"El municipio comenzar\u00e1 a inmunizar con doble viral desde el pr\u00f3ximo lunes 7 de febrero, vacuna que protege contra el virus del sarampi\u00f3n. La aplicaci\u00f3n de las dosis tendr\u00e1 lugar en todos los Centros de Atenci\u00f3n Primaria de la Salud (CAPS) y en la Asistencia P\u00fablica mediante la labor de la Secretar\u00eda de Salud. El [&hellip;]","og_url":"http:\/\/elregionalvm.com.ar\/noticias-villa-maria\/vacunaran-a-adultos-de-18-a-56-anos-contra-el-sarampion-en-caps-y-asistencia\/","og_site_name":"El Regional","article_publisher":"https:\/\/www.facebook.com\/elregionalvm","article_published_time":"2022-02-05T00:24:41+00:00","article_modified_time":"2022-02-05T00:24:42+00:00","og_image":[{"width":900,"height":600,"url":"http:\/\/elregionalvm.com.ar\/noticias-villa-maria\/wp-content\/uploads\/2022\/02\/sarampion.jpg","type":"image\/jpeg"}],"author":"Contenidos El Regional","twitter_card":"summary_large_image","twitter_creator":"@elregionalvm1","twitter_site":"@elregionalvm1","twitter_misc":{"Escrito por":"Contenidos El Regional","Tiempo de lectura":"2 minutos"},"schema":{"@context":"https:\/\/schema.org","@graph":[{"@type":"Article","@id":"http:\/\/elregionalvm.com.ar\/noticias-villa-maria\/vacunaran-a-adultos-de-18-a-56-anos-contra-el-sarampion-en-caps-y-asistencia\/#article","isPartOf":{"@id":"http:\/\/elregionalvm.com.ar\/noticias-villa-maria\/vacunaran-a-adultos-de-18-a-56-anos-contra-el-sarampion-en-caps-y-asistencia\/"},"author":{"name":"Contenidos El Regional","@id":"http:\/\/elregionalvm.com.ar\/noticias-villa-maria\/#\/schema\/person\/a0fb9c422317faca23d50163151bc354"},"headline":"Vacunar\u00e1n a adultos de 18 a 56 a\u00f1os contra el sarampi\u00f3n en CAPS y Asistencia","datePublished":"2022-02-05T00:24:41+00:00","dateModified":"2022-02-05T00:24:42+00:00","mainEntityOfPage":{"@id":"http:\/\/elregionalvm.com.ar\/noticias-villa-maria\/vacunaran-a-adultos-de-18-a-56-anos-contra-el-sarampion-en-caps-y-asistencia\/"},"wordCount":307,"commentCount":0,"image":{"@id":"http:\/\/elregionalvm.com.ar\/noticias-villa-maria\/vacunaran-a-adultos-de-18-a-56-anos-contra-el-sarampion-en-caps-y-asistencia\/#primaryimage"},"thumbnailUrl":"https:\/\/i0.wp.com\/elregionalvm.com.ar\/noticias-villa-maria\/wp-content\/uploads\/2022\/02\/sarampion.jpg?fit=900%2C600&ssl=1","keywords":["adultos","Asistencia P\u00fablica","CAPS","de 18 a 56 a\u00f1os","lunes 7 de febrero","sarampi\u00f3n","Vacunaci\u00f3n"],"articleSection":["Villa Mar\u00eda"],"inLanguage":"es","potentialAction":[{"@type":"CommentAction","name":"Comment","target":["http:\/\/elregionalvm.com.ar\/noticias-villa-maria\/vacunaran-a-adultos-de-18-a-56-anos-contra-el-sarampion-en-caps-y-asistencia\/#respond"]}]},{"@type":"WebPage","@id":"http:\/\/elregionalvm.com.ar\/noticias-villa-maria\/vacunaran-a-adultos-de-18-a-56-anos-contra-el-sarampion-en-caps-y-asistencia\/","url":"http:\/\/elregionalvm.com.ar\/noticias-villa-maria\/vacunaran-a-adultos-de-18-a-56-anos-contra-el-sarampion-en-caps-y-asistencia\/","name":"Vacunar\u00e1n a adultos de 18 a 56 a\u00f1os contra el sarampi\u00f3n en CAPS y Asistencia - El Regional","isPartOf":{"@id":"http:\/\/elregionalvm.com.ar\/noticias-villa-maria\/#website"},"primaryImageOfPage":{"@id":"http:\/\/elregionalvm.com.ar\/noticias-villa-maria\/vacunaran-a-adultos-de-18-a-56-anos-contra-el-sarampion-en-caps-y-asistencia\/#primaryimage"},"image":{"@id":"http:\/\/elregionalvm.com.ar\/noticias-villa-maria\/vacunaran-a-adultos-de-18-a-56-anos-contra-el-sarampion-en-caps-y-asistencia\/#primaryimage"},"thumbnailUrl":"https:\/\/i0.wp.com\/elregionalvm.com.ar\/noticias-villa-maria\/wp-content\/uploads\/2022\/02\/sarampion.jpg?fit=900%2C600&ssl=1","datePublished":"2022-02-05T00:24:41+00:00","dateModified":"2022-02-05T00:24:42+00:00","author":{"@id":"http:\/\/elregionalvm.com.ar\/noticias-villa-maria\/#\/schema\/person\/a0fb9c422317faca23d50163151bc354"},"breadcrumb":{"@id":"http:\/\/elregionalvm.com.ar\/noticias-villa-maria\/vacunaran-a-adultos-de-18-a-56-anos-contra-el-sarampion-en-caps-y-asistencia\/#breadcrumb"},"inLanguage":"es","potentialAction":[{"@type":"ReadAction","target":["http:\/\/elregionalvm.com.ar\/noticias-villa-maria\/vacunaran-a-adultos-de-18-a-56-anos-contra-el-sarampion-en-caps-y-asistencia\/"]}]},{"@type":"ImageObject","inLanguage":"es","@id":"http:\/\/elregionalvm.com.ar\/noticias-villa-maria\/vacunaran-a-adultos-de-18-a-56-anos-contra-el-sarampion-en-caps-y-asistencia\/#primaryimage","url":"https:\/\/i0.wp.com\/elregionalvm.com.ar\/noticias-villa-maria\/wp-content\/uploads\/2022\/02\/sarampion.jpg?fit=900%2C600&ssl=1","contentUrl":"https:\/\/i0.wp.com\/elregionalvm.com.ar\/noticias-villa-maria\/wp-content\/uploads\/2022\/02\/sarampion.jpg?fit=900%2C600&ssl=1","width":900,"height":600},{"@type":"BreadcrumbList","@id":"http:\/\/elregionalvm.com.ar\/noticias-villa-maria\/vacunaran-a-adultos-de-18-a-56-anos-contra-el-sarampion-en-caps-y-asistencia\/#breadcrumb","itemListElement":[{"@type":"ListItem","position":1,"name":"Portada","item":"https:\/\/elregionalvm.com.ar\/noticias-villa-maria\/"},{"@type":"ListItem","position":2,"name":"Vacunar\u00e1n a adultos de 18 a 56 a\u00f1os contra el sarampi\u00f3n en CAPS y Asistencia"}]},{"@type":"WebSite","@id":"http:\/\/elregionalvm.com.ar\/noticias-villa-maria\/#website","url":"http:\/\/elregionalvm.com.ar\/noticias-villa-maria\/","name":"El Regional","description":"Mucho m\u00e1s que informaci\u00f3n","potentialAction":[{"@type":"SearchAction","target":{"@type":"EntryPoint","urlTemplate":"http:\/\/elregionalvm.com.ar\/noticias-villa-maria\/?s={search_term_string}"},"query-input":{"@type":"PropertyValueSpecification","valueRequired":true,"valueName":"search_term_string"}}],"inLanguage":"es"},{"@type":"Person","@id":"http:\/\/elregionalvm.com.ar\/noticias-villa-maria\/#\/schema\/person\/a0fb9c422317faca23d50163151bc354","name":"Contenidos El Regional","image":{"@type":"ImageObject","inLanguage":"es","@id":"http:\/\/elregionalvm.com.ar\/noticias-villa-maria\/#\/schema\/person\/image\/","url":"https:\/\/secure.gravatar.com\/avatar\/265b27cb2209af7bb3a1318f03305787d7981a5cc6e6cd08fe5a4ecdf99d4b48?s=96&d=mm&r=g","contentUrl":"https:\/\/secure.gravatar.com\/avatar\/265b27cb2209af7bb3a1318f03305787d7981a5cc6e6cd08fe5a4ecdf99d4b48?s=96&d=mm&r=g","caption":"Contenidos El Regional"},"url":"https:\/\/elregionalvm.com.ar\/noticias-villa-maria\/author\/contenido\/"}]}},"jetpack_featured_media_url":"https:\/\/i0.wp.com\/elregionalvm.com.ar\/noticias-villa-maria\/wp-content\/uploads\/2022\/02\/sarampion.jpg?fit=900%2C600&ssl=1","jetpack_sharing_enabled":true,"_links":{"self":[{"href":"https:\/\/elregionalvm.com.ar\/noticias-villa-maria\/wp-json\/wp\/v2\/posts\/52116","targetHints":{"allow":["GET"]}}],"collection":[{"href":"https:\/\/elregionalvm.com.ar\/noticias-villa-maria\/wp-json\/wp\/v2\/posts"}],"about":[{"href":"https:\/\/elregionalvm.com.ar\/noticias-villa-maria\/wp-json\/wp\/v2\/types\/post"}],"author":[{"embeddable":true,"href":"https:\/\/elregionalvm.com.ar\/noticias-villa-maria\/wp-json\/wp\/v2\/users\/4"}],"replies":[{"embeddable":true,"href":"https:\/\/elregionalvm.com.ar\/noticias-villa-maria\/wp-json\/wp\/v2\/comments?post=52116"}],"version-history":[{"count":1,"href":"https:\/\/elregionalvm.com.ar\/noticias-villa-maria\/wp-json\/wp\/v2\/posts\/52116\/revisions"}],"predecessor-version":[{"id":52118,"href":"https:\/\/elregionalvm.com.ar\/noticias-villa-maria\/wp-json\/wp\/v2\/posts\/52116\/revisions\/52118"}],"wp:featuredmedia":[{"embeddable":true,"href":"https:\/\/elregionalvm.com.ar\/noticias-villa-maria\/wp-json\/wp\/v2\/media\/52117"}],"wp:attachment":[{"href":"https:\/\/elregionalvm.com.ar\/noticias-villa-maria\/wp-json\/wp\/v2\/media?parent=52116"}],"wp:term":[{"taxonomy":"category","embeddable":true,"href":"https:\/\/elregionalvm.com.ar\/noticias-villa-maria\/wp-json\/wp\/v2\/categories?post=52116"},{"taxonomy":"post_tag","embeddable":true,"href":"https:\/\/elregionalvm.com.ar\/noticias-villa-maria\/wp-json\/wp\/v2\/tags?post=52116"}],"curies":[{"name":"wp","href":"https:\/\/api.w.org\/{rel}","templated":true}]}}