{"id":52119,"date":"2022-02-05T01:23:10","date_gmt":"2022-02-05T01:23:10","guid":{"rendered":"https:\/\/elregionalvm.com.ar\/noticias-villa-maria\/?p=52119"},"modified":"2022-02-07T03:09:21","modified_gmt":"2022-02-07T03:09:21","slug":"musica-e-historia-campo-afuera-y-los-montes-que-ya-no-son-tantos","status":"publish","type":"post","link":"https:\/\/elregionalvm.com.ar\/noticias-villa-maria\/musica-e-historia-campo-afuera-y-los-montes-que-ya-no-son-tantos\/","title":{"rendered":"[M\u00fasica e Historia] \u201cCampo Afuera\u201d y los montes que ya no son tantos"},"content":{"rendered":"\n<p><\/p>\n\n\n\n<h4 class=\"wp-block-heading\"><strong><em>\u201c\u2026all\u00e1 en los montes que hay en mi pago&#8230;\u201d<\/em><\/strong><\/h4>\n\n\n\n<p><\/p>\n\n\n\n<p><\/p>\n\n\n\n<p><strong>Escribe: Leo Mu\u00f1oz<\/strong><\/p>\n\n\n\n<p><\/p>\n\n\n\n<p><strong>El Espinal<\/strong><\/p>\n\n\n\n<p>La ecorregi\u00f3n del espinal corresponde al centro de la Argentina, rodeando en forma de herradura los pastizales pampeanos. Es un bosque xer\u00f3filo, de formaci\u00f3n tipo parque, con montes y pastizales duros y arbustos en forma de matorral.<\/p>\n\n\n\n<p>Claro, la actividad humana transform\u00f3 profundamente el paisaje natural, convirti\u00e9ndolo en un paisaje humanizado rural con variable dominio y supervivencia de la flora y fauna aut\u00f3ctona.<\/p>\n\n\n\n<p>El desmonte continuo y descontrolado redujo enormemente la superficie cubierta de \u00e1rboles criollos, cediendo paso a miles de hect\u00e1reas para siembra y pastoreo.<\/p>\n\n\n\n<p>Sin los quebrachos colorados de la regi\u00f3n chaque\u00f1a, la presencia del algarrobo blanco y negro, talas, cha\u00f1ares, espinillos, reinan en nuestra zona, otras especies de otros sectores son el \u00f1andubay y el cald\u00e9n.<\/p>\n\n\n\n<p>Caracter\u00edsticamente el espinal es m\u00e1s bajo que el chaco. Algunas especies importadas compiten con la flora aut\u00f3ctona, disputando espacios y elegidas en ocasiones por quienes forestan.<\/p>\n\n\n\n<p><\/p>\n\n\n\n<figure class=\"wp-block-image size-full\"><img data-recalc-dims=\"1\" fetchpriority=\"high\" decoding=\"async\" width=\"545\" height=\"692\" src=\"https:\/\/i0.wp.com\/elregionalvm.com.ar\/noticias-villa-maria\/wp-content\/uploads\/2022\/02\/Espinal.jpg?resize=545%2C692&#038;ssl=1\" alt=\"\" class=\"wp-image-52121\" srcset=\"https:\/\/i0.wp.com\/elregionalvm.com.ar\/noticias-villa-maria\/wp-content\/uploads\/2022\/02\/Espinal.jpg?w=545&amp;ssl=1 545w, https:\/\/i0.wp.com\/elregionalvm.com.ar\/noticias-villa-maria\/wp-content\/uploads\/2022\/02\/Espinal.jpg?resize=236%2C300&amp;ssl=1 236w\" sizes=\"(max-width: 545px) 100vw, 545px\" \/><figcaption><em>El Espinal, zona marcada con color anaranjado. <\/em><\/figcaption><\/figure>\n\n\n\n<p><\/p>\n\n\n\n<p><strong>La Fauna<\/strong><\/p>\n\n\n\n<p>Muchas especies desaparecieron definitivamente en el espinal, m\u00e1s a\u00fan en nuestra regi\u00f3n, como el jaguar, guanaco, venado de las pampas y el \u00f1and\u00fa, como ejemplos.<\/p>\n\n\n\n<p>Otras especies redujeron notablemente su poblaci\u00f3n, por la p\u00e9rdida de h\u00e1bitat natural, la caza y los agroqu\u00edmicos, caso del puma, mara, vizcacha, perdices y martinetas.<\/p>\n\n\n\n<p>Otros, adaptados a las nuevas condiciones, permanecen regularmente, como zorros, zorrinos, cuises, comadrejas overas o zarig\u00fceyas, yarar\u00e1s y culebras.<\/p>\n\n\n\n<p>Otras especies se encuentran tambi\u00e9n ahora en nuestras ciudades de Villa Mar\u00eda y Villa Nueva, en b\u00fasqueda de nuevas formas de sobrevivir, caso de los chimangos y sorprendentemente, ya hacen presencia en los barrios los caranchos.<\/p>\n\n\n\n<p><strong>Los Montes<\/strong><\/p>\n\n\n\n<p>\u201cNo te metas en los montes si no ha salido la luna\u201d, reza en sus versos la \u201cChacarera de las Piedras\u201d. Efectivamente, no es sencillo orientarse en un monte, aun de d\u00eda, menos de noche, imposible sin la claridad de la luna.<\/p>\n\n\n\n<p>Hay que ser muy baqueano para no perderse en las picadas y senderos, peor cuando ni existen. Pero de esos grandes montes que cubr\u00edan la regi\u00f3n de las dos Villas solo quedan reliquias. Basta recorrer Google Earth en r\u00e1pida vista para verificarlo.<\/p>\n\n\n\n<p><\/p>\n\n\n\n<figure class=\"wp-block-embed is-type-video is-provider-youtube wp-block-embed-youtube wp-embed-aspect-4-3 wp-has-aspect-ratio\"><div class=\"wp-block-embed__wrapper\">\nhttps:\/\/www.youtube.com\/watch?v=DgWYH44dsQQ\n<\/div><figcaption><em>\u201cCampo Afuera por Di Fulvio en el LP \u201cEl Amigo\u201d (1967).<\/em><\/figcaption><\/figure>\n\n\n\n<p><\/p>\n\n\n\n<p><\/p>\n\n\n\n<p>Villa Mar\u00eda era un cerrado monte en tiempo fundacional. El \u201cMonte de las Pichanas\u201d se extend\u00eda por la calle Buenos hacia la zona rural, apenas quedan unas pocas hect\u00e1reas al Este de la autopista y algo de vegetaci\u00f3n xer\u00f3fila entre esta y los barrios de ese sector villamariense (ver foto principal).<\/p>\n\n\n\n<p>El Monte Tarenti, Terente o tambi\u00e9n llamado de Los Lazos, a la vera de la Ruta Provincial 2 y hacia Ana Zumar\u00e1n, est\u00e1 reducido a una m\u00ednima expresi\u00f3n.<\/p>\n\n\n\n<p><\/p>\n\n\n\n<figure class=\"wp-block-image size-full\"><img data-recalc-dims=\"1\" decoding=\"async\" width=\"925\" height=\"692\" src=\"https:\/\/i0.wp.com\/elregionalvm.com.ar\/noticias-villa-maria\/wp-content\/uploads\/2022\/02\/Terente.jpg?resize=925%2C692&#038;ssl=1\" alt=\"\" class=\"wp-image-52122\" srcset=\"https:\/\/i0.wp.com\/elregionalvm.com.ar\/noticias-villa-maria\/wp-content\/uploads\/2022\/02\/Terente.jpg?w=925&amp;ssl=1 925w, https:\/\/i0.wp.com\/elregionalvm.com.ar\/noticias-villa-maria\/wp-content\/uploads\/2022\/02\/Terente.jpg?resize=300%2C224&amp;ssl=1 300w, https:\/\/i0.wp.com\/elregionalvm.com.ar\/noticias-villa-maria\/wp-content\/uploads\/2022\/02\/Terente.jpg?resize=768%2C575&amp;ssl=1 768w\" sizes=\"(max-width: 925px) 100vw, 925px\" \/><figcaption><em> El Monte Tarenti, Terente o tambi\u00e9n llamado de Los Lazos. <\/em><\/figcaption><\/figure>\n\n\n\n<p><\/p>\n\n\n\n<p>El monte sobreviviente m\u00e1s importante de la zona corresponde a la Estancia de Yucat, aunque reducido notablemente, su masa arb\u00f3rea principal cubre m\u00e1s de 300 hect\u00e1reas. Otros montes con alguna continuidad y superficie interesante est\u00e1n sobre los arroyos de Las Mojarras, San Jos\u00e9 (Cabral) y Algod\u00f3n, entre los m\u00e1s cercanos.<\/p>\n\n\n\n<p><\/p>\n\n\n\n<p><strong>\u201cCampo Afuera\u201d (Carlos Di Fulvio)<\/strong><\/p>\n\n\n\n<p>Hace tiempo y buscando por ah\u00ed una chacarera<br>All\u00e1 en los montes que hay en mi pago, campo afuera<\/p>\n\n\n\n<p>Campos de la rudita<br>Monte adentro de Tulumba yo lai&#8217; de encontrar<br>Linda su bata de percal<br>Baila do\u00f1a Dominga la chacarera<\/p>\n\n\n\n<p>Abajito de un tala la vi por ser montaraza<br>Unos tizones de le\u00f1ita mansa la aromaban<\/p>\n\n\n\n<p>La aromaban con su olor<br>Unos troncos de tala que supo cortar<br>Mi amigo don Rivas al caer<br>El invierno pasado para su corral<\/p>\n\n\n\n<p>Y en la tierrita suelta el barrer de las alpargatas<br>All\u00e1 en el montes subi\u00f3 la luna pa&#8217; alumbrarla<\/p>\n\n\n\n<p>Como nube en el aire qued\u00f3 el polvaredal<br>Hojita y tala flecos de luna, la chacarera<\/p>\n\n\n\n<p>Con su bata de puro percal va do\u00f1a Dominga<br>Todas las flore&#8217; que hay en el pago se la envidian<\/p>\n\n\n\n<p>Se la envidian porqu\u00e9 no hay<br>Un color mas hermoso que el de su percal<br>Ni moza que sepa regalar<br>El donaire que deja su buen zarandear<\/p>\n\n\n\n<p>Y las ni\u00f1as quisieran bailar como lo hace ella:<br>Las trenza&#8217; al viento y una manito en la cadera<\/p>\n\n\n\n<p>Su cadera es un vaiv\u00e9n<br>Parecido al de sauce y del mimbre tambi\u00e9n<br>\u00a1Esa es mi abuela! saben decir<br>Los gauchos del monte cuantito la ven<\/p>\n\n\n\n<p>Si a los &#8217;70 la baila as\u00ed lo que habr\u00e1 sido en antes<br>Una corzuela, furiosa y \u00e1gil&#8230; deje nom\u00e1s<\/p>\n\n\n\n<p>Como nube en el aire qued\u00f3 el polvareda<br>Hojita y tala flecos de luna, la chacarera<\/p>\n","protected":false},"excerpt":{"rendered":"<p>\u201c\u2026all\u00e1 en los montes que hay en mi pago&#8230;\u201d Escribe: Leo Mu\u00f1oz El Espinal La ecorregi\u00f3n del espinal corresponde al centro de la Argentina, rodeando en forma de herradura los pastizales pampeanos. Es un bosque xer\u00f3filo, de formaci\u00f3n tipo parque, con montes y pastizales duros y arbustos en forma de matorral. Claro, la actividad humana [&hellip;]<\/p>\n","protected":false},"author":4,"featured_media":52123,"comment_status":"open","ping_status":"open","sticky":false,"template":"","format":"standard","meta":{"site-sidebar-layout":"default","site-content-layout":"default","ast-site-content-layout":"default","site-content-style":"default","site-sidebar-style":"default","ast-global-header-display":"","ast-banner-title-visibility":"","ast-main-header-display":"","ast-hfb-above-header-display":"","ast-hfb-below-header-display":"","ast-hfb-mobile-header-display":"","site-post-title":"","ast-breadcrumbs-content":"","ast-featured-img":"","footer-sml-layout":"","ast-disable-related-posts":"","theme-transparent-header-meta":"default","adv-header-id-meta":"","stick-header-meta":"","header-above-stick-meta":"","header-main-stick-meta":"","header-below-stick-meta":"","astra-migrate-meta-layouts":"default","ast-page-background-enabled":"default","ast-page-background-meta":{"desktop":{"background-color":"","background-image":"","background-repeat":"repeat","background-position":"center center","background-size":"auto","background-attachment":"scroll","background-type":"","background-media":"","overlay-type":"","overlay-color":"","overlay-opacity":"","overlay-gradient":""},"tablet":{"background-color":"","background-image":"","background-repeat":"repeat","background-position":"center center","background-size":"auto","background-attachment":"scroll","background-type":"","background-media":"","overlay-type":"","overlay-color":"","overlay-opacity":"","overlay-gradient":""},"mobile":{"background-color":"","background-image":"","background-repeat":"repeat","background-position":"center center","background-size":"auto","background-attachment":"scroll","background-type":"","background-media":"","overlay-type":"","overlay-color":"","overlay-opacity":"","overlay-gradient":""}},"ast-content-background-meta":{"desktop":{"background-color":"var(--ast-global-color-5)","background-image":"","background-repeat":"repeat","background-position":"center center","background-size":"auto","background-attachment":"scroll","background-type":"","background-media":"","overlay-type":"","overlay-color":"","overlay-opacity":"","overlay-gradient":""},"tablet":{"background-color":"var(--ast-global-color-5)","background-image":"","background-repeat":"repeat","background-position":"center center","background-size":"auto","background-attachment":"scroll","background-type":"","background-media":"","overlay-type":"","overlay-color":"","overlay-opacity":"","overlay-gradient":""},"mobile":{"background-color":"var(--ast-global-color-5)","background-image":"","background-repeat":"repeat","background-position":"center center","background-size":"auto","background-attachment":"scroll","background-type":"","background-media":"","overlay-type":"","overlay-color":"","overlay-opacity":"","overlay-gradient":""}},"_jetpack_memberships_contains_paid_content":false,"_joinchat":[],"footnotes":""},"categories":[2098,3557,2074],"tags":[13519,7803,13521,3174,13520,1940,4072,2244,693],"class_list":["post-52119","post","type-post","status-publish","format-standard","has-post-thumbnail","hentry","category-historias","category-tercera","category-videos","tag-campo-afuera","tag-carlos-di-fulvio","tag-el-espinal","tag-folklore","tag-las-pichanas","tag-leo-munoz","tag-monte","tag-musica-e-historia","tag-yucat"],"yoast_head":"<!-- This site is optimized with the Yoast SEO plugin v26.8 - https:\/\/yoast.com\/product\/yoast-seo-wordpress\/ -->\n<title>[M\u00fasica e Historia] \u201cCampo Afuera\u201d y los montes que ya no son tantos - El Regional<\/title>\n<meta name=\"description\" content=\"De esos grandes montes que cubr\u00edan la regi\u00f3n de las dos Villas solo quedan reliquias. Basta recorrer Google Earth para verificarlo.\" \/>\n<meta name=\"robots\" content=\"index, follow, max-snippet:-1, max-image-preview:large, max-video-preview:-1\" \/>\n<link rel=\"canonical\" href=\"http:\/\/elregionalvm.com.ar\/noticias-villa-maria\/musica-e-historia-campo-afuera-y-los-montes-que-ya-no-son-tantos\/\" \/>\n<meta property=\"og:locale\" content=\"es_ES\" \/>\n<meta property=\"og:type\" content=\"article\" \/>\n<meta property=\"og:title\" content=\"[M\u00fasica e Historia] \u201cCampo Afuera\u201d y los montes que ya no son tantos - El Regional\" \/>\n<meta property=\"og:description\" content=\"De esos grandes montes que cubr\u00edan la regi\u00f3n de las dos Villas solo quedan reliquias. Basta recorrer Google Earth para verificarlo.\" \/>\n<meta property=\"og:url\" content=\"http:\/\/elregionalvm.com.ar\/noticias-villa-maria\/musica-e-historia-campo-afuera-y-los-montes-que-ya-no-son-tantos\/\" \/>\n<meta property=\"og:site_name\" content=\"El Regional\" \/>\n<meta property=\"article:publisher\" content=\"https:\/\/www.facebook.com\/elregionalvm\" \/>\n<meta property=\"article:published_time\" content=\"2022-02-05T01:23:10+00:00\" \/>\n<meta property=\"article:modified_time\" content=\"2022-02-07T03:09:21+00:00\" \/>\n<meta property=\"og:image\" content=\"http:\/\/elregionalvm.com.ar\/noticias-villa-maria\/wp-content\/uploads\/2022\/02\/Pichanas.jpg\" \/>\n\t<meta property=\"og:image:width\" content=\"925\" \/>\n\t<meta property=\"og:image:height\" content=\"534\" \/>\n\t<meta property=\"og:image:type\" content=\"image\/jpeg\" \/>\n<meta name=\"author\" content=\"Contenidos El Regional\" \/>\n<meta name=\"twitter:card\" content=\"summary_large_image\" \/>\n<meta name=\"twitter:creator\" content=\"@elregionalvm1\" \/>\n<meta name=\"twitter:site\" content=\"@elregionalvm1\" \/>\n<meta name=\"twitter:label1\" content=\"Escrito por\" \/>\n\t<meta name=\"twitter:data1\" content=\"Contenidos El Regional\" \/>\n\t<meta name=\"twitter:label2\" content=\"Tiempo de lectura\" \/>\n\t<meta name=\"twitter:data2\" content=\"4 minutos\" \/>\n<script type=\"application\/ld+json\" class=\"yoast-schema-graph\">{\"@context\":\"https:\/\/schema.org\",\"@graph\":[{\"@type\":\"Article\",\"@id\":\"http:\/\/elregionalvm.com.ar\/noticias-villa-maria\/musica-e-historia-campo-afuera-y-los-montes-que-ya-no-son-tantos\/#article\",\"isPartOf\":{\"@id\":\"http:\/\/elregionalvm.com.ar\/noticias-villa-maria\/musica-e-historia-campo-afuera-y-los-montes-que-ya-no-son-tantos\/\"},\"author\":{\"name\":\"Contenidos El Regional\",\"@id\":\"http:\/\/elregionalvm.com.ar\/noticias-villa-maria\/#\/schema\/person\/a0fb9c422317faca23d50163151bc354\"},\"headline\":\"[M\u00fasica e Historia] \u201cCampo Afuera\u201d y los montes que ya no son tantos\",\"datePublished\":\"2022-02-05T01:23:10+00:00\",\"dateModified\":\"2022-02-07T03:09:21+00:00\",\"mainEntityOfPage\":{\"@id\":\"http:\/\/elregionalvm.com.ar\/noticias-villa-maria\/musica-e-historia-campo-afuera-y-los-montes-que-ya-no-son-tantos\/\"},\"wordCount\":812,\"commentCount\":0,\"image\":{\"@id\":\"http:\/\/elregionalvm.com.ar\/noticias-villa-maria\/musica-e-historia-campo-afuera-y-los-montes-que-ya-no-son-tantos\/#primaryimage\"},\"thumbnailUrl\":\"https:\/\/i0.wp.com\/elregionalvm.com.ar\/noticias-villa-maria\/wp-content\/uploads\/2022\/02\/Pichanas.jpg?fit=925%2C534&ssl=1\",\"keywords\":[\"Campo afuera\",\"Carlos Di Fulvio\",\"El Espinal\",\"Folklore\",\"Las Pichanas\",\"leo mu\u00f1oz\",\"Monte\",\"M\u00fasica e Historia\",\"Yucat\"],\"articleSection\":[\"Historias\",\"tercera\",\"Videos\"],\"inLanguage\":\"es\",\"potentialAction\":[{\"@type\":\"CommentAction\",\"name\":\"Comment\",\"target\":[\"http:\/\/elregionalvm.com.ar\/noticias-villa-maria\/musica-e-historia-campo-afuera-y-los-montes-que-ya-no-son-tantos\/#respond\"]}]},{\"@type\":\"WebPage\",\"@id\":\"http:\/\/elregionalvm.com.ar\/noticias-villa-maria\/musica-e-historia-campo-afuera-y-los-montes-que-ya-no-son-tantos\/\",\"url\":\"http:\/\/elregionalvm.com.ar\/noticias-villa-maria\/musica-e-historia-campo-afuera-y-los-montes-que-ya-no-son-tantos\/\",\"name\":\"[M\u00fasica e Historia] \u201cCampo Afuera\u201d y los montes que ya no son tantos - El Regional\",\"isPartOf\":{\"@id\":\"http:\/\/elregionalvm.com.ar\/noticias-villa-maria\/#website\"},\"primaryImageOfPage\":{\"@id\":\"http:\/\/elregionalvm.com.ar\/noticias-villa-maria\/musica-e-historia-campo-afuera-y-los-montes-que-ya-no-son-tantos\/#primaryimage\"},\"image\":{\"@id\":\"http:\/\/elregionalvm.com.ar\/noticias-villa-maria\/musica-e-historia-campo-afuera-y-los-montes-que-ya-no-son-tantos\/#primaryimage\"},\"thumbnailUrl\":\"https:\/\/i0.wp.com\/elregionalvm.com.ar\/noticias-villa-maria\/wp-content\/uploads\/2022\/02\/Pichanas.jpg?fit=925%2C534&ssl=1\",\"datePublished\":\"2022-02-05T01:23:10+00:00\",\"dateModified\":\"2022-02-07T03:09:21+00:00\",\"author\":{\"@id\":\"http:\/\/elregionalvm.com.ar\/noticias-villa-maria\/#\/schema\/person\/a0fb9c422317faca23d50163151bc354\"},\"description\":\"De esos grandes montes que cubr\u00edan la regi\u00f3n de las dos Villas solo quedan reliquias. Basta recorrer Google Earth para verificarlo.\",\"breadcrumb\":{\"@id\":\"http:\/\/elregionalvm.com.ar\/noticias-villa-maria\/musica-e-historia-campo-afuera-y-los-montes-que-ya-no-son-tantos\/#breadcrumb\"},\"inLanguage\":\"es\",\"potentialAction\":[{\"@type\":\"ReadAction\",\"target\":[\"http:\/\/elregionalvm.com.ar\/noticias-villa-maria\/musica-e-historia-campo-afuera-y-los-montes-que-ya-no-son-tantos\/\"]}]},{\"@type\":\"ImageObject\",\"inLanguage\":\"es\",\"@id\":\"http:\/\/elregionalvm.com.ar\/noticias-villa-maria\/musica-e-historia-campo-afuera-y-los-montes-que-ya-no-son-tantos\/#primaryimage\",\"url\":\"https:\/\/i0.wp.com\/elregionalvm.com.ar\/noticias-villa-maria\/wp-content\/uploads\/2022\/02\/Pichanas.jpg?fit=925%2C534&ssl=1\",\"contentUrl\":\"https:\/\/i0.wp.com\/elregionalvm.com.ar\/noticias-villa-maria\/wp-content\/uploads\/2022\/02\/Pichanas.jpg?fit=925%2C534&ssl=1\",\"width\":925,\"height\":534},{\"@type\":\"BreadcrumbList\",\"@id\":\"http:\/\/elregionalvm.com.ar\/noticias-villa-maria\/musica-e-historia-campo-afuera-y-los-montes-que-ya-no-son-tantos\/#breadcrumb\",\"itemListElement\":[{\"@type\":\"ListItem\",\"position\":1,\"name\":\"Portada\",\"item\":\"https:\/\/elregionalvm.com.ar\/noticias-villa-maria\/\"},{\"@type\":\"ListItem\",\"position\":2,\"name\":\"[M\u00fasica e Historia] \u201cCampo Afuera\u201d y los montes que ya no son tantos\"}]},{\"@type\":\"WebSite\",\"@id\":\"http:\/\/elregionalvm.com.ar\/noticias-villa-maria\/#website\",\"url\":\"http:\/\/elregionalvm.com.ar\/noticias-villa-maria\/\",\"name\":\"El Regional\",\"description\":\"Mucho m\u00e1s que informaci\u00f3n\",\"potentialAction\":[{\"@type\":\"SearchAction\",\"target\":{\"@type\":\"EntryPoint\",\"urlTemplate\":\"http:\/\/elregionalvm.com.ar\/noticias-villa-maria\/?s={search_term_string}\"},\"query-input\":{\"@type\":\"PropertyValueSpecification\",\"valueRequired\":true,\"valueName\":\"search_term_string\"}}],\"inLanguage\":\"es\"},{\"@type\":\"Person\",\"@id\":\"http:\/\/elregionalvm.com.ar\/noticias-villa-maria\/#\/schema\/person\/a0fb9c422317faca23d50163151bc354\",\"name\":\"Contenidos El Regional\",\"image\":{\"@type\":\"ImageObject\",\"inLanguage\":\"es\",\"@id\":\"http:\/\/elregionalvm.com.ar\/noticias-villa-maria\/#\/schema\/person\/image\/\",\"url\":\"https:\/\/secure.gravatar.com\/avatar\/265b27cb2209af7bb3a1318f03305787d7981a5cc6e6cd08fe5a4ecdf99d4b48?s=96&d=mm&r=g\",\"contentUrl\":\"https:\/\/secure.gravatar.com\/avatar\/265b27cb2209af7bb3a1318f03305787d7981a5cc6e6cd08fe5a4ecdf99d4b48?s=96&d=mm&r=g\",\"caption\":\"Contenidos El Regional\"},\"url\":\"https:\/\/elregionalvm.com.ar\/noticias-villa-maria\/author\/contenido\/\"}]}<\/script>\n<!-- \/ Yoast SEO plugin. -->","yoast_head_json":{"title":"[M\u00fasica e Historia] \u201cCampo Afuera\u201d y los montes que ya no son tantos - El Regional","description":"De esos grandes montes que cubr\u00edan la regi\u00f3n de las dos Villas solo quedan reliquias. Basta recorrer Google Earth para verificarlo.","robots":{"index":"index","follow":"follow","max-snippet":"max-snippet:-1","max-image-preview":"max-image-preview:large","max-video-preview":"max-video-preview:-1"},"canonical":"http:\/\/elregionalvm.com.ar\/noticias-villa-maria\/musica-e-historia-campo-afuera-y-los-montes-que-ya-no-son-tantos\/","og_locale":"es_ES","og_type":"article","og_title":"[M\u00fasica e Historia] \u201cCampo Afuera\u201d y los montes que ya no son tantos - El Regional","og_description":"De esos grandes montes que cubr\u00edan la regi\u00f3n de las dos Villas solo quedan reliquias. Basta recorrer Google Earth para verificarlo.","og_url":"http:\/\/elregionalvm.com.ar\/noticias-villa-maria\/musica-e-historia-campo-afuera-y-los-montes-que-ya-no-son-tantos\/","og_site_name":"El Regional","article_publisher":"https:\/\/www.facebook.com\/elregionalvm","article_published_time":"2022-02-05T01:23:10+00:00","article_modified_time":"2022-02-07T03:09:21+00:00","og_image":[{"width":925,"height":534,"url":"http:\/\/elregionalvm.com.ar\/noticias-villa-maria\/wp-content\/uploads\/2022\/02\/Pichanas.jpg","type":"image\/jpeg"}],"author":"Contenidos El Regional","twitter_card":"summary_large_image","twitter_creator":"@elregionalvm1","twitter_site":"@elregionalvm1","twitter_misc":{"Escrito por":"Contenidos El Regional","Tiempo de lectura":"4 minutos"},"schema":{"@context":"https:\/\/schema.org","@graph":[{"@type":"Article","@id":"http:\/\/elregionalvm.com.ar\/noticias-villa-maria\/musica-e-historia-campo-afuera-y-los-montes-que-ya-no-son-tantos\/#article","isPartOf":{"@id":"http:\/\/elregionalvm.com.ar\/noticias-villa-maria\/musica-e-historia-campo-afuera-y-los-montes-que-ya-no-son-tantos\/"},"author":{"name":"Contenidos El Regional","@id":"http:\/\/elregionalvm.com.ar\/noticias-villa-maria\/#\/schema\/person\/a0fb9c422317faca23d50163151bc354"},"headline":"[M\u00fasica e Historia] \u201cCampo Afuera\u201d y los montes que ya no son tantos","datePublished":"2022-02-05T01:23:10+00:00","dateModified":"2022-02-07T03:09:21+00:00","mainEntityOfPage":{"@id":"http:\/\/elregionalvm.com.ar\/noticias-villa-maria\/musica-e-historia-campo-afuera-y-los-montes-que-ya-no-son-tantos\/"},"wordCount":812,"commentCount":0,"image":{"@id":"http:\/\/elregionalvm.com.ar\/noticias-villa-maria\/musica-e-historia-campo-afuera-y-los-montes-que-ya-no-son-tantos\/#primaryimage"},"thumbnailUrl":"https:\/\/i0.wp.com\/elregionalvm.com.ar\/noticias-villa-maria\/wp-content\/uploads\/2022\/02\/Pichanas.jpg?fit=925%2C534&ssl=1","keywords":["Campo afuera","Carlos Di Fulvio","El Espinal","Folklore","Las Pichanas","leo mu\u00f1oz","Monte","M\u00fasica e Historia","Yucat"],"articleSection":["Historias","tercera","Videos"],"inLanguage":"es","potentialAction":[{"@type":"CommentAction","name":"Comment","target":["http:\/\/elregionalvm.com.ar\/noticias-villa-maria\/musica-e-historia-campo-afuera-y-los-montes-que-ya-no-son-tantos\/#respond"]}]},{"@type":"WebPage","@id":"http:\/\/elregionalvm.com.ar\/noticias-villa-maria\/musica-e-historia-campo-afuera-y-los-montes-que-ya-no-son-tantos\/","url":"http:\/\/elregionalvm.com.ar\/noticias-villa-maria\/musica-e-historia-campo-afuera-y-los-montes-que-ya-no-son-tantos\/","name":"[M\u00fasica e Historia] \u201cCampo Afuera\u201d y los montes que ya no son tantos - El Regional","isPartOf":{"@id":"http:\/\/elregionalvm.com.ar\/noticias-villa-maria\/#website"},"primaryImageOfPage":{"@id":"http:\/\/elregionalvm.com.ar\/noticias-villa-maria\/musica-e-historia-campo-afuera-y-los-montes-que-ya-no-son-tantos\/#primaryimage"},"image":{"@id":"http:\/\/elregionalvm.com.ar\/noticias-villa-maria\/musica-e-historia-campo-afuera-y-los-montes-que-ya-no-son-tantos\/#primaryimage"},"thumbnailUrl":"https:\/\/i0.wp.com\/elregionalvm.com.ar\/noticias-villa-maria\/wp-content\/uploads\/2022\/02\/Pichanas.jpg?fit=925%2C534&ssl=1","datePublished":"2022-02-05T01:23:10+00:00","dateModified":"2022-02-07T03:09:21+00:00","author":{"@id":"http:\/\/elregionalvm.com.ar\/noticias-villa-maria\/#\/schema\/person\/a0fb9c422317faca23d50163151bc354"},"description":"De esos grandes montes que cubr\u00edan la regi\u00f3n de las dos Villas solo quedan reliquias. Basta recorrer Google Earth para verificarlo.","breadcrumb":{"@id":"http:\/\/elregionalvm.com.ar\/noticias-villa-maria\/musica-e-historia-campo-afuera-y-los-montes-que-ya-no-son-tantos\/#breadcrumb"},"inLanguage":"es","potentialAction":[{"@type":"ReadAction","target":["http:\/\/elregionalvm.com.ar\/noticias-villa-maria\/musica-e-historia-campo-afuera-y-los-montes-que-ya-no-son-tantos\/"]}]},{"@type":"ImageObject","inLanguage":"es","@id":"http:\/\/elregionalvm.com.ar\/noticias-villa-maria\/musica-e-historia-campo-afuera-y-los-montes-que-ya-no-son-tantos\/#primaryimage","url":"https:\/\/i0.wp.com\/elregionalvm.com.ar\/noticias-villa-maria\/wp-content\/uploads\/2022\/02\/Pichanas.jpg?fit=925%2C534&ssl=1","contentUrl":"https:\/\/i0.wp.com\/elregionalvm.com.ar\/noticias-villa-maria\/wp-content\/uploads\/2022\/02\/Pichanas.jpg?fit=925%2C534&ssl=1","width":925,"height":534},{"@type":"BreadcrumbList","@id":"http:\/\/elregionalvm.com.ar\/noticias-villa-maria\/musica-e-historia-campo-afuera-y-los-montes-que-ya-no-son-tantos\/#breadcrumb","itemListElement":[{"@type":"ListItem","position":1,"name":"Portada","item":"https:\/\/elregionalvm.com.ar\/noticias-villa-maria\/"},{"@type":"ListItem","position":2,"name":"[M\u00fasica e Historia] \u201cCampo Afuera\u201d y los montes que ya no son tantos"}]},{"@type":"WebSite","@id":"http:\/\/elregionalvm.com.ar\/noticias-villa-maria\/#website","url":"http:\/\/elregionalvm.com.ar\/noticias-villa-maria\/","name":"El Regional","description":"Mucho m\u00e1s que informaci\u00f3n","potentialAction":[{"@type":"SearchAction","target":{"@type":"EntryPoint","urlTemplate":"http:\/\/elregionalvm.com.ar\/noticias-villa-maria\/?s={search_term_string}"},"query-input":{"@type":"PropertyValueSpecification","valueRequired":true,"valueName":"search_term_string"}}],"inLanguage":"es"},{"@type":"Person","@id":"http:\/\/elregionalvm.com.ar\/noticias-villa-maria\/#\/schema\/person\/a0fb9c422317faca23d50163151bc354","name":"Contenidos El Regional","image":{"@type":"ImageObject","inLanguage":"es","@id":"http:\/\/elregionalvm.com.ar\/noticias-villa-maria\/#\/schema\/person\/image\/","url":"https:\/\/secure.gravatar.com\/avatar\/265b27cb2209af7bb3a1318f03305787d7981a5cc6e6cd08fe5a4ecdf99d4b48?s=96&d=mm&r=g","contentUrl":"https:\/\/secure.gravatar.com\/avatar\/265b27cb2209af7bb3a1318f03305787d7981a5cc6e6cd08fe5a4ecdf99d4b48?s=96&d=mm&r=g","caption":"Contenidos El Regional"},"url":"https:\/\/elregionalvm.com.ar\/noticias-villa-maria\/author\/contenido\/"}]}},"jetpack_featured_media_url":"https:\/\/i0.wp.com\/elregionalvm.com.ar\/noticias-villa-maria\/wp-content\/uploads\/2022\/02\/Pichanas.jpg?fit=925%2C534&ssl=1","jetpack_sharing_enabled":true,"_links":{"self":[{"href":"https:\/\/elregionalvm.com.ar\/noticias-villa-maria\/wp-json\/wp\/v2\/posts\/52119","targetHints":{"allow":["GET"]}}],"collection":[{"href":"https:\/\/elregionalvm.com.ar\/noticias-villa-maria\/wp-json\/wp\/v2\/posts"}],"about":[{"href":"https:\/\/elregionalvm.com.ar\/noticias-villa-maria\/wp-json\/wp\/v2\/types\/post"}],"author":[{"embeddable":true,"href":"https:\/\/elregionalvm.com.ar\/noticias-villa-maria\/wp-json\/wp\/v2\/users\/4"}],"replies":[{"embeddable":true,"href":"https:\/\/elregionalvm.com.ar\/noticias-villa-maria\/wp-json\/wp\/v2\/comments?post=52119"}],"version-history":[{"count":2,"href":"https:\/\/elregionalvm.com.ar\/noticias-villa-maria\/wp-json\/wp\/v2\/posts\/52119\/revisions"}],"predecessor-version":[{"id":52124,"href":"https:\/\/elregionalvm.com.ar\/noticias-villa-maria\/wp-json\/wp\/v2\/posts\/52119\/revisions\/52124"}],"wp:featuredmedia":[{"embeddable":true,"href":"https:\/\/elregionalvm.com.ar\/noticias-villa-maria\/wp-json\/wp\/v2\/media\/52123"}],"wp:attachment":[{"href":"https:\/\/elregionalvm.com.ar\/noticias-villa-maria\/wp-json\/wp\/v2\/media?parent=52119"}],"wp:term":[{"taxonomy":"category","embeddable":true,"href":"https:\/\/elregionalvm.com.ar\/noticias-villa-maria\/wp-json\/wp\/v2\/categories?post=52119"},{"taxonomy":"post_tag","embeddable":true,"href":"https:\/\/elregionalvm.com.ar\/noticias-villa-maria\/wp-json\/wp\/v2\/tags?post=52119"}],"curies":[{"name":"wp","href":"https:\/\/api.w.org\/{rel}","templated":true}]}}