{"id":52125,"date":"2022-02-05T01:47:20","date_gmt":"2022-02-05T01:47:20","guid":{"rendered":"https:\/\/elregionalvm.com.ar\/noticias-villa-maria\/?p=52125"},"modified":"2022-02-08T01:19:36","modified_gmt":"2022-02-08T01:19:36","slug":"historias-como-villa-maria-llego-a-tener-red-de-agua-y-cloacas","status":"publish","type":"post","link":"https:\/\/elregionalvm.com.ar\/noticias-villa-maria\/historias-como-villa-maria-llego-a-tener-red-de-agua-y-cloacas\/","title":{"rendered":"[Historias] C\u00f3mo Villa Mar\u00eda lleg\u00f3 a tener red de agua y cloacas"},"content":{"rendered":"\n<p><\/p>\n\n\n\n<p><strong>Escribe: Julio A. Ben\u00edtez \u2013 benitezjulioalberto@gmail.com<\/strong><\/p>\n\n\n\n<p>El proyecto de mayor trascendencia para el porvenir de nuestra ciudad, en el que intervinieron los intendentes doctor Eugenio Paraj\u00f3n Ort\u00edz y Ernesto D\u00edaz, fue, sin lugar a dudas, la formalizaci\u00f3n del convenio con Obras Sanitarias de la Naci\u00f3n.<\/p>\n\n\n\n<p>El acuerdo fue para la provisi\u00f3n de aguas corrientes y desag\u00fces cloacales, aprobado por el Concejo Deliberante, que en su sesi\u00f3n del 27 de octubre de 1926 sancion\u00f3 la Ordenanza N\u00ba 110, para presentar al gobierno de la provincia, a efectos de poder firmar el respectivo contrato de acuerdo a lo que establec\u00eda la ley N\u00ba 10998.<\/p>\n\n\n\n<p>En consecuencia, el gobernador doctor Ram\u00f3n J. C\u00e1rcano auspici\u00f3, ante la legislatura provincial, la sanci\u00f3n de la ley respectiva, para que se tratara el 12 de abril de 1927.<\/p>\n\n\n\n<p>El gobernador fue m\u00e1s all\u00e1 a\u00fan, interpuso su influencia hasta que obtuvo del gobierno nacional la firma del decreto del 28 de enero de 1928, firmado por el presidente Marcelo T. de Alvear y su ministro doctor Roberto M. Ortiz por el que se aprobaba todo lo actuado, presupuestado en la suma de m$n 3.147.591,60.<\/p>\n\n\n\n<p><strong>La compra del terreno<\/strong><\/p>\n\n\n\n<p>Anticip\u00e1ndose a los tr\u00e1mites, el Concejo Deliberante, y autorizado por ordenanza, hab\u00eda firmado el boleto por la compra de 25 hect\u00e1reas, a los se\u00f1ores doctor Carlos A. N\u00fa\u00f1ez y don Luis A. Luque (de la ciudad de C\u00f3rdoba), donde se instalar\u00edan la usina y los pozos para la captaci\u00f3n de agua.<\/p>\n\n\n\n<p>Se convino el precio de m$n 1.500 la hect\u00e1rea, la mitad al contado y el saldo en dos cuotas anuales con garant\u00eda hipotecaria.<\/p>\n\n\n\n<p>Lleg\u00f3 el momento de transferir el inmueble a Obras Sanitarias para que comenzara la trepanaci\u00f3n de los pozos y la Municipalidad no hab\u00eda terminado de abonar el total del terreno, inconveniente que el intendente se\u00f1or D\u00edaz solucion\u00f3 ofreciendo a los vendedores el cambio de garant\u00eda hipotecaria por el saldo deudor.<\/p>\n\n\n\n<p>Esto se constituy\u00f3 por ordenanza N\u00ba 190 del 19 de marzo de 1928 con otra hipoteca sobre el \u201cMercado Mitre\u201d, firm\u00e1ndose la escritura en el despacho del escribano Abel Granillo Bustos en C\u00f3rdoba.<\/p>\n\n\n\n<p><\/p>\n\n\n\n<figure class=\"wp-block-gallery columns-2 is-cropped wp-block-gallery-1 is-layout-flex wp-block-gallery-is-layout-flex\"><ul class=\"blocks-gallery-grid\"><li class=\"blocks-gallery-item\"><figure><img data-recalc-dims=\"1\" fetchpriority=\"high\" decoding=\"async\" width=\"1000\" height=\"672\" src=\"https:\/\/i0.wp.com\/elregionalvm.com.ar\/noticias-villa-maria\/wp-content\/uploads\/2022\/02\/Usina-vieja-de-agua-.jpg?resize=1000%2C672&#038;ssl=1\" alt=\"\" data-id=\"52128\" data-full-url=\"https:\/\/elregionalvm.com.ar\/noticias-villa-maria\/wp-content\/uploads\/2022\/02\/Usina-vieja-de-agua-.jpg\" data-link=\"https:\/\/elregionalvm.com.ar\/noticias-villa-maria\/?attachment_id=52128\" class=\"wp-image-52128\" srcset=\"https:\/\/i0.wp.com\/elregionalvm.com.ar\/noticias-villa-maria\/wp-content\/uploads\/2022\/02\/Usina-vieja-de-agua-.jpg?w=1000&amp;ssl=1 1000w, https:\/\/i0.wp.com\/elregionalvm.com.ar\/noticias-villa-maria\/wp-content\/uploads\/2022\/02\/Usina-vieja-de-agua-.jpg?resize=300%2C202&amp;ssl=1 300w, https:\/\/i0.wp.com\/elregionalvm.com.ar\/noticias-villa-maria\/wp-content\/uploads\/2022\/02\/Usina-vieja-de-agua-.jpg?resize=768%2C516&amp;ssl=1 768w\" sizes=\"(max-width: 1000px) 100vw, 1000px\" \/><\/figure><\/li><li class=\"blocks-gallery-item\"><figure><img data-recalc-dims=\"1\" decoding=\"async\" width=\"1000\" height=\"658\" src=\"https:\/\/i0.wp.com\/elregionalvm.com.ar\/noticias-villa-maria\/wp-content\/uploads\/2022\/02\/Motor-Obras-Sanitarias-Agua-Villa-Maria.jpg?resize=1000%2C658&#038;ssl=1\" alt=\"\" data-id=\"52129\" data-full-url=\"https:\/\/elregionalvm.com.ar\/noticias-villa-maria\/wp-content\/uploads\/2022\/02\/Motor-Obras-Sanitarias-Agua-Villa-Maria.jpg\" data-link=\"https:\/\/elregionalvm.com.ar\/noticias-villa-maria\/?attachment_id=52129\" class=\"wp-image-52129\" srcset=\"https:\/\/i0.wp.com\/elregionalvm.com.ar\/noticias-villa-maria\/wp-content\/uploads\/2022\/02\/Motor-Obras-Sanitarias-Agua-Villa-Maria.jpg?w=1000&amp;ssl=1 1000w, https:\/\/i0.wp.com\/elregionalvm.com.ar\/noticias-villa-maria\/wp-content\/uploads\/2022\/02\/Motor-Obras-Sanitarias-Agua-Villa-Maria.jpg?resize=300%2C197&amp;ssl=1 300w, https:\/\/i0.wp.com\/elregionalvm.com.ar\/noticias-villa-maria\/wp-content\/uploads\/2022\/02\/Motor-Obras-Sanitarias-Agua-Villa-Maria.jpg?resize=768%2C505&amp;ssl=1 768w\" sizes=\"(max-width: 1000px) 100vw, 1000px\" \/><\/figure><\/li><\/ul><figcaption class=\"blocks-gallery-caption\"><em>Parte de la vieja usina conservada y el antiguo motor que utilizaba Obras Sanitarias de la Naci\u00f3n. <\/em><\/figcaption><\/figure>\n\n\n\n<p><\/p>\n\n\n\n<p><strong>Las obras<\/strong><\/p>\n\n\n\n<p>El 4 de marzo de 1929 todo estaba listo para que Obras Sanitarias comenzara con las obras que se vieron retrasadas hasta 1930, porque la Municipalidad no dispon\u00eda del dinero necesario, m$n 7.475 para comprar los terrenos donde se colocar\u00edan las c\u00e1maras as\u00e9pticas, tr\u00e1mite que se deb\u00eda realizar en forma urgente a fin de que el organismo procediera con esa otra parte de la obra.<\/p>\n\n\n\n<p>Al final, la Municipalidad us\u00f3 de sus fondos la citada suma y le compraron 11 hect\u00e1reas y media al se\u00f1or \u00c1ngel Veronese, cuya escritura, por deficiencias en los t\u00edtulos del vendedor, demor\u00f3 en firmarse casi un a\u00f1o.<\/p>\n\n\n\n<p>Por inconvenientes en recibir las servidumbres de paso en los terrenos por los que iban a pasar los ca\u00f1os maestros, entre las cuales se opon\u00edan el Ministerio de Guerra en los terrenos para comenzar a construir la F\u00e1brica Militar y el F.C.C.A., que no permit\u00eda que se utilizara el subsuelo de su playa de maniobras, tuvieron que modificar el trazado de la cloaca m\u00e1xima varias veces.<\/p>\n\n\n\n<p>Estos y otros inconvenientes demandaron tiempo, paciencia y gastos en la realizaci\u00f3n de nuevos estudios, pero todo se solucion\u00f3 satisfactoriamente.<\/p>\n\n\n\n<p>En abril de 1930 la Direcci\u00f3n de OSN contrat\u00f3 los diversos trabajos a ejecutarse, pero en febrero de 1931&#8230; \u00a1Se hab\u00eda terminado el dinero!<\/p>\n\n\n\n<p>Reci\u00e9n el 20 de diciembre de 1932 se logr\u00f3 reanudar la tarea y trabajando intensamente durante todo el a\u00f1o 1933, en agosto de 1934 se pudieron terminar las obras.<\/p>\n\n\n\n<p><\/p>\n\n\n\n<figure class=\"wp-block-image size-full is-resized\"><img data-recalc-dims=\"1\" decoding=\"async\" src=\"https:\/\/i0.wp.com\/elregionalvm.com.ar\/noticias-villa-maria\/wp-content\/uploads\/2022\/02\/SA400356.jpg?resize=854%2C557&#038;ssl=1\" alt=\"\" class=\"wp-image-52130\" width=\"854\" height=\"557\" srcset=\"https:\/\/i0.wp.com\/elregionalvm.com.ar\/noticias-villa-maria\/wp-content\/uploads\/2022\/02\/SA400356.jpg?w=1000&amp;ssl=1 1000w, https:\/\/i0.wp.com\/elregionalvm.com.ar\/noticias-villa-maria\/wp-content\/uploads\/2022\/02\/SA400356.jpg?resize=300%2C196&amp;ssl=1 300w, https:\/\/i0.wp.com\/elregionalvm.com.ar\/noticias-villa-maria\/wp-content\/uploads\/2022\/02\/SA400356.jpg?resize=768%2C502&amp;ssl=1 768w\" sizes=\"(max-width: 854px) 100vw, 854px\" \/><figcaption><em>Imagen antigua de la usina y el tanque de reserva de agua. <\/em><\/figcaption><\/figure>\n\n\n\n<p><\/p>\n\n\n\n<p><strong>Tanque y usina<\/strong><\/p>\n\n\n\n<p>Ya funcionaban los primeros ocho pozos que captaban el agua de la segunda napa con un rendimiento de 68 m3. p\/h., a 25 metros de profundidad.<\/p>\n\n\n\n<p>En la planta principal de la empresa, en prolongaci\u00f3n de la excalle Paraguay, actual Amadeo Sabattini, se construy\u00f3 un tanque con capacidad para 1.000 litros c\u00fabicos del vital elemento. Completaban las instalaciones una usina con tres grupos alternadores trif\u00e1sicos acoplados a tres motores diesel de 135 H.P. cada uno, para fuerza e iluminaci\u00f3n.<\/p>\n\n\n\n<p>El acto inaugural de esta magn\u00edfica obra se realiz\u00f3 el 6 de agosto de 1934 con la presencia del Director General de OSN doctor Manuel E. Paz.<\/p>\n\n\n\n<p>Culminaba as\u00ed una larga y empe\u00f1osa gesti\u00f3n que hab\u00eda iniciado en 1900 el intendente don Felipe Poretti y que tuvo por primeros adalides en el Congreso Nacional al doctor Ger\u00f3nimo del Barco y al se\u00f1or don Ponciano Vivanco.<\/p>\n\n\n\n<p>Fuente: \u201c<em>Historia de la ciudad de Villa Mar\u00eda\u201d \u2013 Jos\u00e9 A. Pedernera<\/em><\/p>\n","protected":false},"excerpt":{"rendered":"<p>Escribe: Julio A. Ben\u00edtez \u2013 benitezjulioalberto@gmail.com El proyecto de mayor trascendencia para el porvenir de nuestra ciudad, en el que intervinieron los intendentes doctor Eugenio Paraj\u00f3n Ort\u00edz y Ernesto D\u00edaz, fue, sin lugar a dudas, la formalizaci\u00f3n del convenio con Obras Sanitarias de la Naci\u00f3n. El acuerdo fue para la provisi\u00f3n de aguas corrientes y [&hellip;]<\/p>\n","protected":false},"author":4,"featured_media":52131,"comment_status":"open","ping_status":"open","sticky":false,"template":"","format":"standard","meta":{"site-sidebar-layout":"default","site-content-layout":"default","ast-site-content-layout":"default","site-content-style":"default","site-sidebar-style":"default","ast-global-header-display":"","ast-banner-title-visibility":"","ast-main-header-display":"","ast-hfb-above-header-display":"","ast-hfb-below-header-display":"","ast-hfb-mobile-header-display":"","site-post-title":"","ast-breadcrumbs-content":"","ast-featured-img":"","footer-sml-layout":"","ast-disable-related-posts":"","theme-transparent-header-meta":"default","adv-header-id-meta":"","stick-header-meta":"","header-above-stick-meta":"","header-main-stick-meta":"","header-below-stick-meta":"","astra-migrate-meta-layouts":"default","ast-page-background-enabled":"default","ast-page-background-meta":{"desktop":{"background-color":"","background-image":"","background-repeat":"repeat","background-position":"center center","background-size":"auto","background-attachment":"scroll","background-type":"","background-media":"","overlay-type":"","overlay-color":"","overlay-opacity":"","overlay-gradient":""},"tablet":{"background-color":"","background-image":"","background-repeat":"repeat","background-position":"center center","background-size":"auto","background-attachment":"scroll","background-type":"","background-media":"","overlay-type":"","overlay-color":"","overlay-opacity":"","overlay-gradient":""},"mobile":{"background-color":"","background-image":"","background-repeat":"repeat","background-position":"center center","background-size":"auto","background-attachment":"scroll","background-type":"","background-media":"","overlay-type":"","overlay-color":"","overlay-opacity":"","overlay-gradient":""}},"ast-content-background-meta":{"desktop":{"background-color":"var(--ast-global-color-5)","background-image":"","background-repeat":"repeat","background-position":"center center","background-size":"auto","background-attachment":"scroll","background-type":"","background-media":"","overlay-type":"","overlay-color":"","overlay-opacity":"","overlay-gradient":""},"tablet":{"background-color":"var(--ast-global-color-5)","background-image":"","background-repeat":"repeat","background-position":"center center","background-size":"auto","background-attachment":"scroll","background-type":"","background-media":"","overlay-type":"","overlay-color":"","overlay-opacity":"","overlay-gradient":""},"mobile":{"background-color":"var(--ast-global-color-5)","background-image":"","background-repeat":"repeat","background-position":"center center","background-size":"auto","background-attachment":"scroll","background-type":"","background-media":"","overlay-type":"","overlay-color":"","overlay-opacity":"","overlay-gradient":""}},"_jetpack_memberships_contains_paid_content":false,"_joinchat":[],"footnotes":""},"categories":[2098,3557],"tags":[8660,13527,13526,13522,13523,13525,11060,534],"class_list":["post-52125","post","type-post","status-publish","format-standard","has-post-thumbnail","hentry","category-historias","category-tercera","tag-agua-y-cloacas","tag-jose-pedernera","tag-marcelo-t-de-alvear","tag-obras-sanitarias-de-la-nacion","tag-parajon-ortiz","tag-tanque-de-agua","tag-usina","tag-villa-maria"],"yoast_head":"<!-- This site is optimized with the Yoast SEO plugin v26.8 - https:\/\/yoast.com\/product\/yoast-seo-wordpress\/ -->\n<title>[Historias] C\u00f3mo Villa Mar\u00eda lleg\u00f3 a tener red de agua y cloacas - El Regional<\/title>\n<meta name=\"description\" content=\"El acto inaugural de esta magn\u00edfica obra se realiz\u00f3 el 6 de agosto de 1934. Culminaba as\u00ed una larga y empe\u00f1osa gesti\u00f3n iniciada en 1900.\" \/>\n<meta name=\"robots\" content=\"index, follow, max-snippet:-1, max-image-preview:large, max-video-preview:-1\" \/>\n<link rel=\"canonical\" href=\"http:\/\/elregionalvm.com.ar\/noticias-villa-maria\/historias-como-villa-maria-llego-a-tener-red-de-agua-y-cloacas\/\" \/>\n<meta property=\"og:locale\" content=\"es_ES\" \/>\n<meta property=\"og:type\" content=\"article\" \/>\n<meta property=\"og:title\" content=\"[Historias] C\u00f3mo Villa Mar\u00eda lleg\u00f3 a tener red de agua y cloacas - El Regional\" \/>\n<meta property=\"og:description\" content=\"El acto inaugural de esta magn\u00edfica obra se realiz\u00f3 el 6 de agosto de 1934. Culminaba as\u00ed una larga y empe\u00f1osa gesti\u00f3n iniciada en 1900.\" \/>\n<meta property=\"og:url\" content=\"http:\/\/elregionalvm.com.ar\/noticias-villa-maria\/historias-como-villa-maria-llego-a-tener-red-de-agua-y-cloacas\/\" \/>\n<meta property=\"og:site_name\" content=\"El Regional\" \/>\n<meta property=\"article:publisher\" content=\"https:\/\/www.facebook.com\/elregionalvm\" \/>\n<meta property=\"article:published_time\" content=\"2022-02-05T01:47:20+00:00\" \/>\n<meta property=\"article:modified_time\" content=\"2022-02-08T01:19:36+00:00\" \/>\n<meta property=\"og:image\" content=\"http:\/\/elregionalvm.com.ar\/noticias-villa-maria\/wp-content\/uploads\/2022\/02\/Tanque-aguas-corrientes.jpg\" \/>\n\t<meta property=\"og:image:width\" content=\"730\" \/>\n\t<meta property=\"og:image:height\" content=\"467\" \/>\n\t<meta property=\"og:image:type\" content=\"image\/jpeg\" \/>\n<meta name=\"author\" content=\"Contenidos El Regional\" \/>\n<meta name=\"twitter:card\" content=\"summary_large_image\" \/>\n<meta name=\"twitter:creator\" content=\"@elregionalvm1\" \/>\n<meta name=\"twitter:site\" content=\"@elregionalvm1\" \/>\n<meta name=\"twitter:label1\" content=\"Escrito por\" \/>\n\t<meta name=\"twitter:data1\" content=\"Contenidos El Regional\" \/>\n\t<meta name=\"twitter:label2\" content=\"Tiempo de lectura\" \/>\n\t<meta name=\"twitter:data2\" content=\"5 minutos\" \/>\n<script type=\"application\/ld+json\" class=\"yoast-schema-graph\">{\"@context\":\"https:\/\/schema.org\",\"@graph\":[{\"@type\":\"Article\",\"@id\":\"http:\/\/elregionalvm.com.ar\/noticias-villa-maria\/historias-como-villa-maria-llego-a-tener-red-de-agua-y-cloacas\/#article\",\"isPartOf\":{\"@id\":\"http:\/\/elregionalvm.com.ar\/noticias-villa-maria\/historias-como-villa-maria-llego-a-tener-red-de-agua-y-cloacas\/\"},\"author\":{\"name\":\"Contenidos El Regional\",\"@id\":\"http:\/\/elregionalvm.com.ar\/noticias-villa-maria\/#\/schema\/person\/a0fb9c422317faca23d50163151bc354\"},\"headline\":\"[Historias] C\u00f3mo Villa Mar\u00eda lleg\u00f3 a tener red de agua y cloacas\",\"datePublished\":\"2022-02-05T01:47:20+00:00\",\"dateModified\":\"2022-02-08T01:19:36+00:00\",\"mainEntityOfPage\":{\"@id\":\"http:\/\/elregionalvm.com.ar\/noticias-villa-maria\/historias-como-villa-maria-llego-a-tener-red-de-agua-y-cloacas\/\"},\"wordCount\":833,\"commentCount\":0,\"image\":{\"@id\":\"http:\/\/elregionalvm.com.ar\/noticias-villa-maria\/historias-como-villa-maria-llego-a-tener-red-de-agua-y-cloacas\/#primaryimage\"},\"thumbnailUrl\":\"https:\/\/i0.wp.com\/elregionalvm.com.ar\/noticias-villa-maria\/wp-content\/uploads\/2022\/02\/Tanque-aguas-corrientes.jpg?fit=730%2C467&ssl=1\",\"keywords\":[\"Agua y Cloacas\",\"Jos\u00e9 Pedernera\",\"Marcelo T. de Alvear\",\"Obras Sanitarias de la Naci\u00f3n\",\"Paraj\u00f3n Ortiz\",\"tanque de agua\",\"Usina\",\"villa maria\"],\"articleSection\":[\"Historias\",\"tercera\"],\"inLanguage\":\"es\",\"potentialAction\":[{\"@type\":\"CommentAction\",\"name\":\"Comment\",\"target\":[\"http:\/\/elregionalvm.com.ar\/noticias-villa-maria\/historias-como-villa-maria-llego-a-tener-red-de-agua-y-cloacas\/#respond\"]}]},{\"@type\":\"WebPage\",\"@id\":\"http:\/\/elregionalvm.com.ar\/noticias-villa-maria\/historias-como-villa-maria-llego-a-tener-red-de-agua-y-cloacas\/\",\"url\":\"http:\/\/elregionalvm.com.ar\/noticias-villa-maria\/historias-como-villa-maria-llego-a-tener-red-de-agua-y-cloacas\/\",\"name\":\"[Historias] C\u00f3mo Villa Mar\u00eda lleg\u00f3 a tener red de agua y cloacas - El Regional\",\"isPartOf\":{\"@id\":\"http:\/\/elregionalvm.com.ar\/noticias-villa-maria\/#website\"},\"primaryImageOfPage\":{\"@id\":\"http:\/\/elregionalvm.com.ar\/noticias-villa-maria\/historias-como-villa-maria-llego-a-tener-red-de-agua-y-cloacas\/#primaryimage\"},\"image\":{\"@id\":\"http:\/\/elregionalvm.com.ar\/noticias-villa-maria\/historias-como-villa-maria-llego-a-tener-red-de-agua-y-cloacas\/#primaryimage\"},\"thumbnailUrl\":\"https:\/\/i0.wp.com\/elregionalvm.com.ar\/noticias-villa-maria\/wp-content\/uploads\/2022\/02\/Tanque-aguas-corrientes.jpg?fit=730%2C467&ssl=1\",\"datePublished\":\"2022-02-05T01:47:20+00:00\",\"dateModified\":\"2022-02-08T01:19:36+00:00\",\"author\":{\"@id\":\"http:\/\/elregionalvm.com.ar\/noticias-villa-maria\/#\/schema\/person\/a0fb9c422317faca23d50163151bc354\"},\"description\":\"El acto inaugural de esta magn\u00edfica obra se realiz\u00f3 el 6 de agosto de 1934. Culminaba as\u00ed una larga y empe\u00f1osa gesti\u00f3n iniciada en 1900.\",\"breadcrumb\":{\"@id\":\"http:\/\/elregionalvm.com.ar\/noticias-villa-maria\/historias-como-villa-maria-llego-a-tener-red-de-agua-y-cloacas\/#breadcrumb\"},\"inLanguage\":\"es\",\"potentialAction\":[{\"@type\":\"ReadAction\",\"target\":[\"http:\/\/elregionalvm.com.ar\/noticias-villa-maria\/historias-como-villa-maria-llego-a-tener-red-de-agua-y-cloacas\/\"]}]},{\"@type\":\"ImageObject\",\"inLanguage\":\"es\",\"@id\":\"http:\/\/elregionalvm.com.ar\/noticias-villa-maria\/historias-como-villa-maria-llego-a-tener-red-de-agua-y-cloacas\/#primaryimage\",\"url\":\"https:\/\/i0.wp.com\/elregionalvm.com.ar\/noticias-villa-maria\/wp-content\/uploads\/2022\/02\/Tanque-aguas-corrientes.jpg?fit=730%2C467&ssl=1\",\"contentUrl\":\"https:\/\/i0.wp.com\/elregionalvm.com.ar\/noticias-villa-maria\/wp-content\/uploads\/2022\/02\/Tanque-aguas-corrientes.jpg?fit=730%2C467&ssl=1\",\"width\":730,\"height\":467},{\"@type\":\"BreadcrumbList\",\"@id\":\"http:\/\/elregionalvm.com.ar\/noticias-villa-maria\/historias-como-villa-maria-llego-a-tener-red-de-agua-y-cloacas\/#breadcrumb\",\"itemListElement\":[{\"@type\":\"ListItem\",\"position\":1,\"name\":\"Portada\",\"item\":\"https:\/\/elregionalvm.com.ar\/noticias-villa-maria\/\"},{\"@type\":\"ListItem\",\"position\":2,\"name\":\"[Historias] C\u00f3mo Villa Mar\u00eda lleg\u00f3 a tener red de agua y cloacas\"}]},{\"@type\":\"WebSite\",\"@id\":\"http:\/\/elregionalvm.com.ar\/noticias-villa-maria\/#website\",\"url\":\"http:\/\/elregionalvm.com.ar\/noticias-villa-maria\/\",\"name\":\"El Regional\",\"description\":\"Mucho m\u00e1s que informaci\u00f3n\",\"potentialAction\":[{\"@type\":\"SearchAction\",\"target\":{\"@type\":\"EntryPoint\",\"urlTemplate\":\"http:\/\/elregionalvm.com.ar\/noticias-villa-maria\/?s={search_term_string}\"},\"query-input\":{\"@type\":\"PropertyValueSpecification\",\"valueRequired\":true,\"valueName\":\"search_term_string\"}}],\"inLanguage\":\"es\"},{\"@type\":\"Person\",\"@id\":\"http:\/\/elregionalvm.com.ar\/noticias-villa-maria\/#\/schema\/person\/a0fb9c422317faca23d50163151bc354\",\"name\":\"Contenidos El Regional\",\"image\":{\"@type\":\"ImageObject\",\"inLanguage\":\"es\",\"@id\":\"http:\/\/elregionalvm.com.ar\/noticias-villa-maria\/#\/schema\/person\/image\/\",\"url\":\"https:\/\/secure.gravatar.com\/avatar\/265b27cb2209af7bb3a1318f03305787d7981a5cc6e6cd08fe5a4ecdf99d4b48?s=96&d=mm&r=g\",\"contentUrl\":\"https:\/\/secure.gravatar.com\/avatar\/265b27cb2209af7bb3a1318f03305787d7981a5cc6e6cd08fe5a4ecdf99d4b48?s=96&d=mm&r=g\",\"caption\":\"Contenidos El Regional\"},\"url\":\"https:\/\/elregionalvm.com.ar\/noticias-villa-maria\/author\/contenido\/\"}]}<\/script>\n<!-- \/ Yoast SEO plugin. -->","yoast_head_json":{"title":"[Historias] C\u00f3mo Villa Mar\u00eda lleg\u00f3 a tener red de agua y cloacas - El Regional","description":"El acto inaugural de esta magn\u00edfica obra se realiz\u00f3 el 6 de agosto de 1934. Culminaba as\u00ed una larga y empe\u00f1osa gesti\u00f3n iniciada en 1900.","robots":{"index":"index","follow":"follow","max-snippet":"max-snippet:-1","max-image-preview":"max-image-preview:large","max-video-preview":"max-video-preview:-1"},"canonical":"http:\/\/elregionalvm.com.ar\/noticias-villa-maria\/historias-como-villa-maria-llego-a-tener-red-de-agua-y-cloacas\/","og_locale":"es_ES","og_type":"article","og_title":"[Historias] C\u00f3mo Villa Mar\u00eda lleg\u00f3 a tener red de agua y cloacas - El Regional","og_description":"El acto inaugural de esta magn\u00edfica obra se realiz\u00f3 el 6 de agosto de 1934. Culminaba as\u00ed una larga y empe\u00f1osa gesti\u00f3n iniciada en 1900.","og_url":"http:\/\/elregionalvm.com.ar\/noticias-villa-maria\/historias-como-villa-maria-llego-a-tener-red-de-agua-y-cloacas\/","og_site_name":"El Regional","article_publisher":"https:\/\/www.facebook.com\/elregionalvm","article_published_time":"2022-02-05T01:47:20+00:00","article_modified_time":"2022-02-08T01:19:36+00:00","og_image":[{"width":730,"height":467,"url":"http:\/\/elregionalvm.com.ar\/noticias-villa-maria\/wp-content\/uploads\/2022\/02\/Tanque-aguas-corrientes.jpg","type":"image\/jpeg"}],"author":"Contenidos El Regional","twitter_card":"summary_large_image","twitter_creator":"@elregionalvm1","twitter_site":"@elregionalvm1","twitter_misc":{"Escrito por":"Contenidos El Regional","Tiempo de lectura":"5 minutos"},"schema":{"@context":"https:\/\/schema.org","@graph":[{"@type":"Article","@id":"http:\/\/elregionalvm.com.ar\/noticias-villa-maria\/historias-como-villa-maria-llego-a-tener-red-de-agua-y-cloacas\/#article","isPartOf":{"@id":"http:\/\/elregionalvm.com.ar\/noticias-villa-maria\/historias-como-villa-maria-llego-a-tener-red-de-agua-y-cloacas\/"},"author":{"name":"Contenidos El Regional","@id":"http:\/\/elregionalvm.com.ar\/noticias-villa-maria\/#\/schema\/person\/a0fb9c422317faca23d50163151bc354"},"headline":"[Historias] C\u00f3mo Villa Mar\u00eda lleg\u00f3 a tener red de agua y cloacas","datePublished":"2022-02-05T01:47:20+00:00","dateModified":"2022-02-08T01:19:36+00:00","mainEntityOfPage":{"@id":"http:\/\/elregionalvm.com.ar\/noticias-villa-maria\/historias-como-villa-maria-llego-a-tener-red-de-agua-y-cloacas\/"},"wordCount":833,"commentCount":0,"image":{"@id":"http:\/\/elregionalvm.com.ar\/noticias-villa-maria\/historias-como-villa-maria-llego-a-tener-red-de-agua-y-cloacas\/#primaryimage"},"thumbnailUrl":"https:\/\/i0.wp.com\/elregionalvm.com.ar\/noticias-villa-maria\/wp-content\/uploads\/2022\/02\/Tanque-aguas-corrientes.jpg?fit=730%2C467&ssl=1","keywords":["Agua y Cloacas","Jos\u00e9 Pedernera","Marcelo T. de Alvear","Obras Sanitarias de la Naci\u00f3n","Paraj\u00f3n Ortiz","tanque de agua","Usina","villa maria"],"articleSection":["Historias","tercera"],"inLanguage":"es","potentialAction":[{"@type":"CommentAction","name":"Comment","target":["http:\/\/elregionalvm.com.ar\/noticias-villa-maria\/historias-como-villa-maria-llego-a-tener-red-de-agua-y-cloacas\/#respond"]}]},{"@type":"WebPage","@id":"http:\/\/elregionalvm.com.ar\/noticias-villa-maria\/historias-como-villa-maria-llego-a-tener-red-de-agua-y-cloacas\/","url":"http:\/\/elregionalvm.com.ar\/noticias-villa-maria\/historias-como-villa-maria-llego-a-tener-red-de-agua-y-cloacas\/","name":"[Historias] C\u00f3mo Villa Mar\u00eda lleg\u00f3 a tener red de agua y cloacas - El Regional","isPartOf":{"@id":"http:\/\/elregionalvm.com.ar\/noticias-villa-maria\/#website"},"primaryImageOfPage":{"@id":"http:\/\/elregionalvm.com.ar\/noticias-villa-maria\/historias-como-villa-maria-llego-a-tener-red-de-agua-y-cloacas\/#primaryimage"},"image":{"@id":"http:\/\/elregionalvm.com.ar\/noticias-villa-maria\/historias-como-villa-maria-llego-a-tener-red-de-agua-y-cloacas\/#primaryimage"},"thumbnailUrl":"https:\/\/i0.wp.com\/elregionalvm.com.ar\/noticias-villa-maria\/wp-content\/uploads\/2022\/02\/Tanque-aguas-corrientes.jpg?fit=730%2C467&ssl=1","datePublished":"2022-02-05T01:47:20+00:00","dateModified":"2022-02-08T01:19:36+00:00","author":{"@id":"http:\/\/elregionalvm.com.ar\/noticias-villa-maria\/#\/schema\/person\/a0fb9c422317faca23d50163151bc354"},"description":"El acto inaugural de esta magn\u00edfica obra se realiz\u00f3 el 6 de agosto de 1934. Culminaba as\u00ed una larga y empe\u00f1osa gesti\u00f3n iniciada en 1900.","breadcrumb":{"@id":"http:\/\/elregionalvm.com.ar\/noticias-villa-maria\/historias-como-villa-maria-llego-a-tener-red-de-agua-y-cloacas\/#breadcrumb"},"inLanguage":"es","potentialAction":[{"@type":"ReadAction","target":["http:\/\/elregionalvm.com.ar\/noticias-villa-maria\/historias-como-villa-maria-llego-a-tener-red-de-agua-y-cloacas\/"]}]},{"@type":"ImageObject","inLanguage":"es","@id":"http:\/\/elregionalvm.com.ar\/noticias-villa-maria\/historias-como-villa-maria-llego-a-tener-red-de-agua-y-cloacas\/#primaryimage","url":"https:\/\/i0.wp.com\/elregionalvm.com.ar\/noticias-villa-maria\/wp-content\/uploads\/2022\/02\/Tanque-aguas-corrientes.jpg?fit=730%2C467&ssl=1","contentUrl":"https:\/\/i0.wp.com\/elregionalvm.com.ar\/noticias-villa-maria\/wp-content\/uploads\/2022\/02\/Tanque-aguas-corrientes.jpg?fit=730%2C467&ssl=1","width":730,"height":467},{"@type":"BreadcrumbList","@id":"http:\/\/elregionalvm.com.ar\/noticias-villa-maria\/historias-como-villa-maria-llego-a-tener-red-de-agua-y-cloacas\/#breadcrumb","itemListElement":[{"@type":"ListItem","position":1,"name":"Portada","item":"https:\/\/elregionalvm.com.ar\/noticias-villa-maria\/"},{"@type":"ListItem","position":2,"name":"[Historias] C\u00f3mo Villa Mar\u00eda lleg\u00f3 a tener red de agua y cloacas"}]},{"@type":"WebSite","@id":"http:\/\/elregionalvm.com.ar\/noticias-villa-maria\/#website","url":"http:\/\/elregionalvm.com.ar\/noticias-villa-maria\/","name":"El Regional","description":"Mucho m\u00e1s que informaci\u00f3n","potentialAction":[{"@type":"SearchAction","target":{"@type":"EntryPoint","urlTemplate":"http:\/\/elregionalvm.com.ar\/noticias-villa-maria\/?s={search_term_string}"},"query-input":{"@type":"PropertyValueSpecification","valueRequired":true,"valueName":"search_term_string"}}],"inLanguage":"es"},{"@type":"Person","@id":"http:\/\/elregionalvm.com.ar\/noticias-villa-maria\/#\/schema\/person\/a0fb9c422317faca23d50163151bc354","name":"Contenidos El Regional","image":{"@type":"ImageObject","inLanguage":"es","@id":"http:\/\/elregionalvm.com.ar\/noticias-villa-maria\/#\/schema\/person\/image\/","url":"https:\/\/secure.gravatar.com\/avatar\/265b27cb2209af7bb3a1318f03305787d7981a5cc6e6cd08fe5a4ecdf99d4b48?s=96&d=mm&r=g","contentUrl":"https:\/\/secure.gravatar.com\/avatar\/265b27cb2209af7bb3a1318f03305787d7981a5cc6e6cd08fe5a4ecdf99d4b48?s=96&d=mm&r=g","caption":"Contenidos El Regional"},"url":"https:\/\/elregionalvm.com.ar\/noticias-villa-maria\/author\/contenido\/"}]}},"jetpack_featured_media_url":"https:\/\/i0.wp.com\/elregionalvm.com.ar\/noticias-villa-maria\/wp-content\/uploads\/2022\/02\/Tanque-aguas-corrientes.jpg?fit=730%2C467&ssl=1","jetpack_sharing_enabled":true,"_links":{"self":[{"href":"https:\/\/elregionalvm.com.ar\/noticias-villa-maria\/wp-json\/wp\/v2\/posts\/52125","targetHints":{"allow":["GET"]}}],"collection":[{"href":"https:\/\/elregionalvm.com.ar\/noticias-villa-maria\/wp-json\/wp\/v2\/posts"}],"about":[{"href":"https:\/\/elregionalvm.com.ar\/noticias-villa-maria\/wp-json\/wp\/v2\/types\/post"}],"author":[{"embeddable":true,"href":"https:\/\/elregionalvm.com.ar\/noticias-villa-maria\/wp-json\/wp\/v2\/users\/4"}],"replies":[{"embeddable":true,"href":"https:\/\/elregionalvm.com.ar\/noticias-villa-maria\/wp-json\/wp\/v2\/comments?post=52125"}],"version-history":[{"count":2,"href":"https:\/\/elregionalvm.com.ar\/noticias-villa-maria\/wp-json\/wp\/v2\/posts\/52125\/revisions"}],"predecessor-version":[{"id":52132,"href":"https:\/\/elregionalvm.com.ar\/noticias-villa-maria\/wp-json\/wp\/v2\/posts\/52125\/revisions\/52132"}],"wp:featuredmedia":[{"embeddable":true,"href":"https:\/\/elregionalvm.com.ar\/noticias-villa-maria\/wp-json\/wp\/v2\/media\/52131"}],"wp:attachment":[{"href":"https:\/\/elregionalvm.com.ar\/noticias-villa-maria\/wp-json\/wp\/v2\/media?parent=52125"}],"wp:term":[{"taxonomy":"category","embeddable":true,"href":"https:\/\/elregionalvm.com.ar\/noticias-villa-maria\/wp-json\/wp\/v2\/categories?post=52125"},{"taxonomy":"post_tag","embeddable":true,"href":"https:\/\/elregionalvm.com.ar\/noticias-villa-maria\/wp-json\/wp\/v2\/tags?post=52125"}],"curies":[{"name":"wp","href":"https:\/\/api.w.org\/{rel}","templated":true}]}}