{"id":52168,"date":"2022-02-05T15:33:27","date_gmt":"2022-02-05T15:33:27","guid":{"rendered":"https:\/\/elregionalvm.com.ar\/noticias-villa-maria\/?p=52168"},"modified":"2022-02-05T15:33:28","modified_gmt":"2022-02-05T15:33:28","slug":"carrilobo-un-detenido-y-cierre-de-un-punto-de-venta-de-drogas","status":"publish","type":"post","link":"https:\/\/elregionalvm.com.ar\/noticias-villa-maria\/carrilobo-un-detenido-y-cierre-de-un-punto-de-venta-de-drogas\/","title":{"rendered":"Carrilobo: Un detenido y cierre de un punto de venta de drogas"},"content":{"rendered":"\n<p><\/p>\n\n\n\n<p>Efectivos de la Fuerza Policial Antinarcotr\u00e1fico (FPA) cerraron un punto de venta de drogas y detuvieron a un sujeto de 23 a\u00f1os de edad acusado de comercializaci\u00f3n de estupefacientes en Carrilobo.<\/p>\n\n\n\n<p>El procedimiento se concret\u00f3, luego de recibir varias llamadas de alerta al n\u00famero de denuncias an\u00f3nimas (0800 888 8080) del Ministerio P\u00fablico Fiscal y cont\u00f3 con la colaboraci\u00f3n de personal de Polic\u00eda de C\u00f3rdoba.<\/p>\n\n\n\n<p>Con los datos aportados y tras una serie de investigaciones se efectu\u00f3 un allanamiento en un inmueble, el cual era utilizado como punto de expendio estupefacientes en calle Corrientes de esta localidad.<\/p>\n\n\n\n<p><\/p>\n\n\n\n<figure class=\"wp-block-image size-full\"><img data-recalc-dims=\"1\" fetchpriority=\"high\" decoding=\"async\" width=\"529\" height=\"447\" src=\"https:\/\/i0.wp.com\/elregionalvm.com.ar\/noticias-villa-maria\/wp-content\/uploads\/2022\/02\/Carrilobo-venta-de-drogas-2.jpeg?resize=529%2C447&#038;ssl=1\" alt=\"\" class=\"wp-image-52169\" srcset=\"https:\/\/i0.wp.com\/elregionalvm.com.ar\/noticias-villa-maria\/wp-content\/uploads\/2022\/02\/Carrilobo-venta-de-drogas-2.jpeg?w=529&amp;ssl=1 529w, https:\/\/i0.wp.com\/elregionalvm.com.ar\/noticias-villa-maria\/wp-content\/uploads\/2022\/02\/Carrilobo-venta-de-drogas-2.jpeg?resize=300%2C253&amp;ssl=1 300w\" sizes=\"(max-width: 529px) 100vw, 529px\" \/><\/figure>\n\n\n\n<p><\/p>\n\n\n\n<p>En el operativo se secuestr\u00f3 en el interior del domicilio varias dosis de coca\u00edna y marihuana, adem\u00e1s de plantas de cannabis y dinero ($ 106.830), entre otros elementos presuntamente relacionados con el fraccionamiento de las sustancias.<\/p>\n\n\n\n<p>Autoridades de la Fiscal\u00eda M\u00f3vil de Lucha contra el Narcotr\u00e1fico de Villa Mar\u00eda, dispusieron la remisi\u00f3n de lo incautado y el trasladado del detenido a sede judicial por supuesta infracci\u00f3n a la Ley Nacional de Estupefacientes.<\/p>\n","protected":false},"excerpt":{"rendered":"<p>Efectivos de la Fuerza Policial Antinarcotr\u00e1fico (FPA) cerraron un punto de venta de drogas y detuvieron a un sujeto de 23 a\u00f1os de edad acusado de comercializaci\u00f3n de estupefacientes en Carrilobo. El procedimiento se concret\u00f3, luego de recibir varias llamadas de alerta al n\u00famero de denuncias an\u00f3nimas (0800 888 8080) del Ministerio P\u00fablico Fiscal y [&hellip;]<\/p>\n","protected":false},"author":6,"featured_media":52170,"comment_status":"open","ping_status":"open","sticky":false,"template":"","format":"standard","meta":{"site-sidebar-layout":"default","site-content-layout":"default","ast-site-content-layout":"default","site-content-style":"default","site-sidebar-style":"default","ast-global-header-display":"","ast-banner-title-visibility":"","ast-main-header-display":"","ast-hfb-above-header-display":"","ast-hfb-below-header-display":"","ast-hfb-mobile-header-display":"","site-post-title":"","ast-breadcrumbs-content":"","ast-featured-img":"","footer-sml-layout":"","ast-disable-related-posts":"","theme-transparent-header-meta":"default","adv-header-id-meta":"","stick-header-meta":"","header-above-stick-meta":"","header-main-stick-meta":"","header-below-stick-meta":"","astra-migrate-meta-layouts":"default","ast-page-background-enabled":"default","ast-page-background-meta":{"desktop":{"background-color":"","background-image":"","background-repeat":"repeat","background-position":"center center","background-size":"auto","background-attachment":"scroll","background-type":"","background-media":"","overlay-type":"","overlay-color":"","overlay-opacity":"","overlay-gradient":""},"tablet":{"background-color":"","background-image":"","background-repeat":"repeat","background-position":"center center","background-size":"auto","background-attachment":"scroll","background-type":"","background-media":"","overlay-type":"","overlay-color":"","overlay-opacity":"","overlay-gradient":""},"mobile":{"background-color":"","background-image":"","background-repeat":"repeat","background-position":"center center","background-size":"auto","background-attachment":"scroll","background-type":"","background-media":"","overlay-type":"","overlay-color":"","overlay-opacity":"","overlay-gradient":""}},"ast-content-background-meta":{"desktop":{"background-color":"var(--ast-global-color-5)","background-image":"","background-repeat":"repeat","background-position":"center center","background-size":"auto","background-attachment":"scroll","background-type":"","background-media":"","overlay-type":"","overlay-color":"","overlay-opacity":"","overlay-gradient":""},"tablet":{"background-color":"var(--ast-global-color-5)","background-image":"","background-repeat":"repeat","background-position":"center center","background-size":"auto","background-attachment":"scroll","background-type":"","background-media":"","overlay-type":"","overlay-color":"","overlay-opacity":"","overlay-gradient":""},"mobile":{"background-color":"var(--ast-global-color-5)","background-image":"","background-repeat":"repeat","background-position":"center center","background-size":"auto","background-attachment":"scroll","background-type":"","background-media":"","overlay-type":"","overlay-color":"","overlay-opacity":"","overlay-gradient":""}},"_jetpack_memberships_contains_paid_content":false,"_joinchat":[],"footnotes":""},"categories":[2234,2091],"tags":[782,1232,2305,1331,2373,8217],"class_list":["post-52168","post","type-post","status-publish","format-standard","has-post-thumbnail","hentry","category-policiales","category-region","tag-carrilobo","tag-destacado","tag-detenido","tag-drogas","tag-fpa","tag-venta-de-drogas"],"yoast_head":"<!-- This site is optimized with the Yoast SEO plugin v26.8 - https:\/\/yoast.com\/product\/yoast-seo-wordpress\/ -->\n<title>Carrilobo: Un detenido y cierre de un punto de venta de drogas - El Regional<\/title>\n<meta name=\"description\" content=\"FPA cerr\u00f3 un punto de venta de drogas y detuvo a un sujeto de 23 a\u00f1os de edad acusado de comercializaci\u00f3n de estupefacientes en Carrilobo.\" \/>\n<meta name=\"robots\" content=\"index, follow, max-snippet:-1, max-image-preview:large, max-video-preview:-1\" \/>\n<link rel=\"canonical\" href=\"http:\/\/elregionalvm.com.ar\/noticias-villa-maria\/carrilobo-un-detenido-y-cierre-de-un-punto-de-venta-de-drogas\/\" \/>\n<meta property=\"og:locale\" content=\"es_ES\" \/>\n<meta property=\"og:type\" content=\"article\" \/>\n<meta property=\"og:title\" content=\"Carrilobo: Un detenido y cierre de un punto de venta de drogas - El Regional\" \/>\n<meta property=\"og:description\" content=\"FPA cerr\u00f3 un punto de venta de drogas y detuvo a un sujeto de 23 a\u00f1os de edad acusado de comercializaci\u00f3n de estupefacientes en Carrilobo.\" \/>\n<meta property=\"og:url\" content=\"http:\/\/elregionalvm.com.ar\/noticias-villa-maria\/carrilobo-un-detenido-y-cierre-de-un-punto-de-venta-de-drogas\/\" \/>\n<meta property=\"og:site_name\" content=\"El Regional\" \/>\n<meta property=\"article:publisher\" content=\"https:\/\/www.facebook.com\/elregionalvm\" \/>\n<meta property=\"article:published_time\" content=\"2022-02-05T15:33:27+00:00\" \/>\n<meta property=\"article:modified_time\" content=\"2022-02-05T15:33:28+00:00\" \/>\n<meta property=\"og:image\" content=\"http:\/\/elregionalvm.com.ar\/noticias-villa-maria\/wp-content\/uploads\/2022\/02\/Carrilobo-venta-de-drogas.jpeg\" \/>\n\t<meta property=\"og:image:width\" content=\"768\" \/>\n\t<meta property=\"og:image:height\" content=\"576\" \/>\n\t<meta property=\"og:image:type\" content=\"image\/jpeg\" \/>\n<meta name=\"author\" content=\"Germ\u00e1n Giacchero\" \/>\n<meta name=\"twitter:card\" content=\"summary_large_image\" \/>\n<meta name=\"twitter:creator\" content=\"@elregionalvm1\" \/>\n<meta name=\"twitter:site\" content=\"@elregionalvm1\" \/>\n<meta name=\"twitter:label1\" content=\"Escrito por\" \/>\n\t<meta name=\"twitter:data1\" content=\"Germ\u00e1n Giacchero\" \/>\n\t<meta name=\"twitter:label2\" content=\"Tiempo de lectura\" \/>\n\t<meta name=\"twitter:data2\" content=\"1 minuto\" \/>\n<script type=\"application\/ld+json\" class=\"yoast-schema-graph\">{\"@context\":\"https:\/\/schema.org\",\"@graph\":[{\"@type\":\"Article\",\"@id\":\"http:\/\/elregionalvm.com.ar\/noticias-villa-maria\/carrilobo-un-detenido-y-cierre-de-un-punto-de-venta-de-drogas\/#article\",\"isPartOf\":{\"@id\":\"http:\/\/elregionalvm.com.ar\/noticias-villa-maria\/carrilobo-un-detenido-y-cierre-de-un-punto-de-venta-de-drogas\/\"},\"author\":{\"name\":\"Germ\u00e1n Giacchero\",\"@id\":\"http:\/\/elregionalvm.com.ar\/noticias-villa-maria\/#\/schema\/person\/d5e4b04966154131701e52c45d3efec9\"},\"headline\":\"Carrilobo: Un detenido y cierre de un punto de venta de drogas\",\"datePublished\":\"2022-02-05T15:33:27+00:00\",\"dateModified\":\"2022-02-05T15:33:28+00:00\",\"mainEntityOfPage\":{\"@id\":\"http:\/\/elregionalvm.com.ar\/noticias-villa-maria\/carrilobo-un-detenido-y-cierre-de-un-punto-de-venta-de-drogas\/\"},\"wordCount\":192,\"commentCount\":0,\"image\":{\"@id\":\"http:\/\/elregionalvm.com.ar\/noticias-villa-maria\/carrilobo-un-detenido-y-cierre-de-un-punto-de-venta-de-drogas\/#primaryimage\"},\"thumbnailUrl\":\"https:\/\/i0.wp.com\/elregionalvm.com.ar\/noticias-villa-maria\/wp-content\/uploads\/2022\/02\/Carrilobo-venta-de-drogas.jpeg?fit=768%2C576&ssl=1\",\"keywords\":[\"Carrilobo\",\"destacado\",\"detenido\",\"Drogas\",\"FPA\",\"venta de drogas\"],\"articleSection\":[\"Policiales\",\"Regi\u00f3n\"],\"inLanguage\":\"es\",\"potentialAction\":[{\"@type\":\"CommentAction\",\"name\":\"Comment\",\"target\":[\"http:\/\/elregionalvm.com.ar\/noticias-villa-maria\/carrilobo-un-detenido-y-cierre-de-un-punto-de-venta-de-drogas\/#respond\"]}]},{\"@type\":\"WebPage\",\"@id\":\"http:\/\/elregionalvm.com.ar\/noticias-villa-maria\/carrilobo-un-detenido-y-cierre-de-un-punto-de-venta-de-drogas\/\",\"url\":\"http:\/\/elregionalvm.com.ar\/noticias-villa-maria\/carrilobo-un-detenido-y-cierre-de-un-punto-de-venta-de-drogas\/\",\"name\":\"Carrilobo: Un detenido y cierre de un punto de venta de drogas - El Regional\",\"isPartOf\":{\"@id\":\"http:\/\/elregionalvm.com.ar\/noticias-villa-maria\/#website\"},\"primaryImageOfPage\":{\"@id\":\"http:\/\/elregionalvm.com.ar\/noticias-villa-maria\/carrilobo-un-detenido-y-cierre-de-un-punto-de-venta-de-drogas\/#primaryimage\"},\"image\":{\"@id\":\"http:\/\/elregionalvm.com.ar\/noticias-villa-maria\/carrilobo-un-detenido-y-cierre-de-un-punto-de-venta-de-drogas\/#primaryimage\"},\"thumbnailUrl\":\"https:\/\/i0.wp.com\/elregionalvm.com.ar\/noticias-villa-maria\/wp-content\/uploads\/2022\/02\/Carrilobo-venta-de-drogas.jpeg?fit=768%2C576&ssl=1\",\"datePublished\":\"2022-02-05T15:33:27+00:00\",\"dateModified\":\"2022-02-05T15:33:28+00:00\",\"author\":{\"@id\":\"http:\/\/elregionalvm.com.ar\/noticias-villa-maria\/#\/schema\/person\/d5e4b04966154131701e52c45d3efec9\"},\"description\":\"FPA cerr\u00f3 un punto de venta de drogas y detuvo a un sujeto de 23 a\u00f1os de edad acusado de comercializaci\u00f3n de estupefacientes en Carrilobo.\",\"breadcrumb\":{\"@id\":\"http:\/\/elregionalvm.com.ar\/noticias-villa-maria\/carrilobo-un-detenido-y-cierre-de-un-punto-de-venta-de-drogas\/#breadcrumb\"},\"inLanguage\":\"es\",\"potentialAction\":[{\"@type\":\"ReadAction\",\"target\":[\"http:\/\/elregionalvm.com.ar\/noticias-villa-maria\/carrilobo-un-detenido-y-cierre-de-un-punto-de-venta-de-drogas\/\"]}]},{\"@type\":\"ImageObject\",\"inLanguage\":\"es\",\"@id\":\"http:\/\/elregionalvm.com.ar\/noticias-villa-maria\/carrilobo-un-detenido-y-cierre-de-un-punto-de-venta-de-drogas\/#primaryimage\",\"url\":\"https:\/\/i0.wp.com\/elregionalvm.com.ar\/noticias-villa-maria\/wp-content\/uploads\/2022\/02\/Carrilobo-venta-de-drogas.jpeg?fit=768%2C576&ssl=1\",\"contentUrl\":\"https:\/\/i0.wp.com\/elregionalvm.com.ar\/noticias-villa-maria\/wp-content\/uploads\/2022\/02\/Carrilobo-venta-de-drogas.jpeg?fit=768%2C576&ssl=1\",\"width\":768,\"height\":576},{\"@type\":\"BreadcrumbList\",\"@id\":\"http:\/\/elregionalvm.com.ar\/noticias-villa-maria\/carrilobo-un-detenido-y-cierre-de-un-punto-de-venta-de-drogas\/#breadcrumb\",\"itemListElement\":[{\"@type\":\"ListItem\",\"position\":1,\"name\":\"Portada\",\"item\":\"https:\/\/elregionalvm.com.ar\/noticias-villa-maria\/\"},{\"@type\":\"ListItem\",\"position\":2,\"name\":\"Carrilobo: Un detenido y cierre de un punto de venta de drogas\"}]},{\"@type\":\"WebSite\",\"@id\":\"http:\/\/elregionalvm.com.ar\/noticias-villa-maria\/#website\",\"url\":\"http:\/\/elregionalvm.com.ar\/noticias-villa-maria\/\",\"name\":\"El Regional\",\"description\":\"Mucho m\u00e1s que informaci\u00f3n\",\"potentialAction\":[{\"@type\":\"SearchAction\",\"target\":{\"@type\":\"EntryPoint\",\"urlTemplate\":\"http:\/\/elregionalvm.com.ar\/noticias-villa-maria\/?s={search_term_string}\"},\"query-input\":{\"@type\":\"PropertyValueSpecification\",\"valueRequired\":true,\"valueName\":\"search_term_string\"}}],\"inLanguage\":\"es\"},{\"@type\":\"Person\",\"@id\":\"http:\/\/elregionalvm.com.ar\/noticias-villa-maria\/#\/schema\/person\/d5e4b04966154131701e52c45d3efec9\",\"name\":\"Germ\u00e1n Giacchero\",\"image\":{\"@type\":\"ImageObject\",\"inLanguage\":\"es\",\"@id\":\"http:\/\/elregionalvm.com.ar\/noticias-villa-maria\/#\/schema\/person\/image\/\",\"url\":\"https:\/\/secure.gravatar.com\/avatar\/fda163ba5ef0307ee5be9846e10f83b6e83d0cfb260d3b2464830318894c6b04?s=96&d=mm&r=g\",\"contentUrl\":\"https:\/\/secure.gravatar.com\/avatar\/fda163ba5ef0307ee5be9846e10f83b6e83d0cfb260d3b2464830318894c6b04?s=96&d=mm&r=g\",\"caption\":\"Germ\u00e1n Giacchero\"},\"url\":\"https:\/\/elregionalvm.com.ar\/noticias-villa-maria\/author\/germangiacchero\/\"}]}<\/script>\n<!-- \/ Yoast SEO plugin. -->","yoast_head_json":{"title":"Carrilobo: Un detenido y cierre de un punto de venta de drogas - El Regional","description":"FPA cerr\u00f3 un punto de venta de drogas y detuvo a un sujeto de 23 a\u00f1os de edad acusado de comercializaci\u00f3n de estupefacientes en Carrilobo.","robots":{"index":"index","follow":"follow","max-snippet":"max-snippet:-1","max-image-preview":"max-image-preview:large","max-video-preview":"max-video-preview:-1"},"canonical":"http:\/\/elregionalvm.com.ar\/noticias-villa-maria\/carrilobo-un-detenido-y-cierre-de-un-punto-de-venta-de-drogas\/","og_locale":"es_ES","og_type":"article","og_title":"Carrilobo: Un detenido y cierre de un punto de venta de drogas - El Regional","og_description":"FPA cerr\u00f3 un punto de venta de drogas y detuvo a un sujeto de 23 a\u00f1os de edad acusado de comercializaci\u00f3n de estupefacientes en Carrilobo.","og_url":"http:\/\/elregionalvm.com.ar\/noticias-villa-maria\/carrilobo-un-detenido-y-cierre-de-un-punto-de-venta-de-drogas\/","og_site_name":"El Regional","article_publisher":"https:\/\/www.facebook.com\/elregionalvm","article_published_time":"2022-02-05T15:33:27+00:00","article_modified_time":"2022-02-05T15:33:28+00:00","og_image":[{"width":768,"height":576,"url":"http:\/\/elregionalvm.com.ar\/noticias-villa-maria\/wp-content\/uploads\/2022\/02\/Carrilobo-venta-de-drogas.jpeg","type":"image\/jpeg"}],"author":"Germ\u00e1n Giacchero","twitter_card":"summary_large_image","twitter_creator":"@elregionalvm1","twitter_site":"@elregionalvm1","twitter_misc":{"Escrito por":"Germ\u00e1n Giacchero","Tiempo de lectura":"1 minuto"},"schema":{"@context":"https:\/\/schema.org","@graph":[{"@type":"Article","@id":"http:\/\/elregionalvm.com.ar\/noticias-villa-maria\/carrilobo-un-detenido-y-cierre-de-un-punto-de-venta-de-drogas\/#article","isPartOf":{"@id":"http:\/\/elregionalvm.com.ar\/noticias-villa-maria\/carrilobo-un-detenido-y-cierre-de-un-punto-de-venta-de-drogas\/"},"author":{"name":"Germ\u00e1n Giacchero","@id":"http:\/\/elregionalvm.com.ar\/noticias-villa-maria\/#\/schema\/person\/d5e4b04966154131701e52c45d3efec9"},"headline":"Carrilobo: Un detenido y cierre de un punto de venta de drogas","datePublished":"2022-02-05T15:33:27+00:00","dateModified":"2022-02-05T15:33:28+00:00","mainEntityOfPage":{"@id":"http:\/\/elregionalvm.com.ar\/noticias-villa-maria\/carrilobo-un-detenido-y-cierre-de-un-punto-de-venta-de-drogas\/"},"wordCount":192,"commentCount":0,"image":{"@id":"http:\/\/elregionalvm.com.ar\/noticias-villa-maria\/carrilobo-un-detenido-y-cierre-de-un-punto-de-venta-de-drogas\/#primaryimage"},"thumbnailUrl":"https:\/\/i0.wp.com\/elregionalvm.com.ar\/noticias-villa-maria\/wp-content\/uploads\/2022\/02\/Carrilobo-venta-de-drogas.jpeg?fit=768%2C576&ssl=1","keywords":["Carrilobo","destacado","detenido","Drogas","FPA","venta de drogas"],"articleSection":["Policiales","Regi\u00f3n"],"inLanguage":"es","potentialAction":[{"@type":"CommentAction","name":"Comment","target":["http:\/\/elregionalvm.com.ar\/noticias-villa-maria\/carrilobo-un-detenido-y-cierre-de-un-punto-de-venta-de-drogas\/#respond"]}]},{"@type":"WebPage","@id":"http:\/\/elregionalvm.com.ar\/noticias-villa-maria\/carrilobo-un-detenido-y-cierre-de-un-punto-de-venta-de-drogas\/","url":"http:\/\/elregionalvm.com.ar\/noticias-villa-maria\/carrilobo-un-detenido-y-cierre-de-un-punto-de-venta-de-drogas\/","name":"Carrilobo: Un detenido y cierre de un punto de venta de drogas - El Regional","isPartOf":{"@id":"http:\/\/elregionalvm.com.ar\/noticias-villa-maria\/#website"},"primaryImageOfPage":{"@id":"http:\/\/elregionalvm.com.ar\/noticias-villa-maria\/carrilobo-un-detenido-y-cierre-de-un-punto-de-venta-de-drogas\/#primaryimage"},"image":{"@id":"http:\/\/elregionalvm.com.ar\/noticias-villa-maria\/carrilobo-un-detenido-y-cierre-de-un-punto-de-venta-de-drogas\/#primaryimage"},"thumbnailUrl":"https:\/\/i0.wp.com\/elregionalvm.com.ar\/noticias-villa-maria\/wp-content\/uploads\/2022\/02\/Carrilobo-venta-de-drogas.jpeg?fit=768%2C576&ssl=1","datePublished":"2022-02-05T15:33:27+00:00","dateModified":"2022-02-05T15:33:28+00:00","author":{"@id":"http:\/\/elregionalvm.com.ar\/noticias-villa-maria\/#\/schema\/person\/d5e4b04966154131701e52c45d3efec9"},"description":"FPA cerr\u00f3 un punto de venta de drogas y detuvo a un sujeto de 23 a\u00f1os de edad acusado de comercializaci\u00f3n de estupefacientes en Carrilobo.","breadcrumb":{"@id":"http:\/\/elregionalvm.com.ar\/noticias-villa-maria\/carrilobo-un-detenido-y-cierre-de-un-punto-de-venta-de-drogas\/#breadcrumb"},"inLanguage":"es","potentialAction":[{"@type":"ReadAction","target":["http:\/\/elregionalvm.com.ar\/noticias-villa-maria\/carrilobo-un-detenido-y-cierre-de-un-punto-de-venta-de-drogas\/"]}]},{"@type":"ImageObject","inLanguage":"es","@id":"http:\/\/elregionalvm.com.ar\/noticias-villa-maria\/carrilobo-un-detenido-y-cierre-de-un-punto-de-venta-de-drogas\/#primaryimage","url":"https:\/\/i0.wp.com\/elregionalvm.com.ar\/noticias-villa-maria\/wp-content\/uploads\/2022\/02\/Carrilobo-venta-de-drogas.jpeg?fit=768%2C576&ssl=1","contentUrl":"https:\/\/i0.wp.com\/elregionalvm.com.ar\/noticias-villa-maria\/wp-content\/uploads\/2022\/02\/Carrilobo-venta-de-drogas.jpeg?fit=768%2C576&ssl=1","width":768,"height":576},{"@type":"BreadcrumbList","@id":"http:\/\/elregionalvm.com.ar\/noticias-villa-maria\/carrilobo-un-detenido-y-cierre-de-un-punto-de-venta-de-drogas\/#breadcrumb","itemListElement":[{"@type":"ListItem","position":1,"name":"Portada","item":"https:\/\/elregionalvm.com.ar\/noticias-villa-maria\/"},{"@type":"ListItem","position":2,"name":"Carrilobo: Un detenido y cierre de un punto de venta de drogas"}]},{"@type":"WebSite","@id":"http:\/\/elregionalvm.com.ar\/noticias-villa-maria\/#website","url":"http:\/\/elregionalvm.com.ar\/noticias-villa-maria\/","name":"El Regional","description":"Mucho m\u00e1s que informaci\u00f3n","potentialAction":[{"@type":"SearchAction","target":{"@type":"EntryPoint","urlTemplate":"http:\/\/elregionalvm.com.ar\/noticias-villa-maria\/?s={search_term_string}"},"query-input":{"@type":"PropertyValueSpecification","valueRequired":true,"valueName":"search_term_string"}}],"inLanguage":"es"},{"@type":"Person","@id":"http:\/\/elregionalvm.com.ar\/noticias-villa-maria\/#\/schema\/person\/d5e4b04966154131701e52c45d3efec9","name":"Germ\u00e1n Giacchero","image":{"@type":"ImageObject","inLanguage":"es","@id":"http:\/\/elregionalvm.com.ar\/noticias-villa-maria\/#\/schema\/person\/image\/","url":"https:\/\/secure.gravatar.com\/avatar\/fda163ba5ef0307ee5be9846e10f83b6e83d0cfb260d3b2464830318894c6b04?s=96&d=mm&r=g","contentUrl":"https:\/\/secure.gravatar.com\/avatar\/fda163ba5ef0307ee5be9846e10f83b6e83d0cfb260d3b2464830318894c6b04?s=96&d=mm&r=g","caption":"Germ\u00e1n Giacchero"},"url":"https:\/\/elregionalvm.com.ar\/noticias-villa-maria\/author\/germangiacchero\/"}]}},"jetpack_featured_media_url":"https:\/\/i0.wp.com\/elregionalvm.com.ar\/noticias-villa-maria\/wp-content\/uploads\/2022\/02\/Carrilobo-venta-de-drogas.jpeg?fit=768%2C576&ssl=1","jetpack_sharing_enabled":true,"_links":{"self":[{"href":"https:\/\/elregionalvm.com.ar\/noticias-villa-maria\/wp-json\/wp\/v2\/posts\/52168","targetHints":{"allow":["GET"]}}],"collection":[{"href":"https:\/\/elregionalvm.com.ar\/noticias-villa-maria\/wp-json\/wp\/v2\/posts"}],"about":[{"href":"https:\/\/elregionalvm.com.ar\/noticias-villa-maria\/wp-json\/wp\/v2\/types\/post"}],"author":[{"embeddable":true,"href":"https:\/\/elregionalvm.com.ar\/noticias-villa-maria\/wp-json\/wp\/v2\/users\/6"}],"replies":[{"embeddable":true,"href":"https:\/\/elregionalvm.com.ar\/noticias-villa-maria\/wp-json\/wp\/v2\/comments?post=52168"}],"version-history":[{"count":1,"href":"https:\/\/elregionalvm.com.ar\/noticias-villa-maria\/wp-json\/wp\/v2\/posts\/52168\/revisions"}],"predecessor-version":[{"id":52171,"href":"https:\/\/elregionalvm.com.ar\/noticias-villa-maria\/wp-json\/wp\/v2\/posts\/52168\/revisions\/52171"}],"wp:featuredmedia":[{"embeddable":true,"href":"https:\/\/elregionalvm.com.ar\/noticias-villa-maria\/wp-json\/wp\/v2\/media\/52170"}],"wp:attachment":[{"href":"https:\/\/elregionalvm.com.ar\/noticias-villa-maria\/wp-json\/wp\/v2\/media?parent=52168"}],"wp:term":[{"taxonomy":"category","embeddable":true,"href":"https:\/\/elregionalvm.com.ar\/noticias-villa-maria\/wp-json\/wp\/v2\/categories?post=52168"},{"taxonomy":"post_tag","embeddable":true,"href":"https:\/\/elregionalvm.com.ar\/noticias-villa-maria\/wp-json\/wp\/v2\/tags?post=52168"}],"curies":[{"name":"wp","href":"https:\/\/api.w.org\/{rel}","templated":true}]}}