{"id":52172,"date":"2022-02-05T16:11:39","date_gmt":"2022-02-05T16:11:39","guid":{"rendered":"https:\/\/elregionalvm.com.ar\/noticias-villa-maria\/?p=52172"},"modified":"2022-02-05T16:14:49","modified_gmt":"2022-02-05T16:14:49","slug":"ticino-invitan-a-revivir-la-historia-del-pueblo-en-el-aniversario-111","status":"publish","type":"post","link":"https:\/\/elregionalvm.com.ar\/noticias-villa-maria\/ticino-invitan-a-revivir-la-historia-del-pueblo-en-el-aniversario-111\/","title":{"rendered":"Ticino: Invitan a revivir la historia del pueblo en el aniversario 111"},"content":{"rendered":"\n<p><\/p>\n\n\n\n<p>Este domingo 6 de febrero, Ticino celebra su aniversario n\u00famero 111. Desde el a\u00f1o pasado, el tradicional festejo que antes se realizaba en simult\u00e1neo con las patronales del 15 de agosto, se desarrolla en esta jornada.<\/p>\n\n\n\n<p>Desde el municipio, invitan a \u201crevivir juntos nuestra historia\u201d en un evento que se realizar\u00e1 desde las 19.30 horas en el polideportivo municipal, al lado del SUM, en el predio del ferrocarril.<\/p>\n\n\n\n<p>\u201cDesde hace un tiempo venimos trabajando para resguardar nuestra historia, conocerla y cuidarla. Realizamos trabajos de investigaci\u00f3n, recopilaci\u00f3n de documentos y de relatos. Todos estos aportes nos nutren para el comienzo del armado de nuestro Archivo Hist\u00f3rico Municipal\u201d, indic\u00f3 el gobierno ticinense en la invitaci\u00f3n a los vecinos.<\/p>\n\n\n\n<p><\/p>\n\n\n\n<figure class=\"wp-block-image size-full\"><img data-recalc-dims=\"1\" fetchpriority=\"high\" decoding=\"async\" width=\"800\" height=\"526\" src=\"https:\/\/i0.wp.com\/elregionalvm.com.ar\/noticias-villa-maria\/wp-content\/uploads\/2022\/02\/Ticino-antigua-agua.jpg?resize=800%2C526&#038;ssl=1\" alt=\"\" class=\"wp-image-52173\" srcset=\"https:\/\/i0.wp.com\/elregionalvm.com.ar\/noticias-villa-maria\/wp-content\/uploads\/2022\/02\/Ticino-antigua-agua.jpg?w=800&amp;ssl=1 800w, https:\/\/i0.wp.com\/elregionalvm.com.ar\/noticias-villa-maria\/wp-content\/uploads\/2022\/02\/Ticino-antigua-agua.jpg?resize=300%2C197&amp;ssl=1 300w, https:\/\/i0.wp.com\/elregionalvm.com.ar\/noticias-villa-maria\/wp-content\/uploads\/2022\/02\/Ticino-antigua-agua.jpg?resize=768%2C505&amp;ssl=1 768w\" sizes=\"(max-width: 800px) 100vw, 800px\" \/><figcaption><em>Una de las im\u00e1genes difundidas para invitar a los vecinos a hacer memoria. <\/em><\/figcaption><\/figure>\n\n\n\n<p><\/p>\n\n\n\n<p>En el festejo, se mostrar\u00e1 parte del trabajo desarrollado para recuperar y revalorizar la historia del pueblo a lo largo de m\u00e1s de un siglo de vida.<\/p>\n\n\n\n<p>Por eso, en el acto se contar\u00e1 con la presencia del escritor e historiador Daniel Pomba. Tambi\u00e9n formar\u00e1 parte el profesor de Historia Germ\u00e1n Bicego, quien estuvo colaborando en la b\u00fasqueda de informaci\u00f3n sobre la historia local.<\/p>\n\n\n\n<p>En el evento, tambi\u00e9n habr\u00e1 una feria de emprendedores, participar\u00e1n artistas locales y actuar\u00e1 la banda \u201cThe Covers\u201d.<\/p>\n\n\n\n<p><strong>6 de febrero<\/strong><\/p>\n\n\n\n<p>Este d\u00eda se celebra el aniversario fundacional, ocurrido en 1911. En 2021, el municipio present\u00f3 el Himno a Ticino e inaugur\u00f3 un monumento a los fundadores, en el que por primera vez se pudieron apreciar los rostros de Riccardo Simonini y Giovanni Thiele.<\/p>\n\n\n\n<p>Entonces, tambi\u00e9n hubo un di\u00e1logo v\u00eda videollamada con Europa, con descendientes y familiares directos tanto de Simonini como de Juan Thiele, los iniciadores de la historia del poblado ticinense.<\/p>\n\n\n\n<p><\/p>\n\n\n\n<figure class=\"wp-block-image size-large\"><img data-recalc-dims=\"1\" decoding=\"async\" width=\"1024\" height=\"613\" src=\"https:\/\/i0.wp.com\/elregionalvm.com.ar\/noticias-villa-maria\/wp-content\/uploads\/2022\/02\/Ticino-antigua-gente-corriendo.jpg?resize=1024%2C613&#038;ssl=1\" alt=\"\" class=\"wp-image-52175\" srcset=\"https:\/\/i0.wp.com\/elregionalvm.com.ar\/noticias-villa-maria\/wp-content\/uploads\/2022\/02\/Ticino-antigua-gente-corriendo.jpg?resize=1024%2C613&amp;ssl=1 1024w, https:\/\/i0.wp.com\/elregionalvm.com.ar\/noticias-villa-maria\/wp-content\/uploads\/2022\/02\/Ticino-antigua-gente-corriendo.jpg?resize=300%2C179&amp;ssl=1 300w, https:\/\/i0.wp.com\/elregionalvm.com.ar\/noticias-villa-maria\/wp-content\/uploads\/2022\/02\/Ticino-antigua-gente-corriendo.jpg?resize=768%2C459&amp;ssl=1 768w, https:\/\/i0.wp.com\/elregionalvm.com.ar\/noticias-villa-maria\/wp-content\/uploads\/2022\/02\/Ticino-antigua-gente-corriendo.jpg?w=1105&amp;ssl=1 1105w\" sizes=\"(max-width: 1000px) 100vw, 1000px\" \/><figcaption><em>Otra imagen que invitaba a recordar nombres, lugares y momentos ticinenses. <\/em><\/figcaption><\/figure>\n","protected":false},"excerpt":{"rendered":"<p>Este domingo 6 de febrero, Ticino celebra su aniversario n\u00famero 111. Desde el a\u00f1o pasado, el tradicional festejo que antes se realizaba en simult\u00e1neo con las patronales del 15 de agosto, se desarrolla en esta jornada. Desde el municipio, invitan a \u201crevivir juntos nuestra historia\u201d en un evento que se realizar\u00e1 desde las 19.30 horas [&hellip;]<\/p>\n","protected":false},"author":4,"featured_media":52174,"comment_status":"open","ping_status":"open","sticky":false,"template":"","format":"standard","meta":{"site-sidebar-layout":"default","site-content-layout":"default","ast-site-content-layout":"default","site-content-style":"default","site-sidebar-style":"default","ast-global-header-display":"","ast-banner-title-visibility":"","ast-main-header-display":"","ast-hfb-above-header-display":"","ast-hfb-below-header-display":"","ast-hfb-mobile-header-display":"","site-post-title":"","ast-breadcrumbs-content":"","ast-featured-img":"","footer-sml-layout":"","ast-disable-related-posts":"","theme-transparent-header-meta":"default","adv-header-id-meta":"","stick-header-meta":"","header-above-stick-meta":"","header-main-stick-meta":"","header-below-stick-meta":"","astra-migrate-meta-layouts":"default","ast-page-background-enabled":"default","ast-page-background-meta":{"desktop":{"background-color":"","background-image":"","background-repeat":"repeat","background-position":"center center","background-size":"auto","background-attachment":"scroll","background-type":"","background-media":"","overlay-type":"","overlay-color":"","overlay-opacity":"","overlay-gradient":""},"tablet":{"background-color":"","background-image":"","background-repeat":"repeat","background-position":"center center","background-size":"auto","background-attachment":"scroll","background-type":"","background-media":"","overlay-type":"","overlay-color":"","overlay-opacity":"","overlay-gradient":""},"mobile":{"background-color":"","background-image":"","background-repeat":"repeat","background-position":"center center","background-size":"auto","background-attachment":"scroll","background-type":"","background-media":"","overlay-type":"","overlay-color":"","overlay-opacity":"","overlay-gradient":""}},"ast-content-background-meta":{"desktop":{"background-color":"var(--ast-global-color-5)","background-image":"","background-repeat":"repeat","background-position":"center center","background-size":"auto","background-attachment":"scroll","background-type":"","background-media":"","overlay-type":"","overlay-color":"","overlay-opacity":"","overlay-gradient":""},"tablet":{"background-color":"var(--ast-global-color-5)","background-image":"","background-repeat":"repeat","background-position":"center center","background-size":"auto","background-attachment":"scroll","background-type":"","background-media":"","overlay-type":"","overlay-color":"","overlay-opacity":"","overlay-gradient":""},"mobile":{"background-color":"var(--ast-global-color-5)","background-image":"","background-repeat":"repeat","background-position":"center center","background-size":"auto","background-attachment":"scroll","background-type":"","background-media":"","overlay-type":"","overlay-color":"","overlay-opacity":"","overlay-gradient":""}},"_jetpack_memberships_contains_paid_content":false,"_joinchat":[],"footnotes":""},"categories":[2091],"tags":[6984,1223,13531,1232,2290,10714,598],"class_list":["post-52172","post","type-post","status-publish","format-standard","has-post-thumbnail","hentry","category-region","tag-6-de-febrero","tag-aniversario","tag-daniel-pomba","tag-destacado","tag-ferrocarril","tag-festejo","tag-ticino"],"yoast_head":"<!-- This site is optimized with the Yoast SEO plugin v26.8 - https:\/\/yoast.com\/product\/yoast-seo-wordpress\/ -->\n<title>Ticino: Invitan a revivir la historia del pueblo en el aniversario 111 - El Regional<\/title>\n<meta name=\"description\" content=\"En Ticino, invitan a \u201crevivir juntos nuestra historia\u201d en un evento que se realizar\u00e1 desde las 19.30 horas en el polideportivo municipal.\" \/>\n<meta name=\"robots\" content=\"index, follow, max-snippet:-1, max-image-preview:large, max-video-preview:-1\" \/>\n<link rel=\"canonical\" href=\"http:\/\/elregionalvm.com.ar\/noticias-villa-maria\/ticino-invitan-a-revivir-la-historia-del-pueblo-en-el-aniversario-111\/\" \/>\n<meta property=\"og:locale\" content=\"es_ES\" \/>\n<meta property=\"og:type\" content=\"article\" \/>\n<meta property=\"og:title\" content=\"Ticino: Invitan a revivir la historia del pueblo en el aniversario 111 - El Regional\" \/>\n<meta property=\"og:description\" content=\"En Ticino, invitan a \u201crevivir juntos nuestra historia\u201d en un evento que se realizar\u00e1 desde las 19.30 horas en el polideportivo municipal.\" \/>\n<meta property=\"og:url\" content=\"http:\/\/elregionalvm.com.ar\/noticias-villa-maria\/ticino-invitan-a-revivir-la-historia-del-pueblo-en-el-aniversario-111\/\" \/>\n<meta property=\"og:site_name\" content=\"El Regional\" \/>\n<meta property=\"article:publisher\" content=\"https:\/\/www.facebook.com\/elregionalvm\" \/>\n<meta property=\"article:published_time\" content=\"2022-02-05T16:11:39+00:00\" \/>\n<meta property=\"article:modified_time\" content=\"2022-02-05T16:14:49+00:00\" \/>\n<meta property=\"og:image\" content=\"http:\/\/elregionalvm.com.ar\/noticias-villa-maria\/wp-content\/uploads\/2022\/02\/Ticino-antigua-auto-familia.jpg\" \/>\n\t<meta property=\"og:image:width\" content=\"697\" \/>\n\t<meta property=\"og:image:height\" content=\"469\" \/>\n\t<meta property=\"og:image:type\" content=\"image\/jpeg\" \/>\n<meta name=\"author\" content=\"Contenidos El Regional\" \/>\n<meta name=\"twitter:card\" content=\"summary_large_image\" \/>\n<meta name=\"twitter:creator\" content=\"@elregionalvm1\" \/>\n<meta name=\"twitter:site\" content=\"@elregionalvm1\" \/>\n<meta name=\"twitter:label1\" content=\"Escrito por\" \/>\n\t<meta name=\"twitter:data1\" content=\"Contenidos El Regional\" \/>\n\t<meta name=\"twitter:label2\" content=\"Tiempo de lectura\" \/>\n\t<meta name=\"twitter:data2\" content=\"2 minutos\" \/>\n<script type=\"application\/ld+json\" class=\"yoast-schema-graph\">{\"@context\":\"https:\/\/schema.org\",\"@graph\":[{\"@type\":\"Article\",\"@id\":\"http:\/\/elregionalvm.com.ar\/noticias-villa-maria\/ticino-invitan-a-revivir-la-historia-del-pueblo-en-el-aniversario-111\/#article\",\"isPartOf\":{\"@id\":\"http:\/\/elregionalvm.com.ar\/noticias-villa-maria\/ticino-invitan-a-revivir-la-historia-del-pueblo-en-el-aniversario-111\/\"},\"author\":{\"name\":\"Contenidos El Regional\",\"@id\":\"http:\/\/elregionalvm.com.ar\/noticias-villa-maria\/#\/schema\/person\/a0fb9c422317faca23d50163151bc354\"},\"headline\":\"Ticino: Invitan a revivir la historia del pueblo en el aniversario 111\",\"datePublished\":\"2022-02-05T16:11:39+00:00\",\"dateModified\":\"2022-02-05T16:14:49+00:00\",\"mainEntityOfPage\":{\"@id\":\"http:\/\/elregionalvm.com.ar\/noticias-villa-maria\/ticino-invitan-a-revivir-la-historia-del-pueblo-en-el-aniversario-111\/\"},\"wordCount\":320,\"commentCount\":0,\"image\":{\"@id\":\"http:\/\/elregionalvm.com.ar\/noticias-villa-maria\/ticino-invitan-a-revivir-la-historia-del-pueblo-en-el-aniversario-111\/#primaryimage\"},\"thumbnailUrl\":\"https:\/\/i0.wp.com\/elregionalvm.com.ar\/noticias-villa-maria\/wp-content\/uploads\/2022\/02\/Ticino-antigua-auto-familia.jpg?fit=697%2C469&ssl=1\",\"keywords\":[\"6 de febrero\",\"Aniversario\",\"Daniel Pomba\",\"destacado\",\"Ferrocarril\",\"festejo\",\"Ticino\"],\"articleSection\":[\"Regi\u00f3n\"],\"inLanguage\":\"es\",\"potentialAction\":[{\"@type\":\"CommentAction\",\"name\":\"Comment\",\"target\":[\"http:\/\/elregionalvm.com.ar\/noticias-villa-maria\/ticino-invitan-a-revivir-la-historia-del-pueblo-en-el-aniversario-111\/#respond\"]}]},{\"@type\":\"WebPage\",\"@id\":\"http:\/\/elregionalvm.com.ar\/noticias-villa-maria\/ticino-invitan-a-revivir-la-historia-del-pueblo-en-el-aniversario-111\/\",\"url\":\"http:\/\/elregionalvm.com.ar\/noticias-villa-maria\/ticino-invitan-a-revivir-la-historia-del-pueblo-en-el-aniversario-111\/\",\"name\":\"Ticino: Invitan a revivir la historia del pueblo en el aniversario 111 - El Regional\",\"isPartOf\":{\"@id\":\"http:\/\/elregionalvm.com.ar\/noticias-villa-maria\/#website\"},\"primaryImageOfPage\":{\"@id\":\"http:\/\/elregionalvm.com.ar\/noticias-villa-maria\/ticino-invitan-a-revivir-la-historia-del-pueblo-en-el-aniversario-111\/#primaryimage\"},\"image\":{\"@id\":\"http:\/\/elregionalvm.com.ar\/noticias-villa-maria\/ticino-invitan-a-revivir-la-historia-del-pueblo-en-el-aniversario-111\/#primaryimage\"},\"thumbnailUrl\":\"https:\/\/i0.wp.com\/elregionalvm.com.ar\/noticias-villa-maria\/wp-content\/uploads\/2022\/02\/Ticino-antigua-auto-familia.jpg?fit=697%2C469&ssl=1\",\"datePublished\":\"2022-02-05T16:11:39+00:00\",\"dateModified\":\"2022-02-05T16:14:49+00:00\",\"author\":{\"@id\":\"http:\/\/elregionalvm.com.ar\/noticias-villa-maria\/#\/schema\/person\/a0fb9c422317faca23d50163151bc354\"},\"description\":\"En Ticino, invitan a \u201crevivir juntos nuestra historia\u201d en un evento que se realizar\u00e1 desde las 19.30 horas en el polideportivo municipal.\",\"breadcrumb\":{\"@id\":\"http:\/\/elregionalvm.com.ar\/noticias-villa-maria\/ticino-invitan-a-revivir-la-historia-del-pueblo-en-el-aniversario-111\/#breadcrumb\"},\"inLanguage\":\"es\",\"potentialAction\":[{\"@type\":\"ReadAction\",\"target\":[\"http:\/\/elregionalvm.com.ar\/noticias-villa-maria\/ticino-invitan-a-revivir-la-historia-del-pueblo-en-el-aniversario-111\/\"]}]},{\"@type\":\"ImageObject\",\"inLanguage\":\"es\",\"@id\":\"http:\/\/elregionalvm.com.ar\/noticias-villa-maria\/ticino-invitan-a-revivir-la-historia-del-pueblo-en-el-aniversario-111\/#primaryimage\",\"url\":\"https:\/\/i0.wp.com\/elregionalvm.com.ar\/noticias-villa-maria\/wp-content\/uploads\/2022\/02\/Ticino-antigua-auto-familia.jpg?fit=697%2C469&ssl=1\",\"contentUrl\":\"https:\/\/i0.wp.com\/elregionalvm.com.ar\/noticias-villa-maria\/wp-content\/uploads\/2022\/02\/Ticino-antigua-auto-familia.jpg?fit=697%2C469&ssl=1\",\"width\":697,\"height\":469},{\"@type\":\"BreadcrumbList\",\"@id\":\"http:\/\/elregionalvm.com.ar\/noticias-villa-maria\/ticino-invitan-a-revivir-la-historia-del-pueblo-en-el-aniversario-111\/#breadcrumb\",\"itemListElement\":[{\"@type\":\"ListItem\",\"position\":1,\"name\":\"Portada\",\"item\":\"https:\/\/elregionalvm.com.ar\/noticias-villa-maria\/\"},{\"@type\":\"ListItem\",\"position\":2,\"name\":\"Ticino: Invitan a revivir la historia del pueblo en el aniversario 111\"}]},{\"@type\":\"WebSite\",\"@id\":\"http:\/\/elregionalvm.com.ar\/noticias-villa-maria\/#website\",\"url\":\"http:\/\/elregionalvm.com.ar\/noticias-villa-maria\/\",\"name\":\"El Regional\",\"description\":\"Mucho m\u00e1s que informaci\u00f3n\",\"potentialAction\":[{\"@type\":\"SearchAction\",\"target\":{\"@type\":\"EntryPoint\",\"urlTemplate\":\"http:\/\/elregionalvm.com.ar\/noticias-villa-maria\/?s={search_term_string}\"},\"query-input\":{\"@type\":\"PropertyValueSpecification\",\"valueRequired\":true,\"valueName\":\"search_term_string\"}}],\"inLanguage\":\"es\"},{\"@type\":\"Person\",\"@id\":\"http:\/\/elregionalvm.com.ar\/noticias-villa-maria\/#\/schema\/person\/a0fb9c422317faca23d50163151bc354\",\"name\":\"Contenidos El Regional\",\"image\":{\"@type\":\"ImageObject\",\"inLanguage\":\"es\",\"@id\":\"http:\/\/elregionalvm.com.ar\/noticias-villa-maria\/#\/schema\/person\/image\/\",\"url\":\"https:\/\/secure.gravatar.com\/avatar\/265b27cb2209af7bb3a1318f03305787d7981a5cc6e6cd08fe5a4ecdf99d4b48?s=96&d=mm&r=g\",\"contentUrl\":\"https:\/\/secure.gravatar.com\/avatar\/265b27cb2209af7bb3a1318f03305787d7981a5cc6e6cd08fe5a4ecdf99d4b48?s=96&d=mm&r=g\",\"caption\":\"Contenidos El Regional\"},\"url\":\"https:\/\/elregionalvm.com.ar\/noticias-villa-maria\/author\/contenido\/\"}]}<\/script>\n<!-- \/ Yoast SEO plugin. -->","yoast_head_json":{"title":"Ticino: Invitan a revivir la historia del pueblo en el aniversario 111 - El Regional","description":"En Ticino, invitan a \u201crevivir juntos nuestra historia\u201d en un evento que se realizar\u00e1 desde las 19.30 horas en el polideportivo municipal.","robots":{"index":"index","follow":"follow","max-snippet":"max-snippet:-1","max-image-preview":"max-image-preview:large","max-video-preview":"max-video-preview:-1"},"canonical":"http:\/\/elregionalvm.com.ar\/noticias-villa-maria\/ticino-invitan-a-revivir-la-historia-del-pueblo-en-el-aniversario-111\/","og_locale":"es_ES","og_type":"article","og_title":"Ticino: Invitan a revivir la historia del pueblo en el aniversario 111 - El Regional","og_description":"En Ticino, invitan a \u201crevivir juntos nuestra historia\u201d en un evento que se realizar\u00e1 desde las 19.30 horas en el polideportivo municipal.","og_url":"http:\/\/elregionalvm.com.ar\/noticias-villa-maria\/ticino-invitan-a-revivir-la-historia-del-pueblo-en-el-aniversario-111\/","og_site_name":"El Regional","article_publisher":"https:\/\/www.facebook.com\/elregionalvm","article_published_time":"2022-02-05T16:11:39+00:00","article_modified_time":"2022-02-05T16:14:49+00:00","og_image":[{"width":697,"height":469,"url":"http:\/\/elregionalvm.com.ar\/noticias-villa-maria\/wp-content\/uploads\/2022\/02\/Ticino-antigua-auto-familia.jpg","type":"image\/jpeg"}],"author":"Contenidos El Regional","twitter_card":"summary_large_image","twitter_creator":"@elregionalvm1","twitter_site":"@elregionalvm1","twitter_misc":{"Escrito por":"Contenidos El Regional","Tiempo de lectura":"2 minutos"},"schema":{"@context":"https:\/\/schema.org","@graph":[{"@type":"Article","@id":"http:\/\/elregionalvm.com.ar\/noticias-villa-maria\/ticino-invitan-a-revivir-la-historia-del-pueblo-en-el-aniversario-111\/#article","isPartOf":{"@id":"http:\/\/elregionalvm.com.ar\/noticias-villa-maria\/ticino-invitan-a-revivir-la-historia-del-pueblo-en-el-aniversario-111\/"},"author":{"name":"Contenidos El Regional","@id":"http:\/\/elregionalvm.com.ar\/noticias-villa-maria\/#\/schema\/person\/a0fb9c422317faca23d50163151bc354"},"headline":"Ticino: Invitan a revivir la historia del pueblo en el aniversario 111","datePublished":"2022-02-05T16:11:39+00:00","dateModified":"2022-02-05T16:14:49+00:00","mainEntityOfPage":{"@id":"http:\/\/elregionalvm.com.ar\/noticias-villa-maria\/ticino-invitan-a-revivir-la-historia-del-pueblo-en-el-aniversario-111\/"},"wordCount":320,"commentCount":0,"image":{"@id":"http:\/\/elregionalvm.com.ar\/noticias-villa-maria\/ticino-invitan-a-revivir-la-historia-del-pueblo-en-el-aniversario-111\/#primaryimage"},"thumbnailUrl":"https:\/\/i0.wp.com\/elregionalvm.com.ar\/noticias-villa-maria\/wp-content\/uploads\/2022\/02\/Ticino-antigua-auto-familia.jpg?fit=697%2C469&ssl=1","keywords":["6 de febrero","Aniversario","Daniel Pomba","destacado","Ferrocarril","festejo","Ticino"],"articleSection":["Regi\u00f3n"],"inLanguage":"es","potentialAction":[{"@type":"CommentAction","name":"Comment","target":["http:\/\/elregionalvm.com.ar\/noticias-villa-maria\/ticino-invitan-a-revivir-la-historia-del-pueblo-en-el-aniversario-111\/#respond"]}]},{"@type":"WebPage","@id":"http:\/\/elregionalvm.com.ar\/noticias-villa-maria\/ticino-invitan-a-revivir-la-historia-del-pueblo-en-el-aniversario-111\/","url":"http:\/\/elregionalvm.com.ar\/noticias-villa-maria\/ticino-invitan-a-revivir-la-historia-del-pueblo-en-el-aniversario-111\/","name":"Ticino: Invitan a revivir la historia del pueblo en el aniversario 111 - El Regional","isPartOf":{"@id":"http:\/\/elregionalvm.com.ar\/noticias-villa-maria\/#website"},"primaryImageOfPage":{"@id":"http:\/\/elregionalvm.com.ar\/noticias-villa-maria\/ticino-invitan-a-revivir-la-historia-del-pueblo-en-el-aniversario-111\/#primaryimage"},"image":{"@id":"http:\/\/elregionalvm.com.ar\/noticias-villa-maria\/ticino-invitan-a-revivir-la-historia-del-pueblo-en-el-aniversario-111\/#primaryimage"},"thumbnailUrl":"https:\/\/i0.wp.com\/elregionalvm.com.ar\/noticias-villa-maria\/wp-content\/uploads\/2022\/02\/Ticino-antigua-auto-familia.jpg?fit=697%2C469&ssl=1","datePublished":"2022-02-05T16:11:39+00:00","dateModified":"2022-02-05T16:14:49+00:00","author":{"@id":"http:\/\/elregionalvm.com.ar\/noticias-villa-maria\/#\/schema\/person\/a0fb9c422317faca23d50163151bc354"},"description":"En Ticino, invitan a \u201crevivir juntos nuestra historia\u201d en un evento que se realizar\u00e1 desde las 19.30 horas en el polideportivo municipal.","breadcrumb":{"@id":"http:\/\/elregionalvm.com.ar\/noticias-villa-maria\/ticino-invitan-a-revivir-la-historia-del-pueblo-en-el-aniversario-111\/#breadcrumb"},"inLanguage":"es","potentialAction":[{"@type":"ReadAction","target":["http:\/\/elregionalvm.com.ar\/noticias-villa-maria\/ticino-invitan-a-revivir-la-historia-del-pueblo-en-el-aniversario-111\/"]}]},{"@type":"ImageObject","inLanguage":"es","@id":"http:\/\/elregionalvm.com.ar\/noticias-villa-maria\/ticino-invitan-a-revivir-la-historia-del-pueblo-en-el-aniversario-111\/#primaryimage","url":"https:\/\/i0.wp.com\/elregionalvm.com.ar\/noticias-villa-maria\/wp-content\/uploads\/2022\/02\/Ticino-antigua-auto-familia.jpg?fit=697%2C469&ssl=1","contentUrl":"https:\/\/i0.wp.com\/elregionalvm.com.ar\/noticias-villa-maria\/wp-content\/uploads\/2022\/02\/Ticino-antigua-auto-familia.jpg?fit=697%2C469&ssl=1","width":697,"height":469},{"@type":"BreadcrumbList","@id":"http:\/\/elregionalvm.com.ar\/noticias-villa-maria\/ticino-invitan-a-revivir-la-historia-del-pueblo-en-el-aniversario-111\/#breadcrumb","itemListElement":[{"@type":"ListItem","position":1,"name":"Portada","item":"https:\/\/elregionalvm.com.ar\/noticias-villa-maria\/"},{"@type":"ListItem","position":2,"name":"Ticino: Invitan a revivir la historia del pueblo en el aniversario 111"}]},{"@type":"WebSite","@id":"http:\/\/elregionalvm.com.ar\/noticias-villa-maria\/#website","url":"http:\/\/elregionalvm.com.ar\/noticias-villa-maria\/","name":"El Regional","description":"Mucho m\u00e1s que informaci\u00f3n","potentialAction":[{"@type":"SearchAction","target":{"@type":"EntryPoint","urlTemplate":"http:\/\/elregionalvm.com.ar\/noticias-villa-maria\/?s={search_term_string}"},"query-input":{"@type":"PropertyValueSpecification","valueRequired":true,"valueName":"search_term_string"}}],"inLanguage":"es"},{"@type":"Person","@id":"http:\/\/elregionalvm.com.ar\/noticias-villa-maria\/#\/schema\/person\/a0fb9c422317faca23d50163151bc354","name":"Contenidos El Regional","image":{"@type":"ImageObject","inLanguage":"es","@id":"http:\/\/elregionalvm.com.ar\/noticias-villa-maria\/#\/schema\/person\/image\/","url":"https:\/\/secure.gravatar.com\/avatar\/265b27cb2209af7bb3a1318f03305787d7981a5cc6e6cd08fe5a4ecdf99d4b48?s=96&d=mm&r=g","contentUrl":"https:\/\/secure.gravatar.com\/avatar\/265b27cb2209af7bb3a1318f03305787d7981a5cc6e6cd08fe5a4ecdf99d4b48?s=96&d=mm&r=g","caption":"Contenidos El Regional"},"url":"https:\/\/elregionalvm.com.ar\/noticias-villa-maria\/author\/contenido\/"}]}},"jetpack_featured_media_url":"https:\/\/i0.wp.com\/elregionalvm.com.ar\/noticias-villa-maria\/wp-content\/uploads\/2022\/02\/Ticino-antigua-auto-familia.jpg?fit=697%2C469&ssl=1","jetpack_sharing_enabled":true,"_links":{"self":[{"href":"https:\/\/elregionalvm.com.ar\/noticias-villa-maria\/wp-json\/wp\/v2\/posts\/52172","targetHints":{"allow":["GET"]}}],"collection":[{"href":"https:\/\/elregionalvm.com.ar\/noticias-villa-maria\/wp-json\/wp\/v2\/posts"}],"about":[{"href":"https:\/\/elregionalvm.com.ar\/noticias-villa-maria\/wp-json\/wp\/v2\/types\/post"}],"author":[{"embeddable":true,"href":"https:\/\/elregionalvm.com.ar\/noticias-villa-maria\/wp-json\/wp\/v2\/users\/4"}],"replies":[{"embeddable":true,"href":"https:\/\/elregionalvm.com.ar\/noticias-villa-maria\/wp-json\/wp\/v2\/comments?post=52172"}],"version-history":[{"count":1,"href":"https:\/\/elregionalvm.com.ar\/noticias-villa-maria\/wp-json\/wp\/v2\/posts\/52172\/revisions"}],"predecessor-version":[{"id":52176,"href":"https:\/\/elregionalvm.com.ar\/noticias-villa-maria\/wp-json\/wp\/v2\/posts\/52172\/revisions\/52176"}],"wp:featuredmedia":[{"embeddable":true,"href":"https:\/\/elregionalvm.com.ar\/noticias-villa-maria\/wp-json\/wp\/v2\/media\/52174"}],"wp:attachment":[{"href":"https:\/\/elregionalvm.com.ar\/noticias-villa-maria\/wp-json\/wp\/v2\/media?parent=52172"}],"wp:term":[{"taxonomy":"category","embeddable":true,"href":"https:\/\/elregionalvm.com.ar\/noticias-villa-maria\/wp-json\/wp\/v2\/categories?post=52172"},{"taxonomy":"post_tag","embeddable":true,"href":"https:\/\/elregionalvm.com.ar\/noticias-villa-maria\/wp-json\/wp\/v2\/tags?post=52172"}],"curies":[{"name":"wp","href":"https:\/\/api.w.org\/{rel}","templated":true}]}}