{"id":52178,"date":"2022-02-05T22:11:05","date_gmt":"2022-02-05T22:11:05","guid":{"rendered":"https:\/\/elregionalvm.com.ar\/noticias-villa-maria\/?p=52178"},"modified":"2022-02-05T22:13:06","modified_gmt":"2022-02-05T22:13:06","slug":"el-peor-final-rayan-no-pudo-ser-rescatado-con-vida","status":"publish","type":"post","link":"https:\/\/elregionalvm.com.ar\/noticias-villa-maria\/el-peor-final-rayan-no-pudo-ser-rescatado-con-vida\/","title":{"rendered":"El peor final: el peque\u00f1o Rayan no pudo ser rescatado con vida"},"content":{"rendered":"\n<p><\/p>\n\n\n\n<p>Rayan, el ni\u00f1o de cinco a\u00f1os que hace cuatro d\u00edas cay\u00f3 en un pozo de 32 metros en el norte de Marruecos, no pudo ser rescatado con vida este s\u00e1bado, informaron el Gabinete real de Marruecos y la embajada de ese pa\u00eds en Argentina.<\/p>\n\n\n\n<p>\u00abTras el tr\u00e1gico accidente que cost\u00f3 la vida al ni\u00f1o Rayan Oram, Su Majestad el rey Mohamed VI llam\u00f3 a los padres del difunto, fallecido tras caer a un pozo\u00bb, precis\u00f3 el comunicado en \u00e1rabe, se\u00f1al\u00f3 la agencia AFP.<\/p>\n\n\n\n<p>En declaraciones a TN, Imane Dryef, vicejefa de la misi\u00f3n de la Embajada del Reino de Marruecos, tambi\u00e9n confirm\u00f3 que Rayan no hab\u00eda podido ser rescatado con vida.<\/p>\n\n\n\n<p>\u00abEs as\u00ed, estamos muy tristes\u00bb, dijo la funcionaria quien apenas unos minutos antes hab\u00eda contado la emoci\u00f3n que se vivi\u00f3 en la embajada cuando las im\u00e1genes de la televisi\u00f3n mostraron que Rayan era sacado del pozo y trasladado en ambulancia.<\/p>\n\n\n\n<p><\/p>\n\n\n\n<figure class=\"wp-block-image size-large\"><img data-recalc-dims=\"1\" fetchpriority=\"high\" decoding=\"async\" width=\"1024\" height=\"576\" src=\"https:\/\/i0.wp.com\/elregionalvm.com.ar\/noticias-villa-maria\/wp-content\/uploads\/2022\/02\/rescate-del-nene-rayan-marruecos-desenfocada.jpg?resize=1024%2C576&#038;ssl=1\" alt=\"\" class=\"wp-image-52180\" srcset=\"https:\/\/i0.wp.com\/elregionalvm.com.ar\/noticias-villa-maria\/wp-content\/uploads\/2022\/02\/rescate-del-nene-rayan-marruecos-desenfocada.jpg?resize=1024%2C576&amp;ssl=1 1024w, https:\/\/i0.wp.com\/elregionalvm.com.ar\/noticias-villa-maria\/wp-content\/uploads\/2022\/02\/rescate-del-nene-rayan-marruecos-desenfocada.jpg?resize=300%2C169&amp;ssl=1 300w, https:\/\/i0.wp.com\/elregionalvm.com.ar\/noticias-villa-maria\/wp-content\/uploads\/2022\/02\/rescate-del-nene-rayan-marruecos-desenfocada.jpg?resize=768%2C432&amp;ssl=1 768w, https:\/\/i0.wp.com\/elregionalvm.com.ar\/noticias-villa-maria\/wp-content\/uploads\/2022\/02\/rescate-del-nene-rayan-marruecos-desenfocada.jpg?w=1200&amp;ssl=1 1200w\" sizes=\"(max-width: 1000px) 100vw, 1000px\" \/><figcaption><em>Rayan recib\u00eda agua a trav\u00e9s de unas sondas. No pudo sobrevivir tras el rescate. <\/em><\/figcaption><\/figure>\n\n\n\n<p><\/p>\n\n\n\n<p><strong>El rescate<\/strong><\/p>\n\n\n\n<p>Seg\u00fan las autoridades locales, citadas por AFP, los rescatistas, entre ellos ingenieros y top\u00f3grafos, tuvieron que cavar un t\u00fanel horizontal de tres metros para poder llegar hasta el ni\u00f1o.<\/p>\n\n\n\n<p>Sin embargo, la \u00faltima etapa del rescate tuvo que realizarse manualmente y \u00abcon gran prudencia, para evitar vibraciones que puedan provocar un desmoronamiento\u00bb, explicaron las autoridades de la localidad de Ighran, en la provincia marroqu\u00ed de Chefchauen.<\/p>\n\n\n\n<p>El rescate, que fue transmitido en vivo y en directo durante horas por las principales cadenas de televisi\u00f3n, culmin\u00f3 cerca de las 10 de la noche y mientras miles de personas rodeaban el pozo.<\/p>\n\n\n\n<p><\/p>\n\n\n\n<p><strong><em>Fuente: Telam <\/em><\/strong><\/p>\n","protected":false},"excerpt":{"rendered":"<p>Rayan, el ni\u00f1o de cinco a\u00f1os que hace cuatro d\u00edas cay\u00f3 en un pozo de 32 metros en el norte de Marruecos, no pudo ser rescatado con vida este s\u00e1bado, informaron el Gabinete real de Marruecos y la embajada de ese pa\u00eds en Argentina. \u00abTras el tr\u00e1gico accidente que cost\u00f3 la vida al ni\u00f1o Rayan [&hellip;]<\/p>\n","protected":false},"author":4,"featured_media":52181,"comment_status":"open","ping_status":"open","sticky":false,"template":"","format":"standard","meta":{"site-sidebar-layout":"default","site-content-layout":"default","ast-site-content-layout":"default","site-content-style":"default","site-sidebar-style":"default","ast-global-header-display":"","ast-banner-title-visibility":"","ast-main-header-display":"","ast-hfb-above-header-display":"","ast-hfb-below-header-display":"","ast-hfb-mobile-header-display":"","site-post-title":"","ast-breadcrumbs-content":"","ast-featured-img":"","footer-sml-layout":"","ast-disable-related-posts":"","theme-transparent-header-meta":"default","adv-header-id-meta":"","stick-header-meta":"","header-above-stick-meta":"","header-main-stick-meta":"","header-below-stick-meta":"","astra-migrate-meta-layouts":"default","ast-page-background-enabled":"default","ast-page-background-meta":{"desktop":{"background-color":"","background-image":"","background-repeat":"repeat","background-position":"center center","background-size":"auto","background-attachment":"scroll","background-type":"","background-media":"","overlay-type":"","overlay-color":"","overlay-opacity":"","overlay-gradient":""},"tablet":{"background-color":"","background-image":"","background-repeat":"repeat","background-position":"center center","background-size":"auto","background-attachment":"scroll","background-type":"","background-media":"","overlay-type":"","overlay-color":"","overlay-opacity":"","overlay-gradient":""},"mobile":{"background-color":"","background-image":"","background-repeat":"repeat","background-position":"center center","background-size":"auto","background-attachment":"scroll","background-type":"","background-media":"","overlay-type":"","overlay-color":"","overlay-opacity":"","overlay-gradient":""}},"ast-content-background-meta":{"desktop":{"background-color":"var(--ast-global-color-5)","background-image":"","background-repeat":"repeat","background-position":"center center","background-size":"auto","background-attachment":"scroll","background-type":"","background-media":"","overlay-type":"","overlay-color":"","overlay-opacity":"","overlay-gradient":""},"tablet":{"background-color":"var(--ast-global-color-5)","background-image":"","background-repeat":"repeat","background-position":"center center","background-size":"auto","background-attachment":"scroll","background-type":"","background-media":"","overlay-type":"","overlay-color":"","overlay-opacity":"","overlay-gradient":""},"mobile":{"background-color":"var(--ast-global-color-5)","background-image":"","background-repeat":"repeat","background-position":"center center","background-size":"auto","background-attachment":"scroll","background-type":"","background-media":"","overlay-type":"","overlay-color":"","overlay-opacity":"","overlay-gradient":""}},"_jetpack_memberships_contains_paid_content":false,"_joinchat":[],"footnotes":""},"categories":[5],"tags":[1232,261,9143,13532,5488],"class_list":["post-52178","post","type-post","status-publish","format-standard","has-post-thumbnail","hentry","category-sociedad","tag-destacado","tag-fallecimiento","tag-marruecos","tag-rayan","tag-rescate"],"yoast_head":"<!-- This site is optimized with the Yoast SEO plugin v26.8 - https:\/\/yoast.com\/product\/yoast-seo-wordpress\/ -->\n<title>El peor final: el peque\u00f1o Rayan no pudo ser rescatado con vida - El Regional<\/title>\n<meta name=\"description\" content=\"Rayan, el ni\u00f1o de cinco a\u00f1os que hace cuatro d\u00edas cay\u00f3 en un pozo de 32 metros en el norte de Marruecos, no pudo ser rescatado con vida.\" \/>\n<meta name=\"robots\" content=\"index, follow, max-snippet:-1, max-image-preview:large, max-video-preview:-1\" \/>\n<link rel=\"canonical\" href=\"http:\/\/elregionalvm.com.ar\/noticias-villa-maria\/el-peor-final-rayan-no-pudo-ser-rescatado-con-vida\/\" \/>\n<meta property=\"og:locale\" content=\"es_ES\" \/>\n<meta property=\"og:type\" content=\"article\" \/>\n<meta property=\"og:title\" content=\"El peor final: el peque\u00f1o Rayan no pudo ser rescatado con vida - El Regional\" \/>\n<meta property=\"og:description\" content=\"Rayan, el ni\u00f1o de cinco a\u00f1os que hace cuatro d\u00edas cay\u00f3 en un pozo de 32 metros en el norte de Marruecos, no pudo ser rescatado con vida.\" \/>\n<meta property=\"og:url\" content=\"http:\/\/elregionalvm.com.ar\/noticias-villa-maria\/el-peor-final-rayan-no-pudo-ser-rescatado-con-vida\/\" \/>\n<meta property=\"og:site_name\" content=\"El Regional\" \/>\n<meta property=\"article:publisher\" content=\"https:\/\/www.facebook.com\/elregionalvm\" \/>\n<meta property=\"article:published_time\" content=\"2022-02-05T22:11:05+00:00\" \/>\n<meta property=\"article:modified_time\" content=\"2022-02-05T22:13:06+00:00\" \/>\n<meta property=\"og:image\" content=\"http:\/\/elregionalvm.com.ar\/noticias-villa-maria\/wp-content\/uploads\/2022\/02\/Rayan-nino-rescate-Marruecos.jpg\" \/>\n\t<meta property=\"og:image:width\" content=\"1194\" \/>\n\t<meta property=\"og:image:height\" content=\"672\" \/>\n\t<meta property=\"og:image:type\" content=\"image\/jpeg\" \/>\n<meta name=\"author\" content=\"Contenidos El Regional\" \/>\n<meta name=\"twitter:card\" content=\"summary_large_image\" \/>\n<meta name=\"twitter:creator\" content=\"@elregionalvm1\" \/>\n<meta name=\"twitter:site\" content=\"@elregionalvm1\" \/>\n<meta name=\"twitter:label1\" content=\"Escrito por\" \/>\n\t<meta name=\"twitter:data1\" content=\"Contenidos El Regional\" \/>\n\t<meta name=\"twitter:label2\" content=\"Tiempo de lectura\" \/>\n\t<meta name=\"twitter:data2\" content=\"2 minutos\" \/>\n<script type=\"application\/ld+json\" class=\"yoast-schema-graph\">{\"@context\":\"https:\/\/schema.org\",\"@graph\":[{\"@type\":\"Article\",\"@id\":\"http:\/\/elregionalvm.com.ar\/noticias-villa-maria\/el-peor-final-rayan-no-pudo-ser-rescatado-con-vida\/#article\",\"isPartOf\":{\"@id\":\"http:\/\/elregionalvm.com.ar\/noticias-villa-maria\/el-peor-final-rayan-no-pudo-ser-rescatado-con-vida\/\"},\"author\":{\"name\":\"Contenidos El Regional\",\"@id\":\"http:\/\/elregionalvm.com.ar\/noticias-villa-maria\/#\/schema\/person\/a0fb9c422317faca23d50163151bc354\"},\"headline\":\"El peor final: el peque\u00f1o Rayan no pudo ser rescatado con vida\",\"datePublished\":\"2022-02-05T22:11:05+00:00\",\"dateModified\":\"2022-02-05T22:13:06+00:00\",\"mainEntityOfPage\":{\"@id\":\"http:\/\/elregionalvm.com.ar\/noticias-villa-maria\/el-peor-final-rayan-no-pudo-ser-rescatado-con-vida\/\"},\"wordCount\":302,\"commentCount\":0,\"image\":{\"@id\":\"http:\/\/elregionalvm.com.ar\/noticias-villa-maria\/el-peor-final-rayan-no-pudo-ser-rescatado-con-vida\/#primaryimage\"},\"thumbnailUrl\":\"https:\/\/i0.wp.com\/elregionalvm.com.ar\/noticias-villa-maria\/wp-content\/uploads\/2022\/02\/Rayan-nino-rescate-Marruecos.jpg?fit=1194%2C672&ssl=1\",\"keywords\":[\"destacado\",\"fallecimiento\",\"Marruecos\",\"Rayan\",\"Rescate\"],\"articleSection\":[\"Sociedad\"],\"inLanguage\":\"es\",\"potentialAction\":[{\"@type\":\"CommentAction\",\"name\":\"Comment\",\"target\":[\"http:\/\/elregionalvm.com.ar\/noticias-villa-maria\/el-peor-final-rayan-no-pudo-ser-rescatado-con-vida\/#respond\"]}]},{\"@type\":\"WebPage\",\"@id\":\"http:\/\/elregionalvm.com.ar\/noticias-villa-maria\/el-peor-final-rayan-no-pudo-ser-rescatado-con-vida\/\",\"url\":\"http:\/\/elregionalvm.com.ar\/noticias-villa-maria\/el-peor-final-rayan-no-pudo-ser-rescatado-con-vida\/\",\"name\":\"El peor final: el peque\u00f1o Rayan no pudo ser rescatado con vida - El Regional\",\"isPartOf\":{\"@id\":\"http:\/\/elregionalvm.com.ar\/noticias-villa-maria\/#website\"},\"primaryImageOfPage\":{\"@id\":\"http:\/\/elregionalvm.com.ar\/noticias-villa-maria\/el-peor-final-rayan-no-pudo-ser-rescatado-con-vida\/#primaryimage\"},\"image\":{\"@id\":\"http:\/\/elregionalvm.com.ar\/noticias-villa-maria\/el-peor-final-rayan-no-pudo-ser-rescatado-con-vida\/#primaryimage\"},\"thumbnailUrl\":\"https:\/\/i0.wp.com\/elregionalvm.com.ar\/noticias-villa-maria\/wp-content\/uploads\/2022\/02\/Rayan-nino-rescate-Marruecos.jpg?fit=1194%2C672&ssl=1\",\"datePublished\":\"2022-02-05T22:11:05+00:00\",\"dateModified\":\"2022-02-05T22:13:06+00:00\",\"author\":{\"@id\":\"http:\/\/elregionalvm.com.ar\/noticias-villa-maria\/#\/schema\/person\/a0fb9c422317faca23d50163151bc354\"},\"description\":\"Rayan, el ni\u00f1o de cinco a\u00f1os que hace cuatro d\u00edas cay\u00f3 en un pozo de 32 metros en el norte de Marruecos, no pudo ser rescatado con vida.\",\"breadcrumb\":{\"@id\":\"http:\/\/elregionalvm.com.ar\/noticias-villa-maria\/el-peor-final-rayan-no-pudo-ser-rescatado-con-vida\/#breadcrumb\"},\"inLanguage\":\"es\",\"potentialAction\":[{\"@type\":\"ReadAction\",\"target\":[\"http:\/\/elregionalvm.com.ar\/noticias-villa-maria\/el-peor-final-rayan-no-pudo-ser-rescatado-con-vida\/\"]}]},{\"@type\":\"ImageObject\",\"inLanguage\":\"es\",\"@id\":\"http:\/\/elregionalvm.com.ar\/noticias-villa-maria\/el-peor-final-rayan-no-pudo-ser-rescatado-con-vida\/#primaryimage\",\"url\":\"https:\/\/i0.wp.com\/elregionalvm.com.ar\/noticias-villa-maria\/wp-content\/uploads\/2022\/02\/Rayan-nino-rescate-Marruecos.jpg?fit=1194%2C672&ssl=1\",\"contentUrl\":\"https:\/\/i0.wp.com\/elregionalvm.com.ar\/noticias-villa-maria\/wp-content\/uploads\/2022\/02\/Rayan-nino-rescate-Marruecos.jpg?fit=1194%2C672&ssl=1\",\"width\":1194,\"height\":672},{\"@type\":\"BreadcrumbList\",\"@id\":\"http:\/\/elregionalvm.com.ar\/noticias-villa-maria\/el-peor-final-rayan-no-pudo-ser-rescatado-con-vida\/#breadcrumb\",\"itemListElement\":[{\"@type\":\"ListItem\",\"position\":1,\"name\":\"Portada\",\"item\":\"https:\/\/elregionalvm.com.ar\/noticias-villa-maria\/\"},{\"@type\":\"ListItem\",\"position\":2,\"name\":\"El peor final: el peque\u00f1o Rayan no pudo ser rescatado con vida\"}]},{\"@type\":\"WebSite\",\"@id\":\"http:\/\/elregionalvm.com.ar\/noticias-villa-maria\/#website\",\"url\":\"http:\/\/elregionalvm.com.ar\/noticias-villa-maria\/\",\"name\":\"El Regional\",\"description\":\"Mucho m\u00e1s que informaci\u00f3n\",\"potentialAction\":[{\"@type\":\"SearchAction\",\"target\":{\"@type\":\"EntryPoint\",\"urlTemplate\":\"http:\/\/elregionalvm.com.ar\/noticias-villa-maria\/?s={search_term_string}\"},\"query-input\":{\"@type\":\"PropertyValueSpecification\",\"valueRequired\":true,\"valueName\":\"search_term_string\"}}],\"inLanguage\":\"es\"},{\"@type\":\"Person\",\"@id\":\"http:\/\/elregionalvm.com.ar\/noticias-villa-maria\/#\/schema\/person\/a0fb9c422317faca23d50163151bc354\",\"name\":\"Contenidos El Regional\",\"image\":{\"@type\":\"ImageObject\",\"inLanguage\":\"es\",\"@id\":\"http:\/\/elregionalvm.com.ar\/noticias-villa-maria\/#\/schema\/person\/image\/\",\"url\":\"https:\/\/secure.gravatar.com\/avatar\/265b27cb2209af7bb3a1318f03305787d7981a5cc6e6cd08fe5a4ecdf99d4b48?s=96&d=mm&r=g\",\"contentUrl\":\"https:\/\/secure.gravatar.com\/avatar\/265b27cb2209af7bb3a1318f03305787d7981a5cc6e6cd08fe5a4ecdf99d4b48?s=96&d=mm&r=g\",\"caption\":\"Contenidos El Regional\"},\"url\":\"https:\/\/elregionalvm.com.ar\/noticias-villa-maria\/author\/contenido\/\"}]}<\/script>\n<!-- \/ Yoast SEO plugin. -->","yoast_head_json":{"title":"El peor final: el peque\u00f1o Rayan no pudo ser rescatado con vida - El Regional","description":"Rayan, el ni\u00f1o de cinco a\u00f1os que hace cuatro d\u00edas cay\u00f3 en un pozo de 32 metros en el norte de Marruecos, no pudo ser rescatado con vida.","robots":{"index":"index","follow":"follow","max-snippet":"max-snippet:-1","max-image-preview":"max-image-preview:large","max-video-preview":"max-video-preview:-1"},"canonical":"http:\/\/elregionalvm.com.ar\/noticias-villa-maria\/el-peor-final-rayan-no-pudo-ser-rescatado-con-vida\/","og_locale":"es_ES","og_type":"article","og_title":"El peor final: el peque\u00f1o Rayan no pudo ser rescatado con vida - El Regional","og_description":"Rayan, el ni\u00f1o de cinco a\u00f1os que hace cuatro d\u00edas cay\u00f3 en un pozo de 32 metros en el norte de Marruecos, no pudo ser rescatado con vida.","og_url":"http:\/\/elregionalvm.com.ar\/noticias-villa-maria\/el-peor-final-rayan-no-pudo-ser-rescatado-con-vida\/","og_site_name":"El Regional","article_publisher":"https:\/\/www.facebook.com\/elregionalvm","article_published_time":"2022-02-05T22:11:05+00:00","article_modified_time":"2022-02-05T22:13:06+00:00","og_image":[{"width":1194,"height":672,"url":"http:\/\/elregionalvm.com.ar\/noticias-villa-maria\/wp-content\/uploads\/2022\/02\/Rayan-nino-rescate-Marruecos.jpg","type":"image\/jpeg"}],"author":"Contenidos El Regional","twitter_card":"summary_large_image","twitter_creator":"@elregionalvm1","twitter_site":"@elregionalvm1","twitter_misc":{"Escrito por":"Contenidos El Regional","Tiempo de lectura":"2 minutos"},"schema":{"@context":"https:\/\/schema.org","@graph":[{"@type":"Article","@id":"http:\/\/elregionalvm.com.ar\/noticias-villa-maria\/el-peor-final-rayan-no-pudo-ser-rescatado-con-vida\/#article","isPartOf":{"@id":"http:\/\/elregionalvm.com.ar\/noticias-villa-maria\/el-peor-final-rayan-no-pudo-ser-rescatado-con-vida\/"},"author":{"name":"Contenidos El Regional","@id":"http:\/\/elregionalvm.com.ar\/noticias-villa-maria\/#\/schema\/person\/a0fb9c422317faca23d50163151bc354"},"headline":"El peor final: el peque\u00f1o Rayan no pudo ser rescatado con vida","datePublished":"2022-02-05T22:11:05+00:00","dateModified":"2022-02-05T22:13:06+00:00","mainEntityOfPage":{"@id":"http:\/\/elregionalvm.com.ar\/noticias-villa-maria\/el-peor-final-rayan-no-pudo-ser-rescatado-con-vida\/"},"wordCount":302,"commentCount":0,"image":{"@id":"http:\/\/elregionalvm.com.ar\/noticias-villa-maria\/el-peor-final-rayan-no-pudo-ser-rescatado-con-vida\/#primaryimage"},"thumbnailUrl":"https:\/\/i0.wp.com\/elregionalvm.com.ar\/noticias-villa-maria\/wp-content\/uploads\/2022\/02\/Rayan-nino-rescate-Marruecos.jpg?fit=1194%2C672&ssl=1","keywords":["destacado","fallecimiento","Marruecos","Rayan","Rescate"],"articleSection":["Sociedad"],"inLanguage":"es","potentialAction":[{"@type":"CommentAction","name":"Comment","target":["http:\/\/elregionalvm.com.ar\/noticias-villa-maria\/el-peor-final-rayan-no-pudo-ser-rescatado-con-vida\/#respond"]}]},{"@type":"WebPage","@id":"http:\/\/elregionalvm.com.ar\/noticias-villa-maria\/el-peor-final-rayan-no-pudo-ser-rescatado-con-vida\/","url":"http:\/\/elregionalvm.com.ar\/noticias-villa-maria\/el-peor-final-rayan-no-pudo-ser-rescatado-con-vida\/","name":"El peor final: el peque\u00f1o Rayan no pudo ser rescatado con vida - El Regional","isPartOf":{"@id":"http:\/\/elregionalvm.com.ar\/noticias-villa-maria\/#website"},"primaryImageOfPage":{"@id":"http:\/\/elregionalvm.com.ar\/noticias-villa-maria\/el-peor-final-rayan-no-pudo-ser-rescatado-con-vida\/#primaryimage"},"image":{"@id":"http:\/\/elregionalvm.com.ar\/noticias-villa-maria\/el-peor-final-rayan-no-pudo-ser-rescatado-con-vida\/#primaryimage"},"thumbnailUrl":"https:\/\/i0.wp.com\/elregionalvm.com.ar\/noticias-villa-maria\/wp-content\/uploads\/2022\/02\/Rayan-nino-rescate-Marruecos.jpg?fit=1194%2C672&ssl=1","datePublished":"2022-02-05T22:11:05+00:00","dateModified":"2022-02-05T22:13:06+00:00","author":{"@id":"http:\/\/elregionalvm.com.ar\/noticias-villa-maria\/#\/schema\/person\/a0fb9c422317faca23d50163151bc354"},"description":"Rayan, el ni\u00f1o de cinco a\u00f1os que hace cuatro d\u00edas cay\u00f3 en un pozo de 32 metros en el norte de Marruecos, no pudo ser rescatado con vida.","breadcrumb":{"@id":"http:\/\/elregionalvm.com.ar\/noticias-villa-maria\/el-peor-final-rayan-no-pudo-ser-rescatado-con-vida\/#breadcrumb"},"inLanguage":"es","potentialAction":[{"@type":"ReadAction","target":["http:\/\/elregionalvm.com.ar\/noticias-villa-maria\/el-peor-final-rayan-no-pudo-ser-rescatado-con-vida\/"]}]},{"@type":"ImageObject","inLanguage":"es","@id":"http:\/\/elregionalvm.com.ar\/noticias-villa-maria\/el-peor-final-rayan-no-pudo-ser-rescatado-con-vida\/#primaryimage","url":"https:\/\/i0.wp.com\/elregionalvm.com.ar\/noticias-villa-maria\/wp-content\/uploads\/2022\/02\/Rayan-nino-rescate-Marruecos.jpg?fit=1194%2C672&ssl=1","contentUrl":"https:\/\/i0.wp.com\/elregionalvm.com.ar\/noticias-villa-maria\/wp-content\/uploads\/2022\/02\/Rayan-nino-rescate-Marruecos.jpg?fit=1194%2C672&ssl=1","width":1194,"height":672},{"@type":"BreadcrumbList","@id":"http:\/\/elregionalvm.com.ar\/noticias-villa-maria\/el-peor-final-rayan-no-pudo-ser-rescatado-con-vida\/#breadcrumb","itemListElement":[{"@type":"ListItem","position":1,"name":"Portada","item":"https:\/\/elregionalvm.com.ar\/noticias-villa-maria\/"},{"@type":"ListItem","position":2,"name":"El peor final: el peque\u00f1o Rayan no pudo ser rescatado con vida"}]},{"@type":"WebSite","@id":"http:\/\/elregionalvm.com.ar\/noticias-villa-maria\/#website","url":"http:\/\/elregionalvm.com.ar\/noticias-villa-maria\/","name":"El Regional","description":"Mucho m\u00e1s que informaci\u00f3n","potentialAction":[{"@type":"SearchAction","target":{"@type":"EntryPoint","urlTemplate":"http:\/\/elregionalvm.com.ar\/noticias-villa-maria\/?s={search_term_string}"},"query-input":{"@type":"PropertyValueSpecification","valueRequired":true,"valueName":"search_term_string"}}],"inLanguage":"es"},{"@type":"Person","@id":"http:\/\/elregionalvm.com.ar\/noticias-villa-maria\/#\/schema\/person\/a0fb9c422317faca23d50163151bc354","name":"Contenidos El Regional","image":{"@type":"ImageObject","inLanguage":"es","@id":"http:\/\/elregionalvm.com.ar\/noticias-villa-maria\/#\/schema\/person\/image\/","url":"https:\/\/secure.gravatar.com\/avatar\/265b27cb2209af7bb3a1318f03305787d7981a5cc6e6cd08fe5a4ecdf99d4b48?s=96&d=mm&r=g","contentUrl":"https:\/\/secure.gravatar.com\/avatar\/265b27cb2209af7bb3a1318f03305787d7981a5cc6e6cd08fe5a4ecdf99d4b48?s=96&d=mm&r=g","caption":"Contenidos El Regional"},"url":"https:\/\/elregionalvm.com.ar\/noticias-villa-maria\/author\/contenido\/"}]}},"jetpack_featured_media_url":"https:\/\/i0.wp.com\/elregionalvm.com.ar\/noticias-villa-maria\/wp-content\/uploads\/2022\/02\/Rayan-nino-rescate-Marruecos.jpg?fit=1194%2C672&ssl=1","jetpack_sharing_enabled":true,"_links":{"self":[{"href":"https:\/\/elregionalvm.com.ar\/noticias-villa-maria\/wp-json\/wp\/v2\/posts\/52178","targetHints":{"allow":["GET"]}}],"collection":[{"href":"https:\/\/elregionalvm.com.ar\/noticias-villa-maria\/wp-json\/wp\/v2\/posts"}],"about":[{"href":"https:\/\/elregionalvm.com.ar\/noticias-villa-maria\/wp-json\/wp\/v2\/types\/post"}],"author":[{"embeddable":true,"href":"https:\/\/elregionalvm.com.ar\/noticias-villa-maria\/wp-json\/wp\/v2\/users\/4"}],"replies":[{"embeddable":true,"href":"https:\/\/elregionalvm.com.ar\/noticias-villa-maria\/wp-json\/wp\/v2\/comments?post=52178"}],"version-history":[{"count":3,"href":"https:\/\/elregionalvm.com.ar\/noticias-villa-maria\/wp-json\/wp\/v2\/posts\/52178\/revisions"}],"predecessor-version":[{"id":52183,"href":"https:\/\/elregionalvm.com.ar\/noticias-villa-maria\/wp-json\/wp\/v2\/posts\/52178\/revisions\/52183"}],"wp:featuredmedia":[{"embeddable":true,"href":"https:\/\/elregionalvm.com.ar\/noticias-villa-maria\/wp-json\/wp\/v2\/media\/52181"}],"wp:attachment":[{"href":"https:\/\/elregionalvm.com.ar\/noticias-villa-maria\/wp-json\/wp\/v2\/media?parent=52178"}],"wp:term":[{"taxonomy":"category","embeddable":true,"href":"https:\/\/elregionalvm.com.ar\/noticias-villa-maria\/wp-json\/wp\/v2\/categories?post=52178"},{"taxonomy":"post_tag","embeddable":true,"href":"https:\/\/elregionalvm.com.ar\/noticias-villa-maria\/wp-json\/wp\/v2\/tags?post=52178"}],"curies":[{"name":"wp","href":"https:\/\/api.w.org\/{rel}","templated":true}]}}